{"id":18959,"date":"2021-09-24T21:16:57","date_gmt":"2021-09-24T19:16:57","guid":{"rendered":"https:\/\/schoenstatt.com\/?p=18959"},"modified":"2025-08-19T17:35:28","modified_gmt":"2025-08-19T15:35:28","slug":"encerra-se-a-conferencia-de-varsovia-humildes-instrumentos-a-servico-das-vitimas-de-abuso","status":"publish","type":"post","link":"https:\/\/schoenstatt.com\/pt-pt\/encerra-se-a-conferencia-de-varsovia-humildes-instrumentos-a-servico-das-vitimas-de-abuso\/","title":{"rendered":"Encerra-se a Confer\u00eancia de Vars\u00f3via: \u201chumildes instrumentos a servi\u00e7o das v\u00edtimas de abuso&#8221;"},"content":{"rendered":"<p>Coopera\u00e7\u00e3o entre as Igrejas, para as Igrejas e das Igrejas da Europa Central e Oriental com a sociedade e as autoridades estatais, mas sobretudo o acompanhamento de pessoas feridas e das comunidades onde ocorreram casos de abuso. As premissas e promessas conclu\u00edram nesta quarta-feira (22\/09) a grande Confer\u00eancia Internacional sobre a Prote\u00e7\u00e3o de Crian\u00e7as e Adultos Vulner\u00e1veis, que teve in\u00edcio em Vars\u00f3via no domingo passado, 19 de setembro. Uma mesa redonda focalizada em propostas para o futuro marcou o ato final do evento organizada pela Pontif\u00edcia Comiss\u00e3o para a Prote\u00e7\u00e3o de Menores e pela Confer\u00eancia Episcopal Polonesa.<\/p>\n<h3>A destrui\u00e7\u00e3o de pessoas inocentes<\/h3>\n<p>Tr\u00eas dias, marcados por reflex\u00f5es, confer\u00eancias, debates e o testemunho dram\u00e1tico de algumas v\u00edtimas, selados pela missa celebrada pelo arcebispo Wojciech Polak, primaz da Pol\u00f4nia. O arcebispo, come\u00e7ando sua reflex\u00e3o a partir do Evangelho, reiterou a ang\u00fastia de toda a Igreja pelas consequ\u00eancias &#8220;dolorosas e ofensivas&#8221; das feridas infligidas aos &#8220;inocentes&#8221;. &#8220;Quanta destrui\u00e7\u00e3o, devasta\u00e7\u00e3o e perda de confian\u00e7a&#8230;&#8221;, disse ele em sua homilia, &#8220;qu\u00e3o profundamente arru\u00ednam o homem, despojando-o de sua dignidade&#8221;. Quantas marcas deixam n\u00e3o s\u00f3 na psique, mas tamb\u00e9m na alma&#8221;. &#8220;Somente enfrentando a verdade destes comportamentos cru\u00e9is a Igreja poder\u00e1 encontrar seu caminho para ser novamente considerada um lugar de acolhida e seguran\u00e7a para os necessitados&#8221;, acrescentou Polak, citando o Papa Francisco. &#8220;O Senhor est\u00e1 conosco e quer nos fazer instrumentos humildes a servi\u00e7o das v\u00edtimas de abusos, para v\u00ea-las como companheiras e protagonistas de um futuro comum, aprendendo uns dos outros&#8221;.<\/p>\n<h3><img fetchpriority=\"high\" decoding=\"async\" class=\"aligncenter wp-image-18944 size-full\" src=\"https:\/\/schoenstatt.com\/wp-content\/uploads\/2021\/10\/cq5dam.thumbnail.cropped.750.422-2.jpeg\" alt=\"\" width=\"750\" height=\"422\" \/><\/h3>\n<h3>Vencer o medo<\/h3>\n<p>Polak havia reiterado os mesmos conceitos algumas horas antes durante a mesa redonda durante a qual ele estigmatizou aqueles &#8220;crimes e trai\u00e7\u00f5es que roubaram a f\u00e9 de muitas pessoas que dever\u00edamos ter defendido&#8221;. &#8220;Desta forma, nos tornamos pouco confi\u00e1veis&#8221;, disse o primaz polon\u00eas, exortando \u00e0 continua\u00e7\u00e3o da luta contra os abusos, mas sobretudo para superar o medo que ainda permanece em muitas dioceses: &#8220;O medo da nossa imagem, de perder nossa reputa\u00e7\u00e3o, de procedimentos legais&#8221;. &#8220;Ainda encontramos algumas resist\u00eancias em nossas comunidades, algumas incompreens\u00f5es&#8221;, admitiu o arcebispo, &#8220;esta miss\u00e3o vai al\u00e9m da for\u00e7a de cada um de n\u00f3s&#8221;, portanto &#8220;precisamos da colabora\u00e7\u00e3o de todos aqueles que comp\u00f5em a comunidade eclesial, n\u00e3o podemos ser lobos solit\u00e1rios&#8221;.<\/p>\n<h3>A cultura do sil\u00eancio<\/h3>\n<p>&#8220;Sem coopera\u00e7\u00e3o ser\u00e1 imposs\u00edvel superar a cultura do sil\u00eancio&#8221;, insistiu Polak, &#8220;como europeus centrais e orientais temos uma experi\u00eancia comum de ditadura, que foi superada atrav\u00e9s da solidariedade&#8221;. O objetivo \u00e9 &#8220;transpar\u00eancia cada vez maior&#8221; e &#8220;coopera\u00e7\u00e3o entre as Igrejas locais em nossa parte da Europa&#8221;: &#8220;em cada lugar a situa\u00e7\u00e3o \u00e9 diferente, mas as diferen\u00e7as n\u00e3o devem nos separar uns dos outros nem nos envergonhar&#8221;.<\/p>\n<h3><img decoding=\"async\" class=\"wp-image-18948 size-full aligncenter\" src=\"https:\/\/schoenstatt.com\/wp-content\/uploads\/2021\/10\/cq5dam.thumbnail.cropped.750.422-1.jpeg\" alt=\"\" width=\"750\" height=\"422\" \/><\/h3>\n<h3>Leigos em campo<\/h3>\n<p>O padre Hans Zollner, presidente do Instituto de Antropologia da Gregoriana, tamb\u00e9m se debru\u00e7ou em seu discurso sobre os diferentes contextos que &#8220;variam de pa\u00eds a pa\u00eds&#8221;, insistindo em particular sobre um conceito que surgiu v\u00e1rias vezes: o de uma &#8220;mentalidade&#8221; que tem impedido a luta contra o abuso. &#8220;O problema da mentalidade n\u00e3o pode ser mudado r\u00e1pida e facilmente, \u00e9 preciso do cora\u00e7\u00e3o para se sentir envolvido. A coragem vem do cora\u00e7\u00e3o&#8221;. &#8220;\u00c9 encorajador que haja muitos homens e mulheres leigos que est\u00e3o determinados a se envolver nesta causa&#8221;, disse o jesu\u00edta, observando que, especialmente no campo da preven\u00e7\u00e3o, &#8220;muito j\u00e1 foi feito, mas muito ainda precisa ser feito&#8221;. Em compara\u00e7\u00e3o com o passado, &#8220;agora sabemos a quem recorrer, para onde pedir conselhos, conhecemos nosso vizinho&#8221;; no entanto, devemos &#8220;passar da comunica\u00e7\u00e3o para o engajamento no processo&#8221;.<\/p>\n<h3>Envolver as igrejas antigas<\/h3>\n<p>Por sua vez, o padre Adam \u017bak SJ, coordenador da Confer\u00eancia Episcopal Polonesa para a prote\u00e7\u00e3o de menores e diretor do Centro de Prote\u00e7\u00e3o \u00e0 Crian\u00e7a, disse estar satisfeito com a confer\u00eancia, um &#8220;passo necess\u00e1rio&#8221; especialmente para criar &#8220;redes&#8221;. Entretanto, olhando para o futuro, ele perguntou &#8220;se h\u00e1 um pr\u00f3ximo passo a ser dado, como proceder, se somos capazes de trabalhar juntos de alguma forma&#8221;. Al\u00e9m disso, segundo o jesu\u00edta, \u00e9 necess\u00e1rio envolver as antigas igrejas da Arm\u00eania, Ge\u00f3rgia, Cazaquist\u00e3o e Quirguist\u00e3o no debate e no trabalho de campo.<\/p>\n<h3>Acompanhar as pessoas feridas<\/h3>\n<p>Finalmente, a psicoterapeuta Ewa Kusz explicou que o site da confer\u00eancia permanecer\u00e1 ativo para permitir contatos entre pessoas de diferentes pa\u00edses que s\u00e3o treinadas para acompanhar as v\u00edtimas. Este \u00e9 o caminho a seguir: &#8220;acompanhar as pessoas feridas&#8221;. Depois, entender &#8220;como ajud\u00e1-las, como trabalhar juntos e usar sua experi\u00eancia como sobreviventes&#8221; e a de &#8220;pessoas em recupera\u00e7\u00e3o&#8221;. Tamb\u00e9m precisamos pensar &#8220;quais procedimentos adotar&#8221; e o que fazer \u201cpara garantir que algo assim n\u00e3o volte a ocorrer&#8221;.<\/p>\n<blockquote><p><a href=\"https:\/\/schoenstatt.com\/pt-pt\/sociedade\/juntos-pela-europa-se-propoe-a-ser-testemunho-de-unidade\/\" target=\"_blank\" rel=\"noopener\">Juntos pela Europa se prop\u00f5e a ser testemunho de unidade.<\/a><\/p><\/blockquote>\n","protected":false},"excerpt":{"rendered":"<p>A Igreja polonesa considerou um \u00eaxito a Confer\u00eancia e tem esperan\u00e7a de um futuro melhor<\/p>\n","protected":false},"author":3,"featured_media":18940,"comment_status":"closed","ping_status":"open","sticky":false,"template":"","format":"standard","meta":{"footnotes":""},"categories":[608,869],"tags":[1295],"class_list":["post-18959","post","type-post","status-publish","format-standard","has-post-thumbnail","hentry","category-igreja-pt-pt","category-paises-pt-pt","tag-igreja-pt-pt"],"yoast_head":"<!-- This site is optimized with the Yoast SEO Premium plugin v27.4 (Yoast SEO v27.4) - https:\/\/yoast.com\/product\/yoast-seo-premium-wordpress\/ -->\n<title>Encerra-se a Confer\u00eancia de Vars\u00f3via: \u201chumildes instrumentos a servi\u00e7o das v\u00edtimas de abuso&quot; - Schoenstatt<\/title>\n<meta name=\"description\" content=\"A confer\u00eancia em Vars\u00f3via organizada pela Comiss\u00e3o Tutela minorum e a pela Confer\u00eancia Episcopal Polonesa sobre a prote\u00e7\u00e3o de crian\u00e7as.\" \/>\n<meta name=\"robots\" content=\"index, follow, max-snippet:-1, max-image-preview:large, max-video-preview:-1\" \/>\n<link rel=\"canonical\" href=\"https:\/\/schoenstatt.com\/pt-pt\/encerra-se-a-conferencia-de-varsovia-humildes-instrumentos-a-servico-das-vitimas-de-abuso\/\" \/>\n<meta property=\"og:locale\" content=\"pt_PT\" \/>\n<meta property=\"og:type\" content=\"article\" \/>\n<meta property=\"og:title\" content=\"Encerra-se a Confer\u00eancia de Vars\u00f3via: \u201chumildes instrumentos a servi\u00e7o das v\u00edtimas de abuso&quot;\" \/>\n<meta property=\"og:description\" content=\"A confer\u00eancia em Vars\u00f3via organizada pela Comiss\u00e3o Tutela minorum e a pela Confer\u00eancia Episcopal Polonesa sobre a prote\u00e7\u00e3o de crian\u00e7as.\" \/>\n<meta property=\"og:url\" content=\"https:\/\/schoenstatt.com\/pt-pt\/encerra-se-a-conferencia-de-varsovia-humildes-instrumentos-a-servico-das-vitimas-de-abuso\/\" \/>\n<meta property=\"og:site_name\" content=\"Schoenstatt\" \/>\n<meta property=\"article:published_time\" content=\"2021-09-24T19:16:57+00:00\" \/>\n<meta property=\"article:modified_time\" content=\"2025-08-19T15:35:28+00:00\" \/>\n<meta property=\"og:image\" content=\"https:\/\/schoenstatt.com\/wp-content\/uploads\/2021\/10\/Holy-Mess-with-Polish-Primate-Archbishop-Wojciech-Polak-2-3.jpg\" \/>\n\t<meta property=\"og:image:width\" content=\"750\" \/>\n\t<meta property=\"og:image:height\" content=\"422\" \/>\n\t<meta property=\"og:image:type\" content=\"image\/jpeg\" \/>\n<meta name=\"author\" content=\"Karen Bueno\" \/>\n<meta name=\"twitter:card\" content=\"summary_large_image\" \/>\n<meta name=\"twitter:label1\" content=\"Escrito por\" \/>\n\t<meta name=\"twitter:data1\" content=\"Karen Bueno\" \/>\n\t<meta name=\"twitter:label2\" content=\"Tempo estimado de leitura\" \/>\n\t<meta name=\"twitter:data2\" content=\"5 minutos\" \/>\n<script type=\"application\/ld+json\" class=\"yoast-schema-graph\">{\"@context\":\"https:\\\/\\\/schema.org\",\"@graph\":[{\"@type\":\"Article\",\"@id\":\"https:\\\/\\\/schoenstatt.com\\\/pt-pt\\\/encerra-se-a-conferencia-de-varsovia-humildes-instrumentos-a-servico-das-vitimas-de-abuso\\\/#article\",\"isPartOf\":{\"@id\":\"https:\\\/\\\/schoenstatt.com\\\/pt-pt\\\/encerra-se-a-conferencia-de-varsovia-humildes-instrumentos-a-servico-das-vitimas-de-abuso\\\/\"},\"author\":{\"name\":\"Karen Bueno\",\"@id\":\"https:\\\/\\\/schoenstatt.com\\\/pt-pt\\\/#\\\/schema\\\/person\\\/5158877ad4acae98b34daaeef2a1ce6e\"},\"headline\":\"Encerra-se a Confer\u00eancia de Vars\u00f3via: \u201chumildes instrumentos a servi\u00e7o das v\u00edtimas de abuso&#8221;\",\"datePublished\":\"2021-09-24T19:16:57+00:00\",\"dateModified\":\"2025-08-19T15:35:28+00:00\",\"mainEntityOfPage\":{\"@id\":\"https:\\\/\\\/schoenstatt.com\\\/pt-pt\\\/encerra-se-a-conferencia-de-varsovia-humildes-instrumentos-a-servico-das-vitimas-de-abuso\\\/\"},\"wordCount\":866,\"publisher\":{\"@id\":\"https:\\\/\\\/schoenstatt.com\\\/pt-pt\\\/#organization\"},\"image\":{\"@id\":\"https:\\\/\\\/schoenstatt.com\\\/pt-pt\\\/encerra-se-a-conferencia-de-varsovia-humildes-instrumentos-a-servico-das-vitimas-de-abuso\\\/#primaryimage\"},\"thumbnailUrl\":\"https:\\\/\\\/schoenstatt.com\\\/wp-content\\\/uploads\\\/2021\\\/10\\\/Holy-Mess-with-Polish-Primate-Archbishop-Wojciech-Polak-2-3.jpg\",\"keywords\":[\"Igreja\"],\"articleSection\":[\"Igreja\",\"Pa\u00edses\"],\"inLanguage\":\"pt-PT\"},{\"@type\":\"WebPage\",\"@id\":\"https:\\\/\\\/schoenstatt.com\\\/pt-pt\\\/encerra-se-a-conferencia-de-varsovia-humildes-instrumentos-a-servico-das-vitimas-de-abuso\\\/\",\"url\":\"https:\\\/\\\/schoenstatt.com\\\/pt-pt\\\/encerra-se-a-conferencia-de-varsovia-humildes-instrumentos-a-servico-das-vitimas-de-abuso\\\/\",\"name\":\"Encerra-se a Confer\u00eancia de Vars\u00f3via: \u201chumildes instrumentos a servi\u00e7o das v\u00edtimas de abuso\\\" - Schoenstatt\",\"isPartOf\":{\"@id\":\"https:\\\/\\\/schoenstatt.com\\\/pt-pt\\\/#website\"},\"primaryImageOfPage\":{\"@id\":\"https:\\\/\\\/schoenstatt.com\\\/pt-pt\\\/encerra-se-a-conferencia-de-varsovia-humildes-instrumentos-a-servico-das-vitimas-de-abuso\\\/#primaryimage\"},\"image\":{\"@id\":\"https:\\\/\\\/schoenstatt.com\\\/pt-pt\\\/encerra-se-a-conferencia-de-varsovia-humildes-instrumentos-a-servico-das-vitimas-de-abuso\\\/#primaryimage\"},\"thumbnailUrl\":\"https:\\\/\\\/schoenstatt.com\\\/wp-content\\\/uploads\\\/2021\\\/10\\\/Holy-Mess-with-Polish-Primate-Archbishop-Wojciech-Polak-2-3.jpg\",\"datePublished\":\"2021-09-24T19:16:57+00:00\",\"dateModified\":\"2025-08-19T15:35:28+00:00\",\"description\":\"A confer\u00eancia em Vars\u00f3via organizada pela Comiss\u00e3o Tutela minorum e a pela Confer\u00eancia Episcopal Polonesa sobre a prote\u00e7\u00e3o de crian\u00e7as.\",\"breadcrumb\":{\"@id\":\"https:\\\/\\\/schoenstatt.com\\\/pt-pt\\\/encerra-se-a-conferencia-de-varsovia-humildes-instrumentos-a-servico-das-vitimas-de-abuso\\\/#breadcrumb\"},\"inLanguage\":\"pt-PT\",\"potentialAction\":[{\"@type\":\"ReadAction\",\"target\":[\"https:\\\/\\\/schoenstatt.com\\\/pt-pt\\\/encerra-se-a-conferencia-de-varsovia-humildes-instrumentos-a-servico-das-vitimas-de-abuso\\\/\"]}]},{\"@type\":\"ImageObject\",\"inLanguage\":\"pt-PT\",\"@id\":\"https:\\\/\\\/schoenstatt.com\\\/pt-pt\\\/encerra-se-a-conferencia-de-varsovia-humildes-instrumentos-a-servico-das-vitimas-de-abuso\\\/#primaryimage\",\"url\":\"https:\\\/\\\/schoenstatt.com\\\/wp-content\\\/uploads\\\/2021\\\/10\\\/Holy-Mess-with-Polish-Primate-Archbishop-Wojciech-Polak-2-3.jpg\",\"contentUrl\":\"https:\\\/\\\/schoenstatt.com\\\/wp-content\\\/uploads\\\/2021\\\/10\\\/Holy-Mess-with-Polish-Primate-Archbishop-Wojciech-Polak-2-3.jpg\",\"width\":750,\"height\":422,\"caption\":\"Vars\u00f3via\"},{\"@type\":\"BreadcrumbList\",\"@id\":\"https:\\\/\\\/schoenstatt.com\\\/pt-pt\\\/encerra-se-a-conferencia-de-varsovia-humildes-instrumentos-a-servico-das-vitimas-de-abuso\\\/#breadcrumb\",\"itemListElement\":[{\"@type\":\"ListItem\",\"position\":1,\"name\":\"Portada\",\"item\":\"https:\\\/\\\/schoenstatt.com\\\/pt-pt\\\/home\\\/\"},{\"@type\":\"ListItem\",\"position\":2,\"name\":\"Encerra-se a Confer\u00eancia de Vars\u00f3via: \u201chumildes instrumentos a servi\u00e7o das v\u00edtimas de abuso\u00bb\"}]},{\"@type\":\"WebSite\",\"@id\":\"https:\\\/\\\/schoenstatt.com\\\/pt-pt\\\/#website\",\"url\":\"https:\\\/\\\/schoenstatt.com\\\/pt-pt\\\/\",\"name\":\"Schoenstatt\",\"description\":\"Apostolic Movement\",\"publisher\":{\"@id\":\"https:\\\/\\\/schoenstatt.com\\\/pt-pt\\\/#organization\"},\"potentialAction\":[{\"@type\":\"SearchAction\",\"target\":{\"@type\":\"EntryPoint\",\"urlTemplate\":\"https:\\\/\\\/schoenstatt.com\\\/pt-pt\\\/?s={search_term_string}\"},\"query-input\":{\"@type\":\"PropertyValueSpecification\",\"valueRequired\":true,\"valueName\":\"search_term_string\"}}],\"inLanguage\":\"pt-PT\"},{\"@type\":\"Organization\",\"@id\":\"https:\\\/\\\/schoenstatt.com\\\/pt-pt\\\/#organization\",\"name\":\"Schoenstatt\",\"url\":\"https:\\\/\\\/schoenstatt.com\\\/pt-pt\\\/\",\"logo\":{\"@type\":\"ImageObject\",\"inLanguage\":\"pt-PT\",\"@id\":\"https:\\\/\\\/schoenstatt.com\\\/pt-pt\\\/#\\\/schema\\\/logo\\\/image\\\/\",\"url\":\"https:\\\/\\\/schoenstatt.com\\\/wp-content\\\/uploads\\\/2025\\\/04\\\/logo-schoenstatt-white-696x696-1.png\",\"contentUrl\":\"https:\\\/\\\/schoenstatt.com\\\/wp-content\\\/uploads\\\/2025\\\/04\\\/logo-schoenstatt-white-696x696-1.png\",\"width\":696,\"height\":694,\"caption\":\"Schoenstatt\"},\"image\":{\"@id\":\"https:\\\/\\\/schoenstatt.com\\\/pt-pt\\\/#\\\/schema\\\/logo\\\/image\\\/\"}},{\"@type\":\"Person\",\"@id\":\"https:\\\/\\\/schoenstatt.com\\\/pt-pt\\\/#\\\/schema\\\/person\\\/5158877ad4acae98b34daaeef2a1ce6e\",\"name\":\"Karen Bueno\",\"image\":{\"@type\":\"ImageObject\",\"inLanguage\":\"pt-PT\",\"@id\":\"https:\\\/\\\/secure.gravatar.com\\\/avatar\\\/f9f4b823873154269d2b2130f195f6d41037dd0d7fc5f3cacb5c846bae70d66b?s=96&d=mm&r=g\",\"url\":\"https:\\\/\\\/secure.gravatar.com\\\/avatar\\\/f9f4b823873154269d2b2130f195f6d41037dd0d7fc5f3cacb5c846bae70d66b?s=96&d=mm&r=g\",\"contentUrl\":\"https:\\\/\\\/secure.gravatar.com\\\/avatar\\\/f9f4b823873154269d2b2130f195f6d41037dd0d7fc5f3cacb5c846bae70d66b?s=96&d=mm&r=g\",\"caption\":\"Karen Bueno\"},\"url\":\"https:\\\/\\\/schoenstatt.com\\\/pt-pt\\\/author\\\/karen-bueno\\\/\"}]}<\/script>\n<!-- \/ Yoast SEO Premium plugin. -->","yoast_head_json":{"title":"Encerra-se a Confer\u00eancia de Vars\u00f3via: \u201chumildes instrumentos a servi\u00e7o das v\u00edtimas de abuso\" - Schoenstatt","description":"A confer\u00eancia em Vars\u00f3via organizada pela Comiss\u00e3o Tutela minorum e a pela Confer\u00eancia Episcopal Polonesa sobre a prote\u00e7\u00e3o de crian\u00e7as.","robots":{"index":"index","follow":"follow","max-snippet":"max-snippet:-1","max-image-preview":"max-image-preview:large","max-video-preview":"max-video-preview:-1"},"canonical":"https:\/\/schoenstatt.com\/pt-pt\/encerra-se-a-conferencia-de-varsovia-humildes-instrumentos-a-servico-das-vitimas-de-abuso\/","og_locale":"pt_PT","og_type":"article","og_title":"Encerra-se a Confer\u00eancia de Vars\u00f3via: \u201chumildes instrumentos a servi\u00e7o das v\u00edtimas de abuso\"","og_description":"A confer\u00eancia em Vars\u00f3via organizada pela Comiss\u00e3o Tutela minorum e a pela Confer\u00eancia Episcopal Polonesa sobre a prote\u00e7\u00e3o de crian\u00e7as.","og_url":"https:\/\/schoenstatt.com\/pt-pt\/encerra-se-a-conferencia-de-varsovia-humildes-instrumentos-a-servico-das-vitimas-de-abuso\/","og_site_name":"Schoenstatt","article_published_time":"2021-09-24T19:16:57+00:00","article_modified_time":"2025-08-19T15:35:28+00:00","og_image":[{"width":750,"height":422,"url":"https:\/\/schoenstatt.com\/wp-content\/uploads\/2021\/10\/Holy-Mess-with-Polish-Primate-Archbishop-Wojciech-Polak-2-3.jpg","type":"image\/jpeg"}],"author":"Karen Bueno","twitter_card":"summary_large_image","twitter_misc":{"Escrito por":"Karen Bueno","Tempo estimado de leitura":"5 minutos"},"schema":{"@context":"https:\/\/schema.org","@graph":[{"@type":"Article","@id":"https:\/\/schoenstatt.com\/pt-pt\/encerra-se-a-conferencia-de-varsovia-humildes-instrumentos-a-servico-das-vitimas-de-abuso\/#article","isPartOf":{"@id":"https:\/\/schoenstatt.com\/pt-pt\/encerra-se-a-conferencia-de-varsovia-humildes-instrumentos-a-servico-das-vitimas-de-abuso\/"},"author":{"name":"Karen Bueno","@id":"https:\/\/schoenstatt.com\/pt-pt\/#\/schema\/person\/5158877ad4acae98b34daaeef2a1ce6e"},"headline":"Encerra-se a Confer\u00eancia de Vars\u00f3via: \u201chumildes instrumentos a servi\u00e7o das v\u00edtimas de abuso&#8221;","datePublished":"2021-09-24T19:16:57+00:00","dateModified":"2025-08-19T15:35:28+00:00","mainEntityOfPage":{"@id":"https:\/\/schoenstatt.com\/pt-pt\/encerra-se-a-conferencia-de-varsovia-humildes-instrumentos-a-servico-das-vitimas-de-abuso\/"},"wordCount":866,"publisher":{"@id":"https:\/\/schoenstatt.com\/pt-pt\/#organization"},"image":{"@id":"https:\/\/schoenstatt.com\/pt-pt\/encerra-se-a-conferencia-de-varsovia-humildes-instrumentos-a-servico-das-vitimas-de-abuso\/#primaryimage"},"thumbnailUrl":"https:\/\/schoenstatt.com\/wp-content\/uploads\/2021\/10\/Holy-Mess-with-Polish-Primate-Archbishop-Wojciech-Polak-2-3.jpg","keywords":["Igreja"],"articleSection":["Igreja","Pa\u00edses"],"inLanguage":"pt-PT"},{"@type":"WebPage","@id":"https:\/\/schoenstatt.com\/pt-pt\/encerra-se-a-conferencia-de-varsovia-humildes-instrumentos-a-servico-das-vitimas-de-abuso\/","url":"https:\/\/schoenstatt.com\/pt-pt\/encerra-se-a-conferencia-de-varsovia-humildes-instrumentos-a-servico-das-vitimas-de-abuso\/","name":"Encerra-se a Confer\u00eancia de Vars\u00f3via: \u201chumildes instrumentos a servi\u00e7o das v\u00edtimas de abuso\" - Schoenstatt","isPartOf":{"@id":"https:\/\/schoenstatt.com\/pt-pt\/#website"},"primaryImageOfPage":{"@id":"https:\/\/schoenstatt.com\/pt-pt\/encerra-se-a-conferencia-de-varsovia-humildes-instrumentos-a-servico-das-vitimas-de-abuso\/#primaryimage"},"image":{"@id":"https:\/\/schoenstatt.com\/pt-pt\/encerra-se-a-conferencia-de-varsovia-humildes-instrumentos-a-servico-das-vitimas-de-abuso\/#primaryimage"},"thumbnailUrl":"https:\/\/schoenstatt.com\/wp-content\/uploads\/2021\/10\/Holy-Mess-with-Polish-Primate-Archbishop-Wojciech-Polak-2-3.jpg","datePublished":"2021-09-24T19:16:57+00:00","dateModified":"2025-08-19T15:35:28+00:00","description":"A confer\u00eancia em Vars\u00f3via organizada pela Comiss\u00e3o Tutela minorum e a pela Confer\u00eancia Episcopal Polonesa sobre a prote\u00e7\u00e3o de crian\u00e7as.","breadcrumb":{"@id":"https:\/\/schoenstatt.com\/pt-pt\/encerra-se-a-conferencia-de-varsovia-humildes-instrumentos-a-servico-das-vitimas-de-abuso\/#breadcrumb"},"inLanguage":"pt-PT","potentialAction":[{"@type":"ReadAction","target":["https:\/\/schoenstatt.com\/pt-pt\/encerra-se-a-conferencia-de-varsovia-humildes-instrumentos-a-servico-das-vitimas-de-abuso\/"]}]},{"@type":"ImageObject","inLanguage":"pt-PT","@id":"https:\/\/schoenstatt.com\/pt-pt\/encerra-se-a-conferencia-de-varsovia-humildes-instrumentos-a-servico-das-vitimas-de-abuso\/#primaryimage","url":"https:\/\/schoenstatt.com\/wp-content\/uploads\/2021\/10\/Holy-Mess-with-Polish-Primate-Archbishop-Wojciech-Polak-2-3.jpg","contentUrl":"https:\/\/schoenstatt.com\/wp-content\/uploads\/2021\/10\/Holy-Mess-with-Polish-Primate-Archbishop-Wojciech-Polak-2-3.jpg","width":750,"height":422,"caption":"Vars\u00f3via"},{"@type":"BreadcrumbList","@id":"https:\/\/schoenstatt.com\/pt-pt\/encerra-se-a-conferencia-de-varsovia-humildes-instrumentos-a-servico-das-vitimas-de-abuso\/#breadcrumb","itemListElement":[{"@type":"ListItem","position":1,"name":"Portada","item":"https:\/\/schoenstatt.com\/pt-pt\/home\/"},{"@type":"ListItem","position":2,"name":"Encerra-se a Confer\u00eancia de Vars\u00f3via: \u201chumildes instrumentos a servi\u00e7o das v\u00edtimas de abuso\u00bb"}]},{"@type":"WebSite","@id":"https:\/\/schoenstatt.com\/pt-pt\/#website","url":"https:\/\/schoenstatt.com\/pt-pt\/","name":"Schoenstatt","description":"Apostolic Movement","publisher":{"@id":"https:\/\/schoenstatt.com\/pt-pt\/#organization"},"potentialAction":[{"@type":"SearchAction","target":{"@type":"EntryPoint","urlTemplate":"https:\/\/schoenstatt.com\/pt-pt\/?s={search_term_string}"},"query-input":{"@type":"PropertyValueSpecification","valueRequired":true,"valueName":"search_term_string"}}],"inLanguage":"pt-PT"},{"@type":"Organization","@id":"https:\/\/schoenstatt.com\/pt-pt\/#organization","name":"Schoenstatt","url":"https:\/\/schoenstatt.com\/pt-pt\/","logo":{"@type":"ImageObject","inLanguage":"pt-PT","@id":"https:\/\/schoenstatt.com\/pt-pt\/#\/schema\/logo\/image\/","url":"https:\/\/schoenstatt.com\/wp-content\/uploads\/2025\/04\/logo-schoenstatt-white-696x696-1.png","contentUrl":"https:\/\/schoenstatt.com\/wp-content\/uploads\/2025\/04\/logo-schoenstatt-white-696x696-1.png","width":696,"height":694,"caption":"Schoenstatt"},"image":{"@id":"https:\/\/schoenstatt.com\/pt-pt\/#\/schema\/logo\/image\/"}},{"@type":"Person","@id":"https:\/\/schoenstatt.com\/pt-pt\/#\/schema\/person\/5158877ad4acae98b34daaeef2a1ce6e","name":"Karen Bueno","image":{"@type":"ImageObject","inLanguage":"pt-PT","@id":"https:\/\/secure.gravatar.com\/avatar\/f9f4b823873154269d2b2130f195f6d41037dd0d7fc5f3cacb5c846bae70d66b?s=96&d=mm&r=g","url":"https:\/\/secure.gravatar.com\/avatar\/f9f4b823873154269d2b2130f195f6d41037dd0d7fc5f3cacb5c846bae70d66b?s=96&d=mm&r=g","contentUrl":"https:\/\/secure.gravatar.com\/avatar\/f9f4b823873154269d2b2130f195f6d41037dd0d7fc5f3cacb5c846bae70d66b?s=96&d=mm&r=g","caption":"Karen Bueno"},"url":"https:\/\/schoenstatt.com\/pt-pt\/author\/karen-bueno\/"}]}},"_links":{"self":[{"href":"https:\/\/schoenstatt.com\/pt-pt\/wp-json\/wp\/v2\/posts\/18959","targetHints":{"allow":["GET"]}}],"collection":[{"href":"https:\/\/schoenstatt.com\/pt-pt\/wp-json\/wp\/v2\/posts"}],"about":[{"href":"https:\/\/schoenstatt.com\/pt-pt\/wp-json\/wp\/v2\/types\/post"}],"author":[{"embeddable":true,"href":"https:\/\/schoenstatt.com\/pt-pt\/wp-json\/wp\/v2\/users\/3"}],"replies":[{"embeddable":true,"href":"https:\/\/schoenstatt.com\/pt-pt\/wp-json\/wp\/v2\/comments?post=18959"}],"version-history":[{"count":1,"href":"https:\/\/schoenstatt.com\/pt-pt\/wp-json\/wp\/v2\/posts\/18959\/revisions"}],"predecessor-version":[{"id":44695,"href":"https:\/\/schoenstatt.com\/pt-pt\/wp-json\/wp\/v2\/posts\/18959\/revisions\/44695"}],"wp:featuredmedia":[{"embeddable":true,"href":"https:\/\/schoenstatt.com\/pt-pt\/wp-json\/wp\/v2\/media\/18940"}],"wp:attachment":[{"href":"https:\/\/schoenstatt.com\/pt-pt\/wp-json\/wp\/v2\/media?parent=18959"}],"wp:term":[{"taxonomy":"category","embeddable":true,"href":"https:\/\/schoenstatt.com\/pt-pt\/wp-json\/wp\/v2\/categories?post=18959"},{"taxonomy":"post_tag","embeddable":true,"href":"https:\/\/schoenstatt.com\/pt-pt\/wp-json\/wp\/v2\/tags?post=18959"}],"curies":[{"name":"wp","href":"https:\/\/api.w.org\/{rel}","templated":true}]}}