{"id":18854,"date":"2021-09-28T21:31:59","date_gmt":"2021-09-28T19:31:59","guid":{"rendered":"https:\/\/schoenstatt.com\/?p=18854"},"modified":"2025-08-19T17:35:20","modified_gmt":"2025-08-19T15:35:20","slug":"e-grande-este-misterio-a-imagem-oficial-do-x-encontro-mundial-das-familias","status":"publish","type":"post","link":"https:\/\/schoenstatt.com\/pt-pt\/e-grande-este-misterio-a-imagem-oficial-do-x-encontro-mundial-das-familias\/","title":{"rendered":"&#8220;\u00c9 grande este mist\u00e9rio&#8221;: a imagem oficial do X Encontro Mundial das Fam\u00edlias"},"content":{"rendered":"<p>Foi o Padre Marko Ivan Rupnik, artista, te\u00f3logo e diretor do Centro Aletti, que pintou a imagem oficial do X Encontro Mundial das Fam\u00edlias, a qual acontecer\u00e1 de 22 a 26 de junho de 2022 e ter\u00e1 por centro Roma.<\/p>\n<p>A pintura, em que predominam cores quentes, tem um formato 80 cm x 80 cm e foi realizado em tinta vin\u00edlica sobre gesso aplicado em madeira. A obra intitula-se: \u201c\u00c9 grande este mist\u00e9rio\u201d.<\/p>\n<p><img fetchpriority=\"high\" decoding=\"async\" class=\"aligncenter wp-image-18844 size-full\" src=\"https:\/\/schoenstatt.com\/wp-content\/uploads\/2021\/10\/misterio.jpg\" alt=\"World Meeting of Families Symbol\" width=\"512\" height=\"512\" \/><\/p>\n<p>Como contexto da imagem, foi escolhido o epis\u00f3dio das bodas em Can\u00e1 da Galileia. \u00c0 esquerda figuram os esposos, cobertos por um v\u00e9u. O servo que verte o vinho tem o rosto com os tra\u00e7os de S\u00e3o Paulo, segundo a antiga iconografia crist\u00e3. \u00c9 ele que afasta com a m\u00e3o o v\u00e9u e, referindo-se ao matrim\u00f4nio, exclama: \u201c\u00c9 grande este mist\u00e9rio: refiro-me \u00e0 rela\u00e7\u00e3o entre Cristo e sua Igreja.\u201d (Ef 5, 32). A imagem revela assim o amor sacramental entre o homem e a mulher como reflexo do amor e da unidade indissol\u00favel entre Cristo e a Igreja: Jesus derrama o Seu sangue por ela. \u201cEm Can\u00e1 \u2014 explica o padre Rupnik \u2014, na transforma\u00e7\u00e3o da \u00e1gua em vinho, abrem-se os horizontes do sacramento, ou seja, da passagem do vinho ao sangue de Cristo\u201d. \u201cO sangue que Paulo verte, pois, \u00e9 o mesmo que a esposa recolhe no c\u00e1lice\u201d.<\/p>\n<p>\u201cEspero \u2014 ressalta ainda \u2014 que atrav\u00e9s deste texto e desta pequena imagem possamos compreender que, para n\u00f3s, crist\u00e3os, a fam\u00edlia \u00e9 a express\u00e3o do Sacramento\u201d do Matrim\u00f4nio, \u201ce isso muda totalmente o seu sentido, porque um sacramento acarreta sempre uma transforma\u00e7\u00e3o.\u201d No casamento crist\u00e3o, com efeito, o amor dos esposos transforma-se, porque se torna participa\u00e7\u00e3o do amor de Cristo pela Igreja. Nesse sentido, o casamento tem uma dimens\u00e3o eclesial e \u00e9 insepar\u00e1vel da Igreja.<\/p>\n<p>Os v\u00eddeos com as catequeses e explica\u00e7\u00f5es do autor (legendados em 5 idiomas) s\u00e3o publicados na p\u00e1gina do YouTube da diocese de Roma. Clique aqui para o v\u00eddeo com a catequese completa do Padre Rupnik:<a href=\"https:\/\/www.youtube.com\/watch?v=vT-nJBcvKUU\">\u00a0https:\/\/www.youtube.com\/watch?v=vT-nJBcvKUU\u00a0<\/a> ; clique aqui para a vers\u00e3o curta:<a href=\"https:\/\/www.youtube.com\/watch?v=plT31q1JhSg\">\u00a0https:\/\/www.youtube.com\/watch?v=plT31q1JhSg<\/a><\/p>\n<p>A imagem do Padre Rupnik (anexada aqui e dispon\u00edvel em\u00a0<a href=\"http:\/\/www.diocesidiroma.it\">www.diocesidiroma.it\u00a0<\/a>) \u00e9 o terceiro s\u00edmbolo a ser publicado, depois da ora\u00e7\u00e3o e do logotipo, como instrumento pastoral de prepara\u00e7\u00e3o e caminho das fam\u00edlias para o Encontro Mundial de 2022.<\/p>\n","protected":false},"excerpt":{"rendered":"<p>Foi o Padre Marko Ivan Rupnik, que pintou a imagem oficial do X Encontro Mundial das Fam\u00edlias.<\/p>\n","protected":false},"author":3,"featured_media":18844,"comment_status":"closed","ping_status":"open","sticky":false,"template":"","format":"standard","meta":{"footnotes":""},"categories":[876,608],"tags":[1259,801,1295],"class_list":["post-18854","post","type-post","status-publish","format-standard","has-post-thumbnail","hentry","category-familia-pt-pt","category-igreja-pt-pt","tag-encontro-mundial-das-familias-pt-pt","tag-familia-pt-pt","tag-igreja-pt-pt"],"yoast_head":"<!-- This site is optimized with the Yoast SEO Premium plugin v27.4 (Yoast SEO v27.4) - https:\/\/yoast.com\/product\/yoast-seo-premium-wordpress\/ -->\n<title>&quot;\u00c9 grande este mist\u00e9rio&quot;: a imagem oficial do X Encontro Mundial das Fam\u00edlias<\/title>\n<meta name=\"description\" content=\"Foi o Padre Marko Ivan Rupnik, artista, te\u00f3logo e diretor do Centro Aletti, que pintou a imagem oficial do X Encontro Mundial das Fam\u00edlias.\" \/>\n<meta name=\"robots\" content=\"index, follow, max-snippet:-1, max-image-preview:large, max-video-preview:-1\" \/>\n<link rel=\"canonical\" href=\"https:\/\/schoenstatt.com\/pt-pt\/e-grande-este-misterio-a-imagem-oficial-do-x-encontro-mundial-das-familias\/\" \/>\n<meta property=\"og:locale\" content=\"pt_PT\" \/>\n<meta property=\"og:type\" content=\"article\" \/>\n<meta property=\"og:title\" content=\"&quot;\u00c9 grande este mist\u00e9rio&quot;: a imagem oficial do X Encontro Mundial das Fam\u00edlias\" \/>\n<meta property=\"og:description\" content=\"Foi o Padre Marko Ivan Rupnik, artista, te\u00f3logo e diretor do Centro Aletti, que pintou a imagem oficial do X Encontro Mundial das Fam\u00edlias.\" \/>\n<meta property=\"og:url\" content=\"https:\/\/schoenstatt.com\/pt-pt\/e-grande-este-misterio-a-imagem-oficial-do-x-encontro-mundial-das-familias\/\" \/>\n<meta property=\"og:site_name\" content=\"Schoenstatt\" \/>\n<meta property=\"article:published_time\" content=\"2021-09-28T19:31:59+00:00\" \/>\n<meta property=\"article:modified_time\" content=\"2025-08-19T15:35:20+00:00\" \/>\n<meta property=\"og:image\" content=\"https:\/\/schoenstatt.com\/wp-content\/uploads\/2021\/10\/misterio-4.jpg\" \/>\n\t<meta property=\"og:image:width\" content=\"512\" \/>\n\t<meta property=\"og:image:height\" content=\"512\" \/>\n\t<meta property=\"og:image:type\" content=\"image\/jpeg\" \/>\n<meta name=\"author\" content=\"Karen Bueno\" \/>\n<meta name=\"twitter:card\" content=\"summary_large_image\" \/>\n<meta name=\"twitter:label1\" content=\"Escrito por\" \/>\n\t<meta name=\"twitter:data1\" content=\"Karen Bueno\" \/>\n\t<meta name=\"twitter:label2\" content=\"Tempo estimado de leitura\" \/>\n\t<meta name=\"twitter:data2\" content=\"3 minutos\" \/>\n<script type=\"application\/ld+json\" class=\"yoast-schema-graph\">{\"@context\":\"https:\\\/\\\/schema.org\",\"@graph\":[{\"@type\":\"Article\",\"@id\":\"https:\\\/\\\/schoenstatt.com\\\/pt-pt\\\/e-grande-este-misterio-a-imagem-oficial-do-x-encontro-mundial-das-familias\\\/#article\",\"isPartOf\":{\"@id\":\"https:\\\/\\\/schoenstatt.com\\\/pt-pt\\\/e-grande-este-misterio-a-imagem-oficial-do-x-encontro-mundial-das-familias\\\/\"},\"author\":{\"name\":\"Karen Bueno\",\"@id\":\"https:\\\/\\\/schoenstatt.com\\\/pt-pt\\\/#\\\/schema\\\/person\\\/5158877ad4acae98b34daaeef2a1ce6e\"},\"headline\":\"&#8220;\u00c9 grande este mist\u00e9rio&#8221;: a imagem oficial do X Encontro Mundial das Fam\u00edlias\",\"datePublished\":\"2021-09-28T19:31:59+00:00\",\"dateModified\":\"2025-08-19T15:35:20+00:00\",\"mainEntityOfPage\":{\"@id\":\"https:\\\/\\\/schoenstatt.com\\\/pt-pt\\\/e-grande-este-misterio-a-imagem-oficial-do-x-encontro-mundial-das-familias\\\/\"},\"wordCount\":425,\"publisher\":{\"@id\":\"https:\\\/\\\/schoenstatt.com\\\/pt-pt\\\/#organization\"},\"image\":{\"@id\":\"https:\\\/\\\/schoenstatt.com\\\/pt-pt\\\/e-grande-este-misterio-a-imagem-oficial-do-x-encontro-mundial-das-familias\\\/#primaryimage\"},\"thumbnailUrl\":\"https:\\\/\\\/schoenstatt.com\\\/wp-content\\\/uploads\\\/2021\\\/10\\\/misterio-4.jpg\",\"keywords\":[\"Encontro Mundial das Fam\u00edlias\",\"Fam\u00edlia\",\"Igreja\"],\"articleSection\":[\"Fam\u00edlia\",\"Igreja\"],\"inLanguage\":\"pt-PT\"},{\"@type\":\"WebPage\",\"@id\":\"https:\\\/\\\/schoenstatt.com\\\/pt-pt\\\/e-grande-este-misterio-a-imagem-oficial-do-x-encontro-mundial-das-familias\\\/\",\"url\":\"https:\\\/\\\/schoenstatt.com\\\/pt-pt\\\/e-grande-este-misterio-a-imagem-oficial-do-x-encontro-mundial-das-familias\\\/\",\"name\":\"\\\"\u00c9 grande este mist\u00e9rio\\\": a imagem oficial do X Encontro Mundial das Fam\u00edlias\",\"isPartOf\":{\"@id\":\"https:\\\/\\\/schoenstatt.com\\\/pt-pt\\\/#website\"},\"primaryImageOfPage\":{\"@id\":\"https:\\\/\\\/schoenstatt.com\\\/pt-pt\\\/e-grande-este-misterio-a-imagem-oficial-do-x-encontro-mundial-das-familias\\\/#primaryimage\"},\"image\":{\"@id\":\"https:\\\/\\\/schoenstatt.com\\\/pt-pt\\\/e-grande-este-misterio-a-imagem-oficial-do-x-encontro-mundial-das-familias\\\/#primaryimage\"},\"thumbnailUrl\":\"https:\\\/\\\/schoenstatt.com\\\/wp-content\\\/uploads\\\/2021\\\/10\\\/misterio-4.jpg\",\"datePublished\":\"2021-09-28T19:31:59+00:00\",\"dateModified\":\"2025-08-19T15:35:20+00:00\",\"description\":\"Foi o Padre Marko Ivan Rupnik, artista, te\u00f3logo e diretor do Centro Aletti, que pintou a imagem oficial do X Encontro Mundial das Fam\u00edlias.\",\"breadcrumb\":{\"@id\":\"https:\\\/\\\/schoenstatt.com\\\/pt-pt\\\/e-grande-este-misterio-a-imagem-oficial-do-x-encontro-mundial-das-familias\\\/#breadcrumb\"},\"inLanguage\":\"pt-PT\",\"potentialAction\":[{\"@type\":\"ReadAction\",\"target\":[\"https:\\\/\\\/schoenstatt.com\\\/pt-pt\\\/e-grande-este-misterio-a-imagem-oficial-do-x-encontro-mundial-das-familias\\\/\"]}]},{\"@type\":\"ImageObject\",\"inLanguage\":\"pt-PT\",\"@id\":\"https:\\\/\\\/schoenstatt.com\\\/pt-pt\\\/e-grande-este-misterio-a-imagem-oficial-do-x-encontro-mundial-das-familias\\\/#primaryimage\",\"url\":\"https:\\\/\\\/schoenstatt.com\\\/wp-content\\\/uploads\\\/2021\\\/10\\\/misterio-4.jpg\",\"contentUrl\":\"https:\\\/\\\/schoenstatt.com\\\/wp-content\\\/uploads\\\/2021\\\/10\\\/misterio-4.jpg\",\"width\":512,\"height\":512,\"caption\":\"World Meeting of Families Symbol\"},{\"@type\":\"BreadcrumbList\",\"@id\":\"https:\\\/\\\/schoenstatt.com\\\/pt-pt\\\/e-grande-este-misterio-a-imagem-oficial-do-x-encontro-mundial-das-familias\\\/#breadcrumb\",\"itemListElement\":[{\"@type\":\"ListItem\",\"position\":1,\"name\":\"Portada\",\"item\":\"https:\\\/\\\/schoenstatt.com\\\/pt-pt\\\/home\\\/\"},{\"@type\":\"ListItem\",\"position\":2,\"name\":\"\u00ab\u00c9 grande este mist\u00e9rio\u00bb: a imagem oficial do X Encontro Mundial das Fam\u00edlias\"}]},{\"@type\":\"WebSite\",\"@id\":\"https:\\\/\\\/schoenstatt.com\\\/pt-pt\\\/#website\",\"url\":\"https:\\\/\\\/schoenstatt.com\\\/pt-pt\\\/\",\"name\":\"Schoenstatt\",\"description\":\"Apostolic Movement\",\"publisher\":{\"@id\":\"https:\\\/\\\/schoenstatt.com\\\/pt-pt\\\/#organization\"},\"potentialAction\":[{\"@type\":\"SearchAction\",\"target\":{\"@type\":\"EntryPoint\",\"urlTemplate\":\"https:\\\/\\\/schoenstatt.com\\\/pt-pt\\\/?s={search_term_string}\"},\"query-input\":{\"@type\":\"PropertyValueSpecification\",\"valueRequired\":true,\"valueName\":\"search_term_string\"}}],\"inLanguage\":\"pt-PT\"},{\"@type\":\"Organization\",\"@id\":\"https:\\\/\\\/schoenstatt.com\\\/pt-pt\\\/#organization\",\"name\":\"Schoenstatt\",\"url\":\"https:\\\/\\\/schoenstatt.com\\\/pt-pt\\\/\",\"logo\":{\"@type\":\"ImageObject\",\"inLanguage\":\"pt-PT\",\"@id\":\"https:\\\/\\\/schoenstatt.com\\\/pt-pt\\\/#\\\/schema\\\/logo\\\/image\\\/\",\"url\":\"https:\\\/\\\/schoenstatt.com\\\/wp-content\\\/uploads\\\/2025\\\/04\\\/logo-schoenstatt-white-696x696-1.png\",\"contentUrl\":\"https:\\\/\\\/schoenstatt.com\\\/wp-content\\\/uploads\\\/2025\\\/04\\\/logo-schoenstatt-white-696x696-1.png\",\"width\":696,\"height\":694,\"caption\":\"Schoenstatt\"},\"image\":{\"@id\":\"https:\\\/\\\/schoenstatt.com\\\/pt-pt\\\/#\\\/schema\\\/logo\\\/image\\\/\"}},{\"@type\":\"Person\",\"@id\":\"https:\\\/\\\/schoenstatt.com\\\/pt-pt\\\/#\\\/schema\\\/person\\\/5158877ad4acae98b34daaeef2a1ce6e\",\"name\":\"Karen Bueno\",\"image\":{\"@type\":\"ImageObject\",\"inLanguage\":\"pt-PT\",\"@id\":\"https:\\\/\\\/secure.gravatar.com\\\/avatar\\\/f9f4b823873154269d2b2130f195f6d41037dd0d7fc5f3cacb5c846bae70d66b?s=96&d=mm&r=g\",\"url\":\"https:\\\/\\\/secure.gravatar.com\\\/avatar\\\/f9f4b823873154269d2b2130f195f6d41037dd0d7fc5f3cacb5c846bae70d66b?s=96&d=mm&r=g\",\"contentUrl\":\"https:\\\/\\\/secure.gravatar.com\\\/avatar\\\/f9f4b823873154269d2b2130f195f6d41037dd0d7fc5f3cacb5c846bae70d66b?s=96&d=mm&r=g\",\"caption\":\"Karen Bueno\"},\"url\":\"https:\\\/\\\/schoenstatt.com\\\/pt-pt\\\/author\\\/karen-bueno\\\/\"}]}<\/script>\n<!-- \/ Yoast SEO Premium plugin. -->","yoast_head_json":{"title":"\"\u00c9 grande este mist\u00e9rio\": a imagem oficial do X Encontro Mundial das Fam\u00edlias","description":"Foi o Padre Marko Ivan Rupnik, artista, te\u00f3logo e diretor do Centro Aletti, que pintou a imagem oficial do X Encontro Mundial das Fam\u00edlias.","robots":{"index":"index","follow":"follow","max-snippet":"max-snippet:-1","max-image-preview":"max-image-preview:large","max-video-preview":"max-video-preview:-1"},"canonical":"https:\/\/schoenstatt.com\/pt-pt\/e-grande-este-misterio-a-imagem-oficial-do-x-encontro-mundial-das-familias\/","og_locale":"pt_PT","og_type":"article","og_title":"\"\u00c9 grande este mist\u00e9rio\": a imagem oficial do X Encontro Mundial das Fam\u00edlias","og_description":"Foi o Padre Marko Ivan Rupnik, artista, te\u00f3logo e diretor do Centro Aletti, que pintou a imagem oficial do X Encontro Mundial das Fam\u00edlias.","og_url":"https:\/\/schoenstatt.com\/pt-pt\/e-grande-este-misterio-a-imagem-oficial-do-x-encontro-mundial-das-familias\/","og_site_name":"Schoenstatt","article_published_time":"2021-09-28T19:31:59+00:00","article_modified_time":"2025-08-19T15:35:20+00:00","og_image":[{"width":512,"height":512,"url":"https:\/\/schoenstatt.com\/wp-content\/uploads\/2021\/10\/misterio-4.jpg","type":"image\/jpeg"}],"author":"Karen Bueno","twitter_card":"summary_large_image","twitter_misc":{"Escrito por":"Karen Bueno","Tempo estimado de leitura":"3 minutos"},"schema":{"@context":"https:\/\/schema.org","@graph":[{"@type":"Article","@id":"https:\/\/schoenstatt.com\/pt-pt\/e-grande-este-misterio-a-imagem-oficial-do-x-encontro-mundial-das-familias\/#article","isPartOf":{"@id":"https:\/\/schoenstatt.com\/pt-pt\/e-grande-este-misterio-a-imagem-oficial-do-x-encontro-mundial-das-familias\/"},"author":{"name":"Karen Bueno","@id":"https:\/\/schoenstatt.com\/pt-pt\/#\/schema\/person\/5158877ad4acae98b34daaeef2a1ce6e"},"headline":"&#8220;\u00c9 grande este mist\u00e9rio&#8221;: a imagem oficial do X Encontro Mundial das Fam\u00edlias","datePublished":"2021-09-28T19:31:59+00:00","dateModified":"2025-08-19T15:35:20+00:00","mainEntityOfPage":{"@id":"https:\/\/schoenstatt.com\/pt-pt\/e-grande-este-misterio-a-imagem-oficial-do-x-encontro-mundial-das-familias\/"},"wordCount":425,"publisher":{"@id":"https:\/\/schoenstatt.com\/pt-pt\/#organization"},"image":{"@id":"https:\/\/schoenstatt.com\/pt-pt\/e-grande-este-misterio-a-imagem-oficial-do-x-encontro-mundial-das-familias\/#primaryimage"},"thumbnailUrl":"https:\/\/schoenstatt.com\/wp-content\/uploads\/2021\/10\/misterio-4.jpg","keywords":["Encontro Mundial das Fam\u00edlias","Fam\u00edlia","Igreja"],"articleSection":["Fam\u00edlia","Igreja"],"inLanguage":"pt-PT"},{"@type":"WebPage","@id":"https:\/\/schoenstatt.com\/pt-pt\/e-grande-este-misterio-a-imagem-oficial-do-x-encontro-mundial-das-familias\/","url":"https:\/\/schoenstatt.com\/pt-pt\/e-grande-este-misterio-a-imagem-oficial-do-x-encontro-mundial-das-familias\/","name":"\"\u00c9 grande este mist\u00e9rio\": a imagem oficial do X Encontro Mundial das Fam\u00edlias","isPartOf":{"@id":"https:\/\/schoenstatt.com\/pt-pt\/#website"},"primaryImageOfPage":{"@id":"https:\/\/schoenstatt.com\/pt-pt\/e-grande-este-misterio-a-imagem-oficial-do-x-encontro-mundial-das-familias\/#primaryimage"},"image":{"@id":"https:\/\/schoenstatt.com\/pt-pt\/e-grande-este-misterio-a-imagem-oficial-do-x-encontro-mundial-das-familias\/#primaryimage"},"thumbnailUrl":"https:\/\/schoenstatt.com\/wp-content\/uploads\/2021\/10\/misterio-4.jpg","datePublished":"2021-09-28T19:31:59+00:00","dateModified":"2025-08-19T15:35:20+00:00","description":"Foi o Padre Marko Ivan Rupnik, artista, te\u00f3logo e diretor do Centro Aletti, que pintou a imagem oficial do X Encontro Mundial das Fam\u00edlias.","breadcrumb":{"@id":"https:\/\/schoenstatt.com\/pt-pt\/e-grande-este-misterio-a-imagem-oficial-do-x-encontro-mundial-das-familias\/#breadcrumb"},"inLanguage":"pt-PT","potentialAction":[{"@type":"ReadAction","target":["https:\/\/schoenstatt.com\/pt-pt\/e-grande-este-misterio-a-imagem-oficial-do-x-encontro-mundial-das-familias\/"]}]},{"@type":"ImageObject","inLanguage":"pt-PT","@id":"https:\/\/schoenstatt.com\/pt-pt\/e-grande-este-misterio-a-imagem-oficial-do-x-encontro-mundial-das-familias\/#primaryimage","url":"https:\/\/schoenstatt.com\/wp-content\/uploads\/2021\/10\/misterio-4.jpg","contentUrl":"https:\/\/schoenstatt.com\/wp-content\/uploads\/2021\/10\/misterio-4.jpg","width":512,"height":512,"caption":"World Meeting of Families Symbol"},{"@type":"BreadcrumbList","@id":"https:\/\/schoenstatt.com\/pt-pt\/e-grande-este-misterio-a-imagem-oficial-do-x-encontro-mundial-das-familias\/#breadcrumb","itemListElement":[{"@type":"ListItem","position":1,"name":"Portada","item":"https:\/\/schoenstatt.com\/pt-pt\/home\/"},{"@type":"ListItem","position":2,"name":"\u00ab\u00c9 grande este mist\u00e9rio\u00bb: a imagem oficial do X Encontro Mundial das Fam\u00edlias"}]},{"@type":"WebSite","@id":"https:\/\/schoenstatt.com\/pt-pt\/#website","url":"https:\/\/schoenstatt.com\/pt-pt\/","name":"Schoenstatt","description":"Apostolic Movement","publisher":{"@id":"https:\/\/schoenstatt.com\/pt-pt\/#organization"},"potentialAction":[{"@type":"SearchAction","target":{"@type":"EntryPoint","urlTemplate":"https:\/\/schoenstatt.com\/pt-pt\/?s={search_term_string}"},"query-input":{"@type":"PropertyValueSpecification","valueRequired":true,"valueName":"search_term_string"}}],"inLanguage":"pt-PT"},{"@type":"Organization","@id":"https:\/\/schoenstatt.com\/pt-pt\/#organization","name":"Schoenstatt","url":"https:\/\/schoenstatt.com\/pt-pt\/","logo":{"@type":"ImageObject","inLanguage":"pt-PT","@id":"https:\/\/schoenstatt.com\/pt-pt\/#\/schema\/logo\/image\/","url":"https:\/\/schoenstatt.com\/wp-content\/uploads\/2025\/04\/logo-schoenstatt-white-696x696-1.png","contentUrl":"https:\/\/schoenstatt.com\/wp-content\/uploads\/2025\/04\/logo-schoenstatt-white-696x696-1.png","width":696,"height":694,"caption":"Schoenstatt"},"image":{"@id":"https:\/\/schoenstatt.com\/pt-pt\/#\/schema\/logo\/image\/"}},{"@type":"Person","@id":"https:\/\/schoenstatt.com\/pt-pt\/#\/schema\/person\/5158877ad4acae98b34daaeef2a1ce6e","name":"Karen Bueno","image":{"@type":"ImageObject","inLanguage":"pt-PT","@id":"https:\/\/secure.gravatar.com\/avatar\/f9f4b823873154269d2b2130f195f6d41037dd0d7fc5f3cacb5c846bae70d66b?s=96&d=mm&r=g","url":"https:\/\/secure.gravatar.com\/avatar\/f9f4b823873154269d2b2130f195f6d41037dd0d7fc5f3cacb5c846bae70d66b?s=96&d=mm&r=g","contentUrl":"https:\/\/secure.gravatar.com\/avatar\/f9f4b823873154269d2b2130f195f6d41037dd0d7fc5f3cacb5c846bae70d66b?s=96&d=mm&r=g","caption":"Karen Bueno"},"url":"https:\/\/schoenstatt.com\/pt-pt\/author\/karen-bueno\/"}]}},"_links":{"self":[{"href":"https:\/\/schoenstatt.com\/pt-pt\/wp-json\/wp\/v2\/posts\/18854","targetHints":{"allow":["GET"]}}],"collection":[{"href":"https:\/\/schoenstatt.com\/pt-pt\/wp-json\/wp\/v2\/posts"}],"about":[{"href":"https:\/\/schoenstatt.com\/pt-pt\/wp-json\/wp\/v2\/types\/post"}],"author":[{"embeddable":true,"href":"https:\/\/schoenstatt.com\/pt-pt\/wp-json\/wp\/v2\/users\/3"}],"replies":[{"embeddable":true,"href":"https:\/\/schoenstatt.com\/pt-pt\/wp-json\/wp\/v2\/comments?post=18854"}],"version-history":[{"count":1,"href":"https:\/\/schoenstatt.com\/pt-pt\/wp-json\/wp\/v2\/posts\/18854\/revisions"}],"predecessor-version":[{"id":44711,"href":"https:\/\/schoenstatt.com\/pt-pt\/wp-json\/wp\/v2\/posts\/18854\/revisions\/44711"}],"wp:featuredmedia":[{"embeddable":true,"href":"https:\/\/schoenstatt.com\/pt-pt\/wp-json\/wp\/v2\/media\/18844"}],"wp:attachment":[{"href":"https:\/\/schoenstatt.com\/pt-pt\/wp-json\/wp\/v2\/media?parent=18854"}],"wp:term":[{"taxonomy":"category","embeddable":true,"href":"https:\/\/schoenstatt.com\/pt-pt\/wp-json\/wp\/v2\/categories?post=18854"},{"taxonomy":"post_tag","embeddable":true,"href":"https:\/\/schoenstatt.com\/pt-pt\/wp-json\/wp\/v2\/tags?post=18854"}],"curies":[{"name":"wp","href":"https:\/\/api.w.org\/{rel}","templated":true}]}}