{"id":18700,"date":"2021-10-04T20:31:16","date_gmt":"2021-10-04T18:31:16","guid":{"rendered":"https:\/\/schoenstatt.com\/espiritualidade\/world-youth-day-lisbon-will-host-from-august-1-6-2023\/"},"modified":"2025-08-15T01:27:01","modified_gmt":"2025-08-14T23:27:01","slug":"jmj-2023-jornada-de-lisboa-de-1-a-6-de-agosto-2023","status":"publish","type":"post","link":"https:\/\/schoenstatt.com\/pt-pt\/jmj-2023-jornada-de-lisboa-de-1-a-6-de-agosto-2023\/","title":{"rendered":"JMJ 2023: Jornada de Lisboa de 1 a 6 de agosto 2023"},"content":{"rendered":"<p>JMJ 2023 &#8211; Cardeal Patriarca de Lisboa, D. Manuel Clemente, declara a sua alegria, sublinhando a import\u00e2ncia deste an\u00fancio ser feito no dia de S. Francisco de Assis, 4 de outubro<\/p>\n<p>A organiza\u00e7\u00e3o da Jornada Mundial da Juventude\u00a0JMJ 2023\u00a0anuncia nesta segunda-feira dia 4 de outubro que a edi\u00e7\u00e3o de Lisboa, em Portugal, ser\u00e1 de 1 a 6 de agosto. As datas s\u00e3o agora reveladas num comunicado que cita D. Manuel Clemente, cardeal-patriarca de Lisboa:<\/p>\n<p>\u201c\u00c9 com muita alegria que revelamos que a Jornada Mundial da Juventude Lisboa 2023 se realizar\u00e1 de 1 a 6 de agosto de 2023. O an\u00fancio desta data da JMJ neste dia de S. Francisco de Assis \u00e9 um momento muito importante para todos. H\u00e1 muito que os jovens de todo o mundo desejavam conhecer a data da JMJ Lisboa 2023 para preparar com maior detalhe a vinda a Lisboa. Esperamos que os 22 meses que nos conduzir\u00e3o \u00e0 JMJ sejam um tempo de evangeliza\u00e7\u00e3o para todos\u201d \u2013 considera D. Manuel Clemente, cardeal-patriarca de Lisboa.<\/p>\n<p>Neste momento, s\u00e3o j\u00e1 mais de 400 os volunt\u00e1rios, na sua maioria portugueses, que est\u00e3o a colaborar com a organiza\u00e7\u00e3o da JMJ Lisboa 2023 no Comit\u00e9 Organizador Local (COL).<\/p>\n<p>Entretanto, em cada uma das 21 dioceses de Portugal existem tamb\u00e9m j\u00e1 Comit\u00e9s Organizadores Diocesanos (COD) que dinamizam no seu territ\u00f3rio o\u00a0caminho de prepara\u00e7\u00e3o para o evento.<\/p>\n<p><iframe title=\"WYD Lisbon 2023: Are you ready?\" width=\"800\" height=\"450\" src=\"https:\/\/www.youtube.com\/embed\/HxtO3xtybOw?start=14&#038;feature=oembed\" frameborder=\"0\" allow=\"accelerometer; autoplay; clipboard-write; encrypted-media; gyroscope; picture-in-picture; web-share\" referrerpolicy=\"strict-origin-when-cross-origin\" allowfullscreen><\/iframe><\/p>\n<h3>JMJ uma iniciativa de S\u00e3o Jo\u00e3o Paulo II<\/h3>\n<p>Do caminho percorrido at\u00e9 agora podemos recordar um importante momento como foi a passagem da Cruz peregrina e do \u00cdcone mariano, s\u00edmbolos da JMJ, dos jovens do Panam\u00e1 \u00e0queles de Portugal. A 22 de novembro de 2020, na Solenidade de Cristo Rei, numa Eucaristia na Bas\u00edlica de S. Pedro, o Papa Francisco exortou os jovens a n\u00e3o renunciarem aos grandes sonhos e disse-lhes para fazerem obras de miseric\u00f3rdia:<\/p>\n<p>\u201cN\u00e3o renunciemos aos grandes sonhos. N\u00e3o nos contentemos com o que \u00e9 devido. O Senhor n\u00e3o quer que restrinjamos os horizontes, n\u00e3o nos quer estacionados nas margens da vida, mas correndo para metas altas, com j\u00fabilo e ousadia. N\u00e3o fomos feitos para sonhar as f\u00e9rias ou os fins-de-semana, mas para realizar os sonhos de Deus neste mundo. Ele tornou-nos capazes de sonhar, para abra\u00e7ar a beleza da vida. E as obras de miseric\u00f3rdia s\u00e3o as obras mais belas da vida. Se tens sonhos de verdadeira gl\u00f3ria \u2013 n\u00e3o da gl\u00f3ria passageira do mundo, mas da gl\u00f3ria de Deus, esta \u00e9 a estrada; porque as obras de miseric\u00f3rdia d\u00e3o mais gl\u00f3ria a Deus do que qualquer outra coisa\u201d \u2013 sublinhou o Papa Francisco na rece\u00e7\u00e3o dos s\u00edmbolos da JMJ em Roma pelos jovens portugueses.<\/p>\n<p>A JMJ Lisboa 2023 decorre em Portugal de 1 a 6 de agosto. At\u00e9 l\u00e1 os s\u00edmbolos da JMJ peregrinam pelas dioceses de Portugal de novembro 2021 a julho 2023. O tema da JMJ 2023 \u00e9: \u201cMaria levantou-se e partir apressadamente\u201d (Lc 1, 39).<\/p>\n<p>Fonte:\u00a0<a href=\"http:\/\/www.vaticannews.ca\/pt\">Vatican News em portugu\u00eas<\/a><\/p>\n","protected":false},"excerpt":{"rendered":"<p>S\u00e3o j\u00e1 mais de 400 os volunt\u00e1rios,  que est\u00e3o a colaborar com a organiza\u00e7\u00e3o da JMJ<br \/>\n4 de outubro de 2021<\/p>\n","protected":false},"author":1,"featured_media":18690,"comment_status":"closed","ping_status":"open","sticky":false,"template":"","format":"standard","meta":{"footnotes":""},"categories":[608,665],"tags":[1250,1262,1266],"class_list":["post-18700","post","type-post","status-publish","format-standard","has-post-thumbnail","hentry","category-igreja-pt-pt","category-juventude-pt-pt","tag-jmj-lisboa-pt-pt","tag-jornada-mundial-da-juventude-jmj-pt-pt","tag-juventude-pt-pt"],"yoast_head":"<!-- This site is optimized with the Yoast SEO Premium plugin v27.4 (Yoast SEO v27.5) - https:\/\/yoast.com\/product\/yoast-seo-premium-wordpress\/ -->\n<title>JMJ 2023: Jornada de Lisboa de 1 a 6 de agosto 2023<\/title>\n<meta name=\"description\" content=\"JMJ 2023 - Roma\u00a0anuncia nesta segunda-feira dia 4 de outubro que a edi\u00e7\u00e3o de Lisboa, em Portugal, ser\u00e1 de 1 a 6 de agosto.\" \/>\n<meta name=\"robots\" content=\"index, follow, max-snippet:-1, max-image-preview:large, max-video-preview:-1\" \/>\n<link rel=\"canonical\" href=\"https:\/\/schoenstatt.com\/pt-pt\/jmj-2023-jornada-de-lisboa-de-1-a-6-de-agosto-2023\/\" \/>\n<meta property=\"og:locale\" content=\"pt_PT\" \/>\n<meta property=\"og:type\" content=\"article\" \/>\n<meta property=\"og:title\" content=\"JMJ 2023: Jornada de Lisboa de 1 a 6 de agosto 2023\" \/>\n<meta property=\"og:description\" content=\"JMJ 2023 - Roma\u00a0anuncia nesta segunda-feira dia 4 de outubro que a edi\u00e7\u00e3o de Lisboa, em Portugal, ser\u00e1 de 1 a 6 de agosto.\" \/>\n<meta property=\"og:url\" content=\"https:\/\/schoenstatt.com\/pt-pt\/jmj-2023-jornada-de-lisboa-de-1-a-6-de-agosto-2023\/\" \/>\n<meta property=\"og:site_name\" content=\"Schoenstatt\" \/>\n<meta property=\"article:published_time\" content=\"2021-10-04T18:31:16+00:00\" \/>\n<meta property=\"article:modified_time\" content=\"2025-08-14T23:27:01+00:00\" \/>\n<meta property=\"og:image\" content=\"https:\/\/schoenstatt.com\/wp-content\/uploads\/2021\/10\/2021-10-10-2-2.png\" \/>\n\t<meta property=\"og:image:width\" content=\"1920\" \/>\n\t<meta property=\"og:image:height\" content=\"1080\" \/>\n\t<meta property=\"og:image:type\" content=\"image\/png\" \/>\n<meta name=\"author\" content=\"admin\" \/>\n<meta name=\"twitter:card\" content=\"summary_large_image\" \/>\n<meta name=\"twitter:label1\" content=\"Escrito por\" \/>\n\t<meta name=\"twitter:data1\" content=\"admin\" \/>\n\t<meta name=\"twitter:label2\" content=\"Tempo estimado de leitura\" \/>\n\t<meta name=\"twitter:data2\" content=\"3 minutos\" \/>\n<script type=\"application\/ld+json\" class=\"yoast-schema-graph\">{\"@context\":\"https:\\\/\\\/schema.org\",\"@graph\":[{\"@type\":\"Article\",\"@id\":\"https:\\\/\\\/schoenstatt.com\\\/pt-pt\\\/jmj-2023-jornada-de-lisboa-de-1-a-6-de-agosto-2023\\\/#article\",\"isPartOf\":{\"@id\":\"https:\\\/\\\/schoenstatt.com\\\/pt-pt\\\/jmj-2023-jornada-de-lisboa-de-1-a-6-de-agosto-2023\\\/\"},\"author\":{\"name\":\"admin\",\"@id\":\"https:\\\/\\\/schoenstatt.com\\\/pt-pt\\\/#\\\/schema\\\/person\\\/489465b1850e7b216fe2c10dfc262551\"},\"headline\":\"JMJ 2023: Jornada de Lisboa de 1 a 6 de agosto 2023\",\"datePublished\":\"2021-10-04T18:31:16+00:00\",\"dateModified\":\"2025-08-14T23:27:01+00:00\",\"mainEntityOfPage\":{\"@id\":\"https:\\\/\\\/schoenstatt.com\\\/pt-pt\\\/jmj-2023-jornada-de-lisboa-de-1-a-6-de-agosto-2023\\\/\"},\"wordCount\":514,\"publisher\":{\"@id\":\"https:\\\/\\\/schoenstatt.com\\\/pt-pt\\\/#organization\"},\"image\":{\"@id\":\"https:\\\/\\\/schoenstatt.com\\\/pt-pt\\\/jmj-2023-jornada-de-lisboa-de-1-a-6-de-agosto-2023\\\/#primaryimage\"},\"thumbnailUrl\":\"https:\\\/\\\/schoenstatt.com\\\/wp-content\\\/uploads\\\/2021\\\/10\\\/2021-10-10-2-2.png\",\"keywords\":[\"JMJ Lisboa\",\"Jornada Mundial da Juventude \u2013 JMJ\",\"Juventude\"],\"articleSection\":[\"Igreja\",\"Juventude\"],\"inLanguage\":\"pt-PT\"},{\"@type\":\"WebPage\",\"@id\":\"https:\\\/\\\/schoenstatt.com\\\/pt-pt\\\/jmj-2023-jornada-de-lisboa-de-1-a-6-de-agosto-2023\\\/\",\"url\":\"https:\\\/\\\/schoenstatt.com\\\/pt-pt\\\/jmj-2023-jornada-de-lisboa-de-1-a-6-de-agosto-2023\\\/\",\"name\":\"JMJ 2023: Jornada de Lisboa de 1 a 6 de agosto 2023\",\"isPartOf\":{\"@id\":\"https:\\\/\\\/schoenstatt.com\\\/pt-pt\\\/#website\"},\"primaryImageOfPage\":{\"@id\":\"https:\\\/\\\/schoenstatt.com\\\/pt-pt\\\/jmj-2023-jornada-de-lisboa-de-1-a-6-de-agosto-2023\\\/#primaryimage\"},\"image\":{\"@id\":\"https:\\\/\\\/schoenstatt.com\\\/pt-pt\\\/jmj-2023-jornada-de-lisboa-de-1-a-6-de-agosto-2023\\\/#primaryimage\"},\"thumbnailUrl\":\"https:\\\/\\\/schoenstatt.com\\\/wp-content\\\/uploads\\\/2021\\\/10\\\/2021-10-10-2-2.png\",\"datePublished\":\"2021-10-04T18:31:16+00:00\",\"dateModified\":\"2025-08-14T23:27:01+00:00\",\"description\":\"JMJ 2023 - Roma\u00a0anuncia nesta segunda-feira dia 4 de outubro que a edi\u00e7\u00e3o de Lisboa, em Portugal, ser\u00e1 de 1 a 6 de agosto.\",\"breadcrumb\":{\"@id\":\"https:\\\/\\\/schoenstatt.com\\\/pt-pt\\\/jmj-2023-jornada-de-lisboa-de-1-a-6-de-agosto-2023\\\/#breadcrumb\"},\"inLanguage\":\"pt-PT\",\"potentialAction\":[{\"@type\":\"ReadAction\",\"target\":[\"https:\\\/\\\/schoenstatt.com\\\/pt-pt\\\/jmj-2023-jornada-de-lisboa-de-1-a-6-de-agosto-2023\\\/\"]}]},{\"@type\":\"ImageObject\",\"inLanguage\":\"pt-PT\",\"@id\":\"https:\\\/\\\/schoenstatt.com\\\/pt-pt\\\/jmj-2023-jornada-de-lisboa-de-1-a-6-de-agosto-2023\\\/#primaryimage\",\"url\":\"https:\\\/\\\/schoenstatt.com\\\/wp-content\\\/uploads\\\/2021\\\/10\\\/2021-10-10-2-2.png\",\"contentUrl\":\"https:\\\/\\\/schoenstatt.com\\\/wp-content\\\/uploads\\\/2021\\\/10\\\/2021-10-10-2-2.png\",\"width\":1920,\"height\":1080,\"caption\":\"Vatican Media\"},{\"@type\":\"BreadcrumbList\",\"@id\":\"https:\\\/\\\/schoenstatt.com\\\/pt-pt\\\/jmj-2023-jornada-de-lisboa-de-1-a-6-de-agosto-2023\\\/#breadcrumb\",\"itemListElement\":[{\"@type\":\"ListItem\",\"position\":1,\"name\":\"Portada\",\"item\":\"https:\\\/\\\/schoenstatt.com\\\/pt-pt\\\/home\\\/\"},{\"@type\":\"ListItem\",\"position\":2,\"name\":\"JMJ 2023: Jornada de Lisboa de 1 a 6 de agosto 2023\"}]},{\"@type\":\"WebSite\",\"@id\":\"https:\\\/\\\/schoenstatt.com\\\/pt-pt\\\/#website\",\"url\":\"https:\\\/\\\/schoenstatt.com\\\/pt-pt\\\/\",\"name\":\"Schoenstatt\",\"description\":\"Apostolic Movement\",\"publisher\":{\"@id\":\"https:\\\/\\\/schoenstatt.com\\\/pt-pt\\\/#organization\"},\"potentialAction\":[{\"@type\":\"SearchAction\",\"target\":{\"@type\":\"EntryPoint\",\"urlTemplate\":\"https:\\\/\\\/schoenstatt.com\\\/pt-pt\\\/?s={search_term_string}\"},\"query-input\":{\"@type\":\"PropertyValueSpecification\",\"valueRequired\":true,\"valueName\":\"search_term_string\"}}],\"inLanguage\":\"pt-PT\"},{\"@type\":\"Organization\",\"@id\":\"https:\\\/\\\/schoenstatt.com\\\/pt-pt\\\/#organization\",\"name\":\"Schoenstatt\",\"url\":\"https:\\\/\\\/schoenstatt.com\\\/pt-pt\\\/\",\"logo\":{\"@type\":\"ImageObject\",\"inLanguage\":\"pt-PT\",\"@id\":\"https:\\\/\\\/schoenstatt.com\\\/pt-pt\\\/#\\\/schema\\\/logo\\\/image\\\/\",\"url\":\"https:\\\/\\\/schoenstatt.com\\\/wp-content\\\/uploads\\\/2025\\\/04\\\/logo-schoenstatt-white-696x696-1.png\",\"contentUrl\":\"https:\\\/\\\/schoenstatt.com\\\/wp-content\\\/uploads\\\/2025\\\/04\\\/logo-schoenstatt-white-696x696-1.png\",\"width\":696,\"height\":694,\"caption\":\"Schoenstatt\"},\"image\":{\"@id\":\"https:\\\/\\\/schoenstatt.com\\\/pt-pt\\\/#\\\/schema\\\/logo\\\/image\\\/\"}},{\"@type\":\"Person\",\"@id\":\"https:\\\/\\\/schoenstatt.com\\\/pt-pt\\\/#\\\/schema\\\/person\\\/489465b1850e7b216fe2c10dfc262551\",\"name\":\"admin\",\"image\":{\"@type\":\"ImageObject\",\"inLanguage\":\"pt-PT\",\"@id\":\"https:\\\/\\\/secure.gravatar.com\\\/avatar\\\/02e8345e1ec40ab0e0a2a98fdde64a684bbaf994cddcb778b25b8b024ee9dfe6?s=96&d=mm&r=g\",\"url\":\"https:\\\/\\\/secure.gravatar.com\\\/avatar\\\/02e8345e1ec40ab0e0a2a98fdde64a684bbaf994cddcb778b25b8b024ee9dfe6?s=96&d=mm&r=g\",\"contentUrl\":\"https:\\\/\\\/secure.gravatar.com\\\/avatar\\\/02e8345e1ec40ab0e0a2a98fdde64a684bbaf994cddcb778b25b8b024ee9dfe6?s=96&d=mm&r=g\",\"caption\":\"admin\"},\"sameAs\":[\"https:\\\/\\\/schoenstatt.com\"],\"url\":\"https:\\\/\\\/schoenstatt.com\\\/pt-pt\\\/author\\\/admin\\\/\"}]}<\/script>\n<!-- \/ Yoast SEO Premium plugin. -->","yoast_head_json":{"title":"JMJ 2023: Jornada de Lisboa de 1 a 6 de agosto 2023","description":"JMJ 2023 - Roma\u00a0anuncia nesta segunda-feira dia 4 de outubro que a edi\u00e7\u00e3o de Lisboa, em Portugal, ser\u00e1 de 1 a 6 de agosto.","robots":{"index":"index","follow":"follow","max-snippet":"max-snippet:-1","max-image-preview":"max-image-preview:large","max-video-preview":"max-video-preview:-1"},"canonical":"https:\/\/schoenstatt.com\/pt-pt\/jmj-2023-jornada-de-lisboa-de-1-a-6-de-agosto-2023\/","og_locale":"pt_PT","og_type":"article","og_title":"JMJ 2023: Jornada de Lisboa de 1 a 6 de agosto 2023","og_description":"JMJ 2023 - Roma\u00a0anuncia nesta segunda-feira dia 4 de outubro que a edi\u00e7\u00e3o de Lisboa, em Portugal, ser\u00e1 de 1 a 6 de agosto.","og_url":"https:\/\/schoenstatt.com\/pt-pt\/jmj-2023-jornada-de-lisboa-de-1-a-6-de-agosto-2023\/","og_site_name":"Schoenstatt","article_published_time":"2021-10-04T18:31:16+00:00","article_modified_time":"2025-08-14T23:27:01+00:00","og_image":[{"width":1920,"height":1080,"url":"https:\/\/schoenstatt.com\/wp-content\/uploads\/2021\/10\/2021-10-10-2-2.png","type":"image\/png"}],"author":"admin","twitter_card":"summary_large_image","twitter_misc":{"Escrito por":"admin","Tempo estimado de leitura":"3 minutos"},"schema":{"@context":"https:\/\/schema.org","@graph":[{"@type":"Article","@id":"https:\/\/schoenstatt.com\/pt-pt\/jmj-2023-jornada-de-lisboa-de-1-a-6-de-agosto-2023\/#article","isPartOf":{"@id":"https:\/\/schoenstatt.com\/pt-pt\/jmj-2023-jornada-de-lisboa-de-1-a-6-de-agosto-2023\/"},"author":{"name":"admin","@id":"https:\/\/schoenstatt.com\/pt-pt\/#\/schema\/person\/489465b1850e7b216fe2c10dfc262551"},"headline":"JMJ 2023: Jornada de Lisboa de 1 a 6 de agosto 2023","datePublished":"2021-10-04T18:31:16+00:00","dateModified":"2025-08-14T23:27:01+00:00","mainEntityOfPage":{"@id":"https:\/\/schoenstatt.com\/pt-pt\/jmj-2023-jornada-de-lisboa-de-1-a-6-de-agosto-2023\/"},"wordCount":514,"publisher":{"@id":"https:\/\/schoenstatt.com\/pt-pt\/#organization"},"image":{"@id":"https:\/\/schoenstatt.com\/pt-pt\/jmj-2023-jornada-de-lisboa-de-1-a-6-de-agosto-2023\/#primaryimage"},"thumbnailUrl":"https:\/\/schoenstatt.com\/wp-content\/uploads\/2021\/10\/2021-10-10-2-2.png","keywords":["JMJ Lisboa","Jornada Mundial da Juventude \u2013 JMJ","Juventude"],"articleSection":["Igreja","Juventude"],"inLanguage":"pt-PT"},{"@type":"WebPage","@id":"https:\/\/schoenstatt.com\/pt-pt\/jmj-2023-jornada-de-lisboa-de-1-a-6-de-agosto-2023\/","url":"https:\/\/schoenstatt.com\/pt-pt\/jmj-2023-jornada-de-lisboa-de-1-a-6-de-agosto-2023\/","name":"JMJ 2023: Jornada de Lisboa de 1 a 6 de agosto 2023","isPartOf":{"@id":"https:\/\/schoenstatt.com\/pt-pt\/#website"},"primaryImageOfPage":{"@id":"https:\/\/schoenstatt.com\/pt-pt\/jmj-2023-jornada-de-lisboa-de-1-a-6-de-agosto-2023\/#primaryimage"},"image":{"@id":"https:\/\/schoenstatt.com\/pt-pt\/jmj-2023-jornada-de-lisboa-de-1-a-6-de-agosto-2023\/#primaryimage"},"thumbnailUrl":"https:\/\/schoenstatt.com\/wp-content\/uploads\/2021\/10\/2021-10-10-2-2.png","datePublished":"2021-10-04T18:31:16+00:00","dateModified":"2025-08-14T23:27:01+00:00","description":"JMJ 2023 - Roma\u00a0anuncia nesta segunda-feira dia 4 de outubro que a edi\u00e7\u00e3o de Lisboa, em Portugal, ser\u00e1 de 1 a 6 de agosto.","breadcrumb":{"@id":"https:\/\/schoenstatt.com\/pt-pt\/jmj-2023-jornada-de-lisboa-de-1-a-6-de-agosto-2023\/#breadcrumb"},"inLanguage":"pt-PT","potentialAction":[{"@type":"ReadAction","target":["https:\/\/schoenstatt.com\/pt-pt\/jmj-2023-jornada-de-lisboa-de-1-a-6-de-agosto-2023\/"]}]},{"@type":"ImageObject","inLanguage":"pt-PT","@id":"https:\/\/schoenstatt.com\/pt-pt\/jmj-2023-jornada-de-lisboa-de-1-a-6-de-agosto-2023\/#primaryimage","url":"https:\/\/schoenstatt.com\/wp-content\/uploads\/2021\/10\/2021-10-10-2-2.png","contentUrl":"https:\/\/schoenstatt.com\/wp-content\/uploads\/2021\/10\/2021-10-10-2-2.png","width":1920,"height":1080,"caption":"Vatican Media"},{"@type":"BreadcrumbList","@id":"https:\/\/schoenstatt.com\/pt-pt\/jmj-2023-jornada-de-lisboa-de-1-a-6-de-agosto-2023\/#breadcrumb","itemListElement":[{"@type":"ListItem","position":1,"name":"Portada","item":"https:\/\/schoenstatt.com\/pt-pt\/home\/"},{"@type":"ListItem","position":2,"name":"JMJ 2023: Jornada de Lisboa de 1 a 6 de agosto 2023"}]},{"@type":"WebSite","@id":"https:\/\/schoenstatt.com\/pt-pt\/#website","url":"https:\/\/schoenstatt.com\/pt-pt\/","name":"Schoenstatt","description":"Apostolic Movement","publisher":{"@id":"https:\/\/schoenstatt.com\/pt-pt\/#organization"},"potentialAction":[{"@type":"SearchAction","target":{"@type":"EntryPoint","urlTemplate":"https:\/\/schoenstatt.com\/pt-pt\/?s={search_term_string}"},"query-input":{"@type":"PropertyValueSpecification","valueRequired":true,"valueName":"search_term_string"}}],"inLanguage":"pt-PT"},{"@type":"Organization","@id":"https:\/\/schoenstatt.com\/pt-pt\/#organization","name":"Schoenstatt","url":"https:\/\/schoenstatt.com\/pt-pt\/","logo":{"@type":"ImageObject","inLanguage":"pt-PT","@id":"https:\/\/schoenstatt.com\/pt-pt\/#\/schema\/logo\/image\/","url":"https:\/\/schoenstatt.com\/wp-content\/uploads\/2025\/04\/logo-schoenstatt-white-696x696-1.png","contentUrl":"https:\/\/schoenstatt.com\/wp-content\/uploads\/2025\/04\/logo-schoenstatt-white-696x696-1.png","width":696,"height":694,"caption":"Schoenstatt"},"image":{"@id":"https:\/\/schoenstatt.com\/pt-pt\/#\/schema\/logo\/image\/"}},{"@type":"Person","@id":"https:\/\/schoenstatt.com\/pt-pt\/#\/schema\/person\/489465b1850e7b216fe2c10dfc262551","name":"admin","image":{"@type":"ImageObject","inLanguage":"pt-PT","@id":"https:\/\/secure.gravatar.com\/avatar\/02e8345e1ec40ab0e0a2a98fdde64a684bbaf994cddcb778b25b8b024ee9dfe6?s=96&d=mm&r=g","url":"https:\/\/secure.gravatar.com\/avatar\/02e8345e1ec40ab0e0a2a98fdde64a684bbaf994cddcb778b25b8b024ee9dfe6?s=96&d=mm&r=g","contentUrl":"https:\/\/secure.gravatar.com\/avatar\/02e8345e1ec40ab0e0a2a98fdde64a684bbaf994cddcb778b25b8b024ee9dfe6?s=96&d=mm&r=g","caption":"admin"},"sameAs":["https:\/\/schoenstatt.com"],"url":"https:\/\/schoenstatt.com\/pt-pt\/author\/admin\/"}]}},"_links":{"self":[{"href":"https:\/\/schoenstatt.com\/pt-pt\/wp-json\/wp\/v2\/posts\/18700","targetHints":{"allow":["GET"]}}],"collection":[{"href":"https:\/\/schoenstatt.com\/pt-pt\/wp-json\/wp\/v2\/posts"}],"about":[{"href":"https:\/\/schoenstatt.com\/pt-pt\/wp-json\/wp\/v2\/types\/post"}],"author":[{"embeddable":true,"href":"https:\/\/schoenstatt.com\/pt-pt\/wp-json\/wp\/v2\/users\/1"}],"replies":[{"embeddable":true,"href":"https:\/\/schoenstatt.com\/pt-pt\/wp-json\/wp\/v2\/comments?post=18700"}],"version-history":[{"count":1,"href":"https:\/\/schoenstatt.com\/pt-pt\/wp-json\/wp\/v2\/posts\/18700\/revisions"}],"predecessor-version":[{"id":44731,"href":"https:\/\/schoenstatt.com\/pt-pt\/wp-json\/wp\/v2\/posts\/18700\/revisions\/44731"}],"wp:featuredmedia":[{"embeddable":true,"href":"https:\/\/schoenstatt.com\/pt-pt\/wp-json\/wp\/v2\/media\/18690"}],"wp:attachment":[{"href":"https:\/\/schoenstatt.com\/pt-pt\/wp-json\/wp\/v2\/media?parent=18700"}],"wp:term":[{"taxonomy":"category","embeddable":true,"href":"https:\/\/schoenstatt.com\/pt-pt\/wp-json\/wp\/v2\/categories?post=18700"},{"taxonomy":"post_tag","embeddable":true,"href":"https:\/\/schoenstatt.com\/pt-pt\/wp-json\/wp\/v2\/tags?post=18700"}],"curies":[{"name":"wp","href":"https:\/\/api.w.org\/{rel}","templated":true}]}}