{"id":72240,"date":"2026-09-01T14:29:40","date_gmt":"2026-09-01T12:29:40","guid":{"rendered":"https:\/\/schoenstatt.com\/?p=72240"},"modified":"2026-09-02T15:46:40","modified_gmt":"2026-09-02T13:46:40","slug":"alla-festa-internazionale-dellincontro-diverse-culture-si-riuniscono-a-schoenstatt","status":"publish","type":"post","link":"https:\/\/schoenstatt.com\/it\/alla-festa-internazionale-dellincontro-diverse-culture-si-riuniscono-a-schoenstatt\/","title":{"rendered":"Alla festa internazionale dell\u2019incontro, diverse culture si riuniscono a Schoenstatt"},"content":{"rendered":"\n<p class=\"wp-block-paragraph\">Domenica 23 agosto 2026: Festa Internazionale dell\u2019Incontro. Ormai \u00e8 una tradizione. Domenica molte persone sono tornate a festeggiare a Schoenstatt, attorno alla Casa dei Pellegrini. Erano rappresentati lo spagnolo, il portoghese, l\u2019inglese, il tagalog, il tedesco, il francese, il rumeno, il polacco e molti altri gruppi linguistici.<\/p>\n\n\n\n<p class=\"wp-block-paragraph\">La Festa dell\u2019Incontro \u00e8 iniziata con la Santa Messa. Padre Stefan Strecker ISch ha dato il benvenuto a tutti i partecipanti alla celebrazione provenienti da diversi Paesi: <em>\u00abQuando noi cristiani parliamo di \u201cinternazionale\u201d, ci riferiamo alla famiglia umana. Ci riferiamo a sorelle e fratelli uniti tra loro, perch\u00e9 Dio ci ha chiamati alla vita. Perci\u00f2, quando ci incontriamo, diciamo: s\u00ec, \u00e8 bello che tu e io facciamo parte di questa famiglia di cristiani. \u2026 \u00c8 bello poterti conoscere oggi\u2026\u00bb. <\/em>Padre Strecker ha rivolto un saluto speciale ai giovani di Oberkirch, che hanno \u201cnavigato\u201d in canoa per una settimana fino a Schoenstatt, come preparazione alla Cresima.<\/p>\n\n\n\n<p class=\"wp-block-paragraph\">Il concelebrante, padre Jos\u00e9 Luiz Agorela Cruz, del Messico, \u00e8 stato accolto con un applauso. Nell\u2019omelia, padre Stefan Strecker ha incoraggiato i presenti a riconoscere Dio nella propria vita, a guardare a Maria e alle proprie capacit\u00e0 per metterle al servizio di questo mondo.<\/p>\n\n\n\n<div style=\"height:33px\" aria-hidden=\"true\" class=\"wp-block-spacer\"><\/div>\n\n\n\n<figure class=\"wp-block-image aligncenter size-full\"><img decoding=\"async\" src=\"https:\/\/schoenstatt.com\/wp-content\/uploads\/2026\/09\/Fest-der-Begegnung-2026-2.webp\" alt=\"\" class=\"wp-image-72167\"\/><figcaption class=\"wp-element-caption\">Un\u2019atmosfera internazionale nella Chiesa dei Pellegrini di Schoenstatt: gi\u00e0 durante la Messa, all\u2019inizio dell\u2019Incontro Internazionale, si percepiva la diversit\u00e0 (Foto: Centro Pellegrinaggi)<\/figcaption><\/figure>\n\n\n\n<div style=\"height:30px\" aria-hidden=\"true\" class=\"wp-block-spacer\"><\/div>\n\n\n\n<p class=\"wp-block-paragraph\">La musica durante la Santa Messa \u00e8 stata proposta in diverse lingue e secondo differenti tradizioni culturali. Particolarmente suggestiva \u00e8 stata la processione offertoriale. Il gruppo \u201cS\u00e1bado\u201d l\u2019ha organizzata secondo le usanze della propria terra d\u2019origine, Capo Verde e Guinea. La Messa si \u00e8 conclusa con una processione verso il Santuario Originale, dove i \u00abRacoons\u00bb, la banda di fanfara di Vallendar, si sono uniti alla festa. Dopo l\u2019\u00abAngelus\u00bb, recitato in diverse lingue, padre Stefan Strecker ha impartito a tutti la benedizione con la Croce dell\u2019Unit\u00e0.<\/p>\n\n\n\n<div style=\"height:38px\" aria-hidden=\"true\" class=\"wp-block-spacer\"><\/div>\n\n\n\n<h2 id=\"h-quando-culture-diverse-si-incontrano\" class=\"wp-block-heading has-medium-font-size\">Quando culture diverse si incontrano<\/h2>\n\n\n\n<p class=\"wp-block-paragraph\">Tutti sono stati invitati a continuare i festeggiamenti presso la Casa dei Pellegrini. Il cibo, le bevande, la musica dell\u2019organetto di Herbert Wirtz, i gruppi internazionali di danza e i \u00abRacoons\u00bb, che ormai tradizionalmente contribuiscono all\u2019organizzazione di questa festa, hanno allietato i visitatori. Mar\u00eda Eugenia, candidata delle Sorelle di Maria di Schoenstatt, ha condotto l\u2019evento insieme a Eckehard Kilian.<\/p>\n\n\n\n<p class=\"wp-block-paragraph\">Uno dei momenti pi\u00f9 attesi \u00e8 stata la lotteria, il cui ricavato sar\u00e0 destinato al riscaldamento della Chiesa dei Pellegrini. Due fortunati hanno estratto i biglietti vincenti. I vincitori hanno esultato con grande entusiasmo; tra loro anche il direttore del gruppo di danza polacco \u00abViva Polonia\u00bb, che ha ricevuto una grande immagine di San Giovanni.<\/p>\n\n\n\n<div style=\"height:29px\" aria-hidden=\"true\" class=\"wp-block-spacer\"><\/div>\n\n\n\n<figure class=\"wp-block-image aligncenter size-full\"><img decoding=\"async\" src=\"https:\/\/schoenstatt.com\/wp-content\/uploads\/2026\/09\/Fest-der-Begegnung-2026-3.webp\" alt=\"\" class=\"wp-image-72174\"\/><figcaption class=\"wp-element-caption\">Attorno alla Casa dei Pellegrini e lungo il percorso verso la Chiesa dei Pellegrini non sono mancate le occasioni per incontrarsi e conoscere nuove persone (Foto: Centro Pellegrinaggi)<\/figcaption><\/figure>\n\n\n\n<div style=\"height:31px\" aria-hidden=\"true\" class=\"wp-block-spacer\"><\/div>\n\n\n\n<p class=\"wp-block-paragraph\">Un caloroso applauso ha accompagnato il canto per l\u2019anniversario delle Sorelle di Maria di Schoenstatt. Celebrano infatti i loro 100 anni, un traguardo immortalato nella foto con il grande numero 100. Per tutta la giornata sono state organizzate attivit\u00e0 per i bambini. L\u2019area giochi e il trucco per il viso sono stati sempre affollati di visitatori, piccoli e grandi. Attraverso numerose conversazioni sono stati costruiti ponti tra le persone, indipendentemente dalla nazionalit\u00e0 o dalla lingua: a volte con semplici gesti, ballando insieme o semplicemente con un sorriso.<\/p>\n\n\n\n<p class=\"wp-block-paragraph\">\u00abNon era mai stato cos\u00ec bello\u00bb, ha detto un uomo, esprimendo ci\u00f2 che sembravano provare tutti i visitatori.<\/p>\n\n\n\n<div style=\"height:25px\" aria-hidden=\"true\" class=\"wp-block-spacer\"><\/div>\n\n\n\n<figure class=\"wp-block-image aligncenter size-full\"><img decoding=\"async\" src=\"https:\/\/schoenstatt.com\/wp-content\/uploads\/2026\/09\/Fest-der-Begegnung-2026-1.webp\" alt=\"\" class=\"wp-image-72162\"\/><figcaption class=\"wp-element-caption\">Danze e spettacoli diversi hanno contribuito a creare un\u2019atmosfera distesa e gioiosa presso la Casa dei Pellegrini (Foto: Centro Pellegrinaggi)<\/figcaption><\/figure>\n\n\n\n<div style=\"height:34px\" aria-hidden=\"true\" class=\"wp-block-spacer\"><\/div>\n\n\n\n<p class=\"wp-block-paragraph\">Per concludere la Festa Internazionale, padre Strecker ha benedetto alcune piccole luci, distribuite insieme a dei cioccolatini: \u00abChe la luce della speranza risplenda nella vostra vita quotidiana\u00bb. Al termine dell\u2019evento, i presentatori Eckehardt Kilian e Mar\u00eda Eugenia hanno ringraziato i numerosi collaboratori, sia quelli in primo piano sia quelli che hanno lavorato dietro le quinte, rendendo possibile questa festa.<\/p>\n\n\n\n<p class=\"wp-block-paragraph\">Infine, hanno rivolto ai visitatori un invito: \u00abTornate tutti l\u2019anno prossimo, il 15 agosto 2027!\u00bb<\/p>\n\n\n\n<p class=\"wp-block-paragraph\"><strong>Fonte:<\/strong> <a href=\"https:\/\/www.schoenstatt.de\/de\/news\/7379\/112\/Spuerbare-Vielfalt-auf-dem-internationalen-Fest-der-Begegnung-in-Schoenstatt.htm\" target=\"_blank\" rel=\"noreferrer noopener\">schoenstatt.de<\/a><\/p>\n\n\n\n<p class=\"wp-block-paragraph\"><strong>Traduzione:<\/strong> Eugenio Minici<\/p>\n","protected":false},"excerpt":{"rendered":"<p>Festa Internazionale dell\u2019Incontro &#8211; \u00abNon era mai stato cos\u00ec bello\u00bb, ha detto un uomo, esprimendo ci\u00f2 che sembravano provare tutti i visitatori.<\/p>\n","protected":false},"author":3,"featured_media":72173,"comment_status":"closed","ping_status":"closed","sticky":false,"template":"","format":"standard","meta":{"footnotes":""},"categories":[900],"tags":[1079],"class_list":["post-72240","post","type-post","status-publish","format-standard","has-post-thumbnail","hentry","category-santuario-originale-it","tag-santuario-originale-it"],"yoast_head":"<!-- This site is optimized with the Yoast SEO Premium plugin v28.1 (Yoast SEO v28.4) - https:\/\/yoast.com\/product\/yoast-seo-premium-wordpress\/ -->\n<title>Alla festa internazionale dell\u2019incontro, diverse culture si riuniscono a Schoenstatt<\/title>\n<meta name=\"robots\" content=\"index, follow, max-snippet:-1, max-image-preview:large, max-video-preview:-1\" \/>\n<link rel=\"canonical\" href=\"https:\/\/schoenstatt.com\/it\/alla-festa-internazionale-dellincontro-diverse-culture-si-riuniscono-a-schoenstatt\/\" \/>\n<meta property=\"og:locale\" content=\"it_IT\" \/>\n<meta property=\"og:type\" content=\"article\" \/>\n<meta property=\"og:title\" content=\"Alla festa internazionale dell\u2019incontro, diverse culture si riuniscono a Schoenstatt\" \/>\n<meta property=\"og:description\" content=\"Festa Internazionale dell\u2019Incontro - \u00abNon era mai stato cos\u00ec bello\u00bb, ha detto un uomo, esprimendo ci\u00f2 che sembravano provare tutti i visitatori.\" \/>\n<meta property=\"og:url\" content=\"https:\/\/schoenstatt.com\/it\/alla-festa-internazionale-dellincontro-diverse-culture-si-riuniscono-a-schoenstatt\/\" \/>\n<meta property=\"og:site_name\" content=\"Schoenstatt\" \/>\n<meta property=\"article:published_time\" content=\"2026-09-01T12:29:40+00:00\" \/>\n<meta property=\"article:modified_time\" content=\"2026-09-02T13:46:40+00:00\" \/>\n<meta property=\"og:image\" content=\"https:\/\/schoenstatt.com\/wp-content\/uploads\/2026\/09\/Fest-der-Begegnung-2026-3.webp\" \/>\n\t<meta property=\"og:image:width\" content=\"2048\" \/>\n\t<meta property=\"og:image:height\" content=\"1153\" \/>\n\t<meta property=\"og:image:type\" content=\"image\/jpeg\" \/>\n<meta name=\"author\" content=\"Karen Bueno\" \/>\n<meta name=\"twitter:card\" content=\"summary_large_image\" \/>\n<meta name=\"twitter:label1\" content=\"Scritto da\" \/>\n\t<meta name=\"twitter:data1\" content=\"Karen Bueno\" \/>\n\t<meta name=\"twitter:label2\" content=\"Tempo di lettura stimato\" \/>\n\t<meta name=\"twitter:data2\" content=\"5 minuti\" \/>\n<script type=\"application\/ld+json\" class=\"yoast-schema-graph\">{\"@context\":\"https:\\\/\\\/schema.org\",\"@graph\":[{\"@type\":\"Article\",\"@id\":\"https:\\\/\\\/schoenstatt.com\\\/it\\\/alla-festa-internazionale-dellincontro-diverse-culture-si-riuniscono-a-schoenstatt\\\/#article\",\"isPartOf\":{\"@id\":\"https:\\\/\\\/schoenstatt.com\\\/it\\\/alla-festa-internazionale-dellincontro-diverse-culture-si-riuniscono-a-schoenstatt\\\/\"},\"author\":{\"name\":\"Karen Bueno\",\"@id\":\"https:\\\/\\\/schoenstatt.com\\\/it\\\/#\\\/schema\\\/person\\\/5158877ad4acae98b34daaeef2a1ce6e\"},\"headline\":\"Alla festa internazionale dell\u2019incontro, diverse culture si riuniscono a Schoenstatt\",\"datePublished\":\"2026-09-01T12:29:40+00:00\",\"dateModified\":\"2026-09-02T13:46:40+00:00\",\"mainEntityOfPage\":{\"@id\":\"https:\\\/\\\/schoenstatt.com\\\/it\\\/alla-festa-internazionale-dellincontro-diverse-culture-si-riuniscono-a-schoenstatt\\\/\"},\"wordCount\":672,\"publisher\":{\"@id\":\"https:\\\/\\\/schoenstatt.com\\\/it\\\/#organization\"},\"image\":{\"@id\":\"https:\\\/\\\/schoenstatt.com\\\/it\\\/alla-festa-internazionale-dellincontro-diverse-culture-si-riuniscono-a-schoenstatt\\\/#primaryimage\"},\"thumbnailUrl\":\"https:\\\/\\\/schoenstatt.com\\\/wp-content\\\/uploads\\\/2026\\\/09\\\/Fest-der-Begegnung-2026-3.webp\",\"keywords\":[\"Santuario Originale\"],\"articleSection\":[\"Santuario Originale\"],\"inLanguage\":\"it-IT\"},{\"@type\":\"WebPage\",\"@id\":\"https:\\\/\\\/schoenstatt.com\\\/it\\\/alla-festa-internazionale-dellincontro-diverse-culture-si-riuniscono-a-schoenstatt\\\/\",\"url\":\"https:\\\/\\\/schoenstatt.com\\\/it\\\/alla-festa-internazionale-dellincontro-diverse-culture-si-riuniscono-a-schoenstatt\\\/\",\"name\":\"Alla festa internazionale dell\u2019incontro, diverse culture si riuniscono a Schoenstatt\",\"isPartOf\":{\"@id\":\"https:\\\/\\\/schoenstatt.com\\\/it\\\/#website\"},\"primaryImageOfPage\":{\"@id\":\"https:\\\/\\\/schoenstatt.com\\\/it\\\/alla-festa-internazionale-dellincontro-diverse-culture-si-riuniscono-a-schoenstatt\\\/#primaryimage\"},\"image\":{\"@id\":\"https:\\\/\\\/schoenstatt.com\\\/it\\\/alla-festa-internazionale-dellincontro-diverse-culture-si-riuniscono-a-schoenstatt\\\/#primaryimage\"},\"thumbnailUrl\":\"https:\\\/\\\/schoenstatt.com\\\/wp-content\\\/uploads\\\/2026\\\/09\\\/Fest-der-Begegnung-2026-3.webp\",\"datePublished\":\"2026-09-01T12:29:40+00:00\",\"dateModified\":\"2026-09-02T13:46:40+00:00\",\"breadcrumb\":{\"@id\":\"https:\\\/\\\/schoenstatt.com\\\/it\\\/alla-festa-internazionale-dellincontro-diverse-culture-si-riuniscono-a-schoenstatt\\\/#breadcrumb\"},\"inLanguage\":\"it-IT\",\"potentialAction\":[{\"@type\":\"ReadAction\",\"target\":[\"https:\\\/\\\/schoenstatt.com\\\/it\\\/alla-festa-internazionale-dellincontro-diverse-culture-si-riuniscono-a-schoenstatt\\\/\"]}]},{\"@type\":\"ImageObject\",\"inLanguage\":\"it-IT\",\"@id\":\"https:\\\/\\\/schoenstatt.com\\\/it\\\/alla-festa-internazionale-dellincontro-diverse-culture-si-riuniscono-a-schoenstatt\\\/#primaryimage\",\"url\":\"https:\\\/\\\/schoenstatt.com\\\/wp-content\\\/uploads\\\/2026\\\/09\\\/Fest-der-Begegnung-2026-3.webp\",\"contentUrl\":\"https:\\\/\\\/schoenstatt.com\\\/wp-content\\\/uploads\\\/2026\\\/09\\\/Fest-der-Begegnung-2026-3.webp\",\"width\":2048,\"height\":1153},{\"@type\":\"BreadcrumbList\",\"@id\":\"https:\\\/\\\/schoenstatt.com\\\/it\\\/alla-festa-internazionale-dellincontro-diverse-culture-si-riuniscono-a-schoenstatt\\\/#breadcrumb\",\"itemListElement\":[{\"@type\":\"ListItem\",\"position\":1,\"name\":\"Portada\",\"item\":\"https:\\\/\\\/schoenstatt.com\\\/it\\\/home\\\/\"},{\"@type\":\"ListItem\",\"position\":2,\"name\":\"Alla festa internazionale dell\u2019incontro, diverse culture si riuniscono a Schoenstatt\"}]},{\"@type\":\"WebSite\",\"@id\":\"https:\\\/\\\/schoenstatt.com\\\/it\\\/#website\",\"url\":\"https:\\\/\\\/schoenstatt.com\\\/it\\\/\",\"name\":\"Schoenstatt\",\"description\":\"Apostolic Movement\",\"publisher\":{\"@id\":\"https:\\\/\\\/schoenstatt.com\\\/it\\\/#organization\"},\"potentialAction\":[{\"@type\":\"SearchAction\",\"target\":{\"@type\":\"EntryPoint\",\"urlTemplate\":\"https:\\\/\\\/schoenstatt.com\\\/it\\\/?s={search_term_string}\"},\"query-input\":{\"@type\":\"PropertyValueSpecification\",\"valueRequired\":true,\"valueName\":\"search_term_string\"}}],\"inLanguage\":\"it-IT\"},{\"@type\":\"Organization\",\"@id\":\"https:\\\/\\\/schoenstatt.com\\\/it\\\/#organization\",\"name\":\"Schoenstatt\",\"url\":\"https:\\\/\\\/schoenstatt.com\\\/it\\\/\",\"logo\":{\"@type\":\"ImageObject\",\"inLanguage\":\"it-IT\",\"@id\":\"https:\\\/\\\/schoenstatt.com\\\/it\\\/#\\\/schema\\\/logo\\\/image\\\/\",\"url\":\"https:\\\/\\\/schoenstatt.com\\\/wp-content\\\/uploads\\\/2025\\\/04\\\/logo-schoenstatt-white-696x696-1.png\",\"contentUrl\":\"https:\\\/\\\/schoenstatt.com\\\/wp-content\\\/uploads\\\/2025\\\/04\\\/logo-schoenstatt-white-696x696-1.png\",\"width\":696,\"height\":694,\"caption\":\"Schoenstatt\"},\"image\":{\"@id\":\"https:\\\/\\\/schoenstatt.com\\\/it\\\/#\\\/schema\\\/logo\\\/image\\\/\"}},{\"@type\":\"Person\",\"@id\":\"https:\\\/\\\/schoenstatt.com\\\/it\\\/#\\\/schema\\\/person\\\/5158877ad4acae98b34daaeef2a1ce6e\",\"name\":\"Karen Bueno\",\"image\":{\"@type\":\"ImageObject\",\"inLanguage\":\"it-IT\",\"@id\":\"https:\\\/\\\/secure.gravatar.com\\\/avatar\\\/f9f4b823873154269d2b2130f195f6d41037dd0d7fc5f3cacb5c846bae70d66b?s=96&d=mm&r=g\",\"url\":\"https:\\\/\\\/secure.gravatar.com\\\/avatar\\\/f9f4b823873154269d2b2130f195f6d41037dd0d7fc5f3cacb5c846bae70d66b?s=96&d=mm&r=g\",\"contentUrl\":\"https:\\\/\\\/secure.gravatar.com\\\/avatar\\\/f9f4b823873154269d2b2130f195f6d41037dd0d7fc5f3cacb5c846bae70d66b?s=96&d=mm&r=g\",\"caption\":\"Karen Bueno\"},\"url\":\"https:\\\/\\\/schoenstatt.com\\\/it\\\/author\\\/karen-bueno\\\/\"}]}<\/script>\n<!-- \/ Yoast SEO Premium plugin. -->","yoast_head_json":{"title":"Alla festa internazionale dell\u2019incontro, diverse culture si riuniscono a Schoenstatt","robots":{"index":"index","follow":"follow","max-snippet":"max-snippet:-1","max-image-preview":"max-image-preview:large","max-video-preview":"max-video-preview:-1"},"canonical":"https:\/\/schoenstatt.com\/it\/alla-festa-internazionale-dellincontro-diverse-culture-si-riuniscono-a-schoenstatt\/","og_locale":"it_IT","og_type":"article","og_title":"Alla festa internazionale dell\u2019incontro, diverse culture si riuniscono a Schoenstatt","og_description":"Festa Internazionale dell\u2019Incontro - \u00abNon era mai stato cos\u00ec bello\u00bb, ha detto un uomo, esprimendo ci\u00f2 che sembravano provare tutti i visitatori.","og_url":"https:\/\/schoenstatt.com\/it\/alla-festa-internazionale-dellincontro-diverse-culture-si-riuniscono-a-schoenstatt\/","og_site_name":"Schoenstatt","article_published_time":"2026-09-01T12:29:40+00:00","article_modified_time":"2026-09-02T13:46:40+00:00","og_image":[{"width":2048,"height":1153,"url":"https:\/\/schoenstatt.com\/wp-content\/uploads\/2026\/09\/Fest-der-Begegnung-2026-3.webp","type":"image\/jpeg"}],"author":"Karen Bueno","twitter_card":"summary_large_image","twitter_misc":{"Scritto da":"Karen Bueno","Tempo di lettura stimato":"5 minuti"},"schema":{"@context":"https:\/\/schema.org","@graph":[{"@type":"Article","@id":"https:\/\/schoenstatt.com\/it\/alla-festa-internazionale-dellincontro-diverse-culture-si-riuniscono-a-schoenstatt\/#article","isPartOf":{"@id":"https:\/\/schoenstatt.com\/it\/alla-festa-internazionale-dellincontro-diverse-culture-si-riuniscono-a-schoenstatt\/"},"author":{"name":"Karen Bueno","@id":"https:\/\/schoenstatt.com\/it\/#\/schema\/person\/5158877ad4acae98b34daaeef2a1ce6e"},"headline":"Alla festa internazionale dell\u2019incontro, diverse culture si riuniscono a Schoenstatt","datePublished":"2026-09-01T12:29:40+00:00","dateModified":"2026-09-02T13:46:40+00:00","mainEntityOfPage":{"@id":"https:\/\/schoenstatt.com\/it\/alla-festa-internazionale-dellincontro-diverse-culture-si-riuniscono-a-schoenstatt\/"},"wordCount":672,"publisher":{"@id":"https:\/\/schoenstatt.com\/it\/#organization"},"image":{"@id":"https:\/\/schoenstatt.com\/it\/alla-festa-internazionale-dellincontro-diverse-culture-si-riuniscono-a-schoenstatt\/#primaryimage"},"thumbnailUrl":"https:\/\/schoenstatt.com\/wp-content\/uploads\/2026\/09\/Fest-der-Begegnung-2026-3.webp","keywords":["Santuario Originale"],"articleSection":["Santuario Originale"],"inLanguage":"it-IT"},{"@type":"WebPage","@id":"https:\/\/schoenstatt.com\/it\/alla-festa-internazionale-dellincontro-diverse-culture-si-riuniscono-a-schoenstatt\/","url":"https:\/\/schoenstatt.com\/it\/alla-festa-internazionale-dellincontro-diverse-culture-si-riuniscono-a-schoenstatt\/","name":"Alla festa internazionale dell\u2019incontro, diverse culture si riuniscono a Schoenstatt","isPartOf":{"@id":"https:\/\/schoenstatt.com\/it\/#website"},"primaryImageOfPage":{"@id":"https:\/\/schoenstatt.com\/it\/alla-festa-internazionale-dellincontro-diverse-culture-si-riuniscono-a-schoenstatt\/#primaryimage"},"image":{"@id":"https:\/\/schoenstatt.com\/it\/alla-festa-internazionale-dellincontro-diverse-culture-si-riuniscono-a-schoenstatt\/#primaryimage"},"thumbnailUrl":"https:\/\/schoenstatt.com\/wp-content\/uploads\/2026\/09\/Fest-der-Begegnung-2026-3.webp","datePublished":"2026-09-01T12:29:40+00:00","dateModified":"2026-09-02T13:46:40+00:00","breadcrumb":{"@id":"https:\/\/schoenstatt.com\/it\/alla-festa-internazionale-dellincontro-diverse-culture-si-riuniscono-a-schoenstatt\/#breadcrumb"},"inLanguage":"it-IT","potentialAction":[{"@type":"ReadAction","target":["https:\/\/schoenstatt.com\/it\/alla-festa-internazionale-dellincontro-diverse-culture-si-riuniscono-a-schoenstatt\/"]}]},{"@type":"ImageObject","inLanguage":"it-IT","@id":"https:\/\/schoenstatt.com\/it\/alla-festa-internazionale-dellincontro-diverse-culture-si-riuniscono-a-schoenstatt\/#primaryimage","url":"https:\/\/schoenstatt.com\/wp-content\/uploads\/2026\/09\/Fest-der-Begegnung-2026-3.webp","contentUrl":"https:\/\/schoenstatt.com\/wp-content\/uploads\/2026\/09\/Fest-der-Begegnung-2026-3.webp","width":2048,"height":1153},{"@type":"BreadcrumbList","@id":"https:\/\/schoenstatt.com\/it\/alla-festa-internazionale-dellincontro-diverse-culture-si-riuniscono-a-schoenstatt\/#breadcrumb","itemListElement":[{"@type":"ListItem","position":1,"name":"Portada","item":"https:\/\/schoenstatt.com\/it\/home\/"},{"@type":"ListItem","position":2,"name":"Alla festa internazionale dell\u2019incontro, diverse culture si riuniscono a Schoenstatt"}]},{"@type":"WebSite","@id":"https:\/\/schoenstatt.com\/it\/#website","url":"https:\/\/schoenstatt.com\/it\/","name":"Schoenstatt","description":"Apostolic Movement","publisher":{"@id":"https:\/\/schoenstatt.com\/it\/#organization"},"potentialAction":[{"@type":"SearchAction","target":{"@type":"EntryPoint","urlTemplate":"https:\/\/schoenstatt.com\/it\/?s={search_term_string}"},"query-input":{"@type":"PropertyValueSpecification","valueRequired":true,"valueName":"search_term_string"}}],"inLanguage":"it-IT"},{"@type":"Organization","@id":"https:\/\/schoenstatt.com\/it\/#organization","name":"Schoenstatt","url":"https:\/\/schoenstatt.com\/it\/","logo":{"@type":"ImageObject","inLanguage":"it-IT","@id":"https:\/\/schoenstatt.com\/it\/#\/schema\/logo\/image\/","url":"https:\/\/schoenstatt.com\/wp-content\/uploads\/2025\/04\/logo-schoenstatt-white-696x696-1.png","contentUrl":"https:\/\/schoenstatt.com\/wp-content\/uploads\/2025\/04\/logo-schoenstatt-white-696x696-1.png","width":696,"height":694,"caption":"Schoenstatt"},"image":{"@id":"https:\/\/schoenstatt.com\/it\/#\/schema\/logo\/image\/"}},{"@type":"Person","@id":"https:\/\/schoenstatt.com\/it\/#\/schema\/person\/5158877ad4acae98b34daaeef2a1ce6e","name":"Karen Bueno","image":{"@type":"ImageObject","inLanguage":"it-IT","@id":"https:\/\/secure.gravatar.com\/avatar\/f9f4b823873154269d2b2130f195f6d41037dd0d7fc5f3cacb5c846bae70d66b?s=96&d=mm&r=g","url":"https:\/\/secure.gravatar.com\/avatar\/f9f4b823873154269d2b2130f195f6d41037dd0d7fc5f3cacb5c846bae70d66b?s=96&d=mm&r=g","contentUrl":"https:\/\/secure.gravatar.com\/avatar\/f9f4b823873154269d2b2130f195f6d41037dd0d7fc5f3cacb5c846bae70d66b?s=96&d=mm&r=g","caption":"Karen Bueno"},"url":"https:\/\/schoenstatt.com\/it\/author\/karen-bueno\/"}]}},"_links":{"self":[{"href":"https:\/\/schoenstatt.com\/it\/wp-json\/wp\/v2\/posts\/72240","targetHints":{"allow":["GET"]}}],"collection":[{"href":"https:\/\/schoenstatt.com\/it\/wp-json\/wp\/v2\/posts"}],"about":[{"href":"https:\/\/schoenstatt.com\/it\/wp-json\/wp\/v2\/types\/post"}],"author":[{"embeddable":true,"href":"https:\/\/schoenstatt.com\/it\/wp-json\/wp\/v2\/users\/3"}],"replies":[{"embeddable":true,"href":"https:\/\/schoenstatt.com\/it\/wp-json\/wp\/v2\/comments?post=72240"}],"version-history":[{"count":2,"href":"https:\/\/schoenstatt.com\/it\/wp-json\/wp\/v2\/posts\/72240\/revisions"}],"predecessor-version":[{"id":72242,"href":"https:\/\/schoenstatt.com\/it\/wp-json\/wp\/v2\/posts\/72240\/revisions\/72242"}],"wp:featuredmedia":[{"embeddable":true,"href":"https:\/\/schoenstatt.com\/it\/wp-json\/wp\/v2\/media\/72173"}],"wp:attachment":[{"href":"https:\/\/schoenstatt.com\/it\/wp-json\/wp\/v2\/media?parent=72240"}],"wp:term":[{"taxonomy":"category","embeddable":true,"href":"https:\/\/schoenstatt.com\/it\/wp-json\/wp\/v2\/categories?post=72240"},{"taxonomy":"post_tag","embeddable":true,"href":"https:\/\/schoenstatt.com\/it\/wp-json\/wp\/v2\/tags?post=72240"}],"curies":[{"name":"wp","href":"https:\/\/api.w.org\/{rel}","templated":true}]}}