{"id":69997,"date":"2026-05-01T15:46:56","date_gmt":"2026-05-01T13:46:56","guid":{"rendered":"https:\/\/schoenstatt.com\/?p=69997"},"modified":"2026-05-01T16:00:20","modified_gmt":"2026-05-01T14:00:20","slug":"che-lavoro-faceva-giuseppe-il-falegname-dei-vangeli","status":"publish","type":"post","link":"https:\/\/schoenstatt.com\/it\/che-lavoro-faceva-giuseppe-il-falegname-dei-vangeli\/","title":{"rendered":"Che lavoro faceva Giuseppe? Il falegname dei Vangeli"},"content":{"rendered":"\n<p>Le fonti evangeliche affidano il mestiere di Giuseppe a una sola parola. Nel Vangelo secondo Marco (6,3) Ges\u00f9 \u00e8 chiamato &#8220;il\u00a0<em>tekt\u014dn<\/em>&#8220;, mentre nel Vangelo secondo Matteo (13,55) \u00e8 &#8220;il figlio del\u00a0<em>tekt\u014dn<\/em>&#8220;. Il termine greco \u03c4\u03ad\u03ba\u03c4\u03c9\u03bd, tradotto nella tradizione latina con\u00a0<em>faber<\/em>, rimanda a un ambito pi\u00f9 ampio rispetto all&#8217;idea corrente di falegname: indica un artigiano del costruire, capace di lavorare materiali diversi e di intervenire nella realizzazione di strutture. La parola mantiene una certa apertura, collocando Giuseppe entro un orizzonte di lavoro concreto e non rigidamente specializzato. Gi\u00e0 intorno al 155, Giustino, nel\u00a0<em>Dialogo con Trifone<\/em>, ricorda che Ges\u00f9 fabbricava aratri e gioghi, oggetti legati alla terra e al lavoro, segno di una concretezza artigianale che il termine conserva fin dalle prime fonti cristiane.<\/p>\n\n\n\n<div style=\"height:37px\" aria-hidden=\"true\" class=\"wp-block-spacer\"><\/div>\n\n\n\n<figure class=\"wp-block-image aligncenter size-large\"><img decoding=\"async\" src=\"https:\/\/www.vaticannews.va\/content\/dam\/vaticannews\/multimedia\/2026\/aprile\/29\/fhjty.jpg\/_jcr_content\/renditions\/cq5dam.thumbnail.cropped.1500.844.jpeg\" alt=\"\"\/><figcaption class=\"wp-element-caption\">Modesto Faustini, La bottega di San Giuseppe falegname con Maria e il Bambino Ges\u00f9, 1886-1890, affresco, Brescia, Chiesa di San Giuseppe<\/figcaption><\/figure>\n\n\n\n<div style=\"height:33px\" aria-hidden=\"true\" class=\"wp-block-spacer\"><\/div>\n\n\n\n<h2 class=\"wp-block-heading has-medium-font-size\" id=\"h-una-parola-un-mestiere\">Una parola, un mestiere<\/h2>\n\n\n\n<p>Il contesto della Galilea del I secolo rende pi\u00f9 preciso questo profilo. In una regione dove il legno da costruzione \u00e8 limitato e l&#8217;edilizia si fonda in larga misura sulla pietra locale, il\u00a0<em>tekt\u014dn<\/em>\u00a0si avvicina al cantiere, alla trasformazione dello spazio abitato, alla manutenzione di ci\u00f2 che serve alla vita quotidiana. Ne emerge una figura inserita nel lavoro, con competenze pratiche e adattamento ai materiali disponibili, lontana da una definizione riduttiva e troppo specializzata. In questo quadro trova posto anche un dato discreto ma significativo: nel Vangelo secondo Luca (2,24) l&#8217;offerta al Tempio di due colombe colloca la famiglia entro una condizione modesta, secondo quanto previsto dalla normativa biblica, senza che questo esaurisca la complessit\u00e0 del loro profilo, che resta legato a un lavoro qualificato e riconosciuto.<\/p>\n\n\n\n<div style=\"height:38px\" aria-hidden=\"true\" class=\"wp-block-spacer\"><\/div>\n\n\n\n<figure class=\"wp-block-image aligncenter size-large\"><img decoding=\"async\" src=\"https:\/\/www.vaticannews.va\/content\/dam\/vaticannews\/multimedia\/2026\/aprile\/29\/23rggh.jpg\/_jcr_content\/renditions\/cq5dam.thumbnail.cropped.1500.844.jpeg\" alt=\"\"\/><figcaption class=\"wp-element-caption\">Giulio Carpioni, Ges\u00f9 Bambino falegname, XVII secolo, olio su tela, Venezia, Pinacoteca Egidio Martini<\/figcaption><\/figure>\n\n\n\n<div style=\"height:35px\" aria-hidden=\"true\" class=\"wp-block-spacer\"><\/div>\n\n\n\n<h2 class=\"wp-block-heading has-medium-font-size\" id=\"h-dal-costruire-al-legno\">Dal costruire al legno<\/h2>\n\n\n\n<p>A partire da questo dato essenziale, la tradizione compie un passaggio decisivo. La parola ampia delle fonti si restringe progressivamente: il\u00a0<em>tekt\u014dn<\/em>\u00a0diventa falegname, il costruire si concentra sul legno, e proprio questa concentrazione apre uno spazio di lettura che supera il dato originario senza contraddirlo. Il legno, materia del lavoro quotidiano, diventa infatti il punto in cui si intravede, in filigrana, il legno della croce, secondo una continuit\u00e0 che non appartiene al racconto evangelico, ma alla sua interpretazione.<\/p>\n\n\n\n<div style=\"height:33px\" aria-hidden=\"true\" class=\"wp-block-spacer\"><\/div>\n\n\n\n<figure class=\"wp-block-image aligncenter size-large\"><img decoding=\"async\" src=\"https:\/\/www.vaticannews.va\/content\/dam\/vaticannews\/multimedia\/2026\/aprile\/29\/hty45h5.jpg\/_jcr_content\/renditions\/cq5dam.thumbnail.cropped.1500.844.jpeg\" alt=\"\"\/><figcaption class=\"wp-element-caption\">Bottega di Robert Campin, San Giuseppe lavoratore (particolare), Trittico dell&#8217;Annunciazione (Pala d&#8217;altare M\u00e9rode) ca. 1427-32, Metropolitan Museum of New York. Sulla finestra e sul tavolo di lavoro ci sono due trappole per topi.<\/figcaption><\/figure>\n\n\n\n<div style=\"height:37px\" aria-hidden=\"true\" class=\"wp-block-spacer\"><\/div>\n\n\n\n<p>\u00c8 in questo orizzonte che una riflessione come quella di Agostino d&#8217;Ippona acquista rilievo non come fonte diretta delle immagini, ma come concentrazione di significato: nel Sermo 265 la croce \u00e8 pensata come trappola, un&#8217;esca che attira il demonio e insieme lo vince, e proprio questa densit\u00e0 simbolica del legno illumina retrospettivamente anche il mestiere attribuito a Giuseppe, mostrando come la materia pi\u00f9 quotidiana possa diventare il luogo in cui si raccoglie e si anticipa l&#8217;intero evento della salvezza.<\/p>\n\n\n\n<p><br>L&#8217;arte raccoglie e rende visibile questo passaggio. La scena della bottega come spazio della Sacra Famiglia si afferma progressivamente a partire dal XVI secolo, quando le incisioni di Albrecht D\u00fcrer offrono un primo repertorio figurativo della vita quotidiana a Nazareth: Maria intenta a cucire o filare, Giuseppe al banco da lavoro, il Figlio presente e operoso. \u00c8 un&#8217;iconografia che risponde al gusto per il naturalismo invalso nell&#8217;arte sacra, e che trova terreno fertile nella Controriforma, quando l\u2019estensione della festa liturgica di san Giuseppe a tutta la Chiesa (1621) imprime un impulso decisivo alla produzione artistica. La bottega, gli strumenti, le assi lavorate diventano elementi costanti, attraverso i quali il legno assume una presenza insistita, capace di orientare lo sguardo senza esplicitarsi.<\/p>\n\n\n\n<div style=\"height:36px\" aria-hidden=\"true\" class=\"wp-block-spacer\"><\/div>\n\n\n\n<figure class=\"wp-block-image aligncenter size-large\"><img decoding=\"async\" src=\"https:\/\/www.vaticannews.va\/content\/dam\/vaticannews\/multimedia\/2026\/aprile\/29\/Senza-titolo-1.jpg\/_jcr_content\/renditions\/cq5dam.thumbnail.cropped.1500.844.jpeg\" alt=\"\"\/><figcaption class=\"wp-element-caption\">Cerchia di Jer\u00f3nimo Jacinto de Espinosa, San Giuseppe falegname, prima met\u00e0 del XVII secolo, olio su tela, Herzog Anton Ulrich-Museum, Braunschweig.<\/figcaption><\/figure>\n\n\n\n<div style=\"height:32px\" aria-hidden=\"true\" class=\"wp-block-spacer\"><\/div>\n\n\n\n<p>Nel corso del Seicento questa iconografia si arricchisce di una densit\u00e0 simbolica sempre pi\u00f9 elaborata. Tra gli esempi pi\u00f9 noti, i notturni caravaggeschi di Gerrit van Honthorst e il celebre dipinto di Georges de La Tour al Louvre, dove la luce della candela tenuta dal Bambino trasforma la bottega in uno spazio in cui il quotidiano assume un valore sacro. Ma accanto a questi capolavori celebri, la tradizione produce opere meno note e non meno significative. Nella\u00a0<em>Sacra Famiglia<\/em>\u00a0<em>nella botteg<\/em>a attribuita all&#8217;ambito di Mattia Preti (1695, Rabat, Malta), l&#8217;iconografia si articola su due piani di prefigurazione: Giuseppe pialla un&#8217;asse &#8211; gesto che richiama il legno della croce \u2014 mentre la Vergine, discosta, cuce un drappo di stoffa bianca, prefigurazione del sudario. Qualche anno dopo, Giuseppe Maria Crespi detto lo Spagnolo (1715, oggi a Modena) porta il tema verso una dimensione domestica e antiretorica: il Bambino non aiuta il padre nel lavoro, ma mostra alla madre una piccola croce di legno, forse un giocattolo fattogli da Giuseppe, e Maria china il capo nell&#8217;ombra, addolorata e consapevole.<\/p>\n\n\n\n<div style=\"height:44px\" aria-hidden=\"true\" class=\"wp-block-spacer\"><\/div>\n\n\n\n<figure class=\"wp-block-image aligncenter size-large\"><img decoding=\"async\" src=\"https:\/\/www.vaticannews.va\/content\/dam\/vaticannews\/multimedia\/2019\/04\/30\/San%20Giuseppe%20Lavoratore3aem.jpg\/_jcr_content\/renditions\/cq5dam.thumbnail.cropped.1500.844.jpeg\" alt=\"\"\/><figcaption class=\"wp-element-caption\">Gerrit van Honthorst, Sacra famiglia nella bottega di carpentiere di S. Giuseppe, 1610, Museo statale Ermitage, San Pietroburgo<\/figcaption><\/figure>\n\n\n\n<div style=\"height:37px\" aria-hidden=\"true\" class=\"wp-block-spacer\"><\/div>\n\n\n\n<h2 class=\"wp-block-heading has-medium-font-size\" id=\"h-una-iconografia-popolare\">Una iconografia popolare<\/h2>\n\n\n\n<p>A partire dal XVII secolo questa iconografia travalica i confini dell&#8217;arte colta e si diffonde capillarmente nella devozione popolare, attraverso immaginette, incisioni e stampe prodotte e distribuite in tutta Europa da calcografi e stampatori. La bottega di san Giuseppe \u2014 con i suoi strumenti, il legno, il Figlio presente \u2014 diventa uno dei soggetti pi\u00f9 riprodotti e riconoscibili della piet\u00e0 cristiana, segno di quanto quella scena avesse saputo condensare, in forma visiva e accessibile, il significato profondo di un mistero che le fonti evangeliche avevano consegnato in una sola parola.<\/p>\n\n\n\n<div style=\"height:34px\" aria-hidden=\"true\" class=\"wp-block-spacer\"><\/div>\n\n\n\n<figure class=\"wp-block-image aligncenter size-large\"><img decoding=\"async\" src=\"https:\/\/www.vaticannews.va\/content\/dam\/vaticannews\/multimedia\/2026\/aprile\/29\/1242135.jpg\/_jcr_content\/renditions\/cq5dam.thumbnail.cropped.1500.844.jpeg\" alt=\"\"\/><figcaption class=\"wp-element-caption\">Sacra Famiglia nella bottega di san Giuseppe, altorilievo in marmo, inizi del XIX secolo, Carrara, chiesa del Suffragio.<\/figcaption><\/figure>\n\n\n\n<div style=\"height:30px\" aria-hidden=\"true\" class=\"wp-block-spacer\"><\/div>\n\n\n\n<p>Si forma cos\u00ec un linguaggio che accosta il lavoro al suo esito ultimo, costruendo una coerenza che nasce dall\u2019interpretazione delle fonti nel tempo.<\/p>\n\n\n\n<p>Resta, sullo sfondo, la sobriet\u00e0 delle fonti. Il termine\u00a0<em>tekt\u014dn<\/em>\u00a0continua a custodire un significato pi\u00f9 ampio, legato al costruire e alla pratica del lavoro. La figura del falegname, cos\u00ec familiare, nasce da una lettura che ha trovato nel legno un punto di condensazione efficace e duraturo. In questa distanza tra parola originaria e immagine si coglie il modo in cui la tradizione elabora, chiarisce, rende visibile ci\u00f2 che i testi consegnano in forma essenziale.<\/p>\n\n\n\n<p><strong>Fonte:<\/strong> <a href=\"https:\/\/www.vaticannews.va\/it\/chiesa\/news\/2026-05\/sangiuseppe-lavoratore-falegname-vangeli-arte.html\" target=\"_blank\" rel=\"noreferrer noopener\">vaticannews.va\/it<\/a><\/p>\n","protected":false},"excerpt":{"rendered":"<p>Nei Vangeli una sola parola greca definisce il mestiere di Giuseppe, &#8220;tekt\u014dn&#8221;. La tradizione la restringe, l\u2019arte la rende visibile.<\/p>\n","protected":false},"author":3,"featured_media":69992,"comment_status":"closed","ping_status":"closed","sticky":false,"template":"","format":"standard","meta":{"footnotes":""},"categories":[867],"tags":[],"class_list":["post-69997","post","type-post","status-publish","format-standard","has-post-thumbnail","hentry","category-chiesa-it"],"yoast_head":"<!-- This site is optimized with the Yoast SEO Premium plugin v27.4 (Yoast SEO v27.5) - https:\/\/yoast.com\/product\/yoast-seo-premium-wordpress\/ -->\n<title>Che lavoro faceva Giuseppe? Il falegname dei Vangeli - Schoenstatt<\/title>\n<meta name=\"description\" content=\"Nei Vangeli una sola parola greca definisce il mestiere di Giuseppe, &quot;tekt\u014dn&quot;. La tradizione la restringe, l\u2019arte la rende visibile.\" \/>\n<meta name=\"robots\" content=\"index, follow, max-snippet:-1, max-image-preview:large, max-video-preview:-1\" \/>\n<link rel=\"canonical\" href=\"https:\/\/schoenstatt.com\/it\/che-lavoro-faceva-giuseppe-il-falegname-dei-vangeli\/\" \/>\n<meta property=\"og:locale\" content=\"it_IT\" \/>\n<meta property=\"og:type\" content=\"article\" \/>\n<meta property=\"og:title\" content=\"Che lavoro faceva Giuseppe? Il falegname dei Vangeli\" \/>\n<meta property=\"og:description\" content=\"Nei Vangeli una sola parola greca definisce il mestiere di Giuseppe, &quot;tekt\u014dn&quot;. La tradizione la restringe, l\u2019arte la rende visibile.\" \/>\n<meta property=\"og:url\" content=\"https:\/\/schoenstatt.com\/it\/che-lavoro-faceva-giuseppe-il-falegname-dei-vangeli\/\" \/>\n<meta property=\"og:site_name\" content=\"Schoenstatt\" \/>\n<meta property=\"article:published_time\" content=\"2026-05-01T13:46:56+00:00\" \/>\n<meta property=\"article:modified_time\" content=\"2026-05-01T14:00:20+00:00\" \/>\n<meta property=\"og:image\" content=\"https:\/\/schoenstatt.com\/wp-content\/uploads\/2026\/05\/St-Joseph.webp\" \/>\n\t<meta property=\"og:image:width\" content=\"1500\" \/>\n\t<meta property=\"og:image:height\" content=\"844\" \/>\n\t<meta property=\"og:image:type\" content=\"image\/jpeg\" \/>\n<meta name=\"author\" content=\"Karen Bueno\" \/>\n<meta name=\"twitter:card\" content=\"summary_large_image\" \/>\n<meta name=\"twitter:label1\" content=\"Scritto da\" \/>\n\t<meta name=\"twitter:data1\" content=\"Karen Bueno\" \/>\n\t<meta name=\"twitter:label2\" content=\"Tempo di lettura stimato\" \/>\n\t<meta name=\"twitter:data2\" content=\"8 minuti\" \/>\n<script type=\"application\/ld+json\" class=\"yoast-schema-graph\">{\"@context\":\"https:\\\/\\\/schema.org\",\"@graph\":[{\"@type\":\"Article\",\"@id\":\"https:\\\/\\\/schoenstatt.com\\\/it\\\/che-lavoro-faceva-giuseppe-il-falegname-dei-vangeli\\\/#article\",\"isPartOf\":{\"@id\":\"https:\\\/\\\/schoenstatt.com\\\/it\\\/che-lavoro-faceva-giuseppe-il-falegname-dei-vangeli\\\/\"},\"author\":{\"name\":\"Karen Bueno\",\"@id\":\"https:\\\/\\\/schoenstatt.com\\\/it\\\/#\\\/schema\\\/person\\\/5158877ad4acae98b34daaeef2a1ce6e\"},\"headline\":\"Che lavoro faceva Giuseppe? Il falegname dei Vangeli\",\"datePublished\":\"2026-05-01T13:46:56+00:00\",\"dateModified\":\"2026-05-01T14:00:20+00:00\",\"mainEntityOfPage\":{\"@id\":\"https:\\\/\\\/schoenstatt.com\\\/it\\\/che-lavoro-faceva-giuseppe-il-falegname-dei-vangeli\\\/\"},\"wordCount\":1052,\"publisher\":{\"@id\":\"https:\\\/\\\/schoenstatt.com\\\/it\\\/#organization\"},\"image\":{\"@id\":\"https:\\\/\\\/schoenstatt.com\\\/it\\\/che-lavoro-faceva-giuseppe-il-falegname-dei-vangeli\\\/#primaryimage\"},\"thumbnailUrl\":\"https:\\\/\\\/schoenstatt.com\\\/wp-content\\\/uploads\\\/2026\\\/05\\\/St-Joseph.webp\",\"articleSection\":[\"Chiesa\"],\"inLanguage\":\"it-IT\"},{\"@type\":\"WebPage\",\"@id\":\"https:\\\/\\\/schoenstatt.com\\\/it\\\/che-lavoro-faceva-giuseppe-il-falegname-dei-vangeli\\\/\",\"url\":\"https:\\\/\\\/schoenstatt.com\\\/it\\\/che-lavoro-faceva-giuseppe-il-falegname-dei-vangeli\\\/\",\"name\":\"Che lavoro faceva Giuseppe? Il falegname dei Vangeli - Schoenstatt\",\"isPartOf\":{\"@id\":\"https:\\\/\\\/schoenstatt.com\\\/it\\\/#website\"},\"primaryImageOfPage\":{\"@id\":\"https:\\\/\\\/schoenstatt.com\\\/it\\\/che-lavoro-faceva-giuseppe-il-falegname-dei-vangeli\\\/#primaryimage\"},\"image\":{\"@id\":\"https:\\\/\\\/schoenstatt.com\\\/it\\\/che-lavoro-faceva-giuseppe-il-falegname-dei-vangeli\\\/#primaryimage\"},\"thumbnailUrl\":\"https:\\\/\\\/schoenstatt.com\\\/wp-content\\\/uploads\\\/2026\\\/05\\\/St-Joseph.webp\",\"datePublished\":\"2026-05-01T13:46:56+00:00\",\"dateModified\":\"2026-05-01T14:00:20+00:00\",\"description\":\"Nei Vangeli una sola parola greca definisce il mestiere di Giuseppe, \\\"tekt\u014dn\\\". La tradizione la restringe, l\u2019arte la rende visibile.\",\"breadcrumb\":{\"@id\":\"https:\\\/\\\/schoenstatt.com\\\/it\\\/che-lavoro-faceva-giuseppe-il-falegname-dei-vangeli\\\/#breadcrumb\"},\"inLanguage\":\"it-IT\",\"potentialAction\":[{\"@type\":\"ReadAction\",\"target\":[\"https:\\\/\\\/schoenstatt.com\\\/it\\\/che-lavoro-faceva-giuseppe-il-falegname-dei-vangeli\\\/\"]}]},{\"@type\":\"ImageObject\",\"inLanguage\":\"it-IT\",\"@id\":\"https:\\\/\\\/schoenstatt.com\\\/it\\\/che-lavoro-faceva-giuseppe-il-falegname-dei-vangeli\\\/#primaryimage\",\"url\":\"https:\\\/\\\/schoenstatt.com\\\/wp-content\\\/uploads\\\/2026\\\/05\\\/St-Joseph.webp\",\"contentUrl\":\"https:\\\/\\\/schoenstatt.com\\\/wp-content\\\/uploads\\\/2026\\\/05\\\/St-Joseph.webp\",\"width\":1500,\"height\":844},{\"@type\":\"BreadcrumbList\",\"@id\":\"https:\\\/\\\/schoenstatt.com\\\/it\\\/che-lavoro-faceva-giuseppe-il-falegname-dei-vangeli\\\/#breadcrumb\",\"itemListElement\":[{\"@type\":\"ListItem\",\"position\":1,\"name\":\"Portada\",\"item\":\"https:\\\/\\\/schoenstatt.com\\\/it\\\/home\\\/\"},{\"@type\":\"ListItem\",\"position\":2,\"name\":\"Che lavoro faceva Giuseppe? Il falegname dei Vangeli\"}]},{\"@type\":\"WebSite\",\"@id\":\"https:\\\/\\\/schoenstatt.com\\\/it\\\/#website\",\"url\":\"https:\\\/\\\/schoenstatt.com\\\/it\\\/\",\"name\":\"Schoenstatt\",\"description\":\"Apostolic Movement\",\"publisher\":{\"@id\":\"https:\\\/\\\/schoenstatt.com\\\/it\\\/#organization\"},\"potentialAction\":[{\"@type\":\"SearchAction\",\"target\":{\"@type\":\"EntryPoint\",\"urlTemplate\":\"https:\\\/\\\/schoenstatt.com\\\/it\\\/?s={search_term_string}\"},\"query-input\":{\"@type\":\"PropertyValueSpecification\",\"valueRequired\":true,\"valueName\":\"search_term_string\"}}],\"inLanguage\":\"it-IT\"},{\"@type\":\"Organization\",\"@id\":\"https:\\\/\\\/schoenstatt.com\\\/it\\\/#organization\",\"name\":\"Schoenstatt\",\"url\":\"https:\\\/\\\/schoenstatt.com\\\/it\\\/\",\"logo\":{\"@type\":\"ImageObject\",\"inLanguage\":\"it-IT\",\"@id\":\"https:\\\/\\\/schoenstatt.com\\\/it\\\/#\\\/schema\\\/logo\\\/image\\\/\",\"url\":\"https:\\\/\\\/schoenstatt.com\\\/wp-content\\\/uploads\\\/2025\\\/04\\\/logo-schoenstatt-white-696x696-1.png\",\"contentUrl\":\"https:\\\/\\\/schoenstatt.com\\\/wp-content\\\/uploads\\\/2025\\\/04\\\/logo-schoenstatt-white-696x696-1.png\",\"width\":696,\"height\":694,\"caption\":\"Schoenstatt\"},\"image\":{\"@id\":\"https:\\\/\\\/schoenstatt.com\\\/it\\\/#\\\/schema\\\/logo\\\/image\\\/\"}},{\"@type\":\"Person\",\"@id\":\"https:\\\/\\\/schoenstatt.com\\\/it\\\/#\\\/schema\\\/person\\\/5158877ad4acae98b34daaeef2a1ce6e\",\"name\":\"Karen Bueno\",\"image\":{\"@type\":\"ImageObject\",\"inLanguage\":\"it-IT\",\"@id\":\"https:\\\/\\\/secure.gravatar.com\\\/avatar\\\/f9f4b823873154269d2b2130f195f6d41037dd0d7fc5f3cacb5c846bae70d66b?s=96&d=mm&r=g\",\"url\":\"https:\\\/\\\/secure.gravatar.com\\\/avatar\\\/f9f4b823873154269d2b2130f195f6d41037dd0d7fc5f3cacb5c846bae70d66b?s=96&d=mm&r=g\",\"contentUrl\":\"https:\\\/\\\/secure.gravatar.com\\\/avatar\\\/f9f4b823873154269d2b2130f195f6d41037dd0d7fc5f3cacb5c846bae70d66b?s=96&d=mm&r=g\",\"caption\":\"Karen Bueno\"},\"url\":\"https:\\\/\\\/schoenstatt.com\\\/it\\\/author\\\/karen-bueno\\\/\"}]}<\/script>\n<!-- \/ Yoast SEO Premium plugin. -->","yoast_head_json":{"title":"Che lavoro faceva Giuseppe? Il falegname dei Vangeli - Schoenstatt","description":"Nei Vangeli una sola parola greca definisce il mestiere di Giuseppe, \"tekt\u014dn\". La tradizione la restringe, l\u2019arte la rende visibile.","robots":{"index":"index","follow":"follow","max-snippet":"max-snippet:-1","max-image-preview":"max-image-preview:large","max-video-preview":"max-video-preview:-1"},"canonical":"https:\/\/schoenstatt.com\/it\/che-lavoro-faceva-giuseppe-il-falegname-dei-vangeli\/","og_locale":"it_IT","og_type":"article","og_title":"Che lavoro faceva Giuseppe? Il falegname dei Vangeli","og_description":"Nei Vangeli una sola parola greca definisce il mestiere di Giuseppe, \"tekt\u014dn\". La tradizione la restringe, l\u2019arte la rende visibile.","og_url":"https:\/\/schoenstatt.com\/it\/che-lavoro-faceva-giuseppe-il-falegname-dei-vangeli\/","og_site_name":"Schoenstatt","article_published_time":"2026-05-01T13:46:56+00:00","article_modified_time":"2026-05-01T14:00:20+00:00","og_image":[{"width":1500,"height":844,"url":"https:\/\/schoenstatt.com\/wp-content\/uploads\/2026\/05\/St-Joseph.webp","type":"image\/jpeg"}],"author":"Karen Bueno","twitter_card":"summary_large_image","twitter_misc":{"Scritto da":"Karen Bueno","Tempo di lettura stimato":"8 minuti"},"schema":{"@context":"https:\/\/schema.org","@graph":[{"@type":"Article","@id":"https:\/\/schoenstatt.com\/it\/che-lavoro-faceva-giuseppe-il-falegname-dei-vangeli\/#article","isPartOf":{"@id":"https:\/\/schoenstatt.com\/it\/che-lavoro-faceva-giuseppe-il-falegname-dei-vangeli\/"},"author":{"name":"Karen Bueno","@id":"https:\/\/schoenstatt.com\/it\/#\/schema\/person\/5158877ad4acae98b34daaeef2a1ce6e"},"headline":"Che lavoro faceva Giuseppe? Il falegname dei Vangeli","datePublished":"2026-05-01T13:46:56+00:00","dateModified":"2026-05-01T14:00:20+00:00","mainEntityOfPage":{"@id":"https:\/\/schoenstatt.com\/it\/che-lavoro-faceva-giuseppe-il-falegname-dei-vangeli\/"},"wordCount":1052,"publisher":{"@id":"https:\/\/schoenstatt.com\/it\/#organization"},"image":{"@id":"https:\/\/schoenstatt.com\/it\/che-lavoro-faceva-giuseppe-il-falegname-dei-vangeli\/#primaryimage"},"thumbnailUrl":"https:\/\/schoenstatt.com\/wp-content\/uploads\/2026\/05\/St-Joseph.webp","articleSection":["Chiesa"],"inLanguage":"it-IT"},{"@type":"WebPage","@id":"https:\/\/schoenstatt.com\/it\/che-lavoro-faceva-giuseppe-il-falegname-dei-vangeli\/","url":"https:\/\/schoenstatt.com\/it\/che-lavoro-faceva-giuseppe-il-falegname-dei-vangeli\/","name":"Che lavoro faceva Giuseppe? Il falegname dei Vangeli - Schoenstatt","isPartOf":{"@id":"https:\/\/schoenstatt.com\/it\/#website"},"primaryImageOfPage":{"@id":"https:\/\/schoenstatt.com\/it\/che-lavoro-faceva-giuseppe-il-falegname-dei-vangeli\/#primaryimage"},"image":{"@id":"https:\/\/schoenstatt.com\/it\/che-lavoro-faceva-giuseppe-il-falegname-dei-vangeli\/#primaryimage"},"thumbnailUrl":"https:\/\/schoenstatt.com\/wp-content\/uploads\/2026\/05\/St-Joseph.webp","datePublished":"2026-05-01T13:46:56+00:00","dateModified":"2026-05-01T14:00:20+00:00","description":"Nei Vangeli una sola parola greca definisce il mestiere di Giuseppe, \"tekt\u014dn\". La tradizione la restringe, l\u2019arte la rende visibile.","breadcrumb":{"@id":"https:\/\/schoenstatt.com\/it\/che-lavoro-faceva-giuseppe-il-falegname-dei-vangeli\/#breadcrumb"},"inLanguage":"it-IT","potentialAction":[{"@type":"ReadAction","target":["https:\/\/schoenstatt.com\/it\/che-lavoro-faceva-giuseppe-il-falegname-dei-vangeli\/"]}]},{"@type":"ImageObject","inLanguage":"it-IT","@id":"https:\/\/schoenstatt.com\/it\/che-lavoro-faceva-giuseppe-il-falegname-dei-vangeli\/#primaryimage","url":"https:\/\/schoenstatt.com\/wp-content\/uploads\/2026\/05\/St-Joseph.webp","contentUrl":"https:\/\/schoenstatt.com\/wp-content\/uploads\/2026\/05\/St-Joseph.webp","width":1500,"height":844},{"@type":"BreadcrumbList","@id":"https:\/\/schoenstatt.com\/it\/che-lavoro-faceva-giuseppe-il-falegname-dei-vangeli\/#breadcrumb","itemListElement":[{"@type":"ListItem","position":1,"name":"Portada","item":"https:\/\/schoenstatt.com\/it\/home\/"},{"@type":"ListItem","position":2,"name":"Che lavoro faceva Giuseppe? Il falegname dei Vangeli"}]},{"@type":"WebSite","@id":"https:\/\/schoenstatt.com\/it\/#website","url":"https:\/\/schoenstatt.com\/it\/","name":"Schoenstatt","description":"Apostolic Movement","publisher":{"@id":"https:\/\/schoenstatt.com\/it\/#organization"},"potentialAction":[{"@type":"SearchAction","target":{"@type":"EntryPoint","urlTemplate":"https:\/\/schoenstatt.com\/it\/?s={search_term_string}"},"query-input":{"@type":"PropertyValueSpecification","valueRequired":true,"valueName":"search_term_string"}}],"inLanguage":"it-IT"},{"@type":"Organization","@id":"https:\/\/schoenstatt.com\/it\/#organization","name":"Schoenstatt","url":"https:\/\/schoenstatt.com\/it\/","logo":{"@type":"ImageObject","inLanguage":"it-IT","@id":"https:\/\/schoenstatt.com\/it\/#\/schema\/logo\/image\/","url":"https:\/\/schoenstatt.com\/wp-content\/uploads\/2025\/04\/logo-schoenstatt-white-696x696-1.png","contentUrl":"https:\/\/schoenstatt.com\/wp-content\/uploads\/2025\/04\/logo-schoenstatt-white-696x696-1.png","width":696,"height":694,"caption":"Schoenstatt"},"image":{"@id":"https:\/\/schoenstatt.com\/it\/#\/schema\/logo\/image\/"}},{"@type":"Person","@id":"https:\/\/schoenstatt.com\/it\/#\/schema\/person\/5158877ad4acae98b34daaeef2a1ce6e","name":"Karen Bueno","image":{"@type":"ImageObject","inLanguage":"it-IT","@id":"https:\/\/secure.gravatar.com\/avatar\/f9f4b823873154269d2b2130f195f6d41037dd0d7fc5f3cacb5c846bae70d66b?s=96&d=mm&r=g","url":"https:\/\/secure.gravatar.com\/avatar\/f9f4b823873154269d2b2130f195f6d41037dd0d7fc5f3cacb5c846bae70d66b?s=96&d=mm&r=g","contentUrl":"https:\/\/secure.gravatar.com\/avatar\/f9f4b823873154269d2b2130f195f6d41037dd0d7fc5f3cacb5c846bae70d66b?s=96&d=mm&r=g","caption":"Karen Bueno"},"url":"https:\/\/schoenstatt.com\/it\/author\/karen-bueno\/"}]}},"_links":{"self":[{"href":"https:\/\/schoenstatt.com\/it\/wp-json\/wp\/v2\/posts\/69997","targetHints":{"allow":["GET"]}}],"collection":[{"href":"https:\/\/schoenstatt.com\/it\/wp-json\/wp\/v2\/posts"}],"about":[{"href":"https:\/\/schoenstatt.com\/it\/wp-json\/wp\/v2\/types\/post"}],"author":[{"embeddable":true,"href":"https:\/\/schoenstatt.com\/it\/wp-json\/wp\/v2\/users\/3"}],"replies":[{"embeddable":true,"href":"https:\/\/schoenstatt.com\/it\/wp-json\/wp\/v2\/comments?post=69997"}],"version-history":[{"count":3,"href":"https:\/\/schoenstatt.com\/it\/wp-json\/wp\/v2\/posts\/69997\/revisions"}],"predecessor-version":[{"id":70000,"href":"https:\/\/schoenstatt.com\/it\/wp-json\/wp\/v2\/posts\/69997\/revisions\/70000"}],"wp:featuredmedia":[{"embeddable":true,"href":"https:\/\/schoenstatt.com\/it\/wp-json\/wp\/v2\/media\/69992"}],"wp:attachment":[{"href":"https:\/\/schoenstatt.com\/it\/wp-json\/wp\/v2\/media?parent=69997"}],"wp:term":[{"taxonomy":"category","embeddable":true,"href":"https:\/\/schoenstatt.com\/it\/wp-json\/wp\/v2\/categories?post=69997"},{"taxonomy":"post_tag","embeddable":true,"href":"https:\/\/schoenstatt.com\/it\/wp-json\/wp\/v2\/tags?post=69997"}],"curies":[{"name":"wp","href":"https:\/\/api.w.org\/{rel}","templated":true}]}}