{"id":69952,"date":"2026-04-29T03:00:00","date_gmt":"2026-04-29T01:00:00","guid":{"rendered":"https:\/\/schoenstatt.com\/?p=69952"},"modified":"2026-04-28T19:45:04","modified_gmt":"2026-04-28T17:45:04","slug":"forza-profetica-nelloggi-un-vento-nuovo-per-il-comitato-di-orientamento-di-insieme-per-leuropa","status":"publish","type":"post","link":"https:\/\/schoenstatt.com\/it\/forza-profetica-nelloggi-un-vento-nuovo-per-il-comitato-di-orientamento-di-insieme-per-leuropa\/","title":{"rendered":"Forza profetica nell&#8217;oggi: Un vento nuovo per il Comitato di Orientamento di &#8220;Insieme per l&#8217;Europa&#8221;"},"content":{"rendered":"\n<p>Dal 16 al 18 aprile 2026, il Comitato di Orientamento della rete &#8220;Insieme per l&#8217;Europa&#8221; (IpE) si \u00e8 riunito per il suo ritiro annuale, questa volta presso il Centro <a href=\"https:\/\/schoenstatt.com\/it\/informazioni-su-schoenstatt\/\">Schoenstatt<\/a> di Vienna sul <a href=\"https:\/\/www.schoenstattzentrum-wien.at\/\" target=\"_blank\" rel=\"noreferrer noopener\">Kahlenberg<\/a>, Austria. 26 partecipanti, in rappresentanza di otto tra i Movimenti cristiani che ompongono la rete, hanno tracciato un bilancio dell&#8217;anno trascorso e definito gli obiettivi per i progetti futuri.<\/p>\n\n\n\n<div style=\"height:37px\" aria-hidden=\"true\" class=\"wp-block-spacer\"><\/div>\n\n\n\n<h2 class=\"wp-block-heading has-medium-font-size\" id=\"h-cambio-generazionale-nel-comitato-di-orientamento\">Cambio generazionale nel Comitato di Orientamento<\/h2>\n\n\n\n<p>Un aspetto centrale dell&#8217;incontro di quest&#8217;anno \u00e8 stato l\u2019avvicendamento di alcune persone in seno al Comitato di Orientamento. Questo passaggio \u00e8 stato preparato negli ultimi due anni in un clima di ascolto dello Spirito, per garantire al contempo continuit\u00e0 e nuovi impulsi.<\/p>\n\n\n\n<p>Margaret Karram, Presidente del Movimento dei Focolari, ha espresso in una lettera il suo profondo ringraziamento ai membri uscenti per il grande impegno profuso negli ultimi decenni nel plasmare IpE. Hanno salutato il gruppo: Gerhard Pross (YMCA* Esslingen, Germania), co-fondatore di IpE e suo moderatore di lunga data, insieme a Thomas R\u00f6mer e Walter Kriechbaum (entrambi del YMCA* Monaco, impegnati in IpE fin dagli inizi).<\/p>\n\n\n\n<p>Diego Goller (Italia) e Ilona Toth (Ungheria), rappresentanti della Presidente del Movimento dei Focolari nel Comitato di Orientamento, hanno dato il benvenuto ai loro successori: Liz Taite (Gran Bretagna), con una lunga esperienza nell&#8217;ecumenismo, e Alberto Lo Presti (Italia). I compiti di Segretaria Generale saranno assunti da Maria Wienken (Germania), affiancata da Elisabeth Danner (Austria), entrambe del Movimento dei Focolari. Il passaggio di consegne \u00e8 stato celebrato solennemente durante una preghiera serale e suggellato dal &#8220;Patto dell&#8217;amore reciproco&#8221;. Gerhard Pross ha sottolineato la grandezza della missione di IpE e i suoi ricchi frutti, che hanno segnato tappe importanti nella storia della Chiesa, come descritto nel libro \u201cSternstunden der Einheit\u201d (Momenti salienti di unit\u00e0).<\/p>\n\n\n\n<p>Il ruolo di moderatore di IpE sar\u00e0 ora ricoperto da un gruppo composto da tre membri dell&#8217;attuale Comitato: Suor Nicole Grochowina (Comunit\u00e0 della Fraternit\u00e0 di Cristo di Selbitz), P. Raffael Rieger (Movimento di Schoenstatt) e Matthias B\u00fchlmann (Vineyard).<\/p>\n\n\n\n<p>&#8220;Questo cambiamento non segna solo la fine di un&#8217;era, ma anche l&#8217;inizio di una nuova fase di collaborazione a livello europeo&#8221;, ha commentato uno dei partecipanti.<\/p>\n\n\n\n<p>Un altro membro ha aggiunto: &#8220;Le giornate sul Kahlenberg hanno dimostrato che la nostra diversit\u00e0 \u00e8 la nostra forza. Con il nuovo team diamo un segnale chiaro di continuit\u00e0 e di nuovi orizzonti&#8221;. Un altro partecipante ha sottolineato: &#8220;IpE scrive una storia di speranza in questi nostri tempi apparentemente senza speranza. Per questo oggi \u00e8 pi\u00f9 importante che mai camminare insieme&#8221;.<\/p>\n\n\n\n<div style=\"height:42px\" aria-hidden=\"true\" class=\"wp-block-spacer\"><\/div>\n\n\n\n<figure class=\"wp-block-image aligncenter size-full\"><img fetchpriority=\"high\" decoding=\"async\" width=\"1920\" height=\"1210\" src=\"https:\/\/schoenstatt.com\/wp-content\/uploads\/2026\/04\/Together-for-Europe.webp\" alt=\"\" class=\"wp-image-69938\" srcset=\"https:\/\/schoenstatt.com\/wp-content\/uploads\/2026\/04\/Together-for-Europe.webp 1920w, https:\/\/schoenstatt.com\/wp-content\/uploads\/2026\/04\/Together-for-Europe-768x484.webp 768w, https:\/\/schoenstatt.com\/wp-content\/uploads\/2026\/04\/Together-for-Europe-1536x968.webp 1536w\" sizes=\"(max-width: 1920px) 100vw, 1920px\" \/><\/figure>\n\n\n\n<div style=\"height:39px\" aria-hidden=\"true\" class=\"wp-block-spacer\"><\/div>\n\n\n\n<h2 class=\"wp-block-heading has-medium-font-size\" id=\"h-agenda-e-prospettive\">Agenda e prospettive<\/h2>\n\n\n\n<p>Un altro punto focale dei colloqui \u00e8 stato il lavoro dei Comitati Nazionali, che stanno assumendo una responsabilit\u00e0 crescente nel radicare IpE nei rispettivi Paesi.<\/p>\n\n\n\n<p>Sono stati inoltre discussi i prossimi appuntamenti di rilievo:<\/p>\n\n\n\n<div style=\"height:36px\" aria-hidden=\"true\" class=\"wp-block-spacer\"><\/div>\n\n\n\n<ul class=\"wp-block-list\">\n<li>9-13 maggio 2026: In occasione della Festa dell&#8217;Europa, 120 giovani europei visiteranno il<br>Parlamento Europeo. Colpiti dall&#8217;unit\u00e0 cristiana vissuta in IpE, i giovani hanno elaborato un<br>&#8220;Patto tra le generazioni&#8221; che presenteranno ai parlamentari.<\/li>\n\n\n\n<li>29-31 ottobre 2026: Prossimo &#8220;Incontro dei Amici\u201d presso il Centro Vineyard di W\u00fcrzburg.<\/li>\n\n\n\n<li>4-6 maggio 2028 (data prevista): Grande evento a Castel Gandolfo e Roma.<\/li>\n<\/ul>\n\n\n\n<div style=\"height:31px\" aria-hidden=\"true\" class=\"wp-block-spacer\"><\/div>\n\n\n\n<p>L&#8217;incontro del 2026 del Comitato di Orientamento ha segnato cos\u00ec una pietra miliare importante per l&#8217;orientamento futuro della rete, che continua a impegnarsi per l&#8217;unit\u00e0 e la fraternit\u00e0 in tutto il continente.<\/p>\n\n\n\n<div style=\"height:34px\" aria-hidden=\"true\" class=\"wp-block-spacer\"><\/div>\n\n\n\n<h2 class=\"wp-block-heading has-medium-font-size\" id=\"h-informazioni-sulla-rete\">Informazioni sulla rete<\/h2>\n\n\n\n<p>&#8220;Insieme per l&#8217;Europa&#8221; unisce movimenti e comunit\u00e0 cristiane oltre i confini nazionali e confessionali. La rete ecumenica agisce come costruttrice di ponti in Europa e si impegna, attraverso il suo lavoro, per la solidariet\u00e0, la pace e la tutela della dignit\u00e0 umana. Ulteriori informazioni su: <a href=\"https:\/\/www.together4europe.org\/\" target=\"_blank\" rel=\"noreferrer noopener\">www.together4europe.org<\/a><\/p>\n\n\n\n<p><em>*YMCA &#8211; Young Men&#8217;s Christian Association (Associazione Cristiana dei Giovani)<\/em><\/p>\n","protected":false},"excerpt":{"rendered":"<p>&#8220;Insieme per l&#8217;Europa&#8221; unisce movimenti e comunit\u00e0 cristiane oltre i confini nazionali e confessionali.<\/p>\n","protected":false},"author":3,"featured_media":69940,"comment_status":"closed","ping_status":"closed","sticky":false,"template":"","format":"standard","meta":{"footnotes":""},"categories":[871],"tags":[1329],"class_list":["post-69952","post","type-post","status-publish","format-standard","has-post-thumbnail","hentry","category-europa-it","tag-insieme-per-leuropa"],"yoast_head":"<!-- This site is optimized with the Yoast SEO Premium plugin v27.4 (Yoast SEO v27.5) - https:\/\/yoast.com\/product\/yoast-seo-premium-wordpress\/ -->\n<title>Forza profetica nell&#039;oggi: Un vento nuovo per il Comitato di Orientamento di &quot;Insieme per l&#039;Europa&quot;<\/title>\n<meta name=\"description\" content=\"&quot;Insieme per l&#039;Europa&quot; unisce movimenti e comunit\u00e0 cristiane oltre i confini nazionali e confessionali.\" \/>\n<meta name=\"robots\" content=\"index, follow, max-snippet:-1, max-image-preview:large, max-video-preview:-1\" \/>\n<link rel=\"canonical\" href=\"https:\/\/schoenstatt.com\/it\/forza-profetica-nelloggi-un-vento-nuovo-per-il-comitato-di-orientamento-di-insieme-per-leuropa\/\" \/>\n<meta property=\"og:locale\" content=\"it_IT\" \/>\n<meta property=\"og:type\" content=\"article\" \/>\n<meta property=\"og:title\" content=\"Forza profetica nell&#039;oggi: Un vento nuovo per il Comitato di Orientamento di &quot;Insieme per l&#039;Europa&quot;\" \/>\n<meta property=\"og:description\" content=\"&quot;Insieme per l&#039;Europa&quot; unisce movimenti e comunit\u00e0 cristiane oltre i confini nazionali e confessionali.\" \/>\n<meta property=\"og:url\" content=\"https:\/\/schoenstatt.com\/it\/forza-profetica-nelloggi-un-vento-nuovo-per-il-comitato-di-orientamento-di-insieme-per-leuropa\/\" \/>\n<meta property=\"og:site_name\" content=\"Schoenstatt\" \/>\n<meta property=\"article:published_time\" content=\"2026-04-29T01:00:00+00:00\" \/>\n<meta property=\"og:image\" content=\"https:\/\/schoenstatt.com\/wp-content\/uploads\/2026\/04\/Together-for-Europe.webp\" \/>\n\t<meta property=\"og:image:width\" content=\"2048\" \/>\n\t<meta property=\"og:image:height\" content=\"1291\" \/>\n\t<meta property=\"og:image:type\" content=\"image\/jpeg\" \/>\n<meta name=\"author\" content=\"Karen Bueno\" \/>\n<meta name=\"twitter:card\" content=\"summary_large_image\" \/>\n<meta name=\"twitter:label1\" content=\"Scritto da\" \/>\n\t<meta name=\"twitter:data1\" content=\"Karen Bueno\" \/>\n\t<meta name=\"twitter:label2\" content=\"Tempo di lettura stimato\" \/>\n\t<meta name=\"twitter:data2\" content=\"4 minuti\" \/>\n<script type=\"application\/ld+json\" class=\"yoast-schema-graph\">{\"@context\":\"https:\\\/\\\/schema.org\",\"@graph\":[{\"@type\":\"Article\",\"@id\":\"https:\\\/\\\/schoenstatt.com\\\/it\\\/forza-profetica-nelloggi-un-vento-nuovo-per-il-comitato-di-orientamento-di-insieme-per-leuropa\\\/#article\",\"isPartOf\":{\"@id\":\"https:\\\/\\\/schoenstatt.com\\\/it\\\/forza-profetica-nelloggi-un-vento-nuovo-per-il-comitato-di-orientamento-di-insieme-per-leuropa\\\/\"},\"author\":{\"name\":\"Karen Bueno\",\"@id\":\"https:\\\/\\\/schoenstatt.com\\\/it\\\/#\\\/schema\\\/person\\\/5158877ad4acae98b34daaeef2a1ce6e\"},\"headline\":\"Forza profetica nell&#8217;oggi: Un vento nuovo per il Comitato di Orientamento di &#8220;Insieme per l&#8217;Europa&#8221;\",\"datePublished\":\"2026-04-29T01:00:00+00:00\",\"mainEntityOfPage\":{\"@id\":\"https:\\\/\\\/schoenstatt.com\\\/it\\\/forza-profetica-nelloggi-un-vento-nuovo-per-il-comitato-di-orientamento-di-insieme-per-leuropa\\\/\"},\"wordCount\":624,\"publisher\":{\"@id\":\"https:\\\/\\\/schoenstatt.com\\\/it\\\/#organization\"},\"image\":{\"@id\":\"https:\\\/\\\/schoenstatt.com\\\/it\\\/forza-profetica-nelloggi-un-vento-nuovo-per-il-comitato-di-orientamento-di-insieme-per-leuropa\\\/#primaryimage\"},\"thumbnailUrl\":\"https:\\\/\\\/schoenstatt.com\\\/wp-content\\\/uploads\\\/2026\\\/04\\\/Together-for-Europe.webp\",\"keywords\":[\"Insieme per l'Europa\"],\"articleSection\":[\"Europa\"],\"inLanguage\":\"it-IT\"},{\"@type\":\"WebPage\",\"@id\":\"https:\\\/\\\/schoenstatt.com\\\/it\\\/forza-profetica-nelloggi-un-vento-nuovo-per-il-comitato-di-orientamento-di-insieme-per-leuropa\\\/\",\"url\":\"https:\\\/\\\/schoenstatt.com\\\/it\\\/forza-profetica-nelloggi-un-vento-nuovo-per-il-comitato-di-orientamento-di-insieme-per-leuropa\\\/\",\"name\":\"Forza profetica nell'oggi: Un vento nuovo per il Comitato di Orientamento di \\\"Insieme per l'Europa\\\"\",\"isPartOf\":{\"@id\":\"https:\\\/\\\/schoenstatt.com\\\/it\\\/#website\"},\"primaryImageOfPage\":{\"@id\":\"https:\\\/\\\/schoenstatt.com\\\/it\\\/forza-profetica-nelloggi-un-vento-nuovo-per-il-comitato-di-orientamento-di-insieme-per-leuropa\\\/#primaryimage\"},\"image\":{\"@id\":\"https:\\\/\\\/schoenstatt.com\\\/it\\\/forza-profetica-nelloggi-un-vento-nuovo-per-il-comitato-di-orientamento-di-insieme-per-leuropa\\\/#primaryimage\"},\"thumbnailUrl\":\"https:\\\/\\\/schoenstatt.com\\\/wp-content\\\/uploads\\\/2026\\\/04\\\/Together-for-Europe.webp\",\"datePublished\":\"2026-04-29T01:00:00+00:00\",\"description\":\"\\\"Insieme per l'Europa\\\" unisce movimenti e comunit\u00e0 cristiane oltre i confini nazionali e confessionali.\",\"breadcrumb\":{\"@id\":\"https:\\\/\\\/schoenstatt.com\\\/it\\\/forza-profetica-nelloggi-un-vento-nuovo-per-il-comitato-di-orientamento-di-insieme-per-leuropa\\\/#breadcrumb\"},\"inLanguage\":\"it-IT\",\"potentialAction\":[{\"@type\":\"ReadAction\",\"target\":[\"https:\\\/\\\/schoenstatt.com\\\/it\\\/forza-profetica-nelloggi-un-vento-nuovo-per-il-comitato-di-orientamento-di-insieme-per-leuropa\\\/\"]}]},{\"@type\":\"ImageObject\",\"inLanguage\":\"it-IT\",\"@id\":\"https:\\\/\\\/schoenstatt.com\\\/it\\\/forza-profetica-nelloggi-un-vento-nuovo-per-il-comitato-di-orientamento-di-insieme-per-leuropa\\\/#primaryimage\",\"url\":\"https:\\\/\\\/schoenstatt.com\\\/wp-content\\\/uploads\\\/2026\\\/04\\\/Together-for-Europe.webp\",\"contentUrl\":\"https:\\\/\\\/schoenstatt.com\\\/wp-content\\\/uploads\\\/2026\\\/04\\\/Together-for-Europe.webp\",\"width\":2048,\"height\":1291},{\"@type\":\"BreadcrumbList\",\"@id\":\"https:\\\/\\\/schoenstatt.com\\\/it\\\/forza-profetica-nelloggi-un-vento-nuovo-per-il-comitato-di-orientamento-di-insieme-per-leuropa\\\/#breadcrumb\",\"itemListElement\":[{\"@type\":\"ListItem\",\"position\":1,\"name\":\"Portada\",\"item\":\"https:\\\/\\\/schoenstatt.com\\\/it\\\/home\\\/\"},{\"@type\":\"ListItem\",\"position\":2,\"name\":\"Forza profetica nell&#8217;oggi: Un vento nuovo per il Comitato di Orientamento di &#8220;Insieme per l&#8217;Europa&#8221;\"}]},{\"@type\":\"WebSite\",\"@id\":\"https:\\\/\\\/schoenstatt.com\\\/it\\\/#website\",\"url\":\"https:\\\/\\\/schoenstatt.com\\\/it\\\/\",\"name\":\"Schoenstatt\",\"description\":\"Apostolic Movement\",\"publisher\":{\"@id\":\"https:\\\/\\\/schoenstatt.com\\\/it\\\/#organization\"},\"potentialAction\":[{\"@type\":\"SearchAction\",\"target\":{\"@type\":\"EntryPoint\",\"urlTemplate\":\"https:\\\/\\\/schoenstatt.com\\\/it\\\/?s={search_term_string}\"},\"query-input\":{\"@type\":\"PropertyValueSpecification\",\"valueRequired\":true,\"valueName\":\"search_term_string\"}}],\"inLanguage\":\"it-IT\"},{\"@type\":\"Organization\",\"@id\":\"https:\\\/\\\/schoenstatt.com\\\/it\\\/#organization\",\"name\":\"Schoenstatt\",\"url\":\"https:\\\/\\\/schoenstatt.com\\\/it\\\/\",\"logo\":{\"@type\":\"ImageObject\",\"inLanguage\":\"it-IT\",\"@id\":\"https:\\\/\\\/schoenstatt.com\\\/it\\\/#\\\/schema\\\/logo\\\/image\\\/\",\"url\":\"https:\\\/\\\/schoenstatt.com\\\/wp-content\\\/uploads\\\/2025\\\/04\\\/logo-schoenstatt-white-696x696-1.png\",\"contentUrl\":\"https:\\\/\\\/schoenstatt.com\\\/wp-content\\\/uploads\\\/2025\\\/04\\\/logo-schoenstatt-white-696x696-1.png\",\"width\":696,\"height\":694,\"caption\":\"Schoenstatt\"},\"image\":{\"@id\":\"https:\\\/\\\/schoenstatt.com\\\/it\\\/#\\\/schema\\\/logo\\\/image\\\/\"}},{\"@type\":\"Person\",\"@id\":\"https:\\\/\\\/schoenstatt.com\\\/it\\\/#\\\/schema\\\/person\\\/5158877ad4acae98b34daaeef2a1ce6e\",\"name\":\"Karen Bueno\",\"image\":{\"@type\":\"ImageObject\",\"inLanguage\":\"it-IT\",\"@id\":\"https:\\\/\\\/secure.gravatar.com\\\/avatar\\\/f9f4b823873154269d2b2130f195f6d41037dd0d7fc5f3cacb5c846bae70d66b?s=96&d=mm&r=g\",\"url\":\"https:\\\/\\\/secure.gravatar.com\\\/avatar\\\/f9f4b823873154269d2b2130f195f6d41037dd0d7fc5f3cacb5c846bae70d66b?s=96&d=mm&r=g\",\"contentUrl\":\"https:\\\/\\\/secure.gravatar.com\\\/avatar\\\/f9f4b823873154269d2b2130f195f6d41037dd0d7fc5f3cacb5c846bae70d66b?s=96&d=mm&r=g\",\"caption\":\"Karen Bueno\"},\"url\":\"https:\\\/\\\/schoenstatt.com\\\/it\\\/author\\\/karen-bueno\\\/\"}]}<\/script>\n<!-- \/ Yoast SEO Premium plugin. -->","yoast_head_json":{"title":"Forza profetica nell'oggi: Un vento nuovo per il Comitato di Orientamento di \"Insieme per l'Europa\"","description":"\"Insieme per l'Europa\" unisce movimenti e comunit\u00e0 cristiane oltre i confini nazionali e confessionali.","robots":{"index":"index","follow":"follow","max-snippet":"max-snippet:-1","max-image-preview":"max-image-preview:large","max-video-preview":"max-video-preview:-1"},"canonical":"https:\/\/schoenstatt.com\/it\/forza-profetica-nelloggi-un-vento-nuovo-per-il-comitato-di-orientamento-di-insieme-per-leuropa\/","og_locale":"it_IT","og_type":"article","og_title":"Forza profetica nell'oggi: Un vento nuovo per il Comitato di Orientamento di \"Insieme per l'Europa\"","og_description":"\"Insieme per l'Europa\" unisce movimenti e comunit\u00e0 cristiane oltre i confini nazionali e confessionali.","og_url":"https:\/\/schoenstatt.com\/it\/forza-profetica-nelloggi-un-vento-nuovo-per-il-comitato-di-orientamento-di-insieme-per-leuropa\/","og_site_name":"Schoenstatt","article_published_time":"2026-04-29T01:00:00+00:00","og_image":[{"url":"https:\/\/schoenstatt.com\/wp-content\/uploads\/2026\/04\/Together-for-Europe.webp","width":2048,"height":1291,"type":"image\/jpeg"}],"author":"Karen Bueno","twitter_card":"summary_large_image","twitter_misc":{"Scritto da":"Karen Bueno","Tempo di lettura stimato":"4 minuti"},"schema":{"@context":"https:\/\/schema.org","@graph":[{"@type":"Article","@id":"https:\/\/schoenstatt.com\/it\/forza-profetica-nelloggi-un-vento-nuovo-per-il-comitato-di-orientamento-di-insieme-per-leuropa\/#article","isPartOf":{"@id":"https:\/\/schoenstatt.com\/it\/forza-profetica-nelloggi-un-vento-nuovo-per-il-comitato-di-orientamento-di-insieme-per-leuropa\/"},"author":{"name":"Karen Bueno","@id":"https:\/\/schoenstatt.com\/it\/#\/schema\/person\/5158877ad4acae98b34daaeef2a1ce6e"},"headline":"Forza profetica nell&#8217;oggi: Un vento nuovo per il Comitato di Orientamento di &#8220;Insieme per l&#8217;Europa&#8221;","datePublished":"2026-04-29T01:00:00+00:00","mainEntityOfPage":{"@id":"https:\/\/schoenstatt.com\/it\/forza-profetica-nelloggi-un-vento-nuovo-per-il-comitato-di-orientamento-di-insieme-per-leuropa\/"},"wordCount":624,"publisher":{"@id":"https:\/\/schoenstatt.com\/it\/#organization"},"image":{"@id":"https:\/\/schoenstatt.com\/it\/forza-profetica-nelloggi-un-vento-nuovo-per-il-comitato-di-orientamento-di-insieme-per-leuropa\/#primaryimage"},"thumbnailUrl":"https:\/\/schoenstatt.com\/wp-content\/uploads\/2026\/04\/Together-for-Europe.webp","keywords":["Insieme per l'Europa"],"articleSection":["Europa"],"inLanguage":"it-IT"},{"@type":"WebPage","@id":"https:\/\/schoenstatt.com\/it\/forza-profetica-nelloggi-un-vento-nuovo-per-il-comitato-di-orientamento-di-insieme-per-leuropa\/","url":"https:\/\/schoenstatt.com\/it\/forza-profetica-nelloggi-un-vento-nuovo-per-il-comitato-di-orientamento-di-insieme-per-leuropa\/","name":"Forza profetica nell'oggi: Un vento nuovo per il Comitato di Orientamento di \"Insieme per l'Europa\"","isPartOf":{"@id":"https:\/\/schoenstatt.com\/it\/#website"},"primaryImageOfPage":{"@id":"https:\/\/schoenstatt.com\/it\/forza-profetica-nelloggi-un-vento-nuovo-per-il-comitato-di-orientamento-di-insieme-per-leuropa\/#primaryimage"},"image":{"@id":"https:\/\/schoenstatt.com\/it\/forza-profetica-nelloggi-un-vento-nuovo-per-il-comitato-di-orientamento-di-insieme-per-leuropa\/#primaryimage"},"thumbnailUrl":"https:\/\/schoenstatt.com\/wp-content\/uploads\/2026\/04\/Together-for-Europe.webp","datePublished":"2026-04-29T01:00:00+00:00","description":"\"Insieme per l'Europa\" unisce movimenti e comunit\u00e0 cristiane oltre i confini nazionali e confessionali.","breadcrumb":{"@id":"https:\/\/schoenstatt.com\/it\/forza-profetica-nelloggi-un-vento-nuovo-per-il-comitato-di-orientamento-di-insieme-per-leuropa\/#breadcrumb"},"inLanguage":"it-IT","potentialAction":[{"@type":"ReadAction","target":["https:\/\/schoenstatt.com\/it\/forza-profetica-nelloggi-un-vento-nuovo-per-il-comitato-di-orientamento-di-insieme-per-leuropa\/"]}]},{"@type":"ImageObject","inLanguage":"it-IT","@id":"https:\/\/schoenstatt.com\/it\/forza-profetica-nelloggi-un-vento-nuovo-per-il-comitato-di-orientamento-di-insieme-per-leuropa\/#primaryimage","url":"https:\/\/schoenstatt.com\/wp-content\/uploads\/2026\/04\/Together-for-Europe.webp","contentUrl":"https:\/\/schoenstatt.com\/wp-content\/uploads\/2026\/04\/Together-for-Europe.webp","width":2048,"height":1291},{"@type":"BreadcrumbList","@id":"https:\/\/schoenstatt.com\/it\/forza-profetica-nelloggi-un-vento-nuovo-per-il-comitato-di-orientamento-di-insieme-per-leuropa\/#breadcrumb","itemListElement":[{"@type":"ListItem","position":1,"name":"Portada","item":"https:\/\/schoenstatt.com\/it\/home\/"},{"@type":"ListItem","position":2,"name":"Forza profetica nell&#8217;oggi: Un vento nuovo per il Comitato di Orientamento di &#8220;Insieme per l&#8217;Europa&#8221;"}]},{"@type":"WebSite","@id":"https:\/\/schoenstatt.com\/it\/#website","url":"https:\/\/schoenstatt.com\/it\/","name":"Schoenstatt","description":"Apostolic Movement","publisher":{"@id":"https:\/\/schoenstatt.com\/it\/#organization"},"potentialAction":[{"@type":"SearchAction","target":{"@type":"EntryPoint","urlTemplate":"https:\/\/schoenstatt.com\/it\/?s={search_term_string}"},"query-input":{"@type":"PropertyValueSpecification","valueRequired":true,"valueName":"search_term_string"}}],"inLanguage":"it-IT"},{"@type":"Organization","@id":"https:\/\/schoenstatt.com\/it\/#organization","name":"Schoenstatt","url":"https:\/\/schoenstatt.com\/it\/","logo":{"@type":"ImageObject","inLanguage":"it-IT","@id":"https:\/\/schoenstatt.com\/it\/#\/schema\/logo\/image\/","url":"https:\/\/schoenstatt.com\/wp-content\/uploads\/2025\/04\/logo-schoenstatt-white-696x696-1.png","contentUrl":"https:\/\/schoenstatt.com\/wp-content\/uploads\/2025\/04\/logo-schoenstatt-white-696x696-1.png","width":696,"height":694,"caption":"Schoenstatt"},"image":{"@id":"https:\/\/schoenstatt.com\/it\/#\/schema\/logo\/image\/"}},{"@type":"Person","@id":"https:\/\/schoenstatt.com\/it\/#\/schema\/person\/5158877ad4acae98b34daaeef2a1ce6e","name":"Karen Bueno","image":{"@type":"ImageObject","inLanguage":"it-IT","@id":"https:\/\/secure.gravatar.com\/avatar\/f9f4b823873154269d2b2130f195f6d41037dd0d7fc5f3cacb5c846bae70d66b?s=96&d=mm&r=g","url":"https:\/\/secure.gravatar.com\/avatar\/f9f4b823873154269d2b2130f195f6d41037dd0d7fc5f3cacb5c846bae70d66b?s=96&d=mm&r=g","contentUrl":"https:\/\/secure.gravatar.com\/avatar\/f9f4b823873154269d2b2130f195f6d41037dd0d7fc5f3cacb5c846bae70d66b?s=96&d=mm&r=g","caption":"Karen Bueno"},"url":"https:\/\/schoenstatt.com\/it\/author\/karen-bueno\/"}]}},"_links":{"self":[{"href":"https:\/\/schoenstatt.com\/it\/wp-json\/wp\/v2\/posts\/69952","targetHints":{"allow":["GET"]}}],"collection":[{"href":"https:\/\/schoenstatt.com\/it\/wp-json\/wp\/v2\/posts"}],"about":[{"href":"https:\/\/schoenstatt.com\/it\/wp-json\/wp\/v2\/types\/post"}],"author":[{"embeddable":true,"href":"https:\/\/schoenstatt.com\/it\/wp-json\/wp\/v2\/users\/3"}],"replies":[{"embeddable":true,"href":"https:\/\/schoenstatt.com\/it\/wp-json\/wp\/v2\/comments?post=69952"}],"version-history":[{"count":4,"href":"https:\/\/schoenstatt.com\/it\/wp-json\/wp\/v2\/posts\/69952\/revisions"}],"predecessor-version":[{"id":69983,"href":"https:\/\/schoenstatt.com\/it\/wp-json\/wp\/v2\/posts\/69952\/revisions\/69983"}],"wp:featuredmedia":[{"embeddable":true,"href":"https:\/\/schoenstatt.com\/it\/wp-json\/wp\/v2\/media\/69940"}],"wp:attachment":[{"href":"https:\/\/schoenstatt.com\/it\/wp-json\/wp\/v2\/media?parent=69952"}],"wp:term":[{"taxonomy":"category","embeddable":true,"href":"https:\/\/schoenstatt.com\/it\/wp-json\/wp\/v2\/categories?post=69952"},{"taxonomy":"post_tag","embeddable":true,"href":"https:\/\/schoenstatt.com\/it\/wp-json\/wp\/v2\/tags?post=69952"}],"curies":[{"name":"wp","href":"https:\/\/api.w.org\/{rel}","templated":true}]}}