{"id":69869,"date":"2026-04-23T14:42:49","date_gmt":"2026-04-23T12:42:49","guid":{"rendered":"https:\/\/schoenstatt.com\/?p=69869"},"modified":"2026-04-24T13:39:18","modified_gmt":"2026-04-24T11:39:18","slug":"missioni-vivere-la-fede-a-zulpich-unesperienza-indimenticabile-in-germania","status":"publish","type":"post","link":"https:\/\/schoenstatt.com\/it\/missioni-vivere-la-fede-a-zulpich-unesperienza-indimenticabile-in-germania\/","title":{"rendered":"Missioni: vivere la fede a Z\u00fclpich, un\u2019esperienza indimenticabile in Germania"},"content":{"rendered":"\n<p>Il 28 marzo 2026, il giorno prima della Domenica delle Palme, un gruppo di giovani adulti, famiglie e altre persone impegnate \u00e8 partito dal Santuario Originale di Schoenstatt, a Vallendar, verso Z\u00fclpich, vicino a Colonia. Con il motto \u00abMissioni: vivere la fede\u00bb, partecipano attivamente alla Settimana Santa e cercano consapevolmente l\u2019incontro con le persone: nelle celebrazioni liturgiche, nella preghiera e nella vita quotidiana del luogo.<\/p>\n\n\n\n<div style=\"height:32px\" aria-hidden=\"true\" class=\"wp-block-spacer\"><\/div>\n\n\n\n<figure class=\"wp-block-image aligncenter size-full\"><img decoding=\"async\" src=\"https:\/\/schoenstatt.com\/wp-content\/uploads\/2026\/04\/misiones-2026-b.webp\" alt=\"\" class=\"wp-image-69824\"\/><\/figure>\n\n\n\n<div style=\"height:32px\" aria-hidden=\"true\" class=\"wp-block-spacer\"><\/div>\n\n\n\n<h2 class=\"wp-block-heading has-medium-font-size\" id=\"h-invio-con-coscienza-di-missione-e-fiducia\">Invio con coscienza di missione e fiducia<\/h2>\n\n\n\n<p>L\u2019inizio nel Santuario Originale \u00e8 segnato dall\u2019invio. Davanti all\u2019altare ci sono croci missionarie per tutti i partecipanti, come segno che \u00abnon vanno per conto proprio, ma con Cristo e per Cristo\u00bb. In una celebrazione semplice, la missione viene riaffermata con la parola di Ges\u00f9: \u00abAndate, io vi mando\u2026\u00bb (Lc 10,3). Le immagini della <a href=\"https:\/\/schoenstatt.com\/it\/in-missione\/chiesa\/madonna-pellegrina\/\">Madonna Pellegrina<\/a> rendono chiaro che il gruppo di Schoenstatt desidera intraprendere questo progetto apostolico accompagnato da Maria, la Madre di Ges\u00f9.<\/p>\n\n\n\n<p>Per i presenti risulta particolarmente significativa una parola del padre Josef Kentenich: <em><strong>\u00abProviamoci una volta con la Vergine Maria. Ella \u00e8, dopotutto, la grande missionaria. [\u2026] L\u2019impossibile diventa possibile\u00bb.<\/strong><\/em><\/p>\n\n\n\n<p>In modo inatteso, al termine della celebrazione di invio, il gruppo riceve la benedizione del vescovo ausiliare Dominikus Schwaderlapp, in visita al Santuario Originale.<\/p>\n\n\n\n<div style=\"height:35px\" aria-hidden=\"true\" class=\"wp-block-spacer\"><\/div>\n\n\n\n<figure class=\"wp-block-gallery has-nested-images columns-default is-cropped wp-block-gallery-1 is-layout-flex wp-block-gallery-is-layout-flex\">\n<figure class=\"wp-block-image size-large\"><img decoding=\"async\" data-id=\"69839\" src=\"https:\/\/schoenstatt.com\/wp-content\/uploads\/2026\/04\/Missions-Germany-3.webp\" alt=\"\" class=\"wp-image-69839\"\/><\/figure>\n\n\n\n<figure class=\"wp-block-image size-large\"><img decoding=\"async\" data-id=\"69844\" src=\"https:\/\/schoenstatt.com\/wp-content\/uploads\/2026\/04\/Missions-Germany-4.webp\" alt=\"\" class=\"wp-image-69844\"\/><\/figure>\n<\/figure>\n\n\n\n<div style=\"height:30px\" aria-hidden=\"true\" class=\"wp-block-spacer\"><\/div>\n\n\n\n<h2 class=\"wp-block-heading has-medium-font-size\" id=\"h-tra-scetticismo-e-desiderio\">Tra scetticismo e desiderio<\/h2>\n\n\n\n<p>Con la Messa della Domenica delle Palme a F\u00fcssenich inizia la settimana di missione nel luogo. Il sacerdote responsabile della parrocchia, p. Guido Zimmermann, sottolinea durante la celebrazione: <em>\u00abIl messaggio di Pasqua [\u2026] \u00e8 il messaggio pi\u00f9 importante del mondo. Sono molto grato che questa settimana abbiamo come ospiti un gruppo che ci aiuta a portare questo messaggio alla gente\u00bb<\/em>. Questa missione di trasmettere il messaggio segner\u00e0 i giorni successivi.<\/p>\n\n\n\n<p>Negli incontri emerge un panorama complesso, in cui affermazioni come \u00abSono un ateo profondamente credente!\u00bb o \u00abSono felice senza Dio\u00bb contrastano con un desiderio, spesso percepibile, di vicinanza e di senso. Si avverte rapidamente quanta solitudine e smarrimento si nascondano dietro molte porte. Alcuni esprimono con gratitudine il fatto che qualcuno si rivolga a loro, mostri interesse e li ascolti. Proprio davanti alle case e per strada nascono conversazioni che toccano e arrivano in profondit\u00e0.<\/p>\n\n\n\n<div style=\"height:27px\" aria-hidden=\"true\" class=\"wp-block-spacer\"><\/div>\n\n\n\n<figure class=\"wp-block-image aligncenter size-full\"><img decoding=\"async\" src=\"https:\/\/schoenstatt.com\/wp-content\/uploads\/2026\/04\/Missions-Germany-2026.webp\" alt=\"\" class=\"wp-image-69849\"\/><\/figure>\n\n\n\n<div style=\"height:36px\" aria-hidden=\"true\" class=\"wp-block-spacer\"><\/div>\n\n\n\n<h2 class=\"wp-block-heading has-medium-font-size\" id=\"h-incontri-che-lasciano-il-segno\">Incontri che lasciano il segno<\/h2>\n\n\n\n<p>Uno di questi incontri \u00e8 rimasto particolarmente impresso nella memoria del gruppo: un uomo ha raccontato il suo percorso attraverso la dipendenza dall\u2019alcol, un cammino che lo ha portato infine a diventare consulente per le dipendenze. Parla della sua fede, che \u00abgli ha sempre dato molto sostegno in tutti gli alti e bassi della vita\u00bb. Descrive anche il suo matrimonio come fondato su questa fede: <em>\u00abQuando qualcuno semplicemente ti sta accanto in un momento cos\u00ec e ti sostiene, allora nulla pu\u00f2 separarci\u00bb.<\/em><\/p>\n\n\n\n<p>Una partecipante di 12 anni riassume cos\u00ec l\u2019effetto di questi dialoghi: <em>\u00ab\u00c8 bellissimo quando le persone raccontano le loro esperienze di fede, perch\u00e9 questo fa emergere tutto ci\u00f2 che hanno dentro\u00bb.<\/em><\/p>\n\n\n\n<p>In effetti, l\u2019uomo ha incontrato di nuovo il gruppo pi\u00f9 tardi e ha raccontato quanto lo avesse colpito profondamente quella conversazione.<\/p>\n\n\n\n<div style=\"height:25px\" aria-hidden=\"true\" class=\"wp-block-spacer\"><\/div>\n\n\n\n<figure class=\"wp-block-image aligncenter size-full is-resized\"><img decoding=\"async\" src=\"https:\/\/schoenstatt.com\/wp-content\/uploads\/2026\/04\/Missions-Germany.webp\" alt=\"\" class=\"wp-image-69854\" style=\"width:324px;height:auto\"\/><\/figure>\n\n\n\n<div style=\"height:42px\" aria-hidden=\"true\" class=\"wp-block-spacer\"><\/div>\n\n\n\n<h2 class=\"wp-block-heading has-medium-font-size\" id=\"h-la-fede-nella-celebrazione-comunitaria\">La fede nella celebrazione comunitaria<\/h2>\n\n\n\n<p>Oltre agli incontri personali, il gruppo missionario partecipa anche all\u2019organizzazione di alcune attivit\u00e0 parrocchiali: ogni mattina, prima della colazione comunitaria, una coppia del gruppo propone una riflessione. Sono pensieri molto spirituali e concisi che accompagnano tutti all\u2019inizio della giornata.<\/p>\n\n\n\n<p>I vespri quotidiani e la veglia del Gioved\u00ec Santo, organizzati dal gruppo insieme alla parrocchia, si svolgono nella suggestiva cripta di San Pietro a Z\u00fclpich.<\/p>\n\n\n\n<p>Anche la celebrazione della Via Crucis del Venerd\u00ec Santo sulle \u00abSette ultime parole di Ges\u00f9\u00bb suscita una partecipazione inaspettata: una coppia si unisce spontaneamente alla proposta del gruppo dicendo: \u00abCi piacerebbe unirci a voi\u00bb.<\/p>\n\n\n\n<div style=\"height:32px\" aria-hidden=\"true\" class=\"wp-block-spacer\"><\/div>\n\n\n\n<figure class=\"wp-block-image size-full\"><img decoding=\"async\" src=\"https:\/\/schoenstatt.com\/wp-content\/uploads\/2026\/04\/Missions-Germany-2.webp\" alt=\"\" class=\"wp-image-69834\"\/><\/figure>\n\n\n\n<div style=\"height:48px\" aria-hidden=\"true\" class=\"wp-block-spacer\"><\/div>\n\n\n\n<h2 class=\"wp-block-heading has-medium-font-size\" id=\"h-un-segno-di-benedizione\">Un segno di benedizione<\/h2>\n\n\n\n<p>I partecipanti al gruppo Missioni considerano ogni incontro come un dono. Un segno visibile di ci\u00f2 \u00e8 una brocca in cui, simbolicamente, viene raccolta acqua da ogni incontro. Durante la Veglia Pasquale, quest\u2019acqua viene versata nel fonte battesimale e consacrata come acqua pasquale, a simboleggiare che le esperienze della settimana rifluiscono nella vita della Chiesa locale.<\/p>\n\n\n\n<p>P. Zimmermann riassume cos\u00ec l\u2019impatto della settimana:<em> \u00abSiete stati come una spina nel fianco della nostra comunit\u00e0, perch\u00e9 ci\u00f2 che avete fatto \u00e8 la missione di tutti noi! Facciamolo anche noi: usciamo e annunciamo alla gente questo messaggio di Pasqua, il pi\u00f9 importante per tutti: Ges\u00f9 \u00e8 risorto!\u00bb.<\/em><\/p>\n\n\n\n<div style=\"height:44px\" aria-hidden=\"true\" class=\"wp-block-spacer\"><\/div>\n\n\n\n<figure class=\"wp-block-image size-full\"><img decoding=\"async\" src=\"https:\/\/schoenstatt.com\/wp-content\/uploads\/2026\/04\/Misiones-Zulpich-Germany.webp\" alt=\"\" class=\"wp-image-69829\"\/><\/figure>\n\n\n\n<div style=\"height:34px\" aria-hidden=\"true\" class=\"wp-block-spacer\"><\/div>\n\n\n\n<h2 class=\"wp-block-heading has-medium-font-size\" id=\"h-esperienze-che-rimangono\">Esperienze che rimangono<\/h2>\n\n\n\n<p>Per il gruppo missionario stesso, la settimana diventa anche un\u2019intensa esperienza di fede. Una madre lo descrive cos\u00ec: \u00abNelle missioni di Z\u00fclpich ho visto i miei figli con uno sguardo nuovo, profondo e pieno di fede, e li ho riscoperti. Ho vissuto una comunit\u00e0 gioiosa attorno a Cristo!\u00bb.<\/p>\n\n\n\n<p>I commenti del gruppo mostrano un ampio spettro di impressioni: \u00abUna comunit\u00e0 splendida\u00bb, \u00abun\u2019intensa esperienza di Dio\u00bb, \u00abun\u2019avventura tra rifiuto e apertura\u00bb. Ci\u00f2 che li ha segnati maggiormente \u00e8 il cammino condiviso: \u00abTutte le preoccupazioni svanivano e ci si sentiva come i discepoli, che non camminavano da soli, ma per Dio\u00bb.<\/p>\n\n\n\n<p>Alla fine, tutti condividono la stessa convinzione: \u00ab\u00c8 qualcosa di grande poter camminare insieme in questa missione speciale\u00bb. La Settimana Santa a Z\u00fclpich diventa cos\u00ec, per molti, un\u2019esperienza duratura, che lascia i cuori \u00abprofondamente colmi e grati\u00bb.<\/p>\n\n\n\n<p><strong>Revisione del testo:<\/strong> Heinrich Brehm<\/p>\n\n\n\n<p><strong>Foto: <\/strong>Matthias e Vanessa Franke<\/p>\n\n\n\n<p><strong>Traduzione:<\/strong> Eugenio Minici<\/p>\n","protected":false},"excerpt":{"rendered":"<p>Giovani e famiglie della Germania si impegnano in un progetto in cui si avvicinano attivamente ad altre persone.<\/p>\n","protected":false},"author":3,"featured_media":69828,"comment_status":"closed","ping_status":"closed","sticky":false,"template":"","format":"standard","meta":{"footnotes":""},"categories":[871,896],"tags":[1163],"class_list":["post-69869","post","type-post","status-publish","format-standard","has-post-thumbnail","hentry","category-europa-it","category-in-missione-it","tag-schoenstatt-germania-it"],"yoast_head":"<!-- This site is optimized with the Yoast SEO Premium plugin v27.4 (Yoast SEO v27.4) - https:\/\/yoast.com\/product\/yoast-seo-premium-wordpress\/ -->\n<title>Missioni: vivere la fede a Z\u00fclpich, un\u2019esperienza indimenticabile in Germania<\/title>\n<meta name=\"description\" content=\"Giovani e famiglie della Germania si impegnano in un progetto in cui si avvicinano attivamente ad altre persone.\" \/>\n<meta name=\"robots\" content=\"index, follow, max-snippet:-1, max-image-preview:large, max-video-preview:-1\" \/>\n<link rel=\"canonical\" href=\"https:\/\/schoenstatt.com\/it\/missioni-vivere-la-fede-a-zulpich-unesperienza-indimenticabile-in-germania\/\" \/>\n<meta property=\"og:locale\" content=\"it_IT\" \/>\n<meta property=\"og:type\" content=\"article\" \/>\n<meta property=\"og:title\" content=\"Missioni: vivere la fede a Z\u00fclpich, un\u2019esperienza indimenticabile in Germania\" \/>\n<meta property=\"og:description\" content=\"Giovani e famiglie della Germania si impegnano in un progetto in cui si avvicinano attivamente ad altre persone.\" \/>\n<meta property=\"og:url\" content=\"https:\/\/schoenstatt.com\/it\/missioni-vivere-la-fede-a-zulpich-unesperienza-indimenticabile-in-germania\/\" \/>\n<meta property=\"og:site_name\" content=\"Schoenstatt\" \/>\n<meta property=\"article:published_time\" content=\"2026-04-23T12:42:49+00:00\" \/>\n<meta property=\"article:modified_time\" content=\"2026-04-24T11:39:18+00:00\" \/>\n<meta property=\"og:image\" content=\"https:\/\/schoenstatt.com\/wp-content\/uploads\/2026\/04\/Misiones-Zulpich-Germany.webp\" \/>\n\t<meta property=\"og:image:width\" content=\"2048\" \/>\n\t<meta property=\"og:image:height\" content=\"1425\" \/>\n\t<meta property=\"og:image:type\" content=\"image\/jpeg\" \/>\n<meta name=\"author\" content=\"Karen Bueno\" \/>\n<meta name=\"twitter:card\" content=\"summary_large_image\" \/>\n<meta name=\"twitter:label1\" content=\"Scritto da\" \/>\n\t<meta name=\"twitter:data1\" content=\"Karen Bueno\" \/>\n\t<meta name=\"twitter:label2\" content=\"Tempo di lettura stimato\" \/>\n\t<meta name=\"twitter:data2\" content=\"7 minuti\" \/>\n<script type=\"application\/ld+json\" class=\"yoast-schema-graph\">{\"@context\":\"https:\\\/\\\/schema.org\",\"@graph\":[{\"@type\":\"Article\",\"@id\":\"https:\\\/\\\/schoenstatt.com\\\/it\\\/missioni-vivere-la-fede-a-zulpich-unesperienza-indimenticabile-in-germania\\\/#article\",\"isPartOf\":{\"@id\":\"https:\\\/\\\/schoenstatt.com\\\/it\\\/missioni-vivere-la-fede-a-zulpich-unesperienza-indimenticabile-in-germania\\\/\"},\"author\":{\"name\":\"Karen Bueno\",\"@id\":\"https:\\\/\\\/schoenstatt.com\\\/it\\\/#\\\/schema\\\/person\\\/5158877ad4acae98b34daaeef2a1ce6e\"},\"headline\":\"Missioni: vivere la fede a Z\u00fclpich, un\u2019esperienza indimenticabile in Germania\",\"datePublished\":\"2026-04-23T12:42:49+00:00\",\"dateModified\":\"2026-04-24T11:39:18+00:00\",\"mainEntityOfPage\":{\"@id\":\"https:\\\/\\\/schoenstatt.com\\\/it\\\/missioni-vivere-la-fede-a-zulpich-unesperienza-indimenticabile-in-germania\\\/\"},\"wordCount\":866,\"publisher\":{\"@id\":\"https:\\\/\\\/schoenstatt.com\\\/it\\\/#organization\"},\"image\":{\"@id\":\"https:\\\/\\\/schoenstatt.com\\\/it\\\/missioni-vivere-la-fede-a-zulpich-unesperienza-indimenticabile-in-germania\\\/#primaryimage\"},\"thumbnailUrl\":\"https:\\\/\\\/schoenstatt.com\\\/wp-content\\\/uploads\\\/2026\\\/04\\\/Misiones-Zulpich-Germany.webp\",\"keywords\":[\"Schoenstatt Germania\"],\"articleSection\":[\"Europa\",\"In missione\"],\"inLanguage\":\"it-IT\"},{\"@type\":\"WebPage\",\"@id\":\"https:\\\/\\\/schoenstatt.com\\\/it\\\/missioni-vivere-la-fede-a-zulpich-unesperienza-indimenticabile-in-germania\\\/\",\"url\":\"https:\\\/\\\/schoenstatt.com\\\/it\\\/missioni-vivere-la-fede-a-zulpich-unesperienza-indimenticabile-in-germania\\\/\",\"name\":\"Missioni: vivere la fede a Z\u00fclpich, un\u2019esperienza indimenticabile in Germania\",\"isPartOf\":{\"@id\":\"https:\\\/\\\/schoenstatt.com\\\/it\\\/#website\"},\"primaryImageOfPage\":{\"@id\":\"https:\\\/\\\/schoenstatt.com\\\/it\\\/missioni-vivere-la-fede-a-zulpich-unesperienza-indimenticabile-in-germania\\\/#primaryimage\"},\"image\":{\"@id\":\"https:\\\/\\\/schoenstatt.com\\\/it\\\/missioni-vivere-la-fede-a-zulpich-unesperienza-indimenticabile-in-germania\\\/#primaryimage\"},\"thumbnailUrl\":\"https:\\\/\\\/schoenstatt.com\\\/wp-content\\\/uploads\\\/2026\\\/04\\\/Misiones-Zulpich-Germany.webp\",\"datePublished\":\"2026-04-23T12:42:49+00:00\",\"dateModified\":\"2026-04-24T11:39:18+00:00\",\"description\":\"Giovani e famiglie della Germania si impegnano in un progetto in cui si avvicinano attivamente ad altre persone.\",\"breadcrumb\":{\"@id\":\"https:\\\/\\\/schoenstatt.com\\\/it\\\/missioni-vivere-la-fede-a-zulpich-unesperienza-indimenticabile-in-germania\\\/#breadcrumb\"},\"inLanguage\":\"it-IT\",\"potentialAction\":[{\"@type\":\"ReadAction\",\"target\":[\"https:\\\/\\\/schoenstatt.com\\\/it\\\/missioni-vivere-la-fede-a-zulpich-unesperienza-indimenticabile-in-germania\\\/\"]}]},{\"@type\":\"ImageObject\",\"inLanguage\":\"it-IT\",\"@id\":\"https:\\\/\\\/schoenstatt.com\\\/it\\\/missioni-vivere-la-fede-a-zulpich-unesperienza-indimenticabile-in-germania\\\/#primaryimage\",\"url\":\"https:\\\/\\\/schoenstatt.com\\\/wp-content\\\/uploads\\\/2026\\\/04\\\/Misiones-Zulpich-Germany.webp\",\"contentUrl\":\"https:\\\/\\\/schoenstatt.com\\\/wp-content\\\/uploads\\\/2026\\\/04\\\/Misiones-Zulpich-Germany.webp\",\"width\":2048,\"height\":1425},{\"@type\":\"BreadcrumbList\",\"@id\":\"https:\\\/\\\/schoenstatt.com\\\/it\\\/missioni-vivere-la-fede-a-zulpich-unesperienza-indimenticabile-in-germania\\\/#breadcrumb\",\"itemListElement\":[{\"@type\":\"ListItem\",\"position\":1,\"name\":\"Portada\",\"item\":\"https:\\\/\\\/schoenstatt.com\\\/it\\\/home\\\/\"},{\"@type\":\"ListItem\",\"position\":2,\"name\":\"Missioni: vivere la fede a Z\u00fclpich, un\u2019esperienza indimenticabile in Germania\"}]},{\"@type\":\"WebSite\",\"@id\":\"https:\\\/\\\/schoenstatt.com\\\/it\\\/#website\",\"url\":\"https:\\\/\\\/schoenstatt.com\\\/it\\\/\",\"name\":\"Schoenstatt\",\"description\":\"Apostolic Movement\",\"publisher\":{\"@id\":\"https:\\\/\\\/schoenstatt.com\\\/it\\\/#organization\"},\"potentialAction\":[{\"@type\":\"SearchAction\",\"target\":{\"@type\":\"EntryPoint\",\"urlTemplate\":\"https:\\\/\\\/schoenstatt.com\\\/it\\\/?s={search_term_string}\"},\"query-input\":{\"@type\":\"PropertyValueSpecification\",\"valueRequired\":true,\"valueName\":\"search_term_string\"}}],\"inLanguage\":\"it-IT\"},{\"@type\":\"Organization\",\"@id\":\"https:\\\/\\\/schoenstatt.com\\\/it\\\/#organization\",\"name\":\"Schoenstatt\",\"url\":\"https:\\\/\\\/schoenstatt.com\\\/it\\\/\",\"logo\":{\"@type\":\"ImageObject\",\"inLanguage\":\"it-IT\",\"@id\":\"https:\\\/\\\/schoenstatt.com\\\/it\\\/#\\\/schema\\\/logo\\\/image\\\/\",\"url\":\"https:\\\/\\\/schoenstatt.com\\\/wp-content\\\/uploads\\\/2025\\\/04\\\/logo-schoenstatt-white-696x696-1.png\",\"contentUrl\":\"https:\\\/\\\/schoenstatt.com\\\/wp-content\\\/uploads\\\/2025\\\/04\\\/logo-schoenstatt-white-696x696-1.png\",\"width\":696,\"height\":694,\"caption\":\"Schoenstatt\"},\"image\":{\"@id\":\"https:\\\/\\\/schoenstatt.com\\\/it\\\/#\\\/schema\\\/logo\\\/image\\\/\"}},{\"@type\":\"Person\",\"@id\":\"https:\\\/\\\/schoenstatt.com\\\/it\\\/#\\\/schema\\\/person\\\/5158877ad4acae98b34daaeef2a1ce6e\",\"name\":\"Karen Bueno\",\"image\":{\"@type\":\"ImageObject\",\"inLanguage\":\"it-IT\",\"@id\":\"https:\\\/\\\/secure.gravatar.com\\\/avatar\\\/f9f4b823873154269d2b2130f195f6d41037dd0d7fc5f3cacb5c846bae70d66b?s=96&d=mm&r=g\",\"url\":\"https:\\\/\\\/secure.gravatar.com\\\/avatar\\\/f9f4b823873154269d2b2130f195f6d41037dd0d7fc5f3cacb5c846bae70d66b?s=96&d=mm&r=g\",\"contentUrl\":\"https:\\\/\\\/secure.gravatar.com\\\/avatar\\\/f9f4b823873154269d2b2130f195f6d41037dd0d7fc5f3cacb5c846bae70d66b?s=96&d=mm&r=g\",\"caption\":\"Karen Bueno\"},\"url\":\"https:\\\/\\\/schoenstatt.com\\\/it\\\/author\\\/karen-bueno\\\/\"}]}<\/script>\n<!-- \/ Yoast SEO Premium plugin. -->","yoast_head_json":{"title":"Missioni: vivere la fede a Z\u00fclpich, un\u2019esperienza indimenticabile in Germania","description":"Giovani e famiglie della Germania si impegnano in un progetto in cui si avvicinano attivamente ad altre persone.","robots":{"index":"index","follow":"follow","max-snippet":"max-snippet:-1","max-image-preview":"max-image-preview:large","max-video-preview":"max-video-preview:-1"},"canonical":"https:\/\/schoenstatt.com\/it\/missioni-vivere-la-fede-a-zulpich-unesperienza-indimenticabile-in-germania\/","og_locale":"it_IT","og_type":"article","og_title":"Missioni: vivere la fede a Z\u00fclpich, un\u2019esperienza indimenticabile in Germania","og_description":"Giovani e famiglie della Germania si impegnano in un progetto in cui si avvicinano attivamente ad altre persone.","og_url":"https:\/\/schoenstatt.com\/it\/missioni-vivere-la-fede-a-zulpich-unesperienza-indimenticabile-in-germania\/","og_site_name":"Schoenstatt","article_published_time":"2026-04-23T12:42:49+00:00","article_modified_time":"2026-04-24T11:39:18+00:00","og_image":[{"width":2048,"height":1425,"url":"https:\/\/schoenstatt.com\/wp-content\/uploads\/2026\/04\/Misiones-Zulpich-Germany.webp","type":"image\/jpeg"}],"author":"Karen Bueno","twitter_card":"summary_large_image","twitter_misc":{"Scritto da":"Karen Bueno","Tempo di lettura stimato":"7 minuti"},"schema":{"@context":"https:\/\/schema.org","@graph":[{"@type":"Article","@id":"https:\/\/schoenstatt.com\/it\/missioni-vivere-la-fede-a-zulpich-unesperienza-indimenticabile-in-germania\/#article","isPartOf":{"@id":"https:\/\/schoenstatt.com\/it\/missioni-vivere-la-fede-a-zulpich-unesperienza-indimenticabile-in-germania\/"},"author":{"name":"Karen Bueno","@id":"https:\/\/schoenstatt.com\/it\/#\/schema\/person\/5158877ad4acae98b34daaeef2a1ce6e"},"headline":"Missioni: vivere la fede a Z\u00fclpich, un\u2019esperienza indimenticabile in Germania","datePublished":"2026-04-23T12:42:49+00:00","dateModified":"2026-04-24T11:39:18+00:00","mainEntityOfPage":{"@id":"https:\/\/schoenstatt.com\/it\/missioni-vivere-la-fede-a-zulpich-unesperienza-indimenticabile-in-germania\/"},"wordCount":866,"publisher":{"@id":"https:\/\/schoenstatt.com\/it\/#organization"},"image":{"@id":"https:\/\/schoenstatt.com\/it\/missioni-vivere-la-fede-a-zulpich-unesperienza-indimenticabile-in-germania\/#primaryimage"},"thumbnailUrl":"https:\/\/schoenstatt.com\/wp-content\/uploads\/2026\/04\/Misiones-Zulpich-Germany.webp","keywords":["Schoenstatt Germania"],"articleSection":["Europa","In missione"],"inLanguage":"it-IT"},{"@type":"WebPage","@id":"https:\/\/schoenstatt.com\/it\/missioni-vivere-la-fede-a-zulpich-unesperienza-indimenticabile-in-germania\/","url":"https:\/\/schoenstatt.com\/it\/missioni-vivere-la-fede-a-zulpich-unesperienza-indimenticabile-in-germania\/","name":"Missioni: vivere la fede a Z\u00fclpich, un\u2019esperienza indimenticabile in Germania","isPartOf":{"@id":"https:\/\/schoenstatt.com\/it\/#website"},"primaryImageOfPage":{"@id":"https:\/\/schoenstatt.com\/it\/missioni-vivere-la-fede-a-zulpich-unesperienza-indimenticabile-in-germania\/#primaryimage"},"image":{"@id":"https:\/\/schoenstatt.com\/it\/missioni-vivere-la-fede-a-zulpich-unesperienza-indimenticabile-in-germania\/#primaryimage"},"thumbnailUrl":"https:\/\/schoenstatt.com\/wp-content\/uploads\/2026\/04\/Misiones-Zulpich-Germany.webp","datePublished":"2026-04-23T12:42:49+00:00","dateModified":"2026-04-24T11:39:18+00:00","description":"Giovani e famiglie della Germania si impegnano in un progetto in cui si avvicinano attivamente ad altre persone.","breadcrumb":{"@id":"https:\/\/schoenstatt.com\/it\/missioni-vivere-la-fede-a-zulpich-unesperienza-indimenticabile-in-germania\/#breadcrumb"},"inLanguage":"it-IT","potentialAction":[{"@type":"ReadAction","target":["https:\/\/schoenstatt.com\/it\/missioni-vivere-la-fede-a-zulpich-unesperienza-indimenticabile-in-germania\/"]}]},{"@type":"ImageObject","inLanguage":"it-IT","@id":"https:\/\/schoenstatt.com\/it\/missioni-vivere-la-fede-a-zulpich-unesperienza-indimenticabile-in-germania\/#primaryimage","url":"https:\/\/schoenstatt.com\/wp-content\/uploads\/2026\/04\/Misiones-Zulpich-Germany.webp","contentUrl":"https:\/\/schoenstatt.com\/wp-content\/uploads\/2026\/04\/Misiones-Zulpich-Germany.webp","width":2048,"height":1425},{"@type":"BreadcrumbList","@id":"https:\/\/schoenstatt.com\/it\/missioni-vivere-la-fede-a-zulpich-unesperienza-indimenticabile-in-germania\/#breadcrumb","itemListElement":[{"@type":"ListItem","position":1,"name":"Portada","item":"https:\/\/schoenstatt.com\/it\/home\/"},{"@type":"ListItem","position":2,"name":"Missioni: vivere la fede a Z\u00fclpich, un\u2019esperienza indimenticabile in Germania"}]},{"@type":"WebSite","@id":"https:\/\/schoenstatt.com\/it\/#website","url":"https:\/\/schoenstatt.com\/it\/","name":"Schoenstatt","description":"Apostolic Movement","publisher":{"@id":"https:\/\/schoenstatt.com\/it\/#organization"},"potentialAction":[{"@type":"SearchAction","target":{"@type":"EntryPoint","urlTemplate":"https:\/\/schoenstatt.com\/it\/?s={search_term_string}"},"query-input":{"@type":"PropertyValueSpecification","valueRequired":true,"valueName":"search_term_string"}}],"inLanguage":"it-IT"},{"@type":"Organization","@id":"https:\/\/schoenstatt.com\/it\/#organization","name":"Schoenstatt","url":"https:\/\/schoenstatt.com\/it\/","logo":{"@type":"ImageObject","inLanguage":"it-IT","@id":"https:\/\/schoenstatt.com\/it\/#\/schema\/logo\/image\/","url":"https:\/\/schoenstatt.com\/wp-content\/uploads\/2025\/04\/logo-schoenstatt-white-696x696-1.png","contentUrl":"https:\/\/schoenstatt.com\/wp-content\/uploads\/2025\/04\/logo-schoenstatt-white-696x696-1.png","width":696,"height":694,"caption":"Schoenstatt"},"image":{"@id":"https:\/\/schoenstatt.com\/it\/#\/schema\/logo\/image\/"}},{"@type":"Person","@id":"https:\/\/schoenstatt.com\/it\/#\/schema\/person\/5158877ad4acae98b34daaeef2a1ce6e","name":"Karen Bueno","image":{"@type":"ImageObject","inLanguage":"it-IT","@id":"https:\/\/secure.gravatar.com\/avatar\/f9f4b823873154269d2b2130f195f6d41037dd0d7fc5f3cacb5c846bae70d66b?s=96&d=mm&r=g","url":"https:\/\/secure.gravatar.com\/avatar\/f9f4b823873154269d2b2130f195f6d41037dd0d7fc5f3cacb5c846bae70d66b?s=96&d=mm&r=g","contentUrl":"https:\/\/secure.gravatar.com\/avatar\/f9f4b823873154269d2b2130f195f6d41037dd0d7fc5f3cacb5c846bae70d66b?s=96&d=mm&r=g","caption":"Karen Bueno"},"url":"https:\/\/schoenstatt.com\/it\/author\/karen-bueno\/"}]}},"_links":{"self":[{"href":"https:\/\/schoenstatt.com\/it\/wp-json\/wp\/v2\/posts\/69869","targetHints":{"allow":["GET"]}}],"collection":[{"href":"https:\/\/schoenstatt.com\/it\/wp-json\/wp\/v2\/posts"}],"about":[{"href":"https:\/\/schoenstatt.com\/it\/wp-json\/wp\/v2\/types\/post"}],"author":[{"embeddable":true,"href":"https:\/\/schoenstatt.com\/it\/wp-json\/wp\/v2\/users\/3"}],"replies":[{"embeddable":true,"href":"https:\/\/schoenstatt.com\/it\/wp-json\/wp\/v2\/comments?post=69869"}],"version-history":[{"count":3,"href":"https:\/\/schoenstatt.com\/it\/wp-json\/wp\/v2\/posts\/69869\/revisions"}],"predecessor-version":[{"id":69872,"href":"https:\/\/schoenstatt.com\/it\/wp-json\/wp\/v2\/posts\/69869\/revisions\/69872"}],"wp:featuredmedia":[{"embeddable":true,"href":"https:\/\/schoenstatt.com\/it\/wp-json\/wp\/v2\/media\/69828"}],"wp:attachment":[{"href":"https:\/\/schoenstatt.com\/it\/wp-json\/wp\/v2\/media?parent=69869"}],"wp:term":[{"taxonomy":"category","embeddable":true,"href":"https:\/\/schoenstatt.com\/it\/wp-json\/wp\/v2\/categories?post=69869"},{"taxonomy":"post_tag","embeddable":true,"href":"https:\/\/schoenstatt.com\/it\/wp-json\/wp\/v2\/tags?post=69869"}],"curies":[{"name":"wp","href":"https:\/\/api.w.org\/{rel}","templated":true}]}}