{"id":69748,"date":"2026-04-20T14:25:35","date_gmt":"2026-04-20T12:25:35","guid":{"rendered":"https:\/\/schoenstatt.com\/?p=69748"},"modified":"2026-04-20T19:30:08","modified_gmt":"2026-04-20T17:30:08","slug":"le-missioni-universitarie-e-familiari-in-ecuador-hanno-toccato-molte-anime","status":"publish","type":"post","link":"https:\/\/schoenstatt.com\/it\/le-missioni-universitarie-e-familiari-in-ecuador-hanno-toccato-molte-anime\/","title":{"rendered":"Le missioni universitarie e familiari in Ecuador hanno toccato molte anime"},"content":{"rendered":"\n<p>Durante la Settimana Santa, il Movimento Apostolico di Schoenstatt in Ecuador ha vissuto una profonda esperienza di fede, dono di s\u00e9 e servizio attraverso le sue missioni.<\/p>\n\n\n\n<p>Sia i giovani universitari sia le famiglie missionarie hanno risposto con generosit\u00e0 alla chiamata di portare Cristo e Maria in diversi angoli del Paese, diventando una presenza concreta di speranza nelle realt\u00e0 di ogni comunit\u00e0.<\/p>\n\n\n\n<p>Queste missioni non solo riflettono l\u2019impegno apostolico del Movimento, ma anche la sua capacit\u00e0 di incidere positivamente nella societ\u00e0, promuovendo spazi di incontro, ascolto, preghiera e accompagnamento.<\/p>\n\n\n\n<div style=\"height:34px\" aria-hidden=\"true\" class=\"wp-block-spacer\"><\/div>\n\n\n\n<h2 class=\"wp-block-heading has-medium-font-size\" id=\"h-342-missionari-inviati-in-diverse-province\">342 missionari inviati in diverse province<\/h2>\n\n\n\n<p>In ogni luogo visitato, Schoenstatt si \u00e8 reso presente come Chiesa viva, portando consolazione, rafforzando la fede e costruendo comunit\u00e0.<\/p>\n\n\n\n<p>In totale, 342 missionari sono stati inviati da diversi rami e citt\u00e0 del Paese, comprendendo missioni universitarie e missioni familiari in varie province dell\u2019Ecuador.<\/p>\n\n\n\n<p>Attraverso il loro impegno, si \u00e8 riusciti a raggiungere centinaia di famiglie e comunit\u00e0, generando un impatto significativo sia nelle persone visitate sia nei missionari stessi.<\/p>\n\n\n\n<p>Queste giornate sono state una vera espressione di fede in azione: giovani e famiglie che, lasciando le proprie comodit\u00e0, hanno scelto di servire, ascoltare e accompagnare.<\/p>\n\n\n\n<div style=\"height:27px\" aria-hidden=\"true\" class=\"wp-block-spacer\"><\/div>\n\n\n\n<figure class=\"wp-block-gallery has-nested-images columns-default is-cropped wp-block-gallery-1 is-layout-flex wp-block-gallery-is-layout-flex\">\n<figure class=\"wp-block-image size-large\"><img decoding=\"async\" data-id=\"69732\" src=\"https:\/\/schoenstatt.com\/wp-content\/uploads\/2026\/04\/Missiones-Universitarias-Ecuador-2.webp\" alt=\"\" class=\"wp-image-69732\"\/><\/figure>\n\n\n\n<figure class=\"wp-block-image size-large\"><img decoding=\"async\" data-id=\"69722\" src=\"https:\/\/schoenstatt.com\/wp-content\/uploads\/2026\/04\/Missiones-Familiares-Ecuador-2.webp\" alt=\"\" class=\"wp-image-69722\"\/><\/figure>\n<\/figure>\n\n\n\n<div style=\"height:40px\" aria-hidden=\"true\" class=\"wp-block-spacer\"><\/div>\n\n\n\n<h2 class=\"wp-block-heading has-medium-font-size\" id=\"h-schoenstatt-in-uscita-al-servizio-di-un-nuovo-ordine-sociale\">Schoenstatt in uscita, al servizio di un nuovo ordine sociale<\/h2>\n\n\n\n<p>Le missioni della Settimana Santa confermano cos\u00ec l\u2019impegno di Schoenstatt nell\u2019evangelizzazione e il suo contributo concreto alla societ\u00e0, formando cuori capaci di trasformare l\u2019ambiente a partire dall\u2019amore, dalla speranza e dalla fede vissuta.<\/p>\n\n\n\n<p>Ogni missionario compie inoltre un profondo atto di dono personale, lasciando per alcuni giorni le proprie preoccupazioni e responsabilit\u00e0, per andare incontro al fratello e portare il Vangelo l\u00e0 dove \u00e8 pi\u00f9 necessario. \u00c8 proprio in questo distacco generoso che la missione acquista un significato ancora pi\u00f9 profondo, diventando non solo servizio, ma anche un cammino di trasformazione interiore.<\/p>\n\n\n\n<div style=\"height:35px\" aria-hidden=\"true\" class=\"wp-block-spacer\"><\/div>\n\n\n\n<hr class=\"wp-block-separator has-text-color has-alpha-channel-opacity has-background\" style=\"background-color:#eba472;color:#eba472\"\/>\n\n\n\n<div style=\"height:52px\" aria-hidden=\"true\" class=\"wp-block-spacer\"><\/div>\n\n\n\n<p><strong>Condividiamo qui alcuni dati sulle diverse espressioni della stessa missione:<\/strong><\/p>\n\n\n\n<div style=\"height:34px\" aria-hidden=\"true\" class=\"wp-block-spacer\"><\/div>\n\n\n\n<div class=\"wp-block-columns is-layout-flex wp-container-core-columns-is-layout-28f84493 wp-block-columns-is-layout-flex\">\n<div class=\"wp-block-column is-layout-flow wp-block-column-is-layout-flow\">\n<p><strong>Giovent\u00f9 Guayaquil<\/strong><\/p>\n\n\n\n<p><strong>Motto: <\/strong>\u201cCon Cristo e Maria, conquistando i cuori\u201d<br><strong>Numero di missionari: <\/strong>82<br><strong>Luogo: <\/strong>Pelileo<br>Comunit\u00e0 missionate: Garc\u00eda Moreno, Catimbo Potreros, Catimbo Centro, Chambiato, Chumaqu\u00ed, Sigual\u00f3 Bajo, Sigual\u00f3 Alto<\/p>\n<\/div>\n\n\n\n<div class=\"wp-block-column is-layout-flow wp-block-column-is-layout-flow\">\n<p><strong>Giovent\u00f9 Quito<\/strong><\/p>\n\n\n\n<p><strong>Motto:<\/strong> \u201cIn mezzo alla tempesta, essere fiumi di speranza\u201d<br><strong>Numero di missionari:<\/strong> 88<br><strong>Luogo:<\/strong> Cotundo<br>Comunit\u00e0 missionate: Jondachi, Sacha Waysa, Narupa e diversi settori del Km 24<\/p>\n<\/div>\n<\/div>\n\n\n\n<div style=\"height:50px\" aria-hidden=\"true\" class=\"wp-block-spacer\"><\/div>\n\n\n\n<div class=\"wp-block-columns is-layout-flex wp-container-core-columns-is-layout-28f84493 wp-block-columns-is-layout-flex\">\n<div class=\"wp-block-column is-layout-flow wp-block-column-is-layout-flow\">\n<p><strong>Missioni Familiari Guayaquil<\/strong><\/p>\n\n\n\n<p><strong>Motto: <\/strong>\u201cCon il fuoco del primo amore, serviamo la missione\u201d<br><strong>Numero di missionari: <\/strong>75<br><strong>Luogo:<\/strong> Tarifa<br>Comunit\u00e0 missionate: Monte Alto, El Rosario, Boca de Ca\u00f1a e La Pista<\/p>\n<\/div>\n\n\n\n<div class=\"wp-block-column is-layout-flow wp-block-column-is-layout-flow\">\n<p><strong>Missioni Familiari Quito<\/strong><\/p>\n\n\n\n<p><strong>Motto:<\/strong> \u201cFamiglie missionarie, messaggeri di speranza\u201d<br><strong>Numero di missionari: <\/strong>97<br><strong>Luogo: <\/strong>Imbabura<br>Comunit\u00e0 missionate: Santa Ana, La Loma e El Milagro<\/p>\n<\/div>\n<\/div>\n\n\n\n<div style=\"height:27px\" aria-hidden=\"true\" class=\"wp-block-spacer\"><\/div>\n\n\n\n<hr class=\"wp-block-separator has-text-color has-alpha-channel-opacity has-background\" style=\"background-color:#eba472;color:#eba472\"\/>\n\n\n\n<div style=\"height:36px\" aria-hidden=\"true\" class=\"wp-block-spacer\"><\/div>\n\n\n\n<h2 class=\"wp-block-heading has-medium-font-size\" id=\"h-i-laici-insieme-ai-padri-e-alle-sorelle-una-famiglia-in-uscita\">I laici, insieme ai padri e alle sorelle: una famiglia in uscita<\/h2>\n\n\n\n<p>Un pilastro fondamentale in ogni missione \u00e8 la presenza vicina dei Padri e delle Sorelle di Maria di Schoenstatt, che con la loro guida spirituale, dedizione e testimonianza accompagnano i missionari in ogni passo.<\/p>\n\n\n\n<p>Questo impegno non sarebbe possibile senza il prezioso sostegno dei missionari donatori, che con generosit\u00e0 \u2014 attraverso contributi economici e materiali \u2014 rendono possibile ogni missione; e dei missionari oranti, che sostengono spiritualmente questa opera con la loro preghiera costante. Entrambi sono parte essenziale di questa grande missione, permettendo alla grazia di arrivare pi\u00f9 lontano e di toccare pi\u00f9 cuori.<\/p>\n\n\n\n<p>Guardando al 2027, la missione continua e la chiamata resta aperta. Ognuno pu\u00f2 essere strumento di speranza, andando, donando o pregando. Siamo invitati a uscire da noi stessi e a lasciarci usare da Dio per portare la sua luce dove pi\u00f9 ce n\u2019\u00e8 bisogno.<\/p>\n\n\n\n<div style=\"height:29px\" aria-hidden=\"true\" class=\"wp-block-spacer\"><\/div>\n\n\n\n<figure class=\"wp-block-image aligncenter size-full\"><img decoding=\"async\" src=\"https:\/\/schoenstatt.com\/wp-content\/uploads\/2026\/04\/Missiones-Universitarias-Ecuador.webp\" alt=\"\" class=\"wp-image-69737\"\/><\/figure>\n\n\n\n<div style=\"height:31px\" aria-hidden=\"true\" class=\"wp-block-spacer\"><\/div>\n\n\n\n<h2 class=\"wp-block-heading has-medium-font-size\" id=\"h-testimonianze\">Testimonianze<\/h2>\n\n\n\n<p><em>\u201cLe missioni universitarie sono il chiaro esempio che nei giovani esiste ancora il desiderio di servire il prossimo, che, rafforzato dall\u2019aiuto della Mater e del Padre, manifesta il vero spirito della missione. La missione porta a porta ci ha permesso di conoscere la realt\u00e0 dei nostri fratelli: li abbiamo accompagnati con la preghiera e con tempo di qualit\u00e0; li abbiamo aiutati nelle loro necessit\u00e0 quotidiane e abbiamo compreso che non \u00e8 facile, ma che \u00e8 fondamentale servire e ascoltare chi ne ha bisogno. La gratitudine nei loro volti ci conferma che stiamo facendo la cosa giusta e che, continuando cos\u00ec, conquistare i cuori non sar\u00e0 difficile. Durante il tempo tra missionari abbiamo condiviso le esperienze vissute, pregato insieme e vissuto momenti di riflessione davanti a Ges\u00f9\u201d. <\/em><\/p>\n\n\n\n<p><strong>Mar\u00eda Jos\u00e9 L\u00f3pez \u2013 Giovent\u00f9 Femminile Guayas<\/strong><\/p>\n\n\n\n<div style=\"height:31px\" aria-hidden=\"true\" class=\"wp-block-spacer\"><\/div>\n\n\n\n<hr class=\"wp-block-separator has-text-color has-alpha-channel-opacity has-background\" style=\"background-color:#eba472;color:#eba472\"\/>\n\n\n\n<div style=\"height:48px\" aria-hidden=\"true\" class=\"wp-block-spacer\"><\/div>\n\n\n\n<p><em>\u201cPer me le missioni sono un respiro nella vita quotidiana e quasi un premio anticipato, perch\u00e9 si svolgono vicino all\u2019inizio delle lezioni e mi ricordano le persone che ho accanto e quanto Dio mi benedica\u201d. <\/em><\/p>\n\n\n\n<p><strong>Chabu Beltr\u00e1n \u2013 Missioni Familiari Guayaquil<\/strong><\/p>\n\n\n\n<div style=\"height:26px\" aria-hidden=\"true\" class=\"wp-block-spacer\"><\/div>\n\n\n\n<hr class=\"wp-block-separator has-text-color has-alpha-channel-opacity has-background\" style=\"background-color:#eba472;color:#eba472\"\/>\n\n\n\n<div style=\"height:28px\" aria-hidden=\"true\" class=\"wp-block-spacer\"><\/div>\n\n\n\n<p><em>\u201cVivere le missioni familiari di Schoenstatt \u00e8 un\u2019esperienza che trasforma profondamente il cuore, perch\u00e9 l\u2019impatto non si sente solo nelle comunit\u00e0 visitate, ma anche nelle famiglie missionarie. Quei giorni costruiscono un vero santuario vivo nella casa, insieme alla Mater\u201d. <\/em><\/p>\n\n\n\n<p><strong>Famiglia Guerrero Contero \u2013 Missioni Familiari Quito<\/strong><\/p>\n\n\n\n<div style=\"height:36px\" aria-hidden=\"true\" class=\"wp-block-spacer\"><\/div>\n\n\n\n<p><strong>Traduzione: <\/strong>Eugenio Minici<\/p>\n","protected":false},"excerpt":{"rendered":"<p>Schoenstatt Ecuador \u00e8 uscito in missione durante la Settimana Santa, aprendo cammini concreti verso un nuovo ordine sociale.<\/p>\n","protected":false},"author":3,"featured_media":69726,"comment_status":"closed","ping_status":"closed","sticky":false,"template":"","format":"standard","meta":{"footnotes":""},"categories":[863,896],"tags":[1001,731,1309],"class_list":["post-69748","post","type-post","status-publish","format-standard","has-post-thumbnail","hentry","category-america-it","category-in-missione-it","tag-famiglia-it","tag-gioventu-di-schoenstatt-it","tag-schoenstatt-ecuador-it"],"yoast_head":"<!-- This site is optimized with the Yoast SEO Premium plugin v27.4 (Yoast SEO v27.5) - https:\/\/yoast.com\/product\/yoast-seo-premium-wordpress\/ -->\n<title>Le missioni universitarie e familiari in Ecuador hanno toccato molte anime<\/title>\n<meta name=\"description\" content=\"Schoenstatt Ecuador \u00e8 uscito in missione durante la Settimana Santa, aprendo cammini concreti verso un nuovo ordine sociale.\" \/>\n<meta name=\"robots\" content=\"index, follow, max-snippet:-1, max-image-preview:large, max-video-preview:-1\" \/>\n<link rel=\"canonical\" href=\"https:\/\/schoenstatt.com\/it\/le-missioni-universitarie-e-familiari-in-ecuador-hanno-toccato-molte-anime\/\" \/>\n<meta property=\"og:locale\" content=\"it_IT\" \/>\n<meta property=\"og:type\" content=\"article\" \/>\n<meta property=\"og:title\" content=\"Le missioni universitarie e familiari in Ecuador hanno toccato molte anime\" \/>\n<meta property=\"og:description\" content=\"Schoenstatt Ecuador \u00e8 uscito in missione durante la Settimana Santa, aprendo cammini concreti verso un nuovo ordine sociale.\" \/>\n<meta property=\"og:url\" content=\"https:\/\/schoenstatt.com\/it\/le-missioni-universitarie-e-familiari-in-ecuador-hanno-toccato-molte-anime\/\" \/>\n<meta property=\"og:site_name\" content=\"Schoenstatt\" \/>\n<meta property=\"article:published_time\" content=\"2026-04-20T12:25:35+00:00\" \/>\n<meta property=\"article:modified_time\" content=\"2026-04-20T17:30:08+00:00\" \/>\n<meta property=\"og:image\" content=\"https:\/\/schoenstatt.com\/wp-content\/uploads\/2026\/04\/Missiones-Familiares-Ecuador.webp\" \/>\n\t<meta property=\"og:image:width\" content=\"1280\" \/>\n\t<meta property=\"og:image:height\" content=\"960\" \/>\n\t<meta property=\"og:image:type\" content=\"image\/jpeg\" \/>\n<meta name=\"author\" content=\"Karen Bueno\" \/>\n<meta name=\"twitter:card\" content=\"summary_large_image\" \/>\n<meta name=\"twitter:label1\" content=\"Scritto da\" \/>\n\t<meta name=\"twitter:data1\" content=\"Karen Bueno\" \/>\n\t<meta name=\"twitter:label2\" content=\"Tempo di lettura stimato\" \/>\n\t<meta name=\"twitter:data2\" content=\"6 minuti\" \/>\n<script type=\"application\/ld+json\" class=\"yoast-schema-graph\">{\"@context\":\"https:\\\/\\\/schema.org\",\"@graph\":[{\"@type\":\"Article\",\"@id\":\"https:\\\/\\\/schoenstatt.com\\\/it\\\/le-missioni-universitarie-e-familiari-in-ecuador-hanno-toccato-molte-anime\\\/#article\",\"isPartOf\":{\"@id\":\"https:\\\/\\\/schoenstatt.com\\\/it\\\/le-missioni-universitarie-e-familiari-in-ecuador-hanno-toccato-molte-anime\\\/\"},\"author\":{\"name\":\"Karen Bueno\",\"@id\":\"https:\\\/\\\/schoenstatt.com\\\/it\\\/#\\\/schema\\\/person\\\/5158877ad4acae98b34daaeef2a1ce6e\"},\"headline\":\"Le missioni universitarie e familiari in Ecuador hanno toccato molte anime\",\"datePublished\":\"2026-04-20T12:25:35+00:00\",\"dateModified\":\"2026-04-20T17:30:08+00:00\",\"mainEntityOfPage\":{\"@id\":\"https:\\\/\\\/schoenstatt.com\\\/it\\\/le-missioni-universitarie-e-familiari-in-ecuador-hanno-toccato-molte-anime\\\/\"},\"wordCount\":792,\"publisher\":{\"@id\":\"https:\\\/\\\/schoenstatt.com\\\/it\\\/#organization\"},\"image\":{\"@id\":\"https:\\\/\\\/schoenstatt.com\\\/it\\\/le-missioni-universitarie-e-familiari-in-ecuador-hanno-toccato-molte-anime\\\/#primaryimage\"},\"thumbnailUrl\":\"https:\\\/\\\/schoenstatt.com\\\/wp-content\\\/uploads\\\/2026\\\/04\\\/Missiones-Familiares-Ecuador.webp\",\"keywords\":[\"Famiglia\",\"Giovent\u00f9 di Schoenstatt\",\"Schoenstatt Ecuador\"],\"articleSection\":[\"America\",\"In missione\"],\"inLanguage\":\"it-IT\"},{\"@type\":\"WebPage\",\"@id\":\"https:\\\/\\\/schoenstatt.com\\\/it\\\/le-missioni-universitarie-e-familiari-in-ecuador-hanno-toccato-molte-anime\\\/\",\"url\":\"https:\\\/\\\/schoenstatt.com\\\/it\\\/le-missioni-universitarie-e-familiari-in-ecuador-hanno-toccato-molte-anime\\\/\",\"name\":\"Le missioni universitarie e familiari in Ecuador hanno toccato molte anime\",\"isPartOf\":{\"@id\":\"https:\\\/\\\/schoenstatt.com\\\/it\\\/#website\"},\"primaryImageOfPage\":{\"@id\":\"https:\\\/\\\/schoenstatt.com\\\/it\\\/le-missioni-universitarie-e-familiari-in-ecuador-hanno-toccato-molte-anime\\\/#primaryimage\"},\"image\":{\"@id\":\"https:\\\/\\\/schoenstatt.com\\\/it\\\/le-missioni-universitarie-e-familiari-in-ecuador-hanno-toccato-molte-anime\\\/#primaryimage\"},\"thumbnailUrl\":\"https:\\\/\\\/schoenstatt.com\\\/wp-content\\\/uploads\\\/2026\\\/04\\\/Missiones-Familiares-Ecuador.webp\",\"datePublished\":\"2026-04-20T12:25:35+00:00\",\"dateModified\":\"2026-04-20T17:30:08+00:00\",\"description\":\"Schoenstatt Ecuador \u00e8 uscito in missione durante la Settimana Santa, aprendo cammini concreti verso un nuovo ordine sociale.\",\"breadcrumb\":{\"@id\":\"https:\\\/\\\/schoenstatt.com\\\/it\\\/le-missioni-universitarie-e-familiari-in-ecuador-hanno-toccato-molte-anime\\\/#breadcrumb\"},\"inLanguage\":\"it-IT\",\"potentialAction\":[{\"@type\":\"ReadAction\",\"target\":[\"https:\\\/\\\/schoenstatt.com\\\/it\\\/le-missioni-universitarie-e-familiari-in-ecuador-hanno-toccato-molte-anime\\\/\"]}]},{\"@type\":\"ImageObject\",\"inLanguage\":\"it-IT\",\"@id\":\"https:\\\/\\\/schoenstatt.com\\\/it\\\/le-missioni-universitarie-e-familiari-in-ecuador-hanno-toccato-molte-anime\\\/#primaryimage\",\"url\":\"https:\\\/\\\/schoenstatt.com\\\/wp-content\\\/uploads\\\/2026\\\/04\\\/Missiones-Familiares-Ecuador.webp\",\"contentUrl\":\"https:\\\/\\\/schoenstatt.com\\\/wp-content\\\/uploads\\\/2026\\\/04\\\/Missiones-Familiares-Ecuador.webp\",\"width\":1280,\"height\":960},{\"@type\":\"BreadcrumbList\",\"@id\":\"https:\\\/\\\/schoenstatt.com\\\/it\\\/le-missioni-universitarie-e-familiari-in-ecuador-hanno-toccato-molte-anime\\\/#breadcrumb\",\"itemListElement\":[{\"@type\":\"ListItem\",\"position\":1,\"name\":\"Portada\",\"item\":\"https:\\\/\\\/schoenstatt.com\\\/it\\\/home\\\/\"},{\"@type\":\"ListItem\",\"position\":2,\"name\":\"Le missioni universitarie e familiari in Ecuador hanno toccato molte anime\"}]},{\"@type\":\"WebSite\",\"@id\":\"https:\\\/\\\/schoenstatt.com\\\/it\\\/#website\",\"url\":\"https:\\\/\\\/schoenstatt.com\\\/it\\\/\",\"name\":\"Schoenstatt\",\"description\":\"Apostolic Movement\",\"publisher\":{\"@id\":\"https:\\\/\\\/schoenstatt.com\\\/it\\\/#organization\"},\"potentialAction\":[{\"@type\":\"SearchAction\",\"target\":{\"@type\":\"EntryPoint\",\"urlTemplate\":\"https:\\\/\\\/schoenstatt.com\\\/it\\\/?s={search_term_string}\"},\"query-input\":{\"@type\":\"PropertyValueSpecification\",\"valueRequired\":true,\"valueName\":\"search_term_string\"}}],\"inLanguage\":\"it-IT\"},{\"@type\":\"Organization\",\"@id\":\"https:\\\/\\\/schoenstatt.com\\\/it\\\/#organization\",\"name\":\"Schoenstatt\",\"url\":\"https:\\\/\\\/schoenstatt.com\\\/it\\\/\",\"logo\":{\"@type\":\"ImageObject\",\"inLanguage\":\"it-IT\",\"@id\":\"https:\\\/\\\/schoenstatt.com\\\/it\\\/#\\\/schema\\\/logo\\\/image\\\/\",\"url\":\"https:\\\/\\\/schoenstatt.com\\\/wp-content\\\/uploads\\\/2025\\\/04\\\/logo-schoenstatt-white-696x696-1.png\",\"contentUrl\":\"https:\\\/\\\/schoenstatt.com\\\/wp-content\\\/uploads\\\/2025\\\/04\\\/logo-schoenstatt-white-696x696-1.png\",\"width\":696,\"height\":694,\"caption\":\"Schoenstatt\"},\"image\":{\"@id\":\"https:\\\/\\\/schoenstatt.com\\\/it\\\/#\\\/schema\\\/logo\\\/image\\\/\"}},{\"@type\":\"Person\",\"@id\":\"https:\\\/\\\/schoenstatt.com\\\/it\\\/#\\\/schema\\\/person\\\/5158877ad4acae98b34daaeef2a1ce6e\",\"name\":\"Karen Bueno\",\"image\":{\"@type\":\"ImageObject\",\"inLanguage\":\"it-IT\",\"@id\":\"https:\\\/\\\/secure.gravatar.com\\\/avatar\\\/f9f4b823873154269d2b2130f195f6d41037dd0d7fc5f3cacb5c846bae70d66b?s=96&d=mm&r=g\",\"url\":\"https:\\\/\\\/secure.gravatar.com\\\/avatar\\\/f9f4b823873154269d2b2130f195f6d41037dd0d7fc5f3cacb5c846bae70d66b?s=96&d=mm&r=g\",\"contentUrl\":\"https:\\\/\\\/secure.gravatar.com\\\/avatar\\\/f9f4b823873154269d2b2130f195f6d41037dd0d7fc5f3cacb5c846bae70d66b?s=96&d=mm&r=g\",\"caption\":\"Karen Bueno\"},\"url\":\"https:\\\/\\\/schoenstatt.com\\\/it\\\/author\\\/karen-bueno\\\/\"}]}<\/script>\n<!-- \/ Yoast SEO Premium plugin. -->","yoast_head_json":{"title":"Le missioni universitarie e familiari in Ecuador hanno toccato molte anime","description":"Schoenstatt Ecuador \u00e8 uscito in missione durante la Settimana Santa, aprendo cammini concreti verso un nuovo ordine sociale.","robots":{"index":"index","follow":"follow","max-snippet":"max-snippet:-1","max-image-preview":"max-image-preview:large","max-video-preview":"max-video-preview:-1"},"canonical":"https:\/\/schoenstatt.com\/it\/le-missioni-universitarie-e-familiari-in-ecuador-hanno-toccato-molte-anime\/","og_locale":"it_IT","og_type":"article","og_title":"Le missioni universitarie e familiari in Ecuador hanno toccato molte anime","og_description":"Schoenstatt Ecuador \u00e8 uscito in missione durante la Settimana Santa, aprendo cammini concreti verso un nuovo ordine sociale.","og_url":"https:\/\/schoenstatt.com\/it\/le-missioni-universitarie-e-familiari-in-ecuador-hanno-toccato-molte-anime\/","og_site_name":"Schoenstatt","article_published_time":"2026-04-20T12:25:35+00:00","article_modified_time":"2026-04-20T17:30:08+00:00","og_image":[{"width":1280,"height":960,"url":"https:\/\/schoenstatt.com\/wp-content\/uploads\/2026\/04\/Missiones-Familiares-Ecuador.webp","type":"image\/jpeg"}],"author":"Karen Bueno","twitter_card":"summary_large_image","twitter_misc":{"Scritto da":"Karen Bueno","Tempo di lettura stimato":"6 minuti"},"schema":{"@context":"https:\/\/schema.org","@graph":[{"@type":"Article","@id":"https:\/\/schoenstatt.com\/it\/le-missioni-universitarie-e-familiari-in-ecuador-hanno-toccato-molte-anime\/#article","isPartOf":{"@id":"https:\/\/schoenstatt.com\/it\/le-missioni-universitarie-e-familiari-in-ecuador-hanno-toccato-molte-anime\/"},"author":{"name":"Karen Bueno","@id":"https:\/\/schoenstatt.com\/it\/#\/schema\/person\/5158877ad4acae98b34daaeef2a1ce6e"},"headline":"Le missioni universitarie e familiari in Ecuador hanno toccato molte anime","datePublished":"2026-04-20T12:25:35+00:00","dateModified":"2026-04-20T17:30:08+00:00","mainEntityOfPage":{"@id":"https:\/\/schoenstatt.com\/it\/le-missioni-universitarie-e-familiari-in-ecuador-hanno-toccato-molte-anime\/"},"wordCount":792,"publisher":{"@id":"https:\/\/schoenstatt.com\/it\/#organization"},"image":{"@id":"https:\/\/schoenstatt.com\/it\/le-missioni-universitarie-e-familiari-in-ecuador-hanno-toccato-molte-anime\/#primaryimage"},"thumbnailUrl":"https:\/\/schoenstatt.com\/wp-content\/uploads\/2026\/04\/Missiones-Familiares-Ecuador.webp","keywords":["Famiglia","Giovent\u00f9 di Schoenstatt","Schoenstatt Ecuador"],"articleSection":["America","In missione"],"inLanguage":"it-IT"},{"@type":"WebPage","@id":"https:\/\/schoenstatt.com\/it\/le-missioni-universitarie-e-familiari-in-ecuador-hanno-toccato-molte-anime\/","url":"https:\/\/schoenstatt.com\/it\/le-missioni-universitarie-e-familiari-in-ecuador-hanno-toccato-molte-anime\/","name":"Le missioni universitarie e familiari in Ecuador hanno toccato molte anime","isPartOf":{"@id":"https:\/\/schoenstatt.com\/it\/#website"},"primaryImageOfPage":{"@id":"https:\/\/schoenstatt.com\/it\/le-missioni-universitarie-e-familiari-in-ecuador-hanno-toccato-molte-anime\/#primaryimage"},"image":{"@id":"https:\/\/schoenstatt.com\/it\/le-missioni-universitarie-e-familiari-in-ecuador-hanno-toccato-molte-anime\/#primaryimage"},"thumbnailUrl":"https:\/\/schoenstatt.com\/wp-content\/uploads\/2026\/04\/Missiones-Familiares-Ecuador.webp","datePublished":"2026-04-20T12:25:35+00:00","dateModified":"2026-04-20T17:30:08+00:00","description":"Schoenstatt Ecuador \u00e8 uscito in missione durante la Settimana Santa, aprendo cammini concreti verso un nuovo ordine sociale.","breadcrumb":{"@id":"https:\/\/schoenstatt.com\/it\/le-missioni-universitarie-e-familiari-in-ecuador-hanno-toccato-molte-anime\/#breadcrumb"},"inLanguage":"it-IT","potentialAction":[{"@type":"ReadAction","target":["https:\/\/schoenstatt.com\/it\/le-missioni-universitarie-e-familiari-in-ecuador-hanno-toccato-molte-anime\/"]}]},{"@type":"ImageObject","inLanguage":"it-IT","@id":"https:\/\/schoenstatt.com\/it\/le-missioni-universitarie-e-familiari-in-ecuador-hanno-toccato-molte-anime\/#primaryimage","url":"https:\/\/schoenstatt.com\/wp-content\/uploads\/2026\/04\/Missiones-Familiares-Ecuador.webp","contentUrl":"https:\/\/schoenstatt.com\/wp-content\/uploads\/2026\/04\/Missiones-Familiares-Ecuador.webp","width":1280,"height":960},{"@type":"BreadcrumbList","@id":"https:\/\/schoenstatt.com\/it\/le-missioni-universitarie-e-familiari-in-ecuador-hanno-toccato-molte-anime\/#breadcrumb","itemListElement":[{"@type":"ListItem","position":1,"name":"Portada","item":"https:\/\/schoenstatt.com\/it\/home\/"},{"@type":"ListItem","position":2,"name":"Le missioni universitarie e familiari in Ecuador hanno toccato molte anime"}]},{"@type":"WebSite","@id":"https:\/\/schoenstatt.com\/it\/#website","url":"https:\/\/schoenstatt.com\/it\/","name":"Schoenstatt","description":"Apostolic Movement","publisher":{"@id":"https:\/\/schoenstatt.com\/it\/#organization"},"potentialAction":[{"@type":"SearchAction","target":{"@type":"EntryPoint","urlTemplate":"https:\/\/schoenstatt.com\/it\/?s={search_term_string}"},"query-input":{"@type":"PropertyValueSpecification","valueRequired":true,"valueName":"search_term_string"}}],"inLanguage":"it-IT"},{"@type":"Organization","@id":"https:\/\/schoenstatt.com\/it\/#organization","name":"Schoenstatt","url":"https:\/\/schoenstatt.com\/it\/","logo":{"@type":"ImageObject","inLanguage":"it-IT","@id":"https:\/\/schoenstatt.com\/it\/#\/schema\/logo\/image\/","url":"https:\/\/schoenstatt.com\/wp-content\/uploads\/2025\/04\/logo-schoenstatt-white-696x696-1.png","contentUrl":"https:\/\/schoenstatt.com\/wp-content\/uploads\/2025\/04\/logo-schoenstatt-white-696x696-1.png","width":696,"height":694,"caption":"Schoenstatt"},"image":{"@id":"https:\/\/schoenstatt.com\/it\/#\/schema\/logo\/image\/"}},{"@type":"Person","@id":"https:\/\/schoenstatt.com\/it\/#\/schema\/person\/5158877ad4acae98b34daaeef2a1ce6e","name":"Karen Bueno","image":{"@type":"ImageObject","inLanguage":"it-IT","@id":"https:\/\/secure.gravatar.com\/avatar\/f9f4b823873154269d2b2130f195f6d41037dd0d7fc5f3cacb5c846bae70d66b?s=96&d=mm&r=g","url":"https:\/\/secure.gravatar.com\/avatar\/f9f4b823873154269d2b2130f195f6d41037dd0d7fc5f3cacb5c846bae70d66b?s=96&d=mm&r=g","contentUrl":"https:\/\/secure.gravatar.com\/avatar\/f9f4b823873154269d2b2130f195f6d41037dd0d7fc5f3cacb5c846bae70d66b?s=96&d=mm&r=g","caption":"Karen Bueno"},"url":"https:\/\/schoenstatt.com\/it\/author\/karen-bueno\/"}]}},"_links":{"self":[{"href":"https:\/\/schoenstatt.com\/it\/wp-json\/wp\/v2\/posts\/69748","targetHints":{"allow":["GET"]}}],"collection":[{"href":"https:\/\/schoenstatt.com\/it\/wp-json\/wp\/v2\/posts"}],"about":[{"href":"https:\/\/schoenstatt.com\/it\/wp-json\/wp\/v2\/types\/post"}],"author":[{"embeddable":true,"href":"https:\/\/schoenstatt.com\/it\/wp-json\/wp\/v2\/users\/3"}],"replies":[{"embeddable":true,"href":"https:\/\/schoenstatt.com\/it\/wp-json\/wp\/v2\/comments?post=69748"}],"version-history":[{"count":2,"href":"https:\/\/schoenstatt.com\/it\/wp-json\/wp\/v2\/posts\/69748\/revisions"}],"predecessor-version":[{"id":69750,"href":"https:\/\/schoenstatt.com\/it\/wp-json\/wp\/v2\/posts\/69748\/revisions\/69750"}],"wp:featuredmedia":[{"embeddable":true,"href":"https:\/\/schoenstatt.com\/it\/wp-json\/wp\/v2\/media\/69726"}],"wp:attachment":[{"href":"https:\/\/schoenstatt.com\/it\/wp-json\/wp\/v2\/media?parent=69748"}],"wp:term":[{"taxonomy":"category","embeddable":true,"href":"https:\/\/schoenstatt.com\/it\/wp-json\/wp\/v2\/categories?post=69748"},{"taxonomy":"post_tag","embeddable":true,"href":"https:\/\/schoenstatt.com\/it\/wp-json\/wp\/v2\/tags?post=69748"}],"curies":[{"name":"wp","href":"https:\/\/api.w.org\/{rel}","templated":true}]}}