{"id":69606,"date":"2026-04-04T12:00:00","date_gmt":"2026-04-04T10:00:00","guid":{"rendered":"https:\/\/schoenstatt.com\/?p=69606"},"modified":"2026-04-15T16:46:20","modified_gmt":"2026-04-15T14:46:20","slug":"cristo-vive-buona-pasqua","status":"publish","type":"post","link":"https:\/\/schoenstatt.com\/it\/cristo-vive-buona-pasqua\/","title":{"rendered":"Cristo vive \u2013 Buona Pasqua!"},"content":{"rendered":"\n<figure class=\"wp-block-pullquote has-text-align-left has-medium-font-size\" style=\"border-top-color:var(--wp--preset--color--luminous-vivid-orange);border-top-style:solid;border-top-width:1px;border-bottom-color:var(--wp--preset--color--luminous-vivid-orange);border-bottom-style:solid;border-bottom-width:1px;font-style:italic;font-weight:300\"><blockquote><p><em>Una volta, un ragazzo stava camminando con suo nonno in un giardino all\u2019inizio della primavera. Il ragazzo guard\u00f2 il terreno ancora freddo e chiese:<br>\u2014 Nonno, perch\u00e9 pianti questi semi quando tutto sembra cos\u00ec morto?<br>Il nonno sorrise e rispose:<br>\u2014 Anche se non riesci a vedere nulla di speciale, la vita non scompare mai davvero. A volte \u00e8 semplicemente nascosta.<br>Qualche giorno dopo, il ragazzo torn\u00f2 nel giardino e vide i primi germogli verdi emergere dalla terra scura. Stupito, disse:<br>\u201cSembrano un miracolo!\u201d<br>Il nonno rispose:<br>\u201c\u00c8 il miracolo della vita che ritorna sempre.\u201d<br>La Pasqua ci ricorda proprio questo. Quando tutto sembra essersi concluso sulla croce, Dio fa scaturire una vita nuova dal sepolcro vuoto. Dove il mondo vede una fine, Dio compie il pi\u00f9 grande dei miracoli. Dove sembra esserci oscurit\u00e0, Egli fa nascere la luce \u2014 e noi siamo riflesso di quella luce per il mondo!<br>Cristo \u00e8 risorto. E con Lui rinasce anche la nostra speranza.<\/em><\/p><\/blockquote><\/figure>\n\n\n\n<div style=\"height:35px\" aria-hidden=\"true\" class=\"wp-block-spacer\"><\/div>\n\n\n\n<p><strong>Cara Famiglia di Schoenstatt,<\/strong><\/p>\n\n\n\n<p>in questa Pasqua rivolgiamo il nostro sguardo a un mondo indebolito e frammentato da tanti conflitti. Le guerre sembrano attraversare i continenti, ma sono presenti anche in modo silenzioso e personale, nelle sfide della vita quotidiana.<\/p>\n\n\n\n<p>Durante i giorni del Triduo pasquale contempliamo, in modo particolare, la Croce dell\u2019Unit\u00e0. In essa troviamo una chiave per camminare in questo mondo polarizzato: come Maria, cercando sempre il centro, che \u00e8 Cristo; e, come fratelli e sorelle, rimanendo profondamente uniti gli uni agli altri, portandoci reciprocamente nel cuore.<\/p>\n\n\n\n<p>La risurrezione di Ges\u00f9 \u00e8 la risposta di Dio alle notti della storia e alle notti del cuore umano.<\/p>\n\n\n\n<p>In questo tempo sperimentiamo profondamente anche la nostra fragilit\u00e0. Di fronte alle grandi sfide del mondo, spesso ci sentiamo piccoli o incapaci di contribuire alla sua trasformazione. Eppure, guardando alla storia di Schoenstatt, rinnoviamo la nostra fiducia. Come i nostri predecessori, anche noi vogliamo diffondere oggi i frutti della Pasqua, lasciando che la gioia e la speranza che scaturiscono dalla Risurrezione trabocchino nel mondo.<\/p>\n\n\n\n<p>Nel Cristo Risorto rinasce la certezza che Dio continua a guidare la storia. Per questo la Pasqua non \u00e8 soltanto una celebrazione liturgica, ma anche una missione. Siamo chiamati a portare al mondo la speranza che nasce dal sepolcro vuoto: attraverso le nostre parole, le nostre azioni e la concreta vita dell\u2019Alleanza. Possiamo essere segni vivi di questa speranza, testimoniando con la nostra vita che la luce di Cristo \u00e8 pi\u00f9 forte di ogni oscurit\u00e0.<\/p>\n\n\n\n<p>Uniti nel Santuario e nell\u2019Alleanza d\u2019Amore,<br><strong>Buona Pasqua!<\/strong><\/p>\n\n\n\n<p>Traduzione: Eugenio Minici<\/p>\n","protected":false},"excerpt":{"rendered":"<p>La risurrezione di Ges\u00f9 \u00e8 la risposta di Dio alle notti della storia e alle notti del cuore umano. Buona Pasqua!<\/p>\n","protected":false},"author":3,"featured_media":69438,"comment_status":"closed","ping_status":"closed","sticky":false,"template":"","format":"standard","meta":{"footnotes":""},"categories":[915],"tags":[],"class_list":["post-69606","post","type-post","status-publish","format-standard","has-post-thumbnail","hentry","category-spiritualita-it"],"yoast_head":"<!-- This site is optimized with the Yoast SEO Premium plugin v27.4 (Yoast SEO v27.4) - https:\/\/yoast.com\/product\/yoast-seo-premium-wordpress\/ -->\n<title>Cristo vive \u2013 Buona Pasqua! - Schoenstatt<\/title>\n<meta name=\"description\" content=\"La risurrezione di Ges\u00f9 \u00e8 la risposta di Dio alle notti della storia e alle notti del cuore umano. Buona Pasqua!\" \/>\n<meta name=\"robots\" content=\"index, follow, max-snippet:-1, max-image-preview:large, max-video-preview:-1\" \/>\n<link rel=\"canonical\" href=\"https:\/\/schoenstatt.com\/it\/cristo-vive-buona-pasqua\/\" \/>\n<meta property=\"og:locale\" content=\"it_IT\" \/>\n<meta property=\"og:type\" content=\"article\" \/>\n<meta property=\"og:title\" content=\"Cristo vive \u2013 Buona Pasqua!\" \/>\n<meta property=\"og:description\" content=\"La risurrezione di Ges\u00f9 \u00e8 la risposta di Dio alle notti della storia e alle notti del cuore umano. Buona Pasqua!\" \/>\n<meta property=\"og:url\" content=\"https:\/\/schoenstatt.com\/it\/cristo-vive-buona-pasqua\/\" \/>\n<meta property=\"og:site_name\" content=\"Schoenstatt\" \/>\n<meta property=\"article:published_time\" content=\"2026-04-04T10:00:00+00:00\" \/>\n<meta property=\"article:modified_time\" content=\"2026-04-15T14:46:20+00:00\" \/>\n<meta property=\"og:image\" content=\"https:\/\/schoenstatt.com\/wp-content\/uploads\/2026\/04\/Shrine-Schoenstatt.webp\" \/>\n\t<meta property=\"og:image:width\" content=\"2048\" \/>\n\t<meta property=\"og:image:height\" content=\"1366\" \/>\n\t<meta property=\"og:image:type\" content=\"image\/jpeg\" \/>\n<meta name=\"author\" content=\"Karen Bueno\" \/>\n<meta name=\"twitter:card\" content=\"summary_large_image\" \/>\n<meta name=\"twitter:label1\" content=\"Scritto da\" \/>\n\t<meta name=\"twitter:data1\" content=\"Karen Bueno\" \/>\n\t<meta name=\"twitter:label2\" content=\"Tempo di lettura stimato\" \/>\n\t<meta name=\"twitter:data2\" content=\"2 minuti\" \/>\n<script type=\"application\/ld+json\" class=\"yoast-schema-graph\">{\"@context\":\"https:\\\/\\\/schema.org\",\"@graph\":[{\"@type\":\"Article\",\"@id\":\"https:\\\/\\\/schoenstatt.com\\\/it\\\/cristo-vive-buona-pasqua\\\/#article\",\"isPartOf\":{\"@id\":\"https:\\\/\\\/schoenstatt.com\\\/it\\\/cristo-vive-buona-pasqua\\\/\"},\"author\":{\"name\":\"Karen Bueno\",\"@id\":\"https:\\\/\\\/schoenstatt.com\\\/it\\\/#\\\/schema\\\/person\\\/5158877ad4acae98b34daaeef2a1ce6e\"},\"headline\":\"Cristo vive \u2013 Buona Pasqua!\",\"datePublished\":\"2026-04-04T10:00:00+00:00\",\"dateModified\":\"2026-04-15T14:46:20+00:00\",\"mainEntityOfPage\":{\"@id\":\"https:\\\/\\\/schoenstatt.com\\\/it\\\/cristo-vive-buona-pasqua\\\/\"},\"wordCount\":418,\"publisher\":{\"@id\":\"https:\\\/\\\/schoenstatt.com\\\/it\\\/#organization\"},\"image\":{\"@id\":\"https:\\\/\\\/schoenstatt.com\\\/it\\\/cristo-vive-buona-pasqua\\\/#primaryimage\"},\"thumbnailUrl\":\"https:\\\/\\\/schoenstatt.com\\\/wp-content\\\/uploads\\\/2026\\\/04\\\/Shrine-Schoenstatt.webp\",\"articleSection\":[\"Spiritualit\u00e0\"],\"inLanguage\":\"it-IT\"},{\"@type\":\"WebPage\",\"@id\":\"https:\\\/\\\/schoenstatt.com\\\/it\\\/cristo-vive-buona-pasqua\\\/\",\"url\":\"https:\\\/\\\/schoenstatt.com\\\/it\\\/cristo-vive-buona-pasqua\\\/\",\"name\":\"Cristo vive \u2013 Buona Pasqua! - Schoenstatt\",\"isPartOf\":{\"@id\":\"https:\\\/\\\/schoenstatt.com\\\/it\\\/#website\"},\"primaryImageOfPage\":{\"@id\":\"https:\\\/\\\/schoenstatt.com\\\/it\\\/cristo-vive-buona-pasqua\\\/#primaryimage\"},\"image\":{\"@id\":\"https:\\\/\\\/schoenstatt.com\\\/it\\\/cristo-vive-buona-pasqua\\\/#primaryimage\"},\"thumbnailUrl\":\"https:\\\/\\\/schoenstatt.com\\\/wp-content\\\/uploads\\\/2026\\\/04\\\/Shrine-Schoenstatt.webp\",\"datePublished\":\"2026-04-04T10:00:00+00:00\",\"dateModified\":\"2026-04-15T14:46:20+00:00\",\"description\":\"La risurrezione di Ges\u00f9 \u00e8 la risposta di Dio alle notti della storia e alle notti del cuore umano. Buona Pasqua!\",\"breadcrumb\":{\"@id\":\"https:\\\/\\\/schoenstatt.com\\\/it\\\/cristo-vive-buona-pasqua\\\/#breadcrumb\"},\"inLanguage\":\"it-IT\",\"potentialAction\":[{\"@type\":\"ReadAction\",\"target\":[\"https:\\\/\\\/schoenstatt.com\\\/it\\\/cristo-vive-buona-pasqua\\\/\"]}]},{\"@type\":\"ImageObject\",\"inLanguage\":\"it-IT\",\"@id\":\"https:\\\/\\\/schoenstatt.com\\\/it\\\/cristo-vive-buona-pasqua\\\/#primaryimage\",\"url\":\"https:\\\/\\\/schoenstatt.com\\\/wp-content\\\/uploads\\\/2026\\\/04\\\/Shrine-Schoenstatt.webp\",\"contentUrl\":\"https:\\\/\\\/schoenstatt.com\\\/wp-content\\\/uploads\\\/2026\\\/04\\\/Shrine-Schoenstatt.webp\",\"width\":2048,\"height\":1366},{\"@type\":\"BreadcrumbList\",\"@id\":\"https:\\\/\\\/schoenstatt.com\\\/it\\\/cristo-vive-buona-pasqua\\\/#breadcrumb\",\"itemListElement\":[{\"@type\":\"ListItem\",\"position\":1,\"name\":\"Portada\",\"item\":\"https:\\\/\\\/schoenstatt.com\\\/it\\\/home\\\/\"},{\"@type\":\"ListItem\",\"position\":2,\"name\":\"Cristo vive \u2013 Buona Pasqua!\"}]},{\"@type\":\"WebSite\",\"@id\":\"https:\\\/\\\/schoenstatt.com\\\/it\\\/#website\",\"url\":\"https:\\\/\\\/schoenstatt.com\\\/it\\\/\",\"name\":\"Schoenstatt\",\"description\":\"Apostolic Movement\",\"publisher\":{\"@id\":\"https:\\\/\\\/schoenstatt.com\\\/it\\\/#organization\"},\"potentialAction\":[{\"@type\":\"SearchAction\",\"target\":{\"@type\":\"EntryPoint\",\"urlTemplate\":\"https:\\\/\\\/schoenstatt.com\\\/it\\\/?s={search_term_string}\"},\"query-input\":{\"@type\":\"PropertyValueSpecification\",\"valueRequired\":true,\"valueName\":\"search_term_string\"}}],\"inLanguage\":\"it-IT\"},{\"@type\":\"Organization\",\"@id\":\"https:\\\/\\\/schoenstatt.com\\\/it\\\/#organization\",\"name\":\"Schoenstatt\",\"url\":\"https:\\\/\\\/schoenstatt.com\\\/it\\\/\",\"logo\":{\"@type\":\"ImageObject\",\"inLanguage\":\"it-IT\",\"@id\":\"https:\\\/\\\/schoenstatt.com\\\/it\\\/#\\\/schema\\\/logo\\\/image\\\/\",\"url\":\"https:\\\/\\\/schoenstatt.com\\\/wp-content\\\/uploads\\\/2025\\\/04\\\/logo-schoenstatt-white-696x696-1.png\",\"contentUrl\":\"https:\\\/\\\/schoenstatt.com\\\/wp-content\\\/uploads\\\/2025\\\/04\\\/logo-schoenstatt-white-696x696-1.png\",\"width\":696,\"height\":694,\"caption\":\"Schoenstatt\"},\"image\":{\"@id\":\"https:\\\/\\\/schoenstatt.com\\\/it\\\/#\\\/schema\\\/logo\\\/image\\\/\"}},{\"@type\":\"Person\",\"@id\":\"https:\\\/\\\/schoenstatt.com\\\/it\\\/#\\\/schema\\\/person\\\/5158877ad4acae98b34daaeef2a1ce6e\",\"name\":\"Karen Bueno\",\"image\":{\"@type\":\"ImageObject\",\"inLanguage\":\"it-IT\",\"@id\":\"https:\\\/\\\/secure.gravatar.com\\\/avatar\\\/f9f4b823873154269d2b2130f195f6d41037dd0d7fc5f3cacb5c846bae70d66b?s=96&d=mm&r=g\",\"url\":\"https:\\\/\\\/secure.gravatar.com\\\/avatar\\\/f9f4b823873154269d2b2130f195f6d41037dd0d7fc5f3cacb5c846bae70d66b?s=96&d=mm&r=g\",\"contentUrl\":\"https:\\\/\\\/secure.gravatar.com\\\/avatar\\\/f9f4b823873154269d2b2130f195f6d41037dd0d7fc5f3cacb5c846bae70d66b?s=96&d=mm&r=g\",\"caption\":\"Karen Bueno\"},\"url\":\"https:\\\/\\\/schoenstatt.com\\\/it\\\/author\\\/karen-bueno\\\/\"}]}<\/script>\n<!-- \/ Yoast SEO Premium plugin. -->","yoast_head_json":{"title":"Cristo vive \u2013 Buona Pasqua! - Schoenstatt","description":"La risurrezione di Ges\u00f9 \u00e8 la risposta di Dio alle notti della storia e alle notti del cuore umano. Buona Pasqua!","robots":{"index":"index","follow":"follow","max-snippet":"max-snippet:-1","max-image-preview":"max-image-preview:large","max-video-preview":"max-video-preview:-1"},"canonical":"https:\/\/schoenstatt.com\/it\/cristo-vive-buona-pasqua\/","og_locale":"it_IT","og_type":"article","og_title":"Cristo vive \u2013 Buona Pasqua!","og_description":"La risurrezione di Ges\u00f9 \u00e8 la risposta di Dio alle notti della storia e alle notti del cuore umano. Buona Pasqua!","og_url":"https:\/\/schoenstatt.com\/it\/cristo-vive-buona-pasqua\/","og_site_name":"Schoenstatt","article_published_time":"2026-04-04T10:00:00+00:00","article_modified_time":"2026-04-15T14:46:20+00:00","og_image":[{"width":2048,"height":1366,"url":"https:\/\/schoenstatt.com\/wp-content\/uploads\/2026\/04\/Shrine-Schoenstatt.webp","type":"image\/jpeg"}],"author":"Karen Bueno","twitter_card":"summary_large_image","twitter_misc":{"Scritto da":"Karen Bueno","Tempo di lettura stimato":"2 minuti"},"schema":{"@context":"https:\/\/schema.org","@graph":[{"@type":"Article","@id":"https:\/\/schoenstatt.com\/it\/cristo-vive-buona-pasqua\/#article","isPartOf":{"@id":"https:\/\/schoenstatt.com\/it\/cristo-vive-buona-pasqua\/"},"author":{"name":"Karen Bueno","@id":"https:\/\/schoenstatt.com\/it\/#\/schema\/person\/5158877ad4acae98b34daaeef2a1ce6e"},"headline":"Cristo vive \u2013 Buona Pasqua!","datePublished":"2026-04-04T10:00:00+00:00","dateModified":"2026-04-15T14:46:20+00:00","mainEntityOfPage":{"@id":"https:\/\/schoenstatt.com\/it\/cristo-vive-buona-pasqua\/"},"wordCount":418,"publisher":{"@id":"https:\/\/schoenstatt.com\/it\/#organization"},"image":{"@id":"https:\/\/schoenstatt.com\/it\/cristo-vive-buona-pasqua\/#primaryimage"},"thumbnailUrl":"https:\/\/schoenstatt.com\/wp-content\/uploads\/2026\/04\/Shrine-Schoenstatt.webp","articleSection":["Spiritualit\u00e0"],"inLanguage":"it-IT"},{"@type":"WebPage","@id":"https:\/\/schoenstatt.com\/it\/cristo-vive-buona-pasqua\/","url":"https:\/\/schoenstatt.com\/it\/cristo-vive-buona-pasqua\/","name":"Cristo vive \u2013 Buona Pasqua! - Schoenstatt","isPartOf":{"@id":"https:\/\/schoenstatt.com\/it\/#website"},"primaryImageOfPage":{"@id":"https:\/\/schoenstatt.com\/it\/cristo-vive-buona-pasqua\/#primaryimage"},"image":{"@id":"https:\/\/schoenstatt.com\/it\/cristo-vive-buona-pasqua\/#primaryimage"},"thumbnailUrl":"https:\/\/schoenstatt.com\/wp-content\/uploads\/2026\/04\/Shrine-Schoenstatt.webp","datePublished":"2026-04-04T10:00:00+00:00","dateModified":"2026-04-15T14:46:20+00:00","description":"La risurrezione di Ges\u00f9 \u00e8 la risposta di Dio alle notti della storia e alle notti del cuore umano. Buona Pasqua!","breadcrumb":{"@id":"https:\/\/schoenstatt.com\/it\/cristo-vive-buona-pasqua\/#breadcrumb"},"inLanguage":"it-IT","potentialAction":[{"@type":"ReadAction","target":["https:\/\/schoenstatt.com\/it\/cristo-vive-buona-pasqua\/"]}]},{"@type":"ImageObject","inLanguage":"it-IT","@id":"https:\/\/schoenstatt.com\/it\/cristo-vive-buona-pasqua\/#primaryimage","url":"https:\/\/schoenstatt.com\/wp-content\/uploads\/2026\/04\/Shrine-Schoenstatt.webp","contentUrl":"https:\/\/schoenstatt.com\/wp-content\/uploads\/2026\/04\/Shrine-Schoenstatt.webp","width":2048,"height":1366},{"@type":"BreadcrumbList","@id":"https:\/\/schoenstatt.com\/it\/cristo-vive-buona-pasqua\/#breadcrumb","itemListElement":[{"@type":"ListItem","position":1,"name":"Portada","item":"https:\/\/schoenstatt.com\/it\/home\/"},{"@type":"ListItem","position":2,"name":"Cristo vive \u2013 Buona Pasqua!"}]},{"@type":"WebSite","@id":"https:\/\/schoenstatt.com\/it\/#website","url":"https:\/\/schoenstatt.com\/it\/","name":"Schoenstatt","description":"Apostolic Movement","publisher":{"@id":"https:\/\/schoenstatt.com\/it\/#organization"},"potentialAction":[{"@type":"SearchAction","target":{"@type":"EntryPoint","urlTemplate":"https:\/\/schoenstatt.com\/it\/?s={search_term_string}"},"query-input":{"@type":"PropertyValueSpecification","valueRequired":true,"valueName":"search_term_string"}}],"inLanguage":"it-IT"},{"@type":"Organization","@id":"https:\/\/schoenstatt.com\/it\/#organization","name":"Schoenstatt","url":"https:\/\/schoenstatt.com\/it\/","logo":{"@type":"ImageObject","inLanguage":"it-IT","@id":"https:\/\/schoenstatt.com\/it\/#\/schema\/logo\/image\/","url":"https:\/\/schoenstatt.com\/wp-content\/uploads\/2025\/04\/logo-schoenstatt-white-696x696-1.png","contentUrl":"https:\/\/schoenstatt.com\/wp-content\/uploads\/2025\/04\/logo-schoenstatt-white-696x696-1.png","width":696,"height":694,"caption":"Schoenstatt"},"image":{"@id":"https:\/\/schoenstatt.com\/it\/#\/schema\/logo\/image\/"}},{"@type":"Person","@id":"https:\/\/schoenstatt.com\/it\/#\/schema\/person\/5158877ad4acae98b34daaeef2a1ce6e","name":"Karen Bueno","image":{"@type":"ImageObject","inLanguage":"it-IT","@id":"https:\/\/secure.gravatar.com\/avatar\/f9f4b823873154269d2b2130f195f6d41037dd0d7fc5f3cacb5c846bae70d66b?s=96&d=mm&r=g","url":"https:\/\/secure.gravatar.com\/avatar\/f9f4b823873154269d2b2130f195f6d41037dd0d7fc5f3cacb5c846bae70d66b?s=96&d=mm&r=g","contentUrl":"https:\/\/secure.gravatar.com\/avatar\/f9f4b823873154269d2b2130f195f6d41037dd0d7fc5f3cacb5c846bae70d66b?s=96&d=mm&r=g","caption":"Karen Bueno"},"url":"https:\/\/schoenstatt.com\/it\/author\/karen-bueno\/"}]}},"_links":{"self":[{"href":"https:\/\/schoenstatt.com\/it\/wp-json\/wp\/v2\/posts\/69606","targetHints":{"allow":["GET"]}}],"collection":[{"href":"https:\/\/schoenstatt.com\/it\/wp-json\/wp\/v2\/posts"}],"about":[{"href":"https:\/\/schoenstatt.com\/it\/wp-json\/wp\/v2\/types\/post"}],"author":[{"embeddable":true,"href":"https:\/\/schoenstatt.com\/it\/wp-json\/wp\/v2\/users\/3"}],"replies":[{"embeddable":true,"href":"https:\/\/schoenstatt.com\/it\/wp-json\/wp\/v2\/comments?post=69606"}],"version-history":[{"count":2,"href":"https:\/\/schoenstatt.com\/it\/wp-json\/wp\/v2\/posts\/69606\/revisions"}],"predecessor-version":[{"id":69608,"href":"https:\/\/schoenstatt.com\/it\/wp-json\/wp\/v2\/posts\/69606\/revisions\/69608"}],"wp:featuredmedia":[{"embeddable":true,"href":"https:\/\/schoenstatt.com\/it\/wp-json\/wp\/v2\/media\/69438"}],"wp:attachment":[{"href":"https:\/\/schoenstatt.com\/it\/wp-json\/wp\/v2\/media?parent=69606"}],"wp:term":[{"taxonomy":"category","embeddable":true,"href":"https:\/\/schoenstatt.com\/it\/wp-json\/wp\/v2\/categories?post=69606"},{"taxonomy":"post_tag","embeddable":true,"href":"https:\/\/schoenstatt.com\/it\/wp-json\/wp\/v2\/tags?post=69606"}],"curies":[{"name":"wp","href":"https:\/\/api.w.org\/{rel}","templated":true}]}}