{"id":69022,"date":"2026-03-09T16:02:07","date_gmt":"2026-03-09T15:02:07","guid":{"rendered":"https:\/\/schoenstatt.com\/?p=69022"},"modified":"2026-03-17T20:15:41","modified_gmt":"2026-03-17T19:15:41","slug":"intervista-con-maria-pia-adriasola-first-lady-del-cile","status":"publish","type":"post","link":"https:\/\/schoenstatt.com\/it\/intervista-con-maria-pia-adriasola-first-lady-del-cile\/","title":{"rendered":"Intervista con Mar\u00eda P\u00eda Adriasola, First Lady del Cile"},"content":{"rendered":"\n<h2 class=\"wp-block-heading has-medium-font-size\" id=\"h-una-missione-ricevuta-insieme-diciamo-si-e-ci-fidiamo\">Una missione ricevuta insieme: \u201cDiciamo s\u00ec e ci fidiamo\u201d<\/h2>\n\n\n\n<p>L\u2019edizione di marzo di V\u00ednculo apre l\u2019anno con un evento senza precedenti nella nostra storia recente: <strong>una coppia appartenente all\u2019Istituto delle Famiglie di Schoenstatt assume la Presidenza del Cile<\/strong>. <strong>Jos\u00e9 Antonio Kast <\/strong><a href=\"https:\/\/schoenstatt.com\/es\/un-schoenstattiano-es-elegido-nuevo-presidente-de-chile\/\">prester\u00e0 giuramento come Presidente<\/a> l\u201911 marzo e, accanto a lui, <strong>Mar\u00eda P\u00eda Adriasola<\/strong> svolger\u00e0 il ruolo di First Lady. Questa posizione non esisteva formalmente nel Paese durante il periodo precedente.<\/p>\n\n\n\n<p>Nel mese in cui celebriamo la Giornata Internazionale della Donna, abbiamo voluto parlare con lei non solo per il ruolo pubblico che ora assume, ma anche per la sua identit\u00e0 pi\u00f9 profonda: donna cattolica, moglie, madre di nove figli, nonna e membro attivo della nostra Famiglia di Schoenstatt. Ci \u00e8 sembrato significativo conoscere come la sua storia di fede, il suo legame con la Madre di Dio e la pedagogia del Movimento abbiano segnato la sua vita matrimoniale e familiare e come possano illuminare questa nuova tappa di servizio pubblico.<\/p>\n\n\n\n<p>Nella Famiglia di Schoenstatt in Cile convivono legittimamente diverse sensibilit\u00e0 e visioni politiche. Non tutti hanno sostenuto lo stesso progetto nazionale n\u00e9 votato lo stesso candidato. Tuttavia, qualcosa di pi\u00f9 profondo ci unisce: siamo fratelli e sorelle nella fede, figli della stessa Madre, uniti nella stessa Alleanza d\u2019Amore. Da questa comunione spirituale riconosciamo che questa coppia assume ora una missione particolarmente esigente per il Paese.<\/p>\n\n\n\n<p>Questa intervista desidera collocarsi proprio in questo spazio: non nella contingenza partitica, ma nel cuore di una vocazione. Da l\u00ec vogliamo accompagnarli con la nostra preghiera e rimanere uniti nel Santuario, come famiglie che condividono la stessa Alleanza e la stessa missione, confidando che la Madre di Dio sapr\u00e0 guidare i passi della nostra storia comune.<\/p>\n\n\n\n<div style=\"height:30px\" aria-hidden=\"true\" class=\"wp-block-spacer\"><\/div>\n\n\n\n<figure class=\"wp-block-image aligncenter size-full is-resized\"><img decoding=\"async\" src=\"https:\/\/schoenstatt.com\/wp-content\/uploads\/2026\/03\/Maria-Pia-and-Jose-Antonio-Kast-1.webp\" alt=\"\" class=\"wp-image-68876\" style=\"aspect-ratio:1.229586935638809;width:636px;height:auto\"\/><\/figure>\n\n\n\n<div style=\"height:24px\" aria-hidden=\"true\" class=\"wp-block-spacer\"><\/div>\n\n\n\n<p><strong>Mar\u00eda P\u00eda Adriasola Barroilhet<\/strong> \u00e8 nata a Santiago il 9 marzo 1967. \u00c8 avvocato laureata presso la Pontificia Universit\u00e0 Cattolica del Cile e ha conseguito un Master in Matrimonio e Famiglia presso l\u2019Universidad de los Andes. \u00c8 sposata con Jos\u00e9 Antonio Kast dal 6 aprile 1991 ed \u00e8 madre di nove figli e nonna di cinque nipoti. La sua vita professionale e accademica \u00e8 stata profondamente legata alla sfera familiare, in coerenza con la sua vocazione al matrimonio e con la sua appartenenza all\u2019Istituto delle Famiglie di Schoenstatt.<\/p>\n\n\n\n<div style=\"height:27px\" aria-hidden=\"true\" class=\"wp-block-spacer\"><\/div>\n\n\n\n<hr class=\"wp-block-separator has-text-color has-alpha-channel-opacity has-background\" style=\"background-color:#e79256;color:#e79256\"\/>\n\n\n\n<div style=\"height:37px\" aria-hidden=\"true\" class=\"wp-block-spacer\"><\/div>\n\n\n\n<p><strong>Com\u2019\u00e8 stata la tua educazione cattolica durante l\u2019infanzia e la giovinezza, e chi ha influenzato il tuo cammino spirituale?<\/strong><\/p>\n\n\n\n<p>La mia formazione cattolica \u00e8 stata innanzitutto un\u2019esperienza vissuta in casa, dove i miei genitori hanno avuto un ruolo fondamentale. Ho ricevuto una formazione cattolica anche durante gli anni di scuola. Vivere in campagna, a contatto con la natura, ha rafforzato molto il mio rapporto personale con Dio. All\u2019universit\u00e0 ho partecipato alla Giovent\u00f9 Femminile del Movimento. Da allora, padre Horacio Rivas mi \u00e8 sempre stato molto vicino. Anche i miei suoceri, con i quali ho vissuto per 24 anni, hanno avuto una grande influenza su di me con la loro generosit\u00e0 e il loro spirito di servizio.<\/p>\n\n\n\n<div style=\"height:30px\" aria-hidden=\"true\" class=\"wp-block-spacer\"><\/div>\n\n\n\n<p><strong>Come hai conosciuto il Movimento di Schoenstatt e cosa ti ha attratto maggiormente della sua spiritualit\u00e0?<\/strong><\/p>\n\n\n\n<p>Ho conosciuto il Movimento durante un ritiro quando ero ancora a scuola. Arrivammo a Bellavista e fui subito colpita dall\u2019atmosfera del luogo e dal Santuario, che mi fece sentire che quello era il mio posto. Conobbi un sacerdote molto gioioso, che suonava la chitarra e cantava. Ma ci\u00f2 che mi colp\u00ec di pi\u00f9 fu che la spiritualit\u00e0 veniva vissuta e coltivata come famiglia e come comunit\u00e0. Per me questa fu la cosa pi\u00f9 sorprendente.<\/p>\n\n\n\n<div style=\"height:21px\" aria-hidden=\"true\" class=\"wp-block-spacer\"><\/div>\n\n\n\n<p><strong>Che cosa vi ha portato a entrare nel Ramo delle Coppie e poi nell\u2019Istituto?<\/strong><\/p>\n\n\n\n<p>La visione originaria di Schoenstatt, centrata sulla famiglia e su uno sviluppo spirituale radicato in una realt\u00e0 umana, naturale e quotidiana, \u00e8 stata per noi molto arricchente. Coltivare un rapporto personale e d\u2019amore con la Madonna e con Dio prende forma concreta nelle nostre relazioni: come sposi, come genitori e in tutti i nostri rapporti. Avere una comunit\u00e0 \u00e8 un aiuto immenso per accompagnarci reciprocamente in questo cammino.<\/p>\n\n\n\n<div style=\"height:29px\" aria-hidden=\"true\" class=\"wp-block-spacer\"><\/div>\n\n\n\n<p><strong>In che modo la pedagogia di Schoenstatt ha influenzato la vostra vita matrimoniale e familiare?<\/strong><\/p>\n\n\n\n<p>La pedagogia di Schoenstatt si comprende e si integra nella vita con il tempo. Armonizzare la vita spirituale con le sfide della vita quotidiana \u00e8 la cosa pi\u00f9 bella. Avere un Santuario domestico, con la presenza operante della Madonna che sempre accompagna e sostiene, che si prende cura, protegge e armonizza, \u00e8 stato un grande dono.<\/p>\n\n\n\n<div style=\"height:23px\" aria-hidden=\"true\" class=\"wp-block-spacer\"><\/div>\n\n\n\n<figure class=\"wp-block-image aligncenter size-full is-resized\"><img decoding=\"async\" src=\"https:\/\/schoenstatt.com\/wp-content\/uploads\/2026\/03\/Maria-Pia-and-Jose-Antonio-Kast-3.webp\" alt=\"\" class=\"wp-image-68886\" style=\"aspect-ratio:0.6687565308254964;width:548px;height:auto\"\/><\/figure>\n\n\n\n<div style=\"height:24px\" aria-hidden=\"true\" class=\"wp-block-spacer\"><\/div>\n\n\n\n<p><strong>L\u2019elezione presidenziale apre una fase completamente nuova per la vostra famiglia. Come vive la sfida di suo marito che diventa Presidente del Cile?<\/strong><\/p>\n\n\n\n<p>Accolgo questa sfida come una missione speciale, come un dono e come un compito. Ho bisogno di viverla con grande naturalezza, con calma e con disponibilit\u00e0.<\/p>\n\n\n\n<div style=\"height:21px\" aria-hidden=\"true\" class=\"wp-block-spacer\"><\/div>\n\n\n\n<p><strong>Come avete valutato questa missione come coppia sposata?<\/strong><\/p>\n\n\n\n<p>Dio ci ha donato la nostra missione in ogni ambito della vita. Ha segnato il cammino con grande delicatezza. Non ha fretta, non impone: ha i suoi tempi perfetti. \u00c8 stato cos\u00ec con la nostra vocazione al matrimonio, con l\u2019arrivo dei nostri figli e con la nostra vocazione al servizio pubblico. In qualche modo ci ha mossi, preparati e condotti fino a qui. Noi diciamo \u201cs\u00ec\u201d a Lui e ci fidiamo.<\/p>\n\n\n\n<div style=\"height:22px\" aria-hidden=\"true\" class=\"wp-block-spacer\"><\/div>\n\n\n\n<p><strong>Dopo un periodo in cui il ruolo di First Lady non esisteva formalmente in Cile, ora lei lo assumer\u00e0. Quale significato vuole dare a questo ruolo e quale stile personale desidera portare in questo compito?<\/strong><\/p>\n\n\n\n<p>Per me ha molto senso vivere questo compito insieme ed essere un buon complemento per Jos\u00e9 Antonio. Insieme abbiamo formato una grande famiglia. Questo incarico mi invita ad allargare il cuore per avvicinarmi a tutti con affetto materno. Il mio stile personale sono gli abbracci, la vicinanza.<\/p>\n\n\n\n<div style=\"height:24px\" aria-hidden=\"true\" class=\"wp-block-spacer\"><\/div>\n\n\n\n<p><strong>In che modo la sua spiritualit\u00e0 pu\u00f2 contribuire alla riconciliazione, alla speranza e al dialogo di fronte alle sfide che il Paese sta affrontando?<\/strong><\/p>\n\n\n\n<p>Credo che tutti i cileni desiderino vivere in pace e in armonia. La vita spirituale ci aiuta a vedere nell\u2019amore e nel rispetto la base di ogni dialogo e di ogni comprensione, e a cercare sempre il bene comune. Se tutti ci colleghiamo a questo bisogno profondo di Bene, sono certa che Dio ci aiuter\u00e0 molto a incontrarci e a comprenderci.<\/p>\n\n\n\n<div style=\"height:24px\" aria-hidden=\"true\" class=\"wp-block-spacer\"><\/div>\n\n\n\n<p><strong>In che modo la formazione ricevuta a Schoenstatt pu\u00f2 illuminare l\u2019esercizio del servizio pubblico e della responsabilit\u00e0 politica che assumete?<\/strong><\/p>\n\n\n\n<p>La presenza di Dio nella vita ci dona una gioia e una fiducia speciali. Anche quando ci si sente piccoli di fronte a grandi sfide, si sa che Lui e la Madonna sono l\u00ec. Insieme all\u2019impegno di fare del nostro meglio, rimane la certezza che \u00e8 Lui a guidarci.<\/p>\n\n\n\n<div style=\"height:25px\" aria-hidden=\"true\" class=\"wp-block-spacer\"><\/div>\n\n\n\n<p><strong>La vita politica richiede ritmi molto intensi. Come pensa di custodire la vostra famiglia e la vita coniugale in mezzo a un\u2019agenda cos\u00ec impegnativa?<\/strong><\/p>\n\n\n\n<p>La chiave \u00e8 assicurarsi che i fondamenti restino saldi. Nel nostro matrimonio cerchiamo di mantenere i nostri \u201cmarted\u00ec di appuntamento\u201d, che sono pi\u00f9 o meno flessibili durante la settimana. Nella nostra famiglia la domenica \u00e8 un giorno speciale per stare insieme, cos\u00ec come le feste e i compleanni. Al di fuori di questo, ciascuno \u00e8 libero di dedicarsi con impegno a ci\u00f2 che deve fare.<\/p>\n\n\n\n<div style=\"height:28px\" aria-hidden=\"true\" class=\"wp-block-spacer\"><\/div>\n\n\n\n<p><strong>In questo mese in cui la Chiesa e la societ\u00e0 riflettono sul ruolo della donna, che cosa pensa possa offrire oggi al Cile una donna credente, moglie e madre?<\/strong><\/p>\n\n\n\n<p>Oggi dobbiamo riconoscere, valorizzare e applaudire tutte le donne che accolgono, adottano o si prendono cura della vita degli altri. Il cuore materno delle donne \u00e8 insostituibile nella societ\u00e0, sia nella famiglia sia nel lavoro o in qualsiasi altro compito o luogo in cui si trovino.<\/p>\n\n\n\n<div style=\"height:30px\" aria-hidden=\"true\" class=\"wp-block-spacer\"><\/div>\n\n\n\n<p><strong>Personalmente, che cosa chieder\u00e0 a Dio in questo tempo che inizia l\u201911 marzo? Per che cosa desidera pregare in modo particolare?<\/strong><\/p>\n\n\n\n<p>Che benedica tutti noi con pace, comprensione e buona volont\u00e0. Che possiamo pregare insieme il Padre Nostro, sentendolo con tutto il cuore.<\/p>\n\n\n\n<div style=\"height:32px\" aria-hidden=\"true\" class=\"wp-block-spacer\"><\/div>\n\n\n\n<p><strong>Infine, per la Famiglia di Schoenstatt, in particolare per il Movimento in Cile, quale messaggio desidera lasciare mentre inizia questo nuovo periodo per il Paese e per la sua vita?<\/strong><\/p>\n\n\n\n<p>Che sappiano approfittare di tutte le ricchezze che abbiamo nel Santuario. Che possiamo incontrarci l\u00ec e rimanere uniti.<\/p>\n\n\n\n<div style=\"height:26px\" aria-hidden=\"true\" class=\"wp-block-spacer\"><\/div>\n\n\n\n<hr class=\"wp-block-separator has-text-color has-alpha-channel-opacity has-background\" style=\"background-color:#e79256;color:#e79256\"\/>\n\n\n\n<div style=\"height:29px\" aria-hidden=\"true\" class=\"wp-block-spacer\"><\/div>\n\n\n\n<p><em>Come Famiglia di Schoenstatt vogliamo accompagnare questo tempo con una preghiera fiduciosa. Vi invitiamo a unirvi spiritualmente per il Presidente e sua moglie, affinch\u00e9 il Signore li illumini e li rafforzi nella missione che stanno intraprendendo e affinch\u00e9 tutto sia per il bene del Cile.<\/em><\/p>\n\n\n\n<p><em>Fonte:<\/em> Rivista V\u00ednculo, n. 398, marzo 2026.<\/p>\n\n\n\n<p><strong>Traduzione:<\/strong> Eugenio Minici<\/p>\n","protected":false},"excerpt":{"rendered":"<p>Nel mese dedicato alle donne e alla vigilia dell&#8217;insediamento del nuovo presidente del Cile, non perdetevi l&#8217;intervista alla first lady del Paese.<\/p>\n","protected":false},"author":3,"featured_media":68880,"comment_status":"closed","ping_status":"closed","sticky":false,"template":"","format":"standard","meta":{"footnotes":""},"categories":[863,358,875],"tags":[1305],"class_list":["post-69022","post","type-post","status-publish","format-standard","has-post-thumbnail","hentry","category-america-it","category-comunita-di-schoenstatt-it","category-famiglia-it","tag-schoenstatt-cile-it"],"yoast_head":"<!-- This site is optimized with the Yoast SEO Premium plugin v27.4 (Yoast SEO v27.5) - https:\/\/yoast.com\/product\/yoast-seo-premium-wordpress\/ -->\n<title>Intervista con Mar\u00eda P\u00eda Adriasola, First Lady del Cile - Schoenstatt<\/title>\n<meta name=\"description\" content=\"Nel mese dedicato alle donne e alla vigilia dell&#039;insediamento del nuovo presidente del Cile, non perdetevi l&#039;intervista alla first lady del Paese.\" \/>\n<meta name=\"robots\" content=\"index, follow, max-snippet:-1, max-image-preview:large, max-video-preview:-1\" \/>\n<link rel=\"canonical\" href=\"https:\/\/schoenstatt.com\/it\/intervista-con-maria-pia-adriasola-first-lady-del-cile\/\" \/>\n<meta property=\"og:locale\" content=\"it_IT\" \/>\n<meta property=\"og:type\" content=\"article\" \/>\n<meta property=\"og:title\" content=\"Intervista con Mar\u00eda P\u00eda Adriasola, First Lady del Cile\" \/>\n<meta property=\"og:description\" content=\"Nel mese dedicato alle donne e alla vigilia dell&#039;insediamento del nuovo presidente del Cile, non perdetevi l&#039;intervista alla first lady del Paese.\" \/>\n<meta property=\"og:url\" content=\"https:\/\/schoenstatt.com\/it\/intervista-con-maria-pia-adriasola-first-lady-del-cile\/\" \/>\n<meta property=\"og:site_name\" content=\"Schoenstatt\" \/>\n<meta property=\"article:published_time\" content=\"2026-03-09T15:02:07+00:00\" \/>\n<meta property=\"article:modified_time\" content=\"2026-03-17T19:15:41+00:00\" \/>\n<meta property=\"og:image\" content=\"https:\/\/schoenstatt.com\/wp-content\/uploads\/2026\/03\/Maria-Pia-and-Jose-Antonio-Kast-2.webp\" \/>\n\t<meta property=\"og:image:width\" content=\"1600\" \/>\n\t<meta property=\"og:image:height\" content=\"1003\" \/>\n\t<meta property=\"og:image:type\" content=\"image\/jpeg\" \/>\n<meta name=\"author\" content=\"Karen Bueno\" \/>\n<meta name=\"twitter:card\" content=\"summary_large_image\" \/>\n<meta name=\"twitter:label1\" content=\"Scritto da\" \/>\n\t<meta name=\"twitter:data1\" content=\"Karen Bueno\" \/>\n\t<meta name=\"twitter:label2\" content=\"Tempo di lettura stimato\" \/>\n\t<meta name=\"twitter:data2\" content=\"9 minuti\" \/>\n<script type=\"application\/ld+json\" class=\"yoast-schema-graph\">{\"@context\":\"https:\\\/\\\/schema.org\",\"@graph\":[{\"@type\":\"Article\",\"@id\":\"https:\\\/\\\/schoenstatt.com\\\/it\\\/intervista-con-maria-pia-adriasola-first-lady-del-cile\\\/#article\",\"isPartOf\":{\"@id\":\"https:\\\/\\\/schoenstatt.com\\\/it\\\/intervista-con-maria-pia-adriasola-first-lady-del-cile\\\/\"},\"author\":{\"name\":\"Karen Bueno\",\"@id\":\"https:\\\/\\\/schoenstatt.com\\\/it\\\/#\\\/schema\\\/person\\\/5158877ad4acae98b34daaeef2a1ce6e\"},\"headline\":\"Intervista con Mar\u00eda P\u00eda Adriasola, First Lady del Cile\",\"datePublished\":\"2026-03-09T15:02:07+00:00\",\"dateModified\":\"2026-03-17T19:15:41+00:00\",\"mainEntityOfPage\":{\"@id\":\"https:\\\/\\\/schoenstatt.com\\\/it\\\/intervista-con-maria-pia-adriasola-first-lady-del-cile\\\/\"},\"wordCount\":1413,\"publisher\":{\"@id\":\"https:\\\/\\\/schoenstatt.com\\\/it\\\/#organization\"},\"image\":{\"@id\":\"https:\\\/\\\/schoenstatt.com\\\/it\\\/intervista-con-maria-pia-adriasola-first-lady-del-cile\\\/#primaryimage\"},\"thumbnailUrl\":\"https:\\\/\\\/schoenstatt.com\\\/wp-content\\\/uploads\\\/2026\\\/03\\\/Maria-Pia-and-Jose-Antonio-Kast-2.webp\",\"keywords\":[\"Schoenstatt Cile\"],\"articleSection\":[\"America\",\"Comunit\u00e0 di Schoenstatt\",\"Famiglia\"],\"inLanguage\":\"it-IT\"},{\"@type\":\"WebPage\",\"@id\":\"https:\\\/\\\/schoenstatt.com\\\/it\\\/intervista-con-maria-pia-adriasola-first-lady-del-cile\\\/\",\"url\":\"https:\\\/\\\/schoenstatt.com\\\/it\\\/intervista-con-maria-pia-adriasola-first-lady-del-cile\\\/\",\"name\":\"Intervista con Mar\u00eda P\u00eda Adriasola, First Lady del Cile - Schoenstatt\",\"isPartOf\":{\"@id\":\"https:\\\/\\\/schoenstatt.com\\\/it\\\/#website\"},\"primaryImageOfPage\":{\"@id\":\"https:\\\/\\\/schoenstatt.com\\\/it\\\/intervista-con-maria-pia-adriasola-first-lady-del-cile\\\/#primaryimage\"},\"image\":{\"@id\":\"https:\\\/\\\/schoenstatt.com\\\/it\\\/intervista-con-maria-pia-adriasola-first-lady-del-cile\\\/#primaryimage\"},\"thumbnailUrl\":\"https:\\\/\\\/schoenstatt.com\\\/wp-content\\\/uploads\\\/2026\\\/03\\\/Maria-Pia-and-Jose-Antonio-Kast-2.webp\",\"datePublished\":\"2026-03-09T15:02:07+00:00\",\"dateModified\":\"2026-03-17T19:15:41+00:00\",\"description\":\"Nel mese dedicato alle donne e alla vigilia dell'insediamento del nuovo presidente del Cile, non perdetevi l'intervista alla first lady del Paese.\",\"breadcrumb\":{\"@id\":\"https:\\\/\\\/schoenstatt.com\\\/it\\\/intervista-con-maria-pia-adriasola-first-lady-del-cile\\\/#breadcrumb\"},\"inLanguage\":\"it-IT\",\"potentialAction\":[{\"@type\":\"ReadAction\",\"target\":[\"https:\\\/\\\/schoenstatt.com\\\/it\\\/intervista-con-maria-pia-adriasola-first-lady-del-cile\\\/\"]}]},{\"@type\":\"ImageObject\",\"inLanguage\":\"it-IT\",\"@id\":\"https:\\\/\\\/schoenstatt.com\\\/it\\\/intervista-con-maria-pia-adriasola-first-lady-del-cile\\\/#primaryimage\",\"url\":\"https:\\\/\\\/schoenstatt.com\\\/wp-content\\\/uploads\\\/2026\\\/03\\\/Maria-Pia-and-Jose-Antonio-Kast-2.webp\",\"contentUrl\":\"https:\\\/\\\/schoenstatt.com\\\/wp-content\\\/uploads\\\/2026\\\/03\\\/Maria-Pia-and-Jose-Antonio-Kast-2.webp\",\"width\":1600,\"height\":1003},{\"@type\":\"BreadcrumbList\",\"@id\":\"https:\\\/\\\/schoenstatt.com\\\/it\\\/intervista-con-maria-pia-adriasola-first-lady-del-cile\\\/#breadcrumb\",\"itemListElement\":[{\"@type\":\"ListItem\",\"position\":1,\"name\":\"Portada\",\"item\":\"https:\\\/\\\/schoenstatt.com\\\/it\\\/home\\\/\"},{\"@type\":\"ListItem\",\"position\":2,\"name\":\"Intervista con Mar\u00eda P\u00eda Adriasola, First Lady del Cile\"}]},{\"@type\":\"WebSite\",\"@id\":\"https:\\\/\\\/schoenstatt.com\\\/it\\\/#website\",\"url\":\"https:\\\/\\\/schoenstatt.com\\\/it\\\/\",\"name\":\"Schoenstatt\",\"description\":\"Apostolic Movement\",\"publisher\":{\"@id\":\"https:\\\/\\\/schoenstatt.com\\\/it\\\/#organization\"},\"potentialAction\":[{\"@type\":\"SearchAction\",\"target\":{\"@type\":\"EntryPoint\",\"urlTemplate\":\"https:\\\/\\\/schoenstatt.com\\\/it\\\/?s={search_term_string}\"},\"query-input\":{\"@type\":\"PropertyValueSpecification\",\"valueRequired\":true,\"valueName\":\"search_term_string\"}}],\"inLanguage\":\"it-IT\"},{\"@type\":\"Organization\",\"@id\":\"https:\\\/\\\/schoenstatt.com\\\/it\\\/#organization\",\"name\":\"Schoenstatt\",\"url\":\"https:\\\/\\\/schoenstatt.com\\\/it\\\/\",\"logo\":{\"@type\":\"ImageObject\",\"inLanguage\":\"it-IT\",\"@id\":\"https:\\\/\\\/schoenstatt.com\\\/it\\\/#\\\/schema\\\/logo\\\/image\\\/\",\"url\":\"https:\\\/\\\/schoenstatt.com\\\/wp-content\\\/uploads\\\/2025\\\/04\\\/logo-schoenstatt-white-696x696-1.png\",\"contentUrl\":\"https:\\\/\\\/schoenstatt.com\\\/wp-content\\\/uploads\\\/2025\\\/04\\\/logo-schoenstatt-white-696x696-1.png\",\"width\":696,\"height\":694,\"caption\":\"Schoenstatt\"},\"image\":{\"@id\":\"https:\\\/\\\/schoenstatt.com\\\/it\\\/#\\\/schema\\\/logo\\\/image\\\/\"}},{\"@type\":\"Person\",\"@id\":\"https:\\\/\\\/schoenstatt.com\\\/it\\\/#\\\/schema\\\/person\\\/5158877ad4acae98b34daaeef2a1ce6e\",\"name\":\"Karen Bueno\",\"image\":{\"@type\":\"ImageObject\",\"inLanguage\":\"it-IT\",\"@id\":\"https:\\\/\\\/secure.gravatar.com\\\/avatar\\\/f9f4b823873154269d2b2130f195f6d41037dd0d7fc5f3cacb5c846bae70d66b?s=96&d=mm&r=g\",\"url\":\"https:\\\/\\\/secure.gravatar.com\\\/avatar\\\/f9f4b823873154269d2b2130f195f6d41037dd0d7fc5f3cacb5c846bae70d66b?s=96&d=mm&r=g\",\"contentUrl\":\"https:\\\/\\\/secure.gravatar.com\\\/avatar\\\/f9f4b823873154269d2b2130f195f6d41037dd0d7fc5f3cacb5c846bae70d66b?s=96&d=mm&r=g\",\"caption\":\"Karen Bueno\"},\"url\":\"https:\\\/\\\/schoenstatt.com\\\/it\\\/author\\\/karen-bueno\\\/\"}]}<\/script>\n<!-- \/ Yoast SEO Premium plugin. -->","yoast_head_json":{"title":"Intervista con Mar\u00eda P\u00eda Adriasola, First Lady del Cile - Schoenstatt","description":"Nel mese dedicato alle donne e alla vigilia dell'insediamento del nuovo presidente del Cile, non perdetevi l'intervista alla first lady del Paese.","robots":{"index":"index","follow":"follow","max-snippet":"max-snippet:-1","max-image-preview":"max-image-preview:large","max-video-preview":"max-video-preview:-1"},"canonical":"https:\/\/schoenstatt.com\/it\/intervista-con-maria-pia-adriasola-first-lady-del-cile\/","og_locale":"it_IT","og_type":"article","og_title":"Intervista con Mar\u00eda P\u00eda Adriasola, First Lady del Cile","og_description":"Nel mese dedicato alle donne e alla vigilia dell'insediamento del nuovo presidente del Cile, non perdetevi l'intervista alla first lady del Paese.","og_url":"https:\/\/schoenstatt.com\/it\/intervista-con-maria-pia-adriasola-first-lady-del-cile\/","og_site_name":"Schoenstatt","article_published_time":"2026-03-09T15:02:07+00:00","article_modified_time":"2026-03-17T19:15:41+00:00","og_image":[{"width":1600,"height":1003,"url":"https:\/\/schoenstatt.com\/wp-content\/uploads\/2026\/03\/Maria-Pia-and-Jose-Antonio-Kast-2.webp","type":"image\/jpeg"}],"author":"Karen Bueno","twitter_card":"summary_large_image","twitter_misc":{"Scritto da":"Karen Bueno","Tempo di lettura stimato":"9 minuti"},"schema":{"@context":"https:\/\/schema.org","@graph":[{"@type":"Article","@id":"https:\/\/schoenstatt.com\/it\/intervista-con-maria-pia-adriasola-first-lady-del-cile\/#article","isPartOf":{"@id":"https:\/\/schoenstatt.com\/it\/intervista-con-maria-pia-adriasola-first-lady-del-cile\/"},"author":{"name":"Karen Bueno","@id":"https:\/\/schoenstatt.com\/it\/#\/schema\/person\/5158877ad4acae98b34daaeef2a1ce6e"},"headline":"Intervista con Mar\u00eda P\u00eda Adriasola, First Lady del Cile","datePublished":"2026-03-09T15:02:07+00:00","dateModified":"2026-03-17T19:15:41+00:00","mainEntityOfPage":{"@id":"https:\/\/schoenstatt.com\/it\/intervista-con-maria-pia-adriasola-first-lady-del-cile\/"},"wordCount":1413,"publisher":{"@id":"https:\/\/schoenstatt.com\/it\/#organization"},"image":{"@id":"https:\/\/schoenstatt.com\/it\/intervista-con-maria-pia-adriasola-first-lady-del-cile\/#primaryimage"},"thumbnailUrl":"https:\/\/schoenstatt.com\/wp-content\/uploads\/2026\/03\/Maria-Pia-and-Jose-Antonio-Kast-2.webp","keywords":["Schoenstatt Cile"],"articleSection":["America","Comunit\u00e0 di Schoenstatt","Famiglia"],"inLanguage":"it-IT"},{"@type":"WebPage","@id":"https:\/\/schoenstatt.com\/it\/intervista-con-maria-pia-adriasola-first-lady-del-cile\/","url":"https:\/\/schoenstatt.com\/it\/intervista-con-maria-pia-adriasola-first-lady-del-cile\/","name":"Intervista con Mar\u00eda P\u00eda Adriasola, First Lady del Cile - Schoenstatt","isPartOf":{"@id":"https:\/\/schoenstatt.com\/it\/#website"},"primaryImageOfPage":{"@id":"https:\/\/schoenstatt.com\/it\/intervista-con-maria-pia-adriasola-first-lady-del-cile\/#primaryimage"},"image":{"@id":"https:\/\/schoenstatt.com\/it\/intervista-con-maria-pia-adriasola-first-lady-del-cile\/#primaryimage"},"thumbnailUrl":"https:\/\/schoenstatt.com\/wp-content\/uploads\/2026\/03\/Maria-Pia-and-Jose-Antonio-Kast-2.webp","datePublished":"2026-03-09T15:02:07+00:00","dateModified":"2026-03-17T19:15:41+00:00","description":"Nel mese dedicato alle donne e alla vigilia dell'insediamento del nuovo presidente del Cile, non perdetevi l'intervista alla first lady del Paese.","breadcrumb":{"@id":"https:\/\/schoenstatt.com\/it\/intervista-con-maria-pia-adriasola-first-lady-del-cile\/#breadcrumb"},"inLanguage":"it-IT","potentialAction":[{"@type":"ReadAction","target":["https:\/\/schoenstatt.com\/it\/intervista-con-maria-pia-adriasola-first-lady-del-cile\/"]}]},{"@type":"ImageObject","inLanguage":"it-IT","@id":"https:\/\/schoenstatt.com\/it\/intervista-con-maria-pia-adriasola-first-lady-del-cile\/#primaryimage","url":"https:\/\/schoenstatt.com\/wp-content\/uploads\/2026\/03\/Maria-Pia-and-Jose-Antonio-Kast-2.webp","contentUrl":"https:\/\/schoenstatt.com\/wp-content\/uploads\/2026\/03\/Maria-Pia-and-Jose-Antonio-Kast-2.webp","width":1600,"height":1003},{"@type":"BreadcrumbList","@id":"https:\/\/schoenstatt.com\/it\/intervista-con-maria-pia-adriasola-first-lady-del-cile\/#breadcrumb","itemListElement":[{"@type":"ListItem","position":1,"name":"Portada","item":"https:\/\/schoenstatt.com\/it\/home\/"},{"@type":"ListItem","position":2,"name":"Intervista con Mar\u00eda P\u00eda Adriasola, First Lady del Cile"}]},{"@type":"WebSite","@id":"https:\/\/schoenstatt.com\/it\/#website","url":"https:\/\/schoenstatt.com\/it\/","name":"Schoenstatt","description":"Apostolic Movement","publisher":{"@id":"https:\/\/schoenstatt.com\/it\/#organization"},"potentialAction":[{"@type":"SearchAction","target":{"@type":"EntryPoint","urlTemplate":"https:\/\/schoenstatt.com\/it\/?s={search_term_string}"},"query-input":{"@type":"PropertyValueSpecification","valueRequired":true,"valueName":"search_term_string"}}],"inLanguage":"it-IT"},{"@type":"Organization","@id":"https:\/\/schoenstatt.com\/it\/#organization","name":"Schoenstatt","url":"https:\/\/schoenstatt.com\/it\/","logo":{"@type":"ImageObject","inLanguage":"it-IT","@id":"https:\/\/schoenstatt.com\/it\/#\/schema\/logo\/image\/","url":"https:\/\/schoenstatt.com\/wp-content\/uploads\/2025\/04\/logo-schoenstatt-white-696x696-1.png","contentUrl":"https:\/\/schoenstatt.com\/wp-content\/uploads\/2025\/04\/logo-schoenstatt-white-696x696-1.png","width":696,"height":694,"caption":"Schoenstatt"},"image":{"@id":"https:\/\/schoenstatt.com\/it\/#\/schema\/logo\/image\/"}},{"@type":"Person","@id":"https:\/\/schoenstatt.com\/it\/#\/schema\/person\/5158877ad4acae98b34daaeef2a1ce6e","name":"Karen Bueno","image":{"@type":"ImageObject","inLanguage":"it-IT","@id":"https:\/\/secure.gravatar.com\/avatar\/f9f4b823873154269d2b2130f195f6d41037dd0d7fc5f3cacb5c846bae70d66b?s=96&d=mm&r=g","url":"https:\/\/secure.gravatar.com\/avatar\/f9f4b823873154269d2b2130f195f6d41037dd0d7fc5f3cacb5c846bae70d66b?s=96&d=mm&r=g","contentUrl":"https:\/\/secure.gravatar.com\/avatar\/f9f4b823873154269d2b2130f195f6d41037dd0d7fc5f3cacb5c846bae70d66b?s=96&d=mm&r=g","caption":"Karen Bueno"},"url":"https:\/\/schoenstatt.com\/it\/author\/karen-bueno\/"}]}},"_links":{"self":[{"href":"https:\/\/schoenstatt.com\/it\/wp-json\/wp\/v2\/posts\/69022","targetHints":{"allow":["GET"]}}],"collection":[{"href":"https:\/\/schoenstatt.com\/it\/wp-json\/wp\/v2\/posts"}],"about":[{"href":"https:\/\/schoenstatt.com\/it\/wp-json\/wp\/v2\/types\/post"}],"author":[{"embeddable":true,"href":"https:\/\/schoenstatt.com\/it\/wp-json\/wp\/v2\/users\/3"}],"replies":[{"embeddable":true,"href":"https:\/\/schoenstatt.com\/it\/wp-json\/wp\/v2\/comments?post=69022"}],"version-history":[{"count":3,"href":"https:\/\/schoenstatt.com\/it\/wp-json\/wp\/v2\/posts\/69022\/revisions"}],"predecessor-version":[{"id":69025,"href":"https:\/\/schoenstatt.com\/it\/wp-json\/wp\/v2\/posts\/69022\/revisions\/69025"}],"wp:featuredmedia":[{"embeddable":true,"href":"https:\/\/schoenstatt.com\/it\/wp-json\/wp\/v2\/media\/68880"}],"wp:attachment":[{"href":"https:\/\/schoenstatt.com\/it\/wp-json\/wp\/v2\/media?parent=69022"}],"wp:term":[{"taxonomy":"category","embeddable":true,"href":"https:\/\/schoenstatt.com\/it\/wp-json\/wp\/v2\/categories?post=69022"},{"taxonomy":"post_tag","embeddable":true,"href":"https:\/\/schoenstatt.com\/it\/wp-json\/wp\/v2\/tags?post=69022"}],"curies":[{"name":"wp","href":"https:\/\/api.w.org\/{rel}","templated":true}]}}