{"id":68987,"date":"2026-03-12T15:14:02","date_gmt":"2026-03-12T14:14:02","guid":{"rendered":"https:\/\/schoenstatt.com\/?p=68987"},"modified":"2026-03-13T13:19:43","modified_gmt":"2026-03-13T12:19:43","slug":"a-guadalupe-schoenstatt-e-presente-al-congresso-teologico-pastorale","status":"publish","type":"post","link":"https:\/\/schoenstatt.com\/it\/a-guadalupe-schoenstatt-e-presente-al-congresso-teologico-pastorale\/","title":{"rendered":"A Guadalupe: Schoenstatt \u00e8 presente al Congresso Teologico-Pastorale"},"content":{"rendered":"\n<p>Dal 24 al 26 febbraio 2026 si \u00e8 svolto a Citt\u00e0 del Messico il Congresso Teologico-Pastorale sull\u2019Evento Guadalupano, convocato dalla <a href=\"https:\/\/www.vatican.va\/content\/romancuria\/it\/pontificie-commissioni\/pontificia-america-latina\/profilo.html\" target=\"_blank\" rel=\"noreferrer noopener\">Pontificia Commissione per l&#8217;America Latina<\/a>, dalla <a href=\"https:\/\/cem.org.mx\/\" target=\"_blank\" rel=\"noreferrer noopener\">Conferenza Episcopale Messicana<\/a> e dalla <a href=\"https:\/\/www.pami.info\/\" target=\"_blank\" rel=\"noreferrer noopener\">Pontificia Accademia Mariana Internazionale<\/a>, come parte della preparazione al Giubileo Guadalupano del 2031.<\/p>\n\n\n\n<p>Il congresso ha riunito vescovi, teologi, persone consacrate e operatori pastorali provenienti da tutto il continente per approfondire il significato dell\u2019Evento Guadalupano come paradigma di evangelizzazione nella cultura e come luce per le sfide attuali che la Chiesa affronta in America.<\/p>\n\n\n\n<div style=\"height:22px\" aria-hidden=\"true\" class=\"wp-block-spacer\"><\/div>\n\n\n\n<h2 class=\"wp-block-heading has-medium-font-size\" id=\"h-la-partecipazione-di-schoenstatt\">La partecipazione di Schoenstatt<\/h2>\n\n\n\n<div style=\"height:12px\" aria-hidden=\"true\" class=\"wp-block-spacer\"><\/div>\n\n\n\n<figure class=\"wp-block-image aligncenter size-full\"><img decoding=\"async\" src=\"https:\/\/schoenstatt.com\/wp-content\/uploads\/2026\/03\/Hna-Katia-P-Alexandre.webp\" alt=\"\" class=\"wp-image-68922\"\/><\/figure>\n\n\n\n<div style=\"height:22px\" aria-hidden=\"true\" class=\"wp-block-spacer\"><\/div>\n\n\n\n<p>Il Movimento Apostolico di Schoenstatt \u00e8 stato rappresentato da <strong>Sr. M. Kathia Mart\u00ednez, Coordinatrice Continentale<\/strong>, che ha partecipato attivamente agli spazi di riflessione pastorale, e da <strong>p. Alexandre Awi Mello, attuale Superiore Generale dell\u2019Istituto dei Padri di Schoenstatt e Presidente del Presidium Internazionale di Schoenstatt<\/strong>, che ha tenuto una relazione durante il congresso. Questo intervento ha rappresentato una chiara conferma che, a partire dalla spiritualit\u00e0 <a href=\"https:\/\/schoenstatt.com\/it\/la-nostra-spiritualita\/alleanza-damore\/\">dell\u2019Alleanza d\u2019Amore<\/a>, possiamo offrire un contributo profondamente mariano, pedagogico e missionario, in piena sintonia con il cuore dell\u2019evento guadalupano.<\/p>\n\n\n\n<p>La presenza di Schoenstatt \u00e8 stata un\u2019espressione concreta della nostra responsabilit\u00e0 ecclesiale e del nostro impegno nella missione continentale.<\/p>\n\n\n\n<div style=\"height:22px\" aria-hidden=\"true\" class=\"wp-block-spacer\"><\/div>\n\n\n\n<h2 class=\"wp-block-heading has-medium-font-size\" id=\"h-chiavi-teologiche-e-pastorali-del-congresso\">Chiavi teologiche e pastorali del Congresso<\/h2>\n\n\n\n<div style=\"height:9px\" aria-hidden=\"true\" class=\"wp-block-spacer\"><\/div>\n\n\n\n<p>Tra i temi che hanno segnato le riflessioni, evidenziamo:<\/p>\n\n\n\n<div style=\"height:16px\" aria-hidden=\"true\" class=\"wp-block-spacer\"><\/div>\n\n\n\n<div class=\"wp-block-media-text has-media-on-the-right is-stacked-on-mobile\" style=\"grid-template-columns:auto 42%\"><div class=\"wp-block-media-text__content\">\n<p><strong>1. Guadalupe come modello di inculturazione<\/strong><\/p>\n\n\n\n<p>L\u2019evento di Guadalupe \u00e8 stato approfondito come paradigma di evangelizzazione culturalmente integrata: Maria entra nel mondo culturale del popolo, assume il loro linguaggio e i loro simboli e, a partire da l\u00ec, annuncia Cristo. Questa pedagogia rimane decisiva per la missione anche oggi.<\/p>\n<\/div><figure class=\"wp-block-media-text__media\"><img decoding=\"async\" src=\"https:\/\/schoenstatt.com\/wp-content\/uploads\/2026\/03\/Guadalupe-2026.webp\" alt=\"\" class=\"wp-image-68917 size-full\"\/><\/figure><\/div>\n\n\n\n<div style=\"height:10px\" aria-hidden=\"true\" class=\"wp-block-spacer\"><\/div>\n\n\n\n<p><strong>2. Una Chiesa dal volto materno<\/strong><\/p>\n\n\n\n<p>La figura della Beata Maria di Guadalupe \u00e8 stata presentata come espressione del volto materno della Chiesa: vicinanza, tenerezza, dignit\u00e0 per i pi\u00f9 piccoli e capacit\u00e0 di riconciliare in contesti segnati da polarizzazione, migrazione e violenza.<\/p>\n\n\n\n<p><strong>3. Guardando al Giubileo del 2031<\/strong><\/p>\n\n\n\n<p>Il congresso non \u00e8 stato pensato come una semplice riflessione accademica, ma come un impulso pastorale in preparazione al 500\u00ba anniversario delle apparizioni. \u00c8 stato sottolineato che il Giubileo dovr\u00e0 essere un processo spirituale e missionario capace di rinnovare l\u2019evangelizzazione del continente.<\/p>\n\n\n\n<div style=\"height:23px\" aria-hidden=\"true\" class=\"wp-block-spacer\"><\/div>\n\n\n\n<h2 class=\"wp-block-heading has-medium-font-size\" id=\"h-risonanze-che-troviamo-nel-carisma-di-schoenstatt\">Risonanze che troviamo nel carisma di Schoenstatt<\/h2>\n\n\n\n<div style=\"height:26px\" aria-hidden=\"true\" class=\"wp-block-spacer\"><\/div>\n\n\n\n<div class=\"wp-block-media-text is-stacked-on-mobile\"><figure class=\"wp-block-media-text__media\"><img decoding=\"async\" src=\"https:\/\/schoenstatt.com\/wp-content\/uploads\/2026\/03\/Sr-Kathia-Martinez-Guadalupe.webp\" alt=\"\" class=\"wp-image-68932 size-full\"\/><\/figure><div class=\"wp-block-media-text__content\">\n<p>Per Schoenstatt, l\u2019evento di Guadalupe trova una profonda risonanza con il carisma ricevuto da Padre Joseph Kentenich:<\/p>\n\n\n\n<p>\u2022 La pedagogia delle relazioni personali;<br>\u2022 La trasformazione culturale che nasce dal cuore;<br>\u2022 La centralit\u00e0 di Maria come educatrice e formatrice di discepoli missionari;<br>\u2022 La convinzione che Dio agisce nella storia concreta dei popoli.<\/p>\n<\/div><\/div>\n\n\n\n<div style=\"height:25px\" aria-hidden=\"true\" class=\"wp-block-spacer\"><\/div>\n\n\n\n<div style=\"height:23px\" aria-hidden=\"true\" class=\"wp-block-spacer\"><\/div>\n\n\n\n<p>Cos\u00ec come a Guadalupe Maria si manifesta come una Madre vicina che genera un processo storico di fede e di dignit\u00e0, allo stesso modo, nel Santuario di Schoenstatt continua a formare l\u2019uomo nuovo nella comunit\u00e0 nuova. Entrambe le esperienze convergono nella stessa dinamica: Maria come protagonista del rinnovamento spirituale e culturale.<\/p>\n\n\n\n<p>La presentazione di p. Alexandre Awi Mello ha sottolineato proprio questa dimensione missionaria: la necessit\u00e0 di una Chiesa che accompagni i processi, formi i cuori e viva la sinodalit\u00e0 a partire da una profonda identit\u00e0 mariana.<\/p>\n\n\n\n<figure class=\"wp-block-image aligncenter size-full is-resized\"><img decoding=\"async\" src=\"https:\/\/schoenstatt.com\/wp-content\/uploads\/2026\/03\/P-Alexandre-Awi-Mello-Guadalupe-2026.webp\" alt=\"\" class=\"wp-image-68927\" style=\"width:648px;height:auto\"\/><\/figure>\n\n\n\n<h2 class=\"wp-block-heading has-medium-font-size\" id=\"h-un-rinnovato-invio-in-missione\">Un rinnovato invio in missione<\/h2>\n\n\n\n<p>La partecipazione a questo congresso ha confermato per Schoenstatt la chiamata a servire attivamente la Chiesa in America. In comunione con il cammino verso il Giubileo di Guadalupe 2031, rinnoviamo il nostro impegno a collaborare, mettendo a frutto la nostra spiritualit\u00e0 dell\u2019Alleanza, la nostra pedagogia e la nostra esperienza pastorale, al servizio della missione continentale e internazionale.<\/p>\n\n\n\n<p>Guadalupe non \u00e8 soltanto una memoria; \u00e8 un compito. E come Famiglia Internazionale di Schoenstatt vogliamo continuare a dire \u201cS\u00ec\u201d alla missione che Maria affida oggi alla Chiesa.<\/p>\n\n\n\n<p><strong>Traduzione: <\/strong>Eugenio Minici<\/p>\n","protected":false},"excerpt":{"rendered":"<p>Suor M. Kathia Mart\u00ednez e padre Alexandre Awi Mello hanno partecipato al recente Congresso teologico-pastorale tenutosi in Messico.<\/p>\n","protected":false},"author":3,"featured_media":68921,"comment_status":"closed","ping_status":"closed","sticky":false,"template":"","format":"standard","meta":{"footnotes":""},"categories":[863],"tags":[1288,1278],"class_list":["post-68987","post","type-post","status-publish","format-standard","has-post-thumbnail","hentry","category-america-it","tag-america-it","tag-p-alexandre-awi-mello-it"],"yoast_head":"<!-- This site is optimized with the Yoast SEO Premium plugin v27.4 (Yoast SEO v27.5) - https:\/\/yoast.com\/product\/yoast-seo-premium-wordpress\/ -->\n<title>A Guadalupe: Schoenstatt \u00e8 presente al Congresso Teologico-Pastorale<\/title>\n<meta name=\"description\" content=\"Suor M. Kathia Mart\u00ednez e padre Alexandre Awi Mello hanno partecipato al recente Congresso teologico-pastorale tenutosi in Messico.\" \/>\n<meta name=\"robots\" content=\"index, follow, max-snippet:-1, max-image-preview:large, max-video-preview:-1\" \/>\n<link rel=\"canonical\" href=\"https:\/\/schoenstatt.com\/it\/a-guadalupe-schoenstatt-e-presente-al-congresso-teologico-pastorale\/\" \/>\n<meta property=\"og:locale\" content=\"it_IT\" \/>\n<meta property=\"og:type\" content=\"article\" \/>\n<meta property=\"og:title\" content=\"A Guadalupe: Schoenstatt \u00e8 presente al Congresso Teologico-Pastorale\" \/>\n<meta property=\"og:description\" content=\"Suor M. Kathia Mart\u00ednez e padre Alexandre Awi Mello hanno partecipato al recente Congresso teologico-pastorale tenutosi in Messico.\" \/>\n<meta property=\"og:url\" content=\"https:\/\/schoenstatt.com\/it\/a-guadalupe-schoenstatt-e-presente-al-congresso-teologico-pastorale\/\" \/>\n<meta property=\"og:site_name\" content=\"Schoenstatt\" \/>\n<meta property=\"article:published_time\" content=\"2026-03-12T14:14:02+00:00\" \/>\n<meta property=\"article:modified_time\" content=\"2026-03-13T12:19:43+00:00\" \/>\n<meta property=\"og:image\" content=\"https:\/\/schoenstatt.com\/wp-content\/uploads\/2026\/03\/Hna-Katia-P-Alexandre.webp\" \/>\n\t<meta property=\"og:image:width\" content=\"1204\" \/>\n\t<meta property=\"og:image:height\" content=\"745\" \/>\n\t<meta property=\"og:image:type\" content=\"image\/jpeg\" \/>\n<meta name=\"author\" content=\"Karen Bueno\" \/>\n<meta name=\"twitter:card\" content=\"summary_large_image\" \/>\n<meta name=\"twitter:label1\" content=\"Scritto da\" \/>\n\t<meta name=\"twitter:data1\" content=\"Karen Bueno\" \/>\n\t<meta name=\"twitter:label2\" content=\"Tempo di lettura stimato\" \/>\n\t<meta name=\"twitter:data2\" content=\"5 minuti\" \/>\n<script type=\"application\/ld+json\" class=\"yoast-schema-graph\">{\"@context\":\"https:\\\/\\\/schema.org\",\"@graph\":[{\"@type\":\"Article\",\"@id\":\"https:\\\/\\\/schoenstatt.com\\\/it\\\/a-guadalupe-schoenstatt-e-presente-al-congresso-teologico-pastorale\\\/#article\",\"isPartOf\":{\"@id\":\"https:\\\/\\\/schoenstatt.com\\\/it\\\/a-guadalupe-schoenstatt-e-presente-al-congresso-teologico-pastorale\\\/\"},\"author\":{\"name\":\"Karen Bueno\",\"@id\":\"https:\\\/\\\/schoenstatt.com\\\/it\\\/#\\\/schema\\\/person\\\/5158877ad4acae98b34daaeef2a1ce6e\"},\"headline\":\"A Guadalupe: Schoenstatt \u00e8 presente al Congresso Teologico-Pastorale\",\"datePublished\":\"2026-03-12T14:14:02+00:00\",\"dateModified\":\"2026-03-13T12:19:43+00:00\",\"mainEntityOfPage\":{\"@id\":\"https:\\\/\\\/schoenstatt.com\\\/it\\\/a-guadalupe-schoenstatt-e-presente-al-congresso-teologico-pastorale\\\/\"},\"wordCount\":585,\"publisher\":{\"@id\":\"https:\\\/\\\/schoenstatt.com\\\/it\\\/#organization\"},\"image\":{\"@id\":\"https:\\\/\\\/schoenstatt.com\\\/it\\\/a-guadalupe-schoenstatt-e-presente-al-congresso-teologico-pastorale\\\/#primaryimage\"},\"thumbnailUrl\":\"https:\\\/\\\/schoenstatt.com\\\/wp-content\\\/uploads\\\/2026\\\/03\\\/Hna-Katia-P-Alexandre.webp\",\"keywords\":[\"America\",\"P. Alexandre Awi Mello\"],\"articleSection\":[\"America\"],\"inLanguage\":\"it-IT\"},{\"@type\":\"WebPage\",\"@id\":\"https:\\\/\\\/schoenstatt.com\\\/it\\\/a-guadalupe-schoenstatt-e-presente-al-congresso-teologico-pastorale\\\/\",\"url\":\"https:\\\/\\\/schoenstatt.com\\\/it\\\/a-guadalupe-schoenstatt-e-presente-al-congresso-teologico-pastorale\\\/\",\"name\":\"A Guadalupe: Schoenstatt \u00e8 presente al Congresso Teologico-Pastorale\",\"isPartOf\":{\"@id\":\"https:\\\/\\\/schoenstatt.com\\\/it\\\/#website\"},\"primaryImageOfPage\":{\"@id\":\"https:\\\/\\\/schoenstatt.com\\\/it\\\/a-guadalupe-schoenstatt-e-presente-al-congresso-teologico-pastorale\\\/#primaryimage\"},\"image\":{\"@id\":\"https:\\\/\\\/schoenstatt.com\\\/it\\\/a-guadalupe-schoenstatt-e-presente-al-congresso-teologico-pastorale\\\/#primaryimage\"},\"thumbnailUrl\":\"https:\\\/\\\/schoenstatt.com\\\/wp-content\\\/uploads\\\/2026\\\/03\\\/Hna-Katia-P-Alexandre.webp\",\"datePublished\":\"2026-03-12T14:14:02+00:00\",\"dateModified\":\"2026-03-13T12:19:43+00:00\",\"description\":\"Suor M. Kathia Mart\u00ednez e padre Alexandre Awi Mello hanno partecipato al recente Congresso teologico-pastorale tenutosi in Messico.\",\"breadcrumb\":{\"@id\":\"https:\\\/\\\/schoenstatt.com\\\/it\\\/a-guadalupe-schoenstatt-e-presente-al-congresso-teologico-pastorale\\\/#breadcrumb\"},\"inLanguage\":\"it-IT\",\"potentialAction\":[{\"@type\":\"ReadAction\",\"target\":[\"https:\\\/\\\/schoenstatt.com\\\/it\\\/a-guadalupe-schoenstatt-e-presente-al-congresso-teologico-pastorale\\\/\"]}]},{\"@type\":\"ImageObject\",\"inLanguage\":\"it-IT\",\"@id\":\"https:\\\/\\\/schoenstatt.com\\\/it\\\/a-guadalupe-schoenstatt-e-presente-al-congresso-teologico-pastorale\\\/#primaryimage\",\"url\":\"https:\\\/\\\/schoenstatt.com\\\/wp-content\\\/uploads\\\/2026\\\/03\\\/Hna-Katia-P-Alexandre.webp\",\"contentUrl\":\"https:\\\/\\\/schoenstatt.com\\\/wp-content\\\/uploads\\\/2026\\\/03\\\/Hna-Katia-P-Alexandre.webp\",\"width\":1204,\"height\":745},{\"@type\":\"BreadcrumbList\",\"@id\":\"https:\\\/\\\/schoenstatt.com\\\/it\\\/a-guadalupe-schoenstatt-e-presente-al-congresso-teologico-pastorale\\\/#breadcrumb\",\"itemListElement\":[{\"@type\":\"ListItem\",\"position\":1,\"name\":\"Portada\",\"item\":\"https:\\\/\\\/schoenstatt.com\\\/it\\\/home\\\/\"},{\"@type\":\"ListItem\",\"position\":2,\"name\":\"A Guadalupe: Schoenstatt \u00e8 presente al Congresso Teologico-Pastorale\"}]},{\"@type\":\"WebSite\",\"@id\":\"https:\\\/\\\/schoenstatt.com\\\/it\\\/#website\",\"url\":\"https:\\\/\\\/schoenstatt.com\\\/it\\\/\",\"name\":\"Schoenstatt\",\"description\":\"Apostolic Movement\",\"publisher\":{\"@id\":\"https:\\\/\\\/schoenstatt.com\\\/it\\\/#organization\"},\"potentialAction\":[{\"@type\":\"SearchAction\",\"target\":{\"@type\":\"EntryPoint\",\"urlTemplate\":\"https:\\\/\\\/schoenstatt.com\\\/it\\\/?s={search_term_string}\"},\"query-input\":{\"@type\":\"PropertyValueSpecification\",\"valueRequired\":true,\"valueName\":\"search_term_string\"}}],\"inLanguage\":\"it-IT\"},{\"@type\":\"Organization\",\"@id\":\"https:\\\/\\\/schoenstatt.com\\\/it\\\/#organization\",\"name\":\"Schoenstatt\",\"url\":\"https:\\\/\\\/schoenstatt.com\\\/it\\\/\",\"logo\":{\"@type\":\"ImageObject\",\"inLanguage\":\"it-IT\",\"@id\":\"https:\\\/\\\/schoenstatt.com\\\/it\\\/#\\\/schema\\\/logo\\\/image\\\/\",\"url\":\"https:\\\/\\\/schoenstatt.com\\\/wp-content\\\/uploads\\\/2025\\\/04\\\/logo-schoenstatt-white-696x696-1.png\",\"contentUrl\":\"https:\\\/\\\/schoenstatt.com\\\/wp-content\\\/uploads\\\/2025\\\/04\\\/logo-schoenstatt-white-696x696-1.png\",\"width\":696,\"height\":694,\"caption\":\"Schoenstatt\"},\"image\":{\"@id\":\"https:\\\/\\\/schoenstatt.com\\\/it\\\/#\\\/schema\\\/logo\\\/image\\\/\"}},{\"@type\":\"Person\",\"@id\":\"https:\\\/\\\/schoenstatt.com\\\/it\\\/#\\\/schema\\\/person\\\/5158877ad4acae98b34daaeef2a1ce6e\",\"name\":\"Karen Bueno\",\"image\":{\"@type\":\"ImageObject\",\"inLanguage\":\"it-IT\",\"@id\":\"https:\\\/\\\/secure.gravatar.com\\\/avatar\\\/f9f4b823873154269d2b2130f195f6d41037dd0d7fc5f3cacb5c846bae70d66b?s=96&d=mm&r=g\",\"url\":\"https:\\\/\\\/secure.gravatar.com\\\/avatar\\\/f9f4b823873154269d2b2130f195f6d41037dd0d7fc5f3cacb5c846bae70d66b?s=96&d=mm&r=g\",\"contentUrl\":\"https:\\\/\\\/secure.gravatar.com\\\/avatar\\\/f9f4b823873154269d2b2130f195f6d41037dd0d7fc5f3cacb5c846bae70d66b?s=96&d=mm&r=g\",\"caption\":\"Karen Bueno\"},\"url\":\"https:\\\/\\\/schoenstatt.com\\\/it\\\/author\\\/karen-bueno\\\/\"}]}<\/script>\n<!-- \/ Yoast SEO Premium plugin. -->","yoast_head_json":{"title":"A Guadalupe: Schoenstatt \u00e8 presente al Congresso Teologico-Pastorale","description":"Suor M. Kathia Mart\u00ednez e padre Alexandre Awi Mello hanno partecipato al recente Congresso teologico-pastorale tenutosi in Messico.","robots":{"index":"index","follow":"follow","max-snippet":"max-snippet:-1","max-image-preview":"max-image-preview:large","max-video-preview":"max-video-preview:-1"},"canonical":"https:\/\/schoenstatt.com\/it\/a-guadalupe-schoenstatt-e-presente-al-congresso-teologico-pastorale\/","og_locale":"it_IT","og_type":"article","og_title":"A Guadalupe: Schoenstatt \u00e8 presente al Congresso Teologico-Pastorale","og_description":"Suor M. Kathia Mart\u00ednez e padre Alexandre Awi Mello hanno partecipato al recente Congresso teologico-pastorale tenutosi in Messico.","og_url":"https:\/\/schoenstatt.com\/it\/a-guadalupe-schoenstatt-e-presente-al-congresso-teologico-pastorale\/","og_site_name":"Schoenstatt","article_published_time":"2026-03-12T14:14:02+00:00","article_modified_time":"2026-03-13T12:19:43+00:00","og_image":[{"width":1204,"height":745,"url":"https:\/\/schoenstatt.com\/wp-content\/uploads\/2026\/03\/Hna-Katia-P-Alexandre.webp","type":"image\/jpeg"}],"author":"Karen Bueno","twitter_card":"summary_large_image","twitter_misc":{"Scritto da":"Karen Bueno","Tempo di lettura stimato":"5 minuti"},"schema":{"@context":"https:\/\/schema.org","@graph":[{"@type":"Article","@id":"https:\/\/schoenstatt.com\/it\/a-guadalupe-schoenstatt-e-presente-al-congresso-teologico-pastorale\/#article","isPartOf":{"@id":"https:\/\/schoenstatt.com\/it\/a-guadalupe-schoenstatt-e-presente-al-congresso-teologico-pastorale\/"},"author":{"name":"Karen Bueno","@id":"https:\/\/schoenstatt.com\/it\/#\/schema\/person\/5158877ad4acae98b34daaeef2a1ce6e"},"headline":"A Guadalupe: Schoenstatt \u00e8 presente al Congresso Teologico-Pastorale","datePublished":"2026-03-12T14:14:02+00:00","dateModified":"2026-03-13T12:19:43+00:00","mainEntityOfPage":{"@id":"https:\/\/schoenstatt.com\/it\/a-guadalupe-schoenstatt-e-presente-al-congresso-teologico-pastorale\/"},"wordCount":585,"publisher":{"@id":"https:\/\/schoenstatt.com\/it\/#organization"},"image":{"@id":"https:\/\/schoenstatt.com\/it\/a-guadalupe-schoenstatt-e-presente-al-congresso-teologico-pastorale\/#primaryimage"},"thumbnailUrl":"https:\/\/schoenstatt.com\/wp-content\/uploads\/2026\/03\/Hna-Katia-P-Alexandre.webp","keywords":["America","P. Alexandre Awi Mello"],"articleSection":["America"],"inLanguage":"it-IT"},{"@type":"WebPage","@id":"https:\/\/schoenstatt.com\/it\/a-guadalupe-schoenstatt-e-presente-al-congresso-teologico-pastorale\/","url":"https:\/\/schoenstatt.com\/it\/a-guadalupe-schoenstatt-e-presente-al-congresso-teologico-pastorale\/","name":"A Guadalupe: Schoenstatt \u00e8 presente al Congresso Teologico-Pastorale","isPartOf":{"@id":"https:\/\/schoenstatt.com\/it\/#website"},"primaryImageOfPage":{"@id":"https:\/\/schoenstatt.com\/it\/a-guadalupe-schoenstatt-e-presente-al-congresso-teologico-pastorale\/#primaryimage"},"image":{"@id":"https:\/\/schoenstatt.com\/it\/a-guadalupe-schoenstatt-e-presente-al-congresso-teologico-pastorale\/#primaryimage"},"thumbnailUrl":"https:\/\/schoenstatt.com\/wp-content\/uploads\/2026\/03\/Hna-Katia-P-Alexandre.webp","datePublished":"2026-03-12T14:14:02+00:00","dateModified":"2026-03-13T12:19:43+00:00","description":"Suor M. Kathia Mart\u00ednez e padre Alexandre Awi Mello hanno partecipato al recente Congresso teologico-pastorale tenutosi in Messico.","breadcrumb":{"@id":"https:\/\/schoenstatt.com\/it\/a-guadalupe-schoenstatt-e-presente-al-congresso-teologico-pastorale\/#breadcrumb"},"inLanguage":"it-IT","potentialAction":[{"@type":"ReadAction","target":["https:\/\/schoenstatt.com\/it\/a-guadalupe-schoenstatt-e-presente-al-congresso-teologico-pastorale\/"]}]},{"@type":"ImageObject","inLanguage":"it-IT","@id":"https:\/\/schoenstatt.com\/it\/a-guadalupe-schoenstatt-e-presente-al-congresso-teologico-pastorale\/#primaryimage","url":"https:\/\/schoenstatt.com\/wp-content\/uploads\/2026\/03\/Hna-Katia-P-Alexandre.webp","contentUrl":"https:\/\/schoenstatt.com\/wp-content\/uploads\/2026\/03\/Hna-Katia-P-Alexandre.webp","width":1204,"height":745},{"@type":"BreadcrumbList","@id":"https:\/\/schoenstatt.com\/it\/a-guadalupe-schoenstatt-e-presente-al-congresso-teologico-pastorale\/#breadcrumb","itemListElement":[{"@type":"ListItem","position":1,"name":"Portada","item":"https:\/\/schoenstatt.com\/it\/home\/"},{"@type":"ListItem","position":2,"name":"A Guadalupe: Schoenstatt \u00e8 presente al Congresso Teologico-Pastorale"}]},{"@type":"WebSite","@id":"https:\/\/schoenstatt.com\/it\/#website","url":"https:\/\/schoenstatt.com\/it\/","name":"Schoenstatt","description":"Apostolic Movement","publisher":{"@id":"https:\/\/schoenstatt.com\/it\/#organization"},"potentialAction":[{"@type":"SearchAction","target":{"@type":"EntryPoint","urlTemplate":"https:\/\/schoenstatt.com\/it\/?s={search_term_string}"},"query-input":{"@type":"PropertyValueSpecification","valueRequired":true,"valueName":"search_term_string"}}],"inLanguage":"it-IT"},{"@type":"Organization","@id":"https:\/\/schoenstatt.com\/it\/#organization","name":"Schoenstatt","url":"https:\/\/schoenstatt.com\/it\/","logo":{"@type":"ImageObject","inLanguage":"it-IT","@id":"https:\/\/schoenstatt.com\/it\/#\/schema\/logo\/image\/","url":"https:\/\/schoenstatt.com\/wp-content\/uploads\/2025\/04\/logo-schoenstatt-white-696x696-1.png","contentUrl":"https:\/\/schoenstatt.com\/wp-content\/uploads\/2025\/04\/logo-schoenstatt-white-696x696-1.png","width":696,"height":694,"caption":"Schoenstatt"},"image":{"@id":"https:\/\/schoenstatt.com\/it\/#\/schema\/logo\/image\/"}},{"@type":"Person","@id":"https:\/\/schoenstatt.com\/it\/#\/schema\/person\/5158877ad4acae98b34daaeef2a1ce6e","name":"Karen Bueno","image":{"@type":"ImageObject","inLanguage":"it-IT","@id":"https:\/\/secure.gravatar.com\/avatar\/f9f4b823873154269d2b2130f195f6d41037dd0d7fc5f3cacb5c846bae70d66b?s=96&d=mm&r=g","url":"https:\/\/secure.gravatar.com\/avatar\/f9f4b823873154269d2b2130f195f6d41037dd0d7fc5f3cacb5c846bae70d66b?s=96&d=mm&r=g","contentUrl":"https:\/\/secure.gravatar.com\/avatar\/f9f4b823873154269d2b2130f195f6d41037dd0d7fc5f3cacb5c846bae70d66b?s=96&d=mm&r=g","caption":"Karen Bueno"},"url":"https:\/\/schoenstatt.com\/it\/author\/karen-bueno\/"}]}},"_links":{"self":[{"href":"https:\/\/schoenstatt.com\/it\/wp-json\/wp\/v2\/posts\/68987","targetHints":{"allow":["GET"]}}],"collection":[{"href":"https:\/\/schoenstatt.com\/it\/wp-json\/wp\/v2\/posts"}],"about":[{"href":"https:\/\/schoenstatt.com\/it\/wp-json\/wp\/v2\/types\/post"}],"author":[{"embeddable":true,"href":"https:\/\/schoenstatt.com\/it\/wp-json\/wp\/v2\/users\/3"}],"replies":[{"embeddable":true,"href":"https:\/\/schoenstatt.com\/it\/wp-json\/wp\/v2\/comments?post=68987"}],"version-history":[{"count":5,"href":"https:\/\/schoenstatt.com\/it\/wp-json\/wp\/v2\/posts\/68987\/revisions"}],"predecessor-version":[{"id":68992,"href":"https:\/\/schoenstatt.com\/it\/wp-json\/wp\/v2\/posts\/68987\/revisions\/68992"}],"wp:featuredmedia":[{"embeddable":true,"href":"https:\/\/schoenstatt.com\/it\/wp-json\/wp\/v2\/media\/68921"}],"wp:attachment":[{"href":"https:\/\/schoenstatt.com\/it\/wp-json\/wp\/v2\/media?parent=68987"}],"wp:term":[{"taxonomy":"category","embeddable":true,"href":"https:\/\/schoenstatt.com\/it\/wp-json\/wp\/v2\/categories?post=68987"},{"taxonomy":"post_tag","embeddable":true,"href":"https:\/\/schoenstatt.com\/it\/wp-json\/wp\/v2\/tags?post=68987"}],"curies":[{"name":"wp","href":"https:\/\/api.w.org\/{rel}","templated":true}]}}