{"id":68908,"date":"2026-03-05T06:00:00","date_gmt":"2026-03-05T05:00:00","guid":{"rendered":"https:\/\/schoenstatt.com\/?p=68908"},"modified":"2026-03-11T16:04:04","modified_gmt":"2026-03-11T15:04:04","slug":"cambio-di-vita-e-coraggio-di-osare-la-mia-vocazione-come-fratello-di-maria","status":"publish","type":"post","link":"https:\/\/schoenstatt.com\/it\/cambio-di-vita-e-coraggio-di-osare-la-mia-vocazione-come-fratello-di-maria\/","title":{"rendered":"Cambio di vita e coraggio di osare: la mia vocazione come Fratello di Maria"},"content":{"rendered":"\n<p>Nello spirito della Famiglia Internazionale, dedichiamo il primo gioved\u00ec di ogni mese alla \u201cpreghiera per le vocazioni\u201d. Questo marzo ascolteremo la testimonianza di <strong>Ignacio Suazo<\/strong>, membro dell\u2019Istituto Secolare dei Fratelli di Maria di Schoenstatt.<\/p>\n\n\n\n<p>\u00c8 cileno e fa parte della comunit\u00e0 da tre anni.<\/p>\n\n\n\n<p>I <a href=\"https:\/\/schoenstatt.com\/it\/nella-comunita\/uomini\/fratelli-di-maria\/\">Fratelli di Maria<\/a> formano una comunit\u00e0 di laici consacrati che desiderano servire la societ\u00e0 attraverso le diverse professioni che svolgono, come l\u2019ingegneria, l\u2019educazione, l\u2019arte e il diritto. Portano sempre in s\u00e9 e nelle loro azioni il segno dell\u2019Alleanza d\u2019Amore, a immagine di Cristo, formato da Maria.<\/p>\n\n\n\n<p>Scopri di pi\u00f9 sul percorso di discernimento di Ignacio e ricordati di pregare per le nostre vocazioni:<\/p>\n\n\n\n<div style=\"height:35px\" aria-hidden=\"true\" class=\"wp-block-spacer\"><\/div>\n\n\n\n<hr class=\"wp-block-separator has-text-color has-alpha-channel-opacity has-background\" style=\"background-color:#e58642;color:#e58642\"\/>\n\n\n\n<div style=\"height:32px\" aria-hidden=\"true\" class=\"wp-block-spacer\"><\/div>\n\n\n\n<p>Non so dire quando ho sentito parlare per la prima volta dei Fratelli di Maria. Ricordo di aver partecipato, a 17 o 18 anni, a un incontro su Mario Hiriart, tenuto da Pedro M. Dillinger. Non ricordo cosa sia stato detto in quell\u2019occasione, ma ricordo bene di essere tornato a casa pieno di una profonda emozione, di sogni e di progetti. Certamente non collegavo nulla di tutto questo a una chiamata alla comunit\u00e0. Quella sarebbe arrivata molto pi\u00f9 tardi.<\/p>\n\n\n\n<p>Un passo consapevole, invece, avvenne nel 2005 con la Giornata Mondiale della Giovent\u00f9 a Colonia. Ero all\u2019ultimo anno di liceo e, anche se vedevo la possibilit\u00e0 di andare all\u2019universit\u00e0, non sapevo cosa studiare. Una novena che trovai \u201cper caso\u201d su suor M. Emilie Engel mi port\u00f2 a chiederle di aiutarmi a superare la paura dell\u2019incertezza e a prendere una decisione libera. E lei \u2014 fedele com\u2019\u00e8 \u2014 fece la sua parte: durante una preghiera molto speciale nel Santuario Originale capii che la mia passione per il mondo della politica era un dono e un compito. E, con l\u2019ispirazione della Madonna, decisi di studiare sociologia per poter un giorno servire il mio Paese nel servizio pubblico.<\/p>\n\n\n\n<div style=\"height:25px\" aria-hidden=\"true\" class=\"wp-block-spacer\"><\/div>\n\n\n\n<figure class=\"wp-block-image aligncenter size-full\"><img fetchpriority=\"high\" decoding=\"async\" width=\"1280\" height=\"960\" src=\"https:\/\/schoenstatt.com\/wp-content\/uploads\/2026\/03\/Ignacio-Suazo.webp\" alt=\"\" class=\"wp-image-68760\" srcset=\"https:\/\/schoenstatt.com\/wp-content\/uploads\/2026\/03\/Ignacio-Suazo.webp 1280w, https:\/\/schoenstatt.com\/wp-content\/uploads\/2026\/03\/Ignacio-Suazo-768x576.webp 768w\" sizes=\"(max-width: 1280px) 100vw, 1280px\" \/><\/figure>\n\n\n\n<div style=\"height:29px\" aria-hidden=\"true\" class=\"wp-block-spacer\"><\/div>\n\n\n\n<h2 class=\"wp-block-heading has-medium-font-size\" id=\"h-dio-ha-bisogno-di-laici-che-aspirino-alla-santita\">Dio ha bisogno di laici che aspirino alla santit\u00e0<\/h2>\n\n\n\n<p>Quell\u2019esperienza fu, a lungo andare, decisiva: durante gli anni dell\u2019universit\u00e0, Dio mi permise di comprendere e di amare in modo molto privilegiato la famiglia fondata dal nostro Padre Joseph Kentenich. Per questo pensai molto seriamente di entrare nei Padri di Schoenstatt. Tuttavia, questo dono che la Madonna e suor M. Emilie mi avevano fatto divenne col tempo una certezza: Dio ha bisogno di laici che aspirino alla santit\u00e0 con la stessa seriet\u00e0 di un sacerdote. E, certamente, ha bisogno di loro anche nella sfera pubblica.<\/p>\n\n\n\n<p>Il passo successivo fu conoscere seriamente <strong>Mario Hiriart.<\/strong> La donna che allora era postulatrice della sua causa di canonizzazione mi diede, dopo una visita a casa sua, il libro Biografia in corpo e anima di Isabel Gonz\u00e1lez. Mario seppe mettere in parole e in ordine molte delle intuizioni che avevo in quel periodo. Allo stesso tempo, mi riconobbi in molti dei problemi che egli aveva: la difficolt\u00e0 di trovare tempo per pregare e scrivere, l\u2019impotenza di voler fare di pi\u00f9 per Schoenstatt o per gli altri ma non riuscirci, la tensione sul prendere o meno un nuovo apostolato, e una lunga lista di altre cose.<\/p>\n\n\n\n<figure class=\"wp-block-pullquote has-medium-font-size\" style=\"border-top-color:var(--wp--preset--color--luminous-vivid-orange);border-top-style:solid;border-top-width:1px;border-bottom-color:var(--wp--preset--color--luminous-vivid-orange);border-bottom-style:solid;border-bottom-width:1px;font-style:italic;font-weight:300\"><blockquote><p>Ricordo una notte in cui chiusi il libro e dissi ad alta voce:<br>\u201cSe quest\u2019uomo \u00e8 diventato santo in questo modo, allora posso diventarlo anch\u2019io\u201d.<\/p><\/blockquote><\/figure>\n\n\n\n<div style=\"height:40px\" aria-hidden=\"true\" class=\"wp-block-spacer\"><\/div>\n\n\n\n<h2 class=\"wp-block-heading has-medium-font-size\" id=\"h-ho-rotto-con-la-mia-ragazza-e-ho-deciso-di-cambiare-vita\">\u00abHo rotto con la mia ragazza e ho deciso di cambiare vita\u2026\u00bb<\/h2>\n\n\n\n<p>A 30 anni mi sono reso conto che dovevo cambiare qualcosa. Ho rotto con la mia ragazza di allora (una donna straordinaria) e ho deciso di dare una svolta alla mia vita\u2026 o meglio, \u00e8 stato Dio a farlo. Poche settimane dopo aver concluso quella relazione, ho incontrato Jaime, un amico dell\u2019universit\u00e0 che aveva trovato Dio vivendo a La Bandera, un quartiere a sud di Santiago, in una semplice casa di legno. Andai a vivere con lui e vi rimasi per sei anni. In quel luogo, nel corso degli anni, ho potuto dare un nome alla mia vocazione. Laico? S\u00ec, ma cercando di donare il mio cuore interamente a Dio.<\/p>\n\n\n\n<p>Ero immensamente felice a La Bandera e avrei potuto restarci per il resto della mia vita. Ma parlando con il mio direttore spirituale \u00e8 emersa una domanda: se sembra che tu abbia la chiamata e le qualit\u00e0, perch\u00e9 non vivere questa vocazione a Schoenstatt? Durante tutto quel tempo ero rimasto attivo nel Movimento: era stato, e rimaneva, il mio primo grande amore. Cos\u00ec decisi, come Teresa di Lisieux, di dire: \u00abVoglio tutto\u00bb. No: prima di tutto non i miei progetti politici o sociali. N\u00e9 i miei gusti o le mie preferenze. Tutto questo va bene, ma \u00e8 Maria che deve mostrare che cosa, come e quando. E se, a 35 anni, fossi stato accolto nella comunit\u00e0 dei Fratelli di Maria, la risposta sarebbe stata chiara: quella \u00e8 la strada che Dio vuole che tu segua.<\/p>\n\n\n\n<p>Sono passati tre anni da quel momento e posso solo ringraziare la nostra Madre per il dono di appartenere a questa comunit\u00e0. Il cammino \u00e8 stato costellato di dubbi, sfide e incertezze (potrebbe essere altrimenti?), ma lei ha guidato i miei passi con una mano gentile e sicura.<\/p>\n\n\n\n<p><strong>Traduzione: <\/strong>Eugenio Minici<\/p>\n","protected":false},"excerpt":{"rendered":"<p>Nello spirito della Famiglia Internazionale, dedichiamo il primo gioved\u00ec di ogni mese alla \u201cpreghiera per le vocazioni\u201d.<\/p>\n","protected":false},"author":3,"featured_media":68762,"comment_status":"closed","ping_status":"closed","sticky":false,"template":"","format":"standard","meta":{"footnotes":""},"categories":[358],"tags":[1318],"class_list":["post-68908","post","type-post","status-publish","format-standard","has-post-thumbnail","hentry","category-comunita-di-schoenstatt-it","tag-vocazione"],"yoast_head":"<!-- This site is optimized with the Yoast SEO Premium plugin v27.4 (Yoast SEO v27.5) - https:\/\/yoast.com\/product\/yoast-seo-premium-wordpress\/ -->\n<title>Cambio di vita e coraggio di osare: la mia vocazione come Fratello di Maria<\/title>\n<meta name=\"description\" content=\"Nello spirito della Famiglia Internazionale, dedichiamo il primo gioved\u00ec di ogni mese alla \u201cpreghiera per le vocazioni\u201d.\" \/>\n<meta name=\"robots\" content=\"index, follow, max-snippet:-1, max-image-preview:large, max-video-preview:-1\" \/>\n<link rel=\"canonical\" href=\"https:\/\/schoenstatt.com\/it\/cambio-di-vita-e-coraggio-di-osare-la-mia-vocazione-come-fratello-di-maria\/\" \/>\n<meta property=\"og:locale\" content=\"it_IT\" \/>\n<meta property=\"og:type\" content=\"article\" \/>\n<meta property=\"og:title\" content=\"Cambio di vita e coraggio di osare: la mia vocazione come Fratello di Maria\" \/>\n<meta property=\"og:description\" content=\"Nello spirito della Famiglia Internazionale, dedichiamo il primo gioved\u00ec di ogni mese alla \u201cpreghiera per le vocazioni\u201d.\" \/>\n<meta property=\"og:url\" content=\"https:\/\/schoenstatt.com\/it\/cambio-di-vita-e-coraggio-di-osare-la-mia-vocazione-come-fratello-di-maria\/\" \/>\n<meta property=\"og:site_name\" content=\"Schoenstatt\" \/>\n<meta property=\"article:published_time\" content=\"2026-03-05T05:00:00+00:00\" \/>\n<meta property=\"article:modified_time\" content=\"2026-03-11T15:04:04+00:00\" \/>\n<meta property=\"og:image\" content=\"https:\/\/schoenstatt.com\/wp-content\/uploads\/2026\/03\/Ignacio-Suazo.webp\" \/>\n\t<meta property=\"og:image:width\" content=\"1280\" \/>\n\t<meta property=\"og:image:height\" content=\"960\" \/>\n\t<meta property=\"og:image:type\" content=\"image\/jpeg\" \/>\n<meta name=\"author\" content=\"Karen Bueno\" \/>\n<meta name=\"twitter:card\" content=\"summary_large_image\" \/>\n<meta name=\"twitter:label1\" content=\"Scritto da\" \/>\n\t<meta name=\"twitter:data1\" content=\"Karen Bueno\" \/>\n\t<meta name=\"twitter:label2\" content=\"Tempo di lettura stimato\" \/>\n\t<meta name=\"twitter:data2\" content=\"5 minuti\" \/>\n<script type=\"application\/ld+json\" class=\"yoast-schema-graph\">{\"@context\":\"https:\\\/\\\/schema.org\",\"@graph\":[{\"@type\":\"Article\",\"@id\":\"https:\\\/\\\/schoenstatt.com\\\/it\\\/cambio-di-vita-e-coraggio-di-osare-la-mia-vocazione-come-fratello-di-maria\\\/#article\",\"isPartOf\":{\"@id\":\"https:\\\/\\\/schoenstatt.com\\\/it\\\/cambio-di-vita-e-coraggio-di-osare-la-mia-vocazione-come-fratello-di-maria\\\/\"},\"author\":{\"name\":\"Karen Bueno\",\"@id\":\"https:\\\/\\\/schoenstatt.com\\\/it\\\/#\\\/schema\\\/person\\\/5158877ad4acae98b34daaeef2a1ce6e\"},\"headline\":\"Cambio di vita e coraggio di osare: la mia vocazione come Fratello di Maria\",\"datePublished\":\"2026-03-05T05:00:00+00:00\",\"dateModified\":\"2026-03-11T15:04:04+00:00\",\"mainEntityOfPage\":{\"@id\":\"https:\\\/\\\/schoenstatt.com\\\/it\\\/cambio-di-vita-e-coraggio-di-osare-la-mia-vocazione-come-fratello-di-maria\\\/\"},\"wordCount\":852,\"publisher\":{\"@id\":\"https:\\\/\\\/schoenstatt.com\\\/it\\\/#organization\"},\"image\":{\"@id\":\"https:\\\/\\\/schoenstatt.com\\\/it\\\/cambio-di-vita-e-coraggio-di-osare-la-mia-vocazione-come-fratello-di-maria\\\/#primaryimage\"},\"thumbnailUrl\":\"https:\\\/\\\/schoenstatt.com\\\/wp-content\\\/uploads\\\/2026\\\/03\\\/Ignacio-Suazo.webp\",\"keywords\":[\"Vocazione\"],\"articleSection\":[\"Comunit\u00e0 di Schoenstatt\"],\"inLanguage\":\"it-IT\"},{\"@type\":\"WebPage\",\"@id\":\"https:\\\/\\\/schoenstatt.com\\\/it\\\/cambio-di-vita-e-coraggio-di-osare-la-mia-vocazione-come-fratello-di-maria\\\/\",\"url\":\"https:\\\/\\\/schoenstatt.com\\\/it\\\/cambio-di-vita-e-coraggio-di-osare-la-mia-vocazione-come-fratello-di-maria\\\/\",\"name\":\"Cambio di vita e coraggio di osare: la mia vocazione come Fratello di Maria\",\"isPartOf\":{\"@id\":\"https:\\\/\\\/schoenstatt.com\\\/it\\\/#website\"},\"primaryImageOfPage\":{\"@id\":\"https:\\\/\\\/schoenstatt.com\\\/it\\\/cambio-di-vita-e-coraggio-di-osare-la-mia-vocazione-come-fratello-di-maria\\\/#primaryimage\"},\"image\":{\"@id\":\"https:\\\/\\\/schoenstatt.com\\\/it\\\/cambio-di-vita-e-coraggio-di-osare-la-mia-vocazione-come-fratello-di-maria\\\/#primaryimage\"},\"thumbnailUrl\":\"https:\\\/\\\/schoenstatt.com\\\/wp-content\\\/uploads\\\/2026\\\/03\\\/Ignacio-Suazo.webp\",\"datePublished\":\"2026-03-05T05:00:00+00:00\",\"dateModified\":\"2026-03-11T15:04:04+00:00\",\"description\":\"Nello spirito della Famiglia Internazionale, dedichiamo il primo gioved\u00ec di ogni mese alla \u201cpreghiera per le vocazioni\u201d.\",\"breadcrumb\":{\"@id\":\"https:\\\/\\\/schoenstatt.com\\\/it\\\/cambio-di-vita-e-coraggio-di-osare-la-mia-vocazione-come-fratello-di-maria\\\/#breadcrumb\"},\"inLanguage\":\"it-IT\",\"potentialAction\":[{\"@type\":\"ReadAction\",\"target\":[\"https:\\\/\\\/schoenstatt.com\\\/it\\\/cambio-di-vita-e-coraggio-di-osare-la-mia-vocazione-come-fratello-di-maria\\\/\"]}]},{\"@type\":\"ImageObject\",\"inLanguage\":\"it-IT\",\"@id\":\"https:\\\/\\\/schoenstatt.com\\\/it\\\/cambio-di-vita-e-coraggio-di-osare-la-mia-vocazione-come-fratello-di-maria\\\/#primaryimage\",\"url\":\"https:\\\/\\\/schoenstatt.com\\\/wp-content\\\/uploads\\\/2026\\\/03\\\/Ignacio-Suazo.webp\",\"contentUrl\":\"https:\\\/\\\/schoenstatt.com\\\/wp-content\\\/uploads\\\/2026\\\/03\\\/Ignacio-Suazo.webp\",\"width\":1280,\"height\":960},{\"@type\":\"BreadcrumbList\",\"@id\":\"https:\\\/\\\/schoenstatt.com\\\/it\\\/cambio-di-vita-e-coraggio-di-osare-la-mia-vocazione-come-fratello-di-maria\\\/#breadcrumb\",\"itemListElement\":[{\"@type\":\"ListItem\",\"position\":1,\"name\":\"Portada\",\"item\":\"https:\\\/\\\/schoenstatt.com\\\/it\\\/home\\\/\"},{\"@type\":\"ListItem\",\"position\":2,\"name\":\"Cambio di vita e coraggio di osare: la mia vocazione come Fratello di Maria\"}]},{\"@type\":\"WebSite\",\"@id\":\"https:\\\/\\\/schoenstatt.com\\\/it\\\/#website\",\"url\":\"https:\\\/\\\/schoenstatt.com\\\/it\\\/\",\"name\":\"Schoenstatt\",\"description\":\"Apostolic Movement\",\"publisher\":{\"@id\":\"https:\\\/\\\/schoenstatt.com\\\/it\\\/#organization\"},\"potentialAction\":[{\"@type\":\"SearchAction\",\"target\":{\"@type\":\"EntryPoint\",\"urlTemplate\":\"https:\\\/\\\/schoenstatt.com\\\/it\\\/?s={search_term_string}\"},\"query-input\":{\"@type\":\"PropertyValueSpecification\",\"valueRequired\":true,\"valueName\":\"search_term_string\"}}],\"inLanguage\":\"it-IT\"},{\"@type\":\"Organization\",\"@id\":\"https:\\\/\\\/schoenstatt.com\\\/it\\\/#organization\",\"name\":\"Schoenstatt\",\"url\":\"https:\\\/\\\/schoenstatt.com\\\/it\\\/\",\"logo\":{\"@type\":\"ImageObject\",\"inLanguage\":\"it-IT\",\"@id\":\"https:\\\/\\\/schoenstatt.com\\\/it\\\/#\\\/schema\\\/logo\\\/image\\\/\",\"url\":\"https:\\\/\\\/schoenstatt.com\\\/wp-content\\\/uploads\\\/2025\\\/04\\\/logo-schoenstatt-white-696x696-1.png\",\"contentUrl\":\"https:\\\/\\\/schoenstatt.com\\\/wp-content\\\/uploads\\\/2025\\\/04\\\/logo-schoenstatt-white-696x696-1.png\",\"width\":696,\"height\":694,\"caption\":\"Schoenstatt\"},\"image\":{\"@id\":\"https:\\\/\\\/schoenstatt.com\\\/it\\\/#\\\/schema\\\/logo\\\/image\\\/\"}},{\"@type\":\"Person\",\"@id\":\"https:\\\/\\\/schoenstatt.com\\\/it\\\/#\\\/schema\\\/person\\\/5158877ad4acae98b34daaeef2a1ce6e\",\"name\":\"Karen Bueno\",\"image\":{\"@type\":\"ImageObject\",\"inLanguage\":\"it-IT\",\"@id\":\"https:\\\/\\\/secure.gravatar.com\\\/avatar\\\/f9f4b823873154269d2b2130f195f6d41037dd0d7fc5f3cacb5c846bae70d66b?s=96&d=mm&r=g\",\"url\":\"https:\\\/\\\/secure.gravatar.com\\\/avatar\\\/f9f4b823873154269d2b2130f195f6d41037dd0d7fc5f3cacb5c846bae70d66b?s=96&d=mm&r=g\",\"contentUrl\":\"https:\\\/\\\/secure.gravatar.com\\\/avatar\\\/f9f4b823873154269d2b2130f195f6d41037dd0d7fc5f3cacb5c846bae70d66b?s=96&d=mm&r=g\",\"caption\":\"Karen Bueno\"},\"url\":\"https:\\\/\\\/schoenstatt.com\\\/it\\\/author\\\/karen-bueno\\\/\"}]}<\/script>\n<!-- \/ Yoast SEO Premium plugin. -->","yoast_head_json":{"title":"Cambio di vita e coraggio di osare: la mia vocazione come Fratello di Maria","description":"Nello spirito della Famiglia Internazionale, dedichiamo il primo gioved\u00ec di ogni mese alla \u201cpreghiera per le vocazioni\u201d.","robots":{"index":"index","follow":"follow","max-snippet":"max-snippet:-1","max-image-preview":"max-image-preview:large","max-video-preview":"max-video-preview:-1"},"canonical":"https:\/\/schoenstatt.com\/it\/cambio-di-vita-e-coraggio-di-osare-la-mia-vocazione-come-fratello-di-maria\/","og_locale":"it_IT","og_type":"article","og_title":"Cambio di vita e coraggio di osare: la mia vocazione come Fratello di Maria","og_description":"Nello spirito della Famiglia Internazionale, dedichiamo il primo gioved\u00ec di ogni mese alla \u201cpreghiera per le vocazioni\u201d.","og_url":"https:\/\/schoenstatt.com\/it\/cambio-di-vita-e-coraggio-di-osare-la-mia-vocazione-come-fratello-di-maria\/","og_site_name":"Schoenstatt","article_published_time":"2026-03-05T05:00:00+00:00","article_modified_time":"2026-03-11T15:04:04+00:00","og_image":[{"width":1280,"height":960,"url":"https:\/\/schoenstatt.com\/wp-content\/uploads\/2026\/03\/Ignacio-Suazo.webp","type":"image\/jpeg"}],"author":"Karen Bueno","twitter_card":"summary_large_image","twitter_misc":{"Scritto da":"Karen Bueno","Tempo di lettura stimato":"5 minuti"},"schema":{"@context":"https:\/\/schema.org","@graph":[{"@type":"Article","@id":"https:\/\/schoenstatt.com\/it\/cambio-di-vita-e-coraggio-di-osare-la-mia-vocazione-come-fratello-di-maria\/#article","isPartOf":{"@id":"https:\/\/schoenstatt.com\/it\/cambio-di-vita-e-coraggio-di-osare-la-mia-vocazione-come-fratello-di-maria\/"},"author":{"name":"Karen Bueno","@id":"https:\/\/schoenstatt.com\/it\/#\/schema\/person\/5158877ad4acae98b34daaeef2a1ce6e"},"headline":"Cambio di vita e coraggio di osare: la mia vocazione come Fratello di Maria","datePublished":"2026-03-05T05:00:00+00:00","dateModified":"2026-03-11T15:04:04+00:00","mainEntityOfPage":{"@id":"https:\/\/schoenstatt.com\/it\/cambio-di-vita-e-coraggio-di-osare-la-mia-vocazione-come-fratello-di-maria\/"},"wordCount":852,"publisher":{"@id":"https:\/\/schoenstatt.com\/it\/#organization"},"image":{"@id":"https:\/\/schoenstatt.com\/it\/cambio-di-vita-e-coraggio-di-osare-la-mia-vocazione-come-fratello-di-maria\/#primaryimage"},"thumbnailUrl":"https:\/\/schoenstatt.com\/wp-content\/uploads\/2026\/03\/Ignacio-Suazo.webp","keywords":["Vocazione"],"articleSection":["Comunit\u00e0 di Schoenstatt"],"inLanguage":"it-IT"},{"@type":"WebPage","@id":"https:\/\/schoenstatt.com\/it\/cambio-di-vita-e-coraggio-di-osare-la-mia-vocazione-come-fratello-di-maria\/","url":"https:\/\/schoenstatt.com\/it\/cambio-di-vita-e-coraggio-di-osare-la-mia-vocazione-come-fratello-di-maria\/","name":"Cambio di vita e coraggio di osare: la mia vocazione come Fratello di Maria","isPartOf":{"@id":"https:\/\/schoenstatt.com\/it\/#website"},"primaryImageOfPage":{"@id":"https:\/\/schoenstatt.com\/it\/cambio-di-vita-e-coraggio-di-osare-la-mia-vocazione-come-fratello-di-maria\/#primaryimage"},"image":{"@id":"https:\/\/schoenstatt.com\/it\/cambio-di-vita-e-coraggio-di-osare-la-mia-vocazione-come-fratello-di-maria\/#primaryimage"},"thumbnailUrl":"https:\/\/schoenstatt.com\/wp-content\/uploads\/2026\/03\/Ignacio-Suazo.webp","datePublished":"2026-03-05T05:00:00+00:00","dateModified":"2026-03-11T15:04:04+00:00","description":"Nello spirito della Famiglia Internazionale, dedichiamo il primo gioved\u00ec di ogni mese alla \u201cpreghiera per le vocazioni\u201d.","breadcrumb":{"@id":"https:\/\/schoenstatt.com\/it\/cambio-di-vita-e-coraggio-di-osare-la-mia-vocazione-come-fratello-di-maria\/#breadcrumb"},"inLanguage":"it-IT","potentialAction":[{"@type":"ReadAction","target":["https:\/\/schoenstatt.com\/it\/cambio-di-vita-e-coraggio-di-osare-la-mia-vocazione-come-fratello-di-maria\/"]}]},{"@type":"ImageObject","inLanguage":"it-IT","@id":"https:\/\/schoenstatt.com\/it\/cambio-di-vita-e-coraggio-di-osare-la-mia-vocazione-come-fratello-di-maria\/#primaryimage","url":"https:\/\/schoenstatt.com\/wp-content\/uploads\/2026\/03\/Ignacio-Suazo.webp","contentUrl":"https:\/\/schoenstatt.com\/wp-content\/uploads\/2026\/03\/Ignacio-Suazo.webp","width":1280,"height":960},{"@type":"BreadcrumbList","@id":"https:\/\/schoenstatt.com\/it\/cambio-di-vita-e-coraggio-di-osare-la-mia-vocazione-come-fratello-di-maria\/#breadcrumb","itemListElement":[{"@type":"ListItem","position":1,"name":"Portada","item":"https:\/\/schoenstatt.com\/it\/home\/"},{"@type":"ListItem","position":2,"name":"Cambio di vita e coraggio di osare: la mia vocazione come Fratello di Maria"}]},{"@type":"WebSite","@id":"https:\/\/schoenstatt.com\/it\/#website","url":"https:\/\/schoenstatt.com\/it\/","name":"Schoenstatt","description":"Apostolic Movement","publisher":{"@id":"https:\/\/schoenstatt.com\/it\/#organization"},"potentialAction":[{"@type":"SearchAction","target":{"@type":"EntryPoint","urlTemplate":"https:\/\/schoenstatt.com\/it\/?s={search_term_string}"},"query-input":{"@type":"PropertyValueSpecification","valueRequired":true,"valueName":"search_term_string"}}],"inLanguage":"it-IT"},{"@type":"Organization","@id":"https:\/\/schoenstatt.com\/it\/#organization","name":"Schoenstatt","url":"https:\/\/schoenstatt.com\/it\/","logo":{"@type":"ImageObject","inLanguage":"it-IT","@id":"https:\/\/schoenstatt.com\/it\/#\/schema\/logo\/image\/","url":"https:\/\/schoenstatt.com\/wp-content\/uploads\/2025\/04\/logo-schoenstatt-white-696x696-1.png","contentUrl":"https:\/\/schoenstatt.com\/wp-content\/uploads\/2025\/04\/logo-schoenstatt-white-696x696-1.png","width":696,"height":694,"caption":"Schoenstatt"},"image":{"@id":"https:\/\/schoenstatt.com\/it\/#\/schema\/logo\/image\/"}},{"@type":"Person","@id":"https:\/\/schoenstatt.com\/it\/#\/schema\/person\/5158877ad4acae98b34daaeef2a1ce6e","name":"Karen Bueno","image":{"@type":"ImageObject","inLanguage":"it-IT","@id":"https:\/\/secure.gravatar.com\/avatar\/f9f4b823873154269d2b2130f195f6d41037dd0d7fc5f3cacb5c846bae70d66b?s=96&d=mm&r=g","url":"https:\/\/secure.gravatar.com\/avatar\/f9f4b823873154269d2b2130f195f6d41037dd0d7fc5f3cacb5c846bae70d66b?s=96&d=mm&r=g","contentUrl":"https:\/\/secure.gravatar.com\/avatar\/f9f4b823873154269d2b2130f195f6d41037dd0d7fc5f3cacb5c846bae70d66b?s=96&d=mm&r=g","caption":"Karen Bueno"},"url":"https:\/\/schoenstatt.com\/it\/author\/karen-bueno\/"}]}},"_links":{"self":[{"href":"https:\/\/schoenstatt.com\/it\/wp-json\/wp\/v2\/posts\/68908","targetHints":{"allow":["GET"]}}],"collection":[{"href":"https:\/\/schoenstatt.com\/it\/wp-json\/wp\/v2\/posts"}],"about":[{"href":"https:\/\/schoenstatt.com\/it\/wp-json\/wp\/v2\/types\/post"}],"author":[{"embeddable":true,"href":"https:\/\/schoenstatt.com\/it\/wp-json\/wp\/v2\/users\/3"}],"replies":[{"embeddable":true,"href":"https:\/\/schoenstatt.com\/it\/wp-json\/wp\/v2\/comments?post=68908"}],"version-history":[{"count":3,"href":"https:\/\/schoenstatt.com\/it\/wp-json\/wp\/v2\/posts\/68908\/revisions"}],"predecessor-version":[{"id":68912,"href":"https:\/\/schoenstatt.com\/it\/wp-json\/wp\/v2\/posts\/68908\/revisions\/68912"}],"wp:featuredmedia":[{"embeddable":true,"href":"https:\/\/schoenstatt.com\/it\/wp-json\/wp\/v2\/media\/68762"}],"wp:attachment":[{"href":"https:\/\/schoenstatt.com\/it\/wp-json\/wp\/v2\/media?parent=68908"}],"wp:term":[{"taxonomy":"category","embeddable":true,"href":"https:\/\/schoenstatt.com\/it\/wp-json\/wp\/v2\/categories?post=68908"},{"taxonomy":"post_tag","embeddable":true,"href":"https:\/\/schoenstatt.com\/it\/wp-json\/wp\/v2\/tags?post=68908"}],"curies":[{"name":"wp","href":"https:\/\/api.w.org\/{rel}","templated":true}]}}