{"id":68867,"date":"2026-03-04T06:00:00","date_gmt":"2026-03-04T05:00:00","guid":{"rendered":"https:\/\/schoenstatt.com\/?p=68867"},"modified":"2026-03-06T15:02:47","modified_gmt":"2026-03-06T14:02:47","slug":"missione-e-sfide-del-nuovo-rettore-e-direttore-dei-pellegrinaggi-al-santuario-originale","status":"publish","type":"post","link":"https:\/\/schoenstatt.com\/it\/missione-e-sfide-del-nuovo-rettore-e-direttore-dei-pellegrinaggi-al-santuario-originale\/","title":{"rendered":"Missione e sfide del nuovo rettore e direttore dei pellegrinaggi al Santuario Originale"},"content":{"rendered":"\n<p>P. Stefan Strecker, ISch, \u00e8 stato nominato <a href=\"https:\/\/schoenstatt.com\/it\/nuova-direzione-di-pellegrinaggio-a-schoenstatt-da-agosto-2026\/\">direttore dei pellegrinaggi per il Santuario Originale<\/a> a Vallendar, in Germania. Allo stesso tempo diventer\u00e0 rettore del Santuario Originale, luogo di fondazione del Movimento. Nell\u2019intervista racconta come ha ricevuto questa notizia, quali opportunit\u00e0 vede in questo incarico e qual \u00e8 la sua visione per il futuro.<\/p>\n\n\n\n<div style=\"height:43px\" aria-hidden=\"true\" class=\"wp-block-spacer\"><\/div>\n\n\n\n<hr class=\"wp-block-separator has-text-color has-alpha-channel-opacity has-background\" style=\"background-color:#ec9e66;color:#ec9e66\"\/>\n\n\n\n<div style=\"height:55px\" aria-hidden=\"true\" class=\"wp-block-spacer\"><\/div>\n\n\n\n<h2 class=\"wp-block-heading\" id=\"h-intervista-con-il-nuovo-direttore-dei-pellegrinaggi-internazionali-di-schoenstatt\" style=\"font-size:28px\">Intervista con il nuovo direttore dei Pellegrinaggi Internazionali di Schoenstatt<\/h2>\n\n\n\n<p><strong>Padre Strecker, il 15 agosto sar\u00e0 presentato insieme a Sr. M. Anika L\u00e4mmle dell\u2019Ufficio Pellegrinaggi di Schoenstatt a Vallendar. Qual \u00e8 stato il suo primo pensiero quando le \u00e8 stato proposto di assumere questo incarico?<\/strong><\/p>\n\n\n\n<p>La prima cosa che mi \u00e8 venuta in mente \u00e8 stata che sarei stato ancora pi\u00f9 coinvolto nel cambiamento che stiamo vivendo attualmente come Movimento, soprattutto qui a Schoenstatt, a Vallendar. Naturalmente questo suscita anche una certa apprensione, perch\u00e9 molte cose stanno cambiando. Siamo sempre meno disponibili per i compiti locali. Tuttavia, sono fiducioso quando penso alla disponibilit\u00e0 di tanti che desiderano impegnarsi e contribuire a creare una nuova forma di convivenza e di atmosfera nel luogo \u201cSchoenstatt\u201d.<\/p>\n\n\n\n<div style=\"height:32px\" aria-hidden=\"true\" class=\"wp-block-spacer\"><\/div>\n\n\n\n<p><strong>Per anni hai accompagnato coppie e famiglie in attivit\u00e0, weekend, feste, seminari e viaggi formativi. Sei conosciuto come un \u201cmoderatore delle famiglie con tutto il cuore e con tutta l\u2019anima\u201d. Non \u00e8 difficile per te dire addio, oppure vedi la possibilit\u00e0 di accompagnare le famiglie in altri modi nell\u2019ambito delle tue nuove responsabilit\u00e0?<\/strong><\/p>\n\n\n\n<p>Dire addio \u00e8 molto difficile. Naturalmente spero che molte delle coppie e delle famiglie che conosco continueranno a visitare Schoenstatt, magari per la Festa delle Famiglie nel 2027. Tuttavia, credo che anche la natura della mia relazione con loro cambier\u00e0. Sar\u00f2 presente in questo luogo di grazia semplicemente a nome delle tante coppie e famiglie del nostro Lavoro delle Famiglie, portandole nella preghiera davanti a Dio e alla Madre di Dio. Questo sar\u00e0 per me un compito importante.<\/p>\n\n\n\n<div style=\"height:42px\" aria-hidden=\"true\" class=\"wp-block-spacer\"><\/div>\n\n\n\n<p><strong>Non sarai soltanto il direttore dei pellegrinaggi, ma anche il rettore del Santuario Originale, un ruolo nuovo nella storia di Schoenstatt, poich\u00e9 ora una sola persona svolger\u00e0 entrambi gli incarichi. Quali opportunit\u00e0 vedi in questo?<\/strong><\/p>\n\n\n\n<p>Cos\u00ec come molte cose stanno cambiando nella Chiesa e nel nostro Movimento di Schoenstatt, spero che possiamo ripensare e sperimentare insieme cose nuove. Grazie a Dio, c\u2019\u00e8 un grande numero di sacerdoti e sorelle, coppie sposate e persone single per le quali il luogo di grazia \u00e8 il \u201cluogo del cuore\u201d e che collaborano insieme, sia professionalmente sia come volontari. Forse proprio nei cambiamenti attuali si trova l\u2019opportunit\u00e0 perch\u00e9 Schoenstatt riceva un nuovo slancio attraverso il modo in cui lavoriamo insieme nel luogo di grazia.<\/p>\n\n\n\n<div style=\"height:49px\" aria-hidden=\"true\" class=\"wp-block-spacer\"><\/div>\n\n\n\n<figure class=\"wp-block-image aligncenter size-full\"><img fetchpriority=\"high\" decoding=\"async\" width=\"1003\" height=\"722\" src=\"https:\/\/schoenstatt.com\/wp-content\/uploads\/2026\/02\/Original-Shrine-Schoenstatt-2.webp\" alt=\"\" class=\"wp-image-68357\" srcset=\"https:\/\/schoenstatt.com\/wp-content\/uploads\/2026\/02\/Original-Shrine-Schoenstatt-2.webp 1003w, https:\/\/schoenstatt.com\/wp-content\/uploads\/2026\/02\/Original-Shrine-Schoenstatt-2-768x553.webp 768w\" sizes=\"(max-width: 1003px) 100vw, 1003px\" \/><\/figure>\n\n\n\n<div style=\"height:35px\" aria-hidden=\"true\" class=\"wp-block-spacer\"><\/div>\n\n\n\n<h2 class=\"wp-block-heading\" id=\"h-esperienze-personali-con-il-santuario-originale\" style=\"font-size:28px\">Esperienze personali con il Santuario Originale<\/h2>\n\n\n\n<div style=\"height:17px\" aria-hidden=\"true\" class=\"wp-block-spacer\"><\/div>\n\n\n\n<p><strong>Si dice che lei ami il Santuario Originale. Come \u00e8 nato questo amore e cosa desidera trasmettere ai pellegrini a partire dalle sue esperienze in questo luogo santo?<\/strong><\/p>\n\n\n\n<p>Ho avuto molte esperienze personali con il Santuario Originale di Schoenstatt. Dopo la scuola, nel 1985, ho collaborato come volontario alla preparazione e alla realizzazione del grande anno commemorativo. Ho avuto anche l\u2019opportunit\u00e0 di fare il mio noviziato a Schoenstatt. In quel periodo, il Santuario Originale \u00e8 stato per me un luogo molto importante di esperienza.<\/p>\n\n\n\n<p>Gli eventi del Festival Internazionale della Giovent\u00f9 attorno alla Giornata Mondiale della Giovent\u00f9 a Colonia nel 2005 e i primi anni della \u201cNotte del Santuario\u201d sono stati decisivi per me. Questo \u00e8 poi continuato nel 2014 con il mio lavoro per il centenario di Schoenstatt.<\/p>\n\n\n\n<p>Durante i tre festival del Ramo delle Famiglie nel 2018, 2021 e 2024 abbiamo vissuto esperienze nel e con il Santuario Originale nelle quali ci sembrava che \u201cil cielo toccasse la terra\u201d. Sono state esperienze che nessuno avrebbe potuto pianificare o realizzare. Ogni volta pensavo: \u201cS\u00ec, il Santuario Originale \u00e8 davvero il luogo in cui la Madre di Dio agisce come educatrice e \u2018attira i cuori\u2019, come diciamo a Schoenstatt.\u201d<\/p>\n\n\n\n<p>Ieri, quando ho raccontato a mio zio, che \u00e8 sacerdote e vive in una casa di riposo, del mio nuovo incarico, mi ha detto: \u201cS\u00ec, tutta la nostra famiglia ha ricevuto molti doni attraverso il Santuario Originale.\u201d E abbiamo parlato del fatto che i miei nonni, all\u2019inizio degli anni Cinquanta, suggellarono l\u2019Alleanza d\u2019Amore con la Madre di Dio nel Santuario Originale.<\/p>\n\n\n\n<div style=\"height:47px\" aria-hidden=\"true\" class=\"wp-block-spacer\"><\/div>\n\n\n\n<p><strong>Molti associano i pellegrinaggi al rosario, alla processione con le candele, alla confessione e a Messe cariche di emozione. Come desidera organizzare oggi l\u2019esperienza del pellegrinaggio alla Cappella delle Grazie di Schoenstatt per le persone che stanno affrontando situazioni di vita difficili?<\/strong><\/p>\n\n\n\n<p>Rimango sempre colpito dal numero di persone che visitano questo luogo di grazia e dal modo in cui qui pregano. Molti amano il rosario e le processioni con le candele, partecipano alla Messa e ricevono il sacramento della confessione. Inoltre, desidero che molti gruppi e singole persone possano vivere questo luogo di grazia in un modo che li tocchi interiormente mentre si avvicinano a Maria, Madre di Ges\u00f9. Abbiamo gi\u00e0 diversi modi per farlo, come ad esempio il recipiente con i contributi al capitale di grazia nel santuario originale. Tuttavia, sono curioso di vedere come tutto questo continuer\u00e0 a svilupparsi: come le nuove generazioni, che sono alla ricerca di esperienze religiose molto diverse, si esprimeranno in questo luogo di grazia, come celebreranno e pregheranno nella Cappella delle Grazie e come desidereranno viverla spiritualmente. Attendo con interesse quel momento e sono molto desideroso di prendervi parte.<\/p>\n\n\n\n<div style=\"height:46px\" aria-hidden=\"true\" class=\"wp-block-spacer\"><\/div>\n\n\n\n<h2 class=\"wp-block-heading\" id=\"h-lavorare-per-una-destinazione-da-sogno-internazionale\" style=\"font-size:28px\">Lavorare per una destinazione da sogno internazionale<\/h2>\n\n\n\n<div style=\"height:11px\" aria-hidden=\"true\" class=\"wp-block-spacer\"><\/div>\n\n\n\n<p><strong>Schoenstatt \u00e8 un luogo di pellegrinaggio internazionale. Persone provenienti da tutto il mondo vengono qui in pellegrinaggio. Quali \u201cesperienze internazionali\u201d porti con te? Che cosa pu\u00f2 aiutarti nel tuo nuovo ruolo?<\/strong><\/p>\n\n\n\n<p>Gi\u00e0 nei primi anni del mio corso con i Padri di Schoenstatt, ho notato la nostalgia che i miei confratelli provenienti da altri Paesi e continenti provavano quando arrivavano in questo luogo di grazia. Questo mi ha sempre colpito profondamente. Ho sperimentato questa enorme nostalgia e tutto l\u2019impegno che essa comporta, tra l\u2019altro, durante le celebrazioni internazionali del 2014. Le persone fanno di tutto per poter visitare almeno una volta nella vita il Santuario Originale. Il taxi aspetta davanti al Santuario Originale perch\u00e9 qualcuno approfitta di una sosta all\u2019aeroporto di Francoforte per visitare Schoenstatt. Una giovane donna vende la sua auto per potersi pagare il viaggio a Schoenstatt, ecc.<\/p>\n\n\n\n<p>Negli ultimi anni, a causa della pandemia di coronavirus, il Santuario Originale ha conosciuto un livello completamente nuovo di efficacia digitale. Innumerevoli persone di molti Paesi si riuniscono ogni giorno online nella Cappella della Grazia. Quanta forza irradia questo luogo verso il mondo intero! E anche se non sono un genio delle lingue, spero che qui, in questo luogo di grazia, troveremo sempre \u201cil linguaggio\u201d attraverso il quale l\u2019Alleanza d\u2019Amore possa irradiarsi ed essere compresa in tutto il mondo.<\/p>\n\n\n\n<div style=\"height:38px\" aria-hidden=\"true\" class=\"wp-block-spacer\"><\/div>\n\n\n\n<h2 class=\"wp-block-heading\" id=\"h-la-mia-visione-per-il-santuario-di-schoenstatt\" style=\"font-size:28px\">La mia visione per il Santuario di Schoenstatt<\/h2>\n\n\n\n<div style=\"height:19px\" aria-hidden=\"true\" class=\"wp-block-spacer\"><\/div>\n\n\n\n<p><strong>Potrebbe completare la seguente frase:<br>La mia visione per il Santuario di Schoenstatt \u00e8\u2026<\/strong><\/p>\n\n\n\n<p>\u2026 che molte persone possano fare l\u2019esperienza che Dio desidera toccarle e che possano incontrare Dio nella loro vita, indipendentemente dal fatto che vivano a Schoenstatt, che lo sperimentino attraverso i Santuari nei loro Paesi, nei loro Santuari domestici o nei loro santuari personali nel cuore.<\/p>\n\n\n\n<div style=\"height:46px\" aria-hidden=\"true\" class=\"wp-block-spacer\"><\/div>\n\n\n\n<hr class=\"wp-block-separator has-text-color has-alpha-channel-opacity has-background\" style=\"background-color:#ec9e66;color:#ec9e66\"\/>\n\n\n\n<div style=\"height:46px\" aria-hidden=\"true\" class=\"wp-block-spacer\"><\/div>\n\n\n\n<p><em>La ringraziamo molto per il tempo che ha dedicato a questa intervista. Le auguriamo forza, sensibilit\u00e0 e gioia nel suo nuovo compito, e la certezza che la Madre di Dio mette a sua disposizione il suo grande cuore affinch\u00e9 lei possa accogliervi tutti i pellegrini.<\/em><\/p>\n\n\n\n<p>L\u2019intervista \u00e8 stata realizzata da Heinrich Brehm.<\/p>\n\n\n\n<p><strong>Fonte:<\/strong> <a href=\"https:\/\/www.schoenstatt.de\/de\/news\/7121\/112\/Eine-Sprache-finden-mit-der-das-Liebesbuendnis-ausstrahlt-und-rund-um-den-Globus-verstanden-wird.htm\">schoenstatt.de<\/a><\/p>\n\n\n\n<p><strong>Traduzione: <\/strong>Eugenio Minici<\/p>\n","protected":false},"excerpt":{"rendered":"<p>P. Stefan Strecker: Trovare un linguaggio che trasmetta l&#8217;Alleanza d&#8217;Amore e sia comprensibile in tutto il mondo.<\/p>\n","protected":false},"author":3,"featured_media":68736,"comment_status":"closed","ping_status":"closed","sticky":false,"template":"","format":"standard","meta":{"footnotes":""},"categories":[900],"tags":[1079],"class_list":["post-68867","post","type-post","status-publish","format-standard","has-post-thumbnail","hentry","category-santuario-originale-it","tag-santuario-originale-it"],"yoast_head":"<!-- This site is optimized with the Yoast SEO Premium plugin v27.4 (Yoast SEO v27.5) - https:\/\/yoast.com\/product\/yoast-seo-premium-wordpress\/ -->\n<title>Missione e sfide del nuovo rettore e direttore dei pellegrinaggi al Santuario Originale<\/title>\n<meta name=\"description\" content=\"P. Stefan Strecker: Trovare un linguaggio che trasmetta l&#039;Alleanza d&#039;Amore e sia comprensibile in tutto il mondo.\" \/>\n<meta name=\"robots\" content=\"index, follow, max-snippet:-1, max-image-preview:large, max-video-preview:-1\" \/>\n<link rel=\"canonical\" href=\"https:\/\/schoenstatt.com\/it\/missione-e-sfide-del-nuovo-rettore-e-direttore-dei-pellegrinaggi-al-santuario-originale\/\" \/>\n<meta property=\"og:locale\" content=\"it_IT\" \/>\n<meta property=\"og:type\" content=\"article\" \/>\n<meta property=\"og:title\" content=\"Missione e sfide del nuovo rettore e direttore dei pellegrinaggi al Santuario Originale\" \/>\n<meta property=\"og:description\" content=\"P. Stefan Strecker: Trovare un linguaggio che trasmetta l&#039;Alleanza d&#039;Amore e sia comprensibile in tutto il mondo.\" \/>\n<meta property=\"og:url\" content=\"https:\/\/schoenstatt.com\/it\/missione-e-sfide-del-nuovo-rettore-e-direttore-dei-pellegrinaggi-al-santuario-originale\/\" \/>\n<meta property=\"og:site_name\" content=\"Schoenstatt\" \/>\n<meta property=\"article:published_time\" content=\"2026-03-04T05:00:00+00:00\" \/>\n<meta property=\"article:modified_time\" content=\"2026-03-06T14:02:47+00:00\" \/>\n<meta property=\"og:image\" content=\"https:\/\/schoenstatt.com\/wp-content\/uploads\/2026\/03\/Pater-Stefan-Strecker.webp\" \/>\n\t<meta property=\"og:image:width\" content=\"1600\" \/>\n\t<meta property=\"og:image:height\" content=\"1066\" \/>\n\t<meta property=\"og:image:type\" content=\"image\/jpeg\" \/>\n<meta name=\"author\" content=\"Karen Bueno\" \/>\n<meta name=\"twitter:card\" content=\"summary_large_image\" \/>\n<meta name=\"twitter:label1\" content=\"Scritto da\" \/>\n\t<meta name=\"twitter:data1\" content=\"Karen Bueno\" \/>\n\t<meta name=\"twitter:label2\" content=\"Tempo di lettura stimato\" \/>\n\t<meta name=\"twitter:data2\" content=\"8 minuti\" \/>\n<script type=\"application\/ld+json\" class=\"yoast-schema-graph\">{\"@context\":\"https:\\\/\\\/schema.org\",\"@graph\":[{\"@type\":\"Article\",\"@id\":\"https:\\\/\\\/schoenstatt.com\\\/it\\\/missione-e-sfide-del-nuovo-rettore-e-direttore-dei-pellegrinaggi-al-santuario-originale\\\/#article\",\"isPartOf\":{\"@id\":\"https:\\\/\\\/schoenstatt.com\\\/it\\\/missione-e-sfide-del-nuovo-rettore-e-direttore-dei-pellegrinaggi-al-santuario-originale\\\/\"},\"author\":{\"name\":\"Karen Bueno\",\"@id\":\"https:\\\/\\\/schoenstatt.com\\\/it\\\/#\\\/schema\\\/person\\\/5158877ad4acae98b34daaeef2a1ce6e\"},\"headline\":\"Missione e sfide del nuovo rettore e direttore dei pellegrinaggi al Santuario Originale\",\"datePublished\":\"2026-03-04T05:00:00+00:00\",\"dateModified\":\"2026-03-06T14:02:47+00:00\",\"mainEntityOfPage\":{\"@id\":\"https:\\\/\\\/schoenstatt.com\\\/it\\\/missione-e-sfide-del-nuovo-rettore-e-direttore-dei-pellegrinaggi-al-santuario-originale\\\/\"},\"wordCount\":1236,\"publisher\":{\"@id\":\"https:\\\/\\\/schoenstatt.com\\\/it\\\/#organization\"},\"image\":{\"@id\":\"https:\\\/\\\/schoenstatt.com\\\/it\\\/missione-e-sfide-del-nuovo-rettore-e-direttore-dei-pellegrinaggi-al-santuario-originale\\\/#primaryimage\"},\"thumbnailUrl\":\"https:\\\/\\\/schoenstatt.com\\\/wp-content\\\/uploads\\\/2026\\\/03\\\/Pater-Stefan-Strecker.webp\",\"keywords\":[\"Santuario Originale\"],\"articleSection\":[\"Santuario Originale\"],\"inLanguage\":\"it-IT\"},{\"@type\":\"WebPage\",\"@id\":\"https:\\\/\\\/schoenstatt.com\\\/it\\\/missione-e-sfide-del-nuovo-rettore-e-direttore-dei-pellegrinaggi-al-santuario-originale\\\/\",\"url\":\"https:\\\/\\\/schoenstatt.com\\\/it\\\/missione-e-sfide-del-nuovo-rettore-e-direttore-dei-pellegrinaggi-al-santuario-originale\\\/\",\"name\":\"Missione e sfide del nuovo rettore e direttore dei pellegrinaggi al Santuario Originale\",\"isPartOf\":{\"@id\":\"https:\\\/\\\/schoenstatt.com\\\/it\\\/#website\"},\"primaryImageOfPage\":{\"@id\":\"https:\\\/\\\/schoenstatt.com\\\/it\\\/missione-e-sfide-del-nuovo-rettore-e-direttore-dei-pellegrinaggi-al-santuario-originale\\\/#primaryimage\"},\"image\":{\"@id\":\"https:\\\/\\\/schoenstatt.com\\\/it\\\/missione-e-sfide-del-nuovo-rettore-e-direttore-dei-pellegrinaggi-al-santuario-originale\\\/#primaryimage\"},\"thumbnailUrl\":\"https:\\\/\\\/schoenstatt.com\\\/wp-content\\\/uploads\\\/2026\\\/03\\\/Pater-Stefan-Strecker.webp\",\"datePublished\":\"2026-03-04T05:00:00+00:00\",\"dateModified\":\"2026-03-06T14:02:47+00:00\",\"description\":\"P. Stefan Strecker: Trovare un linguaggio che trasmetta l'Alleanza d'Amore e sia comprensibile in tutto il mondo.\",\"breadcrumb\":{\"@id\":\"https:\\\/\\\/schoenstatt.com\\\/it\\\/missione-e-sfide-del-nuovo-rettore-e-direttore-dei-pellegrinaggi-al-santuario-originale\\\/#breadcrumb\"},\"inLanguage\":\"it-IT\",\"potentialAction\":[{\"@type\":\"ReadAction\",\"target\":[\"https:\\\/\\\/schoenstatt.com\\\/it\\\/missione-e-sfide-del-nuovo-rettore-e-direttore-dei-pellegrinaggi-al-santuario-originale\\\/\"]}]},{\"@type\":\"ImageObject\",\"inLanguage\":\"it-IT\",\"@id\":\"https:\\\/\\\/schoenstatt.com\\\/it\\\/missione-e-sfide-del-nuovo-rettore-e-direttore-dei-pellegrinaggi-al-santuario-originale\\\/#primaryimage\",\"url\":\"https:\\\/\\\/schoenstatt.com\\\/wp-content\\\/uploads\\\/2026\\\/03\\\/Pater-Stefan-Strecker.webp\",\"contentUrl\":\"https:\\\/\\\/schoenstatt.com\\\/wp-content\\\/uploads\\\/2026\\\/03\\\/Pater-Stefan-Strecker.webp\",\"width\":1600,\"height\":1066},{\"@type\":\"BreadcrumbList\",\"@id\":\"https:\\\/\\\/schoenstatt.com\\\/it\\\/missione-e-sfide-del-nuovo-rettore-e-direttore-dei-pellegrinaggi-al-santuario-originale\\\/#breadcrumb\",\"itemListElement\":[{\"@type\":\"ListItem\",\"position\":1,\"name\":\"Portada\",\"item\":\"https:\\\/\\\/schoenstatt.com\\\/it\\\/home\\\/\"},{\"@type\":\"ListItem\",\"position\":2,\"name\":\"Missione e sfide del nuovo rettore e direttore dei pellegrinaggi al Santuario Originale\"}]},{\"@type\":\"WebSite\",\"@id\":\"https:\\\/\\\/schoenstatt.com\\\/it\\\/#website\",\"url\":\"https:\\\/\\\/schoenstatt.com\\\/it\\\/\",\"name\":\"Schoenstatt\",\"description\":\"Apostolic Movement\",\"publisher\":{\"@id\":\"https:\\\/\\\/schoenstatt.com\\\/it\\\/#organization\"},\"potentialAction\":[{\"@type\":\"SearchAction\",\"target\":{\"@type\":\"EntryPoint\",\"urlTemplate\":\"https:\\\/\\\/schoenstatt.com\\\/it\\\/?s={search_term_string}\"},\"query-input\":{\"@type\":\"PropertyValueSpecification\",\"valueRequired\":true,\"valueName\":\"search_term_string\"}}],\"inLanguage\":\"it-IT\"},{\"@type\":\"Organization\",\"@id\":\"https:\\\/\\\/schoenstatt.com\\\/it\\\/#organization\",\"name\":\"Schoenstatt\",\"url\":\"https:\\\/\\\/schoenstatt.com\\\/it\\\/\",\"logo\":{\"@type\":\"ImageObject\",\"inLanguage\":\"it-IT\",\"@id\":\"https:\\\/\\\/schoenstatt.com\\\/it\\\/#\\\/schema\\\/logo\\\/image\\\/\",\"url\":\"https:\\\/\\\/schoenstatt.com\\\/wp-content\\\/uploads\\\/2025\\\/04\\\/logo-schoenstatt-white-696x696-1.png\",\"contentUrl\":\"https:\\\/\\\/schoenstatt.com\\\/wp-content\\\/uploads\\\/2025\\\/04\\\/logo-schoenstatt-white-696x696-1.png\",\"width\":696,\"height\":694,\"caption\":\"Schoenstatt\"},\"image\":{\"@id\":\"https:\\\/\\\/schoenstatt.com\\\/it\\\/#\\\/schema\\\/logo\\\/image\\\/\"}},{\"@type\":\"Person\",\"@id\":\"https:\\\/\\\/schoenstatt.com\\\/it\\\/#\\\/schema\\\/person\\\/5158877ad4acae98b34daaeef2a1ce6e\",\"name\":\"Karen Bueno\",\"image\":{\"@type\":\"ImageObject\",\"inLanguage\":\"it-IT\",\"@id\":\"https:\\\/\\\/secure.gravatar.com\\\/avatar\\\/f9f4b823873154269d2b2130f195f6d41037dd0d7fc5f3cacb5c846bae70d66b?s=96&d=mm&r=g\",\"url\":\"https:\\\/\\\/secure.gravatar.com\\\/avatar\\\/f9f4b823873154269d2b2130f195f6d41037dd0d7fc5f3cacb5c846bae70d66b?s=96&d=mm&r=g\",\"contentUrl\":\"https:\\\/\\\/secure.gravatar.com\\\/avatar\\\/f9f4b823873154269d2b2130f195f6d41037dd0d7fc5f3cacb5c846bae70d66b?s=96&d=mm&r=g\",\"caption\":\"Karen Bueno\"},\"url\":\"https:\\\/\\\/schoenstatt.com\\\/it\\\/author\\\/karen-bueno\\\/\"}]}<\/script>\n<!-- \/ Yoast SEO Premium plugin. -->","yoast_head_json":{"title":"Missione e sfide del nuovo rettore e direttore dei pellegrinaggi al Santuario Originale","description":"P. Stefan Strecker: Trovare un linguaggio che trasmetta l'Alleanza d'Amore e sia comprensibile in tutto il mondo.","robots":{"index":"index","follow":"follow","max-snippet":"max-snippet:-1","max-image-preview":"max-image-preview:large","max-video-preview":"max-video-preview:-1"},"canonical":"https:\/\/schoenstatt.com\/it\/missione-e-sfide-del-nuovo-rettore-e-direttore-dei-pellegrinaggi-al-santuario-originale\/","og_locale":"it_IT","og_type":"article","og_title":"Missione e sfide del nuovo rettore e direttore dei pellegrinaggi al Santuario Originale","og_description":"P. Stefan Strecker: Trovare un linguaggio che trasmetta l'Alleanza d'Amore e sia comprensibile in tutto il mondo.","og_url":"https:\/\/schoenstatt.com\/it\/missione-e-sfide-del-nuovo-rettore-e-direttore-dei-pellegrinaggi-al-santuario-originale\/","og_site_name":"Schoenstatt","article_published_time":"2026-03-04T05:00:00+00:00","article_modified_time":"2026-03-06T14:02:47+00:00","og_image":[{"width":1600,"height":1066,"url":"https:\/\/schoenstatt.com\/wp-content\/uploads\/2026\/03\/Pater-Stefan-Strecker.webp","type":"image\/jpeg"}],"author":"Karen Bueno","twitter_card":"summary_large_image","twitter_misc":{"Scritto da":"Karen Bueno","Tempo di lettura stimato":"8 minuti"},"schema":{"@context":"https:\/\/schema.org","@graph":[{"@type":"Article","@id":"https:\/\/schoenstatt.com\/it\/missione-e-sfide-del-nuovo-rettore-e-direttore-dei-pellegrinaggi-al-santuario-originale\/#article","isPartOf":{"@id":"https:\/\/schoenstatt.com\/it\/missione-e-sfide-del-nuovo-rettore-e-direttore-dei-pellegrinaggi-al-santuario-originale\/"},"author":{"name":"Karen Bueno","@id":"https:\/\/schoenstatt.com\/it\/#\/schema\/person\/5158877ad4acae98b34daaeef2a1ce6e"},"headline":"Missione e sfide del nuovo rettore e direttore dei pellegrinaggi al Santuario Originale","datePublished":"2026-03-04T05:00:00+00:00","dateModified":"2026-03-06T14:02:47+00:00","mainEntityOfPage":{"@id":"https:\/\/schoenstatt.com\/it\/missione-e-sfide-del-nuovo-rettore-e-direttore-dei-pellegrinaggi-al-santuario-originale\/"},"wordCount":1236,"publisher":{"@id":"https:\/\/schoenstatt.com\/it\/#organization"},"image":{"@id":"https:\/\/schoenstatt.com\/it\/missione-e-sfide-del-nuovo-rettore-e-direttore-dei-pellegrinaggi-al-santuario-originale\/#primaryimage"},"thumbnailUrl":"https:\/\/schoenstatt.com\/wp-content\/uploads\/2026\/03\/Pater-Stefan-Strecker.webp","keywords":["Santuario Originale"],"articleSection":["Santuario Originale"],"inLanguage":"it-IT"},{"@type":"WebPage","@id":"https:\/\/schoenstatt.com\/it\/missione-e-sfide-del-nuovo-rettore-e-direttore-dei-pellegrinaggi-al-santuario-originale\/","url":"https:\/\/schoenstatt.com\/it\/missione-e-sfide-del-nuovo-rettore-e-direttore-dei-pellegrinaggi-al-santuario-originale\/","name":"Missione e sfide del nuovo rettore e direttore dei pellegrinaggi al Santuario Originale","isPartOf":{"@id":"https:\/\/schoenstatt.com\/it\/#website"},"primaryImageOfPage":{"@id":"https:\/\/schoenstatt.com\/it\/missione-e-sfide-del-nuovo-rettore-e-direttore-dei-pellegrinaggi-al-santuario-originale\/#primaryimage"},"image":{"@id":"https:\/\/schoenstatt.com\/it\/missione-e-sfide-del-nuovo-rettore-e-direttore-dei-pellegrinaggi-al-santuario-originale\/#primaryimage"},"thumbnailUrl":"https:\/\/schoenstatt.com\/wp-content\/uploads\/2026\/03\/Pater-Stefan-Strecker.webp","datePublished":"2026-03-04T05:00:00+00:00","dateModified":"2026-03-06T14:02:47+00:00","description":"P. Stefan Strecker: Trovare un linguaggio che trasmetta l'Alleanza d'Amore e sia comprensibile in tutto il mondo.","breadcrumb":{"@id":"https:\/\/schoenstatt.com\/it\/missione-e-sfide-del-nuovo-rettore-e-direttore-dei-pellegrinaggi-al-santuario-originale\/#breadcrumb"},"inLanguage":"it-IT","potentialAction":[{"@type":"ReadAction","target":["https:\/\/schoenstatt.com\/it\/missione-e-sfide-del-nuovo-rettore-e-direttore-dei-pellegrinaggi-al-santuario-originale\/"]}]},{"@type":"ImageObject","inLanguage":"it-IT","@id":"https:\/\/schoenstatt.com\/it\/missione-e-sfide-del-nuovo-rettore-e-direttore-dei-pellegrinaggi-al-santuario-originale\/#primaryimage","url":"https:\/\/schoenstatt.com\/wp-content\/uploads\/2026\/03\/Pater-Stefan-Strecker.webp","contentUrl":"https:\/\/schoenstatt.com\/wp-content\/uploads\/2026\/03\/Pater-Stefan-Strecker.webp","width":1600,"height":1066},{"@type":"BreadcrumbList","@id":"https:\/\/schoenstatt.com\/it\/missione-e-sfide-del-nuovo-rettore-e-direttore-dei-pellegrinaggi-al-santuario-originale\/#breadcrumb","itemListElement":[{"@type":"ListItem","position":1,"name":"Portada","item":"https:\/\/schoenstatt.com\/it\/home\/"},{"@type":"ListItem","position":2,"name":"Missione e sfide del nuovo rettore e direttore dei pellegrinaggi al Santuario Originale"}]},{"@type":"WebSite","@id":"https:\/\/schoenstatt.com\/it\/#website","url":"https:\/\/schoenstatt.com\/it\/","name":"Schoenstatt","description":"Apostolic Movement","publisher":{"@id":"https:\/\/schoenstatt.com\/it\/#organization"},"potentialAction":[{"@type":"SearchAction","target":{"@type":"EntryPoint","urlTemplate":"https:\/\/schoenstatt.com\/it\/?s={search_term_string}"},"query-input":{"@type":"PropertyValueSpecification","valueRequired":true,"valueName":"search_term_string"}}],"inLanguage":"it-IT"},{"@type":"Organization","@id":"https:\/\/schoenstatt.com\/it\/#organization","name":"Schoenstatt","url":"https:\/\/schoenstatt.com\/it\/","logo":{"@type":"ImageObject","inLanguage":"it-IT","@id":"https:\/\/schoenstatt.com\/it\/#\/schema\/logo\/image\/","url":"https:\/\/schoenstatt.com\/wp-content\/uploads\/2025\/04\/logo-schoenstatt-white-696x696-1.png","contentUrl":"https:\/\/schoenstatt.com\/wp-content\/uploads\/2025\/04\/logo-schoenstatt-white-696x696-1.png","width":696,"height":694,"caption":"Schoenstatt"},"image":{"@id":"https:\/\/schoenstatt.com\/it\/#\/schema\/logo\/image\/"}},{"@type":"Person","@id":"https:\/\/schoenstatt.com\/it\/#\/schema\/person\/5158877ad4acae98b34daaeef2a1ce6e","name":"Karen Bueno","image":{"@type":"ImageObject","inLanguage":"it-IT","@id":"https:\/\/secure.gravatar.com\/avatar\/f9f4b823873154269d2b2130f195f6d41037dd0d7fc5f3cacb5c846bae70d66b?s=96&d=mm&r=g","url":"https:\/\/secure.gravatar.com\/avatar\/f9f4b823873154269d2b2130f195f6d41037dd0d7fc5f3cacb5c846bae70d66b?s=96&d=mm&r=g","contentUrl":"https:\/\/secure.gravatar.com\/avatar\/f9f4b823873154269d2b2130f195f6d41037dd0d7fc5f3cacb5c846bae70d66b?s=96&d=mm&r=g","caption":"Karen Bueno"},"url":"https:\/\/schoenstatt.com\/it\/author\/karen-bueno\/"}]}},"_links":{"self":[{"href":"https:\/\/schoenstatt.com\/it\/wp-json\/wp\/v2\/posts\/68867","targetHints":{"allow":["GET"]}}],"collection":[{"href":"https:\/\/schoenstatt.com\/it\/wp-json\/wp\/v2\/posts"}],"about":[{"href":"https:\/\/schoenstatt.com\/it\/wp-json\/wp\/v2\/types\/post"}],"author":[{"embeddable":true,"href":"https:\/\/schoenstatt.com\/it\/wp-json\/wp\/v2\/users\/3"}],"replies":[{"embeddable":true,"href":"https:\/\/schoenstatt.com\/it\/wp-json\/wp\/v2\/comments?post=68867"}],"version-history":[{"count":3,"href":"https:\/\/schoenstatt.com\/it\/wp-json\/wp\/v2\/posts\/68867\/revisions"}],"predecessor-version":[{"id":68870,"href":"https:\/\/schoenstatt.com\/it\/wp-json\/wp\/v2\/posts\/68867\/revisions\/68870"}],"wp:featuredmedia":[{"embeddable":true,"href":"https:\/\/schoenstatt.com\/it\/wp-json\/wp\/v2\/media\/68736"}],"wp:attachment":[{"href":"https:\/\/schoenstatt.com\/it\/wp-json\/wp\/v2\/media?parent=68867"}],"wp:term":[{"taxonomy":"category","embeddable":true,"href":"https:\/\/schoenstatt.com\/it\/wp-json\/wp\/v2\/categories?post=68867"},{"taxonomy":"post_tag","embeddable":true,"href":"https:\/\/schoenstatt.com\/it\/wp-json\/wp\/v2\/tags?post=68867"}],"curies":[{"name":"wp","href":"https:\/\/api.w.org\/{rel}","templated":true}]}}