{"id":68290,"date":"2026-02-08T06:00:00","date_gmt":"2026-02-08T05:00:00","guid":{"rendered":"https:\/\/schoenstatt.com\/?p=68290"},"modified":"2026-02-10T14:54:36","modified_gmt":"2026-02-10T13:54:36","slug":"con-suor-m-emilie-pellegrini-di-speranza","status":"publish","type":"post","link":"https:\/\/schoenstatt.com\/it\/con-suor-m-emilie-pellegrini-di-speranza\/","title":{"rendered":"Con Suor M. Emilie, pellegrini di speranza"},"content":{"rendered":"\n<div class=\"wp-block-media-text is-stacked-on-mobile\"><figure class=\"wp-block-media-text__media\"><img decoding=\"async\" src=\"https:\/\/schoenstatt.com\/wp-content\/uploads\/2026\/02\/Pilgrim-Chile.webp\" alt=\"\" class=\"wp-image-68181 size-full\"\/><\/figure><div class=\"wp-block-media-text__content\">\n<p>Non siamo partiti da soli. Questa \u00e8 stata la prima certezza che ha accompagnato ciascuno dei nostri passi. <strong>Il pellegrinaggio \u201cCon suor M. Emilie, pellegrini di speranza\u201d, <\/strong>vissuto dai membri del Progetto Emilie in Cile durante l\u2019Anno Santo 2025, non \u00e8 stato solo un itinerario geografico, ma anche un\u2019esperienza profonda e condivisa, sostenuta dalla preghiera di molti e guidata da un desiderio profondo: rendere grazie per la vita di <a href=\"https:\/\/schoenstatt.com\/es\/hna-m-emilie-una-inspiracion-para-nuestro-tiempo\/\">suor M. Emilie Engel<\/a> e chiedere, come Chiesa, la sua pronta beatificazione. Per questo desideriamo condividerlo in questi giorni in cui celebriamo e ringraziamo per la sua nascita (6 febbraio) e per il suo riconoscimento come figlia di Dio, che ha segnato cos\u00ec profondamente la sua vita (battesimo, 8 febbraio).<\/p>\n<\/div><\/div>\n\n\n\n<div style=\"height:29px\" aria-hidden=\"true\" class=\"wp-block-spacer\"><\/div>\n\n\n\n<p>Come @proyectoemilie, abbiamo avuto il privilegio di partecipare al <strong>primo pellegrinaggio organizzato attorno alla vita e alla testimonianza di suor M. Emilie<\/strong>. Lo abbiamo fatto sapendo che questo cammino non si conclude qui, ma rimane aperto a futuri pellegrinaggi, sia fisici sia spirituali, per quanti desiderano conoscerla, affidarle le proprie intenzioni e lasciarsi toccare dalla sua testimonianza. Come pellegrini di speranza, abbiamo visitato alcune delle tappe pi\u00f9 significative della sua vita e della sua missione, luoghi in cui la sua fede ha preso forma attraverso una dedizione fiduciosa.<\/p>\n\n\n\n<div style=\"height:35px\" aria-hidden=\"true\" class=\"wp-block-spacer\"><\/div>\n\n\n\n<h2 class=\"wp-block-heading has-medium-font-size\" id=\"h-il-punto-di-partenza\">Il punto di partenza<\/h2>\n\n\n\n<p>Il nostro cammino \u00e8 iniziato a <strong>Schoenstatt<\/strong>, la casa, la terra dell\u2019Alleanza. Abbiamo cominciato, naturalmente, con la visita al <strong>Santuario Originale<\/strong>, il luogo del primo \u201cs\u00ec\u201d che ha trasformato tante vite, compresa quella di Sr. M. Emilie. Abbiamo visitato la tomba degli eroi, la casa di Padre Kentenich, Marienau, la Chiesa dell\u2019Adorazione e la tomba del Padre, tra gli altri luoghi\u2026 e, in modo del tutto speciale, Sonneck, dove suor M. Emilie visse durante la convalescenza dopo anni di malattia e di interventi per la tubercolosi. Nella sua piccola stanza, adiacente alla cappella, abbiamo compreso che la sua fragilit\u00e0 non era sterile: da l\u00ec ella divenne fonte di consolazione, faro silenzioso e scuola viva di fiducia nella Divina Provvidenza.<\/p>\n\n\n\n<figure class=\"wp-block-image aligncenter size-full is-resized\"><img decoding=\"async\" src=\"https:\/\/schoenstatt.com\/wp-content\/uploads\/2026\/02\/Sr-Emilie-family.webp\" alt=\"\" class=\"wp-image-68186\" style=\"width:422px;height:auto\"\/><\/figure>\n\n\n\n<p>Da Schoenstatt abbiamo fatto un pellegrinaggio a Husten, il villaggio dove lei nacque e fu battezzata. Abbiamo potuto visitare la sua casa familiare, cos\u00ec come l\u2019avevamo vista nelle fotografie del libro <em>\u201cIl mio s\u00ec \u00e8 per sempre\u201d<\/em>, e condividerla con la sua famiglia. Siamo stati accolti da Michael Engel, pronipote di Emilie, e da sua madre Helena, vedova del pronipote di Emilie. Poco dopo ci siamo recati nella parrocchia dove trascorse la sua infanzia. L\u00ec abbiamo scoperto l\u2019origine di una fedelt\u00e0 quotidiana, appresa nelle piccole cose. Nella Cappella del Sacro Cuore, che custodisce una reliquia di sr. M. Emilie, si trova un paliotto d\u2019altare donato a lei e da lei ricamato con l\u2019iscrizione: <em>\u201cCuore di Ges\u00f9, a te fedelt\u00e0 eterna\u201d.<\/em> Abbiamo concluso questo percorso nella parrocchia di San Clemente a Drolshagen, dove fu battezzata, e l\u00ec abbiamo rinnovato il nostro patto battesimale.<\/p>\n\n\n\n<div style=\"height:34px\" aria-hidden=\"true\" class=\"wp-block-spacer\"><\/div>\n\n\n\n<h2 class=\"wp-block-heading has-medium-font-size\" id=\"h-il-compimento-di-una-vita-donata-al-signore\">Il compimento di una vita donata al Signore<\/h2>\n\n\n\n<p>Il cammino ci ha poi condotti a <strong>Metternich<\/strong>, dove trascorse gli ultimi anni e dove fu chiamata all\u2019incontro definitivo con il Padre. L\u00ec, presso la sua tomba, abbiamo deposto le intenzioni che molti ci avevano affidato. \u00c8 stato un momento profondamente commovente. Quel luogo, segnato dalla croce e dalla speranza, si \u00e8 rivelato a noi come un vero altare di intercessione. Anche nella malattia e nell\u2019immobilit\u00e0, sr. M. Emilie continua a essere <strong>un\u2019apostola della fiducia filiale <\/strong>per la Chiesa, una donna che conduce i bambini al Padre. In tutti questi luoghi abbiamo riscoperto che la sua santit\u00e0 non \u00e8 nata da gesti straordinari, ma da una dedizione costante e silenziosa.<\/p>\n\n\n\n<p>Ci siamo riuniti con le Suore di Maria a Schulungheim per celebrare il loro centenario e, prima di partire, alcuni pellegrini hanno fatto la loro <strong>Alleanza d\u2019Amore<\/strong>. Contemporaneamente, gli altri di noi hanno rinnovato la propria nel Santuario Originale, uniti al nostro Padre e Fondatore e guidati da sr. M. Emilie.<\/p>\n\n\n\n<div style=\"height:32px\" aria-hidden=\"true\" class=\"wp-block-spacer\"><\/div>\n\n\n\n<h2 class=\"wp-block-heading has-medium-font-size\" id=\"h-a-roma-uno-sguardo-al-futuro\">A Roma, uno sguardo al futuro<\/h2>\n\n\n\n<p>Seguendo le sue orme, e <strong>come lei fece in due occasioni<\/strong>, abbiamo compiuto un pellegrinaggio a <strong>Roma<\/strong>. Non siamo arrivati come turisti, ma come figli che camminano verso il cuore visibile della Chiesa. Abbiamo attraversato le Porte Sante e pregato, chiedendo per la Chiesa, per il Papa e, in modo del tutto speciale,<strong> per il miracolo necessario alla beatificazione di suor M. Emilie<\/strong>, come vero dono per il nostro tempo.<\/p>\n\n\n\n<figure class=\"wp-block-image aligncenter size-full is-resized\"><img decoding=\"async\" src=\"https:\/\/schoenstatt.com\/wp-content\/uploads\/2026\/02\/Pilgrim-Chile-rome.webp\" alt=\"\" class=\"wp-image-68176\" style=\"width:624px;height:auto\"\/><\/figure>\n\n\n\n<p>Abbiamo visitato anche i<strong> Santuari di Schoenstatt a Roma<\/strong>, <em>Cor Ecclesiae <\/em>e <em>Matri Ecclesiae,<\/em> riconoscendo in essi il desiderio di Padre Kentenich e il posto di Maria come cuore della Chiesa. L\u00ec abbiamo affidato a Sr. M. Emilie il nostro profondo desiderio: che molti altri possano conoscerla, lasciarsi toccare dalla sua storia e sperimentare la sua intercessione.<\/p>\n\n\n\n<p>Questo racconto viene scritto in giorni particolarmente significativi. Mentre ricordiamo il <strong>suo compleanno il 6 febbraio e il suo battesimo l\u20198 febbraio<\/strong>, ci affidiamo alla sua speciale vicinanza spirituale. Crediamo che non si tratti di date isolate, ma di giorni di grazia. Un dono per aggiornare e celebrare la sua testimonianza. In questi giorni condividiamo e rinnoviamo la nostra fiducia nella sua intercessione e la nostra convinzione che Emilie sia oggi una luce di speranza per la Chiesa.<\/p>\n\n\n\n<p>Per questo esiste il <strong>Progetto Emilie.<\/strong> Non solo per custodire una memoria, ma per farla <strong>conoscere<\/strong>, invitare altri a pregare, a chiedere, a ringraziare e a lasciarsi educare dalla sua fede pratica e fiduciosa. Invitiamo tutti coloro che si sentono vicini a lei a unirsi a noi: pregando per la sua beatificazione, condividendo la sua storia, affidandole le proprie intenzioni e camminando accanto a lei come pellegrini di speranza\u2026 e presto per celebrare la sua beatificazione.<\/p>\n\n\n\n<p>Questo primo pellegrinaggio non \u00e8 un punto di arrivo. \u00c8 un inizio. Con Sr. M. Emilie, andiamo avanti.<\/p>\n\n\n\n<p>Maggiori informazioni su: <a href=\"https:\/\/www.instagram.com\/proyectoemilie\/\" target=\"_blank\" rel=\"noreferrer noopener\">instagram.com\/proyectoemilie\/<\/a><\/p>\n\n\n\n<p><strong>Traduzione: <\/strong>Eugenio Minici<\/p>\n","protected":false},"excerpt":{"rendered":"<p>Nel giorno del battesimo di suor M. Emilie Engel, i membri del Progetto Emilie raccontano il loro primo pellegrinaggio sulle sue orme.<\/p>\n","protected":false},"author":3,"featured_media":68175,"comment_status":"closed","ping_status":"closed","sticky":false,"template":"","format":"standard","meta":{"footnotes":""},"categories":[887],"tags":[1305],"class_list":["post-68290","post","type-post","status-publish","format-standard","has-post-thumbnail","hentry","category-eroi-di-schoenstatt-it","tag-schoenstatt-cile-it"],"yoast_head":"<!-- This site is optimized with the Yoast SEO Premium plugin v27.4 (Yoast SEO v27.4) - https:\/\/yoast.com\/product\/yoast-seo-premium-wordpress\/ -->\n<title>Con Suor M. Emilie, pellegrini di speranza - Schoenstatt<\/title>\n<meta name=\"description\" content=\"Nel giorno del battesimo di suor M. Emilie Engel, i membri del Progetto Emilie raccontano il loro primo pellegrinaggio sulle sue orme.\" \/>\n<meta name=\"robots\" content=\"index, follow, max-snippet:-1, max-image-preview:large, max-video-preview:-1\" \/>\n<link rel=\"canonical\" href=\"https:\/\/schoenstatt.com\/it\/con-suor-m-emilie-pellegrini-di-speranza\/\" \/>\n<meta property=\"og:locale\" content=\"it_IT\" \/>\n<meta property=\"og:type\" content=\"article\" \/>\n<meta property=\"og:title\" content=\"Con Suor M. Emilie, pellegrini di speranza\" \/>\n<meta property=\"og:description\" content=\"Nel giorno del battesimo di suor M. Emilie Engel, i membri del Progetto Emilie raccontano il loro primo pellegrinaggio sulle sue orme.\" \/>\n<meta property=\"og:url\" content=\"https:\/\/schoenstatt.com\/it\/con-suor-m-emilie-pellegrini-di-speranza\/\" \/>\n<meta property=\"og:site_name\" content=\"Schoenstatt\" \/>\n<meta property=\"article:published_time\" content=\"2026-02-08T05:00:00+00:00\" \/>\n<meta property=\"article:modified_time\" content=\"2026-02-10T13:54:36+00:00\" \/>\n<meta property=\"og:image\" content=\"https:\/\/schoenstatt.com\/wp-content\/uploads\/2026\/02\/Pilgrim-Chile-rome.webp\" \/>\n\t<meta property=\"og:image:width\" content=\"1600\" \/>\n\t<meta property=\"og:image:height\" content=\"1200\" \/>\n\t<meta property=\"og:image:type\" content=\"image\/jpeg\" \/>\n<meta name=\"author\" content=\"Karen Bueno\" \/>\n<meta name=\"twitter:card\" content=\"summary_large_image\" \/>\n<meta name=\"twitter:label1\" content=\"Scritto da\" \/>\n\t<meta name=\"twitter:data1\" content=\"Karen Bueno\" \/>\n\t<meta name=\"twitter:label2\" content=\"Tempo di lettura stimato\" \/>\n\t<meta name=\"twitter:data2\" content=\"7 minuti\" \/>\n<script type=\"application\/ld+json\" class=\"yoast-schema-graph\">{\"@context\":\"https:\\\/\\\/schema.org\",\"@graph\":[{\"@type\":\"Article\",\"@id\":\"https:\\\/\\\/schoenstatt.com\\\/it\\\/con-suor-m-emilie-pellegrini-di-speranza\\\/#article\",\"isPartOf\":{\"@id\":\"https:\\\/\\\/schoenstatt.com\\\/it\\\/con-suor-m-emilie-pellegrini-di-speranza\\\/\"},\"author\":{\"name\":\"Karen Bueno\",\"@id\":\"https:\\\/\\\/schoenstatt.com\\\/it\\\/#\\\/schema\\\/person\\\/5158877ad4acae98b34daaeef2a1ce6e\"},\"headline\":\"Con Suor M. Emilie, pellegrini di speranza\",\"datePublished\":\"2026-02-08T05:00:00+00:00\",\"dateModified\":\"2026-02-10T13:54:36+00:00\",\"mainEntityOfPage\":{\"@id\":\"https:\\\/\\\/schoenstatt.com\\\/it\\\/con-suor-m-emilie-pellegrini-di-speranza\\\/\"},\"wordCount\":961,\"publisher\":{\"@id\":\"https:\\\/\\\/schoenstatt.com\\\/it\\\/#organization\"},\"image\":{\"@id\":\"https:\\\/\\\/schoenstatt.com\\\/it\\\/con-suor-m-emilie-pellegrini-di-speranza\\\/#primaryimage\"},\"thumbnailUrl\":\"https:\\\/\\\/schoenstatt.com\\\/wp-content\\\/uploads\\\/2026\\\/02\\\/Pilgrim-Chile-rome.webp\",\"keywords\":[\"Schoenstatt Cile\"],\"articleSection\":[\"Eroi di Schoenstatt\"],\"inLanguage\":\"it-IT\"},{\"@type\":\"WebPage\",\"@id\":\"https:\\\/\\\/schoenstatt.com\\\/it\\\/con-suor-m-emilie-pellegrini-di-speranza\\\/\",\"url\":\"https:\\\/\\\/schoenstatt.com\\\/it\\\/con-suor-m-emilie-pellegrini-di-speranza\\\/\",\"name\":\"Con Suor M. Emilie, pellegrini di speranza - Schoenstatt\",\"isPartOf\":{\"@id\":\"https:\\\/\\\/schoenstatt.com\\\/it\\\/#website\"},\"primaryImageOfPage\":{\"@id\":\"https:\\\/\\\/schoenstatt.com\\\/it\\\/con-suor-m-emilie-pellegrini-di-speranza\\\/#primaryimage\"},\"image\":{\"@id\":\"https:\\\/\\\/schoenstatt.com\\\/it\\\/con-suor-m-emilie-pellegrini-di-speranza\\\/#primaryimage\"},\"thumbnailUrl\":\"https:\\\/\\\/schoenstatt.com\\\/wp-content\\\/uploads\\\/2026\\\/02\\\/Pilgrim-Chile-rome.webp\",\"datePublished\":\"2026-02-08T05:00:00+00:00\",\"dateModified\":\"2026-02-10T13:54:36+00:00\",\"description\":\"Nel giorno del battesimo di suor M. Emilie Engel, i membri del Progetto Emilie raccontano il loro primo pellegrinaggio sulle sue orme.\",\"breadcrumb\":{\"@id\":\"https:\\\/\\\/schoenstatt.com\\\/it\\\/con-suor-m-emilie-pellegrini-di-speranza\\\/#breadcrumb\"},\"inLanguage\":\"it-IT\",\"potentialAction\":[{\"@type\":\"ReadAction\",\"target\":[\"https:\\\/\\\/schoenstatt.com\\\/it\\\/con-suor-m-emilie-pellegrini-di-speranza\\\/\"]}]},{\"@type\":\"ImageObject\",\"inLanguage\":\"it-IT\",\"@id\":\"https:\\\/\\\/schoenstatt.com\\\/it\\\/con-suor-m-emilie-pellegrini-di-speranza\\\/#primaryimage\",\"url\":\"https:\\\/\\\/schoenstatt.com\\\/wp-content\\\/uploads\\\/2026\\\/02\\\/Pilgrim-Chile-rome.webp\",\"contentUrl\":\"https:\\\/\\\/schoenstatt.com\\\/wp-content\\\/uploads\\\/2026\\\/02\\\/Pilgrim-Chile-rome.webp\",\"width\":1600,\"height\":1200},{\"@type\":\"BreadcrumbList\",\"@id\":\"https:\\\/\\\/schoenstatt.com\\\/it\\\/con-suor-m-emilie-pellegrini-di-speranza\\\/#breadcrumb\",\"itemListElement\":[{\"@type\":\"ListItem\",\"position\":1,\"name\":\"Portada\",\"item\":\"https:\\\/\\\/schoenstatt.com\\\/it\\\/home\\\/\"},{\"@type\":\"ListItem\",\"position\":2,\"name\":\"Con Suor M. Emilie, pellegrini di speranza\"}]},{\"@type\":\"WebSite\",\"@id\":\"https:\\\/\\\/schoenstatt.com\\\/it\\\/#website\",\"url\":\"https:\\\/\\\/schoenstatt.com\\\/it\\\/\",\"name\":\"Schoenstatt\",\"description\":\"Apostolic Movement\",\"publisher\":{\"@id\":\"https:\\\/\\\/schoenstatt.com\\\/it\\\/#organization\"},\"potentialAction\":[{\"@type\":\"SearchAction\",\"target\":{\"@type\":\"EntryPoint\",\"urlTemplate\":\"https:\\\/\\\/schoenstatt.com\\\/it\\\/?s={search_term_string}\"},\"query-input\":{\"@type\":\"PropertyValueSpecification\",\"valueRequired\":true,\"valueName\":\"search_term_string\"}}],\"inLanguage\":\"it-IT\"},{\"@type\":\"Organization\",\"@id\":\"https:\\\/\\\/schoenstatt.com\\\/it\\\/#organization\",\"name\":\"Schoenstatt\",\"url\":\"https:\\\/\\\/schoenstatt.com\\\/it\\\/\",\"logo\":{\"@type\":\"ImageObject\",\"inLanguage\":\"it-IT\",\"@id\":\"https:\\\/\\\/schoenstatt.com\\\/it\\\/#\\\/schema\\\/logo\\\/image\\\/\",\"url\":\"https:\\\/\\\/schoenstatt.com\\\/wp-content\\\/uploads\\\/2025\\\/04\\\/logo-schoenstatt-white-696x696-1.png\",\"contentUrl\":\"https:\\\/\\\/schoenstatt.com\\\/wp-content\\\/uploads\\\/2025\\\/04\\\/logo-schoenstatt-white-696x696-1.png\",\"width\":696,\"height\":694,\"caption\":\"Schoenstatt\"},\"image\":{\"@id\":\"https:\\\/\\\/schoenstatt.com\\\/it\\\/#\\\/schema\\\/logo\\\/image\\\/\"}},{\"@type\":\"Person\",\"@id\":\"https:\\\/\\\/schoenstatt.com\\\/it\\\/#\\\/schema\\\/person\\\/5158877ad4acae98b34daaeef2a1ce6e\",\"name\":\"Karen Bueno\",\"image\":{\"@type\":\"ImageObject\",\"inLanguage\":\"it-IT\",\"@id\":\"https:\\\/\\\/secure.gravatar.com\\\/avatar\\\/f9f4b823873154269d2b2130f195f6d41037dd0d7fc5f3cacb5c846bae70d66b?s=96&d=mm&r=g\",\"url\":\"https:\\\/\\\/secure.gravatar.com\\\/avatar\\\/f9f4b823873154269d2b2130f195f6d41037dd0d7fc5f3cacb5c846bae70d66b?s=96&d=mm&r=g\",\"contentUrl\":\"https:\\\/\\\/secure.gravatar.com\\\/avatar\\\/f9f4b823873154269d2b2130f195f6d41037dd0d7fc5f3cacb5c846bae70d66b?s=96&d=mm&r=g\",\"caption\":\"Karen Bueno\"},\"url\":\"https:\\\/\\\/schoenstatt.com\\\/it\\\/author\\\/karen-bueno\\\/\"}]}<\/script>\n<!-- \/ Yoast SEO Premium plugin. -->","yoast_head_json":{"title":"Con Suor M. Emilie, pellegrini di speranza - Schoenstatt","description":"Nel giorno del battesimo di suor M. Emilie Engel, i membri del Progetto Emilie raccontano il loro primo pellegrinaggio sulle sue orme.","robots":{"index":"index","follow":"follow","max-snippet":"max-snippet:-1","max-image-preview":"max-image-preview:large","max-video-preview":"max-video-preview:-1"},"canonical":"https:\/\/schoenstatt.com\/it\/con-suor-m-emilie-pellegrini-di-speranza\/","og_locale":"it_IT","og_type":"article","og_title":"Con Suor M. Emilie, pellegrini di speranza","og_description":"Nel giorno del battesimo di suor M. Emilie Engel, i membri del Progetto Emilie raccontano il loro primo pellegrinaggio sulle sue orme.","og_url":"https:\/\/schoenstatt.com\/it\/con-suor-m-emilie-pellegrini-di-speranza\/","og_site_name":"Schoenstatt","article_published_time":"2026-02-08T05:00:00+00:00","article_modified_time":"2026-02-10T13:54:36+00:00","og_image":[{"width":1600,"height":1200,"url":"https:\/\/schoenstatt.com\/wp-content\/uploads\/2026\/02\/Pilgrim-Chile-rome.webp","type":"image\/jpeg"}],"author":"Karen Bueno","twitter_card":"summary_large_image","twitter_misc":{"Scritto da":"Karen Bueno","Tempo di lettura stimato":"7 minuti"},"schema":{"@context":"https:\/\/schema.org","@graph":[{"@type":"Article","@id":"https:\/\/schoenstatt.com\/it\/con-suor-m-emilie-pellegrini-di-speranza\/#article","isPartOf":{"@id":"https:\/\/schoenstatt.com\/it\/con-suor-m-emilie-pellegrini-di-speranza\/"},"author":{"name":"Karen Bueno","@id":"https:\/\/schoenstatt.com\/it\/#\/schema\/person\/5158877ad4acae98b34daaeef2a1ce6e"},"headline":"Con Suor M. Emilie, pellegrini di speranza","datePublished":"2026-02-08T05:00:00+00:00","dateModified":"2026-02-10T13:54:36+00:00","mainEntityOfPage":{"@id":"https:\/\/schoenstatt.com\/it\/con-suor-m-emilie-pellegrini-di-speranza\/"},"wordCount":961,"publisher":{"@id":"https:\/\/schoenstatt.com\/it\/#organization"},"image":{"@id":"https:\/\/schoenstatt.com\/it\/con-suor-m-emilie-pellegrini-di-speranza\/#primaryimage"},"thumbnailUrl":"https:\/\/schoenstatt.com\/wp-content\/uploads\/2026\/02\/Pilgrim-Chile-rome.webp","keywords":["Schoenstatt Cile"],"articleSection":["Eroi di Schoenstatt"],"inLanguage":"it-IT"},{"@type":"WebPage","@id":"https:\/\/schoenstatt.com\/it\/con-suor-m-emilie-pellegrini-di-speranza\/","url":"https:\/\/schoenstatt.com\/it\/con-suor-m-emilie-pellegrini-di-speranza\/","name":"Con Suor M. Emilie, pellegrini di speranza - Schoenstatt","isPartOf":{"@id":"https:\/\/schoenstatt.com\/it\/#website"},"primaryImageOfPage":{"@id":"https:\/\/schoenstatt.com\/it\/con-suor-m-emilie-pellegrini-di-speranza\/#primaryimage"},"image":{"@id":"https:\/\/schoenstatt.com\/it\/con-suor-m-emilie-pellegrini-di-speranza\/#primaryimage"},"thumbnailUrl":"https:\/\/schoenstatt.com\/wp-content\/uploads\/2026\/02\/Pilgrim-Chile-rome.webp","datePublished":"2026-02-08T05:00:00+00:00","dateModified":"2026-02-10T13:54:36+00:00","description":"Nel giorno del battesimo di suor M. Emilie Engel, i membri del Progetto Emilie raccontano il loro primo pellegrinaggio sulle sue orme.","breadcrumb":{"@id":"https:\/\/schoenstatt.com\/it\/con-suor-m-emilie-pellegrini-di-speranza\/#breadcrumb"},"inLanguage":"it-IT","potentialAction":[{"@type":"ReadAction","target":["https:\/\/schoenstatt.com\/it\/con-suor-m-emilie-pellegrini-di-speranza\/"]}]},{"@type":"ImageObject","inLanguage":"it-IT","@id":"https:\/\/schoenstatt.com\/it\/con-suor-m-emilie-pellegrini-di-speranza\/#primaryimage","url":"https:\/\/schoenstatt.com\/wp-content\/uploads\/2026\/02\/Pilgrim-Chile-rome.webp","contentUrl":"https:\/\/schoenstatt.com\/wp-content\/uploads\/2026\/02\/Pilgrim-Chile-rome.webp","width":1600,"height":1200},{"@type":"BreadcrumbList","@id":"https:\/\/schoenstatt.com\/it\/con-suor-m-emilie-pellegrini-di-speranza\/#breadcrumb","itemListElement":[{"@type":"ListItem","position":1,"name":"Portada","item":"https:\/\/schoenstatt.com\/it\/home\/"},{"@type":"ListItem","position":2,"name":"Con Suor M. Emilie, pellegrini di speranza"}]},{"@type":"WebSite","@id":"https:\/\/schoenstatt.com\/it\/#website","url":"https:\/\/schoenstatt.com\/it\/","name":"Schoenstatt","description":"Apostolic Movement","publisher":{"@id":"https:\/\/schoenstatt.com\/it\/#organization"},"potentialAction":[{"@type":"SearchAction","target":{"@type":"EntryPoint","urlTemplate":"https:\/\/schoenstatt.com\/it\/?s={search_term_string}"},"query-input":{"@type":"PropertyValueSpecification","valueRequired":true,"valueName":"search_term_string"}}],"inLanguage":"it-IT"},{"@type":"Organization","@id":"https:\/\/schoenstatt.com\/it\/#organization","name":"Schoenstatt","url":"https:\/\/schoenstatt.com\/it\/","logo":{"@type":"ImageObject","inLanguage":"it-IT","@id":"https:\/\/schoenstatt.com\/it\/#\/schema\/logo\/image\/","url":"https:\/\/schoenstatt.com\/wp-content\/uploads\/2025\/04\/logo-schoenstatt-white-696x696-1.png","contentUrl":"https:\/\/schoenstatt.com\/wp-content\/uploads\/2025\/04\/logo-schoenstatt-white-696x696-1.png","width":696,"height":694,"caption":"Schoenstatt"},"image":{"@id":"https:\/\/schoenstatt.com\/it\/#\/schema\/logo\/image\/"}},{"@type":"Person","@id":"https:\/\/schoenstatt.com\/it\/#\/schema\/person\/5158877ad4acae98b34daaeef2a1ce6e","name":"Karen Bueno","image":{"@type":"ImageObject","inLanguage":"it-IT","@id":"https:\/\/secure.gravatar.com\/avatar\/f9f4b823873154269d2b2130f195f6d41037dd0d7fc5f3cacb5c846bae70d66b?s=96&d=mm&r=g","url":"https:\/\/secure.gravatar.com\/avatar\/f9f4b823873154269d2b2130f195f6d41037dd0d7fc5f3cacb5c846bae70d66b?s=96&d=mm&r=g","contentUrl":"https:\/\/secure.gravatar.com\/avatar\/f9f4b823873154269d2b2130f195f6d41037dd0d7fc5f3cacb5c846bae70d66b?s=96&d=mm&r=g","caption":"Karen Bueno"},"url":"https:\/\/schoenstatt.com\/it\/author\/karen-bueno\/"}]}},"_links":{"self":[{"href":"https:\/\/schoenstatt.com\/it\/wp-json\/wp\/v2\/posts\/68290","targetHints":{"allow":["GET"]}}],"collection":[{"href":"https:\/\/schoenstatt.com\/it\/wp-json\/wp\/v2\/posts"}],"about":[{"href":"https:\/\/schoenstatt.com\/it\/wp-json\/wp\/v2\/types\/post"}],"author":[{"embeddable":true,"href":"https:\/\/schoenstatt.com\/it\/wp-json\/wp\/v2\/users\/3"}],"replies":[{"embeddable":true,"href":"https:\/\/schoenstatt.com\/it\/wp-json\/wp\/v2\/comments?post=68290"}],"version-history":[{"count":3,"href":"https:\/\/schoenstatt.com\/it\/wp-json\/wp\/v2\/posts\/68290\/revisions"}],"predecessor-version":[{"id":68293,"href":"https:\/\/schoenstatt.com\/it\/wp-json\/wp\/v2\/posts\/68290\/revisions\/68293"}],"wp:featuredmedia":[{"embeddable":true,"href":"https:\/\/schoenstatt.com\/it\/wp-json\/wp\/v2\/media\/68175"}],"wp:attachment":[{"href":"https:\/\/schoenstatt.com\/it\/wp-json\/wp\/v2\/media?parent=68290"}],"wp:term":[{"taxonomy":"category","embeddable":true,"href":"https:\/\/schoenstatt.com\/it\/wp-json\/wp\/v2\/categories?post=68290"},{"taxonomy":"post_tag","embeddable":true,"href":"https:\/\/schoenstatt.com\/it\/wp-json\/wp\/v2\/tags?post=68290"}],"curies":[{"name":"wp","href":"https:\/\/api.w.org\/{rel}","templated":true}]}}