{"id":68162,"date":"2025-12-17T03:03:00","date_gmt":"2025-12-17T02:03:00","guid":{"rendered":"https:\/\/schoenstatt.com\/?p=68162"},"modified":"2026-02-06T15:02:47","modified_gmt":"2026-02-06T14:02:47","slug":"siamo-tutti-schoenstatt-relazione-sui-progressi-e-risultati","status":"publish","type":"post","link":"https:\/\/schoenstatt.com\/it\/siamo-tutti-schoenstatt-relazione-sui-progressi-e-risultati\/","title":{"rendered":"Siamo tutti Schoenstatt &#8211; Relazione sui Progressi e Risultati"},"content":{"rendered":"\n<p>Poco pi\u00f9 di un anno fa abbiamo dato inizio alla campagna \u201cSiamo tutti Schoenstatt\u201d. Ci\u00f2 che \u00e8 nato come un appello concreto si \u00e8 trasformato in una corrente di vita che ha unito cuori, attraversato confini e risvegliato in molti il desiderio di collaborare e aiutare a costruire, con corresponsabilit\u00e0, il futuro del nostro Movimento.<\/p>\n\n\n\n<p>In questo tempo abbiamo sperimentato come il \u201cnulla senza di noi\u201d susciti sempre il \u201cnulla senza di Te\u201d.<\/p>\n\n\n\n<p>La Mater non si \u00e8 lasciata vincere in generosit\u00e0 ed \u00e8 venuta in nostro aiuto, e oggi siamo lieti di condividere i risultati raggiunti fin qui.<\/p>\n\n\n\n<h3 class=\"wp-block-heading\" id=\"h-destinazione-delle-risorse\">Destinazione delle Risorse<\/h3>\n\n\n\n<p>La campagna ha lo scopo di rafforzare la nostra corresponsabilit\u00e0 come Famiglia Internazionale e di garantire risorse per:<\/p>\n\n\n\n<ul class=\"wp-block-list\">\n<li>La cura e la manutenzione del Santuario Originale<\/li>\n<\/ul>\n\n\n\n<ul class=\"wp-block-list\">\n<li>Il lavoro del Coordinamento Internazionale<\/li>\n<\/ul>\n\n\n\n<ul class=\"wp-block-list\">\n<li>L\u2019avanzamento della causa di beatificazione di Padre Josef Kentenich<\/li>\n<\/ul>\n\n\n\n<div style=\"height:40px\" aria-hidden=\"true\" class=\"wp-block-spacer\"><\/div>\n\n\n\n<h3 class=\"wp-block-heading\" id=\"h-risultati-finanziari\">Risultati Finanziari<\/h3>\n\n\n\n<p>In questo primo anno (dal 18 ottobre 2024 al 18 ottobre 2025) abbiamo raggiunto l\u201988% dell\u2019obiettivo, come mostrano i grafici e le tabelle presentati di seguito.<\/p>\n\n\n\n<div class=\"wp-block-buttons is-content-justification-center is-layout-flex wp-container-core-buttons-is-layout-a89b3969 wp-block-buttons-is-layout-flex\">\n<div class=\"wp-block-button\"><a class=\"wp-block-button__link has-white-color has-text-color has-background has-link-color wp-element-button\" href=\"https:\/\/schoenstatt.com\/wp-content\/uploads\/2026\/02\/Reporto_Anuale_-Rendicontazzioni_2024_2025_-Tutti-siamo-Schoenstatt.pdf\" style=\"border-top-left-radius:17px;border-top-right-radius:17px;border-bottom-left-radius:17px;border-bottom-right-radius:17px;background-color:#e7853a\" target=\"_blank\" rel=\"noreferrer noopener\"><strong>Relazione finanziaria<\/strong><\/a><\/div>\n<\/div>\n\n\n\n<div style=\"height:35px\" aria-hidden=\"true\" class=\"wp-block-spacer\"><\/div>\n\n\n\n<p>Ogni donazione \u00e8 stata amministrata con trasparenza e responsabilit\u00e0, e ringraziamo profondamente tutti coloro che hanno offerto il loro tempo, le loro preghiere, i loro contributi economici o i loro sacrifici silenziosi.<\/p>\n\n\n\n<h3 class=\"wp-block-heading\" id=\"h-spirito-e-prospettive\">Spirito e Prospettive<\/h3>\n\n\n\n<div class=\"wp-block-group is-layout-constrained wp-block-group-is-layout-constrained\">\n<p>Lo spirito di \u201cSiamo tutti Schoenstatt\u201d \u00e8 vivo: \u00e8 un atteggiamento destinato a rimanere, un impegno e un modo di sentirci pi\u00f9 vicini, uniti, alla ricerca di obiettivi comuni che beneficino tutta la nostra Famiglia Internazionale.<\/p>\n\n\n\n<p>Continueremo a rafforzare i legami nei cinque continenti, esplorando insieme forme creative di collaborazione per rispondere alle esigenze del futuro.<\/p>\n\n\n\n<p>Insieme continueremo a scrivere questa storia di amore e impegno, assicurando la vita, la missione e l\u2019unit\u00e0 della nostra Famiglia di Schoenstatt.<\/p>\n\n\n\n<p>Per maggiori informazioni, visita la pagina: Siamo tutti Schoenstatt<\/p>\n\n\n\n<p><strong>Traduzione:<\/strong> Eugenio Minici<\/p>\n<\/div>\n\n\n\n<p><\/p>\n","protected":false},"excerpt":{"rendered":"<p>Il team finanziario della Campagna Siamo tutti Schoenstatt presenta il rapporto sul primo anno di raccolta fondi.<\/p>\n","protected":false},"author":3,"featured_media":60859,"comment_status":"closed","ping_status":"closed","sticky":false,"template":"","format":"standard","meta":{"footnotes":""},"categories":[896],"tags":[],"class_list":["post-68162","post","type-post","status-publish","format-standard","has-post-thumbnail","hentry","category-in-missione-it"],"yoast_head":"<!-- This site is optimized with the Yoast SEO Premium plugin v27.4 (Yoast SEO v27.4) - https:\/\/yoast.com\/product\/yoast-seo-premium-wordpress\/ -->\n<title>Siamo tutti Schoenstatt - Relazione sui Progressi e Risultati - Schoenstatt<\/title>\n<meta name=\"description\" content=\"Il team finanziario della Campagna Siamo tutti Schoenstatt presenta il rapporto sul primo anno di raccolta fondi.\" \/>\n<meta name=\"robots\" content=\"index, follow, max-snippet:-1, max-image-preview:large, max-video-preview:-1\" \/>\n<link rel=\"canonical\" href=\"https:\/\/schoenstatt.com\/it\/siamo-tutti-schoenstatt-relazione-sui-progressi-e-risultati\/\" \/>\n<meta property=\"og:locale\" content=\"it_IT\" \/>\n<meta property=\"og:type\" content=\"article\" \/>\n<meta property=\"og:title\" content=\"Siamo tutti Schoenstatt - Relazione sui Progressi e Risultati\" \/>\n<meta property=\"og:description\" content=\"Il team finanziario della Campagna Siamo tutti Schoenstatt presenta il rapporto sul primo anno di raccolta fondi.\" \/>\n<meta property=\"og:url\" content=\"https:\/\/schoenstatt.com\/it\/siamo-tutti-schoenstatt-relazione-sui-progressi-e-risultati\/\" \/>\n<meta property=\"og:site_name\" content=\"Schoenstatt\" \/>\n<meta property=\"article:published_time\" content=\"2025-12-17T02:03:00+00:00\" \/>\n<meta property=\"article:modified_time\" content=\"2026-02-06T14:02:47+00:00\" \/>\n<meta property=\"og:image\" content=\"https:\/\/schoenstatt.com\/wp-content\/uploads\/2025\/07\/Todos-Somos-Schoenstatt.webp\" \/>\n\t<meta property=\"og:image:width\" content=\"2048\" \/>\n\t<meta property=\"og:image:height\" content=\"940\" \/>\n\t<meta property=\"og:image:type\" content=\"image\/jpeg\" \/>\n<meta name=\"author\" content=\"Karen Bueno\" \/>\n<meta name=\"twitter:card\" content=\"summary_large_image\" \/>\n<meta name=\"twitter:label1\" content=\"Scritto da\" \/>\n\t<meta name=\"twitter:data1\" content=\"Karen Bueno\" \/>\n\t<meta name=\"twitter:label2\" content=\"Tempo di lettura stimato\" \/>\n\t<meta name=\"twitter:data2\" content=\"2 minuti\" \/>\n<script type=\"application\/ld+json\" class=\"yoast-schema-graph\">{\"@context\":\"https:\\\/\\\/schema.org\",\"@graph\":[{\"@type\":\"Article\",\"@id\":\"https:\\\/\\\/schoenstatt.com\\\/it\\\/siamo-tutti-schoenstatt-relazione-sui-progressi-e-risultati\\\/#article\",\"isPartOf\":{\"@id\":\"https:\\\/\\\/schoenstatt.com\\\/it\\\/siamo-tutti-schoenstatt-relazione-sui-progressi-e-risultati\\\/\"},\"author\":{\"name\":\"Karen Bueno\",\"@id\":\"https:\\\/\\\/schoenstatt.com\\\/it\\\/#\\\/schema\\\/person\\\/5158877ad4acae98b34daaeef2a1ce6e\"},\"headline\":\"Siamo tutti Schoenstatt &#8211; Relazione sui Progressi e Risultati\",\"datePublished\":\"2025-12-17T02:03:00+00:00\",\"dateModified\":\"2026-02-06T14:02:47+00:00\",\"mainEntityOfPage\":{\"@id\":\"https:\\\/\\\/schoenstatt.com\\\/it\\\/siamo-tutti-schoenstatt-relazione-sui-progressi-e-risultati\\\/\"},\"wordCount\":298,\"publisher\":{\"@id\":\"https:\\\/\\\/schoenstatt.com\\\/it\\\/#organization\"},\"image\":{\"@id\":\"https:\\\/\\\/schoenstatt.com\\\/it\\\/siamo-tutti-schoenstatt-relazione-sui-progressi-e-risultati\\\/#primaryimage\"},\"thumbnailUrl\":\"https:\\\/\\\/schoenstatt.com\\\/wp-content\\\/uploads\\\/2025\\\/07\\\/Todos-Somos-Schoenstatt.webp\",\"articleSection\":[\"In missione\"],\"inLanguage\":\"it-IT\"},{\"@type\":\"WebPage\",\"@id\":\"https:\\\/\\\/schoenstatt.com\\\/it\\\/siamo-tutti-schoenstatt-relazione-sui-progressi-e-risultati\\\/\",\"url\":\"https:\\\/\\\/schoenstatt.com\\\/it\\\/siamo-tutti-schoenstatt-relazione-sui-progressi-e-risultati\\\/\",\"name\":\"Siamo tutti Schoenstatt - Relazione sui Progressi e Risultati - Schoenstatt\",\"isPartOf\":{\"@id\":\"https:\\\/\\\/schoenstatt.com\\\/it\\\/#website\"},\"primaryImageOfPage\":{\"@id\":\"https:\\\/\\\/schoenstatt.com\\\/it\\\/siamo-tutti-schoenstatt-relazione-sui-progressi-e-risultati\\\/#primaryimage\"},\"image\":{\"@id\":\"https:\\\/\\\/schoenstatt.com\\\/it\\\/siamo-tutti-schoenstatt-relazione-sui-progressi-e-risultati\\\/#primaryimage\"},\"thumbnailUrl\":\"https:\\\/\\\/schoenstatt.com\\\/wp-content\\\/uploads\\\/2025\\\/07\\\/Todos-Somos-Schoenstatt.webp\",\"datePublished\":\"2025-12-17T02:03:00+00:00\",\"dateModified\":\"2026-02-06T14:02:47+00:00\",\"description\":\"Il team finanziario della Campagna Siamo tutti Schoenstatt presenta il rapporto sul primo anno di raccolta fondi.\",\"breadcrumb\":{\"@id\":\"https:\\\/\\\/schoenstatt.com\\\/it\\\/siamo-tutti-schoenstatt-relazione-sui-progressi-e-risultati\\\/#breadcrumb\"},\"inLanguage\":\"it-IT\",\"potentialAction\":[{\"@type\":\"ReadAction\",\"target\":[\"https:\\\/\\\/schoenstatt.com\\\/it\\\/siamo-tutti-schoenstatt-relazione-sui-progressi-e-risultati\\\/\"]}]},{\"@type\":\"ImageObject\",\"inLanguage\":\"it-IT\",\"@id\":\"https:\\\/\\\/schoenstatt.com\\\/it\\\/siamo-tutti-schoenstatt-relazione-sui-progressi-e-risultati\\\/#primaryimage\",\"url\":\"https:\\\/\\\/schoenstatt.com\\\/wp-content\\\/uploads\\\/2025\\\/07\\\/Todos-Somos-Schoenstatt.webp\",\"contentUrl\":\"https:\\\/\\\/schoenstatt.com\\\/wp-content\\\/uploads\\\/2025\\\/07\\\/Todos-Somos-Schoenstatt.webp\",\"width\":2048,\"height\":940},{\"@type\":\"BreadcrumbList\",\"@id\":\"https:\\\/\\\/schoenstatt.com\\\/it\\\/siamo-tutti-schoenstatt-relazione-sui-progressi-e-risultati\\\/#breadcrumb\",\"itemListElement\":[{\"@type\":\"ListItem\",\"position\":1,\"name\":\"Portada\",\"item\":\"https:\\\/\\\/schoenstatt.com\\\/it\\\/home\\\/\"},{\"@type\":\"ListItem\",\"position\":2,\"name\":\"Siamo tutti Schoenstatt &#8211; Relazione sui Progressi e Risultati\"}]},{\"@type\":\"WebSite\",\"@id\":\"https:\\\/\\\/schoenstatt.com\\\/it\\\/#website\",\"url\":\"https:\\\/\\\/schoenstatt.com\\\/it\\\/\",\"name\":\"Schoenstatt\",\"description\":\"Apostolic Movement\",\"publisher\":{\"@id\":\"https:\\\/\\\/schoenstatt.com\\\/it\\\/#organization\"},\"potentialAction\":[{\"@type\":\"SearchAction\",\"target\":{\"@type\":\"EntryPoint\",\"urlTemplate\":\"https:\\\/\\\/schoenstatt.com\\\/it\\\/?s={search_term_string}\"},\"query-input\":{\"@type\":\"PropertyValueSpecification\",\"valueRequired\":true,\"valueName\":\"search_term_string\"}}],\"inLanguage\":\"it-IT\"},{\"@type\":\"Organization\",\"@id\":\"https:\\\/\\\/schoenstatt.com\\\/it\\\/#organization\",\"name\":\"Schoenstatt\",\"url\":\"https:\\\/\\\/schoenstatt.com\\\/it\\\/\",\"logo\":{\"@type\":\"ImageObject\",\"inLanguage\":\"it-IT\",\"@id\":\"https:\\\/\\\/schoenstatt.com\\\/it\\\/#\\\/schema\\\/logo\\\/image\\\/\",\"url\":\"https:\\\/\\\/schoenstatt.com\\\/wp-content\\\/uploads\\\/2025\\\/04\\\/logo-schoenstatt-white-696x696-1.png\",\"contentUrl\":\"https:\\\/\\\/schoenstatt.com\\\/wp-content\\\/uploads\\\/2025\\\/04\\\/logo-schoenstatt-white-696x696-1.png\",\"width\":696,\"height\":694,\"caption\":\"Schoenstatt\"},\"image\":{\"@id\":\"https:\\\/\\\/schoenstatt.com\\\/it\\\/#\\\/schema\\\/logo\\\/image\\\/\"}},{\"@type\":\"Person\",\"@id\":\"https:\\\/\\\/schoenstatt.com\\\/it\\\/#\\\/schema\\\/person\\\/5158877ad4acae98b34daaeef2a1ce6e\",\"name\":\"Karen Bueno\",\"image\":{\"@type\":\"ImageObject\",\"inLanguage\":\"it-IT\",\"@id\":\"https:\\\/\\\/secure.gravatar.com\\\/avatar\\\/f9f4b823873154269d2b2130f195f6d41037dd0d7fc5f3cacb5c846bae70d66b?s=96&d=mm&r=g\",\"url\":\"https:\\\/\\\/secure.gravatar.com\\\/avatar\\\/f9f4b823873154269d2b2130f195f6d41037dd0d7fc5f3cacb5c846bae70d66b?s=96&d=mm&r=g\",\"contentUrl\":\"https:\\\/\\\/secure.gravatar.com\\\/avatar\\\/f9f4b823873154269d2b2130f195f6d41037dd0d7fc5f3cacb5c846bae70d66b?s=96&d=mm&r=g\",\"caption\":\"Karen Bueno\"},\"url\":\"https:\\\/\\\/schoenstatt.com\\\/it\\\/author\\\/karen-bueno\\\/\"}]}<\/script>\n<!-- \/ Yoast SEO Premium plugin. -->","yoast_head_json":{"title":"Siamo tutti Schoenstatt - Relazione sui Progressi e Risultati - Schoenstatt","description":"Il team finanziario della Campagna Siamo tutti Schoenstatt presenta il rapporto sul primo anno di raccolta fondi.","robots":{"index":"index","follow":"follow","max-snippet":"max-snippet:-1","max-image-preview":"max-image-preview:large","max-video-preview":"max-video-preview:-1"},"canonical":"https:\/\/schoenstatt.com\/it\/siamo-tutti-schoenstatt-relazione-sui-progressi-e-risultati\/","og_locale":"it_IT","og_type":"article","og_title":"Siamo tutti Schoenstatt - Relazione sui Progressi e Risultati","og_description":"Il team finanziario della Campagna Siamo tutti Schoenstatt presenta il rapporto sul primo anno di raccolta fondi.","og_url":"https:\/\/schoenstatt.com\/it\/siamo-tutti-schoenstatt-relazione-sui-progressi-e-risultati\/","og_site_name":"Schoenstatt","article_published_time":"2025-12-17T02:03:00+00:00","article_modified_time":"2026-02-06T14:02:47+00:00","og_image":[{"width":2048,"height":940,"url":"https:\/\/schoenstatt.com\/wp-content\/uploads\/2025\/07\/Todos-Somos-Schoenstatt.webp","type":"image\/jpeg"}],"author":"Karen Bueno","twitter_card":"summary_large_image","twitter_misc":{"Scritto da":"Karen Bueno","Tempo di lettura stimato":"2 minuti"},"schema":{"@context":"https:\/\/schema.org","@graph":[{"@type":"Article","@id":"https:\/\/schoenstatt.com\/it\/siamo-tutti-schoenstatt-relazione-sui-progressi-e-risultati\/#article","isPartOf":{"@id":"https:\/\/schoenstatt.com\/it\/siamo-tutti-schoenstatt-relazione-sui-progressi-e-risultati\/"},"author":{"name":"Karen Bueno","@id":"https:\/\/schoenstatt.com\/it\/#\/schema\/person\/5158877ad4acae98b34daaeef2a1ce6e"},"headline":"Siamo tutti Schoenstatt &#8211; Relazione sui Progressi e Risultati","datePublished":"2025-12-17T02:03:00+00:00","dateModified":"2026-02-06T14:02:47+00:00","mainEntityOfPage":{"@id":"https:\/\/schoenstatt.com\/it\/siamo-tutti-schoenstatt-relazione-sui-progressi-e-risultati\/"},"wordCount":298,"publisher":{"@id":"https:\/\/schoenstatt.com\/it\/#organization"},"image":{"@id":"https:\/\/schoenstatt.com\/it\/siamo-tutti-schoenstatt-relazione-sui-progressi-e-risultati\/#primaryimage"},"thumbnailUrl":"https:\/\/schoenstatt.com\/wp-content\/uploads\/2025\/07\/Todos-Somos-Schoenstatt.webp","articleSection":["In missione"],"inLanguage":"it-IT"},{"@type":"WebPage","@id":"https:\/\/schoenstatt.com\/it\/siamo-tutti-schoenstatt-relazione-sui-progressi-e-risultati\/","url":"https:\/\/schoenstatt.com\/it\/siamo-tutti-schoenstatt-relazione-sui-progressi-e-risultati\/","name":"Siamo tutti Schoenstatt - Relazione sui Progressi e Risultati - Schoenstatt","isPartOf":{"@id":"https:\/\/schoenstatt.com\/it\/#website"},"primaryImageOfPage":{"@id":"https:\/\/schoenstatt.com\/it\/siamo-tutti-schoenstatt-relazione-sui-progressi-e-risultati\/#primaryimage"},"image":{"@id":"https:\/\/schoenstatt.com\/it\/siamo-tutti-schoenstatt-relazione-sui-progressi-e-risultati\/#primaryimage"},"thumbnailUrl":"https:\/\/schoenstatt.com\/wp-content\/uploads\/2025\/07\/Todos-Somos-Schoenstatt.webp","datePublished":"2025-12-17T02:03:00+00:00","dateModified":"2026-02-06T14:02:47+00:00","description":"Il team finanziario della Campagna Siamo tutti Schoenstatt presenta il rapporto sul primo anno di raccolta fondi.","breadcrumb":{"@id":"https:\/\/schoenstatt.com\/it\/siamo-tutti-schoenstatt-relazione-sui-progressi-e-risultati\/#breadcrumb"},"inLanguage":"it-IT","potentialAction":[{"@type":"ReadAction","target":["https:\/\/schoenstatt.com\/it\/siamo-tutti-schoenstatt-relazione-sui-progressi-e-risultati\/"]}]},{"@type":"ImageObject","inLanguage":"it-IT","@id":"https:\/\/schoenstatt.com\/it\/siamo-tutti-schoenstatt-relazione-sui-progressi-e-risultati\/#primaryimage","url":"https:\/\/schoenstatt.com\/wp-content\/uploads\/2025\/07\/Todos-Somos-Schoenstatt.webp","contentUrl":"https:\/\/schoenstatt.com\/wp-content\/uploads\/2025\/07\/Todos-Somos-Schoenstatt.webp","width":2048,"height":940},{"@type":"BreadcrumbList","@id":"https:\/\/schoenstatt.com\/it\/siamo-tutti-schoenstatt-relazione-sui-progressi-e-risultati\/#breadcrumb","itemListElement":[{"@type":"ListItem","position":1,"name":"Portada","item":"https:\/\/schoenstatt.com\/it\/home\/"},{"@type":"ListItem","position":2,"name":"Siamo tutti Schoenstatt &#8211; Relazione sui Progressi e Risultati"}]},{"@type":"WebSite","@id":"https:\/\/schoenstatt.com\/it\/#website","url":"https:\/\/schoenstatt.com\/it\/","name":"Schoenstatt","description":"Apostolic Movement","publisher":{"@id":"https:\/\/schoenstatt.com\/it\/#organization"},"potentialAction":[{"@type":"SearchAction","target":{"@type":"EntryPoint","urlTemplate":"https:\/\/schoenstatt.com\/it\/?s={search_term_string}"},"query-input":{"@type":"PropertyValueSpecification","valueRequired":true,"valueName":"search_term_string"}}],"inLanguage":"it-IT"},{"@type":"Organization","@id":"https:\/\/schoenstatt.com\/it\/#organization","name":"Schoenstatt","url":"https:\/\/schoenstatt.com\/it\/","logo":{"@type":"ImageObject","inLanguage":"it-IT","@id":"https:\/\/schoenstatt.com\/it\/#\/schema\/logo\/image\/","url":"https:\/\/schoenstatt.com\/wp-content\/uploads\/2025\/04\/logo-schoenstatt-white-696x696-1.png","contentUrl":"https:\/\/schoenstatt.com\/wp-content\/uploads\/2025\/04\/logo-schoenstatt-white-696x696-1.png","width":696,"height":694,"caption":"Schoenstatt"},"image":{"@id":"https:\/\/schoenstatt.com\/it\/#\/schema\/logo\/image\/"}},{"@type":"Person","@id":"https:\/\/schoenstatt.com\/it\/#\/schema\/person\/5158877ad4acae98b34daaeef2a1ce6e","name":"Karen Bueno","image":{"@type":"ImageObject","inLanguage":"it-IT","@id":"https:\/\/secure.gravatar.com\/avatar\/f9f4b823873154269d2b2130f195f6d41037dd0d7fc5f3cacb5c846bae70d66b?s=96&d=mm&r=g","url":"https:\/\/secure.gravatar.com\/avatar\/f9f4b823873154269d2b2130f195f6d41037dd0d7fc5f3cacb5c846bae70d66b?s=96&d=mm&r=g","contentUrl":"https:\/\/secure.gravatar.com\/avatar\/f9f4b823873154269d2b2130f195f6d41037dd0d7fc5f3cacb5c846bae70d66b?s=96&d=mm&r=g","caption":"Karen Bueno"},"url":"https:\/\/schoenstatt.com\/it\/author\/karen-bueno\/"}]}},"_links":{"self":[{"href":"https:\/\/schoenstatt.com\/it\/wp-json\/wp\/v2\/posts\/68162","targetHints":{"allow":["GET"]}}],"collection":[{"href":"https:\/\/schoenstatt.com\/it\/wp-json\/wp\/v2\/posts"}],"about":[{"href":"https:\/\/schoenstatt.com\/it\/wp-json\/wp\/v2\/types\/post"}],"author":[{"embeddable":true,"href":"https:\/\/schoenstatt.com\/it\/wp-json\/wp\/v2\/users\/3"}],"replies":[{"embeddable":true,"href":"https:\/\/schoenstatt.com\/it\/wp-json\/wp\/v2\/comments?post=68162"}],"version-history":[{"count":4,"href":"https:\/\/schoenstatt.com\/it\/wp-json\/wp\/v2\/posts\/68162\/revisions"}],"predecessor-version":[{"id":68171,"href":"https:\/\/schoenstatt.com\/it\/wp-json\/wp\/v2\/posts\/68162\/revisions\/68171"}],"wp:featuredmedia":[{"embeddable":true,"href":"https:\/\/schoenstatt.com\/it\/wp-json\/wp\/v2\/media\/60859"}],"wp:attachment":[{"href":"https:\/\/schoenstatt.com\/it\/wp-json\/wp\/v2\/media?parent=68162"}],"wp:term":[{"taxonomy":"category","embeddable":true,"href":"https:\/\/schoenstatt.com\/it\/wp-json\/wp\/v2\/categories?post=68162"},{"taxonomy":"post_tag","embeddable":true,"href":"https:\/\/schoenstatt.com\/it\/wp-json\/wp\/v2\/tags?post=68162"}],"curies":[{"name":"wp","href":"https:\/\/api.w.org\/{rel}","templated":true}]}}