{"id":67647,"date":"2026-01-12T12:17:51","date_gmt":"2026-01-12T11:17:51","guid":{"rendered":"https:\/\/schoenstatt.com\/?p=67647"},"modified":"2026-01-19T13:44:11","modified_gmt":"2026-01-19T12:44:11","slug":"scuola-di-sinodalita-a-belmonte-un-progetto-pionieristico-di-schoenstatt","status":"publish","type":"post","link":"https:\/\/schoenstatt.com\/it\/scuola-di-sinodalita-a-belmonte-un-progetto-pionieristico-di-schoenstatt\/","title":{"rendered":"Scuola di sinodalit\u00e0 a Belmonte: un progetto pionieristico di Schoenstatt"},"content":{"rendered":"\n<p>Il 1\u00b0 gennaio 2026, ancora nell\u2019Anno Santo, un gruppo pionieristico, composto da diversi rami del Movimento di Schoenstatt, si \u00e8 riunito a <a href=\"https:\/\/www.roma-belmonte.info\/it\/\">Belmonte<\/a>, presso il Santuario di Matri Ecclesiae. I partecipanti si sono messi a disposizione della Madre di Dio, dando avvio all\u2019iniziativa di fondare una \u201cScuola di Sinodalit\u00e0\u201d.<\/p>\n\n\n\n<p>La \u201cScuola di Sinodalit\u00e0\u201d avr\u00e0 sede a Belmonte. Allo stesso tempo, la comprensione della sinodalit\u00e0 sar\u00e0 trasmessa e approfondita attraverso corsi e conferenze nelle diocesi locali, rendendola accessibile a tutti.<\/p>\n\n\n\n<figure class=\"wp-block-image aligncenter size-full\"><img fetchpriority=\"high\" decoding=\"async\" width=\"1470\" height=\"1014\" src=\"https:\/\/schoenstatt.com\/wp-content\/uploads\/2026\/01\/school-of-synodality.jpg\" alt=\"\" class=\"wp-image-67582\" srcset=\"https:\/\/schoenstatt.com\/wp-content\/uploads\/2026\/01\/school-of-synodality.jpg 1470w, https:\/\/schoenstatt.com\/wp-content\/uploads\/2026\/01\/school-of-synodality-768x530.jpg 768w\" sizes=\"(max-width: 1470px) 100vw, 1470px\" \/><\/figure>\n\n\n\n<p><strong>Diverse tappe hanno portato alla formazione di questo gruppo:<\/strong><\/p>\n\n\n\n<ul class=\"wp-block-list\">\n<li>In numerosi incontri e conversazioni \u00e8 maturata la convinzione che Belmonte, per la sua missione, sia un luogo adatto alla formazione alla sinodalit\u00e0 e che questo sia il momento giusto per farlo.<\/li>\n<\/ul>\n\n\n\n<p><\/p>\n\n\n\n<ul class=\"wp-block-list\">\n<li>La visione della Chiesa di padre Joseph Kentenich, delineata alla fine del Concilio Vaticano II, coincide nei suoi punti essenziali con l\u2019immagine di una Chiesa che diventa sinodale.<\/li>\n<\/ul>\n\n\n\n<p><\/p>\n\n\n\n<ul class=\"wp-block-list\">\n<li>Sessant\u2019anni fa, il 22 dicembre 1965, il fondatore di Schoenstatt, padre Kentenich, promise a papa Paolo VI che tutta la sua famiglia spirituale avrebbe collaborato con tutti i mezzi alla realizzazione della missione post-conciliare della Chiesa.<\/li>\n<\/ul>\n\n\n\n<p><\/p>\n\n\n\n<ul class=\"wp-block-list\">\n<li>Il Sinodo mondiale sulla sinodalit\u00e0, avviato da papa Francesco, ha profondamente toccato molti cuori. \u00c8 diventato chiaro: qui sta iniziando qualcosa di nuovo. Una nuova immagine della Chiesa sta prendendo forma nella forza dello Spirito Santo. Tutti sono chiamati e invitati a collaborare al compimento del desiderio di Dio per il terzo millennio della fede.<\/li>\n<\/ul>\n\n\n\n<p><\/p>\n\n\n\n<ul class=\"wp-block-list\">\n<li>La formazione nella Teologia della Sinodalit\u00e0, anche a livello post-laurea, cos\u00ec come le diverse esperienze nel condurre, vivere e moderare un \u201cdialogo nello Spirito\u201d, hanno fatto nascere il desiderio di trasmettere queste conoscenze e queste esperienze come una Buona Notizia.<\/li>\n<\/ul>\n\n\n\n<p><\/p>\n\n\n\n<ul class=\"wp-block-list\">\n<li>Nel lavoro pastorale, cos\u00ec come nelle commissioni, nei gruppi e nelle comunit\u00e0, la sinodalit\u00e0 risveglia il cuore e incoraggia vie creative per condividere con altri questa chiamata dello Spirito Santo e per costruire insieme la Chiesa delle nuove rive.<\/li>\n<\/ul>\n\n\n\n<p><\/p>\n\n\n\n<ul class=\"wp-block-list\">\n<li>In una \u201cConversazione nello Spirito\u201d (formato online Insieme-Gespr\u00e4ch) del 26 novembre 2025, la visione di fondare una scuola di sinodalit\u00e0 a Belmonte ha avuto un forte impatto.<\/li>\n<\/ul>\n\n\n\n<div style=\"height:41px\" aria-hidden=\"true\" class=\"wp-block-spacer\"><\/div>\n\n\n\n<p>Il gruppo promotore desidera attingere alla ricchezza di queste fonti e correnti e ritiene di essere stato guidato a compiere questo passo. Ha raccolto tutte queste esperienze e ha simbolicamente avviato la nascita di una scuola di sinodalit\u00e0.<\/p>\n\n\n\n<div style=\"height:41px\" aria-hidden=\"true\" class=\"wp-block-spacer\"><\/div>\n\n\n\n<p><strong>Ponendosi consapevolmente a disposizione della Beata Madre, tutti hanno pregato:<\/strong><\/p>\n\n\n\n<figure class=\"wp-block-pullquote has-medium-font-size\" style=\"border-top-color:var(--wp--preset--color--luminous-vivid-orange);border-top-style:solid;border-top-width:1px;border-bottom-color:var(--wp--preset--color--luminous-vivid-orange);border-bottom-style:solid;border-bottom-width:1px;font-style:italic;font-weight:300\"><blockquote><p>\u201cMadre di Dio, eccoci.<br>Usaci interamente secondo il tuo disegno per questo luogo.<br>Ci mettiamo a tua disposizione per porre le fondamenta di una scuola di sinodalit\u00e0.<br>Accogli le nostre azioni, i nostri talenti e le nostre riflessioni:<br>\u2013 il nostro manifesto fondativo;<br>\u2013 il nostro programma, gi\u00e0 sperimentato in diversi luoghi e trasmesso con la benedizione;<br>\u2013 i nostri alleati, qui e altrove, che oggi sono uniti a noi, sia in presenza sia online.<br>Mostraci il cammino che ora dobbiamo seguire, perch\u00e9 la piccola pianta possa crescere sotto la tua protezione.<br>Mandaci lo Spirito Santo, di cui abbiamo urgente bisogno, affinch\u00e9, come tuoi strumenti e figli amati del Padre, possiamo costruire questa scuola per la tua gioia, come dono giubilare a Papa Leone XIV e come segno di speranza e di fraternit\u00e0\u201d.<\/p><\/blockquote><\/figure>\n\n\n\n<p>Come espressione del loro impegno e della volont\u00e0 di mettere in gioco tutte le loro forze, firmarono il manifesto fondativo su pergamena, come segno duraturo del cammino che hanno intrapreso.<\/p>\n\n\n\n<figure class=\"wp-block-image aligncenter size-full\"><img decoding=\"async\" width=\"1600\" height=\"1200\" src=\"https:\/\/schoenstatt.com\/wp-content\/uploads\/2026\/01\/school-of-synodality-2.jpg\" alt=\"\" class=\"wp-image-67577\" srcset=\"https:\/\/schoenstatt.com\/wp-content\/uploads\/2026\/01\/school-of-synodality-2.jpg 1600w, https:\/\/schoenstatt.com\/wp-content\/uploads\/2026\/01\/school-of-synodality-2-768x576.jpg 768w, https:\/\/schoenstatt.com\/wp-content\/uploads\/2026\/01\/school-of-synodality-2-1536x1152.jpg 1536w\" sizes=\"(max-width: 1600px) 100vw, 1600px\" \/><\/figure>\n\n\n\n<p>La visione della Scuola della Sinodalit\u00e0 prende forma e si sviluppa continuamente sulla base di ci\u00f2 che viene elaborato e condiviso insieme, nello spirito della sinodalit\u00e0.<\/p>\n\n\n\n<p>Anche altri passi importanti dovrebbero essere annotati su questa pergamena.<\/p>\n\n\n\n<p>Come prossimi passi, desideriamo entrare in contatto con altri movimenti sinodali, fungere da punti di riferimento, raccogliere materiali formativi e informativi sulla sinodalit\u00e0 e sviluppare percorsi di formazione.<\/p>\n\n\n\n<p>Il gruppo di coordinamento considera questo progetto un\u2019iniziativa sinodale e condivisa e invita pertanto tutti a partecipare. Chi \u00e8 interessato pu\u00f2 iscriversi via e-mail all\u2019indirizzo school.of.synodality@gmail.com. Se lo desiderate, potete anche iscrivervi per ricevere una newsletter.<\/p>\n\n\n\n<p>Spirito Santo, guidaci e accompagnaci!<\/p>\n\n\n\n<p><em>Adsumus, Sancte Spiritus!<\/em><\/p>\n\n\n\n<p><strong>Dr.ssa Alicja Kostka (Federazione Femminile di Schoenstatt)<br>Kuno Leibold (Federazione delle Famiglie)<br>Maria Haag (Giovent\u00f9 Femminile)<br>Maria Hagenmaier (Lega delle Madri)<br>Matthias Koch (Giovent\u00f9 Maschile di Schoenstatt)<\/strong><\/p>\n\n\n\n<figure class=\"wp-block-image aligncenter size-full\"><img decoding=\"async\" width=\"750\" height=\"1000\" src=\"https:\/\/schoenstatt.com\/wp-content\/uploads\/2026\/01\/school-of-synodality-3.jpg\" alt=\"\" class=\"wp-image-67587\"\/><\/figure>\n\n\n\n<p><strong>Traduzione:<\/strong> Eugenio Minici<\/p>\n","protected":false},"excerpt":{"rendered":"<p>Un gruppo di schoenstattiani ha lanciato una Scuola di Sinodalit\u00e0 per contribuire alla \u201cChiesa sulle Nuove Spiagge\u201d.<\/p>\n","protected":false},"author":3,"featured_media":67585,"comment_status":"closed","ping_status":"closed","sticky":false,"template":"","format":"standard","meta":{"footnotes":""},"categories":[867],"tags":[558],"class_list":["post-67647","post","type-post","status-publish","format-standard","has-post-thumbnail","hentry","category-chiesa-it","tag-belmonte-roma-it"],"yoast_head":"<!-- This site is optimized with the Yoast SEO Premium plugin v27.4 (Yoast SEO v27.4) - https:\/\/yoast.com\/product\/yoast-seo-premium-wordpress\/ -->\n<title>Scuola di sinodalit\u00e0 a Belmonte: un progetto pionieristico di Schoenstatt<\/title>\n<meta name=\"description\" content=\"Un gruppo di schoenstattiani ha lanciato una Scuola di Sinodalit\u00e0 per contribuire alla \u201cChiesa sulle Nuove Spiagge\u201d.\" \/>\n<meta name=\"robots\" content=\"index, follow, max-snippet:-1, max-image-preview:large, max-video-preview:-1\" \/>\n<link rel=\"canonical\" href=\"https:\/\/schoenstatt.com\/it\/scuola-di-sinodalita-a-belmonte-un-progetto-pionieristico-di-schoenstatt\/\" \/>\n<meta property=\"og:locale\" content=\"it_IT\" \/>\n<meta property=\"og:type\" content=\"article\" \/>\n<meta property=\"og:title\" content=\"Scuola di sinodalit\u00e0 a Belmonte: un progetto pionieristico di Schoenstatt\" \/>\n<meta property=\"og:description\" content=\"Un gruppo di schoenstattiani ha lanciato una Scuola di Sinodalit\u00e0 per contribuire alla \u201cChiesa sulle Nuove Spiagge\u201d.\" \/>\n<meta property=\"og:url\" content=\"https:\/\/schoenstatt.com\/it\/scuola-di-sinodalita-a-belmonte-un-progetto-pionieristico-di-schoenstatt\/\" \/>\n<meta property=\"og:site_name\" content=\"Schoenstatt\" \/>\n<meta property=\"article:published_time\" content=\"2026-01-12T11:17:51+00:00\" \/>\n<meta property=\"article:modified_time\" content=\"2026-01-19T12:44:11+00:00\" \/>\n<meta property=\"og:image\" content=\"https:\/\/schoenstatt.com\/wp-content\/uploads\/2026\/01\/school-of-synodality.jpg\" \/>\n\t<meta property=\"og:image:width\" content=\"1470\" \/>\n\t<meta property=\"og:image:height\" content=\"1014\" \/>\n\t<meta property=\"og:image:type\" content=\"image\/jpeg\" \/>\n<meta name=\"author\" content=\"Karen Bueno\" \/>\n<meta name=\"twitter:card\" content=\"summary_large_image\" \/>\n<meta name=\"twitter:label1\" content=\"Scritto da\" \/>\n\t<meta name=\"twitter:data1\" content=\"Karen Bueno\" \/>\n\t<meta name=\"twitter:label2\" content=\"Tempo di lettura stimato\" \/>\n\t<meta name=\"twitter:data2\" content=\"4 minuti\" \/>\n<script type=\"application\/ld+json\" class=\"yoast-schema-graph\">{\"@context\":\"https:\\\/\\\/schema.org\",\"@graph\":[{\"@type\":\"Article\",\"@id\":\"https:\\\/\\\/schoenstatt.com\\\/it\\\/scuola-di-sinodalita-a-belmonte-un-progetto-pionieristico-di-schoenstatt\\\/#article\",\"isPartOf\":{\"@id\":\"https:\\\/\\\/schoenstatt.com\\\/it\\\/scuola-di-sinodalita-a-belmonte-un-progetto-pionieristico-di-schoenstatt\\\/\"},\"author\":{\"name\":\"Karen Bueno\",\"@id\":\"https:\\\/\\\/schoenstatt.com\\\/it\\\/#\\\/schema\\\/person\\\/5158877ad4acae98b34daaeef2a1ce6e\"},\"headline\":\"Scuola di sinodalit\u00e0 a Belmonte: un progetto pionieristico di Schoenstatt\",\"datePublished\":\"2026-01-12T11:17:51+00:00\",\"dateModified\":\"2026-01-19T12:44:11+00:00\",\"mainEntityOfPage\":{\"@id\":\"https:\\\/\\\/schoenstatt.com\\\/it\\\/scuola-di-sinodalita-a-belmonte-un-progetto-pionieristico-di-schoenstatt\\\/\"},\"wordCount\":703,\"publisher\":{\"@id\":\"https:\\\/\\\/schoenstatt.com\\\/it\\\/#organization\"},\"image\":{\"@id\":\"https:\\\/\\\/schoenstatt.com\\\/it\\\/scuola-di-sinodalita-a-belmonte-un-progetto-pionieristico-di-schoenstatt\\\/#primaryimage\"},\"thumbnailUrl\":\"https:\\\/\\\/schoenstatt.com\\\/wp-content\\\/uploads\\\/2026\\\/01\\\/school-of-synodality.jpg\",\"keywords\":[\"Belmonte - Roma\"],\"articleSection\":[\"Chiesa\"],\"inLanguage\":\"it-IT\"},{\"@type\":\"WebPage\",\"@id\":\"https:\\\/\\\/schoenstatt.com\\\/it\\\/scuola-di-sinodalita-a-belmonte-un-progetto-pionieristico-di-schoenstatt\\\/\",\"url\":\"https:\\\/\\\/schoenstatt.com\\\/it\\\/scuola-di-sinodalita-a-belmonte-un-progetto-pionieristico-di-schoenstatt\\\/\",\"name\":\"Scuola di sinodalit\u00e0 a Belmonte: un progetto pionieristico di Schoenstatt\",\"isPartOf\":{\"@id\":\"https:\\\/\\\/schoenstatt.com\\\/it\\\/#website\"},\"primaryImageOfPage\":{\"@id\":\"https:\\\/\\\/schoenstatt.com\\\/it\\\/scuola-di-sinodalita-a-belmonte-un-progetto-pionieristico-di-schoenstatt\\\/#primaryimage\"},\"image\":{\"@id\":\"https:\\\/\\\/schoenstatt.com\\\/it\\\/scuola-di-sinodalita-a-belmonte-un-progetto-pionieristico-di-schoenstatt\\\/#primaryimage\"},\"thumbnailUrl\":\"https:\\\/\\\/schoenstatt.com\\\/wp-content\\\/uploads\\\/2026\\\/01\\\/school-of-synodality.jpg\",\"datePublished\":\"2026-01-12T11:17:51+00:00\",\"dateModified\":\"2026-01-19T12:44:11+00:00\",\"description\":\"Un gruppo di schoenstattiani ha lanciato una Scuola di Sinodalit\u00e0 per contribuire alla \u201cChiesa sulle Nuove Spiagge\u201d.\",\"breadcrumb\":{\"@id\":\"https:\\\/\\\/schoenstatt.com\\\/it\\\/scuola-di-sinodalita-a-belmonte-un-progetto-pionieristico-di-schoenstatt\\\/#breadcrumb\"},\"inLanguage\":\"it-IT\",\"potentialAction\":[{\"@type\":\"ReadAction\",\"target\":[\"https:\\\/\\\/schoenstatt.com\\\/it\\\/scuola-di-sinodalita-a-belmonte-un-progetto-pionieristico-di-schoenstatt\\\/\"]}]},{\"@type\":\"ImageObject\",\"inLanguage\":\"it-IT\",\"@id\":\"https:\\\/\\\/schoenstatt.com\\\/it\\\/scuola-di-sinodalita-a-belmonte-un-progetto-pionieristico-di-schoenstatt\\\/#primaryimage\",\"url\":\"https:\\\/\\\/schoenstatt.com\\\/wp-content\\\/uploads\\\/2026\\\/01\\\/school-of-synodality.jpg\",\"contentUrl\":\"https:\\\/\\\/schoenstatt.com\\\/wp-content\\\/uploads\\\/2026\\\/01\\\/school-of-synodality.jpg\",\"width\":1470,\"height\":1014},{\"@type\":\"BreadcrumbList\",\"@id\":\"https:\\\/\\\/schoenstatt.com\\\/it\\\/scuola-di-sinodalita-a-belmonte-un-progetto-pionieristico-di-schoenstatt\\\/#breadcrumb\",\"itemListElement\":[{\"@type\":\"ListItem\",\"position\":1,\"name\":\"Portada\",\"item\":\"https:\\\/\\\/schoenstatt.com\\\/it\\\/home\\\/\"},{\"@type\":\"ListItem\",\"position\":2,\"name\":\"Scuola di sinodalit\u00e0 a Belmonte: un progetto pionieristico di Schoenstatt\"}]},{\"@type\":\"WebSite\",\"@id\":\"https:\\\/\\\/schoenstatt.com\\\/it\\\/#website\",\"url\":\"https:\\\/\\\/schoenstatt.com\\\/it\\\/\",\"name\":\"Schoenstatt\",\"description\":\"Apostolic Movement\",\"publisher\":{\"@id\":\"https:\\\/\\\/schoenstatt.com\\\/it\\\/#organization\"},\"potentialAction\":[{\"@type\":\"SearchAction\",\"target\":{\"@type\":\"EntryPoint\",\"urlTemplate\":\"https:\\\/\\\/schoenstatt.com\\\/it\\\/?s={search_term_string}\"},\"query-input\":{\"@type\":\"PropertyValueSpecification\",\"valueRequired\":true,\"valueName\":\"search_term_string\"}}],\"inLanguage\":\"it-IT\"},{\"@type\":\"Organization\",\"@id\":\"https:\\\/\\\/schoenstatt.com\\\/it\\\/#organization\",\"name\":\"Schoenstatt\",\"url\":\"https:\\\/\\\/schoenstatt.com\\\/it\\\/\",\"logo\":{\"@type\":\"ImageObject\",\"inLanguage\":\"it-IT\",\"@id\":\"https:\\\/\\\/schoenstatt.com\\\/it\\\/#\\\/schema\\\/logo\\\/image\\\/\",\"url\":\"https:\\\/\\\/schoenstatt.com\\\/wp-content\\\/uploads\\\/2025\\\/04\\\/logo-schoenstatt-white-696x696-1.png\",\"contentUrl\":\"https:\\\/\\\/schoenstatt.com\\\/wp-content\\\/uploads\\\/2025\\\/04\\\/logo-schoenstatt-white-696x696-1.png\",\"width\":696,\"height\":694,\"caption\":\"Schoenstatt\"},\"image\":{\"@id\":\"https:\\\/\\\/schoenstatt.com\\\/it\\\/#\\\/schema\\\/logo\\\/image\\\/\"}},{\"@type\":\"Person\",\"@id\":\"https:\\\/\\\/schoenstatt.com\\\/it\\\/#\\\/schema\\\/person\\\/5158877ad4acae98b34daaeef2a1ce6e\",\"name\":\"Karen Bueno\",\"image\":{\"@type\":\"ImageObject\",\"inLanguage\":\"it-IT\",\"@id\":\"https:\\\/\\\/secure.gravatar.com\\\/avatar\\\/f9f4b823873154269d2b2130f195f6d41037dd0d7fc5f3cacb5c846bae70d66b?s=96&d=mm&r=g\",\"url\":\"https:\\\/\\\/secure.gravatar.com\\\/avatar\\\/f9f4b823873154269d2b2130f195f6d41037dd0d7fc5f3cacb5c846bae70d66b?s=96&d=mm&r=g\",\"contentUrl\":\"https:\\\/\\\/secure.gravatar.com\\\/avatar\\\/f9f4b823873154269d2b2130f195f6d41037dd0d7fc5f3cacb5c846bae70d66b?s=96&d=mm&r=g\",\"caption\":\"Karen Bueno\"},\"url\":\"https:\\\/\\\/schoenstatt.com\\\/it\\\/author\\\/karen-bueno\\\/\"}]}<\/script>\n<!-- \/ Yoast SEO Premium plugin. -->","yoast_head_json":{"title":"Scuola di sinodalit\u00e0 a Belmonte: un progetto pionieristico di Schoenstatt","description":"Un gruppo di schoenstattiani ha lanciato una Scuola di Sinodalit\u00e0 per contribuire alla \u201cChiesa sulle Nuove Spiagge\u201d.","robots":{"index":"index","follow":"follow","max-snippet":"max-snippet:-1","max-image-preview":"max-image-preview:large","max-video-preview":"max-video-preview:-1"},"canonical":"https:\/\/schoenstatt.com\/it\/scuola-di-sinodalita-a-belmonte-un-progetto-pionieristico-di-schoenstatt\/","og_locale":"it_IT","og_type":"article","og_title":"Scuola di sinodalit\u00e0 a Belmonte: un progetto pionieristico di Schoenstatt","og_description":"Un gruppo di schoenstattiani ha lanciato una Scuola di Sinodalit\u00e0 per contribuire alla \u201cChiesa sulle Nuove Spiagge\u201d.","og_url":"https:\/\/schoenstatt.com\/it\/scuola-di-sinodalita-a-belmonte-un-progetto-pionieristico-di-schoenstatt\/","og_site_name":"Schoenstatt","article_published_time":"2026-01-12T11:17:51+00:00","article_modified_time":"2026-01-19T12:44:11+00:00","og_image":[{"width":1470,"height":1014,"url":"https:\/\/schoenstatt.com\/wp-content\/uploads\/2026\/01\/school-of-synodality.jpg","type":"image\/jpeg"}],"author":"Karen Bueno","twitter_card":"summary_large_image","twitter_misc":{"Scritto da":"Karen Bueno","Tempo di lettura stimato":"4 minuti"},"schema":{"@context":"https:\/\/schema.org","@graph":[{"@type":"Article","@id":"https:\/\/schoenstatt.com\/it\/scuola-di-sinodalita-a-belmonte-un-progetto-pionieristico-di-schoenstatt\/#article","isPartOf":{"@id":"https:\/\/schoenstatt.com\/it\/scuola-di-sinodalita-a-belmonte-un-progetto-pionieristico-di-schoenstatt\/"},"author":{"name":"Karen Bueno","@id":"https:\/\/schoenstatt.com\/it\/#\/schema\/person\/5158877ad4acae98b34daaeef2a1ce6e"},"headline":"Scuola di sinodalit\u00e0 a Belmonte: un progetto pionieristico di Schoenstatt","datePublished":"2026-01-12T11:17:51+00:00","dateModified":"2026-01-19T12:44:11+00:00","mainEntityOfPage":{"@id":"https:\/\/schoenstatt.com\/it\/scuola-di-sinodalita-a-belmonte-un-progetto-pionieristico-di-schoenstatt\/"},"wordCount":703,"publisher":{"@id":"https:\/\/schoenstatt.com\/it\/#organization"},"image":{"@id":"https:\/\/schoenstatt.com\/it\/scuola-di-sinodalita-a-belmonte-un-progetto-pionieristico-di-schoenstatt\/#primaryimage"},"thumbnailUrl":"https:\/\/schoenstatt.com\/wp-content\/uploads\/2026\/01\/school-of-synodality.jpg","keywords":["Belmonte - Roma"],"articleSection":["Chiesa"],"inLanguage":"it-IT"},{"@type":"WebPage","@id":"https:\/\/schoenstatt.com\/it\/scuola-di-sinodalita-a-belmonte-un-progetto-pionieristico-di-schoenstatt\/","url":"https:\/\/schoenstatt.com\/it\/scuola-di-sinodalita-a-belmonte-un-progetto-pionieristico-di-schoenstatt\/","name":"Scuola di sinodalit\u00e0 a Belmonte: un progetto pionieristico di Schoenstatt","isPartOf":{"@id":"https:\/\/schoenstatt.com\/it\/#website"},"primaryImageOfPage":{"@id":"https:\/\/schoenstatt.com\/it\/scuola-di-sinodalita-a-belmonte-un-progetto-pionieristico-di-schoenstatt\/#primaryimage"},"image":{"@id":"https:\/\/schoenstatt.com\/it\/scuola-di-sinodalita-a-belmonte-un-progetto-pionieristico-di-schoenstatt\/#primaryimage"},"thumbnailUrl":"https:\/\/schoenstatt.com\/wp-content\/uploads\/2026\/01\/school-of-synodality.jpg","datePublished":"2026-01-12T11:17:51+00:00","dateModified":"2026-01-19T12:44:11+00:00","description":"Un gruppo di schoenstattiani ha lanciato una Scuola di Sinodalit\u00e0 per contribuire alla \u201cChiesa sulle Nuove Spiagge\u201d.","breadcrumb":{"@id":"https:\/\/schoenstatt.com\/it\/scuola-di-sinodalita-a-belmonte-un-progetto-pionieristico-di-schoenstatt\/#breadcrumb"},"inLanguage":"it-IT","potentialAction":[{"@type":"ReadAction","target":["https:\/\/schoenstatt.com\/it\/scuola-di-sinodalita-a-belmonte-un-progetto-pionieristico-di-schoenstatt\/"]}]},{"@type":"ImageObject","inLanguage":"it-IT","@id":"https:\/\/schoenstatt.com\/it\/scuola-di-sinodalita-a-belmonte-un-progetto-pionieristico-di-schoenstatt\/#primaryimage","url":"https:\/\/schoenstatt.com\/wp-content\/uploads\/2026\/01\/school-of-synodality.jpg","contentUrl":"https:\/\/schoenstatt.com\/wp-content\/uploads\/2026\/01\/school-of-synodality.jpg","width":1470,"height":1014},{"@type":"BreadcrumbList","@id":"https:\/\/schoenstatt.com\/it\/scuola-di-sinodalita-a-belmonte-un-progetto-pionieristico-di-schoenstatt\/#breadcrumb","itemListElement":[{"@type":"ListItem","position":1,"name":"Portada","item":"https:\/\/schoenstatt.com\/it\/home\/"},{"@type":"ListItem","position":2,"name":"Scuola di sinodalit\u00e0 a Belmonte: un progetto pionieristico di Schoenstatt"}]},{"@type":"WebSite","@id":"https:\/\/schoenstatt.com\/it\/#website","url":"https:\/\/schoenstatt.com\/it\/","name":"Schoenstatt","description":"Apostolic Movement","publisher":{"@id":"https:\/\/schoenstatt.com\/it\/#organization"},"potentialAction":[{"@type":"SearchAction","target":{"@type":"EntryPoint","urlTemplate":"https:\/\/schoenstatt.com\/it\/?s={search_term_string}"},"query-input":{"@type":"PropertyValueSpecification","valueRequired":true,"valueName":"search_term_string"}}],"inLanguage":"it-IT"},{"@type":"Organization","@id":"https:\/\/schoenstatt.com\/it\/#organization","name":"Schoenstatt","url":"https:\/\/schoenstatt.com\/it\/","logo":{"@type":"ImageObject","inLanguage":"it-IT","@id":"https:\/\/schoenstatt.com\/it\/#\/schema\/logo\/image\/","url":"https:\/\/schoenstatt.com\/wp-content\/uploads\/2025\/04\/logo-schoenstatt-white-696x696-1.png","contentUrl":"https:\/\/schoenstatt.com\/wp-content\/uploads\/2025\/04\/logo-schoenstatt-white-696x696-1.png","width":696,"height":694,"caption":"Schoenstatt"},"image":{"@id":"https:\/\/schoenstatt.com\/it\/#\/schema\/logo\/image\/"}},{"@type":"Person","@id":"https:\/\/schoenstatt.com\/it\/#\/schema\/person\/5158877ad4acae98b34daaeef2a1ce6e","name":"Karen Bueno","image":{"@type":"ImageObject","inLanguage":"it-IT","@id":"https:\/\/secure.gravatar.com\/avatar\/f9f4b823873154269d2b2130f195f6d41037dd0d7fc5f3cacb5c846bae70d66b?s=96&d=mm&r=g","url":"https:\/\/secure.gravatar.com\/avatar\/f9f4b823873154269d2b2130f195f6d41037dd0d7fc5f3cacb5c846bae70d66b?s=96&d=mm&r=g","contentUrl":"https:\/\/secure.gravatar.com\/avatar\/f9f4b823873154269d2b2130f195f6d41037dd0d7fc5f3cacb5c846bae70d66b?s=96&d=mm&r=g","caption":"Karen Bueno"},"url":"https:\/\/schoenstatt.com\/it\/author\/karen-bueno\/"}]}},"_links":{"self":[{"href":"https:\/\/schoenstatt.com\/it\/wp-json\/wp\/v2\/posts\/67647","targetHints":{"allow":["GET"]}}],"collection":[{"href":"https:\/\/schoenstatt.com\/it\/wp-json\/wp\/v2\/posts"}],"about":[{"href":"https:\/\/schoenstatt.com\/it\/wp-json\/wp\/v2\/types\/post"}],"author":[{"embeddable":true,"href":"https:\/\/schoenstatt.com\/it\/wp-json\/wp\/v2\/users\/3"}],"replies":[{"embeddable":true,"href":"https:\/\/schoenstatt.com\/it\/wp-json\/wp\/v2\/comments?post=67647"}],"version-history":[{"count":2,"href":"https:\/\/schoenstatt.com\/it\/wp-json\/wp\/v2\/posts\/67647\/revisions"}],"predecessor-version":[{"id":67649,"href":"https:\/\/schoenstatt.com\/it\/wp-json\/wp\/v2\/posts\/67647\/revisions\/67649"}],"wp:featuredmedia":[{"embeddable":true,"href":"https:\/\/schoenstatt.com\/it\/wp-json\/wp\/v2\/media\/67585"}],"wp:attachment":[{"href":"https:\/\/schoenstatt.com\/it\/wp-json\/wp\/v2\/media?parent=67647"}],"wp:term":[{"taxonomy":"category","embeddable":true,"href":"https:\/\/schoenstatt.com\/it\/wp-json\/wp\/v2\/categories?post=67647"},{"taxonomy":"post_tag","embeddable":true,"href":"https:\/\/schoenstatt.com\/it\/wp-json\/wp\/v2\/tags?post=67647"}],"curies":[{"name":"wp","href":"https:\/\/api.w.org\/{rel}","templated":true}]}}