{"id":67145,"date":"2025-12-12T13:02:32","date_gmt":"2025-12-12T12:02:32","guid":{"rendered":"https:\/\/schoenstatt.com\/?p=67145"},"modified":"2025-12-15T13:38:27","modified_gmt":"2025-12-15T12:38:27","slug":"maria-di-guadalupe-luce-di-speranza-nelloscurita-dei-nostri-tempi","status":"publish","type":"post","link":"https:\/\/schoenstatt.com\/it\/maria-di-guadalupe-luce-di-speranza-nelloscurita-dei-nostri-tempi\/","title":{"rendered":"Maria di Guadalupe, luce di speranza nell\u2019oscurit\u00e0 dei nostri tempi"},"content":{"rendered":"\n<p>Il 12 dicembre \u00e8 un giorno di gioia e di speranza, in cui la Chiesa cattolica celebra le apparizioni della Vergine di Guadalupe. Dal Messico, la devozione alla Beata Madre di Guadalupe si \u00e8 diffusa oltre i confini, portando con s\u00e9 un messaggio universale di unit\u00e0 e di pace.<\/p>\n\n\n\n<p>In Guadalupe, la Beata Vergine trasmette speranza ed \u00e8 simbolo di unit\u00e0, protezione e conforto nei tempi difficili. \u00c8 un faro di fede che ispira riconciliazione, giustizia e perseveranza di fronte alle avversit\u00e0. Nel suo ruolo storico, si distingue come vessillo di speranza per il popolo messicano e per molti altri popoli. Con il suo messaggio di amore, misericordia e pace, conduce tutti a Cristo.<\/p>\n\n\n\n<figure class=\"wp-block-image size-full\"><img fetchpriority=\"high\" decoding=\"async\" width=\"708\" height=\"1000\" src=\"https:\/\/schoenstatt.com\/wp-content\/uploads\/2025\/12\/guadalupe-3.webp\" alt=\"\" class=\"wp-image-67085\"\/><\/figure>\n\n\n\n<h3 class=\"wp-block-heading\" id=\"h-simbolo-di-speranza\">Simbolo di speranza<\/h3>\n\n\n\n<p>L\u2019apparizione di Maria sul colle di Tepeyac avvenne dieci anni dopo la conquista del Messico, in un clima di frattura culturale, dolore, sfiducia e tensioni tra gli spagnoli e i popoli indigeni. Quando apparve, parl\u00f2 in <em>nahuatl<\/em>, la lingua del popolo conquistato, e si present\u00f2 come Madre di tutti.<\/p>\n\n\n\n<p>Il <em>Nican Mopohua<\/em>, il racconto delle apparizioni della Beata Vergine di Guadalupe, porta questo nome perch\u00e9 nel testo in nahuatl inizia con queste parole, che significano: \u00abQui si narra\u00bb. In esso leggiamo come ella si rivolge a Juan Diego:<\/p>\n\n\n\n<p><em>NM 12. \u2013 \u201cMio Juanito, mio Juan Dieguito\u2026 io sono la perfetta sempre Vergine Santa Maria, e ho il privilegio di essere la Madre del vero Dio per il quale viviamo\u201d.<\/em><\/p>\n\n\n\n<p><em>NM 119. \u2013 \u201cNon sono forse qui io, che sono tua madre? Che cosa, non sei forse nel mio grembo e non corri forse sotto la mia protezione? Hai ancora bisogno di qualcos\u2019altro? <\/em><\/p>\n\n\n\n<p><em>NM 120. \u2013 Ti prego, non lasciare che nient\u2019altro ti rattristi\u201d.<\/em><\/p>\n\n\n\n<p>Questo discorso nasce in un momento di angoscia per Juan Diego, preoccupato per la malattia dello zio. La Vergine Maria risponde offrendo:<\/p>\n\n\n\n<p><strong>Compagnia, tenerezza materna e speranza di fronte alla malattia e alla paura.<\/strong><\/p>\n\n\n\n<p>Per generazioni, questa scena \u00e8 diventata uno dei testi mariani pi\u00f9 spiritualmente consolanti nella storia della Chiesa.<\/p>\n\n\n\n<h3 class=\"wp-block-heading\" id=\"h-fonte-di-forza-e-perseveranza\">Fonte di forza e perseveranza<\/h3>\n\n\n\n<p>Dopo essersi offerta come sua Madre, Maria affida a Juan Diego una missione:<\/p>\n\n\n\n<p><em>NM 25. \u2013 \u201cTi voglio molto bene, desidero ardentemente che tu abbia la bont\u00e0 di costruirmi qui il mio piccolo tempio\u201d.<\/em><\/p>\n\n\n\n<p><em>NM 32. \u2013 \u201cPerch\u00e9 l\u00ec io sar\u00f2 sempre pronta ad ascoltare i miei figli, i loro pianti, la loro tristezza, a purificare e guarire tutte le loro diverse miserie, i loro dolori, le loro sofferenze\u201d.<\/em><\/p>\n\n\n\n<h3 class=\"wp-block-heading\" id=\"h-maria-chiede-che-venga-costruita-una-chiesa-ma\">Maria chiede che venga costruita una chiesa, ma\u2026<\/h3>\n\n\n\n<p>non \u00e8 un compito facile, poich\u00e9 per realizzarlo Juan Diego, un semplice uomo indigeno, senza istruzione, deve presentarsi davanti al vescovo.<\/p>\n\n\n\n<p><em>NM 33 \u2013 \u201cE per portare a compimento con certezza ci\u00f2 che Egli (Dio) desidera\u2026 digli quanto \u00e8 grande e ardente il mio desiderio che egli costruisca il mio tempio nella pianura\u201d. 34 \u2013 \u201cE stai certo che te ne sar\u00f2 molto grata e ti ricompenser\u00f2\u201d. 35 \u2013 \u201cSpero che accetterai di andare e che vorrai impegnarti con tutte le tue forze\u201d.<\/em><\/p>\n\n\n\n<p>Juan Diego va dal vescovo, ma il primo incontro \u00e8 un fallimento. Cos\u00ec racconta alla Vergine Maria ci\u00f2 che \u00e8 accaduto. Lei gli dona forza, lo riempie di speranza e gli chiede di perseverare nella sua missione.<\/p>\n\n\n\n<p><em>NM 59 \u2013 \u201cLa Vergine dice a Juan Diego: \u201c\u2026\u00e8 necessario che sia proprio tu a trattare e a occuparti di questa cosa\u202660 \u2026e ti comando severamente di tornare domani a vedere il vescovo\u201d.<\/em><\/p>\n\n\n\n<p>A quel punto l\u2019indigeno ritorna dal vescovo, il quale gli chiede un segno concreto della presenza di Maria.<br>NM 125 \u2013 \u201cElla si degn\u00f2 di dirgli: \u2018Sali, figlio mio carissimo, sulla cima del colle, dove mi hai visto e dove ti ho dato gli ordini. 126 \u2013 L\u00ec vedrai che sono sbocciati vari fiori: tagliali, raccoglili e mettili insieme. Poi portali qui, qui davanti a me, portameli\u201d.<\/p>\n\n\n\n<p>Cos\u00ec Juan Diego riempie la sua tilma (il suo mantello) di fiori raccolti sulla montagna, un luogo di terra arida, e li porta al vescovo. Tutti rimangono profondamente sorpresi quando sulla tilma appare l\u2019immagine di Maria di Guadalupe.<\/p>\n\n\n\n<p>La sua immagine unisce simbolismi indigeni (il mantello turchese, il fiore nahui ollin, il nastro che rappresenta la gravidanza) e simbolismi cristiani (tratti di origine europea, come la stella del mattino e il sole).<\/p>\n\n\n\n<h3 class=\"wp-block-heading\" id=\"h-promessa-di-aiuto\">Promessa di aiuto<\/h3>\n\n\n\n<p>Nel racconto delle sue apparizioni, la Beata Madre di Guadalupe promette il suo \u201camore, la sua compassione, il suo aiuto e la sua protezione\u201d a tutti coloro che la cercano e confidano in lei, offrendo sollievo dalla sofferenza e dalle sventure.<\/p>\n\n\n\n<p>\u00c8 simbolo di una maternit\u00e0 misericordiosa che ascolta i \u201cpianti e i dolori\u201d del suo popolo, generando una profonda speranza e fiducia nella sua intercessione.<\/p>\n\n\n\n<p>La Basilica di Guadalupe riunisce tutte le persone, al di l\u00e0 delle differenze sociali, culturali o religiose. L\u2019esperienza stessa del santuario \u00e8 un segno vivo di unit\u00e0 e consolazione, perch\u00e9 la Beata Madre attrae, ascolta e abbraccia tutti in modo uguale. \u00c8 simbolo della \u00abmissione del continente della speranza\u00bb, che incoraggia la costruzione di una societ\u00e0 giusta.<\/p>\n\n\n\n<figure class=\"wp-block-pullquote has-medium-font-size\" style=\"border-top-color:var(--wp--preset--color--luminous-vivid-orange);border-top-style:solid;border-top-width:1px;border-bottom-color:var(--wp--preset--color--luminous-vivid-orange);border-bottom-style:solid;border-bottom-width:1px;font-style:italic;font-weight:300\"><blockquote><p>\u201cMadre di Guadalupe,<br>presenza luminosa nella nostra storia,<br>rinnova in noi la speranza<br>e insegnaci a camminare come fratelli e sorelle.<br>La tua tenerezza ci sostenga,<br>il tuo sguardo ci conforti<br>e il tuo esempio ci ispiri a costruire pace e unit\u00e0,<br>perch\u00e9 Cristo regni nei nostri cuori.\u201d<\/p><cite>Giovanni Paolo II, 1979<\/cite><\/blockquote><\/figure>\n\n\n\n<p><strong>Traduzione: <\/strong>Eugenio Minici<\/p>\n","protected":false},"excerpt":{"rendered":"<p>\u201cNon sono forse qui io, che sono tua madre?\u201d L&#8217;immagine di Guadalupe ci d\u00e0 speranza nei momenti bui.<\/p>\n","protected":false},"author":3,"featured_media":67082,"comment_status":"closed","ping_status":"closed","sticky":false,"template":"","format":"standard","meta":{"footnotes":""},"categories":[915],"tags":[1186],"class_list":["post-67145","post","type-post","status-publish","format-standard","has-post-thumbnail","hentry","category-spiritualita-it","tag-schoenstatt-messico-it"],"yoast_head":"<!-- This site is optimized with the Yoast SEO Premium plugin v27.4 (Yoast SEO v27.4) - https:\/\/yoast.com\/product\/yoast-seo-premium-wordpress\/ -->\n<title>Maria di Guadalupe, luce di speranza nell\u2019oscurit\u00e0 dei nostri tempi - Schoenstatt<\/title>\n<meta name=\"description\" content=\"\u201cNon sono forse qui io, che sono tua madre?\u201d L&#039;immagine di Guadalupe ci d\u00e0 speranza nei momenti bui.\" \/>\n<meta name=\"robots\" content=\"index, follow, max-snippet:-1, max-image-preview:large, max-video-preview:-1\" \/>\n<link rel=\"canonical\" href=\"https:\/\/schoenstatt.com\/it\/maria-di-guadalupe-luce-di-speranza-nelloscurita-dei-nostri-tempi\/\" \/>\n<meta property=\"og:locale\" content=\"it_IT\" \/>\n<meta property=\"og:type\" content=\"article\" \/>\n<meta property=\"og:title\" content=\"Maria di Guadalupe, luce di speranza nell\u2019oscurit\u00e0 dei nostri tempi\" \/>\n<meta property=\"og:description\" content=\"\u201cNon sono forse qui io, che sono tua madre?\u201d L&#039;immagine di Guadalupe ci d\u00e0 speranza nei momenti bui.\" \/>\n<meta property=\"og:url\" content=\"https:\/\/schoenstatt.com\/it\/maria-di-guadalupe-luce-di-speranza-nelloscurita-dei-nostri-tempi\/\" \/>\n<meta property=\"og:site_name\" content=\"Schoenstatt\" \/>\n<meta property=\"article:published_time\" content=\"2025-12-12T12:02:32+00:00\" \/>\n<meta property=\"article:modified_time\" content=\"2025-12-15T12:38:27+00:00\" \/>\n<meta property=\"og:image\" content=\"https:\/\/schoenstatt.com\/wp-content\/uploads\/2025\/12\/guadalupe-2.webp\" \/>\n\t<meta property=\"og:image:width\" content=\"2048\" \/>\n\t<meta property=\"og:image:height\" content=\"1071\" \/>\n\t<meta property=\"og:image:type\" content=\"image\/jpeg\" \/>\n<meta name=\"author\" content=\"Karen Bueno\" \/>\n<meta name=\"twitter:card\" content=\"summary_large_image\" \/>\n<meta name=\"twitter:label1\" content=\"Scritto da\" \/>\n\t<meta name=\"twitter:data1\" content=\"Karen Bueno\" \/>\n\t<meta name=\"twitter:label2\" content=\"Tempo di lettura stimato\" \/>\n\t<meta name=\"twitter:data2\" content=\"5 minuti\" \/>\n<script type=\"application\/ld+json\" class=\"yoast-schema-graph\">{\"@context\":\"https:\\\/\\\/schema.org\",\"@graph\":[{\"@type\":\"Article\",\"@id\":\"https:\\\/\\\/schoenstatt.com\\\/it\\\/maria-di-guadalupe-luce-di-speranza-nelloscurita-dei-nostri-tempi\\\/#article\",\"isPartOf\":{\"@id\":\"https:\\\/\\\/schoenstatt.com\\\/it\\\/maria-di-guadalupe-luce-di-speranza-nelloscurita-dei-nostri-tempi\\\/\"},\"author\":{\"name\":\"Karen Bueno\",\"@id\":\"https:\\\/\\\/schoenstatt.com\\\/it\\\/#\\\/schema\\\/person\\\/5158877ad4acae98b34daaeef2a1ce6e\"},\"headline\":\"Maria di Guadalupe, luce di speranza nell\u2019oscurit\u00e0 dei nostri tempi\",\"datePublished\":\"2025-12-12T12:02:32+00:00\",\"dateModified\":\"2025-12-15T12:38:27+00:00\",\"mainEntityOfPage\":{\"@id\":\"https:\\\/\\\/schoenstatt.com\\\/it\\\/maria-di-guadalupe-luce-di-speranza-nelloscurita-dei-nostri-tempi\\\/\"},\"wordCount\":865,\"publisher\":{\"@id\":\"https:\\\/\\\/schoenstatt.com\\\/it\\\/#organization\"},\"image\":{\"@id\":\"https:\\\/\\\/schoenstatt.com\\\/it\\\/maria-di-guadalupe-luce-di-speranza-nelloscurita-dei-nostri-tempi\\\/#primaryimage\"},\"thumbnailUrl\":\"https:\\\/\\\/schoenstatt.com\\\/wp-content\\\/uploads\\\/2025\\\/12\\\/guadalupe-2.webp\",\"keywords\":[\"Schoenstatt Messico\"],\"articleSection\":[\"Spiritualit\u00e0\"],\"inLanguage\":\"it-IT\"},{\"@type\":\"WebPage\",\"@id\":\"https:\\\/\\\/schoenstatt.com\\\/it\\\/maria-di-guadalupe-luce-di-speranza-nelloscurita-dei-nostri-tempi\\\/\",\"url\":\"https:\\\/\\\/schoenstatt.com\\\/it\\\/maria-di-guadalupe-luce-di-speranza-nelloscurita-dei-nostri-tempi\\\/\",\"name\":\"Maria di Guadalupe, luce di speranza nell\u2019oscurit\u00e0 dei nostri tempi - Schoenstatt\",\"isPartOf\":{\"@id\":\"https:\\\/\\\/schoenstatt.com\\\/it\\\/#website\"},\"primaryImageOfPage\":{\"@id\":\"https:\\\/\\\/schoenstatt.com\\\/it\\\/maria-di-guadalupe-luce-di-speranza-nelloscurita-dei-nostri-tempi\\\/#primaryimage\"},\"image\":{\"@id\":\"https:\\\/\\\/schoenstatt.com\\\/it\\\/maria-di-guadalupe-luce-di-speranza-nelloscurita-dei-nostri-tempi\\\/#primaryimage\"},\"thumbnailUrl\":\"https:\\\/\\\/schoenstatt.com\\\/wp-content\\\/uploads\\\/2025\\\/12\\\/guadalupe-2.webp\",\"datePublished\":\"2025-12-12T12:02:32+00:00\",\"dateModified\":\"2025-12-15T12:38:27+00:00\",\"description\":\"\u201cNon sono forse qui io, che sono tua madre?\u201d L'immagine di Guadalupe ci d\u00e0 speranza nei momenti bui.\",\"breadcrumb\":{\"@id\":\"https:\\\/\\\/schoenstatt.com\\\/it\\\/maria-di-guadalupe-luce-di-speranza-nelloscurita-dei-nostri-tempi\\\/#breadcrumb\"},\"inLanguage\":\"it-IT\",\"potentialAction\":[{\"@type\":\"ReadAction\",\"target\":[\"https:\\\/\\\/schoenstatt.com\\\/it\\\/maria-di-guadalupe-luce-di-speranza-nelloscurita-dei-nostri-tempi\\\/\"]}]},{\"@type\":\"ImageObject\",\"inLanguage\":\"it-IT\",\"@id\":\"https:\\\/\\\/schoenstatt.com\\\/it\\\/maria-di-guadalupe-luce-di-speranza-nelloscurita-dei-nostri-tempi\\\/#primaryimage\",\"url\":\"https:\\\/\\\/schoenstatt.com\\\/wp-content\\\/uploads\\\/2025\\\/12\\\/guadalupe-2.webp\",\"contentUrl\":\"https:\\\/\\\/schoenstatt.com\\\/wp-content\\\/uploads\\\/2025\\\/12\\\/guadalupe-2.webp\",\"width\":2048,\"height\":1071},{\"@type\":\"BreadcrumbList\",\"@id\":\"https:\\\/\\\/schoenstatt.com\\\/it\\\/maria-di-guadalupe-luce-di-speranza-nelloscurita-dei-nostri-tempi\\\/#breadcrumb\",\"itemListElement\":[{\"@type\":\"ListItem\",\"position\":1,\"name\":\"Portada\",\"item\":\"https:\\\/\\\/schoenstatt.com\\\/it\\\/home\\\/\"},{\"@type\":\"ListItem\",\"position\":2,\"name\":\"Maria di Guadalupe, luce di speranza nell\u2019oscurit\u00e0 dei nostri tempi\"}]},{\"@type\":\"WebSite\",\"@id\":\"https:\\\/\\\/schoenstatt.com\\\/it\\\/#website\",\"url\":\"https:\\\/\\\/schoenstatt.com\\\/it\\\/\",\"name\":\"Schoenstatt\",\"description\":\"Apostolic Movement\",\"publisher\":{\"@id\":\"https:\\\/\\\/schoenstatt.com\\\/it\\\/#organization\"},\"potentialAction\":[{\"@type\":\"SearchAction\",\"target\":{\"@type\":\"EntryPoint\",\"urlTemplate\":\"https:\\\/\\\/schoenstatt.com\\\/it\\\/?s={search_term_string}\"},\"query-input\":{\"@type\":\"PropertyValueSpecification\",\"valueRequired\":true,\"valueName\":\"search_term_string\"}}],\"inLanguage\":\"it-IT\"},{\"@type\":\"Organization\",\"@id\":\"https:\\\/\\\/schoenstatt.com\\\/it\\\/#organization\",\"name\":\"Schoenstatt\",\"url\":\"https:\\\/\\\/schoenstatt.com\\\/it\\\/\",\"logo\":{\"@type\":\"ImageObject\",\"inLanguage\":\"it-IT\",\"@id\":\"https:\\\/\\\/schoenstatt.com\\\/it\\\/#\\\/schema\\\/logo\\\/image\\\/\",\"url\":\"https:\\\/\\\/schoenstatt.com\\\/wp-content\\\/uploads\\\/2025\\\/04\\\/logo-schoenstatt-white-696x696-1.png\",\"contentUrl\":\"https:\\\/\\\/schoenstatt.com\\\/wp-content\\\/uploads\\\/2025\\\/04\\\/logo-schoenstatt-white-696x696-1.png\",\"width\":696,\"height\":694,\"caption\":\"Schoenstatt\"},\"image\":{\"@id\":\"https:\\\/\\\/schoenstatt.com\\\/it\\\/#\\\/schema\\\/logo\\\/image\\\/\"}},{\"@type\":\"Person\",\"@id\":\"https:\\\/\\\/schoenstatt.com\\\/it\\\/#\\\/schema\\\/person\\\/5158877ad4acae98b34daaeef2a1ce6e\",\"name\":\"Karen Bueno\",\"image\":{\"@type\":\"ImageObject\",\"inLanguage\":\"it-IT\",\"@id\":\"https:\\\/\\\/secure.gravatar.com\\\/avatar\\\/f9f4b823873154269d2b2130f195f6d41037dd0d7fc5f3cacb5c846bae70d66b?s=96&d=mm&r=g\",\"url\":\"https:\\\/\\\/secure.gravatar.com\\\/avatar\\\/f9f4b823873154269d2b2130f195f6d41037dd0d7fc5f3cacb5c846bae70d66b?s=96&d=mm&r=g\",\"contentUrl\":\"https:\\\/\\\/secure.gravatar.com\\\/avatar\\\/f9f4b823873154269d2b2130f195f6d41037dd0d7fc5f3cacb5c846bae70d66b?s=96&d=mm&r=g\",\"caption\":\"Karen Bueno\"},\"url\":\"https:\\\/\\\/schoenstatt.com\\\/it\\\/author\\\/karen-bueno\\\/\"}]}<\/script>\n<!-- \/ Yoast SEO Premium plugin. -->","yoast_head_json":{"title":"Maria di Guadalupe, luce di speranza nell\u2019oscurit\u00e0 dei nostri tempi - Schoenstatt","description":"\u201cNon sono forse qui io, che sono tua madre?\u201d L'immagine di Guadalupe ci d\u00e0 speranza nei momenti bui.","robots":{"index":"index","follow":"follow","max-snippet":"max-snippet:-1","max-image-preview":"max-image-preview:large","max-video-preview":"max-video-preview:-1"},"canonical":"https:\/\/schoenstatt.com\/it\/maria-di-guadalupe-luce-di-speranza-nelloscurita-dei-nostri-tempi\/","og_locale":"it_IT","og_type":"article","og_title":"Maria di Guadalupe, luce di speranza nell\u2019oscurit\u00e0 dei nostri tempi","og_description":"\u201cNon sono forse qui io, che sono tua madre?\u201d L'immagine di Guadalupe ci d\u00e0 speranza nei momenti bui.","og_url":"https:\/\/schoenstatt.com\/it\/maria-di-guadalupe-luce-di-speranza-nelloscurita-dei-nostri-tempi\/","og_site_name":"Schoenstatt","article_published_time":"2025-12-12T12:02:32+00:00","article_modified_time":"2025-12-15T12:38:27+00:00","og_image":[{"width":2048,"height":1071,"url":"https:\/\/schoenstatt.com\/wp-content\/uploads\/2025\/12\/guadalupe-2.webp","type":"image\/jpeg"}],"author":"Karen Bueno","twitter_card":"summary_large_image","twitter_misc":{"Scritto da":"Karen Bueno","Tempo di lettura stimato":"5 minuti"},"schema":{"@context":"https:\/\/schema.org","@graph":[{"@type":"Article","@id":"https:\/\/schoenstatt.com\/it\/maria-di-guadalupe-luce-di-speranza-nelloscurita-dei-nostri-tempi\/#article","isPartOf":{"@id":"https:\/\/schoenstatt.com\/it\/maria-di-guadalupe-luce-di-speranza-nelloscurita-dei-nostri-tempi\/"},"author":{"name":"Karen Bueno","@id":"https:\/\/schoenstatt.com\/it\/#\/schema\/person\/5158877ad4acae98b34daaeef2a1ce6e"},"headline":"Maria di Guadalupe, luce di speranza nell\u2019oscurit\u00e0 dei nostri tempi","datePublished":"2025-12-12T12:02:32+00:00","dateModified":"2025-12-15T12:38:27+00:00","mainEntityOfPage":{"@id":"https:\/\/schoenstatt.com\/it\/maria-di-guadalupe-luce-di-speranza-nelloscurita-dei-nostri-tempi\/"},"wordCount":865,"publisher":{"@id":"https:\/\/schoenstatt.com\/it\/#organization"},"image":{"@id":"https:\/\/schoenstatt.com\/it\/maria-di-guadalupe-luce-di-speranza-nelloscurita-dei-nostri-tempi\/#primaryimage"},"thumbnailUrl":"https:\/\/schoenstatt.com\/wp-content\/uploads\/2025\/12\/guadalupe-2.webp","keywords":["Schoenstatt Messico"],"articleSection":["Spiritualit\u00e0"],"inLanguage":"it-IT"},{"@type":"WebPage","@id":"https:\/\/schoenstatt.com\/it\/maria-di-guadalupe-luce-di-speranza-nelloscurita-dei-nostri-tempi\/","url":"https:\/\/schoenstatt.com\/it\/maria-di-guadalupe-luce-di-speranza-nelloscurita-dei-nostri-tempi\/","name":"Maria di Guadalupe, luce di speranza nell\u2019oscurit\u00e0 dei nostri tempi - Schoenstatt","isPartOf":{"@id":"https:\/\/schoenstatt.com\/it\/#website"},"primaryImageOfPage":{"@id":"https:\/\/schoenstatt.com\/it\/maria-di-guadalupe-luce-di-speranza-nelloscurita-dei-nostri-tempi\/#primaryimage"},"image":{"@id":"https:\/\/schoenstatt.com\/it\/maria-di-guadalupe-luce-di-speranza-nelloscurita-dei-nostri-tempi\/#primaryimage"},"thumbnailUrl":"https:\/\/schoenstatt.com\/wp-content\/uploads\/2025\/12\/guadalupe-2.webp","datePublished":"2025-12-12T12:02:32+00:00","dateModified":"2025-12-15T12:38:27+00:00","description":"\u201cNon sono forse qui io, che sono tua madre?\u201d L'immagine di Guadalupe ci d\u00e0 speranza nei momenti bui.","breadcrumb":{"@id":"https:\/\/schoenstatt.com\/it\/maria-di-guadalupe-luce-di-speranza-nelloscurita-dei-nostri-tempi\/#breadcrumb"},"inLanguage":"it-IT","potentialAction":[{"@type":"ReadAction","target":["https:\/\/schoenstatt.com\/it\/maria-di-guadalupe-luce-di-speranza-nelloscurita-dei-nostri-tempi\/"]}]},{"@type":"ImageObject","inLanguage":"it-IT","@id":"https:\/\/schoenstatt.com\/it\/maria-di-guadalupe-luce-di-speranza-nelloscurita-dei-nostri-tempi\/#primaryimage","url":"https:\/\/schoenstatt.com\/wp-content\/uploads\/2025\/12\/guadalupe-2.webp","contentUrl":"https:\/\/schoenstatt.com\/wp-content\/uploads\/2025\/12\/guadalupe-2.webp","width":2048,"height":1071},{"@type":"BreadcrumbList","@id":"https:\/\/schoenstatt.com\/it\/maria-di-guadalupe-luce-di-speranza-nelloscurita-dei-nostri-tempi\/#breadcrumb","itemListElement":[{"@type":"ListItem","position":1,"name":"Portada","item":"https:\/\/schoenstatt.com\/it\/home\/"},{"@type":"ListItem","position":2,"name":"Maria di Guadalupe, luce di speranza nell\u2019oscurit\u00e0 dei nostri tempi"}]},{"@type":"WebSite","@id":"https:\/\/schoenstatt.com\/it\/#website","url":"https:\/\/schoenstatt.com\/it\/","name":"Schoenstatt","description":"Apostolic Movement","publisher":{"@id":"https:\/\/schoenstatt.com\/it\/#organization"},"potentialAction":[{"@type":"SearchAction","target":{"@type":"EntryPoint","urlTemplate":"https:\/\/schoenstatt.com\/it\/?s={search_term_string}"},"query-input":{"@type":"PropertyValueSpecification","valueRequired":true,"valueName":"search_term_string"}}],"inLanguage":"it-IT"},{"@type":"Organization","@id":"https:\/\/schoenstatt.com\/it\/#organization","name":"Schoenstatt","url":"https:\/\/schoenstatt.com\/it\/","logo":{"@type":"ImageObject","inLanguage":"it-IT","@id":"https:\/\/schoenstatt.com\/it\/#\/schema\/logo\/image\/","url":"https:\/\/schoenstatt.com\/wp-content\/uploads\/2025\/04\/logo-schoenstatt-white-696x696-1.png","contentUrl":"https:\/\/schoenstatt.com\/wp-content\/uploads\/2025\/04\/logo-schoenstatt-white-696x696-1.png","width":696,"height":694,"caption":"Schoenstatt"},"image":{"@id":"https:\/\/schoenstatt.com\/it\/#\/schema\/logo\/image\/"}},{"@type":"Person","@id":"https:\/\/schoenstatt.com\/it\/#\/schema\/person\/5158877ad4acae98b34daaeef2a1ce6e","name":"Karen Bueno","image":{"@type":"ImageObject","inLanguage":"it-IT","@id":"https:\/\/secure.gravatar.com\/avatar\/f9f4b823873154269d2b2130f195f6d41037dd0d7fc5f3cacb5c846bae70d66b?s=96&d=mm&r=g","url":"https:\/\/secure.gravatar.com\/avatar\/f9f4b823873154269d2b2130f195f6d41037dd0d7fc5f3cacb5c846bae70d66b?s=96&d=mm&r=g","contentUrl":"https:\/\/secure.gravatar.com\/avatar\/f9f4b823873154269d2b2130f195f6d41037dd0d7fc5f3cacb5c846bae70d66b?s=96&d=mm&r=g","caption":"Karen Bueno"},"url":"https:\/\/schoenstatt.com\/it\/author\/karen-bueno\/"}]}},"_links":{"self":[{"href":"https:\/\/schoenstatt.com\/it\/wp-json\/wp\/v2\/posts\/67145","targetHints":{"allow":["GET"]}}],"collection":[{"href":"https:\/\/schoenstatt.com\/it\/wp-json\/wp\/v2\/posts"}],"about":[{"href":"https:\/\/schoenstatt.com\/it\/wp-json\/wp\/v2\/types\/post"}],"author":[{"embeddable":true,"href":"https:\/\/schoenstatt.com\/it\/wp-json\/wp\/v2\/users\/3"}],"replies":[{"embeddable":true,"href":"https:\/\/schoenstatt.com\/it\/wp-json\/wp\/v2\/comments?post=67145"}],"version-history":[{"count":2,"href":"https:\/\/schoenstatt.com\/it\/wp-json\/wp\/v2\/posts\/67145\/revisions"}],"predecessor-version":[{"id":67147,"href":"https:\/\/schoenstatt.com\/it\/wp-json\/wp\/v2\/posts\/67145\/revisions\/67147"}],"wp:featuredmedia":[{"embeddable":true,"href":"https:\/\/schoenstatt.com\/it\/wp-json\/wp\/v2\/media\/67082"}],"wp:attachment":[{"href":"https:\/\/schoenstatt.com\/it\/wp-json\/wp\/v2\/media?parent=67145"}],"wp:term":[{"taxonomy":"category","embeddable":true,"href":"https:\/\/schoenstatt.com\/it\/wp-json\/wp\/v2\/categories?post=67145"},{"taxonomy":"post_tag","embeddable":true,"href":"https:\/\/schoenstatt.com\/it\/wp-json\/wp\/v2\/tags?post=67145"}],"curies":[{"name":"wp","href":"https:\/\/api.w.org\/{rel}","templated":true}]}}