{"id":66787,"date":"2025-11-24T14:48:41","date_gmt":"2025-11-24T13:48:41","guid":{"rendered":"https:\/\/schoenstatt.com\/?p=66787"},"modified":"2025-11-27T12:48:41","modified_gmt":"2025-11-27T11:48:41","slug":"una-coraggiosa-iniziativa-in-messico-la-prima-scuola-di-schoenstatt-celebra-il-suo-quinto-anniversario","status":"publish","type":"post","link":"https:\/\/schoenstatt.com\/it\/una-coraggiosa-iniziativa-in-messico-la-prima-scuola-di-schoenstatt-celebra-il-suo-quinto-anniversario\/","title":{"rendered":"Una coraggiosa iniziativa in Messico: la prima scuola di Schoenstatt celebra il suo quinto anniversario"},"content":{"rendered":"\n<p>La fiducia \u00e8 una parola che usiamo spesso nel nostro movimento. La ripetiamo nelle nostre preghiere &#8211; \u201cCredo e confido ciecamente\u201d &#8211; ma vale la pena chiederci: mettiamo davvero in pratica questa fiducia?<\/p>\n\n\n\n<p>Immagina una valle vasta e bellissima, e al centro un grande albero. Uno di quegli alberi che danno frutti abbondanti e offrono un\u2019ombra accogliente, proteggendo dal sole e trasmettendo sicurezza. Stare sotto quell\u2019albero ci fa sentire tranquilli, fiduciosi, e desiderosi di restare l\u00ec a lungo, godendo del suo riparo. Ma cosa succede quando quell\u2019albero ancora non esiste?<\/p>\n\n\n\n<h3 class=\"wp-block-heading\" id=\"h-un-esperimento-audace-creare-qualcosa-di-nuovo\">Un esperimento audace: creare qualcosa di nuovo<\/h3>\n\n\n\n<p>Cinque anni fa, a Monterrey, in Messico, \u00e8 iniziato uno dei progetti pi\u00f9 belli e allo stesso tempo pi\u00f9 impegnativi del nostro tempo: fondare la prima scuola di Schoenstatt nel nostro Paese. In mezzo a una citt\u00e0 industriale, frenetica, piena di rumore e segnata dalle tendenze sociali, \u00e8 nata la Monte Reina School, nel sud della citt\u00e0.<\/p>\n\n\n\n<p>In una zona dove abbondano le scuole private, aprire un nuovo spazio educativo \u00e8 stato un vero atto di fede.<\/p>\n\n\n\n<figure class=\"wp-block-gallery has-nested-images columns-default is-cropped wp-block-gallery-1 is-layout-flex wp-block-gallery-is-layout-flex\">\n<figure class=\"wp-block-image size-large\"><img fetchpriority=\"high\" decoding=\"async\" width=\"675\" height=\"900\" data-id=\"66716\" src=\"https:\/\/schoenstatt.com\/wp-content\/uploads\/2025\/11\/colegio-monte-reina-mexico-2.jpg\" alt=\"\" class=\"wp-image-66716\"\/><\/figure>\n\n\n\n<figure class=\"wp-block-image size-large\"><img decoding=\"async\" width=\"675\" height=\"900\" data-id=\"66720\" src=\"https:\/\/schoenstatt.com\/wp-content\/uploads\/2025\/11\/colegio-monte-reina-mexico-3.jpg\" alt=\"\" class=\"wp-image-66720\"\/><\/figure>\n<\/figure>\n\n\n\n<p>Accompagnata e rafforzata dal Kentenich School Network, la scuola ha aperto le sue porte nel 2021, in piena pandemia. In quel contesto di incertezza, solo poche famiglie hanno osato fidarsi. Da allora, la scuola \u00e8 cresciuta anno dopo anno, sia nel personale sia nella comunit\u00e0 di studenti e famiglie. Alcuni hanno lasciato il loro segno e intrapreso nuovi cammini; altri sono rimasti, confidando in questo progetto che va radicandosi sempre pi\u00f9.<\/p>\n\n\n\n<p><em>\u201cPer noi, Monte Reina \u00e8 stata un\u2019estensione della nostra famiglia. Dal primo giorno abbiamo ricevuto un\u2019accoglienza molto calorosa e personalizzata in ogni aspetto; nostro figlio \u00e8 cresciuto in un ambiente in cui, attraverso la pedagogia di Schoenstatt, i suoi talenti e le sue capacit\u00e0 vengono valorizzati, completando la sua maturit\u00e0 e il suo sviluppo e favorendo anche la sua crescita spirituale. Monte Reina \u00e8 un luogo in cui l\u2019obiettivo non \u00e8 la massificazione, ma la crescita in comunit\u00e0 per il bene di tutti\u201d<\/em>, ha condiviso la famiglia La Vista S\u00e1enz, tra le prime a iscrivere il proprio figlio alla scuola.<\/p>\n\n\n\n<p>Viviamo in una societ\u00e0 che cerca l\u2019immediato e il facile. Ma a volte Dio ci chiama a seminare quel seme, il seme di quell\u2019albero che un giorno porter\u00e0 frutto e offrir\u00e0 ombra ad altri. A Monte Reina, quel seme \u00e8 stato custodito con amore, pazienza e dedizione.<\/p>\n\n\n\n<figure class=\"wp-block-gallery has-nested-images columns-default is-cropped wp-block-gallery-2 is-layout-flex wp-block-gallery-is-layout-flex\">\n<figure class=\"wp-block-image size-large\"><img decoding=\"async\" width=\"675\" height=\"900\" data-id=\"66726\" src=\"https:\/\/schoenstatt.com\/wp-content\/uploads\/2025\/11\/colegio-monte-reina-mexico-4.jpg\" alt=\"\" class=\"wp-image-66726\"\/><\/figure>\n\n\n\n<figure class=\"wp-block-image size-full\"><img loading=\"lazy\" decoding=\"async\" width=\"675\" height=\"900\" data-id=\"66727\" src=\"https:\/\/schoenstatt.com\/wp-content\/uploads\/2025\/11\/colegio-monte-reina-mexico-5.jpg\" alt=\"\" class=\"wp-image-66727\"\/><\/figure>\n<\/figure>\n\n\n\n<p><em>\u201cCi entusiasma vedere come riconoscano che ogni bambino \u00e8 unico; qui ciascuno viene accompagnato in modo personalizzato, facendo emergere il meglio di ognuno\u201d<\/em>, afferma la famiglia Somohano Mart\u00ednez, riflettendo lo spirito familiare e umano che caratterizza la scuola.<\/p>\n\n\n\n<p>Per tutta la sua comunit\u00e0, la Scuola Monte Reina \u00e8 il seme che lentamente fiorisce a Monterrey. Ogni giorno viene irrigato con l\u2019impegno, la dedizione e la fiducia dei collaboratori, delle famiglie e degli studenti. Con il tempo dar\u00e0 grandi frutti e sar\u00e0 la casa di una comunit\u00e0 rinnovata: uomini e donne nuovi per una nuova societ\u00e0.<br>Si pu\u00f2 vedere l\u2019impatto positivo che la scuola ha sulle famiglie. <em>\u201cLa cosa pi\u00f9 preziosa \u00e8 che i nostri figli si divertono e sono felici di appartenere a questo luogo, e noi amiamo sapere che esiste uno spazio in cui si sentono amati, al sicuro, dove sono visti, dove imparano in modo creativo e, soprattutto, che cammina mano nella mano con la nostra fede\u201d<\/em>, dice la famiglia fondatrice Cant\u00fa Villarreal.<\/p>\n\n\n\n<p>Continuiamo nel nostro impegno a prenderci cura di quel seme; continuiamo a confidare in Dio e nella Madre Benedetta, affinch\u00e9 continuino a colmare questo progetto di grazie e benedizioni. Questo progetto appartiene a tutti, ma soprattutto a Lei.<\/p>\n\n\n\n<p><strong>Traduzione: <\/strong>Eugenio Minici<\/p>\n","protected":false},"excerpt":{"rendered":"<p>Nel quinto anniversario del Colegio Monte Reina, i fondatori raccontano l&#8217;impatto della prima scuola schoenstattiana nel Paese.<\/p>\n","protected":false},"author":3,"featured_media":66736,"comment_status":"closed","ping_status":"closed","sticky":false,"template":"","format":"standard","meta":{"footnotes":""},"categories":[863],"tags":[1186],"class_list":["post-66787","post","type-post","status-publish","format-standard","has-post-thumbnail","hentry","category-america-it","tag-schoenstatt-messico-it"],"yoast_head":"<!-- This site is optimized with the Yoast SEO Premium plugin v27.4 (Yoast SEO v27.4) - https:\/\/yoast.com\/product\/yoast-seo-premium-wordpress\/ -->\n<title>Una coraggiosa iniziativa in Messico: la prima scuola di Schoenstatt celebra il suo quinto anniversario<\/title>\n<meta name=\"description\" content=\"Nel quinto anniversario del Colegio Monte Reina, i fondatori raccontano l&#039;impatto della prima scuola schoenstattiana nel Paese.\" \/>\n<meta name=\"robots\" content=\"index, follow, max-snippet:-1, max-image-preview:large, max-video-preview:-1\" \/>\n<link rel=\"canonical\" href=\"https:\/\/schoenstatt.com\/it\/una-coraggiosa-iniziativa-in-messico-la-prima-scuola-di-schoenstatt-celebra-il-suo-quinto-anniversario\/\" \/>\n<meta property=\"og:locale\" content=\"it_IT\" \/>\n<meta property=\"og:type\" content=\"article\" \/>\n<meta property=\"og:title\" content=\"Una coraggiosa iniziativa in Messico: la prima scuola di Schoenstatt celebra il suo quinto anniversario\" \/>\n<meta property=\"og:description\" content=\"Nel quinto anniversario del Colegio Monte Reina, i fondatori raccontano l&#039;impatto della prima scuola schoenstattiana nel Paese.\" \/>\n<meta property=\"og:url\" content=\"https:\/\/schoenstatt.com\/it\/una-coraggiosa-iniziativa-in-messico-la-prima-scuola-di-schoenstatt-celebra-il-suo-quinto-anniversario\/\" \/>\n<meta property=\"og:site_name\" content=\"Schoenstatt\" \/>\n<meta property=\"article:published_time\" content=\"2025-11-24T13:48:41+00:00\" \/>\n<meta property=\"article:modified_time\" content=\"2025-11-27T11:48:41+00:00\" \/>\n<meta property=\"og:image\" content=\"https:\/\/schoenstatt.com\/wp-content\/uploads\/2025\/11\/colegio-monte-reina-mexico.webp\" \/>\n\t<meta property=\"og:image:width\" content=\"1600\" \/>\n\t<meta property=\"og:image:height\" content=\"861\" \/>\n\t<meta property=\"og:image:type\" content=\"image\/jpeg\" \/>\n<meta name=\"author\" content=\"Karen Bueno\" \/>\n<meta name=\"twitter:card\" content=\"summary_large_image\" \/>\n<meta name=\"twitter:label1\" content=\"Scritto da\" \/>\n\t<meta name=\"twitter:data1\" content=\"Karen Bueno\" \/>\n\t<meta name=\"twitter:label2\" content=\"Tempo di lettura stimato\" \/>\n\t<meta name=\"twitter:data2\" content=\"5 minuti\" \/>\n<script type=\"application\/ld+json\" class=\"yoast-schema-graph\">{\"@context\":\"https:\\\/\\\/schema.org\",\"@graph\":[{\"@type\":\"Article\",\"@id\":\"https:\\\/\\\/schoenstatt.com\\\/it\\\/una-coraggiosa-iniziativa-in-messico-la-prima-scuola-di-schoenstatt-celebra-il-suo-quinto-anniversario\\\/#article\",\"isPartOf\":{\"@id\":\"https:\\\/\\\/schoenstatt.com\\\/it\\\/una-coraggiosa-iniziativa-in-messico-la-prima-scuola-di-schoenstatt-celebra-il-suo-quinto-anniversario\\\/\"},\"author\":{\"name\":\"Karen Bueno\",\"@id\":\"https:\\\/\\\/schoenstatt.com\\\/it\\\/#\\\/schema\\\/person\\\/5158877ad4acae98b34daaeef2a1ce6e\"},\"headline\":\"Una coraggiosa iniziativa in Messico: la prima scuola di Schoenstatt celebra il suo quinto anniversario\",\"datePublished\":\"2025-11-24T13:48:41+00:00\",\"dateModified\":\"2025-11-27T11:48:41+00:00\",\"mainEntityOfPage\":{\"@id\":\"https:\\\/\\\/schoenstatt.com\\\/it\\\/una-coraggiosa-iniziativa-in-messico-la-prima-scuola-di-schoenstatt-celebra-il-suo-quinto-anniversario\\\/\"},\"wordCount\":611,\"publisher\":{\"@id\":\"https:\\\/\\\/schoenstatt.com\\\/it\\\/#organization\"},\"image\":{\"@id\":\"https:\\\/\\\/schoenstatt.com\\\/it\\\/una-coraggiosa-iniziativa-in-messico-la-prima-scuola-di-schoenstatt-celebra-il-suo-quinto-anniversario\\\/#primaryimage\"},\"thumbnailUrl\":\"https:\\\/\\\/schoenstatt.com\\\/wp-content\\\/uploads\\\/2025\\\/11\\\/colegio-monte-reina-mexico.webp\",\"keywords\":[\"Schoenstatt Messico\"],\"articleSection\":[\"America\"],\"inLanguage\":\"it-IT\"},{\"@type\":\"WebPage\",\"@id\":\"https:\\\/\\\/schoenstatt.com\\\/it\\\/una-coraggiosa-iniziativa-in-messico-la-prima-scuola-di-schoenstatt-celebra-il-suo-quinto-anniversario\\\/\",\"url\":\"https:\\\/\\\/schoenstatt.com\\\/it\\\/una-coraggiosa-iniziativa-in-messico-la-prima-scuola-di-schoenstatt-celebra-il-suo-quinto-anniversario\\\/\",\"name\":\"Una coraggiosa iniziativa in Messico: la prima scuola di Schoenstatt celebra il suo quinto anniversario\",\"isPartOf\":{\"@id\":\"https:\\\/\\\/schoenstatt.com\\\/it\\\/#website\"},\"primaryImageOfPage\":{\"@id\":\"https:\\\/\\\/schoenstatt.com\\\/it\\\/una-coraggiosa-iniziativa-in-messico-la-prima-scuola-di-schoenstatt-celebra-il-suo-quinto-anniversario\\\/#primaryimage\"},\"image\":{\"@id\":\"https:\\\/\\\/schoenstatt.com\\\/it\\\/una-coraggiosa-iniziativa-in-messico-la-prima-scuola-di-schoenstatt-celebra-il-suo-quinto-anniversario\\\/#primaryimage\"},\"thumbnailUrl\":\"https:\\\/\\\/schoenstatt.com\\\/wp-content\\\/uploads\\\/2025\\\/11\\\/colegio-monte-reina-mexico.webp\",\"datePublished\":\"2025-11-24T13:48:41+00:00\",\"dateModified\":\"2025-11-27T11:48:41+00:00\",\"description\":\"Nel quinto anniversario del Colegio Monte Reina, i fondatori raccontano l'impatto della prima scuola schoenstattiana nel Paese.\",\"breadcrumb\":{\"@id\":\"https:\\\/\\\/schoenstatt.com\\\/it\\\/una-coraggiosa-iniziativa-in-messico-la-prima-scuola-di-schoenstatt-celebra-il-suo-quinto-anniversario\\\/#breadcrumb\"},\"inLanguage\":\"it-IT\",\"potentialAction\":[{\"@type\":\"ReadAction\",\"target\":[\"https:\\\/\\\/schoenstatt.com\\\/it\\\/una-coraggiosa-iniziativa-in-messico-la-prima-scuola-di-schoenstatt-celebra-il-suo-quinto-anniversario\\\/\"]}]},{\"@type\":\"ImageObject\",\"inLanguage\":\"it-IT\",\"@id\":\"https:\\\/\\\/schoenstatt.com\\\/it\\\/una-coraggiosa-iniziativa-in-messico-la-prima-scuola-di-schoenstatt-celebra-il-suo-quinto-anniversario\\\/#primaryimage\",\"url\":\"https:\\\/\\\/schoenstatt.com\\\/wp-content\\\/uploads\\\/2025\\\/11\\\/colegio-monte-reina-mexico.webp\",\"contentUrl\":\"https:\\\/\\\/schoenstatt.com\\\/wp-content\\\/uploads\\\/2025\\\/11\\\/colegio-monte-reina-mexico.webp\",\"width\":1600,\"height\":861},{\"@type\":\"BreadcrumbList\",\"@id\":\"https:\\\/\\\/schoenstatt.com\\\/it\\\/una-coraggiosa-iniziativa-in-messico-la-prima-scuola-di-schoenstatt-celebra-il-suo-quinto-anniversario\\\/#breadcrumb\",\"itemListElement\":[{\"@type\":\"ListItem\",\"position\":1,\"name\":\"Portada\",\"item\":\"https:\\\/\\\/schoenstatt.com\\\/it\\\/home\\\/\"},{\"@type\":\"ListItem\",\"position\":2,\"name\":\"Una coraggiosa iniziativa in Messico: la prima scuola di Schoenstatt celebra il suo quinto anniversario\"}]},{\"@type\":\"WebSite\",\"@id\":\"https:\\\/\\\/schoenstatt.com\\\/it\\\/#website\",\"url\":\"https:\\\/\\\/schoenstatt.com\\\/it\\\/\",\"name\":\"Schoenstatt\",\"description\":\"Apostolic Movement\",\"publisher\":{\"@id\":\"https:\\\/\\\/schoenstatt.com\\\/it\\\/#organization\"},\"potentialAction\":[{\"@type\":\"SearchAction\",\"target\":{\"@type\":\"EntryPoint\",\"urlTemplate\":\"https:\\\/\\\/schoenstatt.com\\\/it\\\/?s={search_term_string}\"},\"query-input\":{\"@type\":\"PropertyValueSpecification\",\"valueRequired\":true,\"valueName\":\"search_term_string\"}}],\"inLanguage\":\"it-IT\"},{\"@type\":\"Organization\",\"@id\":\"https:\\\/\\\/schoenstatt.com\\\/it\\\/#organization\",\"name\":\"Schoenstatt\",\"url\":\"https:\\\/\\\/schoenstatt.com\\\/it\\\/\",\"logo\":{\"@type\":\"ImageObject\",\"inLanguage\":\"it-IT\",\"@id\":\"https:\\\/\\\/schoenstatt.com\\\/it\\\/#\\\/schema\\\/logo\\\/image\\\/\",\"url\":\"https:\\\/\\\/schoenstatt.com\\\/wp-content\\\/uploads\\\/2025\\\/04\\\/logo-schoenstatt-white-696x696-1.png\",\"contentUrl\":\"https:\\\/\\\/schoenstatt.com\\\/wp-content\\\/uploads\\\/2025\\\/04\\\/logo-schoenstatt-white-696x696-1.png\",\"width\":696,\"height\":694,\"caption\":\"Schoenstatt\"},\"image\":{\"@id\":\"https:\\\/\\\/schoenstatt.com\\\/it\\\/#\\\/schema\\\/logo\\\/image\\\/\"}},{\"@type\":\"Person\",\"@id\":\"https:\\\/\\\/schoenstatt.com\\\/it\\\/#\\\/schema\\\/person\\\/5158877ad4acae98b34daaeef2a1ce6e\",\"name\":\"Karen Bueno\",\"image\":{\"@type\":\"ImageObject\",\"inLanguage\":\"it-IT\",\"@id\":\"https:\\\/\\\/secure.gravatar.com\\\/avatar\\\/f9f4b823873154269d2b2130f195f6d41037dd0d7fc5f3cacb5c846bae70d66b?s=96&d=mm&r=g\",\"url\":\"https:\\\/\\\/secure.gravatar.com\\\/avatar\\\/f9f4b823873154269d2b2130f195f6d41037dd0d7fc5f3cacb5c846bae70d66b?s=96&d=mm&r=g\",\"contentUrl\":\"https:\\\/\\\/secure.gravatar.com\\\/avatar\\\/f9f4b823873154269d2b2130f195f6d41037dd0d7fc5f3cacb5c846bae70d66b?s=96&d=mm&r=g\",\"caption\":\"Karen Bueno\"},\"url\":\"https:\\\/\\\/schoenstatt.com\\\/it\\\/author\\\/karen-bueno\\\/\"}]}<\/script>\n<!-- \/ Yoast SEO Premium plugin. -->","yoast_head_json":{"title":"Una coraggiosa iniziativa in Messico: la prima scuola di Schoenstatt celebra il suo quinto anniversario","description":"Nel quinto anniversario del Colegio Monte Reina, i fondatori raccontano l'impatto della prima scuola schoenstattiana nel Paese.","robots":{"index":"index","follow":"follow","max-snippet":"max-snippet:-1","max-image-preview":"max-image-preview:large","max-video-preview":"max-video-preview:-1"},"canonical":"https:\/\/schoenstatt.com\/it\/una-coraggiosa-iniziativa-in-messico-la-prima-scuola-di-schoenstatt-celebra-il-suo-quinto-anniversario\/","og_locale":"it_IT","og_type":"article","og_title":"Una coraggiosa iniziativa in Messico: la prima scuola di Schoenstatt celebra il suo quinto anniversario","og_description":"Nel quinto anniversario del Colegio Monte Reina, i fondatori raccontano l'impatto della prima scuola schoenstattiana nel Paese.","og_url":"https:\/\/schoenstatt.com\/it\/una-coraggiosa-iniziativa-in-messico-la-prima-scuola-di-schoenstatt-celebra-il-suo-quinto-anniversario\/","og_site_name":"Schoenstatt","article_published_time":"2025-11-24T13:48:41+00:00","article_modified_time":"2025-11-27T11:48:41+00:00","og_image":[{"width":1600,"height":861,"url":"https:\/\/schoenstatt.com\/wp-content\/uploads\/2025\/11\/colegio-monte-reina-mexico.webp","type":"image\/jpeg"}],"author":"Karen Bueno","twitter_card":"summary_large_image","twitter_misc":{"Scritto da":"Karen Bueno","Tempo di lettura stimato":"5 minuti"},"schema":{"@context":"https:\/\/schema.org","@graph":[{"@type":"Article","@id":"https:\/\/schoenstatt.com\/it\/una-coraggiosa-iniziativa-in-messico-la-prima-scuola-di-schoenstatt-celebra-il-suo-quinto-anniversario\/#article","isPartOf":{"@id":"https:\/\/schoenstatt.com\/it\/una-coraggiosa-iniziativa-in-messico-la-prima-scuola-di-schoenstatt-celebra-il-suo-quinto-anniversario\/"},"author":{"name":"Karen Bueno","@id":"https:\/\/schoenstatt.com\/it\/#\/schema\/person\/5158877ad4acae98b34daaeef2a1ce6e"},"headline":"Una coraggiosa iniziativa in Messico: la prima scuola di Schoenstatt celebra il suo quinto anniversario","datePublished":"2025-11-24T13:48:41+00:00","dateModified":"2025-11-27T11:48:41+00:00","mainEntityOfPage":{"@id":"https:\/\/schoenstatt.com\/it\/una-coraggiosa-iniziativa-in-messico-la-prima-scuola-di-schoenstatt-celebra-il-suo-quinto-anniversario\/"},"wordCount":611,"publisher":{"@id":"https:\/\/schoenstatt.com\/it\/#organization"},"image":{"@id":"https:\/\/schoenstatt.com\/it\/una-coraggiosa-iniziativa-in-messico-la-prima-scuola-di-schoenstatt-celebra-il-suo-quinto-anniversario\/#primaryimage"},"thumbnailUrl":"https:\/\/schoenstatt.com\/wp-content\/uploads\/2025\/11\/colegio-monte-reina-mexico.webp","keywords":["Schoenstatt Messico"],"articleSection":["America"],"inLanguage":"it-IT"},{"@type":"WebPage","@id":"https:\/\/schoenstatt.com\/it\/una-coraggiosa-iniziativa-in-messico-la-prima-scuola-di-schoenstatt-celebra-il-suo-quinto-anniversario\/","url":"https:\/\/schoenstatt.com\/it\/una-coraggiosa-iniziativa-in-messico-la-prima-scuola-di-schoenstatt-celebra-il-suo-quinto-anniversario\/","name":"Una coraggiosa iniziativa in Messico: la prima scuola di Schoenstatt celebra il suo quinto anniversario","isPartOf":{"@id":"https:\/\/schoenstatt.com\/it\/#website"},"primaryImageOfPage":{"@id":"https:\/\/schoenstatt.com\/it\/una-coraggiosa-iniziativa-in-messico-la-prima-scuola-di-schoenstatt-celebra-il-suo-quinto-anniversario\/#primaryimage"},"image":{"@id":"https:\/\/schoenstatt.com\/it\/una-coraggiosa-iniziativa-in-messico-la-prima-scuola-di-schoenstatt-celebra-il-suo-quinto-anniversario\/#primaryimage"},"thumbnailUrl":"https:\/\/schoenstatt.com\/wp-content\/uploads\/2025\/11\/colegio-monte-reina-mexico.webp","datePublished":"2025-11-24T13:48:41+00:00","dateModified":"2025-11-27T11:48:41+00:00","description":"Nel quinto anniversario del Colegio Monte Reina, i fondatori raccontano l'impatto della prima scuola schoenstattiana nel Paese.","breadcrumb":{"@id":"https:\/\/schoenstatt.com\/it\/una-coraggiosa-iniziativa-in-messico-la-prima-scuola-di-schoenstatt-celebra-il-suo-quinto-anniversario\/#breadcrumb"},"inLanguage":"it-IT","potentialAction":[{"@type":"ReadAction","target":["https:\/\/schoenstatt.com\/it\/una-coraggiosa-iniziativa-in-messico-la-prima-scuola-di-schoenstatt-celebra-il-suo-quinto-anniversario\/"]}]},{"@type":"ImageObject","inLanguage":"it-IT","@id":"https:\/\/schoenstatt.com\/it\/una-coraggiosa-iniziativa-in-messico-la-prima-scuola-di-schoenstatt-celebra-il-suo-quinto-anniversario\/#primaryimage","url":"https:\/\/schoenstatt.com\/wp-content\/uploads\/2025\/11\/colegio-monte-reina-mexico.webp","contentUrl":"https:\/\/schoenstatt.com\/wp-content\/uploads\/2025\/11\/colegio-monte-reina-mexico.webp","width":1600,"height":861},{"@type":"BreadcrumbList","@id":"https:\/\/schoenstatt.com\/it\/una-coraggiosa-iniziativa-in-messico-la-prima-scuola-di-schoenstatt-celebra-il-suo-quinto-anniversario\/#breadcrumb","itemListElement":[{"@type":"ListItem","position":1,"name":"Portada","item":"https:\/\/schoenstatt.com\/it\/home\/"},{"@type":"ListItem","position":2,"name":"Una coraggiosa iniziativa in Messico: la prima scuola di Schoenstatt celebra il suo quinto anniversario"}]},{"@type":"WebSite","@id":"https:\/\/schoenstatt.com\/it\/#website","url":"https:\/\/schoenstatt.com\/it\/","name":"Schoenstatt","description":"Apostolic Movement","publisher":{"@id":"https:\/\/schoenstatt.com\/it\/#organization"},"potentialAction":[{"@type":"SearchAction","target":{"@type":"EntryPoint","urlTemplate":"https:\/\/schoenstatt.com\/it\/?s={search_term_string}"},"query-input":{"@type":"PropertyValueSpecification","valueRequired":true,"valueName":"search_term_string"}}],"inLanguage":"it-IT"},{"@type":"Organization","@id":"https:\/\/schoenstatt.com\/it\/#organization","name":"Schoenstatt","url":"https:\/\/schoenstatt.com\/it\/","logo":{"@type":"ImageObject","inLanguage":"it-IT","@id":"https:\/\/schoenstatt.com\/it\/#\/schema\/logo\/image\/","url":"https:\/\/schoenstatt.com\/wp-content\/uploads\/2025\/04\/logo-schoenstatt-white-696x696-1.png","contentUrl":"https:\/\/schoenstatt.com\/wp-content\/uploads\/2025\/04\/logo-schoenstatt-white-696x696-1.png","width":696,"height":694,"caption":"Schoenstatt"},"image":{"@id":"https:\/\/schoenstatt.com\/it\/#\/schema\/logo\/image\/"}},{"@type":"Person","@id":"https:\/\/schoenstatt.com\/it\/#\/schema\/person\/5158877ad4acae98b34daaeef2a1ce6e","name":"Karen Bueno","image":{"@type":"ImageObject","inLanguage":"it-IT","@id":"https:\/\/secure.gravatar.com\/avatar\/f9f4b823873154269d2b2130f195f6d41037dd0d7fc5f3cacb5c846bae70d66b?s=96&d=mm&r=g","url":"https:\/\/secure.gravatar.com\/avatar\/f9f4b823873154269d2b2130f195f6d41037dd0d7fc5f3cacb5c846bae70d66b?s=96&d=mm&r=g","contentUrl":"https:\/\/secure.gravatar.com\/avatar\/f9f4b823873154269d2b2130f195f6d41037dd0d7fc5f3cacb5c846bae70d66b?s=96&d=mm&r=g","caption":"Karen Bueno"},"url":"https:\/\/schoenstatt.com\/it\/author\/karen-bueno\/"}]}},"_links":{"self":[{"href":"https:\/\/schoenstatt.com\/it\/wp-json\/wp\/v2\/posts\/66787","targetHints":{"allow":["GET"]}}],"collection":[{"href":"https:\/\/schoenstatt.com\/it\/wp-json\/wp\/v2\/posts"}],"about":[{"href":"https:\/\/schoenstatt.com\/it\/wp-json\/wp\/v2\/types\/post"}],"author":[{"embeddable":true,"href":"https:\/\/schoenstatt.com\/it\/wp-json\/wp\/v2\/users\/3"}],"replies":[{"embeddable":true,"href":"https:\/\/schoenstatt.com\/it\/wp-json\/wp\/v2\/comments?post=66787"}],"version-history":[{"count":2,"href":"https:\/\/schoenstatt.com\/it\/wp-json\/wp\/v2\/posts\/66787\/revisions"}],"predecessor-version":[{"id":66789,"href":"https:\/\/schoenstatt.com\/it\/wp-json\/wp\/v2\/posts\/66787\/revisions\/66789"}],"wp:featuredmedia":[{"embeddable":true,"href":"https:\/\/schoenstatt.com\/it\/wp-json\/wp\/v2\/media\/66736"}],"wp:attachment":[{"href":"https:\/\/schoenstatt.com\/it\/wp-json\/wp\/v2\/media?parent=66787"}],"wp:term":[{"taxonomy":"category","embeddable":true,"href":"https:\/\/schoenstatt.com\/it\/wp-json\/wp\/v2\/categories?post=66787"},{"taxonomy":"post_tag","embeddable":true,"href":"https:\/\/schoenstatt.com\/it\/wp-json\/wp\/v2\/tags?post=66787"}],"curies":[{"name":"wp","href":"https:\/\/api.w.org\/{rel}","templated":true}]}}