{"id":66771,"date":"2025-11-21T14:02:48","date_gmt":"2025-11-21T13:02:48","guid":{"rendered":"https:\/\/schoenstatt.com\/?p=66771"},"modified":"2025-11-26T13:55:01","modified_gmt":"2025-11-26T12:55:01","slug":"una-celebrazione-di-compleanno-a-gymnich","status":"publish","type":"post","link":"https:\/\/schoenstatt.com\/it\/una-celebrazione-di-compleanno-a-gymnich\/","title":{"rendered":"Una celebrazione di compleanno a Gymnich"},"content":{"rendered":"\n<p>In tutti i continenti, gli schoenstattiani hanno celebrato, il 16 novembre 2025, i 140 anni della nascita del loro fondatore, padre Joseph Kentenich. In questa data speciale, molte persone hanno pellegrinato spiritualmente a <a href=\"https:\/\/schoenstatt.com\/es\/una-visita-a-gymnich-un-lugar-transformador-vamos-juntos\/\">Gymnich<\/a>, il luogo della sua nascita in Germania. Per questo, \u00e8 particolarmente significativo che questo anniversario \u201ctondo\u201d, importante, venga festeggiato l\u00ec in modo festoso e in comunione familiare!<\/p>\n\n\n\n<figure class=\"wp-block-image aligncenter size-full is-resized\"><img fetchpriority=\"high\" decoding=\"async\" width=\"1152\" height=\"2048\" src=\"https:\/\/schoenstatt.com\/wp-content\/uploads\/2025\/11\/Gymnich.jpg\" alt=\"\" class=\"wp-image-66692\" style=\"width:484px;height:auto\" srcset=\"https:\/\/schoenstatt.com\/wp-content\/uploads\/2025\/11\/Gymnich.jpg 1152w, https:\/\/schoenstatt.com\/wp-content\/uploads\/2025\/11\/Gymnich-768x1365.jpg 768w, https:\/\/schoenstatt.com\/wp-content\/uploads\/2025\/11\/Gymnich-864x1536.jpg 864w\" sizes=\"(max-width: 1152px) 100vw, 1152px\" \/><\/figure>\n\n\n\n<p>Questa domenica mattina, oltre alla comunit\u00e0 parrocchiale locale, membri della Famiglia di Schoenstatt delle zone circostanti e di altre regioni si sono riuniti per la Messa festiva nella Parrocchia di San Cuniberto. Era presente anche un gruppo di brasiliani, arrivato in autobus. \u00c8 stata una gioia accogliere l\u2019arcivescovo di Cambrai, Francia, Mons. Vincent Dollmann, che ha accettato l\u2019invito a presiedere la celebrazione. Tra i concelebranti c\u2019erano padre Hans-Peter Kippels, parroco della Regione Pastorale di Erftstadt, padre Joseph Pikos, vicario parrocchiale di Gymnich, oltre a vari sacerdoti di Schoenstatt provenienti da diversi Paesi. Sono stati accompagnati, nella processione d\u2019ingresso, da una delegazione delle associazioni di tiro locali. Il coro \u201cNeue Wege\u201d (Nuovi Cammini), diretto da Johannes Speckamp, ha animato la Santa Messa con canti vivaci che esprimevano la gioia della fede.<\/p>\n\n\n\n<figure class=\"wp-block-image aligncenter size-full\"><img decoding=\"async\" width=\"2048\" height=\"1152\" src=\"https:\/\/schoenstatt.com\/wp-content\/uploads\/2025\/11\/Bishof-Vincent-Dollmann-in-Gymnich.jpg\" alt=\"\" class=\"wp-image-66681\" srcset=\"https:\/\/schoenstatt.com\/wp-content\/uploads\/2025\/11\/Bishof-Vincent-Dollmann-in-Gymnich.jpg 2048w, https:\/\/schoenstatt.com\/wp-content\/uploads\/2025\/11\/Bishof-Vincent-Dollmann-in-Gymnich-768x432.jpg 768w, https:\/\/schoenstatt.com\/wp-content\/uploads\/2025\/11\/Bishof-Vincent-Dollmann-in-Gymnich-1536x864.jpg 1536w\" sizes=\"(max-width: 2048px) 100vw, 2048px\" \/><\/figure>\n\n\n\n<h3 class=\"wp-block-heading\" id=\"h-saldamente-radicati-nella-fede-e-nell-amore\">Saldamente radicati nella fede e nell\u2019amore<\/h3>\n\n\n\n<p>Nell\u2019omelia, l\u2019arcivescovo Dollmann si riferisce al Vangelo domenicale, nel quale Ges\u00f9 annuncia alcuni segni apocalittici del futuro e, allo stesso tempo, incoraggia i suoi discepoli: <em>\u201cCon la vostra perseveranza salverete la vostra vita!\u201d<\/em> (Lc 21,5-19). L\u2019arcivescovo Dollmann richiama le testimonianze di fede del nostro tempo e descrive il Padre Kentenich come un sacerdote che, anche nelle situazioni pi\u00f9 difficili, come la prigionia e il campo di concentramento di Dachau, rimase saldo nella fede e nella carit\u00e0. Possiamo seguire questo esempio nella nostra vita quotidiana, ad esempio rimanendo fedeli nella preghiera. Oggi, nei 140 anni dalla nascita di Padre Kentenich, ci rivolgiamo a Maria con piena fiducia, come fece lui, con l\u2019antica preghiera: \u201cVergine, Madre mia e Madre di Dio, lasciami essere tutto tuo\u201d\u2026<\/p>\n\n\n\n<h3 class=\"wp-block-heading\" id=\"h-gioia-familiare-e-comunione\">Gioia familiare e comunione<\/h3>\n\n\n\n<p>Come famiglia del Padre Kentenich, abbiamo potuto sperimentare tutto questo nel programma che \u00e8 seguito nella casa parrocchiale. Tutto era decorato e preparato con cura. \u00c8 stata servita una vera specialit\u00e0 della regione del Reno: la zuppa di piselli con salsiccia. Ci sono stati vivaci scambi di idee e, in alcuni interventi, si \u00e8 percepito il tipico umorismo della regione, quello che conosciamo dalle conferenze dello stesso Padre Kentenich.<\/p>\n\n\n\n<h3 class=\"wp-block-heading\" id=\"h-legame-con-la-terra-natale\">Legame con la terra natale<\/h3>\n\n\n\n<div class=\"wp-block-media-text is-stacked-on-mobile\"><figure class=\"wp-block-media-text__media\"><img decoding=\"async\" width=\"821\" height=\"1152\" src=\"https:\/\/schoenstatt.com\/wp-content\/uploads\/2025\/11\/Sr-Doria.png\" alt=\"\" class=\"wp-image-66686 size-full\" srcset=\"https:\/\/schoenstatt.com\/wp-content\/uploads\/2025\/11\/Sr-Doria.png 821w, https:\/\/schoenstatt.com\/wp-content\/uploads\/2025\/11\/Sr-Doria-768x1078.png 768w\" sizes=\"(max-width: 821px) 100vw, 821px\" \/><\/figure><div class=\"wp-block-media-text__content\">\n<p>In seguito, ha preso la parola suor M. Doria Schlickmann. La sua conferenza aveva come tema \u201cL\u2019attaccamento alla patria nella vita e nell\u2019insegnamento di Padre Joseph Kentenich\u201d.<\/p>\n\n\n\n<p>Padre Kentenich attribuisce grande importanza alla patria. Visse la sua citt\u00e0 natale, Gymnich, come un luogo di sicurezza, dove trascorse un\u2019infanzia relativamente spensierata all\u2019interno della grande famiglia. L\u2019atmosfera religiosa che lo circondava contribu\u00ec al suo desiderio, gi\u00e0 da bambino, di diventare sacerdote. Era convinto che il nostro desiderio ultimo e pi\u00f9 profondo di patria e sicurezza converga nel desiderio di Dio.<\/p>\n\n\n\n<p>Suor M. Doria sottolinea anche chiaramente la sua naturale origine renana, dando al tema un tocco del tipico umorismo della Renania, tra le altre cose con barzellette tratte dalla raccolta \u201cK\u00f6lsche Kr\u00e4tzcher\u201d (barzellette in dialetto di Colonia), che lo stesso Padre Kentenich utilizzava per i suoi studenti.<\/p>\n\n\n\n<p>I canti religiosi contemplativi, interpretati con maestria dalla signora Randy Treybig, approfondiscono quanto ascoltato e aiutano a fissarlo nella memoria.<\/p>\n\n\n\n<p><\/p>\n<\/div><\/div>\n\n\n\n<h3 class=\"wp-block-heading\" id=\"h-la-dedizione-dell-associazione-di-supporto-di-gymnich\">La dedizione dell\u2019Associazione di Supporto di Gymnich<\/h3>\n\n\n\n<p>La signora Kl\u00e4re Schmitz ci accompagna in un viaggio attraverso la storia della casa natale di Padre Kentenich e attraverso la fondazione e il lavoro dell\u2019Associazione di Supporto, che in questa occasione celebrava anche il suo ventesimo anniversario.<\/p>\n\n\n\n<p>Il signor Ludwig Reimers presenta una panoramica del numero dei visitatori, delle esperienze originali e dei fatti degli ultimi anni. \u00c8 sempre disponibile ad accogliere i visitatori della casa natale e a offrire loro una visita guidata, ma osserva, con un occhiolino, che ormai le Suore \u2014 che accompagnano molti dei gruppi \u2014 hanno preso in mano questo compito. Per l\u2019Associazione di Supporto \u00e8 una questione d\u2019onore che i gruppi, provenienti da molti Paesi, siano accolti dagli abitanti di Gymnich. \u00c8 impressionante la competenza e la dedizione con cui l\u2019Associazione \u00e8 sempre presente.<\/p>\n\n\n\n<p>In una festa di anniversario che si rispetti, non possono mancare caff\u00e8 e torta: cos\u00ec la giornata di celebrazione si conclude in un clima di gioia.<\/p>\n\n\n\n<figure class=\"wp-block-image aligncenter size-full\"><img loading=\"lazy\" decoding=\"async\" width=\"700\" height=\"466\" src=\"https:\/\/schoenstatt.com\/wp-content\/uploads\/2023\/11\/quarto-gymnich-1.jpg\" alt=\"\" class=\"wp-image-33570\"\/><\/figure>\n\n\n\n<h3 class=\"wp-block-heading\" id=\"h-momenti-speciali\">Momenti speciali<\/h3>\n\n\n\n<p>Per noi, pellegrini di Gymnich, uno dei momenti pi\u00f9 silenziosi ma anche pi\u00f9 speciali della giornata \u00e8 la visita alla casa dove nacque padre Kentenich. Trovarsi in questo luogo storico, dove 140 anni fa il cielo ha toccato la terra con la nascita del piccolo Joseph Kentenich \u2014 che sarebbe diventato Padre e Fondatore della Famiglia internazionale di Schoenstatt \u2014 \u00e8 un dono particolare. Cos\u00ec, abbiamo potuto rappresentare molti che, in questa occasione, non hanno potuto essere presenti.<\/p>\n\n\n\n<p><strong>Traduzione: <\/strong>Eugenio Minici<\/p>\n","protected":false},"excerpt":{"rendered":"<p>Ecco come \u00e8 stata celebrata la ricorrenza dei 140 anni dalla nascita di P. Joseph Kentenich nella sua terra natale di Gymnich, in Germania.<\/p>\n","protected":false},"author":3,"featured_media":66684,"comment_status":"closed","ping_status":"closed","sticky":false,"template":"","format":"standard","meta":{"footnotes":""},"categories":[879],"tags":[],"class_list":["post-66771","post","type-post","status-publish","format-standard","has-post-thumbnail","hentry","category-padre-joseph-kentenich-it"],"yoast_head":"<!-- This site is optimized with the Yoast SEO Premium plugin v27.4 (Yoast SEO v27.4) - https:\/\/yoast.com\/product\/yoast-seo-premium-wordpress\/ -->\n<title>Una celebrazione di compleanno a Gymnich - Schoenstatt<\/title>\n<meta name=\"description\" content=\"Ecco come \u00e8 stata celebrata la ricorrenza dei 140 anni dalla nascita di P. Joseph Kentenich nella sua terra natale di Gymnich, in Germania.\" \/>\n<meta name=\"robots\" content=\"index, follow, max-snippet:-1, max-image-preview:large, max-video-preview:-1\" \/>\n<link rel=\"canonical\" href=\"https:\/\/schoenstatt.com\/it\/una-celebrazione-di-compleanno-a-gymnich\/\" \/>\n<meta property=\"og:locale\" content=\"it_IT\" \/>\n<meta property=\"og:type\" content=\"article\" \/>\n<meta property=\"og:title\" content=\"Una celebrazione di compleanno a Gymnich\" \/>\n<meta property=\"og:description\" content=\"Ecco come \u00e8 stata celebrata la ricorrenza dei 140 anni dalla nascita di P. Joseph Kentenich nella sua terra natale di Gymnich, in Germania.\" \/>\n<meta property=\"og:url\" content=\"https:\/\/schoenstatt.com\/it\/una-celebrazione-di-compleanno-a-gymnich\/\" \/>\n<meta property=\"og:site_name\" content=\"Schoenstatt\" \/>\n<meta property=\"article:published_time\" content=\"2025-11-21T13:02:48+00:00\" \/>\n<meta property=\"article:modified_time\" content=\"2025-11-26T12:55:01+00:00\" \/>\n<meta property=\"og:image\" content=\"https:\/\/schoenstatt.com\/wp-content\/uploads\/2025\/11\/Bishof-Vincent-Dollmann-in-Gymnich.jpg\" \/>\n\t<meta property=\"og:image:width\" content=\"2048\" \/>\n\t<meta property=\"og:image:height\" content=\"1152\" \/>\n\t<meta property=\"og:image:type\" content=\"image\/jpeg\" \/>\n<meta name=\"author\" content=\"Karen Bueno\" \/>\n<meta name=\"twitter:card\" content=\"summary_large_image\" \/>\n<meta name=\"twitter:label1\" content=\"Scritto da\" \/>\n\t<meta name=\"twitter:data1\" content=\"Karen Bueno\" \/>\n\t<meta name=\"twitter:label2\" content=\"Tempo di lettura stimato\" \/>\n\t<meta name=\"twitter:data2\" content=\"6 minuti\" \/>\n<script type=\"application\/ld+json\" class=\"yoast-schema-graph\">{\"@context\":\"https:\\\/\\\/schema.org\",\"@graph\":[{\"@type\":\"Article\",\"@id\":\"https:\\\/\\\/schoenstatt.com\\\/it\\\/una-celebrazione-di-compleanno-a-gymnich\\\/#article\",\"isPartOf\":{\"@id\":\"https:\\\/\\\/schoenstatt.com\\\/it\\\/una-celebrazione-di-compleanno-a-gymnich\\\/\"},\"author\":{\"name\":\"Karen Bueno\",\"@id\":\"https:\\\/\\\/schoenstatt.com\\\/it\\\/#\\\/schema\\\/person\\\/5158877ad4acae98b34daaeef2a1ce6e\"},\"headline\":\"Una celebrazione di compleanno a Gymnich\",\"datePublished\":\"2025-11-21T13:02:48+00:00\",\"dateModified\":\"2025-11-26T12:55:01+00:00\",\"mainEntityOfPage\":{\"@id\":\"https:\\\/\\\/schoenstatt.com\\\/it\\\/una-celebrazione-di-compleanno-a-gymnich\\\/\"},\"wordCount\":808,\"publisher\":{\"@id\":\"https:\\\/\\\/schoenstatt.com\\\/it\\\/#organization\"},\"image\":{\"@id\":\"https:\\\/\\\/schoenstatt.com\\\/it\\\/una-celebrazione-di-compleanno-a-gymnich\\\/#primaryimage\"},\"thumbnailUrl\":\"https:\\\/\\\/schoenstatt.com\\\/wp-content\\\/uploads\\\/2025\\\/11\\\/Bishof-Vincent-Dollmann-in-Gymnich.jpg\",\"articleSection\":[\"Padre Joseph Kentenich\"],\"inLanguage\":\"it-IT\"},{\"@type\":\"WebPage\",\"@id\":\"https:\\\/\\\/schoenstatt.com\\\/it\\\/una-celebrazione-di-compleanno-a-gymnich\\\/\",\"url\":\"https:\\\/\\\/schoenstatt.com\\\/it\\\/una-celebrazione-di-compleanno-a-gymnich\\\/\",\"name\":\"Una celebrazione di compleanno a Gymnich - Schoenstatt\",\"isPartOf\":{\"@id\":\"https:\\\/\\\/schoenstatt.com\\\/it\\\/#website\"},\"primaryImageOfPage\":{\"@id\":\"https:\\\/\\\/schoenstatt.com\\\/it\\\/una-celebrazione-di-compleanno-a-gymnich\\\/#primaryimage\"},\"image\":{\"@id\":\"https:\\\/\\\/schoenstatt.com\\\/it\\\/una-celebrazione-di-compleanno-a-gymnich\\\/#primaryimage\"},\"thumbnailUrl\":\"https:\\\/\\\/schoenstatt.com\\\/wp-content\\\/uploads\\\/2025\\\/11\\\/Bishof-Vincent-Dollmann-in-Gymnich.jpg\",\"datePublished\":\"2025-11-21T13:02:48+00:00\",\"dateModified\":\"2025-11-26T12:55:01+00:00\",\"description\":\"Ecco come \u00e8 stata celebrata la ricorrenza dei 140 anni dalla nascita di P. Joseph Kentenich nella sua terra natale di Gymnich, in Germania.\",\"breadcrumb\":{\"@id\":\"https:\\\/\\\/schoenstatt.com\\\/it\\\/una-celebrazione-di-compleanno-a-gymnich\\\/#breadcrumb\"},\"inLanguage\":\"it-IT\",\"potentialAction\":[{\"@type\":\"ReadAction\",\"target\":[\"https:\\\/\\\/schoenstatt.com\\\/it\\\/una-celebrazione-di-compleanno-a-gymnich\\\/\"]}]},{\"@type\":\"ImageObject\",\"inLanguage\":\"it-IT\",\"@id\":\"https:\\\/\\\/schoenstatt.com\\\/it\\\/una-celebrazione-di-compleanno-a-gymnich\\\/#primaryimage\",\"url\":\"https:\\\/\\\/schoenstatt.com\\\/wp-content\\\/uploads\\\/2025\\\/11\\\/Bishof-Vincent-Dollmann-in-Gymnich.jpg\",\"contentUrl\":\"https:\\\/\\\/schoenstatt.com\\\/wp-content\\\/uploads\\\/2025\\\/11\\\/Bishof-Vincent-Dollmann-in-Gymnich.jpg\",\"width\":2048,\"height\":1152},{\"@type\":\"BreadcrumbList\",\"@id\":\"https:\\\/\\\/schoenstatt.com\\\/it\\\/una-celebrazione-di-compleanno-a-gymnich\\\/#breadcrumb\",\"itemListElement\":[{\"@type\":\"ListItem\",\"position\":1,\"name\":\"Portada\",\"item\":\"https:\\\/\\\/schoenstatt.com\\\/it\\\/home\\\/\"},{\"@type\":\"ListItem\",\"position\":2,\"name\":\"Una celebrazione di compleanno a Gymnich\"}]},{\"@type\":\"WebSite\",\"@id\":\"https:\\\/\\\/schoenstatt.com\\\/it\\\/#website\",\"url\":\"https:\\\/\\\/schoenstatt.com\\\/it\\\/\",\"name\":\"Schoenstatt\",\"description\":\"Apostolic Movement\",\"publisher\":{\"@id\":\"https:\\\/\\\/schoenstatt.com\\\/it\\\/#organization\"},\"potentialAction\":[{\"@type\":\"SearchAction\",\"target\":{\"@type\":\"EntryPoint\",\"urlTemplate\":\"https:\\\/\\\/schoenstatt.com\\\/it\\\/?s={search_term_string}\"},\"query-input\":{\"@type\":\"PropertyValueSpecification\",\"valueRequired\":true,\"valueName\":\"search_term_string\"}}],\"inLanguage\":\"it-IT\"},{\"@type\":\"Organization\",\"@id\":\"https:\\\/\\\/schoenstatt.com\\\/it\\\/#organization\",\"name\":\"Schoenstatt\",\"url\":\"https:\\\/\\\/schoenstatt.com\\\/it\\\/\",\"logo\":{\"@type\":\"ImageObject\",\"inLanguage\":\"it-IT\",\"@id\":\"https:\\\/\\\/schoenstatt.com\\\/it\\\/#\\\/schema\\\/logo\\\/image\\\/\",\"url\":\"https:\\\/\\\/schoenstatt.com\\\/wp-content\\\/uploads\\\/2025\\\/04\\\/logo-schoenstatt-white-696x696-1.png\",\"contentUrl\":\"https:\\\/\\\/schoenstatt.com\\\/wp-content\\\/uploads\\\/2025\\\/04\\\/logo-schoenstatt-white-696x696-1.png\",\"width\":696,\"height\":694,\"caption\":\"Schoenstatt\"},\"image\":{\"@id\":\"https:\\\/\\\/schoenstatt.com\\\/it\\\/#\\\/schema\\\/logo\\\/image\\\/\"}},{\"@type\":\"Person\",\"@id\":\"https:\\\/\\\/schoenstatt.com\\\/it\\\/#\\\/schema\\\/person\\\/5158877ad4acae98b34daaeef2a1ce6e\",\"name\":\"Karen Bueno\",\"image\":{\"@type\":\"ImageObject\",\"inLanguage\":\"it-IT\",\"@id\":\"https:\\\/\\\/secure.gravatar.com\\\/avatar\\\/f9f4b823873154269d2b2130f195f6d41037dd0d7fc5f3cacb5c846bae70d66b?s=96&d=mm&r=g\",\"url\":\"https:\\\/\\\/secure.gravatar.com\\\/avatar\\\/f9f4b823873154269d2b2130f195f6d41037dd0d7fc5f3cacb5c846bae70d66b?s=96&d=mm&r=g\",\"contentUrl\":\"https:\\\/\\\/secure.gravatar.com\\\/avatar\\\/f9f4b823873154269d2b2130f195f6d41037dd0d7fc5f3cacb5c846bae70d66b?s=96&d=mm&r=g\",\"caption\":\"Karen Bueno\"},\"url\":\"https:\\\/\\\/schoenstatt.com\\\/it\\\/author\\\/karen-bueno\\\/\"}]}<\/script>\n<!-- \/ Yoast SEO Premium plugin. -->","yoast_head_json":{"title":"Una celebrazione di compleanno a Gymnich - Schoenstatt","description":"Ecco come \u00e8 stata celebrata la ricorrenza dei 140 anni dalla nascita di P. Joseph Kentenich nella sua terra natale di Gymnich, in Germania.","robots":{"index":"index","follow":"follow","max-snippet":"max-snippet:-1","max-image-preview":"max-image-preview:large","max-video-preview":"max-video-preview:-1"},"canonical":"https:\/\/schoenstatt.com\/it\/una-celebrazione-di-compleanno-a-gymnich\/","og_locale":"it_IT","og_type":"article","og_title":"Una celebrazione di compleanno a Gymnich","og_description":"Ecco come \u00e8 stata celebrata la ricorrenza dei 140 anni dalla nascita di P. Joseph Kentenich nella sua terra natale di Gymnich, in Germania.","og_url":"https:\/\/schoenstatt.com\/it\/una-celebrazione-di-compleanno-a-gymnich\/","og_site_name":"Schoenstatt","article_published_time":"2025-11-21T13:02:48+00:00","article_modified_time":"2025-11-26T12:55:01+00:00","og_image":[{"width":2048,"height":1152,"url":"https:\/\/schoenstatt.com\/wp-content\/uploads\/2025\/11\/Bishof-Vincent-Dollmann-in-Gymnich.jpg","type":"image\/jpeg"}],"author":"Karen Bueno","twitter_card":"summary_large_image","twitter_misc":{"Scritto da":"Karen Bueno","Tempo di lettura stimato":"6 minuti"},"schema":{"@context":"https:\/\/schema.org","@graph":[{"@type":"Article","@id":"https:\/\/schoenstatt.com\/it\/una-celebrazione-di-compleanno-a-gymnich\/#article","isPartOf":{"@id":"https:\/\/schoenstatt.com\/it\/una-celebrazione-di-compleanno-a-gymnich\/"},"author":{"name":"Karen Bueno","@id":"https:\/\/schoenstatt.com\/it\/#\/schema\/person\/5158877ad4acae98b34daaeef2a1ce6e"},"headline":"Una celebrazione di compleanno a Gymnich","datePublished":"2025-11-21T13:02:48+00:00","dateModified":"2025-11-26T12:55:01+00:00","mainEntityOfPage":{"@id":"https:\/\/schoenstatt.com\/it\/una-celebrazione-di-compleanno-a-gymnich\/"},"wordCount":808,"publisher":{"@id":"https:\/\/schoenstatt.com\/it\/#organization"},"image":{"@id":"https:\/\/schoenstatt.com\/it\/una-celebrazione-di-compleanno-a-gymnich\/#primaryimage"},"thumbnailUrl":"https:\/\/schoenstatt.com\/wp-content\/uploads\/2025\/11\/Bishof-Vincent-Dollmann-in-Gymnich.jpg","articleSection":["Padre Joseph Kentenich"],"inLanguage":"it-IT"},{"@type":"WebPage","@id":"https:\/\/schoenstatt.com\/it\/una-celebrazione-di-compleanno-a-gymnich\/","url":"https:\/\/schoenstatt.com\/it\/una-celebrazione-di-compleanno-a-gymnich\/","name":"Una celebrazione di compleanno a Gymnich - Schoenstatt","isPartOf":{"@id":"https:\/\/schoenstatt.com\/it\/#website"},"primaryImageOfPage":{"@id":"https:\/\/schoenstatt.com\/it\/una-celebrazione-di-compleanno-a-gymnich\/#primaryimage"},"image":{"@id":"https:\/\/schoenstatt.com\/it\/una-celebrazione-di-compleanno-a-gymnich\/#primaryimage"},"thumbnailUrl":"https:\/\/schoenstatt.com\/wp-content\/uploads\/2025\/11\/Bishof-Vincent-Dollmann-in-Gymnich.jpg","datePublished":"2025-11-21T13:02:48+00:00","dateModified":"2025-11-26T12:55:01+00:00","description":"Ecco come \u00e8 stata celebrata la ricorrenza dei 140 anni dalla nascita di P. Joseph Kentenich nella sua terra natale di Gymnich, in Germania.","breadcrumb":{"@id":"https:\/\/schoenstatt.com\/it\/una-celebrazione-di-compleanno-a-gymnich\/#breadcrumb"},"inLanguage":"it-IT","potentialAction":[{"@type":"ReadAction","target":["https:\/\/schoenstatt.com\/it\/una-celebrazione-di-compleanno-a-gymnich\/"]}]},{"@type":"ImageObject","inLanguage":"it-IT","@id":"https:\/\/schoenstatt.com\/it\/una-celebrazione-di-compleanno-a-gymnich\/#primaryimage","url":"https:\/\/schoenstatt.com\/wp-content\/uploads\/2025\/11\/Bishof-Vincent-Dollmann-in-Gymnich.jpg","contentUrl":"https:\/\/schoenstatt.com\/wp-content\/uploads\/2025\/11\/Bishof-Vincent-Dollmann-in-Gymnich.jpg","width":2048,"height":1152},{"@type":"BreadcrumbList","@id":"https:\/\/schoenstatt.com\/it\/una-celebrazione-di-compleanno-a-gymnich\/#breadcrumb","itemListElement":[{"@type":"ListItem","position":1,"name":"Portada","item":"https:\/\/schoenstatt.com\/it\/home\/"},{"@type":"ListItem","position":2,"name":"Una celebrazione di compleanno a Gymnich"}]},{"@type":"WebSite","@id":"https:\/\/schoenstatt.com\/it\/#website","url":"https:\/\/schoenstatt.com\/it\/","name":"Schoenstatt","description":"Apostolic Movement","publisher":{"@id":"https:\/\/schoenstatt.com\/it\/#organization"},"potentialAction":[{"@type":"SearchAction","target":{"@type":"EntryPoint","urlTemplate":"https:\/\/schoenstatt.com\/it\/?s={search_term_string}"},"query-input":{"@type":"PropertyValueSpecification","valueRequired":true,"valueName":"search_term_string"}}],"inLanguage":"it-IT"},{"@type":"Organization","@id":"https:\/\/schoenstatt.com\/it\/#organization","name":"Schoenstatt","url":"https:\/\/schoenstatt.com\/it\/","logo":{"@type":"ImageObject","inLanguage":"it-IT","@id":"https:\/\/schoenstatt.com\/it\/#\/schema\/logo\/image\/","url":"https:\/\/schoenstatt.com\/wp-content\/uploads\/2025\/04\/logo-schoenstatt-white-696x696-1.png","contentUrl":"https:\/\/schoenstatt.com\/wp-content\/uploads\/2025\/04\/logo-schoenstatt-white-696x696-1.png","width":696,"height":694,"caption":"Schoenstatt"},"image":{"@id":"https:\/\/schoenstatt.com\/it\/#\/schema\/logo\/image\/"}},{"@type":"Person","@id":"https:\/\/schoenstatt.com\/it\/#\/schema\/person\/5158877ad4acae98b34daaeef2a1ce6e","name":"Karen Bueno","image":{"@type":"ImageObject","inLanguage":"it-IT","@id":"https:\/\/secure.gravatar.com\/avatar\/f9f4b823873154269d2b2130f195f6d41037dd0d7fc5f3cacb5c846bae70d66b?s=96&d=mm&r=g","url":"https:\/\/secure.gravatar.com\/avatar\/f9f4b823873154269d2b2130f195f6d41037dd0d7fc5f3cacb5c846bae70d66b?s=96&d=mm&r=g","contentUrl":"https:\/\/secure.gravatar.com\/avatar\/f9f4b823873154269d2b2130f195f6d41037dd0d7fc5f3cacb5c846bae70d66b?s=96&d=mm&r=g","caption":"Karen Bueno"},"url":"https:\/\/schoenstatt.com\/it\/author\/karen-bueno\/"}]}},"_links":{"self":[{"href":"https:\/\/schoenstatt.com\/it\/wp-json\/wp\/v2\/posts\/66771","targetHints":{"allow":["GET"]}}],"collection":[{"href":"https:\/\/schoenstatt.com\/it\/wp-json\/wp\/v2\/posts"}],"about":[{"href":"https:\/\/schoenstatt.com\/it\/wp-json\/wp\/v2\/types\/post"}],"author":[{"embeddable":true,"href":"https:\/\/schoenstatt.com\/it\/wp-json\/wp\/v2\/users\/3"}],"replies":[{"embeddable":true,"href":"https:\/\/schoenstatt.com\/it\/wp-json\/wp\/v2\/comments?post=66771"}],"version-history":[{"count":3,"href":"https:\/\/schoenstatt.com\/it\/wp-json\/wp\/v2\/posts\/66771\/revisions"}],"predecessor-version":[{"id":66774,"href":"https:\/\/schoenstatt.com\/it\/wp-json\/wp\/v2\/posts\/66771\/revisions\/66774"}],"wp:featuredmedia":[{"embeddable":true,"href":"https:\/\/schoenstatt.com\/it\/wp-json\/wp\/v2\/media\/66684"}],"wp:attachment":[{"href":"https:\/\/schoenstatt.com\/it\/wp-json\/wp\/v2\/media?parent=66771"}],"wp:term":[{"taxonomy":"category","embeddable":true,"href":"https:\/\/schoenstatt.com\/it\/wp-json\/wp\/v2\/categories?post=66771"},{"taxonomy":"post_tag","embeddable":true,"href":"https:\/\/schoenstatt.com\/it\/wp-json\/wp\/v2\/tags?post=66771"}],"curies":[{"name":"wp","href":"https:\/\/api.w.org\/{rel}","templated":true}]}}