{"id":66711,"date":"2025-11-20T04:04:00","date_gmt":"2025-11-20T03:04:00","guid":{"rendered":"https:\/\/schoenstatt.com\/?p=66711"},"modified":"2025-11-21T14:54:47","modified_gmt":"2025-11-21T13:54:47","slug":"il-family-festival-segna-il-giorno-della-fondazione-a-mulgoa-australia","status":"publish","type":"post","link":"https:\/\/schoenstatt.com\/it\/il-family-festival-segna-il-giorno-della-fondazione-a-mulgoa-australia\/","title":{"rendered":"Il Family Festival segna il Giorno della Fondazione a Mulgoa, Australia"},"content":{"rendered":"\n<p>Domenica 19 ottobre, oltre 500 persone si sono riunite a Mount Schoenstatt, Mulgoa (Australia) per il Schoenstatt Foundation Day Family Festival. La giornata \u00e8 iniziata alle 10:15 con un pre-programma nella Family Hall, mentre molti partecipanti cominciavano ad arrivare. L\u2019incontro \u00e8 stato guidato da Thorie Tembo, una giovane donna di Schoenstatt, e da Bernard Toutounji, membro del Ramo Famiglie di Schoenstatt, e comprendeva una combinazione di contenuti sulla spiritualit\u00e0 schoenstattiana, video, testimonianze e momenti di preghiera. Durante il pre-programma, padre Pawel Barszczewski OP e padre Piotr Kruk OP si sono resi disponibili per il Sacramento della Riconciliazione, accolto con gratitudine da molti pellegrini.<\/p>\n\n\n\n<p>Prima dell\u2019inizio della Santa Messa, tutti sono stati invitati a scrivere i loro doni d\u2019amore su un biglietto di carta, che i volontari hanno poi raccolto. Queste contribuzioni al capitale di grazie sono state deposte nel vaso.<\/p>\n\n\n\n<h3 class=\"wp-block-heading\" id=\"h-una-missione-per-il-nostro-tempo\">Una missione per il nostro tempo<\/h3>\n\n\n\n<p>La Santa Messa \u00e8 iniziata alle 11:00, con molte bandiere internazionali che hanno aperto la processione all\u2019ingresso nella Family Hall. La celebrazione \u00e8 stata presieduta da padre Pawel OP, assistito dal diacono Jerome D\u2019Rozario. Numerosi membri di Schoenstatt erano presenti e attivi nella liturgia come ministri all\u2019altare, lettori, cantori e partecipanti alla processione offertoriale.<\/p>\n\n\n\n<p>Nell\u2019omelia, padre Pawel OP ha sottolineato l\u2019importanza dell\u2019Alleanza d\u2019Amore e il modo in cui tutto ci\u00f2 che facciamo nella vita quotidiana pu\u00f2 essere offerto come dono alla nostra Madre e Regina tre volte Ammirabile. Lei, a sua volta, trasforma questi doni nelle molte grazie che scaturiscono dal Santuario di Schoenstatt. Ha evidenziato che il giorno della fondazione di Schoenstatt non \u00e8 solo un evento storico, ma una missione per il nostro tempo, alla quale tutti siamo chiamati a partecipare.<\/p>\n\n\n\n<figure class=\"wp-block-gallery has-nested-images columns-default is-cropped wp-block-gallery-1 is-layout-flex wp-block-gallery-is-layout-flex\">\n<figure class=\"wp-block-image size-full\"><img decoding=\"async\" data-id=\"66642\" src=\"https:\/\/schoenstatt.com\/wp-content\/uploads\/2025\/11\/Australia-2025-e.jpg\" alt=\"\" class=\"wp-image-66642\"\/><\/figure>\n\n\n\n<figure class=\"wp-block-image size-large\"><img decoding=\"async\" data-id=\"66641\" src=\"https:\/\/schoenstatt.com\/wp-content\/uploads\/2025\/11\/Australia-2025-g.jpg\" alt=\"\" class=\"wp-image-66641\"\/><\/figure>\n<\/figure>\n\n\n\n<h3 class=\"wp-block-heading\" id=\"h-pellegrini-di-speranza\">Pellegrini di speranza<\/h3>\n\n\n\n<p>Al termine della Santa Messa si \u00e8 svolta una processione verso il Santuario di Schoenstatt, guidata nuovamente dalle bandiere internazionali, insieme al vaso del capitale di grazie e al libro dell\u2019alleanza. lungo il percorso \u00e8 stata recitata una decina del rosario per l\u2019intenzione del Papa Leone riguardo alla pace e per tutte le intenzioni che erano state deposte nel vaso e affidate alla Madre benedetta nel Santuario.<\/p>\n\n\n\n<p>Giunti al Santuario, abbiamo espresso la nostra gratitudine alla Madre benedetta per aver trasformato questo luogo in un luogo di grazia e abbiamo rinnovato l\u2019Alleanza d\u2019Amore. Al termine, p. Pawel OP ha benedetto e inviato tutti dal Santuario come Pellegrini di Speranza, poi \u00e8 stata recitata la preghiera di ringraziamento e benedetto il cibo, dando cos\u00ec inizio al programma del pomeriggio.<\/p>\n\n\n\n<h3 class=\"wp-block-heading\" id=\"h-all-ombra-del-santuario\">\u201cAll\u2019ombra\u201d del Santuario<\/h3>\n\n\n\n<p>C\u2019erano un barbecue, molti stand gastronomici internazionali, dolci e vari altri banchetti a disposizione di tutti. I pi\u00f9 piccoli hanno molto apprezzato la macchina per le granite, il castello gonfiabile e il truccabimbi, mentre gli adulti hanno colto l\u2019occasione per visitare il mercato, gli stand informativi e quelli di piante. Anche i biglietti della lotteria sono stati un\u2019attrazione molto grande. La giornata \u00e8 stata avvolta da una vera atmosfera familiare e, ovunque ci si voltasse, si vedevano volti sorridenti.<\/p>\n\n\n\n<figure class=\"wp-block-gallery has-nested-images columns-default is-cropped wp-block-gallery-2 is-layout-flex wp-block-gallery-is-layout-flex\">\n<figure class=\"wp-block-image size-large\"><img decoding=\"async\" data-id=\"66648\" src=\"https:\/\/schoenstatt.com\/wp-content\/uploads\/2025\/11\/Australia-2025-c.jpg\" alt=\"\" class=\"wp-image-66648\"\/><\/figure>\n\n\n\n<figure class=\"wp-block-image size-large\"><img decoding=\"async\" data-id=\"66647\" src=\"https:\/\/schoenstatt.com\/wp-content\/uploads\/2025\/11\/Australia-2025-d.jpg\" alt=\"\" class=\"wp-image-66647\"\/><\/figure>\n<\/figure>\n\n\n\n<p>Alle 13:45 la campana del Santuario \u00e8 stata suonata per invitare tutti a una devozione di preghiera e alla Benedizione. Molte persone si sono radunate dentro e attorno al Santuario, oltre che in qualsiasi punto d\u2019ombra disponibile, poich\u00e9 la giornata era molto calda. Davanti al Santuario erano stati allestiti un tendone e un altare, dove padre Pawel OP ha guidato le preghiere e suor M. Elizabeth Foley ha accompagnato i canti alla tastiera, sotto un albero.<\/p>\n\n\n\n<p>Con il motto \u201cUniti nell\u2019Alleanza \u2013 Pellegrini di Speranza!\u201d, insieme abbiamo offerto la nostra lode e il nostro ringraziamento al Signore Ges\u00f9 presente nell\u2019ostensorio. Poi abbiamo rivolto lo sguardo alla nostra Madre Tre Volte Ammirabile e, con gratitudine, abbiamo riconosciuto tutte le meraviglie che ha compiuto nel corso degli anni, attraverso il Movimento internazionale di Schoenstatt, ma anche nelle nostre vite personali. Abbiamo inoltre pregato in ringraziamento per il nostro fondatore, padre Joseph Kentenich, implorando che il suo processo di canonizzazione possa presto proseguire con esito positivo. Dopo la benedizione, padre Pawel OP \u00e8 passato tra i presenti con l\u2019acqua benedetta e ha benedetto tutti gli oggetti religiosi acquistati durante la giornata.<\/p>\n\n\n\n<figure class=\"wp-block-gallery has-nested-images columns-default is-cropped wp-block-gallery-3 is-layout-flex wp-block-gallery-is-layout-flex\">\n<figure class=\"wp-block-image size-large\"><img decoding=\"async\" data-id=\"66657\" src=\"https:\/\/schoenstatt.com\/wp-content\/uploads\/2025\/11\/Australia-2025-b.jpg\" alt=\"\" class=\"wp-image-66657\"\/><\/figure>\n\n\n\n<figure class=\"wp-block-image size-large\"><img decoding=\"async\" data-id=\"66659\" src=\"https:\/\/schoenstatt.com\/wp-content\/uploads\/2025\/11\/Australia-2025-f.jpg\" alt=\"\" class=\"wp-image-66659\"\/><\/figure>\n<\/figure>\n\n\n\n<h3 class=\"wp-block-heading\" id=\"h-un-raduno-di-famiglia\">Un raduno di famiglia<\/h3>\n\n\n\n<p>Suor M. Rita Baysari ha concluso la giornata con alcune parole di ringraziamento. Le celebrazioni di quest\u2019anno per il giorno della fondazione hanno davvero avuto il carattere di una festa di famiglia, con l\u2019Alleanza d\u2019Amore e il Santuario di Schoenstatt al centro dell\u2019intera giornata. Ci\u00f2 che \u00e8 stato davvero sorprendente \u00e8 la grande variet\u00e0 di persone presenti: culture diverse, et\u00e0 differenti e livelli molto vari di conoscenza o di coinvolgimento in Schoenstatt. Alcuni partecipanti fanno parte del Movimento di Schoenstatt da oltre cinquant\u2019anni, mentre altri hanno visitato il Santuario solo recentemente. Tutti coloro che hanno partecipato hanno vissuto un tempo benedetto e gioioso.<\/p>\n","protected":false},"excerpt":{"rendered":"<p>La Famiglia di Schoenstatt a Mulgoa, in Australia, ha celebrato quest&#8217;anno la ricorrenza della fondazione di Schoenstatt con una festa speciale.<\/p>\n","protected":false},"author":3,"featured_media":66669,"comment_status":"closed","ping_status":"closed","sticky":false,"template":"","format":"standard","meta":{"footnotes":""},"categories":[894],"tags":[1118],"class_list":["post-66711","post","type-post","status-publish","format-standard","has-post-thumbnail","hentry","category-oceania-it","tag-schoenstatt-australia-it"],"yoast_head":"<!-- This site is optimized with the Yoast SEO Premium plugin v27.4 (Yoast SEO v27.5) - https:\/\/yoast.com\/product\/yoast-seo-premium-wordpress\/ -->\n<title>Il Family Festival segna il Giorno della Fondazione a Mulgoa, Australia<\/title>\n<meta name=\"description\" content=\"La Famiglia di Schoenstatt a Mulgoa, in Australia, ha celebrato quest&#039;anno la ricorrenza della fondazione di Schoenstatt con una festa speciale.\" \/>\n<meta name=\"robots\" content=\"index, follow, max-snippet:-1, max-image-preview:large, max-video-preview:-1\" \/>\n<link rel=\"canonical\" href=\"https:\/\/schoenstatt.com\/it\/il-family-festival-segna-il-giorno-della-fondazione-a-mulgoa-australia\/\" \/>\n<meta property=\"og:locale\" content=\"it_IT\" \/>\n<meta property=\"og:type\" content=\"article\" \/>\n<meta property=\"og:title\" content=\"Il Family Festival segna il Giorno della Fondazione a Mulgoa, Australia\" \/>\n<meta property=\"og:description\" content=\"La Famiglia di Schoenstatt a Mulgoa, in Australia, ha celebrato quest&#039;anno la ricorrenza della fondazione di Schoenstatt con una festa speciale.\" \/>\n<meta property=\"og:url\" content=\"https:\/\/schoenstatt.com\/it\/il-family-festival-segna-il-giorno-della-fondazione-a-mulgoa-australia\/\" \/>\n<meta property=\"og:site_name\" content=\"Schoenstatt\" \/>\n<meta property=\"article:published_time\" content=\"2025-11-20T03:04:00+00:00\" \/>\n<meta property=\"article:modified_time\" content=\"2025-11-21T13:54:47+00:00\" \/>\n<meta property=\"og:image\" content=\"https:\/\/schoenstatt.com\/wp-content\/uploads\/2025\/11\/Australia-2025.webp\" \/>\n\t<meta property=\"og:image:width\" content=\"2048\" \/>\n\t<meta property=\"og:image:height\" content=\"1005\" \/>\n\t<meta property=\"og:image:type\" content=\"image\/jpeg\" \/>\n<meta name=\"author\" content=\"Karen Bueno\" \/>\n<meta name=\"twitter:card\" content=\"summary_large_image\" \/>\n<meta name=\"twitter:label1\" content=\"Scritto da\" \/>\n\t<meta name=\"twitter:data1\" content=\"Karen Bueno\" \/>\n\t<meta name=\"twitter:label2\" content=\"Tempo di lettura stimato\" \/>\n\t<meta name=\"twitter:data2\" content=\"6 minuti\" \/>\n<script type=\"application\/ld+json\" class=\"yoast-schema-graph\">{\"@context\":\"https:\\\/\\\/schema.org\",\"@graph\":[{\"@type\":\"Article\",\"@id\":\"https:\\\/\\\/schoenstatt.com\\\/it\\\/il-family-festival-segna-il-giorno-della-fondazione-a-mulgoa-australia\\\/#article\",\"isPartOf\":{\"@id\":\"https:\\\/\\\/schoenstatt.com\\\/it\\\/il-family-festival-segna-il-giorno-della-fondazione-a-mulgoa-australia\\\/\"},\"author\":{\"name\":\"Karen Bueno\",\"@id\":\"https:\\\/\\\/schoenstatt.com\\\/it\\\/#\\\/schema\\\/person\\\/5158877ad4acae98b34daaeef2a1ce6e\"},\"headline\":\"Il Family Festival segna il Giorno della Fondazione a Mulgoa, Australia\",\"datePublished\":\"2025-11-20T03:04:00+00:00\",\"dateModified\":\"2025-11-21T13:54:47+00:00\",\"mainEntityOfPage\":{\"@id\":\"https:\\\/\\\/schoenstatt.com\\\/it\\\/il-family-festival-segna-il-giorno-della-fondazione-a-mulgoa-australia\\\/\"},\"wordCount\":806,\"publisher\":{\"@id\":\"https:\\\/\\\/schoenstatt.com\\\/it\\\/#organization\"},\"image\":{\"@id\":\"https:\\\/\\\/schoenstatt.com\\\/it\\\/il-family-festival-segna-il-giorno-della-fondazione-a-mulgoa-australia\\\/#primaryimage\"},\"thumbnailUrl\":\"https:\\\/\\\/schoenstatt.com\\\/wp-content\\\/uploads\\\/2025\\\/11\\\/Australia-2025.webp\",\"keywords\":[\"Schoenstatt Australia\"],\"articleSection\":[\"Oceania\"],\"inLanguage\":\"it-IT\"},{\"@type\":\"WebPage\",\"@id\":\"https:\\\/\\\/schoenstatt.com\\\/it\\\/il-family-festival-segna-il-giorno-della-fondazione-a-mulgoa-australia\\\/\",\"url\":\"https:\\\/\\\/schoenstatt.com\\\/it\\\/il-family-festival-segna-il-giorno-della-fondazione-a-mulgoa-australia\\\/\",\"name\":\"Il Family Festival segna il Giorno della Fondazione a Mulgoa, Australia\",\"isPartOf\":{\"@id\":\"https:\\\/\\\/schoenstatt.com\\\/it\\\/#website\"},\"primaryImageOfPage\":{\"@id\":\"https:\\\/\\\/schoenstatt.com\\\/it\\\/il-family-festival-segna-il-giorno-della-fondazione-a-mulgoa-australia\\\/#primaryimage\"},\"image\":{\"@id\":\"https:\\\/\\\/schoenstatt.com\\\/it\\\/il-family-festival-segna-il-giorno-della-fondazione-a-mulgoa-australia\\\/#primaryimage\"},\"thumbnailUrl\":\"https:\\\/\\\/schoenstatt.com\\\/wp-content\\\/uploads\\\/2025\\\/11\\\/Australia-2025.webp\",\"datePublished\":\"2025-11-20T03:04:00+00:00\",\"dateModified\":\"2025-11-21T13:54:47+00:00\",\"description\":\"La Famiglia di Schoenstatt a Mulgoa, in Australia, ha celebrato quest'anno la ricorrenza della fondazione di Schoenstatt con una festa speciale.\",\"breadcrumb\":{\"@id\":\"https:\\\/\\\/schoenstatt.com\\\/it\\\/il-family-festival-segna-il-giorno-della-fondazione-a-mulgoa-australia\\\/#breadcrumb\"},\"inLanguage\":\"it-IT\",\"potentialAction\":[{\"@type\":\"ReadAction\",\"target\":[\"https:\\\/\\\/schoenstatt.com\\\/it\\\/il-family-festival-segna-il-giorno-della-fondazione-a-mulgoa-australia\\\/\"]}]},{\"@type\":\"ImageObject\",\"inLanguage\":\"it-IT\",\"@id\":\"https:\\\/\\\/schoenstatt.com\\\/it\\\/il-family-festival-segna-il-giorno-della-fondazione-a-mulgoa-australia\\\/#primaryimage\",\"url\":\"https:\\\/\\\/schoenstatt.com\\\/wp-content\\\/uploads\\\/2025\\\/11\\\/Australia-2025.webp\",\"contentUrl\":\"https:\\\/\\\/schoenstatt.com\\\/wp-content\\\/uploads\\\/2025\\\/11\\\/Australia-2025.webp\",\"width\":2048,\"height\":1005},{\"@type\":\"BreadcrumbList\",\"@id\":\"https:\\\/\\\/schoenstatt.com\\\/it\\\/il-family-festival-segna-il-giorno-della-fondazione-a-mulgoa-australia\\\/#breadcrumb\",\"itemListElement\":[{\"@type\":\"ListItem\",\"position\":1,\"name\":\"Portada\",\"item\":\"https:\\\/\\\/schoenstatt.com\\\/it\\\/home\\\/\"},{\"@type\":\"ListItem\",\"position\":2,\"name\":\"Il Family Festival segna il Giorno della Fondazione a Mulgoa, Australia\"}]},{\"@type\":\"WebSite\",\"@id\":\"https:\\\/\\\/schoenstatt.com\\\/it\\\/#website\",\"url\":\"https:\\\/\\\/schoenstatt.com\\\/it\\\/\",\"name\":\"Schoenstatt\",\"description\":\"Apostolic Movement\",\"publisher\":{\"@id\":\"https:\\\/\\\/schoenstatt.com\\\/it\\\/#organization\"},\"potentialAction\":[{\"@type\":\"SearchAction\",\"target\":{\"@type\":\"EntryPoint\",\"urlTemplate\":\"https:\\\/\\\/schoenstatt.com\\\/it\\\/?s={search_term_string}\"},\"query-input\":{\"@type\":\"PropertyValueSpecification\",\"valueRequired\":true,\"valueName\":\"search_term_string\"}}],\"inLanguage\":\"it-IT\"},{\"@type\":\"Organization\",\"@id\":\"https:\\\/\\\/schoenstatt.com\\\/it\\\/#organization\",\"name\":\"Schoenstatt\",\"url\":\"https:\\\/\\\/schoenstatt.com\\\/it\\\/\",\"logo\":{\"@type\":\"ImageObject\",\"inLanguage\":\"it-IT\",\"@id\":\"https:\\\/\\\/schoenstatt.com\\\/it\\\/#\\\/schema\\\/logo\\\/image\\\/\",\"url\":\"https:\\\/\\\/schoenstatt.com\\\/wp-content\\\/uploads\\\/2025\\\/04\\\/logo-schoenstatt-white-696x696-1.png\",\"contentUrl\":\"https:\\\/\\\/schoenstatt.com\\\/wp-content\\\/uploads\\\/2025\\\/04\\\/logo-schoenstatt-white-696x696-1.png\",\"width\":696,\"height\":694,\"caption\":\"Schoenstatt\"},\"image\":{\"@id\":\"https:\\\/\\\/schoenstatt.com\\\/it\\\/#\\\/schema\\\/logo\\\/image\\\/\"}},{\"@type\":\"Person\",\"@id\":\"https:\\\/\\\/schoenstatt.com\\\/it\\\/#\\\/schema\\\/person\\\/5158877ad4acae98b34daaeef2a1ce6e\",\"name\":\"Karen Bueno\",\"image\":{\"@type\":\"ImageObject\",\"inLanguage\":\"it-IT\",\"@id\":\"https:\\\/\\\/secure.gravatar.com\\\/avatar\\\/f9f4b823873154269d2b2130f195f6d41037dd0d7fc5f3cacb5c846bae70d66b?s=96&d=mm&r=g\",\"url\":\"https:\\\/\\\/secure.gravatar.com\\\/avatar\\\/f9f4b823873154269d2b2130f195f6d41037dd0d7fc5f3cacb5c846bae70d66b?s=96&d=mm&r=g\",\"contentUrl\":\"https:\\\/\\\/secure.gravatar.com\\\/avatar\\\/f9f4b823873154269d2b2130f195f6d41037dd0d7fc5f3cacb5c846bae70d66b?s=96&d=mm&r=g\",\"caption\":\"Karen Bueno\"},\"url\":\"https:\\\/\\\/schoenstatt.com\\\/it\\\/author\\\/karen-bueno\\\/\"}]}<\/script>\n<!-- \/ Yoast SEO Premium plugin. -->","yoast_head_json":{"title":"Il Family Festival segna il Giorno della Fondazione a Mulgoa, Australia","description":"La Famiglia di Schoenstatt a Mulgoa, in Australia, ha celebrato quest'anno la ricorrenza della fondazione di Schoenstatt con una festa speciale.","robots":{"index":"index","follow":"follow","max-snippet":"max-snippet:-1","max-image-preview":"max-image-preview:large","max-video-preview":"max-video-preview:-1"},"canonical":"https:\/\/schoenstatt.com\/it\/il-family-festival-segna-il-giorno-della-fondazione-a-mulgoa-australia\/","og_locale":"it_IT","og_type":"article","og_title":"Il Family Festival segna il Giorno della Fondazione a Mulgoa, Australia","og_description":"La Famiglia di Schoenstatt a Mulgoa, in Australia, ha celebrato quest'anno la ricorrenza della fondazione di Schoenstatt con una festa speciale.","og_url":"https:\/\/schoenstatt.com\/it\/il-family-festival-segna-il-giorno-della-fondazione-a-mulgoa-australia\/","og_site_name":"Schoenstatt","article_published_time":"2025-11-20T03:04:00+00:00","article_modified_time":"2025-11-21T13:54:47+00:00","og_image":[{"width":2048,"height":1005,"url":"https:\/\/schoenstatt.com\/wp-content\/uploads\/2025\/11\/Australia-2025.webp","type":"image\/jpeg"}],"author":"Karen Bueno","twitter_card":"summary_large_image","twitter_misc":{"Scritto da":"Karen Bueno","Tempo di lettura stimato":"6 minuti"},"schema":{"@context":"https:\/\/schema.org","@graph":[{"@type":"Article","@id":"https:\/\/schoenstatt.com\/it\/il-family-festival-segna-il-giorno-della-fondazione-a-mulgoa-australia\/#article","isPartOf":{"@id":"https:\/\/schoenstatt.com\/it\/il-family-festival-segna-il-giorno-della-fondazione-a-mulgoa-australia\/"},"author":{"name":"Karen Bueno","@id":"https:\/\/schoenstatt.com\/it\/#\/schema\/person\/5158877ad4acae98b34daaeef2a1ce6e"},"headline":"Il Family Festival segna il Giorno della Fondazione a Mulgoa, Australia","datePublished":"2025-11-20T03:04:00+00:00","dateModified":"2025-11-21T13:54:47+00:00","mainEntityOfPage":{"@id":"https:\/\/schoenstatt.com\/it\/il-family-festival-segna-il-giorno-della-fondazione-a-mulgoa-australia\/"},"wordCount":806,"publisher":{"@id":"https:\/\/schoenstatt.com\/it\/#organization"},"image":{"@id":"https:\/\/schoenstatt.com\/it\/il-family-festival-segna-il-giorno-della-fondazione-a-mulgoa-australia\/#primaryimage"},"thumbnailUrl":"https:\/\/schoenstatt.com\/wp-content\/uploads\/2025\/11\/Australia-2025.webp","keywords":["Schoenstatt Australia"],"articleSection":["Oceania"],"inLanguage":"it-IT"},{"@type":"WebPage","@id":"https:\/\/schoenstatt.com\/it\/il-family-festival-segna-il-giorno-della-fondazione-a-mulgoa-australia\/","url":"https:\/\/schoenstatt.com\/it\/il-family-festival-segna-il-giorno-della-fondazione-a-mulgoa-australia\/","name":"Il Family Festival segna il Giorno della Fondazione a Mulgoa, Australia","isPartOf":{"@id":"https:\/\/schoenstatt.com\/it\/#website"},"primaryImageOfPage":{"@id":"https:\/\/schoenstatt.com\/it\/il-family-festival-segna-il-giorno-della-fondazione-a-mulgoa-australia\/#primaryimage"},"image":{"@id":"https:\/\/schoenstatt.com\/it\/il-family-festival-segna-il-giorno-della-fondazione-a-mulgoa-australia\/#primaryimage"},"thumbnailUrl":"https:\/\/schoenstatt.com\/wp-content\/uploads\/2025\/11\/Australia-2025.webp","datePublished":"2025-11-20T03:04:00+00:00","dateModified":"2025-11-21T13:54:47+00:00","description":"La Famiglia di Schoenstatt a Mulgoa, in Australia, ha celebrato quest'anno la ricorrenza della fondazione di Schoenstatt con una festa speciale.","breadcrumb":{"@id":"https:\/\/schoenstatt.com\/it\/il-family-festival-segna-il-giorno-della-fondazione-a-mulgoa-australia\/#breadcrumb"},"inLanguage":"it-IT","potentialAction":[{"@type":"ReadAction","target":["https:\/\/schoenstatt.com\/it\/il-family-festival-segna-il-giorno-della-fondazione-a-mulgoa-australia\/"]}]},{"@type":"ImageObject","inLanguage":"it-IT","@id":"https:\/\/schoenstatt.com\/it\/il-family-festival-segna-il-giorno-della-fondazione-a-mulgoa-australia\/#primaryimage","url":"https:\/\/schoenstatt.com\/wp-content\/uploads\/2025\/11\/Australia-2025.webp","contentUrl":"https:\/\/schoenstatt.com\/wp-content\/uploads\/2025\/11\/Australia-2025.webp","width":2048,"height":1005},{"@type":"BreadcrumbList","@id":"https:\/\/schoenstatt.com\/it\/il-family-festival-segna-il-giorno-della-fondazione-a-mulgoa-australia\/#breadcrumb","itemListElement":[{"@type":"ListItem","position":1,"name":"Portada","item":"https:\/\/schoenstatt.com\/it\/home\/"},{"@type":"ListItem","position":2,"name":"Il Family Festival segna il Giorno della Fondazione a Mulgoa, Australia"}]},{"@type":"WebSite","@id":"https:\/\/schoenstatt.com\/it\/#website","url":"https:\/\/schoenstatt.com\/it\/","name":"Schoenstatt","description":"Apostolic Movement","publisher":{"@id":"https:\/\/schoenstatt.com\/it\/#organization"},"potentialAction":[{"@type":"SearchAction","target":{"@type":"EntryPoint","urlTemplate":"https:\/\/schoenstatt.com\/it\/?s={search_term_string}"},"query-input":{"@type":"PropertyValueSpecification","valueRequired":true,"valueName":"search_term_string"}}],"inLanguage":"it-IT"},{"@type":"Organization","@id":"https:\/\/schoenstatt.com\/it\/#organization","name":"Schoenstatt","url":"https:\/\/schoenstatt.com\/it\/","logo":{"@type":"ImageObject","inLanguage":"it-IT","@id":"https:\/\/schoenstatt.com\/it\/#\/schema\/logo\/image\/","url":"https:\/\/schoenstatt.com\/wp-content\/uploads\/2025\/04\/logo-schoenstatt-white-696x696-1.png","contentUrl":"https:\/\/schoenstatt.com\/wp-content\/uploads\/2025\/04\/logo-schoenstatt-white-696x696-1.png","width":696,"height":694,"caption":"Schoenstatt"},"image":{"@id":"https:\/\/schoenstatt.com\/it\/#\/schema\/logo\/image\/"}},{"@type":"Person","@id":"https:\/\/schoenstatt.com\/it\/#\/schema\/person\/5158877ad4acae98b34daaeef2a1ce6e","name":"Karen Bueno","image":{"@type":"ImageObject","inLanguage":"it-IT","@id":"https:\/\/secure.gravatar.com\/avatar\/f9f4b823873154269d2b2130f195f6d41037dd0d7fc5f3cacb5c846bae70d66b?s=96&d=mm&r=g","url":"https:\/\/secure.gravatar.com\/avatar\/f9f4b823873154269d2b2130f195f6d41037dd0d7fc5f3cacb5c846bae70d66b?s=96&d=mm&r=g","contentUrl":"https:\/\/secure.gravatar.com\/avatar\/f9f4b823873154269d2b2130f195f6d41037dd0d7fc5f3cacb5c846bae70d66b?s=96&d=mm&r=g","caption":"Karen Bueno"},"url":"https:\/\/schoenstatt.com\/it\/author\/karen-bueno\/"}]}},"_links":{"self":[{"href":"https:\/\/schoenstatt.com\/it\/wp-json\/wp\/v2\/posts\/66711","targetHints":{"allow":["GET"]}}],"collection":[{"href":"https:\/\/schoenstatt.com\/it\/wp-json\/wp\/v2\/posts"}],"about":[{"href":"https:\/\/schoenstatt.com\/it\/wp-json\/wp\/v2\/types\/post"}],"author":[{"embeddable":true,"href":"https:\/\/schoenstatt.com\/it\/wp-json\/wp\/v2\/users\/3"}],"replies":[{"embeddable":true,"href":"https:\/\/schoenstatt.com\/it\/wp-json\/wp\/v2\/comments?post=66711"}],"version-history":[{"count":2,"href":"https:\/\/schoenstatt.com\/it\/wp-json\/wp\/v2\/posts\/66711\/revisions"}],"predecessor-version":[{"id":66713,"href":"https:\/\/schoenstatt.com\/it\/wp-json\/wp\/v2\/posts\/66711\/revisions\/66713"}],"wp:featuredmedia":[{"embeddable":true,"href":"https:\/\/schoenstatt.com\/it\/wp-json\/wp\/v2\/media\/66669"}],"wp:attachment":[{"href":"https:\/\/schoenstatt.com\/it\/wp-json\/wp\/v2\/media?parent=66711"}],"wp:term":[{"taxonomy":"category","embeddable":true,"href":"https:\/\/schoenstatt.com\/it\/wp-json\/wp\/v2\/categories?post=66711"},{"taxonomy":"post_tag","embeddable":true,"href":"https:\/\/schoenstatt.com\/it\/wp-json\/wp\/v2\/tags?post=66711"}],"curies":[{"name":"wp","href":"https:\/\/api.w.org\/{rel}","templated":true}]}}