{"id":66610,"date":"2025-11-19T03:30:00","date_gmt":"2025-11-19T02:30:00","guid":{"rendered":"https:\/\/schoenstatt.com\/?p=66610"},"modified":"2025-11-19T12:58:02","modified_gmt":"2025-11-19T11:58:02","slug":"magnificat-non-temere-ti-ho-chiamato-per-nome","status":"publish","type":"post","link":"https:\/\/schoenstatt.com\/it\/magnificat-non-temere-ti-ho-chiamato-per-nome\/","title":{"rendered":"Magnificat! \u201cNon temere! Ti ho chiamato per nome\u201d"},"content":{"rendered":"\n<p>Dieci giovani donne provenienti da Argentina, Brasile, Ecuador e Polonia hanno celebrato la loro cerimonia di vestizione il 15 novembre 2025. Durante una solenne Santa Messa hanno ricevuto la veste delle <a href=\"https:\/\/schoenstatt.com\/it\/nella-comunita\/donne\/sorelle-di-maria\/\">Sorelle di Maria di Schoenstatt<\/a>. In questo Anno Giubilare, la giornata \u00e8 stata una gioia speciale per la comunit\u00e0 internazionale, che celebrer\u00e0 il <a href=\"https:\/\/www.s-ms.org\/it\/\" target=\"_blank\" rel=\"noreferrer noopener\">suo 100\u00ba anniversario<\/a> il 1\u00ba ottobre 2026.<\/p>\n\n\n\n<div style=\"height:28px\" aria-hidden=\"true\" class=\"wp-block-spacer\"><\/div>\n\n\n\n<figure class=\"wp-block-image aligncenter size-full\"><img decoding=\"async\" src=\"https:\/\/schoenstatt.com\/wp-content\/uploads\/2025\/11\/Sisters-of-Mary-2025.jpg\" alt=\"\" class=\"wp-image-66550\"\/><\/figure>\n\n\n\n<div style=\"height:29px\" aria-hidden=\"true\" class=\"wp-block-spacer\"><\/div>\n\n\n\n<figure class=\"wp-block-pullquote has-medium-font-size\" style=\"border-top-color:var(--wp--preset--color--luminous-vivid-orange);border-top-style:solid;border-top-width:1px;border-bottom-color:var(--wp--preset--color--luminous-vivid-orange);border-bottom-style:solid;border-bottom-width:1px;font-style:italic;font-weight:300\"><blockquote><p><strong>Le dieci giovani donne sono:<br><\/strong><br>Amanda Ara\u00fajo, Brasile<br>Amanda Rosa S. Silva, Brasile<br>Carina Turski, Brasile<br>Erika Mena Abad, Ecuador<br>Manoella Schwerz, Brasile<br>Mar\u00eda Paulina Bianciotti, Argentina<br>Mar\u00eda Paz Franco, Argentina<br>Mikaela Moura, Brasile<br>Sof\u00eda Sicardi, Argentina<br>Zuzanna Kobiec, Polonia<\/p><\/blockquote><\/figure>\n\n\n\n<h3 class=\"wp-block-heading\" id=\"h-messa-festiva-nella-chiesa-dell-adorazione\">Messa festiva nella Chiesa dell\u2019Adorazione<\/h3>\n\n\n\n<p>Alle 11 in punto, il suono delle campane ha risuonato sul Monte Schoenstatt. Nella Chiesa dell\u2019Adorazione, gremita in ogni posto, tutti attendevano con trepidazione l\u2019ingresso delle novizie. Con la solenne processione delle novizie vestite di bianco ha avuto inizio la Messa. Il celebrante principale era padre Bernd Biberger, Direttore Generale delle Suore di Maria di Schoenstatt. Egli ha rivolto un caloroso benvenuto alle giovani, alle loro famiglie e agli amici, alcuni dei quali giunti da molto lontano. Molti avevano gi\u00e0 partecipato alla veglia di preghiera della sera precedente.<\/p>\n\n\n\n<p>\u201cMagnificat\u201d era il motto della cerimonia di ingresso: \u201cL\u2019anima mia magnifica il Signore e il mio spirito esulta in Dio, mio Salvatore.\u201d Gioia ed esultanza si leggevano sui volti delle dieci novizie. La liturgia \u00e8 stata accompagnata da canti in diverse lingue. Nell\u2019omelia, p. Biberger ha presentato Maria come la donna nuova, totalmente donata a Dio, attenta alle necessit\u00e0 degli altri e pronta a servirlo. Con il loro \u201cs\u00ec\u201d alla vocazione, le novizie desiderano essere Maria nel cuore del mondo. L\u2019abito e il nome \u201cMaria\u201d ne sono i segni esteriori.<\/p>\n\n\n\n<p>Il rito vero e proprio \u00e8 iniziato quando suor M. Joanna Buckley, Superiora Generale, ha chiamato le novizie con i loro nuovi nomi. \u00c8 seguita poi la consegna degli abiti, delle medaglie e delle candele. Mentre le novizie si preparavano, la cerimonia proseguiva con canti e preghiere. Le suore provenienti dai loro Paesi d\u2019origine hanno portato dei gigli all\u2019immagine della Madonna.<\/p>\n\n\n\n<figure class=\"wp-block-image aligncenter size-full\"><img decoding=\"async\" src=\"https:\/\/schoenstatt.com\/wp-content\/uploads\/2025\/11\/Sisters-of-Mary-2025-b.jpg\" alt=\"\" class=\"wp-image-66545\"\/><figcaption class=\"wp-element-caption\">Nuovi nomi dei novizi (da sinistra a destra): Sr. Sof\u00eda Mar\u00eda, Sr. M. Liliana, Sr. M. Chiara, Sr. Rosa Mar\u00eda, Sr. M. Manoella, Sr. M. Erika, Sr. Mar\u00eda Paulina, Sr. M. Amanda, Sr. M. Mikaela, Sr. M. Carina.<\/figcaption><\/figure>\n\n\n\n<p>La suspense cresceva, e poi le novizie sono entrate in chiesa con i loro abiti blu scuro: un momento di profonda emozione e gioia, accolto da un applauso spontaneo. Nelle preghiere dei fedeli, hanno presentato le preoccupazioni del mondo e della Chiesa nelle loro lingue madri.<\/p>\n\n\n\n<p>Alla fine della Messa, le novizie si sono rivolte alla Madonna con una preghiera e un canto, chiamandola \u201cLuce di Speranza\u201d. Come Lei e con Lei, desiderano diventare una luce di speranza per il mondo e portare in esso speranza e luce.<\/p>\n\n\n\n<p>All\u2019uscita dalla chiesa, sono state accolte dalle loro famiglie e dagli invitati con le bandiere nazionali. Dopo un momento di saluti e congratulazioni, molti si sono uniti all\u2019invito per un pranzo festivo.<\/p>\n\n\n\n<h3 class=\"wp-block-heading\" id=\"h-congratulazioni-nella-casa-padre-kentenich\">Congratulazioni nella Casa Padre Kentenich<\/h3>\n\n\n\n<p>Nel pomeriggio, nella sala cinematografica della Casa Padre Kentenich si \u00e8 svolta una celebrazione di congratulazioni. Sr. M. Joanna ha ringraziato i genitori e i familiari e ha detto alle novizie: \u201cVoi siete il miglior dono giubilare che potessimo ricevere, una luce di speranza per noi e per il mondo.\u201d<\/p>\n\n\n\n<figure class=\"wp-block-gallery has-nested-images columns-default is-cropped wp-block-gallery-1 is-layout-flex wp-block-gallery-is-layout-flex\">\n<figure class=\"wp-block-image size-large\"><img decoding=\"async\" data-id=\"66555\" src=\"https:\/\/schoenstatt.com\/wp-content\/uploads\/2025\/11\/Sisters-of-Mary-2025-c.jpg\" alt=\"\" class=\"wp-image-66555\"\/><\/figure>\n\n\n\n<figure class=\"wp-block-image size-large\"><img decoding=\"async\" data-id=\"66556\" src=\"https:\/\/schoenstatt.com\/wp-content\/uploads\/2025\/11\/Sisters-of-Mary-2025-d.jpg\" alt=\"\" class=\"wp-image-66556\"\/><\/figure>\n<\/figure>\n\n\n\n<p>Una presentazione ha mostrato immagini tratte dalla vita delle novizie. Persone da diversi Paesi, famiglie e gruppi giovanili hanno inviato i loro auguri. Le novizie hanno testimoniato la loro gioiosa vita comunitaria e hanno ringraziato tutti per le preghiere e l\u2019accompagnamento.<\/p>\n\n\n\n<h3 class=\"wp-block-heading\" id=\"h-si-prosegue-domenica\">Si prosegue domenica<\/h3>\n\n\n\n<p>Il giorno seguente, la Messa domenicale \u00e8 stata celebrata nella Chiesa dell\u2019Adorazione, coincidente anche con il 140\u00b0 compleanno di Padre Kentenich. Dopo la Messa, si \u00e8 tenuto un incontro presso la Casa Madre delle Suore di Maria per condividere riflessioni sulla vocazione, sulla comunit\u00e0 e sul futuro. L\u2019ingresso di dieci novizie nell\u2019Anno Giubilare \u00e8 stato descritto come un dono speciale.<\/p>\n\n\n\n<p>Un segno visibile nel giorno della festa \u00e8 stato un arcobaleno sopra Schoenstatt: \u201cNon temere! Ti ho chiamato per nome. Io sono con te!\u201d (Is 43,5a).<\/p>\n\n\n\n<figure class=\"wp-block-embed is-type-video is-provider-youtube wp-block-embed-youtube wp-embed-aspect-16-9 wp-has-aspect-ratio\"><div class=\"wp-block-embed__wrapper\">\n<iframe title=\"Einkleidung | Vestici\u00f3n | Vestic\u00e3o |Uroczysto\u015b\u0107 ob\u0142\u00f3czyn | Sch\u00f6nst\u00e4tter Marienschwestern\" width=\"800\" height=\"450\" src=\"https:\/\/www.youtube.com\/embed\/JMNnjgq3Y-U?feature=oembed\" frameborder=\"0\" allow=\"accelerometer; autoplay; clipboard-write; encrypted-media; gyroscope; picture-in-picture; web-share\" referrerpolicy=\"strict-origin-when-cross-origin\" allowfullscreen><\/iframe>\n<\/div><\/figure>\n\n\n\n<p><strong>Traduzione:<\/strong> Eugenio Minici<\/p>\n","protected":false},"excerpt":{"rendered":"<p>Cerimonia di vestizione nell&#8217;anno giubilare: una celebrazione speciale per le Suore di Maria di Schoenstatt<\/p>\n","protected":false},"author":3,"featured_media":66542,"comment_status":"closed","ping_status":"closed","sticky":false,"template":"","format":"standard","meta":{"footnotes":""},"categories":[358,919],"tags":[],"class_list":["post-66610","post","type-post","status-publish","format-standard","has-post-thumbnail","hentry","category-comunita-di-schoenstatt-it","category-donne-it"],"yoast_head":"<!-- This site is optimized with the Yoast SEO Premium plugin v27.4 (Yoast SEO v27.5) - https:\/\/yoast.com\/product\/yoast-seo-premium-wordpress\/ -->\n<title>Magnificat! \u201cNon temere! Ti ho chiamato per nome\u201d - Schoenstatt<\/title>\n<meta name=\"description\" content=\"Cerimonia di vestizione nell&#039;anno giubilare: una celebrazione speciale per le Suore di Maria di Schoenstatt - Magnificat!\" \/>\n<meta name=\"robots\" content=\"index, follow, max-snippet:-1, max-image-preview:large, max-video-preview:-1\" \/>\n<link rel=\"canonical\" href=\"https:\/\/schoenstatt.com\/it\/magnificat-non-temere-ti-ho-chiamato-per-nome\/\" \/>\n<meta property=\"og:locale\" content=\"it_IT\" \/>\n<meta property=\"og:type\" content=\"article\" \/>\n<meta property=\"og:title\" content=\"Magnificat! \u201cNon temere! Ti ho chiamato per nome\u201d\" \/>\n<meta property=\"og:description\" content=\"Cerimonia di vestizione nell&#039;anno giubilare: una celebrazione speciale per le Suore di Maria di Schoenstatt - Magnificat!\" \/>\n<meta property=\"og:url\" content=\"https:\/\/schoenstatt.com\/it\/magnificat-non-temere-ti-ho-chiamato-per-nome\/\" \/>\n<meta property=\"og:site_name\" content=\"Schoenstatt\" \/>\n<meta property=\"article:published_time\" content=\"2025-11-19T02:30:00+00:00\" \/>\n<meta property=\"article:modified_time\" content=\"2025-11-19T11:58:02+00:00\" \/>\n<meta property=\"og:image\" content=\"https:\/\/schoenstatt.com\/wp-content\/uploads\/2025\/11\/Sisters-of-Mary.webp\" \/>\n\t<meta property=\"og:image:width\" content=\"2048\" \/>\n\t<meta property=\"og:image:height\" content=\"1366\" \/>\n\t<meta property=\"og:image:type\" content=\"image\/jpeg\" \/>\n<meta name=\"author\" content=\"Karen Bueno\" \/>\n<meta name=\"twitter:card\" content=\"summary_large_image\" \/>\n<meta name=\"twitter:label1\" content=\"Scritto da\" \/>\n\t<meta name=\"twitter:data1\" content=\"Karen Bueno\" \/>\n\t<meta name=\"twitter:label2\" content=\"Tempo di lettura stimato\" \/>\n\t<meta name=\"twitter:data2\" content=\"5 minuti\" \/>\n<script type=\"application\/ld+json\" class=\"yoast-schema-graph\">{\"@context\":\"https:\\\/\\\/schema.org\",\"@graph\":[{\"@type\":\"Article\",\"@id\":\"https:\\\/\\\/schoenstatt.com\\\/it\\\/magnificat-non-temere-ti-ho-chiamato-per-nome\\\/#article\",\"isPartOf\":{\"@id\":\"https:\\\/\\\/schoenstatt.com\\\/it\\\/magnificat-non-temere-ti-ho-chiamato-per-nome\\\/\"},\"author\":{\"name\":\"Karen Bueno\",\"@id\":\"https:\\\/\\\/schoenstatt.com\\\/it\\\/#\\\/schema\\\/person\\\/5158877ad4acae98b34daaeef2a1ce6e\"},\"headline\":\"Magnificat! \u201cNon temere! Ti ho chiamato per nome\u201d\",\"datePublished\":\"2025-11-19T02:30:00+00:00\",\"dateModified\":\"2025-11-19T11:58:02+00:00\",\"mainEntityOfPage\":{\"@id\":\"https:\\\/\\\/schoenstatt.com\\\/it\\\/magnificat-non-temere-ti-ho-chiamato-per-nome\\\/\"},\"wordCount\":703,\"publisher\":{\"@id\":\"https:\\\/\\\/schoenstatt.com\\\/it\\\/#organization\"},\"image\":{\"@id\":\"https:\\\/\\\/schoenstatt.com\\\/it\\\/magnificat-non-temere-ti-ho-chiamato-per-nome\\\/#primaryimage\"},\"thumbnailUrl\":\"https:\\\/\\\/schoenstatt.com\\\/wp-content\\\/uploads\\\/2025\\\/11\\\/Sisters-of-Mary.webp\",\"articleSection\":[\"Comunit\u00e0 di Schoenstatt\",\"Donne\"],\"inLanguage\":\"it-IT\"},{\"@type\":\"WebPage\",\"@id\":\"https:\\\/\\\/schoenstatt.com\\\/it\\\/magnificat-non-temere-ti-ho-chiamato-per-nome\\\/\",\"url\":\"https:\\\/\\\/schoenstatt.com\\\/it\\\/magnificat-non-temere-ti-ho-chiamato-per-nome\\\/\",\"name\":\"Magnificat! \u201cNon temere! Ti ho chiamato per nome\u201d - Schoenstatt\",\"isPartOf\":{\"@id\":\"https:\\\/\\\/schoenstatt.com\\\/it\\\/#website\"},\"primaryImageOfPage\":{\"@id\":\"https:\\\/\\\/schoenstatt.com\\\/it\\\/magnificat-non-temere-ti-ho-chiamato-per-nome\\\/#primaryimage\"},\"image\":{\"@id\":\"https:\\\/\\\/schoenstatt.com\\\/it\\\/magnificat-non-temere-ti-ho-chiamato-per-nome\\\/#primaryimage\"},\"thumbnailUrl\":\"https:\\\/\\\/schoenstatt.com\\\/wp-content\\\/uploads\\\/2025\\\/11\\\/Sisters-of-Mary.webp\",\"datePublished\":\"2025-11-19T02:30:00+00:00\",\"dateModified\":\"2025-11-19T11:58:02+00:00\",\"description\":\"Cerimonia di vestizione nell'anno giubilare: una celebrazione speciale per le Suore di Maria di Schoenstatt - Magnificat!\",\"breadcrumb\":{\"@id\":\"https:\\\/\\\/schoenstatt.com\\\/it\\\/magnificat-non-temere-ti-ho-chiamato-per-nome\\\/#breadcrumb\"},\"inLanguage\":\"it-IT\",\"potentialAction\":[{\"@type\":\"ReadAction\",\"target\":[\"https:\\\/\\\/schoenstatt.com\\\/it\\\/magnificat-non-temere-ti-ho-chiamato-per-nome\\\/\"]}]},{\"@type\":\"ImageObject\",\"inLanguage\":\"it-IT\",\"@id\":\"https:\\\/\\\/schoenstatt.com\\\/it\\\/magnificat-non-temere-ti-ho-chiamato-per-nome\\\/#primaryimage\",\"url\":\"https:\\\/\\\/schoenstatt.com\\\/wp-content\\\/uploads\\\/2025\\\/11\\\/Sisters-of-Mary.webp\",\"contentUrl\":\"https:\\\/\\\/schoenstatt.com\\\/wp-content\\\/uploads\\\/2025\\\/11\\\/Sisters-of-Mary.webp\",\"width\":2048,\"height\":1366},{\"@type\":\"BreadcrumbList\",\"@id\":\"https:\\\/\\\/schoenstatt.com\\\/it\\\/magnificat-non-temere-ti-ho-chiamato-per-nome\\\/#breadcrumb\",\"itemListElement\":[{\"@type\":\"ListItem\",\"position\":1,\"name\":\"Portada\",\"item\":\"https:\\\/\\\/schoenstatt.com\\\/it\\\/home\\\/\"},{\"@type\":\"ListItem\",\"position\":2,\"name\":\"Magnificat! \u201cNon temere! Ti ho chiamato per nome\u201d\"}]},{\"@type\":\"WebSite\",\"@id\":\"https:\\\/\\\/schoenstatt.com\\\/it\\\/#website\",\"url\":\"https:\\\/\\\/schoenstatt.com\\\/it\\\/\",\"name\":\"Schoenstatt\",\"description\":\"Apostolic Movement\",\"publisher\":{\"@id\":\"https:\\\/\\\/schoenstatt.com\\\/it\\\/#organization\"},\"potentialAction\":[{\"@type\":\"SearchAction\",\"target\":{\"@type\":\"EntryPoint\",\"urlTemplate\":\"https:\\\/\\\/schoenstatt.com\\\/it\\\/?s={search_term_string}\"},\"query-input\":{\"@type\":\"PropertyValueSpecification\",\"valueRequired\":true,\"valueName\":\"search_term_string\"}}],\"inLanguage\":\"it-IT\"},{\"@type\":\"Organization\",\"@id\":\"https:\\\/\\\/schoenstatt.com\\\/it\\\/#organization\",\"name\":\"Schoenstatt\",\"url\":\"https:\\\/\\\/schoenstatt.com\\\/it\\\/\",\"logo\":{\"@type\":\"ImageObject\",\"inLanguage\":\"it-IT\",\"@id\":\"https:\\\/\\\/schoenstatt.com\\\/it\\\/#\\\/schema\\\/logo\\\/image\\\/\",\"url\":\"https:\\\/\\\/schoenstatt.com\\\/wp-content\\\/uploads\\\/2025\\\/04\\\/logo-schoenstatt-white-696x696-1.png\",\"contentUrl\":\"https:\\\/\\\/schoenstatt.com\\\/wp-content\\\/uploads\\\/2025\\\/04\\\/logo-schoenstatt-white-696x696-1.png\",\"width\":696,\"height\":694,\"caption\":\"Schoenstatt\"},\"image\":{\"@id\":\"https:\\\/\\\/schoenstatt.com\\\/it\\\/#\\\/schema\\\/logo\\\/image\\\/\"}},{\"@type\":\"Person\",\"@id\":\"https:\\\/\\\/schoenstatt.com\\\/it\\\/#\\\/schema\\\/person\\\/5158877ad4acae98b34daaeef2a1ce6e\",\"name\":\"Karen Bueno\",\"image\":{\"@type\":\"ImageObject\",\"inLanguage\":\"it-IT\",\"@id\":\"https:\\\/\\\/secure.gravatar.com\\\/avatar\\\/f9f4b823873154269d2b2130f195f6d41037dd0d7fc5f3cacb5c846bae70d66b?s=96&d=mm&r=g\",\"url\":\"https:\\\/\\\/secure.gravatar.com\\\/avatar\\\/f9f4b823873154269d2b2130f195f6d41037dd0d7fc5f3cacb5c846bae70d66b?s=96&d=mm&r=g\",\"contentUrl\":\"https:\\\/\\\/secure.gravatar.com\\\/avatar\\\/f9f4b823873154269d2b2130f195f6d41037dd0d7fc5f3cacb5c846bae70d66b?s=96&d=mm&r=g\",\"caption\":\"Karen Bueno\"},\"url\":\"https:\\\/\\\/schoenstatt.com\\\/it\\\/author\\\/karen-bueno\\\/\"}]}<\/script>\n<!-- \/ Yoast SEO Premium plugin. -->","yoast_head_json":{"title":"Magnificat! \u201cNon temere! Ti ho chiamato per nome\u201d - Schoenstatt","description":"Cerimonia di vestizione nell'anno giubilare: una celebrazione speciale per le Suore di Maria di Schoenstatt - Magnificat!","robots":{"index":"index","follow":"follow","max-snippet":"max-snippet:-1","max-image-preview":"max-image-preview:large","max-video-preview":"max-video-preview:-1"},"canonical":"https:\/\/schoenstatt.com\/it\/magnificat-non-temere-ti-ho-chiamato-per-nome\/","og_locale":"it_IT","og_type":"article","og_title":"Magnificat! \u201cNon temere! Ti ho chiamato per nome\u201d","og_description":"Cerimonia di vestizione nell'anno giubilare: una celebrazione speciale per le Suore di Maria di Schoenstatt - Magnificat!","og_url":"https:\/\/schoenstatt.com\/it\/magnificat-non-temere-ti-ho-chiamato-per-nome\/","og_site_name":"Schoenstatt","article_published_time":"2025-11-19T02:30:00+00:00","article_modified_time":"2025-11-19T11:58:02+00:00","og_image":[{"width":2048,"height":1366,"url":"https:\/\/schoenstatt.com\/wp-content\/uploads\/2025\/11\/Sisters-of-Mary.webp","type":"image\/jpeg"}],"author":"Karen Bueno","twitter_card":"summary_large_image","twitter_misc":{"Scritto da":"Karen Bueno","Tempo di lettura stimato":"5 minuti"},"schema":{"@context":"https:\/\/schema.org","@graph":[{"@type":"Article","@id":"https:\/\/schoenstatt.com\/it\/magnificat-non-temere-ti-ho-chiamato-per-nome\/#article","isPartOf":{"@id":"https:\/\/schoenstatt.com\/it\/magnificat-non-temere-ti-ho-chiamato-per-nome\/"},"author":{"name":"Karen Bueno","@id":"https:\/\/schoenstatt.com\/it\/#\/schema\/person\/5158877ad4acae98b34daaeef2a1ce6e"},"headline":"Magnificat! \u201cNon temere! Ti ho chiamato per nome\u201d","datePublished":"2025-11-19T02:30:00+00:00","dateModified":"2025-11-19T11:58:02+00:00","mainEntityOfPage":{"@id":"https:\/\/schoenstatt.com\/it\/magnificat-non-temere-ti-ho-chiamato-per-nome\/"},"wordCount":703,"publisher":{"@id":"https:\/\/schoenstatt.com\/it\/#organization"},"image":{"@id":"https:\/\/schoenstatt.com\/it\/magnificat-non-temere-ti-ho-chiamato-per-nome\/#primaryimage"},"thumbnailUrl":"https:\/\/schoenstatt.com\/wp-content\/uploads\/2025\/11\/Sisters-of-Mary.webp","articleSection":["Comunit\u00e0 di Schoenstatt","Donne"],"inLanguage":"it-IT"},{"@type":"WebPage","@id":"https:\/\/schoenstatt.com\/it\/magnificat-non-temere-ti-ho-chiamato-per-nome\/","url":"https:\/\/schoenstatt.com\/it\/magnificat-non-temere-ti-ho-chiamato-per-nome\/","name":"Magnificat! \u201cNon temere! Ti ho chiamato per nome\u201d - Schoenstatt","isPartOf":{"@id":"https:\/\/schoenstatt.com\/it\/#website"},"primaryImageOfPage":{"@id":"https:\/\/schoenstatt.com\/it\/magnificat-non-temere-ti-ho-chiamato-per-nome\/#primaryimage"},"image":{"@id":"https:\/\/schoenstatt.com\/it\/magnificat-non-temere-ti-ho-chiamato-per-nome\/#primaryimage"},"thumbnailUrl":"https:\/\/schoenstatt.com\/wp-content\/uploads\/2025\/11\/Sisters-of-Mary.webp","datePublished":"2025-11-19T02:30:00+00:00","dateModified":"2025-11-19T11:58:02+00:00","description":"Cerimonia di vestizione nell'anno giubilare: una celebrazione speciale per le Suore di Maria di Schoenstatt - Magnificat!","breadcrumb":{"@id":"https:\/\/schoenstatt.com\/it\/magnificat-non-temere-ti-ho-chiamato-per-nome\/#breadcrumb"},"inLanguage":"it-IT","potentialAction":[{"@type":"ReadAction","target":["https:\/\/schoenstatt.com\/it\/magnificat-non-temere-ti-ho-chiamato-per-nome\/"]}]},{"@type":"ImageObject","inLanguage":"it-IT","@id":"https:\/\/schoenstatt.com\/it\/magnificat-non-temere-ti-ho-chiamato-per-nome\/#primaryimage","url":"https:\/\/schoenstatt.com\/wp-content\/uploads\/2025\/11\/Sisters-of-Mary.webp","contentUrl":"https:\/\/schoenstatt.com\/wp-content\/uploads\/2025\/11\/Sisters-of-Mary.webp","width":2048,"height":1366},{"@type":"BreadcrumbList","@id":"https:\/\/schoenstatt.com\/it\/magnificat-non-temere-ti-ho-chiamato-per-nome\/#breadcrumb","itemListElement":[{"@type":"ListItem","position":1,"name":"Portada","item":"https:\/\/schoenstatt.com\/it\/home\/"},{"@type":"ListItem","position":2,"name":"Magnificat! \u201cNon temere! Ti ho chiamato per nome\u201d"}]},{"@type":"WebSite","@id":"https:\/\/schoenstatt.com\/it\/#website","url":"https:\/\/schoenstatt.com\/it\/","name":"Schoenstatt","description":"Apostolic Movement","publisher":{"@id":"https:\/\/schoenstatt.com\/it\/#organization"},"potentialAction":[{"@type":"SearchAction","target":{"@type":"EntryPoint","urlTemplate":"https:\/\/schoenstatt.com\/it\/?s={search_term_string}"},"query-input":{"@type":"PropertyValueSpecification","valueRequired":true,"valueName":"search_term_string"}}],"inLanguage":"it-IT"},{"@type":"Organization","@id":"https:\/\/schoenstatt.com\/it\/#organization","name":"Schoenstatt","url":"https:\/\/schoenstatt.com\/it\/","logo":{"@type":"ImageObject","inLanguage":"it-IT","@id":"https:\/\/schoenstatt.com\/it\/#\/schema\/logo\/image\/","url":"https:\/\/schoenstatt.com\/wp-content\/uploads\/2025\/04\/logo-schoenstatt-white-696x696-1.png","contentUrl":"https:\/\/schoenstatt.com\/wp-content\/uploads\/2025\/04\/logo-schoenstatt-white-696x696-1.png","width":696,"height":694,"caption":"Schoenstatt"},"image":{"@id":"https:\/\/schoenstatt.com\/it\/#\/schema\/logo\/image\/"}},{"@type":"Person","@id":"https:\/\/schoenstatt.com\/it\/#\/schema\/person\/5158877ad4acae98b34daaeef2a1ce6e","name":"Karen Bueno","image":{"@type":"ImageObject","inLanguage":"it-IT","@id":"https:\/\/secure.gravatar.com\/avatar\/f9f4b823873154269d2b2130f195f6d41037dd0d7fc5f3cacb5c846bae70d66b?s=96&d=mm&r=g","url":"https:\/\/secure.gravatar.com\/avatar\/f9f4b823873154269d2b2130f195f6d41037dd0d7fc5f3cacb5c846bae70d66b?s=96&d=mm&r=g","contentUrl":"https:\/\/secure.gravatar.com\/avatar\/f9f4b823873154269d2b2130f195f6d41037dd0d7fc5f3cacb5c846bae70d66b?s=96&d=mm&r=g","caption":"Karen Bueno"},"url":"https:\/\/schoenstatt.com\/it\/author\/karen-bueno\/"}]}},"_links":{"self":[{"href":"https:\/\/schoenstatt.com\/it\/wp-json\/wp\/v2\/posts\/66610","targetHints":{"allow":["GET"]}}],"collection":[{"href":"https:\/\/schoenstatt.com\/it\/wp-json\/wp\/v2\/posts"}],"about":[{"href":"https:\/\/schoenstatt.com\/it\/wp-json\/wp\/v2\/types\/post"}],"author":[{"embeddable":true,"href":"https:\/\/schoenstatt.com\/it\/wp-json\/wp\/v2\/users\/3"}],"replies":[{"embeddable":true,"href":"https:\/\/schoenstatt.com\/it\/wp-json\/wp\/v2\/comments?post=66610"}],"version-history":[{"count":3,"href":"https:\/\/schoenstatt.com\/it\/wp-json\/wp\/v2\/posts\/66610\/revisions"}],"predecessor-version":[{"id":66613,"href":"https:\/\/schoenstatt.com\/it\/wp-json\/wp\/v2\/posts\/66610\/revisions\/66613"}],"wp:featuredmedia":[{"embeddable":true,"href":"https:\/\/schoenstatt.com\/it\/wp-json\/wp\/v2\/media\/66542"}],"wp:attachment":[{"href":"https:\/\/schoenstatt.com\/it\/wp-json\/wp\/v2\/media?parent=66610"}],"wp:term":[{"taxonomy":"category","embeddable":true,"href":"https:\/\/schoenstatt.com\/it\/wp-json\/wp\/v2\/categories?post=66610"},{"taxonomy":"post_tag","embeddable":true,"href":"https:\/\/schoenstatt.com\/it\/wp-json\/wp\/v2\/tags?post=66610"}],"curies":[{"name":"wp","href":"https:\/\/api.w.org\/{rel}","templated":true}]}}