{"id":65775,"date":"2025-10-29T12:32:21","date_gmt":"2025-10-29T11:32:21","guid":{"rendered":"https:\/\/schoenstatt.com\/?p=65775"},"modified":"2025-10-29T12:41:49","modified_gmt":"2025-10-29T11:41:49","slug":"dal-caffe-delle-coppie-alla-lega-delle-famiglie-di-schoenstatt","status":"publish","type":"post","link":"https:\/\/schoenstatt.com\/it\/dal-caffe-delle-coppie-alla-lega-delle-famiglie-di-schoenstatt\/","title":{"rendered":"Dal Caff\u00e8 delle coppie alla Lega delle famiglie di Schoenstatt"},"content":{"rendered":"\n<p>Sabato 25 ottobre 2025, si \u00e8 svolta la prima riunione della lega delle famiglie di Schoenstatt della Toscana, presso i locali della Parrocchia di San Lorenzo martire a Gello di Lavaiano a Pontedera (Pisa, Toscana, Italia). Il nuovo gruppo di famiglie nasce da due esperienze parallele di cammino di crescita e di rafforzamento del rapporto di coppia svolte in precedenza nei paesi di Terricciola e Ponte a Egola (entrambi in provincia di Pisa) nei quali si \u00e8 svolto il <a href=\"https:\/\/schoenstatt.com\/it\/primo-caffe-delle-coppie-a-ponte-a-egola-paese-della-toscana-italia\/\">Caff\u00e8 delle Coppie<\/a> ed un percorso di preparazione all\u2019Alleanza d\u2019Amore. La Parrocchia di San Lorenzo martire \u00e8 stata scelta perch\u00e9 \u00e8 posta circa a met\u00e0 distanza fra i due citati paesi da cui provengono le undici coppie che hanno aderito al gruppo e al percorso di manutenzione del rapporto di coppia. Le riunioni avranno una cadenza mensile.<\/p>\n\n\n\n<figure class=\"wp-block-image aligncenter size-full\"><img decoding=\"async\" src=\"https:\/\/schoenstatt.com\/wp-content\/uploads\/2025\/10\/Caffe-delle-copie-Toscana.jpg\" alt=\"\" class=\"wp-image-65744\"\/><figcaption class=\"wp-element-caption\">Foto: Eugenio Minici<\/figcaption><\/figure>\n\n\n\n<h3 class=\"wp-block-heading\" id=\"h-il-caffe-delle-coppie\">Il Caff\u00e8 delle coppie<\/h3>\n\n\n\n<p>Il <a href=\"https:\/\/schoenstatt.com\/it\/primo-caffe-delle-coppie-a-ponte-a-egola-paese-della-toscana-italia\/\">Caff\u00e8 delle Coppie<\/a>, \u00e8 un progetto di alcuni coniugi della Federazione delle famiglie di Schoenstatt di Roma, \u00e8 una iniziativa diretta alle coppie di sposi per offrire un cammino di manutenzione del loro rapporto, tramite anche il dialogo con altre coppie partecipanti, in una cornice rilassante, ove viene offerto un rinfresco, per favorire un percorso di conversazione dei due su alcuni temi. Il percorso di rafforzamento si articola in 5 incontri, di circa 2 ore ciascuno, che propongono temi ispirati alla pedagogia del Movimento di Schoenstatt e derivati dalle iniziali della parola Caff\u00e8: Condivisione, Alleanza, Fedelt\u00e0, Fecondit\u00e0, Educazione (autoeducazione).<\/p>\n\n\n\n<h3 class=\"wp-block-heading\" id=\"h-si-cresce-insieme-i-centri-concentrici-la-coppia-la-famiglia-la-comunita-cristiana\">Si cresce insieme &#8211; I centri concentrici: la coppia, la famiglia, la comunit\u00e0 cristiana<\/h3>\n\n\n\n<p>Il tema proposto nel primo incontro del gruppo di famiglie per la riflessione \u00e8 stato il seguente \u201cSi cresce insieme, il senso della famiglia\u201d. \u00c8 stato introdotto dalla metafora dei cerchi concentrici: come una goccia che cade in uno stagno e, con la sua forza d\u2019impatto, genera cerchi d\u2019acqua che si allargano in tutte le direzioni, cos\u00ec il sacramento del matrimonio produce un movimento simile, cio\u00e8 l\u2019irradiazione della vita familiare nella fede cristiana. Ogni cerchio nasce dal primo e ne prolunga l\u2019eco, diffondendo la sua energia vitale. \u00c8 cos\u00ec che la fede si trasmette come per osmosi: in modo quasi impercettibile, ma profondamente reale, fino a trasformare la casa in un luogo di accoglienza e di amore. Da l\u00ec, l\u2019amore si espande \u2014 prima nel nucleo familiare, poi verso l\u2019esterno \u2014 come cerchi concentrici sull\u2019acqua che si propagano all\u2019infinito.<\/p>\n\n\n\n<figure class=\"wp-block-gallery has-nested-images columns-default is-cropped wp-block-gallery-1 is-layout-flex wp-block-gallery-is-layout-flex\">\n<figure class=\"wp-block-image size-large\"><img fetchpriority=\"high\" decoding=\"async\" width=\"500\" height=\"375\" data-id=\"65749\" src=\"https:\/\/schoenstatt.com\/wp-content\/uploads\/2025\/10\/Caffe-delle-copie-Toscana-4.jpg\" alt=\"\" class=\"wp-image-65749\"\/><\/figure>\n\n\n\n<figure class=\"wp-block-image size-large\"><img decoding=\"async\" width=\"500\" height=\"375\" data-id=\"65754\" src=\"https:\/\/schoenstatt.com\/wp-content\/uploads\/2025\/10\/Caffe-delle-copie-Toscana-5.jpg\" alt=\"\" class=\"wp-image-65754\"\/><\/figure>\n<\/figure>\n\n\n\n<h3 class=\"wp-block-heading\" id=\"h-il-cerchio-della-comunita-cristiana\">Il cerchio della comunit\u00e0 cristiana<\/h3>\n\n\n\n<p>I cerchi concentrici principali sono la coppia, la famiglia e la comunit\u00e0 cristiana che, nel nostro caso, \u00e8 il Movimento di Schoenstatt.<\/p>\n\n\n\n<p>Far parte di un gruppo o di una comunit\u00e0 \u00e8 una fonte preziosa di grazia e di arricchimento. All\u2019interno di queste realt\u00e0, scopriamo valori condivisi che diventano sostegno e fiducia nei momenti di prova. La preghiera reciproca ci unisce e ci fortifica; nel tempo, le nostre forze si sommano e ci spingono ad agire insieme per il bene comune, contribuendo a modellare il mondo secondo i nostri ideali.<\/p>\n\n\n\n<p>Nel corso della riflessione, \u00e8 stato proposto anche un brano tratto da <em>Schoenstatt Family Movement, En el Camino Matrimonial, 07 Juntos somos m\u00e0s fuertes, 2013 (pag. 36). <\/em>Da tale brano si ricava che l\u2019uomo, creato \u201ca immagine di Dio\u201d (Genesi 1,26), riflette il Dio che \u00e8 comunione di Persone \u2013 Padre, Figlio e Spirito Santo. Di conseguenza, la fede cristiana non pu\u00f2 essere vissuta isolatamente: chi crede \u00e8 chiamato a vivere in relazione, a condividere, ad amare.<\/p>\n\n\n\n<figure class=\"wp-block-gallery has-nested-images columns-default is-cropped wp-block-gallery-2 is-layout-flex wp-block-gallery-is-layout-flex\">\n<figure class=\"wp-block-image size-large\"><img decoding=\"async\" width=\"500\" height=\"375\" data-id=\"65761\" src=\"https:\/\/schoenstatt.com\/wp-content\/uploads\/2025\/10\/Caffe-delle-copie-Toscana-3.jpg\" alt=\"\" class=\"wp-image-65761\"\/><\/figure>\n\n\n\n<figure class=\"wp-block-image size-large\"><img loading=\"lazy\" decoding=\"async\" width=\"500\" height=\"375\" data-id=\"65759\" src=\"https:\/\/schoenstatt.com\/wp-content\/uploads\/2025\/10\/Caffe-delle-copie-Toscana-2.jpg\" alt=\"\" class=\"wp-image-65759\"\/><\/figure>\n<\/figure>\n\n\n\n<h3 class=\"wp-block-heading\" id=\"h-un-gioco-per-conoscersi-meglio\">Un gioco per conoscersi meglio<\/h3>\n\n\n\n<p>A met\u00e0 della riunione, al fine di favorire una migliore conoscenza fra le varie coppie partecipanti (che provengono da precedenti distinti percorsi di gruppo), \u00e8 stato proposto un gioco consistente nella proposizione di domande di vita quotidiana a cui le singole coppie dovevano rispondere.<\/p>\n\n\n\n<p>Alla fine ciascuna coppia doveva confrontare le proprie risposte con le altre coppie per trovare le concordanze di abitudini quotidiane (ma anche di affinit\u00e0 di vita). L\u2019iniziativa ha permesso un intermezzo pi\u00f9 leggero e divertente che ha consentito l\u2019inizio di un legame pi\u00f9 forte fra le coppie partecipanti in attesa della prossima riunione\u2026<\/p>\n","protected":false},"excerpt":{"rendered":"<p>I membri del progetto \u201cCaff\u00e8 delle coppie\u201d in Italia formano il primo gruppo della Lega delle Famiglie di Schoenstatt in Toscana.<\/p>\n","protected":false},"author":3,"featured_media":65747,"comment_status":"closed","ping_status":"closed","sticky":false,"template":"","format":"standard","meta":{"footnotes":""},"categories":[358,871,875],"tags":[1182],"class_list":["post-65775","post","type-post","status-publish","format-standard","has-post-thumbnail","hentry","category-comunita-di-schoenstatt-it","category-europa-it","category-famiglia-it","tag-schoenstatt-italia-it"],"yoast_head":"<!-- This site is optimized with the Yoast SEO Premium plugin v27.4 (Yoast SEO v27.5) - https:\/\/yoast.com\/product\/yoast-seo-premium-wordpress\/ -->\n<title>Dal Caff\u00e8 delle coppie alla Lega delle famiglie di Schoenstatt - Schoenstatt<\/title>\n<meta name=\"description\" content=\"I membri del progetto \u201cCaff\u00e8 delle coppie\u201d in Italia formano il primo gruppo della Lega delle Famiglie di Schoenstatt in Toscana.\" \/>\n<meta name=\"robots\" content=\"index, follow, max-snippet:-1, max-image-preview:large, max-video-preview:-1\" \/>\n<link rel=\"canonical\" href=\"https:\/\/schoenstatt.com\/it\/dal-caffe-delle-coppie-alla-lega-delle-famiglie-di-schoenstatt\/\" \/>\n<meta property=\"og:locale\" content=\"it_IT\" \/>\n<meta property=\"og:type\" content=\"article\" \/>\n<meta property=\"og:title\" content=\"Dal Caff\u00e8 delle coppie alla Lega delle famiglie di Schoenstatt\" \/>\n<meta property=\"og:description\" content=\"I membri del progetto \u201cCaff\u00e8 delle coppie\u201d in Italia formano il primo gruppo della Lega delle Famiglie di Schoenstatt in Toscana.\" \/>\n<meta property=\"og:url\" content=\"https:\/\/schoenstatt.com\/it\/dal-caffe-delle-coppie-alla-lega-delle-famiglie-di-schoenstatt\/\" \/>\n<meta property=\"og:site_name\" content=\"Schoenstatt\" \/>\n<meta property=\"article:published_time\" content=\"2025-10-29T11:32:21+00:00\" \/>\n<meta property=\"article:modified_time\" content=\"2025-10-29T11:41:49+00:00\" \/>\n<meta property=\"og:image\" content=\"https:\/\/schoenstatt.com\/wp-content\/uploads\/2025\/10\/Caffe-delle-copie-Toscana.webp\" \/>\n\t<meta property=\"og:image:width\" content=\"2048\" \/>\n\t<meta property=\"og:image:height\" content=\"1354\" \/>\n\t<meta property=\"og:image:type\" content=\"image\/jpeg\" \/>\n<meta name=\"author\" content=\"Karen Bueno\" \/>\n<meta name=\"twitter:card\" content=\"summary_large_image\" \/>\n<meta name=\"twitter:label1\" content=\"Scritto da\" \/>\n\t<meta name=\"twitter:data1\" content=\"Karen Bueno\" \/>\n\t<meta name=\"twitter:label2\" content=\"Tempo di lettura stimato\" \/>\n\t<meta name=\"twitter:data2\" content=\"5 minuti\" \/>\n<script type=\"application\/ld+json\" class=\"yoast-schema-graph\">{\"@context\":\"https:\\\/\\\/schema.org\",\"@graph\":[{\"@type\":\"Article\",\"@id\":\"https:\\\/\\\/schoenstatt.com\\\/it\\\/dal-caffe-delle-coppie-alla-lega-delle-famiglie-di-schoenstatt\\\/#article\",\"isPartOf\":{\"@id\":\"https:\\\/\\\/schoenstatt.com\\\/it\\\/dal-caffe-delle-coppie-alla-lega-delle-famiglie-di-schoenstatt\\\/\"},\"author\":{\"name\":\"Karen Bueno\",\"@id\":\"https:\\\/\\\/schoenstatt.com\\\/it\\\/#\\\/schema\\\/person\\\/5158877ad4acae98b34daaeef2a1ce6e\"},\"headline\":\"Dal Caff\u00e8 delle coppie alla Lega delle famiglie di Schoenstatt\",\"datePublished\":\"2025-10-29T11:32:21+00:00\",\"dateModified\":\"2025-10-29T11:41:49+00:00\",\"mainEntityOfPage\":{\"@id\":\"https:\\\/\\\/schoenstatt.com\\\/it\\\/dal-caffe-delle-coppie-alla-lega-delle-famiglie-di-schoenstatt\\\/\"},\"wordCount\":669,\"publisher\":{\"@id\":\"https:\\\/\\\/schoenstatt.com\\\/it\\\/#organization\"},\"image\":{\"@id\":\"https:\\\/\\\/schoenstatt.com\\\/it\\\/dal-caffe-delle-coppie-alla-lega-delle-famiglie-di-schoenstatt\\\/#primaryimage\"},\"thumbnailUrl\":\"https:\\\/\\\/schoenstatt.com\\\/wp-content\\\/uploads\\\/2025\\\/10\\\/Caffe-delle-copie-Toscana.webp\",\"keywords\":[\"Schoenstatt Italia\"],\"articleSection\":[\"Comunit\u00e0 di Schoenstatt\",\"Europa\",\"Famiglia\"],\"inLanguage\":\"it-IT\"},{\"@type\":\"WebPage\",\"@id\":\"https:\\\/\\\/schoenstatt.com\\\/it\\\/dal-caffe-delle-coppie-alla-lega-delle-famiglie-di-schoenstatt\\\/\",\"url\":\"https:\\\/\\\/schoenstatt.com\\\/it\\\/dal-caffe-delle-coppie-alla-lega-delle-famiglie-di-schoenstatt\\\/\",\"name\":\"Dal Caff\u00e8 delle coppie alla Lega delle famiglie di Schoenstatt - Schoenstatt\",\"isPartOf\":{\"@id\":\"https:\\\/\\\/schoenstatt.com\\\/it\\\/#website\"},\"primaryImageOfPage\":{\"@id\":\"https:\\\/\\\/schoenstatt.com\\\/it\\\/dal-caffe-delle-coppie-alla-lega-delle-famiglie-di-schoenstatt\\\/#primaryimage\"},\"image\":{\"@id\":\"https:\\\/\\\/schoenstatt.com\\\/it\\\/dal-caffe-delle-coppie-alla-lega-delle-famiglie-di-schoenstatt\\\/#primaryimage\"},\"thumbnailUrl\":\"https:\\\/\\\/schoenstatt.com\\\/wp-content\\\/uploads\\\/2025\\\/10\\\/Caffe-delle-copie-Toscana.webp\",\"datePublished\":\"2025-10-29T11:32:21+00:00\",\"dateModified\":\"2025-10-29T11:41:49+00:00\",\"description\":\"I membri del progetto \u201cCaff\u00e8 delle coppie\u201d in Italia formano il primo gruppo della Lega delle Famiglie di Schoenstatt in Toscana.\",\"breadcrumb\":{\"@id\":\"https:\\\/\\\/schoenstatt.com\\\/it\\\/dal-caffe-delle-coppie-alla-lega-delle-famiglie-di-schoenstatt\\\/#breadcrumb\"},\"inLanguage\":\"it-IT\",\"potentialAction\":[{\"@type\":\"ReadAction\",\"target\":[\"https:\\\/\\\/schoenstatt.com\\\/it\\\/dal-caffe-delle-coppie-alla-lega-delle-famiglie-di-schoenstatt\\\/\"]}]},{\"@type\":\"ImageObject\",\"inLanguage\":\"it-IT\",\"@id\":\"https:\\\/\\\/schoenstatt.com\\\/it\\\/dal-caffe-delle-coppie-alla-lega-delle-famiglie-di-schoenstatt\\\/#primaryimage\",\"url\":\"https:\\\/\\\/schoenstatt.com\\\/wp-content\\\/uploads\\\/2025\\\/10\\\/Caffe-delle-copie-Toscana.webp\",\"contentUrl\":\"https:\\\/\\\/schoenstatt.com\\\/wp-content\\\/uploads\\\/2025\\\/10\\\/Caffe-delle-copie-Toscana.webp\",\"width\":2048,\"height\":1354},{\"@type\":\"BreadcrumbList\",\"@id\":\"https:\\\/\\\/schoenstatt.com\\\/it\\\/dal-caffe-delle-coppie-alla-lega-delle-famiglie-di-schoenstatt\\\/#breadcrumb\",\"itemListElement\":[{\"@type\":\"ListItem\",\"position\":1,\"name\":\"Portada\",\"item\":\"https:\\\/\\\/schoenstatt.com\\\/it\\\/home\\\/\"},{\"@type\":\"ListItem\",\"position\":2,\"name\":\"Dal Caff\u00e8 delle coppie alla Lega delle famiglie di Schoenstatt\"}]},{\"@type\":\"WebSite\",\"@id\":\"https:\\\/\\\/schoenstatt.com\\\/it\\\/#website\",\"url\":\"https:\\\/\\\/schoenstatt.com\\\/it\\\/\",\"name\":\"Schoenstatt\",\"description\":\"Apostolic Movement\",\"publisher\":{\"@id\":\"https:\\\/\\\/schoenstatt.com\\\/it\\\/#organization\"},\"potentialAction\":[{\"@type\":\"SearchAction\",\"target\":{\"@type\":\"EntryPoint\",\"urlTemplate\":\"https:\\\/\\\/schoenstatt.com\\\/it\\\/?s={search_term_string}\"},\"query-input\":{\"@type\":\"PropertyValueSpecification\",\"valueRequired\":true,\"valueName\":\"search_term_string\"}}],\"inLanguage\":\"it-IT\"},{\"@type\":\"Organization\",\"@id\":\"https:\\\/\\\/schoenstatt.com\\\/it\\\/#organization\",\"name\":\"Schoenstatt\",\"url\":\"https:\\\/\\\/schoenstatt.com\\\/it\\\/\",\"logo\":{\"@type\":\"ImageObject\",\"inLanguage\":\"it-IT\",\"@id\":\"https:\\\/\\\/schoenstatt.com\\\/it\\\/#\\\/schema\\\/logo\\\/image\\\/\",\"url\":\"https:\\\/\\\/schoenstatt.com\\\/wp-content\\\/uploads\\\/2025\\\/04\\\/logo-schoenstatt-white-696x696-1.png\",\"contentUrl\":\"https:\\\/\\\/schoenstatt.com\\\/wp-content\\\/uploads\\\/2025\\\/04\\\/logo-schoenstatt-white-696x696-1.png\",\"width\":696,\"height\":694,\"caption\":\"Schoenstatt\"},\"image\":{\"@id\":\"https:\\\/\\\/schoenstatt.com\\\/it\\\/#\\\/schema\\\/logo\\\/image\\\/\"}},{\"@type\":\"Person\",\"@id\":\"https:\\\/\\\/schoenstatt.com\\\/it\\\/#\\\/schema\\\/person\\\/5158877ad4acae98b34daaeef2a1ce6e\",\"name\":\"Karen Bueno\",\"image\":{\"@type\":\"ImageObject\",\"inLanguage\":\"it-IT\",\"@id\":\"https:\\\/\\\/secure.gravatar.com\\\/avatar\\\/f9f4b823873154269d2b2130f195f6d41037dd0d7fc5f3cacb5c846bae70d66b?s=96&d=mm&r=g\",\"url\":\"https:\\\/\\\/secure.gravatar.com\\\/avatar\\\/f9f4b823873154269d2b2130f195f6d41037dd0d7fc5f3cacb5c846bae70d66b?s=96&d=mm&r=g\",\"contentUrl\":\"https:\\\/\\\/secure.gravatar.com\\\/avatar\\\/f9f4b823873154269d2b2130f195f6d41037dd0d7fc5f3cacb5c846bae70d66b?s=96&d=mm&r=g\",\"caption\":\"Karen Bueno\"},\"url\":\"https:\\\/\\\/schoenstatt.com\\\/it\\\/author\\\/karen-bueno\\\/\"}]}<\/script>\n<!-- \/ Yoast SEO Premium plugin. -->","yoast_head_json":{"title":"Dal Caff\u00e8 delle coppie alla Lega delle famiglie di Schoenstatt - Schoenstatt","description":"I membri del progetto \u201cCaff\u00e8 delle coppie\u201d in Italia formano il primo gruppo della Lega delle Famiglie di Schoenstatt in Toscana.","robots":{"index":"index","follow":"follow","max-snippet":"max-snippet:-1","max-image-preview":"max-image-preview:large","max-video-preview":"max-video-preview:-1"},"canonical":"https:\/\/schoenstatt.com\/it\/dal-caffe-delle-coppie-alla-lega-delle-famiglie-di-schoenstatt\/","og_locale":"it_IT","og_type":"article","og_title":"Dal Caff\u00e8 delle coppie alla Lega delle famiglie di Schoenstatt","og_description":"I membri del progetto \u201cCaff\u00e8 delle coppie\u201d in Italia formano il primo gruppo della Lega delle Famiglie di Schoenstatt in Toscana.","og_url":"https:\/\/schoenstatt.com\/it\/dal-caffe-delle-coppie-alla-lega-delle-famiglie-di-schoenstatt\/","og_site_name":"Schoenstatt","article_published_time":"2025-10-29T11:32:21+00:00","article_modified_time":"2025-10-29T11:41:49+00:00","og_image":[{"width":2048,"height":1354,"url":"https:\/\/schoenstatt.com\/wp-content\/uploads\/2025\/10\/Caffe-delle-copie-Toscana.webp","type":"image\/jpeg"}],"author":"Karen Bueno","twitter_card":"summary_large_image","twitter_misc":{"Scritto da":"Karen Bueno","Tempo di lettura stimato":"5 minuti"},"schema":{"@context":"https:\/\/schema.org","@graph":[{"@type":"Article","@id":"https:\/\/schoenstatt.com\/it\/dal-caffe-delle-coppie-alla-lega-delle-famiglie-di-schoenstatt\/#article","isPartOf":{"@id":"https:\/\/schoenstatt.com\/it\/dal-caffe-delle-coppie-alla-lega-delle-famiglie-di-schoenstatt\/"},"author":{"name":"Karen Bueno","@id":"https:\/\/schoenstatt.com\/it\/#\/schema\/person\/5158877ad4acae98b34daaeef2a1ce6e"},"headline":"Dal Caff\u00e8 delle coppie alla Lega delle famiglie di Schoenstatt","datePublished":"2025-10-29T11:32:21+00:00","dateModified":"2025-10-29T11:41:49+00:00","mainEntityOfPage":{"@id":"https:\/\/schoenstatt.com\/it\/dal-caffe-delle-coppie-alla-lega-delle-famiglie-di-schoenstatt\/"},"wordCount":669,"publisher":{"@id":"https:\/\/schoenstatt.com\/it\/#organization"},"image":{"@id":"https:\/\/schoenstatt.com\/it\/dal-caffe-delle-coppie-alla-lega-delle-famiglie-di-schoenstatt\/#primaryimage"},"thumbnailUrl":"https:\/\/schoenstatt.com\/wp-content\/uploads\/2025\/10\/Caffe-delle-copie-Toscana.webp","keywords":["Schoenstatt Italia"],"articleSection":["Comunit\u00e0 di Schoenstatt","Europa","Famiglia"],"inLanguage":"it-IT"},{"@type":"WebPage","@id":"https:\/\/schoenstatt.com\/it\/dal-caffe-delle-coppie-alla-lega-delle-famiglie-di-schoenstatt\/","url":"https:\/\/schoenstatt.com\/it\/dal-caffe-delle-coppie-alla-lega-delle-famiglie-di-schoenstatt\/","name":"Dal Caff\u00e8 delle coppie alla Lega delle famiglie di Schoenstatt - Schoenstatt","isPartOf":{"@id":"https:\/\/schoenstatt.com\/it\/#website"},"primaryImageOfPage":{"@id":"https:\/\/schoenstatt.com\/it\/dal-caffe-delle-coppie-alla-lega-delle-famiglie-di-schoenstatt\/#primaryimage"},"image":{"@id":"https:\/\/schoenstatt.com\/it\/dal-caffe-delle-coppie-alla-lega-delle-famiglie-di-schoenstatt\/#primaryimage"},"thumbnailUrl":"https:\/\/schoenstatt.com\/wp-content\/uploads\/2025\/10\/Caffe-delle-copie-Toscana.webp","datePublished":"2025-10-29T11:32:21+00:00","dateModified":"2025-10-29T11:41:49+00:00","description":"I membri del progetto \u201cCaff\u00e8 delle coppie\u201d in Italia formano il primo gruppo della Lega delle Famiglie di Schoenstatt in Toscana.","breadcrumb":{"@id":"https:\/\/schoenstatt.com\/it\/dal-caffe-delle-coppie-alla-lega-delle-famiglie-di-schoenstatt\/#breadcrumb"},"inLanguage":"it-IT","potentialAction":[{"@type":"ReadAction","target":["https:\/\/schoenstatt.com\/it\/dal-caffe-delle-coppie-alla-lega-delle-famiglie-di-schoenstatt\/"]}]},{"@type":"ImageObject","inLanguage":"it-IT","@id":"https:\/\/schoenstatt.com\/it\/dal-caffe-delle-coppie-alla-lega-delle-famiglie-di-schoenstatt\/#primaryimage","url":"https:\/\/schoenstatt.com\/wp-content\/uploads\/2025\/10\/Caffe-delle-copie-Toscana.webp","contentUrl":"https:\/\/schoenstatt.com\/wp-content\/uploads\/2025\/10\/Caffe-delle-copie-Toscana.webp","width":2048,"height":1354},{"@type":"BreadcrumbList","@id":"https:\/\/schoenstatt.com\/it\/dal-caffe-delle-coppie-alla-lega-delle-famiglie-di-schoenstatt\/#breadcrumb","itemListElement":[{"@type":"ListItem","position":1,"name":"Portada","item":"https:\/\/schoenstatt.com\/it\/home\/"},{"@type":"ListItem","position":2,"name":"Dal Caff\u00e8 delle coppie alla Lega delle famiglie di Schoenstatt"}]},{"@type":"WebSite","@id":"https:\/\/schoenstatt.com\/it\/#website","url":"https:\/\/schoenstatt.com\/it\/","name":"Schoenstatt","description":"Apostolic Movement","publisher":{"@id":"https:\/\/schoenstatt.com\/it\/#organization"},"potentialAction":[{"@type":"SearchAction","target":{"@type":"EntryPoint","urlTemplate":"https:\/\/schoenstatt.com\/it\/?s={search_term_string}"},"query-input":{"@type":"PropertyValueSpecification","valueRequired":true,"valueName":"search_term_string"}}],"inLanguage":"it-IT"},{"@type":"Organization","@id":"https:\/\/schoenstatt.com\/it\/#organization","name":"Schoenstatt","url":"https:\/\/schoenstatt.com\/it\/","logo":{"@type":"ImageObject","inLanguage":"it-IT","@id":"https:\/\/schoenstatt.com\/it\/#\/schema\/logo\/image\/","url":"https:\/\/schoenstatt.com\/wp-content\/uploads\/2025\/04\/logo-schoenstatt-white-696x696-1.png","contentUrl":"https:\/\/schoenstatt.com\/wp-content\/uploads\/2025\/04\/logo-schoenstatt-white-696x696-1.png","width":696,"height":694,"caption":"Schoenstatt"},"image":{"@id":"https:\/\/schoenstatt.com\/it\/#\/schema\/logo\/image\/"}},{"@type":"Person","@id":"https:\/\/schoenstatt.com\/it\/#\/schema\/person\/5158877ad4acae98b34daaeef2a1ce6e","name":"Karen Bueno","image":{"@type":"ImageObject","inLanguage":"it-IT","@id":"https:\/\/secure.gravatar.com\/avatar\/f9f4b823873154269d2b2130f195f6d41037dd0d7fc5f3cacb5c846bae70d66b?s=96&d=mm&r=g","url":"https:\/\/secure.gravatar.com\/avatar\/f9f4b823873154269d2b2130f195f6d41037dd0d7fc5f3cacb5c846bae70d66b?s=96&d=mm&r=g","contentUrl":"https:\/\/secure.gravatar.com\/avatar\/f9f4b823873154269d2b2130f195f6d41037dd0d7fc5f3cacb5c846bae70d66b?s=96&d=mm&r=g","caption":"Karen Bueno"},"url":"https:\/\/schoenstatt.com\/it\/author\/karen-bueno\/"}]}},"_links":{"self":[{"href":"https:\/\/schoenstatt.com\/it\/wp-json\/wp\/v2\/posts\/65775","targetHints":{"allow":["GET"]}}],"collection":[{"href":"https:\/\/schoenstatt.com\/it\/wp-json\/wp\/v2\/posts"}],"about":[{"href":"https:\/\/schoenstatt.com\/it\/wp-json\/wp\/v2\/types\/post"}],"author":[{"embeddable":true,"href":"https:\/\/schoenstatt.com\/it\/wp-json\/wp\/v2\/users\/3"}],"replies":[{"embeddable":true,"href":"https:\/\/schoenstatt.com\/it\/wp-json\/wp\/v2\/comments?post=65775"}],"version-history":[{"count":3,"href":"https:\/\/schoenstatt.com\/it\/wp-json\/wp\/v2\/posts\/65775\/revisions"}],"predecessor-version":[{"id":65778,"href":"https:\/\/schoenstatt.com\/it\/wp-json\/wp\/v2\/posts\/65775\/revisions\/65778"}],"wp:featuredmedia":[{"embeddable":true,"href":"https:\/\/schoenstatt.com\/it\/wp-json\/wp\/v2\/media\/65747"}],"wp:attachment":[{"href":"https:\/\/schoenstatt.com\/it\/wp-json\/wp\/v2\/media?parent=65775"}],"wp:term":[{"taxonomy":"category","embeddable":true,"href":"https:\/\/schoenstatt.com\/it\/wp-json\/wp\/v2\/categories?post=65775"},{"taxonomy":"post_tag","embeddable":true,"href":"https:\/\/schoenstatt.com\/it\/wp-json\/wp\/v2\/tags?post=65775"}],"curies":[{"name":"wp","href":"https:\/\/api.w.org\/{rel}","templated":true}]}}