{"id":65461,"date":"2025-10-25T04:35:00","date_gmt":"2025-10-25T02:35:00","guid":{"rendered":"https:\/\/schoenstatt.com\/?p=65461"},"modified":"2025-10-24T17:09:23","modified_gmt":"2025-10-24T15:09:23","slug":"giubileo-della-spiritualita-mariana-e-schoenstatt","status":"publish","type":"post","link":"https:\/\/schoenstatt.com\/it\/giubileo-della-spiritualita-mariana-e-schoenstatt\/","title":{"rendered":"Giubileo della spiritualit\u00e0 mariana e Schoenstatt"},"content":{"rendered":"\n<p>La mattina di sabato 11 ottobre, presso il Santuario Internazionale di Belmonte, a Roma, si \u00e8 svolto l\u2019incontro e la celebrazione del Giubileo della Campagna della Madonna Pellegrina, in occasione dei 75 anni dalla fondazione e dei 25 anni di presenza in Italia. Erano presenti rappresentanti provenienti dalle diverse regioni italiane, in un clima di gioia, gratitudine e comunione.<\/p>\n\n\n\n<figure class=\"wp-block-image aligncenter size-full\"><img decoding=\"async\" src=\"https:\/\/schoenstatt.com\/wp-content\/uploads\/2025\/10\/Belmonte-International.jpg\" alt=\"\" class=\"wp-image-65433\"\/><\/figure>\n\n\n\n<h3 class=\"wp-block-heading\" id=\"h-l-incontro-a-belmonte\">L\u2019Incontro a Belmonte<\/h3>\n\n\n\n<p>Suor M. Julia de Almeida, assistente nazionale della <a href=\"https:\/\/schoenstatt.com\/it\/in-missione\/chiesa\/madonna-pellegrina\/\">Campagna della Madonna Pellegrina<\/a>, aveva partecipato alle celebrazioni giubilari in Brasile e ha condiviso con tutti i presenti quanto si \u00e8 vissuto in quell\u2019incontro internazionale. Al centro della riflessione \u00e8 stata posta la figura di Jo\u00e3o Pozzobon, servitore scelto da Dio per dare inizio alla feconda missione della Madonna Pellegrina. La sua vita, offerta alla Madonna e ai fratelli, \u00e8 una testimonianza di fede e dedizione apostolica a servizio delle persone e delle famiglie.<\/p>\n\n\n\n<p>Nel corso dell\u2019incontro, i missionari Paola e Francesco Mennillo, di Roma, ha offerto una testimonianza su come la Madonna Pellegrina li abbia accompagnati nelle sfide e nelle gioie della vita familiare. \u00c8 stato un momento emozionante di condivisione apprezzato dai presenti.<\/p>\n\n\n\n<p>L\u2019incontro si \u00e8 concluso con la celebrazione eucaristica, seguita da un pellegrinaggio al Santuario, durante il quale ogni missionario ha rinnovato il proprio impegno apostolico. Un missionario della diocesi di Latina, a sorpresa, ha sigillato la sua Alleanza d\u2019Amore e tutti i missionari della Campagna presenti si sono uniti a lui, rinnovando la propria Alleanza.<\/p>\n\n\n\n<figure class=\"wp-block-gallery has-nested-images columns-default is-cropped wp-block-gallery-1 is-layout-flex wp-block-gallery-is-layout-flex\">\n<figure class=\"wp-block-image size-full\"><img decoding=\"async\" data-id=\"65440\" src=\"https:\/\/schoenstatt.com\/wp-content\/uploads\/2025\/10\/Belmonte-2.jpg\" alt=\"\" class=\"wp-image-65440\"\/><\/figure>\n\n\n\n<figure class=\"wp-block-image size-large\"><img decoding=\"async\" data-id=\"65439\" src=\"https:\/\/schoenstatt.com\/wp-content\/uploads\/2025\/10\/Belmonte.jpg\" alt=\"\" class=\"wp-image-65439\"\/><\/figure>\n<\/figure>\n\n\n\n<h3 class=\"wp-block-heading\" id=\"h-veglia-mariana-in-piazza-san-pietro\">Veglia mariana in Piazza San Pietro<\/h3>\n\n\n\n<p>La sera di sabato, in Piazza San Pietro, Papa Leone XIV ha presieduto la Veglia di preghiera per la pace. In un profondo silenzio, scandito da canti e preghiere, il Santo Padre ha invitato i fedeli a guardare il mondo con lo sguardo dei piccoli, a purificare il cuore e a farsi artigiani di pace nella vita quotidiana.<\/p>\n\n\n\n<p>Con Maria, la Chiesa ha pregato per il dono della riconciliazione e della speranza, ricordando che il vero disarmo comincia nel cuore. Nel cuore di Roma, la Chiesa ha rinnovato la sua fiducia in Maria, la Donna del \u201cs\u00ec\u201d, che continua a condurre i suoi figli verso Cristo, Principe della Pace.<\/p>\n\n\n\n<h3 class=\"wp-block-heading\" id=\"h-la-domenica-messa-conclusiva-e-incontro-con-il-santo-padre\">La domenica \u2013 Messa conclusiva e incontro con il Santo Padre<\/h3>\n\n\n\n<p>Domenica mattina, 12 ottobre, si \u00e8 celebrata la Messa di chiusura del Giubileo della spiritualit\u00e0 mariana. Prima della celebrazione, <strong>Suor Julia de Almeida e Padre Pablo P\u00e9rez, direttore del Movimento di Schoenstatt in Italia, hanno avuto l\u2019opportunit\u00e0 di salutare personalmente Papa Leone XIV<\/strong> \u2014 un incontro breve ma intenso, avvenuto davanti alla Piet\u00e0 di Michelangelo nella Basilica di San Pietro.<\/p>\n\n\n\n<p><em>\u00ab\u00c8 stato un incontro molto sobrio\u00bb<\/em>, racconta Padre Pablo con un sorriso. <em>\u00abHo salutato il Santo Padre e gli ho donato una croce dell\u2019unit\u00e0. Gli ho detto che questa croce \u00e8 il simbolo pi\u00f9 bello che noi abbiamo. Il Papa ha sorriso e mi ha risposto semplicemente: \u201cGrazie.\u201d Poi ho chiesto la sua benedizione e gli ho affidato alcune intenzioni. \u00c8 stato un momento semplice, ma profondamente significativo: un segno di comunione con la Chiesa e con il Papa.\u00bb<\/em><\/p>\n\n\n\n<p>Suor M. Julia portava con s\u00e9 anche un&#8217;immagine della Madonna Pellegrina, che \u00e8 stata incoronata dal Papa \u2013 <a href=\"https:\/\/schoenstatt.com\/it\/nei-75-anni-della-campagna-la-madonna-pellegrina-incoronata-da-papa-leone-xiv\/\">leggi di pi\u00f9 in questo articolo.<\/a><\/p>\n\n\n\n<figure class=\"wp-block-image aligncenter size-full\"><img decoding=\"async\" src=\"https:\/\/schoenstatt.com\/wp-content\/uploads\/2025\/10\/Fr-Pablo-Perez-and-Pope-Leo-Schoenstatt.webp\" alt=\"\" class=\"wp-image-65589\"\/><figcaption class=\"wp-element-caption\">Foto: @Vatican Media<\/figcaption><\/figure>\n\n\n\n<p>Durante la Messa finale, erano presenti numerosi pellegrini, movimenti mariani, confraternite, comunit\u00e0 e gruppi devozionali provenienti da tutto il mondo. Il Movimento di Schoenstatt era presente con gruppi provenienti da tutta Italia e con un gruppo di 80 persone dalla Germania che hanno partecipato al Giubileo. Al centro della celebrazione, la statua originale della Madonna di Fatima, portata appositamente dal Portogallo, ha richiamato l\u2019attenzione e la devozione dei fedeli.<\/p>\n\n\n\n<p>Il Papa, nell\u2019omelia, ha ricordato che \u00abLa spiritualit\u00e0 mariana, che nutre la nostra fede, ha Ges\u00f9 come suo centro\u00bb. Ha invitato tutti a seguire la via di Maria, che conduce all\u2019incontro con ogni essere umano \u2014 specialmente i poveri, i feriti e i peccatori. Nel breve discorso dell\u2019Angelus, ha rinnovato l\u2019appello alla pace, ricordando le guerre in Medio Oriente e in Ucraina, ed esortando al dialogo, alla fraternit\u00e0 e alla speranza.<\/p>\n\n\n\n<p>Con questa celebrazione si \u00e8 concluso simbolicamente il ciclo giubilare: non una fine, ma un nuovo inizio. Un invito a vivere con rinnovato entusiasmo lo stile mariano della vita cristiana, lasciandosi formare da Maria per essere testimoni di speranza nel mondo.<\/p>\n\n\n\n<div class=\"wp-block-buttons is-content-justification-center is-layout-flex wp-container-core-buttons-is-layout-a89b3969 wp-block-buttons-is-layout-flex\">\n<div class=\"wp-block-button\"><a class=\"wp-block-button__link has-white-color has-text-color has-background has-link-color wp-element-button\" href=\"https:\/\/www.amazon.it\/photos\/share\/8hCx3EpcvbngBGdZWzOPjaZTjAeH0BEx3aL0qP1CPNp\" style=\"background-color:#da6e21\" target=\"_blank\" rel=\"noreferrer noopener\"><strong>Altre foto<\/strong><\/a><\/div>\n<\/div>\n","protected":false},"excerpt":{"rendered":"<p>Schoenstatt Italia incontra Papa Leone XIV nell\u2019ambito delle celebrazioni del 75\u00b0 anniversario della Campagna della Madonna pellegrina<\/p>\n","protected":false},"author":3,"featured_media":65595,"comment_status":"closed","ping_status":"closed","sticky":false,"template":"","format":"standard","meta":{"footnotes":""},"categories":[867,903],"tags":[1087,1182],"class_list":["post-65461","post","type-post","status-publish","format-standard","has-post-thumbnail","hentry","category-chiesa-it","category-madonna-pellegrina-it","tag-campagna-della-madonna-pellegrina-it","tag-schoenstatt-italia-it"],"yoast_head":"<!-- This site is optimized with the Yoast SEO Premium plugin v27.4 (Yoast SEO v27.4) - https:\/\/yoast.com\/product\/yoast-seo-premium-wordpress\/ -->\n<title>Giubileo della spiritualit\u00e0 mariana e Schoenstatt - Schoenstatt<\/title>\n<meta name=\"description\" content=\"Schoenstatt Italia incontra Papa Leone XIV nell\u2019ambito delle celebrazioni del 75\u00b0 anniversario della Campagna della Madonna pellegrina\" \/>\n<meta name=\"robots\" content=\"index, follow, max-snippet:-1, max-image-preview:large, max-video-preview:-1\" \/>\n<link rel=\"canonical\" href=\"https:\/\/schoenstatt.com\/it\/giubileo-della-spiritualita-mariana-e-schoenstatt\/\" \/>\n<meta property=\"og:locale\" content=\"it_IT\" \/>\n<meta property=\"og:type\" content=\"article\" \/>\n<meta property=\"og:title\" content=\"Giubileo della spiritualit\u00e0 mariana e Schoenstatt\" \/>\n<meta property=\"og:description\" content=\"Schoenstatt Italia incontra Papa Leone XIV nell\u2019ambito delle celebrazioni del 75\u00b0 anniversario della Campagna della Madonna pellegrina\" \/>\n<meta property=\"og:url\" content=\"https:\/\/schoenstatt.com\/it\/giubileo-della-spiritualita-mariana-e-schoenstatt\/\" \/>\n<meta property=\"og:site_name\" content=\"Schoenstatt\" \/>\n<meta property=\"article:published_time\" content=\"2025-10-25T02:35:00+00:00\" \/>\n<meta property=\"og:image\" content=\"https:\/\/schoenstatt.com\/wp-content\/uploads\/2025\/10\/Fr-Pablo-Perez-and-Pope-Leo-Schoenstatt-2.webp\" \/>\n\t<meta property=\"og:image:width\" content=\"1600\" \/>\n\t<meta property=\"og:image:height\" content=\"842\" \/>\n\t<meta property=\"og:image:type\" content=\"image\/jpeg\" \/>\n<meta name=\"author\" content=\"Karen Bueno\" \/>\n<meta name=\"twitter:card\" content=\"summary_large_image\" \/>\n<meta name=\"twitter:label1\" content=\"Scritto da\" \/>\n\t<meta name=\"twitter:data1\" content=\"Karen Bueno\" \/>\n\t<meta name=\"twitter:label2\" content=\"Tempo di lettura stimato\" \/>\n\t<meta name=\"twitter:data2\" content=\"5 minuti\" \/>\n<script type=\"application\/ld+json\" class=\"yoast-schema-graph\">{\"@context\":\"https:\\\/\\\/schema.org\",\"@graph\":[{\"@type\":\"Article\",\"@id\":\"https:\\\/\\\/schoenstatt.com\\\/it\\\/giubileo-della-spiritualita-mariana-e-schoenstatt\\\/#article\",\"isPartOf\":{\"@id\":\"https:\\\/\\\/schoenstatt.com\\\/it\\\/giubileo-della-spiritualita-mariana-e-schoenstatt\\\/\"},\"author\":{\"name\":\"Karen Bueno\",\"@id\":\"https:\\\/\\\/schoenstatt.com\\\/it\\\/#\\\/schema\\\/person\\\/5158877ad4acae98b34daaeef2a1ce6e\"},\"headline\":\"Giubileo della spiritualit\u00e0 mariana e Schoenstatt\",\"datePublished\":\"2025-10-25T02:35:00+00:00\",\"mainEntityOfPage\":{\"@id\":\"https:\\\/\\\/schoenstatt.com\\\/it\\\/giubileo-della-spiritualita-mariana-e-schoenstatt\\\/\"},\"wordCount\":716,\"publisher\":{\"@id\":\"https:\\\/\\\/schoenstatt.com\\\/it\\\/#organization\"},\"image\":{\"@id\":\"https:\\\/\\\/schoenstatt.com\\\/it\\\/giubileo-della-spiritualita-mariana-e-schoenstatt\\\/#primaryimage\"},\"thumbnailUrl\":\"https:\\\/\\\/schoenstatt.com\\\/wp-content\\\/uploads\\\/2025\\\/10\\\/Fr-Pablo-Perez-and-Pope-Leo-Schoenstatt-2.webp\",\"keywords\":[\"Campagna della Madonna Pellegrina\",\"Schoenstatt Italia\"],\"articleSection\":[\"Chiesa\",\"Madonna Pellegrina\"],\"inLanguage\":\"it-IT\"},{\"@type\":\"WebPage\",\"@id\":\"https:\\\/\\\/schoenstatt.com\\\/it\\\/giubileo-della-spiritualita-mariana-e-schoenstatt\\\/\",\"url\":\"https:\\\/\\\/schoenstatt.com\\\/it\\\/giubileo-della-spiritualita-mariana-e-schoenstatt\\\/\",\"name\":\"Giubileo della spiritualit\u00e0 mariana e Schoenstatt - Schoenstatt\",\"isPartOf\":{\"@id\":\"https:\\\/\\\/schoenstatt.com\\\/it\\\/#website\"},\"primaryImageOfPage\":{\"@id\":\"https:\\\/\\\/schoenstatt.com\\\/it\\\/giubileo-della-spiritualita-mariana-e-schoenstatt\\\/#primaryimage\"},\"image\":{\"@id\":\"https:\\\/\\\/schoenstatt.com\\\/it\\\/giubileo-della-spiritualita-mariana-e-schoenstatt\\\/#primaryimage\"},\"thumbnailUrl\":\"https:\\\/\\\/schoenstatt.com\\\/wp-content\\\/uploads\\\/2025\\\/10\\\/Fr-Pablo-Perez-and-Pope-Leo-Schoenstatt-2.webp\",\"datePublished\":\"2025-10-25T02:35:00+00:00\",\"description\":\"Schoenstatt Italia incontra Papa Leone XIV nell\u2019ambito delle celebrazioni del 75\u00b0 anniversario della Campagna della Madonna pellegrina\",\"breadcrumb\":{\"@id\":\"https:\\\/\\\/schoenstatt.com\\\/it\\\/giubileo-della-spiritualita-mariana-e-schoenstatt\\\/#breadcrumb\"},\"inLanguage\":\"it-IT\",\"potentialAction\":[{\"@type\":\"ReadAction\",\"target\":[\"https:\\\/\\\/schoenstatt.com\\\/it\\\/giubileo-della-spiritualita-mariana-e-schoenstatt\\\/\"]}]},{\"@type\":\"ImageObject\",\"inLanguage\":\"it-IT\",\"@id\":\"https:\\\/\\\/schoenstatt.com\\\/it\\\/giubileo-della-spiritualita-mariana-e-schoenstatt\\\/#primaryimage\",\"url\":\"https:\\\/\\\/schoenstatt.com\\\/wp-content\\\/uploads\\\/2025\\\/10\\\/Fr-Pablo-Perez-and-Pope-Leo-Schoenstatt-2.webp\",\"contentUrl\":\"https:\\\/\\\/schoenstatt.com\\\/wp-content\\\/uploads\\\/2025\\\/10\\\/Fr-Pablo-Perez-and-Pope-Leo-Schoenstatt-2.webp\",\"width\":1600,\"height\":842},{\"@type\":\"BreadcrumbList\",\"@id\":\"https:\\\/\\\/schoenstatt.com\\\/it\\\/giubileo-della-spiritualita-mariana-e-schoenstatt\\\/#breadcrumb\",\"itemListElement\":[{\"@type\":\"ListItem\",\"position\":1,\"name\":\"Portada\",\"item\":\"https:\\\/\\\/schoenstatt.com\\\/it\\\/home\\\/\"},{\"@type\":\"ListItem\",\"position\":2,\"name\":\"Giubileo della spiritualit\u00e0 mariana e Schoenstatt\"}]},{\"@type\":\"WebSite\",\"@id\":\"https:\\\/\\\/schoenstatt.com\\\/it\\\/#website\",\"url\":\"https:\\\/\\\/schoenstatt.com\\\/it\\\/\",\"name\":\"Schoenstatt\",\"description\":\"Apostolic Movement\",\"publisher\":{\"@id\":\"https:\\\/\\\/schoenstatt.com\\\/it\\\/#organization\"},\"potentialAction\":[{\"@type\":\"SearchAction\",\"target\":{\"@type\":\"EntryPoint\",\"urlTemplate\":\"https:\\\/\\\/schoenstatt.com\\\/it\\\/?s={search_term_string}\"},\"query-input\":{\"@type\":\"PropertyValueSpecification\",\"valueRequired\":true,\"valueName\":\"search_term_string\"}}],\"inLanguage\":\"it-IT\"},{\"@type\":\"Organization\",\"@id\":\"https:\\\/\\\/schoenstatt.com\\\/it\\\/#organization\",\"name\":\"Schoenstatt\",\"url\":\"https:\\\/\\\/schoenstatt.com\\\/it\\\/\",\"logo\":{\"@type\":\"ImageObject\",\"inLanguage\":\"it-IT\",\"@id\":\"https:\\\/\\\/schoenstatt.com\\\/it\\\/#\\\/schema\\\/logo\\\/image\\\/\",\"url\":\"https:\\\/\\\/schoenstatt.com\\\/wp-content\\\/uploads\\\/2025\\\/04\\\/logo-schoenstatt-white-696x696-1.png\",\"contentUrl\":\"https:\\\/\\\/schoenstatt.com\\\/wp-content\\\/uploads\\\/2025\\\/04\\\/logo-schoenstatt-white-696x696-1.png\",\"width\":696,\"height\":694,\"caption\":\"Schoenstatt\"},\"image\":{\"@id\":\"https:\\\/\\\/schoenstatt.com\\\/it\\\/#\\\/schema\\\/logo\\\/image\\\/\"}},{\"@type\":\"Person\",\"@id\":\"https:\\\/\\\/schoenstatt.com\\\/it\\\/#\\\/schema\\\/person\\\/5158877ad4acae98b34daaeef2a1ce6e\",\"name\":\"Karen Bueno\",\"image\":{\"@type\":\"ImageObject\",\"inLanguage\":\"it-IT\",\"@id\":\"https:\\\/\\\/secure.gravatar.com\\\/avatar\\\/f9f4b823873154269d2b2130f195f6d41037dd0d7fc5f3cacb5c846bae70d66b?s=96&d=mm&r=g\",\"url\":\"https:\\\/\\\/secure.gravatar.com\\\/avatar\\\/f9f4b823873154269d2b2130f195f6d41037dd0d7fc5f3cacb5c846bae70d66b?s=96&d=mm&r=g\",\"contentUrl\":\"https:\\\/\\\/secure.gravatar.com\\\/avatar\\\/f9f4b823873154269d2b2130f195f6d41037dd0d7fc5f3cacb5c846bae70d66b?s=96&d=mm&r=g\",\"caption\":\"Karen Bueno\"},\"url\":\"https:\\\/\\\/schoenstatt.com\\\/it\\\/author\\\/karen-bueno\\\/\"}]}<\/script>\n<!-- \/ Yoast SEO Premium plugin. -->","yoast_head_json":{"title":"Giubileo della spiritualit\u00e0 mariana e Schoenstatt - Schoenstatt","description":"Schoenstatt Italia incontra Papa Leone XIV nell\u2019ambito delle celebrazioni del 75\u00b0 anniversario della Campagna della Madonna pellegrina","robots":{"index":"index","follow":"follow","max-snippet":"max-snippet:-1","max-image-preview":"max-image-preview:large","max-video-preview":"max-video-preview:-1"},"canonical":"https:\/\/schoenstatt.com\/it\/giubileo-della-spiritualita-mariana-e-schoenstatt\/","og_locale":"it_IT","og_type":"article","og_title":"Giubileo della spiritualit\u00e0 mariana e Schoenstatt","og_description":"Schoenstatt Italia incontra Papa Leone XIV nell\u2019ambito delle celebrazioni del 75\u00b0 anniversario della Campagna della Madonna pellegrina","og_url":"https:\/\/schoenstatt.com\/it\/giubileo-della-spiritualita-mariana-e-schoenstatt\/","og_site_name":"Schoenstatt","article_published_time":"2025-10-25T02:35:00+00:00","og_image":[{"width":1600,"height":842,"url":"https:\/\/schoenstatt.com\/wp-content\/uploads\/2025\/10\/Fr-Pablo-Perez-and-Pope-Leo-Schoenstatt-2.webp","type":"image\/jpeg"}],"author":"Karen Bueno","twitter_card":"summary_large_image","twitter_misc":{"Scritto da":"Karen Bueno","Tempo di lettura stimato":"5 minuti"},"schema":{"@context":"https:\/\/schema.org","@graph":[{"@type":"Article","@id":"https:\/\/schoenstatt.com\/it\/giubileo-della-spiritualita-mariana-e-schoenstatt\/#article","isPartOf":{"@id":"https:\/\/schoenstatt.com\/it\/giubileo-della-spiritualita-mariana-e-schoenstatt\/"},"author":{"name":"Karen Bueno","@id":"https:\/\/schoenstatt.com\/it\/#\/schema\/person\/5158877ad4acae98b34daaeef2a1ce6e"},"headline":"Giubileo della spiritualit\u00e0 mariana e Schoenstatt","datePublished":"2025-10-25T02:35:00+00:00","mainEntityOfPage":{"@id":"https:\/\/schoenstatt.com\/it\/giubileo-della-spiritualita-mariana-e-schoenstatt\/"},"wordCount":716,"publisher":{"@id":"https:\/\/schoenstatt.com\/it\/#organization"},"image":{"@id":"https:\/\/schoenstatt.com\/it\/giubileo-della-spiritualita-mariana-e-schoenstatt\/#primaryimage"},"thumbnailUrl":"https:\/\/schoenstatt.com\/wp-content\/uploads\/2025\/10\/Fr-Pablo-Perez-and-Pope-Leo-Schoenstatt-2.webp","keywords":["Campagna della Madonna Pellegrina","Schoenstatt Italia"],"articleSection":["Chiesa","Madonna Pellegrina"],"inLanguage":"it-IT"},{"@type":"WebPage","@id":"https:\/\/schoenstatt.com\/it\/giubileo-della-spiritualita-mariana-e-schoenstatt\/","url":"https:\/\/schoenstatt.com\/it\/giubileo-della-spiritualita-mariana-e-schoenstatt\/","name":"Giubileo della spiritualit\u00e0 mariana e Schoenstatt - Schoenstatt","isPartOf":{"@id":"https:\/\/schoenstatt.com\/it\/#website"},"primaryImageOfPage":{"@id":"https:\/\/schoenstatt.com\/it\/giubileo-della-spiritualita-mariana-e-schoenstatt\/#primaryimage"},"image":{"@id":"https:\/\/schoenstatt.com\/it\/giubileo-della-spiritualita-mariana-e-schoenstatt\/#primaryimage"},"thumbnailUrl":"https:\/\/schoenstatt.com\/wp-content\/uploads\/2025\/10\/Fr-Pablo-Perez-and-Pope-Leo-Schoenstatt-2.webp","datePublished":"2025-10-25T02:35:00+00:00","description":"Schoenstatt Italia incontra Papa Leone XIV nell\u2019ambito delle celebrazioni del 75\u00b0 anniversario della Campagna della Madonna pellegrina","breadcrumb":{"@id":"https:\/\/schoenstatt.com\/it\/giubileo-della-spiritualita-mariana-e-schoenstatt\/#breadcrumb"},"inLanguage":"it-IT","potentialAction":[{"@type":"ReadAction","target":["https:\/\/schoenstatt.com\/it\/giubileo-della-spiritualita-mariana-e-schoenstatt\/"]}]},{"@type":"ImageObject","inLanguage":"it-IT","@id":"https:\/\/schoenstatt.com\/it\/giubileo-della-spiritualita-mariana-e-schoenstatt\/#primaryimage","url":"https:\/\/schoenstatt.com\/wp-content\/uploads\/2025\/10\/Fr-Pablo-Perez-and-Pope-Leo-Schoenstatt-2.webp","contentUrl":"https:\/\/schoenstatt.com\/wp-content\/uploads\/2025\/10\/Fr-Pablo-Perez-and-Pope-Leo-Schoenstatt-2.webp","width":1600,"height":842},{"@type":"BreadcrumbList","@id":"https:\/\/schoenstatt.com\/it\/giubileo-della-spiritualita-mariana-e-schoenstatt\/#breadcrumb","itemListElement":[{"@type":"ListItem","position":1,"name":"Portada","item":"https:\/\/schoenstatt.com\/it\/home\/"},{"@type":"ListItem","position":2,"name":"Giubileo della spiritualit\u00e0 mariana e Schoenstatt"}]},{"@type":"WebSite","@id":"https:\/\/schoenstatt.com\/it\/#website","url":"https:\/\/schoenstatt.com\/it\/","name":"Schoenstatt","description":"Apostolic Movement","publisher":{"@id":"https:\/\/schoenstatt.com\/it\/#organization"},"potentialAction":[{"@type":"SearchAction","target":{"@type":"EntryPoint","urlTemplate":"https:\/\/schoenstatt.com\/it\/?s={search_term_string}"},"query-input":{"@type":"PropertyValueSpecification","valueRequired":true,"valueName":"search_term_string"}}],"inLanguage":"it-IT"},{"@type":"Organization","@id":"https:\/\/schoenstatt.com\/it\/#organization","name":"Schoenstatt","url":"https:\/\/schoenstatt.com\/it\/","logo":{"@type":"ImageObject","inLanguage":"it-IT","@id":"https:\/\/schoenstatt.com\/it\/#\/schema\/logo\/image\/","url":"https:\/\/schoenstatt.com\/wp-content\/uploads\/2025\/04\/logo-schoenstatt-white-696x696-1.png","contentUrl":"https:\/\/schoenstatt.com\/wp-content\/uploads\/2025\/04\/logo-schoenstatt-white-696x696-1.png","width":696,"height":694,"caption":"Schoenstatt"},"image":{"@id":"https:\/\/schoenstatt.com\/it\/#\/schema\/logo\/image\/"}},{"@type":"Person","@id":"https:\/\/schoenstatt.com\/it\/#\/schema\/person\/5158877ad4acae98b34daaeef2a1ce6e","name":"Karen Bueno","image":{"@type":"ImageObject","inLanguage":"it-IT","@id":"https:\/\/secure.gravatar.com\/avatar\/f9f4b823873154269d2b2130f195f6d41037dd0d7fc5f3cacb5c846bae70d66b?s=96&d=mm&r=g","url":"https:\/\/secure.gravatar.com\/avatar\/f9f4b823873154269d2b2130f195f6d41037dd0d7fc5f3cacb5c846bae70d66b?s=96&d=mm&r=g","contentUrl":"https:\/\/secure.gravatar.com\/avatar\/f9f4b823873154269d2b2130f195f6d41037dd0d7fc5f3cacb5c846bae70d66b?s=96&d=mm&r=g","caption":"Karen Bueno"},"url":"https:\/\/schoenstatt.com\/it\/author\/karen-bueno\/"}]}},"_links":{"self":[{"href":"https:\/\/schoenstatt.com\/it\/wp-json\/wp\/v2\/posts\/65461","targetHints":{"allow":["GET"]}}],"collection":[{"href":"https:\/\/schoenstatt.com\/it\/wp-json\/wp\/v2\/posts"}],"about":[{"href":"https:\/\/schoenstatt.com\/it\/wp-json\/wp\/v2\/types\/post"}],"author":[{"embeddable":true,"href":"https:\/\/schoenstatt.com\/it\/wp-json\/wp\/v2\/users\/3"}],"replies":[{"embeddable":true,"href":"https:\/\/schoenstatt.com\/it\/wp-json\/wp\/v2\/comments?post=65461"}],"version-history":[{"count":5,"href":"https:\/\/schoenstatt.com\/it\/wp-json\/wp\/v2\/posts\/65461\/revisions"}],"predecessor-version":[{"id":65661,"href":"https:\/\/schoenstatt.com\/it\/wp-json\/wp\/v2\/posts\/65461\/revisions\/65661"}],"wp:featuredmedia":[{"embeddable":true,"href":"https:\/\/schoenstatt.com\/it\/wp-json\/wp\/v2\/media\/65595"}],"wp:attachment":[{"href":"https:\/\/schoenstatt.com\/it\/wp-json\/wp\/v2\/media?parent=65461"}],"wp:term":[{"taxonomy":"category","embeddable":true,"href":"https:\/\/schoenstatt.com\/it\/wp-json\/wp\/v2\/categories?post=65461"},{"taxonomy":"post_tag","embeddable":true,"href":"https:\/\/schoenstatt.com\/it\/wp-json\/wp\/v2\/tags?post=65461"}],"curies":[{"name":"wp","href":"https:\/\/api.w.org\/{rel}","templated":true}]}}