{"id":65262,"date":"2025-10-10T13:25:12","date_gmt":"2025-10-10T11:25:12","guid":{"rendered":"https:\/\/schoenstatt.com\/?p=65262"},"modified":"2025-10-16T21:01:22","modified_gmt":"2025-10-16T19:01:22","slug":"11-ottobre-santuario-originale-unito-al-papa-nel-rosario-per-la-pace","status":"publish","type":"post","link":"https:\/\/schoenstatt.com\/it\/11-ottobre-santuario-originale-unito-al-papa-nel-rosario-per-la-pace\/","title":{"rendered":"11 ottobre: \u200b\u200bSantuario Originale unito al Papa nel Rosario per la Pace"},"content":{"rendered":"\n<p>Durante l\u2019udienza generale dell\u2019ultimo mercoled\u00ec di settembre, il Papa ha ricordato che, tradizionalmente, la Chiesa dedica il mese di ottobre ad approfondire la preghiera del Rosario, e ha rivolto un primo invito:<strong> \u00abInvito dunque tutti, ogni giorno del prossimo mese, a recitare il Rosario per la pace, personalmente, in famiglia, in comunit\u00e0\u00bb.<\/strong><\/p>\n\n\n\n<p>Poi, al termine dell\u2019udienza generale, Leone XIV ha fatto un invito pi\u00f9 specifico:<\/p>\n\n\n\n<figure class=\"wp-block-pullquote has-medium-font-size\" style=\"border-top-color:var(--wp--preset--color--luminous-vivid-orange);border-top-style:solid;border-top-width:1px;border-bottom-color:var(--wp--preset--color--luminous-vivid-orange);border-bottom-style:solid;border-bottom-width:1px;font-style:italic;font-weight:300\"><blockquote><p>\u00abIn particolare, nel pomeriggio di sabato 11 ottobre, alle ore 18:00, lo faremo insieme qui in Piazza San Pietro, alla vigilia del Giubileo della Spiritualit\u00e0 Mariana, ricordando anche l\u2019anniversario dell\u2019apertura del Concilio Vaticano II\u00bb.<\/p><cite>Papa Leone XIV<\/cite><\/blockquote><\/figure>\n\n\n\n<p>Sicuramente alcuni membri della nostra Famiglia di Schoenstatt saranno presenti in Piazza San Pietro, recitando il Rosario insieme al Santo Padre e a tanti appartenenti a diverse spiritualit\u00e0 mariane. Un gruppo di 80 tedeschi del Movimento di Schoenstatt sar\u00e0 presente per partecipare al Giubileo della spiritualit\u00e0 mariana.<\/p>\n\n\n\n<p>L\u2019invito \u00e8 quello di rispondere alla chiamata del Papa in tutto il mondo. Dai nostri santuari, dai capitelli, dai santuari domestici; in comunit\u00e0, in famiglia o individualmente, vogliamo prenderci un momento per unirci come Chiesa e invocare Maria perch\u00e9 interceda presso suo Figlio per la pace nel mondo intero.<\/p>\n\n\n\n<p><strong>Sabato 11 settembre, dopo la Messa in spagnolo, verr\u00e0 installato uno schermo nel Santuario Originale per seguire la trasmissione del Rosario da San Pietro e pregare insieme a Papa Leone. Chi desidera unirsi pu\u00f2 collegarsi tramite webcam:<\/strong><\/p>\n\n\n\n<div class=\"wp-block-buttons is-content-justification-center is-layout-flex wp-container-core-buttons-is-layout-a89b3969 wp-block-buttons-is-layout-flex\">\n<div class=\"wp-block-button\"><a class=\"wp-block-button__link has-white-color has-text-color has-background has-link-color wp-element-button\" href=\"https:\/\/urheiligtum.de\/PT\/10-Servico\/99-Webcam.php\" style=\"background-color:#f4914a\" target=\"_blank\" rel=\"noreferrer noopener\"><strong>Webcam<\/strong><\/a><\/div>\n<\/div>\n\n\n\n<p><em>*Alle ore 18:00, ora di Roma.<\/em><\/p>\n\n\n\n<p><strong>Traduzione:<\/strong> Eugenio Minici<\/p>\n","protected":false},"excerpt":{"rendered":"<p>In questo mese dell&#8217;Alleanza, accogliamo l&#8217;invito di Papa Leone: l&#8217;11 ottobre, uno schermo nell&#8217;Originale Santuario trasmetter\u00e0 il Rosario per la Pace.<\/p>\n","protected":false},"author":3,"featured_media":65263,"comment_status":"closed","ping_status":"closed","sticky":false,"template":"","format":"standard","meta":{"footnotes":""},"categories":[900],"tags":[1079],"class_list":["post-65262","post","type-post","status-publish","format-standard","has-post-thumbnail","hentry","category-santuario-originale-it","tag-santuario-originale-it"],"yoast_head":"<!-- This site is optimized with the Yoast SEO Premium plugin v27.4 (Yoast SEO v27.4) - https:\/\/yoast.com\/product\/yoast-seo-premium-wordpress\/ -->\n<title>11 ottobre: \u200b\u200bSantuario Originale unito al Papa nel Rosario per la Pace<\/title>\n<meta name=\"description\" content=\"In questo mese dell&#039;Alleanza, accogliamo l&#039;invito di Papa Leone: l&#039;11 ottobre, uno schermo nell&#039;Originale Santuario trasmetter\u00e0 il Rosario per la Pace.\" \/>\n<meta name=\"robots\" content=\"index, follow, max-snippet:-1, max-image-preview:large, max-video-preview:-1\" \/>\n<link rel=\"canonical\" href=\"https:\/\/schoenstatt.com\/it\/11-ottobre-santuario-originale-unito-al-papa-nel-rosario-per-la-pace\/\" \/>\n<meta property=\"og:locale\" content=\"it_IT\" \/>\n<meta property=\"og:type\" content=\"article\" \/>\n<meta property=\"og:title\" content=\"11 ottobre: \u200b\u200bSantuario Originale unito al Papa nel Rosario per la Pace\" \/>\n<meta property=\"og:description\" content=\"In questo mese dell&#039;Alleanza, accogliamo l&#039;invito di Papa Leone: l&#039;11 ottobre, uno schermo nell&#039;Originale Santuario trasmetter\u00e0 il Rosario per la Pace.\" \/>\n<meta property=\"og:url\" content=\"https:\/\/schoenstatt.com\/it\/11-ottobre-santuario-originale-unito-al-papa-nel-rosario-per-la-pace\/\" \/>\n<meta property=\"og:site_name\" content=\"Schoenstatt\" \/>\n<meta property=\"article:published_time\" content=\"2025-10-10T11:25:12+00:00\" \/>\n<meta property=\"article:modified_time\" content=\"2025-10-16T19:01:22+00:00\" \/>\n<meta property=\"og:image\" content=\"https:\/\/schoenstatt.com\/wp-content\/uploads\/2024\/08\/Bundesheim-urheiligtum-schoenstatt-santuario-shrine-1.jpg\" \/>\n\t<meta property=\"og:image:width\" content=\"1600\" \/>\n\t<meta property=\"og:image:height\" content=\"1200\" \/>\n\t<meta property=\"og:image:type\" content=\"image\/jpeg\" \/>\n<meta name=\"author\" content=\"Karen Bueno\" \/>\n<meta name=\"twitter:card\" content=\"summary_large_image\" \/>\n<meta name=\"twitter:label1\" content=\"Scritto da\" \/>\n\t<meta name=\"twitter:data1\" content=\"Karen Bueno\" \/>\n\t<meta name=\"twitter:label2\" content=\"Tempo di lettura stimato\" \/>\n\t<meta name=\"twitter:data2\" content=\"2 minuti\" \/>\n<script type=\"application\/ld+json\" class=\"yoast-schema-graph\">{\"@context\":\"https:\\\/\\\/schema.org\",\"@graph\":[{\"@type\":\"Article\",\"@id\":\"https:\\\/\\\/schoenstatt.com\\\/it\\\/11-ottobre-santuario-originale-unito-al-papa-nel-rosario-per-la-pace\\\/#article\",\"isPartOf\":{\"@id\":\"https:\\\/\\\/schoenstatt.com\\\/it\\\/11-ottobre-santuario-originale-unito-al-papa-nel-rosario-per-la-pace\\\/\"},\"author\":{\"name\":\"Karen Bueno\",\"@id\":\"https:\\\/\\\/schoenstatt.com\\\/it\\\/#\\\/schema\\\/person\\\/5158877ad4acae98b34daaeef2a1ce6e\"},\"headline\":\"11 ottobre: \u200b\u200bSantuario Originale unito al Papa nel Rosario per la Pace\",\"datePublished\":\"2025-10-10T11:25:12+00:00\",\"dateModified\":\"2025-10-16T19:01:22+00:00\",\"mainEntityOfPage\":{\"@id\":\"https:\\\/\\\/schoenstatt.com\\\/it\\\/11-ottobre-santuario-originale-unito-al-papa-nel-rosario-per-la-pace\\\/\"},\"wordCount\":256,\"publisher\":{\"@id\":\"https:\\\/\\\/schoenstatt.com\\\/it\\\/#organization\"},\"image\":{\"@id\":\"https:\\\/\\\/schoenstatt.com\\\/it\\\/11-ottobre-santuario-originale-unito-al-papa-nel-rosario-per-la-pace\\\/#primaryimage\"},\"thumbnailUrl\":\"https:\\\/\\\/schoenstatt.com\\\/wp-content\\\/uploads\\\/2024\\\/08\\\/Bundesheim-urheiligtum-schoenstatt-santuario-shrine-1.jpg\",\"keywords\":[\"Santuario Originale\"],\"articleSection\":[\"Santuario Originale\"],\"inLanguage\":\"it-IT\"},{\"@type\":\"WebPage\",\"@id\":\"https:\\\/\\\/schoenstatt.com\\\/it\\\/11-ottobre-santuario-originale-unito-al-papa-nel-rosario-per-la-pace\\\/\",\"url\":\"https:\\\/\\\/schoenstatt.com\\\/it\\\/11-ottobre-santuario-originale-unito-al-papa-nel-rosario-per-la-pace\\\/\",\"name\":\"11 ottobre: \u200b\u200bSantuario Originale unito al Papa nel Rosario per la Pace\",\"isPartOf\":{\"@id\":\"https:\\\/\\\/schoenstatt.com\\\/it\\\/#website\"},\"primaryImageOfPage\":{\"@id\":\"https:\\\/\\\/schoenstatt.com\\\/it\\\/11-ottobre-santuario-originale-unito-al-papa-nel-rosario-per-la-pace\\\/#primaryimage\"},\"image\":{\"@id\":\"https:\\\/\\\/schoenstatt.com\\\/it\\\/11-ottobre-santuario-originale-unito-al-papa-nel-rosario-per-la-pace\\\/#primaryimage\"},\"thumbnailUrl\":\"https:\\\/\\\/schoenstatt.com\\\/wp-content\\\/uploads\\\/2024\\\/08\\\/Bundesheim-urheiligtum-schoenstatt-santuario-shrine-1.jpg\",\"datePublished\":\"2025-10-10T11:25:12+00:00\",\"dateModified\":\"2025-10-16T19:01:22+00:00\",\"description\":\"In questo mese dell'Alleanza, accogliamo l'invito di Papa Leone: l'11 ottobre, uno schermo nell'Originale Santuario trasmetter\u00e0 il Rosario per la Pace.\",\"breadcrumb\":{\"@id\":\"https:\\\/\\\/schoenstatt.com\\\/it\\\/11-ottobre-santuario-originale-unito-al-papa-nel-rosario-per-la-pace\\\/#breadcrumb\"},\"inLanguage\":\"it-IT\",\"potentialAction\":[{\"@type\":\"ReadAction\",\"target\":[\"https:\\\/\\\/schoenstatt.com\\\/it\\\/11-ottobre-santuario-originale-unito-al-papa-nel-rosario-per-la-pace\\\/\"]}]},{\"@type\":\"ImageObject\",\"inLanguage\":\"it-IT\",\"@id\":\"https:\\\/\\\/schoenstatt.com\\\/it\\\/11-ottobre-santuario-originale-unito-al-papa-nel-rosario-per-la-pace\\\/#primaryimage\",\"url\":\"https:\\\/\\\/schoenstatt.com\\\/wp-content\\\/uploads\\\/2024\\\/08\\\/Bundesheim-urheiligtum-schoenstatt-santuario-shrine-1.jpg\",\"contentUrl\":\"https:\\\/\\\/schoenstatt.com\\\/wp-content\\\/uploads\\\/2024\\\/08\\\/Bundesheim-urheiligtum-schoenstatt-santuario-shrine-1.jpg\",\"width\":1600,\"height\":1200},{\"@type\":\"BreadcrumbList\",\"@id\":\"https:\\\/\\\/schoenstatt.com\\\/it\\\/11-ottobre-santuario-originale-unito-al-papa-nel-rosario-per-la-pace\\\/#breadcrumb\",\"itemListElement\":[{\"@type\":\"ListItem\",\"position\":1,\"name\":\"Portada\",\"item\":\"https:\\\/\\\/schoenstatt.com\\\/it\\\/home\\\/\"},{\"@type\":\"ListItem\",\"position\":2,\"name\":\"11 ottobre: \u200b\u200bSantuario Originale unito al Papa nel Rosario per la Pace\"}]},{\"@type\":\"WebSite\",\"@id\":\"https:\\\/\\\/schoenstatt.com\\\/it\\\/#website\",\"url\":\"https:\\\/\\\/schoenstatt.com\\\/it\\\/\",\"name\":\"Schoenstatt\",\"description\":\"Apostolic Movement\",\"publisher\":{\"@id\":\"https:\\\/\\\/schoenstatt.com\\\/it\\\/#organization\"},\"potentialAction\":[{\"@type\":\"SearchAction\",\"target\":{\"@type\":\"EntryPoint\",\"urlTemplate\":\"https:\\\/\\\/schoenstatt.com\\\/it\\\/?s={search_term_string}\"},\"query-input\":{\"@type\":\"PropertyValueSpecification\",\"valueRequired\":true,\"valueName\":\"search_term_string\"}}],\"inLanguage\":\"it-IT\"},{\"@type\":\"Organization\",\"@id\":\"https:\\\/\\\/schoenstatt.com\\\/it\\\/#organization\",\"name\":\"Schoenstatt\",\"url\":\"https:\\\/\\\/schoenstatt.com\\\/it\\\/\",\"logo\":{\"@type\":\"ImageObject\",\"inLanguage\":\"it-IT\",\"@id\":\"https:\\\/\\\/schoenstatt.com\\\/it\\\/#\\\/schema\\\/logo\\\/image\\\/\",\"url\":\"https:\\\/\\\/schoenstatt.com\\\/wp-content\\\/uploads\\\/2025\\\/04\\\/logo-schoenstatt-white-696x696-1.png\",\"contentUrl\":\"https:\\\/\\\/schoenstatt.com\\\/wp-content\\\/uploads\\\/2025\\\/04\\\/logo-schoenstatt-white-696x696-1.png\",\"width\":696,\"height\":694,\"caption\":\"Schoenstatt\"},\"image\":{\"@id\":\"https:\\\/\\\/schoenstatt.com\\\/it\\\/#\\\/schema\\\/logo\\\/image\\\/\"}},{\"@type\":\"Person\",\"@id\":\"https:\\\/\\\/schoenstatt.com\\\/it\\\/#\\\/schema\\\/person\\\/5158877ad4acae98b34daaeef2a1ce6e\",\"name\":\"Karen Bueno\",\"image\":{\"@type\":\"ImageObject\",\"inLanguage\":\"it-IT\",\"@id\":\"https:\\\/\\\/secure.gravatar.com\\\/avatar\\\/f9f4b823873154269d2b2130f195f6d41037dd0d7fc5f3cacb5c846bae70d66b?s=96&d=mm&r=g\",\"url\":\"https:\\\/\\\/secure.gravatar.com\\\/avatar\\\/f9f4b823873154269d2b2130f195f6d41037dd0d7fc5f3cacb5c846bae70d66b?s=96&d=mm&r=g\",\"contentUrl\":\"https:\\\/\\\/secure.gravatar.com\\\/avatar\\\/f9f4b823873154269d2b2130f195f6d41037dd0d7fc5f3cacb5c846bae70d66b?s=96&d=mm&r=g\",\"caption\":\"Karen Bueno\"},\"url\":\"https:\\\/\\\/schoenstatt.com\\\/it\\\/author\\\/karen-bueno\\\/\"}]}<\/script>\n<!-- \/ Yoast SEO Premium plugin. -->","yoast_head_json":{"title":"11 ottobre: \u200b\u200bSantuario Originale unito al Papa nel Rosario per la Pace","description":"In questo mese dell'Alleanza, accogliamo l'invito di Papa Leone: l'11 ottobre, uno schermo nell'Originale Santuario trasmetter\u00e0 il Rosario per la Pace.","robots":{"index":"index","follow":"follow","max-snippet":"max-snippet:-1","max-image-preview":"max-image-preview:large","max-video-preview":"max-video-preview:-1"},"canonical":"https:\/\/schoenstatt.com\/it\/11-ottobre-santuario-originale-unito-al-papa-nel-rosario-per-la-pace\/","og_locale":"it_IT","og_type":"article","og_title":"11 ottobre: \u200b\u200bSantuario Originale unito al Papa nel Rosario per la Pace","og_description":"In questo mese dell'Alleanza, accogliamo l'invito di Papa Leone: l'11 ottobre, uno schermo nell'Originale Santuario trasmetter\u00e0 il Rosario per la Pace.","og_url":"https:\/\/schoenstatt.com\/it\/11-ottobre-santuario-originale-unito-al-papa-nel-rosario-per-la-pace\/","og_site_name":"Schoenstatt","article_published_time":"2025-10-10T11:25:12+00:00","article_modified_time":"2025-10-16T19:01:22+00:00","og_image":[{"width":1600,"height":1200,"url":"https:\/\/schoenstatt.com\/wp-content\/uploads\/2024\/08\/Bundesheim-urheiligtum-schoenstatt-santuario-shrine-1.jpg","type":"image\/jpeg"}],"author":"Karen Bueno","twitter_card":"summary_large_image","twitter_misc":{"Scritto da":"Karen Bueno","Tempo di lettura stimato":"2 minuti"},"schema":{"@context":"https:\/\/schema.org","@graph":[{"@type":"Article","@id":"https:\/\/schoenstatt.com\/it\/11-ottobre-santuario-originale-unito-al-papa-nel-rosario-per-la-pace\/#article","isPartOf":{"@id":"https:\/\/schoenstatt.com\/it\/11-ottobre-santuario-originale-unito-al-papa-nel-rosario-per-la-pace\/"},"author":{"name":"Karen Bueno","@id":"https:\/\/schoenstatt.com\/it\/#\/schema\/person\/5158877ad4acae98b34daaeef2a1ce6e"},"headline":"11 ottobre: \u200b\u200bSantuario Originale unito al Papa nel Rosario per la Pace","datePublished":"2025-10-10T11:25:12+00:00","dateModified":"2025-10-16T19:01:22+00:00","mainEntityOfPage":{"@id":"https:\/\/schoenstatt.com\/it\/11-ottobre-santuario-originale-unito-al-papa-nel-rosario-per-la-pace\/"},"wordCount":256,"publisher":{"@id":"https:\/\/schoenstatt.com\/it\/#organization"},"image":{"@id":"https:\/\/schoenstatt.com\/it\/11-ottobre-santuario-originale-unito-al-papa-nel-rosario-per-la-pace\/#primaryimage"},"thumbnailUrl":"https:\/\/schoenstatt.com\/wp-content\/uploads\/2024\/08\/Bundesheim-urheiligtum-schoenstatt-santuario-shrine-1.jpg","keywords":["Santuario Originale"],"articleSection":["Santuario Originale"],"inLanguage":"it-IT"},{"@type":"WebPage","@id":"https:\/\/schoenstatt.com\/it\/11-ottobre-santuario-originale-unito-al-papa-nel-rosario-per-la-pace\/","url":"https:\/\/schoenstatt.com\/it\/11-ottobre-santuario-originale-unito-al-papa-nel-rosario-per-la-pace\/","name":"11 ottobre: \u200b\u200bSantuario Originale unito al Papa nel Rosario per la Pace","isPartOf":{"@id":"https:\/\/schoenstatt.com\/it\/#website"},"primaryImageOfPage":{"@id":"https:\/\/schoenstatt.com\/it\/11-ottobre-santuario-originale-unito-al-papa-nel-rosario-per-la-pace\/#primaryimage"},"image":{"@id":"https:\/\/schoenstatt.com\/it\/11-ottobre-santuario-originale-unito-al-papa-nel-rosario-per-la-pace\/#primaryimage"},"thumbnailUrl":"https:\/\/schoenstatt.com\/wp-content\/uploads\/2024\/08\/Bundesheim-urheiligtum-schoenstatt-santuario-shrine-1.jpg","datePublished":"2025-10-10T11:25:12+00:00","dateModified":"2025-10-16T19:01:22+00:00","description":"In questo mese dell'Alleanza, accogliamo l'invito di Papa Leone: l'11 ottobre, uno schermo nell'Originale Santuario trasmetter\u00e0 il Rosario per la Pace.","breadcrumb":{"@id":"https:\/\/schoenstatt.com\/it\/11-ottobre-santuario-originale-unito-al-papa-nel-rosario-per-la-pace\/#breadcrumb"},"inLanguage":"it-IT","potentialAction":[{"@type":"ReadAction","target":["https:\/\/schoenstatt.com\/it\/11-ottobre-santuario-originale-unito-al-papa-nel-rosario-per-la-pace\/"]}]},{"@type":"ImageObject","inLanguage":"it-IT","@id":"https:\/\/schoenstatt.com\/it\/11-ottobre-santuario-originale-unito-al-papa-nel-rosario-per-la-pace\/#primaryimage","url":"https:\/\/schoenstatt.com\/wp-content\/uploads\/2024\/08\/Bundesheim-urheiligtum-schoenstatt-santuario-shrine-1.jpg","contentUrl":"https:\/\/schoenstatt.com\/wp-content\/uploads\/2024\/08\/Bundesheim-urheiligtum-schoenstatt-santuario-shrine-1.jpg","width":1600,"height":1200},{"@type":"BreadcrumbList","@id":"https:\/\/schoenstatt.com\/it\/11-ottobre-santuario-originale-unito-al-papa-nel-rosario-per-la-pace\/#breadcrumb","itemListElement":[{"@type":"ListItem","position":1,"name":"Portada","item":"https:\/\/schoenstatt.com\/it\/home\/"},{"@type":"ListItem","position":2,"name":"11 ottobre: \u200b\u200bSantuario Originale unito al Papa nel Rosario per la Pace"}]},{"@type":"WebSite","@id":"https:\/\/schoenstatt.com\/it\/#website","url":"https:\/\/schoenstatt.com\/it\/","name":"Schoenstatt","description":"Apostolic Movement","publisher":{"@id":"https:\/\/schoenstatt.com\/it\/#organization"},"potentialAction":[{"@type":"SearchAction","target":{"@type":"EntryPoint","urlTemplate":"https:\/\/schoenstatt.com\/it\/?s={search_term_string}"},"query-input":{"@type":"PropertyValueSpecification","valueRequired":true,"valueName":"search_term_string"}}],"inLanguage":"it-IT"},{"@type":"Organization","@id":"https:\/\/schoenstatt.com\/it\/#organization","name":"Schoenstatt","url":"https:\/\/schoenstatt.com\/it\/","logo":{"@type":"ImageObject","inLanguage":"it-IT","@id":"https:\/\/schoenstatt.com\/it\/#\/schema\/logo\/image\/","url":"https:\/\/schoenstatt.com\/wp-content\/uploads\/2025\/04\/logo-schoenstatt-white-696x696-1.png","contentUrl":"https:\/\/schoenstatt.com\/wp-content\/uploads\/2025\/04\/logo-schoenstatt-white-696x696-1.png","width":696,"height":694,"caption":"Schoenstatt"},"image":{"@id":"https:\/\/schoenstatt.com\/it\/#\/schema\/logo\/image\/"}},{"@type":"Person","@id":"https:\/\/schoenstatt.com\/it\/#\/schema\/person\/5158877ad4acae98b34daaeef2a1ce6e","name":"Karen Bueno","image":{"@type":"ImageObject","inLanguage":"it-IT","@id":"https:\/\/secure.gravatar.com\/avatar\/f9f4b823873154269d2b2130f195f6d41037dd0d7fc5f3cacb5c846bae70d66b?s=96&d=mm&r=g","url":"https:\/\/secure.gravatar.com\/avatar\/f9f4b823873154269d2b2130f195f6d41037dd0d7fc5f3cacb5c846bae70d66b?s=96&d=mm&r=g","contentUrl":"https:\/\/secure.gravatar.com\/avatar\/f9f4b823873154269d2b2130f195f6d41037dd0d7fc5f3cacb5c846bae70d66b?s=96&d=mm&r=g","caption":"Karen Bueno"},"url":"https:\/\/schoenstatt.com\/it\/author\/karen-bueno\/"}]}},"_links":{"self":[{"href":"https:\/\/schoenstatt.com\/it\/wp-json\/wp\/v2\/posts\/65262","targetHints":{"allow":["GET"]}}],"collection":[{"href":"https:\/\/schoenstatt.com\/it\/wp-json\/wp\/v2\/posts"}],"about":[{"href":"https:\/\/schoenstatt.com\/it\/wp-json\/wp\/v2\/types\/post"}],"author":[{"embeddable":true,"href":"https:\/\/schoenstatt.com\/it\/wp-json\/wp\/v2\/users\/3"}],"replies":[{"embeddable":true,"href":"https:\/\/schoenstatt.com\/it\/wp-json\/wp\/v2\/comments?post=65262"}],"version-history":[{"count":2,"href":"https:\/\/schoenstatt.com\/it\/wp-json\/wp\/v2\/posts\/65262\/revisions"}],"predecessor-version":[{"id":65265,"href":"https:\/\/schoenstatt.com\/it\/wp-json\/wp\/v2\/posts\/65262\/revisions\/65265"}],"wp:featuredmedia":[{"embeddable":true,"href":"https:\/\/schoenstatt.com\/it\/wp-json\/wp\/v2\/media\/65263"}],"wp:attachment":[{"href":"https:\/\/schoenstatt.com\/it\/wp-json\/wp\/v2\/media?parent=65262"}],"wp:term":[{"taxonomy":"category","embeddable":true,"href":"https:\/\/schoenstatt.com\/it\/wp-json\/wp\/v2\/categories?post=65262"},{"taxonomy":"post_tag","embeddable":true,"href":"https:\/\/schoenstatt.com\/it\/wp-json\/wp\/v2\/tags?post=65262"}],"curies":[{"name":"wp","href":"https:\/\/api.w.org\/{rel}","templated":true}]}}