{"id":64951,"date":"2025-10-09T03:03:00","date_gmt":"2025-10-09T01:03:00","guid":{"rendered":"https:\/\/schoenstatt.com\/?p=64951"},"modified":"2025-10-10T22:36:30","modified_gmt":"2025-10-10T20:36:30","slug":"inizia-la-novena-partecipa-con-noi-al-primo-giorno-di-preghiera","status":"publish","type":"post","link":"https:\/\/schoenstatt.com\/it\/inizia-la-novena-partecipa-con-noi-al-primo-giorno-di-preghiera\/","title":{"rendered":"Inizia la novena! Partecipa con noi al primo giorno di preghiera"},"content":{"rendered":"\n<p>Gioved\u00ec <strong>9 ottobre<\/strong> inizia la novena internazionale in preparazione al Giorno dell&#8217;Alleanza d&#8217;Amore, che si celebra il 18 ottobre. Tutta la Famiglia Internazionale di Schoenstatt \u00e8 invitata a unirsi in preghiera, con un solo cuore e uno stesso spirito.<\/p>\n\n\n\n<p>Quest&#8217;anno, ogni giorno della novena, conosceremo pi\u00f9 profondamente la <strong>vita di uno degli eroi di Schoenstatt<\/strong>. Il primo di questi \u00e8 il <strong>nostro Padre e Fondatore, P. Jos\u00e9 Kentenich<\/strong>. Per questo motivo, la preghiera in video sar\u00e0 trasmessa direttamente dalla <strong>Cappella del Padre, sul Monte Schoenstatt,<\/strong> luogo dove riposano le spoglie mortali di P. Kentenich.<\/p>\n\n\n\n<p><strong>Suor Therese-Marie Yank<\/strong>, originaria degli Stati Uniti, condurr\u00e0 la preghiera. Lei fa parte dell&#8217;Istituto delle Suore di Maria e la sua famiglia conserva un&#8217;eredit\u00e0 spirituale molto speciale, poich\u00e9 i suoi nonni partecipavano al gruppo di coppie che si riuniva con P. Kentenich il \u201cluned\u00ec pomeriggio\u201d a Milwaukee (USA).<\/p>\n\n\n\n<p>Accedete qui sotto e pregate con noi (in inglese):<\/p>\n\n\n\n<figure class=\"wp-block-embed aligncenter is-type-video is-provider-youtube wp-block-embed-youtube wp-embed-aspect-16-9 wp-has-aspect-ratio\"><div class=\"wp-block-embed__wrapper\">\n<iframe title=\"Novena 2025 - Covenant of Love - Day 1\" width=\"800\" height=\"450\" src=\"https:\/\/www.youtube.com\/embed\/M76pSo6tgBs?feature=oembed\" frameborder=\"0\" allow=\"accelerometer; autoplay; clipboard-write; encrypted-media; gyroscope; picture-in-picture; web-share\" referrerpolicy=\"strict-origin-when-cross-origin\" allowfullscreen><\/iframe>\n<\/div><\/figure>\n\n\n\n<div style=\"height:21px\" aria-hidden=\"true\" class=\"wp-block-spacer\"><\/div>\n\n\n\n<hr class=\"wp-block-separator has-text-color has-alpha-channel-opacity has-background\" style=\"background-color:#d75a00;color:#d75a00\"\/>\n\n\n\n<div style=\"height:45px\" aria-hidden=\"true\" class=\"wp-block-spacer\"><\/div>\n\n\n\n<p class=\"has-text-align-center\"><strong>La preghiera \u00e8 disponibile in sei lingue:<\/strong><\/p>\n\n\n\n<div style=\"height:45px\" aria-hidden=\"true\" class=\"wp-block-spacer\"><\/div>\n\n\n\n<div class=\"wp-block-columns is-layout-flex wp-container-core-columns-is-layout-28f84493 wp-block-columns-is-layout-flex\">\n<div class=\"wp-block-column is-layout-flow wp-block-column-is-layout-flow\">\n<div class=\"wp-block-buttons is-content-justification-center is-layout-flex wp-container-core-buttons-is-layout-a89b3969 wp-block-buttons-is-layout-flex\">\n<div class=\"wp-block-button\"><a class=\"wp-block-button__link has-white-color has-text-color has-background has-link-color wp-element-button\" href=\"https:\/\/schoenstatt.com\/wp-content\/uploads\/2025\/10\/IT_AA_2025.pdf\" style=\"background-color:#d75a00\" target=\"_blank\" rel=\"noreferrer noopener\"><strong>Novena in italiano<\/strong><\/a><\/div>\n\n\n\n<div class=\"wp-block-button\"><a class=\"wp-block-button__link has-white-color has-text-color has-background has-link-color wp-element-button\" href=\"https:\/\/schoenstatt.com\/wp-content\/uploads\/2025\/10\/EN_AA_2025-2.pdf\" style=\"background-color:#d75a00\" target=\"_blank\" rel=\"noreferrer noopener\"><strong>Novena in inglese<\/strong><\/a><\/div>\n<\/div>\n<\/div>\n\n\n\n<div class=\"wp-block-column is-layout-flow wp-block-column-is-layout-flow\">\n<div class=\"wp-block-buttons is-content-justification-center is-layout-flex wp-container-core-buttons-is-layout-a89b3969 wp-block-buttons-is-layout-flex\">\n<div class=\"wp-block-button\"><a class=\"wp-block-button__link has-white-color has-text-color has-background has-link-color wp-element-button\" href=\"https:\/\/schoenstatt.com\/wp-content\/uploads\/2025\/10\/ES_AA_2025-3.pdf\" style=\"background-color:#d75a00\" target=\"_blank\" rel=\"noreferrer noopener\"><strong>Novena in spagnolo<\/strong><\/a><\/div>\n\n\n\n<div class=\"wp-block-button\"><a class=\"wp-block-button__link has-white-color has-text-color has-background has-link-color wp-element-button\" href=\"https:\/\/schoenstatt.com\/wp-content\/uploads\/2025\/10\/DE_AA_2025.pdf\" style=\"background-color:#d75a00\" target=\"_blank\" rel=\"noreferrer noopener\"><strong>Novena in tedesco<\/strong><\/a><\/div>\n<\/div>\n<\/div>\n\n\n\n<div class=\"wp-block-column is-layout-flow wp-block-column-is-layout-flow\">\n<div class=\"wp-block-buttons is-content-justification-center is-layout-flex wp-container-core-buttons-is-layout-a89b3969 wp-block-buttons-is-layout-flex\">\n<div class=\"wp-block-button\"><a class=\"wp-block-button__link has-white-color has-text-color has-background has-link-color wp-element-button\" href=\"https:\/\/schoenstatt.com\/wp-content\/uploads\/2025\/10\/PT_AA_2025.pdf\" style=\"background-color:#d75a00\" target=\"_blank\" rel=\"noreferrer noopener\"><strong>Novena in portoghese<\/strong><\/a><\/div>\n\n\n\n<div class=\"wp-block-button\"><a class=\"wp-block-button__link has-white-color has-text-color has-background has-link-color wp-element-button\" href=\"https:\/\/schoenstatt.com\/wp-content\/uploads\/2025\/10\/KR_AA_2025.pdf\" style=\"background-color:#d75a00\" target=\"_blank\" rel=\"noreferrer noopener\"><strong>Novena in croato<\/strong><\/a><\/div>\n<\/div>\n<\/div>\n<\/div>\n\n\n\n<p class=\"has-text-align-center\"><\/p>\n","protected":false},"excerpt":{"rendered":"<p>Gioved\u00ec 9 ottobre inizia la novena internazionale in preparazione al Giorno dell&#8217;Alleanza d&#8217;Amore, il 18 ottobre.<\/p>\n","protected":false},"author":3,"featured_media":64736,"comment_status":"closed","ping_status":"closed","sticky":false,"template":"","format":"standard","meta":{"footnotes":""},"categories":[507],"tags":[935],"class_list":["post-64951","post","type-post","status-publish","format-standard","has-post-thumbnail","hentry","category-eventi-it","tag-18-ottobre-it"],"yoast_head":"<!-- This site is optimized with the Yoast SEO Premium plugin v27.4 (Yoast SEO v27.5) - https:\/\/yoast.com\/product\/yoast-seo-premium-wordpress\/ -->\n<title>Inizia la novena! Partecipa con noi al primo giorno di preghiera - Schoenstatt<\/title>\n<meta name=\"description\" content=\"Gioved\u00ec 9 ottobre inizia la novena internazionale in preparazione al Giorno dell&#039;Alleanza d&#039;Amore, il 18 ottobre.\" \/>\n<meta name=\"robots\" content=\"index, follow, max-snippet:-1, max-image-preview:large, max-video-preview:-1\" \/>\n<link rel=\"canonical\" href=\"https:\/\/schoenstatt.com\/it\/inizia-la-novena-partecipa-con-noi-al-primo-giorno-di-preghiera\/\" \/>\n<meta property=\"og:locale\" content=\"it_IT\" \/>\n<meta property=\"og:type\" content=\"article\" \/>\n<meta property=\"og:title\" content=\"Inizia la novena! Partecipa con noi al primo giorno di preghiera\" \/>\n<meta property=\"og:description\" content=\"Gioved\u00ec 9 ottobre inizia la novena internazionale in preparazione al Giorno dell&#039;Alleanza d&#039;Amore, il 18 ottobre.\" \/>\n<meta property=\"og:url\" content=\"https:\/\/schoenstatt.com\/it\/inizia-la-novena-partecipa-con-noi-al-primo-giorno-di-preghiera\/\" \/>\n<meta property=\"og:site_name\" content=\"Schoenstatt\" \/>\n<meta property=\"article:published_time\" content=\"2025-10-09T01:03:00+00:00\" \/>\n<meta property=\"article:modified_time\" content=\"2025-10-10T20:36:30+00:00\" \/>\n<meta property=\"og:image\" content=\"https:\/\/schoenstatt.com\/wp-content\/uploads\/2025\/10\/novena-2025.webp\" \/>\n\t<meta property=\"og:image:width\" content=\"1280\" \/>\n\t<meta property=\"og:image:height\" content=\"807\" \/>\n\t<meta property=\"og:image:type\" content=\"image\/jpeg\" \/>\n<meta name=\"author\" content=\"Karen Bueno\" \/>\n<meta name=\"twitter:card\" content=\"summary_large_image\" \/>\n<meta name=\"twitter:label1\" content=\"Scritto da\" \/>\n\t<meta name=\"twitter:data1\" content=\"Karen Bueno\" \/>\n\t<meta name=\"twitter:label2\" content=\"Tempo di lettura stimato\" \/>\n\t<meta name=\"twitter:data2\" content=\"2 minuti\" \/>\n<script type=\"application\/ld+json\" class=\"yoast-schema-graph\">{\"@context\":\"https:\\\/\\\/schema.org\",\"@graph\":[{\"@type\":\"Article\",\"@id\":\"https:\\\/\\\/schoenstatt.com\\\/it\\\/inizia-la-novena-partecipa-con-noi-al-primo-giorno-di-preghiera\\\/#article\",\"isPartOf\":{\"@id\":\"https:\\\/\\\/schoenstatt.com\\\/it\\\/inizia-la-novena-partecipa-con-noi-al-primo-giorno-di-preghiera\\\/\"},\"author\":{\"name\":\"Karen Bueno\",\"@id\":\"https:\\\/\\\/schoenstatt.com\\\/it\\\/#\\\/schema\\\/person\\\/5158877ad4acae98b34daaeef2a1ce6e\"},\"headline\":\"Inizia la novena! Partecipa con noi al primo giorno di preghiera\",\"datePublished\":\"2025-10-09T01:03:00+00:00\",\"dateModified\":\"2025-10-10T20:36:30+00:00\",\"mainEntityOfPage\":{\"@id\":\"https:\\\/\\\/schoenstatt.com\\\/it\\\/inizia-la-novena-partecipa-con-noi-al-primo-giorno-di-preghiera\\\/\"},\"wordCount\":193,\"publisher\":{\"@id\":\"https:\\\/\\\/schoenstatt.com\\\/it\\\/#organization\"},\"image\":{\"@id\":\"https:\\\/\\\/schoenstatt.com\\\/it\\\/inizia-la-novena-partecipa-con-noi-al-primo-giorno-di-preghiera\\\/#primaryimage\"},\"thumbnailUrl\":\"https:\\\/\\\/schoenstatt.com\\\/wp-content\\\/uploads\\\/2025\\\/10\\\/novena-2025.webp\",\"keywords\":[\"18 ottobre\"],\"articleSection\":[\"Eventi\"],\"inLanguage\":\"it-IT\"},{\"@type\":\"WebPage\",\"@id\":\"https:\\\/\\\/schoenstatt.com\\\/it\\\/inizia-la-novena-partecipa-con-noi-al-primo-giorno-di-preghiera\\\/\",\"url\":\"https:\\\/\\\/schoenstatt.com\\\/it\\\/inizia-la-novena-partecipa-con-noi-al-primo-giorno-di-preghiera\\\/\",\"name\":\"Inizia la novena! Partecipa con noi al primo giorno di preghiera - Schoenstatt\",\"isPartOf\":{\"@id\":\"https:\\\/\\\/schoenstatt.com\\\/it\\\/#website\"},\"primaryImageOfPage\":{\"@id\":\"https:\\\/\\\/schoenstatt.com\\\/it\\\/inizia-la-novena-partecipa-con-noi-al-primo-giorno-di-preghiera\\\/#primaryimage\"},\"image\":{\"@id\":\"https:\\\/\\\/schoenstatt.com\\\/it\\\/inizia-la-novena-partecipa-con-noi-al-primo-giorno-di-preghiera\\\/#primaryimage\"},\"thumbnailUrl\":\"https:\\\/\\\/schoenstatt.com\\\/wp-content\\\/uploads\\\/2025\\\/10\\\/novena-2025.webp\",\"datePublished\":\"2025-10-09T01:03:00+00:00\",\"dateModified\":\"2025-10-10T20:36:30+00:00\",\"description\":\"Gioved\u00ec 9 ottobre inizia la novena internazionale in preparazione al Giorno dell'Alleanza d'Amore, il 18 ottobre.\",\"breadcrumb\":{\"@id\":\"https:\\\/\\\/schoenstatt.com\\\/it\\\/inizia-la-novena-partecipa-con-noi-al-primo-giorno-di-preghiera\\\/#breadcrumb\"},\"inLanguage\":\"it-IT\",\"potentialAction\":[{\"@type\":\"ReadAction\",\"target\":[\"https:\\\/\\\/schoenstatt.com\\\/it\\\/inizia-la-novena-partecipa-con-noi-al-primo-giorno-di-preghiera\\\/\"]}]},{\"@type\":\"ImageObject\",\"inLanguage\":\"it-IT\",\"@id\":\"https:\\\/\\\/schoenstatt.com\\\/it\\\/inizia-la-novena-partecipa-con-noi-al-primo-giorno-di-preghiera\\\/#primaryimage\",\"url\":\"https:\\\/\\\/schoenstatt.com\\\/wp-content\\\/uploads\\\/2025\\\/10\\\/novena-2025.webp\",\"contentUrl\":\"https:\\\/\\\/schoenstatt.com\\\/wp-content\\\/uploads\\\/2025\\\/10\\\/novena-2025.webp\",\"width\":1280,\"height\":807},{\"@type\":\"BreadcrumbList\",\"@id\":\"https:\\\/\\\/schoenstatt.com\\\/it\\\/inizia-la-novena-partecipa-con-noi-al-primo-giorno-di-preghiera\\\/#breadcrumb\",\"itemListElement\":[{\"@type\":\"ListItem\",\"position\":1,\"name\":\"Portada\",\"item\":\"https:\\\/\\\/schoenstatt.com\\\/it\\\/home\\\/\"},{\"@type\":\"ListItem\",\"position\":2,\"name\":\"Inizia la novena! Partecipa con noi al primo giorno di preghiera\"}]},{\"@type\":\"WebSite\",\"@id\":\"https:\\\/\\\/schoenstatt.com\\\/it\\\/#website\",\"url\":\"https:\\\/\\\/schoenstatt.com\\\/it\\\/\",\"name\":\"Schoenstatt\",\"description\":\"Apostolic Movement\",\"publisher\":{\"@id\":\"https:\\\/\\\/schoenstatt.com\\\/it\\\/#organization\"},\"potentialAction\":[{\"@type\":\"SearchAction\",\"target\":{\"@type\":\"EntryPoint\",\"urlTemplate\":\"https:\\\/\\\/schoenstatt.com\\\/it\\\/?s={search_term_string}\"},\"query-input\":{\"@type\":\"PropertyValueSpecification\",\"valueRequired\":true,\"valueName\":\"search_term_string\"}}],\"inLanguage\":\"it-IT\"},{\"@type\":\"Organization\",\"@id\":\"https:\\\/\\\/schoenstatt.com\\\/it\\\/#organization\",\"name\":\"Schoenstatt\",\"url\":\"https:\\\/\\\/schoenstatt.com\\\/it\\\/\",\"logo\":{\"@type\":\"ImageObject\",\"inLanguage\":\"it-IT\",\"@id\":\"https:\\\/\\\/schoenstatt.com\\\/it\\\/#\\\/schema\\\/logo\\\/image\\\/\",\"url\":\"https:\\\/\\\/schoenstatt.com\\\/wp-content\\\/uploads\\\/2025\\\/04\\\/logo-schoenstatt-white-696x696-1.png\",\"contentUrl\":\"https:\\\/\\\/schoenstatt.com\\\/wp-content\\\/uploads\\\/2025\\\/04\\\/logo-schoenstatt-white-696x696-1.png\",\"width\":696,\"height\":694,\"caption\":\"Schoenstatt\"},\"image\":{\"@id\":\"https:\\\/\\\/schoenstatt.com\\\/it\\\/#\\\/schema\\\/logo\\\/image\\\/\"}},{\"@type\":\"Person\",\"@id\":\"https:\\\/\\\/schoenstatt.com\\\/it\\\/#\\\/schema\\\/person\\\/5158877ad4acae98b34daaeef2a1ce6e\",\"name\":\"Karen Bueno\",\"image\":{\"@type\":\"ImageObject\",\"inLanguage\":\"it-IT\",\"@id\":\"https:\\\/\\\/secure.gravatar.com\\\/avatar\\\/f9f4b823873154269d2b2130f195f6d41037dd0d7fc5f3cacb5c846bae70d66b?s=96&d=mm&r=g\",\"url\":\"https:\\\/\\\/secure.gravatar.com\\\/avatar\\\/f9f4b823873154269d2b2130f195f6d41037dd0d7fc5f3cacb5c846bae70d66b?s=96&d=mm&r=g\",\"contentUrl\":\"https:\\\/\\\/secure.gravatar.com\\\/avatar\\\/f9f4b823873154269d2b2130f195f6d41037dd0d7fc5f3cacb5c846bae70d66b?s=96&d=mm&r=g\",\"caption\":\"Karen Bueno\"},\"url\":\"https:\\\/\\\/schoenstatt.com\\\/it\\\/author\\\/karen-bueno\\\/\"}]}<\/script>\n<!-- \/ Yoast SEO Premium plugin. -->","yoast_head_json":{"title":"Inizia la novena! Partecipa con noi al primo giorno di preghiera - Schoenstatt","description":"Gioved\u00ec 9 ottobre inizia la novena internazionale in preparazione al Giorno dell'Alleanza d'Amore, il 18 ottobre.","robots":{"index":"index","follow":"follow","max-snippet":"max-snippet:-1","max-image-preview":"max-image-preview:large","max-video-preview":"max-video-preview:-1"},"canonical":"https:\/\/schoenstatt.com\/it\/inizia-la-novena-partecipa-con-noi-al-primo-giorno-di-preghiera\/","og_locale":"it_IT","og_type":"article","og_title":"Inizia la novena! Partecipa con noi al primo giorno di preghiera","og_description":"Gioved\u00ec 9 ottobre inizia la novena internazionale in preparazione al Giorno dell'Alleanza d'Amore, il 18 ottobre.","og_url":"https:\/\/schoenstatt.com\/it\/inizia-la-novena-partecipa-con-noi-al-primo-giorno-di-preghiera\/","og_site_name":"Schoenstatt","article_published_time":"2025-10-09T01:03:00+00:00","article_modified_time":"2025-10-10T20:36:30+00:00","og_image":[{"width":1280,"height":807,"url":"https:\/\/schoenstatt.com\/wp-content\/uploads\/2025\/10\/novena-2025.webp","type":"image\/jpeg"}],"author":"Karen Bueno","twitter_card":"summary_large_image","twitter_misc":{"Scritto da":"Karen Bueno","Tempo di lettura stimato":"2 minuti"},"schema":{"@context":"https:\/\/schema.org","@graph":[{"@type":"Article","@id":"https:\/\/schoenstatt.com\/it\/inizia-la-novena-partecipa-con-noi-al-primo-giorno-di-preghiera\/#article","isPartOf":{"@id":"https:\/\/schoenstatt.com\/it\/inizia-la-novena-partecipa-con-noi-al-primo-giorno-di-preghiera\/"},"author":{"name":"Karen Bueno","@id":"https:\/\/schoenstatt.com\/it\/#\/schema\/person\/5158877ad4acae98b34daaeef2a1ce6e"},"headline":"Inizia la novena! Partecipa con noi al primo giorno di preghiera","datePublished":"2025-10-09T01:03:00+00:00","dateModified":"2025-10-10T20:36:30+00:00","mainEntityOfPage":{"@id":"https:\/\/schoenstatt.com\/it\/inizia-la-novena-partecipa-con-noi-al-primo-giorno-di-preghiera\/"},"wordCount":193,"publisher":{"@id":"https:\/\/schoenstatt.com\/it\/#organization"},"image":{"@id":"https:\/\/schoenstatt.com\/it\/inizia-la-novena-partecipa-con-noi-al-primo-giorno-di-preghiera\/#primaryimage"},"thumbnailUrl":"https:\/\/schoenstatt.com\/wp-content\/uploads\/2025\/10\/novena-2025.webp","keywords":["18 ottobre"],"articleSection":["Eventi"],"inLanguage":"it-IT"},{"@type":"WebPage","@id":"https:\/\/schoenstatt.com\/it\/inizia-la-novena-partecipa-con-noi-al-primo-giorno-di-preghiera\/","url":"https:\/\/schoenstatt.com\/it\/inizia-la-novena-partecipa-con-noi-al-primo-giorno-di-preghiera\/","name":"Inizia la novena! Partecipa con noi al primo giorno di preghiera - Schoenstatt","isPartOf":{"@id":"https:\/\/schoenstatt.com\/it\/#website"},"primaryImageOfPage":{"@id":"https:\/\/schoenstatt.com\/it\/inizia-la-novena-partecipa-con-noi-al-primo-giorno-di-preghiera\/#primaryimage"},"image":{"@id":"https:\/\/schoenstatt.com\/it\/inizia-la-novena-partecipa-con-noi-al-primo-giorno-di-preghiera\/#primaryimage"},"thumbnailUrl":"https:\/\/schoenstatt.com\/wp-content\/uploads\/2025\/10\/novena-2025.webp","datePublished":"2025-10-09T01:03:00+00:00","dateModified":"2025-10-10T20:36:30+00:00","description":"Gioved\u00ec 9 ottobre inizia la novena internazionale in preparazione al Giorno dell'Alleanza d'Amore, il 18 ottobre.","breadcrumb":{"@id":"https:\/\/schoenstatt.com\/it\/inizia-la-novena-partecipa-con-noi-al-primo-giorno-di-preghiera\/#breadcrumb"},"inLanguage":"it-IT","potentialAction":[{"@type":"ReadAction","target":["https:\/\/schoenstatt.com\/it\/inizia-la-novena-partecipa-con-noi-al-primo-giorno-di-preghiera\/"]}]},{"@type":"ImageObject","inLanguage":"it-IT","@id":"https:\/\/schoenstatt.com\/it\/inizia-la-novena-partecipa-con-noi-al-primo-giorno-di-preghiera\/#primaryimage","url":"https:\/\/schoenstatt.com\/wp-content\/uploads\/2025\/10\/novena-2025.webp","contentUrl":"https:\/\/schoenstatt.com\/wp-content\/uploads\/2025\/10\/novena-2025.webp","width":1280,"height":807},{"@type":"BreadcrumbList","@id":"https:\/\/schoenstatt.com\/it\/inizia-la-novena-partecipa-con-noi-al-primo-giorno-di-preghiera\/#breadcrumb","itemListElement":[{"@type":"ListItem","position":1,"name":"Portada","item":"https:\/\/schoenstatt.com\/it\/home\/"},{"@type":"ListItem","position":2,"name":"Inizia la novena! Partecipa con noi al primo giorno di preghiera"}]},{"@type":"WebSite","@id":"https:\/\/schoenstatt.com\/it\/#website","url":"https:\/\/schoenstatt.com\/it\/","name":"Schoenstatt","description":"Apostolic Movement","publisher":{"@id":"https:\/\/schoenstatt.com\/it\/#organization"},"potentialAction":[{"@type":"SearchAction","target":{"@type":"EntryPoint","urlTemplate":"https:\/\/schoenstatt.com\/it\/?s={search_term_string}"},"query-input":{"@type":"PropertyValueSpecification","valueRequired":true,"valueName":"search_term_string"}}],"inLanguage":"it-IT"},{"@type":"Organization","@id":"https:\/\/schoenstatt.com\/it\/#organization","name":"Schoenstatt","url":"https:\/\/schoenstatt.com\/it\/","logo":{"@type":"ImageObject","inLanguage":"it-IT","@id":"https:\/\/schoenstatt.com\/it\/#\/schema\/logo\/image\/","url":"https:\/\/schoenstatt.com\/wp-content\/uploads\/2025\/04\/logo-schoenstatt-white-696x696-1.png","contentUrl":"https:\/\/schoenstatt.com\/wp-content\/uploads\/2025\/04\/logo-schoenstatt-white-696x696-1.png","width":696,"height":694,"caption":"Schoenstatt"},"image":{"@id":"https:\/\/schoenstatt.com\/it\/#\/schema\/logo\/image\/"}},{"@type":"Person","@id":"https:\/\/schoenstatt.com\/it\/#\/schema\/person\/5158877ad4acae98b34daaeef2a1ce6e","name":"Karen Bueno","image":{"@type":"ImageObject","inLanguage":"it-IT","@id":"https:\/\/secure.gravatar.com\/avatar\/f9f4b823873154269d2b2130f195f6d41037dd0d7fc5f3cacb5c846bae70d66b?s=96&d=mm&r=g","url":"https:\/\/secure.gravatar.com\/avatar\/f9f4b823873154269d2b2130f195f6d41037dd0d7fc5f3cacb5c846bae70d66b?s=96&d=mm&r=g","contentUrl":"https:\/\/secure.gravatar.com\/avatar\/f9f4b823873154269d2b2130f195f6d41037dd0d7fc5f3cacb5c846bae70d66b?s=96&d=mm&r=g","caption":"Karen Bueno"},"url":"https:\/\/schoenstatt.com\/it\/author\/karen-bueno\/"}]}},"_links":{"self":[{"href":"https:\/\/schoenstatt.com\/it\/wp-json\/wp\/v2\/posts\/64951","targetHints":{"allow":["GET"]}}],"collection":[{"href":"https:\/\/schoenstatt.com\/it\/wp-json\/wp\/v2\/posts"}],"about":[{"href":"https:\/\/schoenstatt.com\/it\/wp-json\/wp\/v2\/types\/post"}],"author":[{"embeddable":true,"href":"https:\/\/schoenstatt.com\/it\/wp-json\/wp\/v2\/users\/3"}],"replies":[{"embeddable":true,"href":"https:\/\/schoenstatt.com\/it\/wp-json\/wp\/v2\/comments?post=64951"}],"version-history":[{"count":4,"href":"https:\/\/schoenstatt.com\/it\/wp-json\/wp\/v2\/posts\/64951\/revisions"}],"predecessor-version":[{"id":65058,"href":"https:\/\/schoenstatt.com\/it\/wp-json\/wp\/v2\/posts\/64951\/revisions\/65058"}],"wp:featuredmedia":[{"embeddable":true,"href":"https:\/\/schoenstatt.com\/it\/wp-json\/wp\/v2\/media\/64736"}],"wp:attachment":[{"href":"https:\/\/schoenstatt.com\/it\/wp-json\/wp\/v2\/media?parent=64951"}],"wp:term":[{"taxonomy":"category","embeddable":true,"href":"https:\/\/schoenstatt.com\/it\/wp-json\/wp\/v2\/categories?post=64951"},{"taxonomy":"post_tag","embeddable":true,"href":"https:\/\/schoenstatt.com\/it\/wp-json\/wp\/v2\/tags?post=64951"}],"curies":[{"name":"wp","href":"https:\/\/api.w.org\/{rel}","templated":true}]}}