{"id":60280,"date":"2025-07-01T13:51:24","date_gmt":"2025-07-01T11:51:24","guid":{"rendered":"https:\/\/schoenstatt.com\/?p=60280"},"modified":"2025-07-01T15:03:42","modified_gmt":"2025-07-01T13:03:42","slug":"nuova-missione-pastorale-inizia-nella-parrocchia-dei-padri-di-schoenstatt-a-roma","status":"publish","type":"post","link":"https:\/\/schoenstatt.com\/it\/nuova-missione-pastorale-inizia-nella-parrocchia-dei-padri-di-schoenstatt-a-roma\/","title":{"rendered":"Nuova missione pastorale inizia nella Parrocchia dei Padri di Schoenstatt a Roma"},"content":{"rendered":"\n<p>Domenica 29 giugno 2025, Padre Pablo David Martinez Esp\u00ecnola, appartenente all\u2019<a href=\"https:\/\/schoenstatt.com\/it\/nella-comunita\/sacerdoti\/padri-di-schoenstatt\/\">istituto dei Padri di Schoenstatt<\/a>, \u00e8 stato nominato parroco della parrocchia dei Santi Francesco e Caterina Patroni d\u2019Italia, in sostituzione di padre Andr\u00e9s Rodr\u00edguez che, terminata la sua missione romana, rientrer\u00e0 in Argentina (Cordoba). La celebrazione \u00e8 stata presieduta dal Cardinale Baldassarre Reina (Vicario generale di Sua Santit\u00e0 per la Diocesi di Roma) e concelebrata dai sacerdoti della parrocchia e dai padri di Schoenstatt intervenuti per l\u2019occasione.<\/p>\n\n\n\n<h3 class=\"wp-block-heading\" id=\"h-le-parole-di-benvenuto-al-nuovo-parroco\">Le parole di benvenuto al nuovo parroco<\/h3>\n\n\n\n<p>All\u2019inizio della messa il nuovo Parroco \u00e8 stato presentato dal dott. Giovanni Volpe, giovane componente del Consiglio pastorale, che ha terminato il suo intervento con le seguenti parole: <em>\u201cA te, Padre Pablo, va ora il nostro incoraggiamento a proseguire la conoscenza di questa grande parrocchia, fatta di case a cui bussare, fedeli da conoscere, malati che cercano conforto, giovani che aspettano testimoni credibili e sinceri, persone che hanno bisogno di scoprire e riscoprire la fede. Noi parrocchiani ti assicuriamo la nostra preghiera, il nostro affetto e il nostro aiuto\u201d.<\/em><\/p>\n\n\n\n<figure class=\"wp-block-gallery has-nested-images columns-default is-cropped wp-block-gallery-1 is-layout-flex wp-block-gallery-is-layout-flex\">\n<figure class=\"wp-block-image size-large\"><img decoding=\"async\" data-id=\"60233\" src=\"https:\/\/schoenstatt.com\/wp-content\/uploads\/2025\/07\/parish-of-the-Schoenstatt-Fathers-in-Rome-4.jpg\" alt=\"\" class=\"wp-image-60233\"\/><\/figure>\n\n\n\n<figure class=\"wp-block-image size-large\"><img decoding=\"async\" data-id=\"60235\" src=\"https:\/\/schoenstatt.com\/wp-content\/uploads\/2025\/07\/parish-of-the-Schoenstatt-Fathers-in-Rome-5.jpg\" alt=\"\" class=\"wp-image-60235\"\/><\/figure>\n<\/figure>\n\n\n\n<p>L\u2019omelia del cardinal si \u00e8 incentrata sui compiti essenziali del parroco e sull\u2019invito al nuovo parroco e ai parrocchiani a conoscersi reciprocamente con pazienza per proseguire il cammino gi\u00e0 intrapreso con il precedente parroco. Nel corso della predica ha ritenuto di sottolineare che <em>\u201cl&#8217;attivit\u00e0, il cuore della parrocchia \u00e8 esattamente questa domanda: qual \u00e8 il peso che ha Ges\u00f9 nella tua vita? Cosa sei disposto ad accogliere da Lui e cosa sei disposto a dare a Lui? Visto che oggi siamo nella festa di San Paolo, Paolo a un certo punto in una delle sue lettere scrive non sono io che vivo, ma Cristo vive in me\u201d.<\/em><\/p>\n\n\n\n<p>Al termine della celebrazione, ha preso la parola padre Pablo per ringraziare e salutare i fedeli che hanno partecipato alla messa di insediamento. Il discorso \u00e8 stato interrotto pi\u00f9 volte da numerosi applausi. Padre Pablo ha concluso affidandosi alla protezione e all&#8217;intercessione di Maria, nella sua nuova missione come Parroco, ribadendo che non sarebbe qui se non fosse per Maria. Ha concluso:<em> \u201c\u00c8 lei che mi conduce a Ges\u00f9. \u00c8 lei che mi ha fatto conoscere il bellissimo carisma di Ges\u00f9 e continuer\u00e0 a essere mia madre ed educatrice. Ancora una volta grazie a tutti per essere qui oggi. Insieme a tutti voi inizio questa nuova missione a compimento la sua opera. Amen\u201d.<\/em> Commovente \u00e8 stato anche il gesto di padre Pablo di recarsi, al termine del suo discorso, presso la statua della Madonna e l\u00ec recitare la preghiera di Schoenstatt di consacrazione a Maria.<\/p>\n\n\n\n<figure class=\"wp-block-gallery has-nested-images columns-default is-cropped wp-block-gallery-2 is-layout-flex wp-block-gallery-is-layout-flex\">\n<figure class=\"wp-block-image size-large\"><img fetchpriority=\"high\" decoding=\"async\" width=\"450\" height=\"800\" data-id=\"60249\" src=\"https:\/\/schoenstatt.com\/wp-content\/uploads\/2025\/07\/parish-of-the-Schoenstatt-Fathers-in-Rome-2.jpg\" alt=\"\" class=\"wp-image-60249\"\/><\/figure>\n\n\n\n<figure class=\"wp-block-image size-large\"><img decoding=\"async\" data-id=\"60244\" src=\"https:\/\/schoenstatt.com\/wp-content\/uploads\/2025\/07\/parish-of-the-Schoenstatt-Fathers-in-Rome-3.jpg\" alt=\"\" class=\"wp-image-60244\"\/><\/figure>\n<\/figure>\n\n\n\n<h3 class=\"wp-block-heading\" id=\"h-padre-pablo-martinez-guida-e-speranza-per-la-comunita\">Padre Pablo Mart\u00ednez, guida e speranza per la comunit\u00e0<\/h3>\n\n\n\n<p>Padre Pablo Mart\u00ednez, nato nel 1985 in Assuncion (Paraguay), \u00e8 il pi\u00f9 giovane di cinque fratelli. \u00c8 stato ordinato sacerdote il 24 giugno 2018. \u00c8 stato vicario parrocchiale e assistente della Giovent\u00f9 Maschile di Schoenstatt in Argentina. \u00c8 arrivato a Roma nel 2024 e il 1\u00b0 giugno \u00e8 stato nominato viceparroco, cio\u00e8 vicario parrocchiale (decreto n. 796\/2024), della Parrocchia dei Santi Patroni, dove attualmente esercita il suo ministero.<\/p>\n\n\n\n<p>Di seguito risponde ad alcune domande:<\/p>\n\n\n\n<blockquote class=\"wp-block-quote is-layout-flow wp-block-quote-is-layout-flow\">\n<p><strong>Come ha vissuto la notizia della sua nomina a parroco?<\/strong><\/p>\n\n\n\n<p><em>L\u2019ho vissuta inizialmente come qualcosa di molto precoce, sinceramente mi aspettavo di rimanere ancora un po\u2019 di tempo come viceparroco per imparare di pi\u00f9. Ma dopo la sorpresa, l\u2019ho accolta come un bel compito che Dio mi affida e che mi sfida a crescere molto di pi\u00f9 come sacerdote, a crescere nel servizio e nella dedizione. Inoltre, con il passare dei mesi, mi sono anche entusiasmato per la comunit\u00e0 parrocchiale: gente molto disponibile e pronta ad accompagnare anche questo nuovo cammino.<\/em><\/p>\n\n\n\n<p><strong>Ci racconta un momento significativo della sua vita sacerdotale fino ad oggi?<\/strong><\/p>\n\n\n\n<p><em>\u00c8 un breve periodo di alcuni mesi, quando ero gi\u00e0 qui a Roma: ho accompagnato un signore molto malato, ho potuto ascoltarlo ed essere testimone della sua vita di fede. Era un artista e dipingeva molto bene. L\u2019ascolto, la preghiera insieme e poi la celebrazione della sua messa funebre mi hanno mostrato ancora una volta il grande dono che Dio mi fa come sacerdote: essere testimone della vita degli altri, poter camminare accanto a loro condividendo la vita e il cammino di fede.<\/em><\/p>\n\n\n\n<p><strong>C\u2019\u00e8 un santo o una figura spirituale a cui si ispira particolarmente?<\/strong><\/p>\n\n\n\n<p><em>Pu\u00f2 sembrare che lo dica solo perch\u00e9 appartengo alla parrocchia di San Francesco e Santa Caterina, ma quando sono arrivato a Roma ho trovato il libro \u201cNostro Fratello di Assisi\u201d di Ignacio Larra\u00f1aga e sono rimasto affascinato dal cammino spirituale di Francesco. Un santo che in questo tempo mi segna profondamente e mi sfida anche nel mio essere parroco.<\/em><\/p>\n<\/blockquote>\n\n\n\n<figure class=\"wp-block-image size-full\"><img decoding=\"async\" src=\"https:\/\/schoenstatt.com\/wp-content\/uploads\/2025\/07\/Fr-Pablo-Family.jpg\" alt=\"\" class=\"wp-image-60260\"\/><figcaption class=\"wp-element-caption\">Familiari di Padre Pablo Martinez<\/figcaption><\/figure>\n\n\n\n<h3 class=\"wp-block-heading\" id=\"h-la-parrocchia-sara-teatro-di-un-evento-internazionale\">La parrocchia sar\u00e0 teatro di un evento internazionale<\/h3>\n\n\n\n<p>Dal 28 luglio al 3 agosto 2025, si svolger\u00e0 a Roma il Giubileo dei Giovani che \u00e8 un evento speciale all&#8217;interno del Giubileo universale della Chiesa cattolica dedicato interamente ai giovani e rappresenta un\u2019occasione unica di incontro di fede e di condivisione tra giovani provenienti da varie parti del mondo<\/p>\n\n\n\n<p>In vista di tale evento, si svolger\u00e0 il progetto \u201cInvio missionario a Trastevere\u201d (Trastevere \u00e8 il quartiere di Roma dove si trova la parrocchia). Il progetto avr\u00e0 proprio nella parrocchia dei Santi Patroni il suo centro di spiritualit\u00e0 finalizzato ad unire il messaggio di San Francesco, di Santa Caterina con quello di Schoenstatt. Per tale evento si prevede di addobbare la facciata della Parrocchia con grandi cartelloni di richiamo dell\u2019evento e con una grande immagine della Madonna di Schoenstatt.<\/p>\n\n\n\n<p>Il Centro di spiritualit\u00e0 che verr\u00e0 creato nella parrocchia dei Santi Patroni intende offrire ai giovani di Roma un luogo per diffondere il carisma del Movimento di Schoenstatt. Verranno offerte diverse attivit\u00e0, ma soprattutto verr\u00e0 condivisa un&#8217;esperienza spirituale, suscitata dalle parole di Papa Francesco (nel suo messaggio per la benedizione del santuario di Monterrey) sulla &#8220;santuarizzazione&#8221; del Cuore. Il Santuario e il Cuore saranno i due pilastri attorno ai quali verr\u00e0 sviluppata la proposta. Sar\u00e0 aperta a tutti i pellegrini di Roma e pensata specificamente per i giovani del Movimento di Schoenstatt.<\/p>\n\n\n\n<p>Il progetto \u201cInvio missionario a Trastevere\u201d offre cos\u00ec al nuovo parroco l\u2019occasione di sperimentare la sinergia, accennata sopra, fra spirito missionario del Movimento di Schoenstatt e pastorale della Parrocchia affinch\u00e9 il kerigma (annuncio della buona novella), declinato nella spiritualit\u00e0 del Movimento, possa raggiungere e arricchire quante pi\u00f9 persone possibile.<\/p>\n","protected":false},"excerpt":{"rendered":"<p>Padre Pablo Martinez \u00e8 il nuovo parroco della Parrocchia dei Santi Francesco e Caterina, amministrata dai Padri di Schoenstatt a Roma.<\/p>\n","protected":false},"author":3,"featured_media":60256,"comment_status":"closed","ping_status":"closed","sticky":false,"template":"","format":"standard","meta":{"footnotes":""},"categories":[358],"tags":[],"class_list":["post-60280","post","type-post","status-publish","format-standard","has-post-thumbnail","hentry","category-comunita-di-schoenstatt-it"],"yoast_head":"<!-- This site is optimized with the Yoast SEO Premium plugin v27.4 (Yoast SEO v27.5) - https:\/\/yoast.com\/product\/yoast-seo-premium-wordpress\/ -->\n<title>Nuova missione pastorale inizia nella Parrocchia dei Padri di Schoenstatt a Roma<\/title>\n<meta name=\"description\" content=\"Padre Pablo Martinez \u00e8 il nuovo parroco della Parrocchia dei Santi Francesco e Caterina, amministrata dai Padri di Schoenstatt a Roma.\" \/>\n<meta name=\"robots\" content=\"index, follow, max-snippet:-1, max-image-preview:large, max-video-preview:-1\" \/>\n<link rel=\"canonical\" href=\"https:\/\/schoenstatt.com\/it\/nuova-missione-pastorale-inizia-nella-parrocchia-dei-padri-di-schoenstatt-a-roma\/\" \/>\n<meta property=\"og:locale\" content=\"it_IT\" \/>\n<meta property=\"og:type\" content=\"article\" \/>\n<meta property=\"og:title\" content=\"Nuova missione pastorale inizia nella Parrocchia dei Padri di Schoenstatt a Roma\" \/>\n<meta property=\"og:description\" content=\"Padre Pablo Martinez \u00e8 il nuovo parroco della Parrocchia dei Santi Francesco e Caterina, amministrata dai Padri di Schoenstatt a Roma.\" \/>\n<meta property=\"og:url\" content=\"https:\/\/schoenstatt.com\/it\/nuova-missione-pastorale-inizia-nella-parrocchia-dei-padri-di-schoenstatt-a-roma\/\" \/>\n<meta property=\"og:site_name\" content=\"Schoenstatt\" \/>\n<meta property=\"article:published_time\" content=\"2025-07-01T11:51:24+00:00\" \/>\n<meta property=\"article:modified_time\" content=\"2025-07-01T13:03:42+00:00\" \/>\n<meta property=\"og:image\" content=\"https:\/\/schoenstatt.com\/wp-content\/uploads\/2025\/07\/parish-of-the-Schoenstatt-Fathers-in-Rome.webp\" \/>\n\t<meta property=\"og:image:width\" content=\"2048\" \/>\n\t<meta property=\"og:image:height\" content=\"1153\" \/>\n\t<meta property=\"og:image:type\" content=\"image\/jpeg\" \/>\n<meta name=\"author\" content=\"Karen Bueno\" \/>\n<meta name=\"twitter:card\" content=\"summary_large_image\" \/>\n<meta name=\"twitter:label1\" content=\"Scritto da\" \/>\n\t<meta name=\"twitter:data1\" content=\"Karen Bueno\" \/>\n\t<meta name=\"twitter:label2\" content=\"Tempo di lettura stimato\" \/>\n\t<meta name=\"twitter:data2\" content=\"1 minuto\" \/>\n<script type=\"application\/ld+json\" class=\"yoast-schema-graph\">{\"@context\":\"https:\\\/\\\/schema.org\",\"@graph\":[{\"@type\":\"Article\",\"@id\":\"https:\\\/\\\/schoenstatt.com\\\/it\\\/nuova-missione-pastorale-inizia-nella-parrocchia-dei-padri-di-schoenstatt-a-roma\\\/#article\",\"isPartOf\":{\"@id\":\"https:\\\/\\\/schoenstatt.com\\\/it\\\/nuova-missione-pastorale-inizia-nella-parrocchia-dei-padri-di-schoenstatt-a-roma\\\/\"},\"author\":{\"name\":\"Karen Bueno\",\"@id\":\"https:\\\/\\\/schoenstatt.com\\\/it\\\/#\\\/schema\\\/person\\\/5158877ad4acae98b34daaeef2a1ce6e\"},\"headline\":\"Nuova missione pastorale inizia nella Parrocchia dei Padri di Schoenstatt a Roma\",\"datePublished\":\"2025-07-01T11:51:24+00:00\",\"dateModified\":\"2025-07-01T13:03:42+00:00\",\"mainEntityOfPage\":{\"@id\":\"https:\\\/\\\/schoenstatt.com\\\/it\\\/nuova-missione-pastorale-inizia-nella-parrocchia-dei-padri-di-schoenstatt-a-roma\\\/\"},\"wordCount\":1053,\"publisher\":{\"@id\":\"https:\\\/\\\/schoenstatt.com\\\/it\\\/#organization\"},\"image\":{\"@id\":\"https:\\\/\\\/schoenstatt.com\\\/it\\\/nuova-missione-pastorale-inizia-nella-parrocchia-dei-padri-di-schoenstatt-a-roma\\\/#primaryimage\"},\"thumbnailUrl\":\"https:\\\/\\\/schoenstatt.com\\\/wp-content\\\/uploads\\\/2025\\\/07\\\/parish-of-the-Schoenstatt-Fathers-in-Rome.webp\",\"articleSection\":[\"Comunit\u00e0 di Schoenstatt\"],\"inLanguage\":\"it-IT\"},{\"@type\":\"WebPage\",\"@id\":\"https:\\\/\\\/schoenstatt.com\\\/it\\\/nuova-missione-pastorale-inizia-nella-parrocchia-dei-padri-di-schoenstatt-a-roma\\\/\",\"url\":\"https:\\\/\\\/schoenstatt.com\\\/it\\\/nuova-missione-pastorale-inizia-nella-parrocchia-dei-padri-di-schoenstatt-a-roma\\\/\",\"name\":\"Nuova missione pastorale inizia nella Parrocchia dei Padri di Schoenstatt a Roma\",\"isPartOf\":{\"@id\":\"https:\\\/\\\/schoenstatt.com\\\/it\\\/#website\"},\"primaryImageOfPage\":{\"@id\":\"https:\\\/\\\/schoenstatt.com\\\/it\\\/nuova-missione-pastorale-inizia-nella-parrocchia-dei-padri-di-schoenstatt-a-roma\\\/#primaryimage\"},\"image\":{\"@id\":\"https:\\\/\\\/schoenstatt.com\\\/it\\\/nuova-missione-pastorale-inizia-nella-parrocchia-dei-padri-di-schoenstatt-a-roma\\\/#primaryimage\"},\"thumbnailUrl\":\"https:\\\/\\\/schoenstatt.com\\\/wp-content\\\/uploads\\\/2025\\\/07\\\/parish-of-the-Schoenstatt-Fathers-in-Rome.webp\",\"datePublished\":\"2025-07-01T11:51:24+00:00\",\"dateModified\":\"2025-07-01T13:03:42+00:00\",\"description\":\"Padre Pablo Martinez \u00e8 il nuovo parroco della Parrocchia dei Santi Francesco e Caterina, amministrata dai Padri di Schoenstatt a Roma.\",\"breadcrumb\":{\"@id\":\"https:\\\/\\\/schoenstatt.com\\\/it\\\/nuova-missione-pastorale-inizia-nella-parrocchia-dei-padri-di-schoenstatt-a-roma\\\/#breadcrumb\"},\"inLanguage\":\"it-IT\",\"potentialAction\":[{\"@type\":\"ReadAction\",\"target\":[\"https:\\\/\\\/schoenstatt.com\\\/it\\\/nuova-missione-pastorale-inizia-nella-parrocchia-dei-padri-di-schoenstatt-a-roma\\\/\"]}]},{\"@type\":\"ImageObject\",\"inLanguage\":\"it-IT\",\"@id\":\"https:\\\/\\\/schoenstatt.com\\\/it\\\/nuova-missione-pastorale-inizia-nella-parrocchia-dei-padri-di-schoenstatt-a-roma\\\/#primaryimage\",\"url\":\"https:\\\/\\\/schoenstatt.com\\\/wp-content\\\/uploads\\\/2025\\\/07\\\/parish-of-the-Schoenstatt-Fathers-in-Rome.webp\",\"contentUrl\":\"https:\\\/\\\/schoenstatt.com\\\/wp-content\\\/uploads\\\/2025\\\/07\\\/parish-of-the-Schoenstatt-Fathers-in-Rome.webp\",\"width\":2048,\"height\":1153},{\"@type\":\"BreadcrumbList\",\"@id\":\"https:\\\/\\\/schoenstatt.com\\\/it\\\/nuova-missione-pastorale-inizia-nella-parrocchia-dei-padri-di-schoenstatt-a-roma\\\/#breadcrumb\",\"itemListElement\":[{\"@type\":\"ListItem\",\"position\":1,\"name\":\"Portada\",\"item\":\"https:\\\/\\\/schoenstatt.com\\\/it\\\/home\\\/\"},{\"@type\":\"ListItem\",\"position\":2,\"name\":\"Nuova missione pastorale inizia nella Parrocchia dei Padri di Schoenstatt a Roma\"}]},{\"@type\":\"WebSite\",\"@id\":\"https:\\\/\\\/schoenstatt.com\\\/it\\\/#website\",\"url\":\"https:\\\/\\\/schoenstatt.com\\\/it\\\/\",\"name\":\"Schoenstatt\",\"description\":\"Apostolic Movement\",\"publisher\":{\"@id\":\"https:\\\/\\\/schoenstatt.com\\\/it\\\/#organization\"},\"potentialAction\":[{\"@type\":\"SearchAction\",\"target\":{\"@type\":\"EntryPoint\",\"urlTemplate\":\"https:\\\/\\\/schoenstatt.com\\\/it\\\/?s={search_term_string}\"},\"query-input\":{\"@type\":\"PropertyValueSpecification\",\"valueRequired\":true,\"valueName\":\"search_term_string\"}}],\"inLanguage\":\"it-IT\"},{\"@type\":\"Organization\",\"@id\":\"https:\\\/\\\/schoenstatt.com\\\/it\\\/#organization\",\"name\":\"Schoenstatt\",\"url\":\"https:\\\/\\\/schoenstatt.com\\\/it\\\/\",\"logo\":{\"@type\":\"ImageObject\",\"inLanguage\":\"it-IT\",\"@id\":\"https:\\\/\\\/schoenstatt.com\\\/it\\\/#\\\/schema\\\/logo\\\/image\\\/\",\"url\":\"https:\\\/\\\/schoenstatt.com\\\/wp-content\\\/uploads\\\/2025\\\/04\\\/logo-schoenstatt-white-696x696-1.png\",\"contentUrl\":\"https:\\\/\\\/schoenstatt.com\\\/wp-content\\\/uploads\\\/2025\\\/04\\\/logo-schoenstatt-white-696x696-1.png\",\"width\":696,\"height\":694,\"caption\":\"Schoenstatt\"},\"image\":{\"@id\":\"https:\\\/\\\/schoenstatt.com\\\/it\\\/#\\\/schema\\\/logo\\\/image\\\/\"}},{\"@type\":\"Person\",\"@id\":\"https:\\\/\\\/schoenstatt.com\\\/it\\\/#\\\/schema\\\/person\\\/5158877ad4acae98b34daaeef2a1ce6e\",\"name\":\"Karen Bueno\",\"image\":{\"@type\":\"ImageObject\",\"inLanguage\":\"it-IT\",\"@id\":\"https:\\\/\\\/secure.gravatar.com\\\/avatar\\\/f9f4b823873154269d2b2130f195f6d41037dd0d7fc5f3cacb5c846bae70d66b?s=96&d=mm&r=g\",\"url\":\"https:\\\/\\\/secure.gravatar.com\\\/avatar\\\/f9f4b823873154269d2b2130f195f6d41037dd0d7fc5f3cacb5c846bae70d66b?s=96&d=mm&r=g\",\"contentUrl\":\"https:\\\/\\\/secure.gravatar.com\\\/avatar\\\/f9f4b823873154269d2b2130f195f6d41037dd0d7fc5f3cacb5c846bae70d66b?s=96&d=mm&r=g\",\"caption\":\"Karen Bueno\"},\"url\":\"https:\\\/\\\/schoenstatt.com\\\/it\\\/author\\\/karen-bueno\\\/\"}]}<\/script>\n<!-- \/ Yoast SEO Premium plugin. -->","yoast_head_json":{"title":"Nuova missione pastorale inizia nella Parrocchia dei Padri di Schoenstatt a Roma","description":"Padre Pablo Martinez \u00e8 il nuovo parroco della Parrocchia dei Santi Francesco e Caterina, amministrata dai Padri di Schoenstatt a Roma.","robots":{"index":"index","follow":"follow","max-snippet":"max-snippet:-1","max-image-preview":"max-image-preview:large","max-video-preview":"max-video-preview:-1"},"canonical":"https:\/\/schoenstatt.com\/it\/nuova-missione-pastorale-inizia-nella-parrocchia-dei-padri-di-schoenstatt-a-roma\/","og_locale":"it_IT","og_type":"article","og_title":"Nuova missione pastorale inizia nella Parrocchia dei Padri di Schoenstatt a Roma","og_description":"Padre Pablo Martinez \u00e8 il nuovo parroco della Parrocchia dei Santi Francesco e Caterina, amministrata dai Padri di Schoenstatt a Roma.","og_url":"https:\/\/schoenstatt.com\/it\/nuova-missione-pastorale-inizia-nella-parrocchia-dei-padri-di-schoenstatt-a-roma\/","og_site_name":"Schoenstatt","article_published_time":"2025-07-01T11:51:24+00:00","article_modified_time":"2025-07-01T13:03:42+00:00","og_image":[{"width":2048,"height":1153,"url":"https:\/\/schoenstatt.com\/wp-content\/uploads\/2025\/07\/parish-of-the-Schoenstatt-Fathers-in-Rome.webp","type":"image\/jpeg"}],"author":"Karen Bueno","twitter_card":"summary_large_image","twitter_misc":{"Scritto da":"Karen Bueno","Tempo di lettura stimato":"1 minuto"},"schema":{"@context":"https:\/\/schema.org","@graph":[{"@type":"Article","@id":"https:\/\/schoenstatt.com\/it\/nuova-missione-pastorale-inizia-nella-parrocchia-dei-padri-di-schoenstatt-a-roma\/#article","isPartOf":{"@id":"https:\/\/schoenstatt.com\/it\/nuova-missione-pastorale-inizia-nella-parrocchia-dei-padri-di-schoenstatt-a-roma\/"},"author":{"name":"Karen Bueno","@id":"https:\/\/schoenstatt.com\/it\/#\/schema\/person\/5158877ad4acae98b34daaeef2a1ce6e"},"headline":"Nuova missione pastorale inizia nella Parrocchia dei Padri di Schoenstatt a Roma","datePublished":"2025-07-01T11:51:24+00:00","dateModified":"2025-07-01T13:03:42+00:00","mainEntityOfPage":{"@id":"https:\/\/schoenstatt.com\/it\/nuova-missione-pastorale-inizia-nella-parrocchia-dei-padri-di-schoenstatt-a-roma\/"},"wordCount":1053,"publisher":{"@id":"https:\/\/schoenstatt.com\/it\/#organization"},"image":{"@id":"https:\/\/schoenstatt.com\/it\/nuova-missione-pastorale-inizia-nella-parrocchia-dei-padri-di-schoenstatt-a-roma\/#primaryimage"},"thumbnailUrl":"https:\/\/schoenstatt.com\/wp-content\/uploads\/2025\/07\/parish-of-the-Schoenstatt-Fathers-in-Rome.webp","articleSection":["Comunit\u00e0 di Schoenstatt"],"inLanguage":"it-IT"},{"@type":"WebPage","@id":"https:\/\/schoenstatt.com\/it\/nuova-missione-pastorale-inizia-nella-parrocchia-dei-padri-di-schoenstatt-a-roma\/","url":"https:\/\/schoenstatt.com\/it\/nuova-missione-pastorale-inizia-nella-parrocchia-dei-padri-di-schoenstatt-a-roma\/","name":"Nuova missione pastorale inizia nella Parrocchia dei Padri di Schoenstatt a Roma","isPartOf":{"@id":"https:\/\/schoenstatt.com\/it\/#website"},"primaryImageOfPage":{"@id":"https:\/\/schoenstatt.com\/it\/nuova-missione-pastorale-inizia-nella-parrocchia-dei-padri-di-schoenstatt-a-roma\/#primaryimage"},"image":{"@id":"https:\/\/schoenstatt.com\/it\/nuova-missione-pastorale-inizia-nella-parrocchia-dei-padri-di-schoenstatt-a-roma\/#primaryimage"},"thumbnailUrl":"https:\/\/schoenstatt.com\/wp-content\/uploads\/2025\/07\/parish-of-the-Schoenstatt-Fathers-in-Rome.webp","datePublished":"2025-07-01T11:51:24+00:00","dateModified":"2025-07-01T13:03:42+00:00","description":"Padre Pablo Martinez \u00e8 il nuovo parroco della Parrocchia dei Santi Francesco e Caterina, amministrata dai Padri di Schoenstatt a Roma.","breadcrumb":{"@id":"https:\/\/schoenstatt.com\/it\/nuova-missione-pastorale-inizia-nella-parrocchia-dei-padri-di-schoenstatt-a-roma\/#breadcrumb"},"inLanguage":"it-IT","potentialAction":[{"@type":"ReadAction","target":["https:\/\/schoenstatt.com\/it\/nuova-missione-pastorale-inizia-nella-parrocchia-dei-padri-di-schoenstatt-a-roma\/"]}]},{"@type":"ImageObject","inLanguage":"it-IT","@id":"https:\/\/schoenstatt.com\/it\/nuova-missione-pastorale-inizia-nella-parrocchia-dei-padri-di-schoenstatt-a-roma\/#primaryimage","url":"https:\/\/schoenstatt.com\/wp-content\/uploads\/2025\/07\/parish-of-the-Schoenstatt-Fathers-in-Rome.webp","contentUrl":"https:\/\/schoenstatt.com\/wp-content\/uploads\/2025\/07\/parish-of-the-Schoenstatt-Fathers-in-Rome.webp","width":2048,"height":1153},{"@type":"BreadcrumbList","@id":"https:\/\/schoenstatt.com\/it\/nuova-missione-pastorale-inizia-nella-parrocchia-dei-padri-di-schoenstatt-a-roma\/#breadcrumb","itemListElement":[{"@type":"ListItem","position":1,"name":"Portada","item":"https:\/\/schoenstatt.com\/it\/home\/"},{"@type":"ListItem","position":2,"name":"Nuova missione pastorale inizia nella Parrocchia dei Padri di Schoenstatt a Roma"}]},{"@type":"WebSite","@id":"https:\/\/schoenstatt.com\/it\/#website","url":"https:\/\/schoenstatt.com\/it\/","name":"Schoenstatt","description":"Apostolic Movement","publisher":{"@id":"https:\/\/schoenstatt.com\/it\/#organization"},"potentialAction":[{"@type":"SearchAction","target":{"@type":"EntryPoint","urlTemplate":"https:\/\/schoenstatt.com\/it\/?s={search_term_string}"},"query-input":{"@type":"PropertyValueSpecification","valueRequired":true,"valueName":"search_term_string"}}],"inLanguage":"it-IT"},{"@type":"Organization","@id":"https:\/\/schoenstatt.com\/it\/#organization","name":"Schoenstatt","url":"https:\/\/schoenstatt.com\/it\/","logo":{"@type":"ImageObject","inLanguage":"it-IT","@id":"https:\/\/schoenstatt.com\/it\/#\/schema\/logo\/image\/","url":"https:\/\/schoenstatt.com\/wp-content\/uploads\/2025\/04\/logo-schoenstatt-white-696x696-1.png","contentUrl":"https:\/\/schoenstatt.com\/wp-content\/uploads\/2025\/04\/logo-schoenstatt-white-696x696-1.png","width":696,"height":694,"caption":"Schoenstatt"},"image":{"@id":"https:\/\/schoenstatt.com\/it\/#\/schema\/logo\/image\/"}},{"@type":"Person","@id":"https:\/\/schoenstatt.com\/it\/#\/schema\/person\/5158877ad4acae98b34daaeef2a1ce6e","name":"Karen Bueno","image":{"@type":"ImageObject","inLanguage":"it-IT","@id":"https:\/\/secure.gravatar.com\/avatar\/f9f4b823873154269d2b2130f195f6d41037dd0d7fc5f3cacb5c846bae70d66b?s=96&d=mm&r=g","url":"https:\/\/secure.gravatar.com\/avatar\/f9f4b823873154269d2b2130f195f6d41037dd0d7fc5f3cacb5c846bae70d66b?s=96&d=mm&r=g","contentUrl":"https:\/\/secure.gravatar.com\/avatar\/f9f4b823873154269d2b2130f195f6d41037dd0d7fc5f3cacb5c846bae70d66b?s=96&d=mm&r=g","caption":"Karen Bueno"},"url":"https:\/\/schoenstatt.com\/it\/author\/karen-bueno\/"}]}},"_links":{"self":[{"href":"https:\/\/schoenstatt.com\/it\/wp-json\/wp\/v2\/posts\/60280","targetHints":{"allow":["GET"]}}],"collection":[{"href":"https:\/\/schoenstatt.com\/it\/wp-json\/wp\/v2\/posts"}],"about":[{"href":"https:\/\/schoenstatt.com\/it\/wp-json\/wp\/v2\/types\/post"}],"author":[{"embeddable":true,"href":"https:\/\/schoenstatt.com\/it\/wp-json\/wp\/v2\/users\/3"}],"replies":[{"embeddable":true,"href":"https:\/\/schoenstatt.com\/it\/wp-json\/wp\/v2\/comments?post=60280"}],"version-history":[{"count":4,"href":"https:\/\/schoenstatt.com\/it\/wp-json\/wp\/v2\/posts\/60280\/revisions"}],"predecessor-version":[{"id":60287,"href":"https:\/\/schoenstatt.com\/it\/wp-json\/wp\/v2\/posts\/60280\/revisions\/60287"}],"wp:featuredmedia":[{"embeddable":true,"href":"https:\/\/schoenstatt.com\/it\/wp-json\/wp\/v2\/media\/60256"}],"wp:attachment":[{"href":"https:\/\/schoenstatt.com\/it\/wp-json\/wp\/v2\/media?parent=60280"}],"wp:term":[{"taxonomy":"category","embeddable":true,"href":"https:\/\/schoenstatt.com\/it\/wp-json\/wp\/v2\/categories?post=60280"},{"taxonomy":"post_tag","embeddable":true,"href":"https:\/\/schoenstatt.com\/it\/wp-json\/wp\/v2\/tags?post=60280"}],"curies":[{"name":"wp","href":"https:\/\/api.w.org\/{rel}","templated":true}]}}