{"id":60075,"date":"2025-06-20T14:55:59","date_gmt":"2025-06-20T12:55:59","guid":{"rendered":"https:\/\/schoenstatt.com\/?p=60075"},"modified":"2025-06-20T15:51:45","modified_gmt":"2025-06-20T13:51:45","slug":"papa-leone-xiv-proclama-joao-pozzobon-venerabile","status":"publish","type":"post","link":"https:\/\/schoenstatt.com\/it\/papa-leone-xiv-proclama-joao-pozzobon-venerabile\/","title":{"rendered":"Papa Leone XIV Proclama Jo\u00e3o Pozzobon \u201cVenerabile\u201d"},"content":{"rendered":"\n<p>Notizia di grande gioia per tutto il Movimento Apostolico di Schoenstatt. Venerd\u00ec 20 giugno 2025, Papa Leone XIV ha autorizzato la promulgazione del Decreto che dichiara il Servo di Dio Diacono Jo\u00e3o Luiz Pozzobon come VENERABILE.<\/p>\n\n\n\n<p>Ci\u00f2 significa che la Chiesa ha concluso l\u2019esame della vita del Servo di Dio e, per la sua Beatificazione, manca ora solo il riconoscimento di un miracolo. Alla vigilia del 40\u00b0 anniversario della morte di Jo\u00e3o Pozzobon (27 giugno), questa notizia porta grande gioia e gratitudine a tutti i membri di Schoenstatt.<\/p>\n\n\n\n<p>Di seguito, la dichiarazione ufficiale dell\u2019Arcidiocesi di Santa Maria e della Presidenza Nazionale del Movimento in Brasile:<\/p>\n\n\n\n<hr class=\"wp-block-separator has-text-color has-alpha-channel-opacity has-background\" style=\"background-color:#e37729;color:#e37729\"\/>\n\n\n\n<blockquote class=\"wp-block-quote is-layout-flow wp-block-quote-is-layout-flow\">\n<p class=\"has-text-align-center\"><strong>DICHIARAZIONE UFFICIALE<br>Arcidiocesi di Santa Maria<br>Presidio Nazionale del Movimento Apostolico di Schoenstatt in Brasile<\/strong><\/p>\n\n\n\n<p>Con grande gioia, annunciamo al Popolo di Dio che il 20 giugno 2025 il Santo Padre, Papa Leone XIV, ha autorizzato la promulgazione del Decreto che riconosce le virt\u00f9 eroiche del Servo di Dio Diacono Jo\u00e3o Luiz Pozzobon dell&#8217;Arcidiocesi di Santa Maria (RS), membro del Movimento Apostolico di Schoenstatt e iniziatore dell\u2019Apostolato della Madonna Pellegrina.<\/p>\n\n\n\n<p>Con questa promulgazione, la Chiesa dichiara Jo\u00e3o Luiz Pozzobon Venerabile, riconoscendo ufficialmente che ha vissuto in modo esemplare ed eroico le virt\u00f9 cristiane. Si tratta di un passo significativo nel cammino verso la sua beatificazione e canonizzazione.<\/p>\n\n\n\n<p>Rendiamo grazie a Dio per questo dono alla Chiesa ed esprimiamo la nostra gratitudine al Santo Padre per questo riconoscimento. Ringraziamo anche i membri del Dicastero per le Cause dei Santi, la Postulatrice della Causa, la Dott.ssa Silvia Correale, l\u2019Arcivescovo di Santa Maria, Mons. Leomar Ant\u00f4nio Brustolin, e tutte le persone, comunit\u00e0 e istituzioni che, nel corso degli anni, hanno collaborato con fede e dedizione e continuano a sostenere la Causa di Canonizzazione del Venerabile Jo\u00e3o Luiz Pozzobon.<\/p>\n\n\n\n<p>Questo riconoscimento riempie di gioia tutta la Chiesa, in particolare l\u2019Arcidiocesi di Santa Maria e la Famiglia di Schoenstatt in tutto il mondo, che vi vede l\u2019affermazione della rilevanza della sua vita e missione come sposo, padre, diacono permanente e instancabile pellegrino della Madre e Regina.<\/p>\n\n\n\n<p><strong>Santa Maria, 20 giugno 2025<\/strong><\/p>\n\n\n\n<p class=\"has-text-align-left\"><strong>Arcidiocesi di Santa Maria<br>Presidio Nazionale del Movimento Apostolico di Schoenstatt in Brasile<\/strong><\/p>\n<\/blockquote>\n\n\n\n<ul class=\"wp-block-list\">\n<li><a href=\"https:\/\/press.vatican.va\/content\/salastampa\/it\/bollettino\/pubblico\/2025\/06\/20\/0427\/00782.html\" target=\"_blank\" rel=\"noreferrer noopener\">Decreto Vaticano<\/a><\/li>\n<\/ul>\n\n\n\n<p><strong>Traduzione:<\/strong> Eugenio Minici<\/p>\n","protected":false},"excerpt":{"rendered":"<p>Jo\u00e3o Luiz Pozzobon \u00e8 ora VENERABILE! Papa Leone XIV ha autorizzato la promulgazione del decreto questo venerd\u00ec.<\/p>\n","protected":false},"author":3,"featured_media":60052,"comment_status":"closed","ping_status":"closed","sticky":false,"template":"","format":"standard","meta":{"footnotes":""},"categories":[887,903],"tags":[1087,1040,953,1134],"class_list":["post-60075","post","type-post","status-publish","format-standard","has-post-thumbnail","hentry","category-eroi-di-schoenstatt-it","category-madonna-pellegrina-it","tag-campagna-della-madonna-pellegrina-it","tag-joao-luiz-pozzobon-it","tag-processo-di-beatificazione-it","tag-schoenstatt-brasile-it"],"yoast_head":"<!-- This site is optimized with the Yoast SEO Premium plugin v27.4 (Yoast SEO v27.4) - https:\/\/yoast.com\/product\/yoast-seo-premium-wordpress\/ -->\n<title>Papa Leone XIV Proclama Jo\u00e3o Pozzobon \u201cVenerabile\u201d - Schoenstatt<\/title>\n<meta name=\"description\" content=\"Jo\u00e3o Luiz Pozzobon \u00e8 ora VENERABILE! Papa Leone XIV ha autorizzato la promulgazione del decreto questo venerd\u00ec.\" \/>\n<meta name=\"robots\" content=\"index, follow, max-snippet:-1, max-image-preview:large, max-video-preview:-1\" \/>\n<link rel=\"canonical\" href=\"https:\/\/schoenstatt.com\/it\/papa-leone-xiv-proclama-joao-pozzobon-venerabile\/\" \/>\n<meta property=\"og:locale\" content=\"it_IT\" \/>\n<meta property=\"og:type\" content=\"article\" \/>\n<meta property=\"og:title\" content=\"Papa Leone XIV Proclama Jo\u00e3o Pozzobon \u201cVenerabile\u201d\" \/>\n<meta property=\"og:description\" content=\"Jo\u00e3o Luiz Pozzobon \u00e8 ora VENERABILE! Papa Leone XIV ha autorizzato la promulgazione del decreto questo venerd\u00ec.\" \/>\n<meta property=\"og:url\" content=\"https:\/\/schoenstatt.com\/it\/papa-leone-xiv-proclama-joao-pozzobon-venerabile\/\" \/>\n<meta property=\"og:site_name\" content=\"Schoenstatt\" \/>\n<meta property=\"article:published_time\" content=\"2025-06-20T12:55:59+00:00\" \/>\n<meta property=\"article:modified_time\" content=\"2025-06-20T13:51:45+00:00\" \/>\n<meta property=\"og:image\" content=\"https:\/\/schoenstatt.com\/wp-content\/uploads\/2025\/06\/Joao-Luiz-Pozzobon-1.webp\" \/>\n\t<meta property=\"og:image:width\" content=\"2048\" \/>\n\t<meta property=\"og:image:height\" content=\"1056\" \/>\n\t<meta property=\"og:image:type\" content=\"image\/jpeg\" \/>\n<meta name=\"author\" content=\"Karen Bueno\" \/>\n<meta name=\"twitter:card\" content=\"summary_large_image\" \/>\n<meta name=\"twitter:label1\" content=\"Scritto da\" \/>\n\t<meta name=\"twitter:data1\" content=\"Karen Bueno\" \/>\n\t<meta name=\"twitter:label2\" content=\"Tempo di lettura stimato\" \/>\n\t<meta name=\"twitter:data2\" content=\"1 minuto\" \/>\n<script type=\"application\/ld+json\" class=\"yoast-schema-graph\">{\"@context\":\"https:\\\/\\\/schema.org\",\"@graph\":[{\"@type\":\"Article\",\"@id\":\"https:\\\/\\\/schoenstatt.com\\\/it\\\/papa-leone-xiv-proclama-joao-pozzobon-venerabile\\\/#article\",\"isPartOf\":{\"@id\":\"https:\\\/\\\/schoenstatt.com\\\/it\\\/papa-leone-xiv-proclama-joao-pozzobon-venerabile\\\/\"},\"author\":{\"name\":\"Karen Bueno\",\"@id\":\"https:\\\/\\\/schoenstatt.com\\\/it\\\/#\\\/schema\\\/person\\\/5158877ad4acae98b34daaeef2a1ce6e\"},\"headline\":\"Papa Leone XIV Proclama Jo\u00e3o Pozzobon \u201cVenerabile\u201d\",\"datePublished\":\"2025-06-20T12:55:59+00:00\",\"dateModified\":\"2025-06-20T13:51:45+00:00\",\"mainEntityOfPage\":{\"@id\":\"https:\\\/\\\/schoenstatt.com\\\/it\\\/papa-leone-xiv-proclama-joao-pozzobon-venerabile\\\/\"},\"wordCount\":370,\"publisher\":{\"@id\":\"https:\\\/\\\/schoenstatt.com\\\/it\\\/#organization\"},\"image\":{\"@id\":\"https:\\\/\\\/schoenstatt.com\\\/it\\\/papa-leone-xiv-proclama-joao-pozzobon-venerabile\\\/#primaryimage\"},\"thumbnailUrl\":\"https:\\\/\\\/schoenstatt.com\\\/wp-content\\\/uploads\\\/2025\\\/06\\\/Joao-Luiz-Pozzobon-1.webp\",\"keywords\":[\"Campagna della Madonna Pellegrina\",\"Jo\u00e3o Luiz Pozzobon\",\"Processo di Beatificazione\",\"Schoenstatt Brasile\"],\"articleSection\":[\"Eroi di Schoenstatt\",\"Madonna Pellegrina\"],\"inLanguage\":\"it-IT\"},{\"@type\":\"WebPage\",\"@id\":\"https:\\\/\\\/schoenstatt.com\\\/it\\\/papa-leone-xiv-proclama-joao-pozzobon-venerabile\\\/\",\"url\":\"https:\\\/\\\/schoenstatt.com\\\/it\\\/papa-leone-xiv-proclama-joao-pozzobon-venerabile\\\/\",\"name\":\"Papa Leone XIV Proclama Jo\u00e3o Pozzobon \u201cVenerabile\u201d - Schoenstatt\",\"isPartOf\":{\"@id\":\"https:\\\/\\\/schoenstatt.com\\\/it\\\/#website\"},\"primaryImageOfPage\":{\"@id\":\"https:\\\/\\\/schoenstatt.com\\\/it\\\/papa-leone-xiv-proclama-joao-pozzobon-venerabile\\\/#primaryimage\"},\"image\":{\"@id\":\"https:\\\/\\\/schoenstatt.com\\\/it\\\/papa-leone-xiv-proclama-joao-pozzobon-venerabile\\\/#primaryimage\"},\"thumbnailUrl\":\"https:\\\/\\\/schoenstatt.com\\\/wp-content\\\/uploads\\\/2025\\\/06\\\/Joao-Luiz-Pozzobon-1.webp\",\"datePublished\":\"2025-06-20T12:55:59+00:00\",\"dateModified\":\"2025-06-20T13:51:45+00:00\",\"description\":\"Jo\u00e3o Luiz Pozzobon \u00e8 ora VENERABILE! Papa Leone XIV ha autorizzato la promulgazione del decreto questo venerd\u00ec.\",\"breadcrumb\":{\"@id\":\"https:\\\/\\\/schoenstatt.com\\\/it\\\/papa-leone-xiv-proclama-joao-pozzobon-venerabile\\\/#breadcrumb\"},\"inLanguage\":\"it-IT\",\"potentialAction\":[{\"@type\":\"ReadAction\",\"target\":[\"https:\\\/\\\/schoenstatt.com\\\/it\\\/papa-leone-xiv-proclama-joao-pozzobon-venerabile\\\/\"]}]},{\"@type\":\"ImageObject\",\"inLanguage\":\"it-IT\",\"@id\":\"https:\\\/\\\/schoenstatt.com\\\/it\\\/papa-leone-xiv-proclama-joao-pozzobon-venerabile\\\/#primaryimage\",\"url\":\"https:\\\/\\\/schoenstatt.com\\\/wp-content\\\/uploads\\\/2025\\\/06\\\/Joao-Luiz-Pozzobon-1.webp\",\"contentUrl\":\"https:\\\/\\\/schoenstatt.com\\\/wp-content\\\/uploads\\\/2025\\\/06\\\/Joao-Luiz-Pozzobon-1.webp\",\"width\":2048,\"height\":1056},{\"@type\":\"BreadcrumbList\",\"@id\":\"https:\\\/\\\/schoenstatt.com\\\/it\\\/papa-leone-xiv-proclama-joao-pozzobon-venerabile\\\/#breadcrumb\",\"itemListElement\":[{\"@type\":\"ListItem\",\"position\":1,\"name\":\"Portada\",\"item\":\"https:\\\/\\\/schoenstatt.com\\\/it\\\/home\\\/\"},{\"@type\":\"ListItem\",\"position\":2,\"name\":\"Papa Leone XIV Proclama Jo\u00e3o Pozzobon \u201cVenerabile\u201d\"}]},{\"@type\":\"WebSite\",\"@id\":\"https:\\\/\\\/schoenstatt.com\\\/it\\\/#website\",\"url\":\"https:\\\/\\\/schoenstatt.com\\\/it\\\/\",\"name\":\"Schoenstatt\",\"description\":\"Apostolic Movement\",\"publisher\":{\"@id\":\"https:\\\/\\\/schoenstatt.com\\\/it\\\/#organization\"},\"potentialAction\":[{\"@type\":\"SearchAction\",\"target\":{\"@type\":\"EntryPoint\",\"urlTemplate\":\"https:\\\/\\\/schoenstatt.com\\\/it\\\/?s={search_term_string}\"},\"query-input\":{\"@type\":\"PropertyValueSpecification\",\"valueRequired\":true,\"valueName\":\"search_term_string\"}}],\"inLanguage\":\"it-IT\"},{\"@type\":\"Organization\",\"@id\":\"https:\\\/\\\/schoenstatt.com\\\/it\\\/#organization\",\"name\":\"Schoenstatt\",\"url\":\"https:\\\/\\\/schoenstatt.com\\\/it\\\/\",\"logo\":{\"@type\":\"ImageObject\",\"inLanguage\":\"it-IT\",\"@id\":\"https:\\\/\\\/schoenstatt.com\\\/it\\\/#\\\/schema\\\/logo\\\/image\\\/\",\"url\":\"https:\\\/\\\/schoenstatt.com\\\/wp-content\\\/uploads\\\/2025\\\/04\\\/logo-schoenstatt-white-696x696-1.png\",\"contentUrl\":\"https:\\\/\\\/schoenstatt.com\\\/wp-content\\\/uploads\\\/2025\\\/04\\\/logo-schoenstatt-white-696x696-1.png\",\"width\":696,\"height\":694,\"caption\":\"Schoenstatt\"},\"image\":{\"@id\":\"https:\\\/\\\/schoenstatt.com\\\/it\\\/#\\\/schema\\\/logo\\\/image\\\/\"}},{\"@type\":\"Person\",\"@id\":\"https:\\\/\\\/schoenstatt.com\\\/it\\\/#\\\/schema\\\/person\\\/5158877ad4acae98b34daaeef2a1ce6e\",\"name\":\"Karen Bueno\",\"image\":{\"@type\":\"ImageObject\",\"inLanguage\":\"it-IT\",\"@id\":\"https:\\\/\\\/secure.gravatar.com\\\/avatar\\\/f9f4b823873154269d2b2130f195f6d41037dd0d7fc5f3cacb5c846bae70d66b?s=96&d=mm&r=g\",\"url\":\"https:\\\/\\\/secure.gravatar.com\\\/avatar\\\/f9f4b823873154269d2b2130f195f6d41037dd0d7fc5f3cacb5c846bae70d66b?s=96&d=mm&r=g\",\"contentUrl\":\"https:\\\/\\\/secure.gravatar.com\\\/avatar\\\/f9f4b823873154269d2b2130f195f6d41037dd0d7fc5f3cacb5c846bae70d66b?s=96&d=mm&r=g\",\"caption\":\"Karen Bueno\"},\"url\":\"https:\\\/\\\/schoenstatt.com\\\/it\\\/author\\\/karen-bueno\\\/\"}]}<\/script>\n<!-- \/ Yoast SEO Premium plugin. -->","yoast_head_json":{"title":"Papa Leone XIV Proclama Jo\u00e3o Pozzobon \u201cVenerabile\u201d - Schoenstatt","description":"Jo\u00e3o Luiz Pozzobon \u00e8 ora VENERABILE! Papa Leone XIV ha autorizzato la promulgazione del decreto questo venerd\u00ec.","robots":{"index":"index","follow":"follow","max-snippet":"max-snippet:-1","max-image-preview":"max-image-preview:large","max-video-preview":"max-video-preview:-1"},"canonical":"https:\/\/schoenstatt.com\/it\/papa-leone-xiv-proclama-joao-pozzobon-venerabile\/","og_locale":"it_IT","og_type":"article","og_title":"Papa Leone XIV Proclama Jo\u00e3o Pozzobon \u201cVenerabile\u201d","og_description":"Jo\u00e3o Luiz Pozzobon \u00e8 ora VENERABILE! Papa Leone XIV ha autorizzato la promulgazione del decreto questo venerd\u00ec.","og_url":"https:\/\/schoenstatt.com\/it\/papa-leone-xiv-proclama-joao-pozzobon-venerabile\/","og_site_name":"Schoenstatt","article_published_time":"2025-06-20T12:55:59+00:00","article_modified_time":"2025-06-20T13:51:45+00:00","og_image":[{"url":"https:\/\/schoenstatt.com\/wp-content\/uploads\/2025\/06\/Joao-Luiz-Pozzobon-1.webp","width":2048,"height":1056,"type":"image\/jpeg"}],"author":"Karen Bueno","twitter_card":"summary_large_image","twitter_misc":{"Scritto da":"Karen Bueno","Tempo di lettura stimato":"1 minuto"},"schema":{"@context":"https:\/\/schema.org","@graph":[{"@type":"Article","@id":"https:\/\/schoenstatt.com\/it\/papa-leone-xiv-proclama-joao-pozzobon-venerabile\/#article","isPartOf":{"@id":"https:\/\/schoenstatt.com\/it\/papa-leone-xiv-proclama-joao-pozzobon-venerabile\/"},"author":{"name":"Karen Bueno","@id":"https:\/\/schoenstatt.com\/it\/#\/schema\/person\/5158877ad4acae98b34daaeef2a1ce6e"},"headline":"Papa Leone XIV Proclama Jo\u00e3o Pozzobon \u201cVenerabile\u201d","datePublished":"2025-06-20T12:55:59+00:00","dateModified":"2025-06-20T13:51:45+00:00","mainEntityOfPage":{"@id":"https:\/\/schoenstatt.com\/it\/papa-leone-xiv-proclama-joao-pozzobon-venerabile\/"},"wordCount":370,"publisher":{"@id":"https:\/\/schoenstatt.com\/it\/#organization"},"image":{"@id":"https:\/\/schoenstatt.com\/it\/papa-leone-xiv-proclama-joao-pozzobon-venerabile\/#primaryimage"},"thumbnailUrl":"https:\/\/schoenstatt.com\/wp-content\/uploads\/2025\/06\/Joao-Luiz-Pozzobon-1.webp","keywords":["Campagna della Madonna Pellegrina","Jo\u00e3o Luiz Pozzobon","Processo di Beatificazione","Schoenstatt Brasile"],"articleSection":["Eroi di Schoenstatt","Madonna Pellegrina"],"inLanguage":"it-IT"},{"@type":"WebPage","@id":"https:\/\/schoenstatt.com\/it\/papa-leone-xiv-proclama-joao-pozzobon-venerabile\/","url":"https:\/\/schoenstatt.com\/it\/papa-leone-xiv-proclama-joao-pozzobon-venerabile\/","name":"Papa Leone XIV Proclama Jo\u00e3o Pozzobon \u201cVenerabile\u201d - Schoenstatt","isPartOf":{"@id":"https:\/\/schoenstatt.com\/it\/#website"},"primaryImageOfPage":{"@id":"https:\/\/schoenstatt.com\/it\/papa-leone-xiv-proclama-joao-pozzobon-venerabile\/#primaryimage"},"image":{"@id":"https:\/\/schoenstatt.com\/it\/papa-leone-xiv-proclama-joao-pozzobon-venerabile\/#primaryimage"},"thumbnailUrl":"https:\/\/schoenstatt.com\/wp-content\/uploads\/2025\/06\/Joao-Luiz-Pozzobon-1.webp","datePublished":"2025-06-20T12:55:59+00:00","dateModified":"2025-06-20T13:51:45+00:00","description":"Jo\u00e3o Luiz Pozzobon \u00e8 ora VENERABILE! Papa Leone XIV ha autorizzato la promulgazione del decreto questo venerd\u00ec.","breadcrumb":{"@id":"https:\/\/schoenstatt.com\/it\/papa-leone-xiv-proclama-joao-pozzobon-venerabile\/#breadcrumb"},"inLanguage":"it-IT","potentialAction":[{"@type":"ReadAction","target":["https:\/\/schoenstatt.com\/it\/papa-leone-xiv-proclama-joao-pozzobon-venerabile\/"]}]},{"@type":"ImageObject","inLanguage":"it-IT","@id":"https:\/\/schoenstatt.com\/it\/papa-leone-xiv-proclama-joao-pozzobon-venerabile\/#primaryimage","url":"https:\/\/schoenstatt.com\/wp-content\/uploads\/2025\/06\/Joao-Luiz-Pozzobon-1.webp","contentUrl":"https:\/\/schoenstatt.com\/wp-content\/uploads\/2025\/06\/Joao-Luiz-Pozzobon-1.webp","width":2048,"height":1056},{"@type":"BreadcrumbList","@id":"https:\/\/schoenstatt.com\/it\/papa-leone-xiv-proclama-joao-pozzobon-venerabile\/#breadcrumb","itemListElement":[{"@type":"ListItem","position":1,"name":"Portada","item":"https:\/\/schoenstatt.com\/it\/home\/"},{"@type":"ListItem","position":2,"name":"Papa Leone XIV Proclama Jo\u00e3o Pozzobon \u201cVenerabile\u201d"}]},{"@type":"WebSite","@id":"https:\/\/schoenstatt.com\/it\/#website","url":"https:\/\/schoenstatt.com\/it\/","name":"Schoenstatt","description":"Apostolic Movement","publisher":{"@id":"https:\/\/schoenstatt.com\/it\/#organization"},"potentialAction":[{"@type":"SearchAction","target":{"@type":"EntryPoint","urlTemplate":"https:\/\/schoenstatt.com\/it\/?s={search_term_string}"},"query-input":{"@type":"PropertyValueSpecification","valueRequired":true,"valueName":"search_term_string"}}],"inLanguage":"it-IT"},{"@type":"Organization","@id":"https:\/\/schoenstatt.com\/it\/#organization","name":"Schoenstatt","url":"https:\/\/schoenstatt.com\/it\/","logo":{"@type":"ImageObject","inLanguage":"it-IT","@id":"https:\/\/schoenstatt.com\/it\/#\/schema\/logo\/image\/","url":"https:\/\/schoenstatt.com\/wp-content\/uploads\/2025\/04\/logo-schoenstatt-white-696x696-1.png","contentUrl":"https:\/\/schoenstatt.com\/wp-content\/uploads\/2025\/04\/logo-schoenstatt-white-696x696-1.png","width":696,"height":694,"caption":"Schoenstatt"},"image":{"@id":"https:\/\/schoenstatt.com\/it\/#\/schema\/logo\/image\/"}},{"@type":"Person","@id":"https:\/\/schoenstatt.com\/it\/#\/schema\/person\/5158877ad4acae98b34daaeef2a1ce6e","name":"Karen Bueno","image":{"@type":"ImageObject","inLanguage":"it-IT","@id":"https:\/\/secure.gravatar.com\/avatar\/f9f4b823873154269d2b2130f195f6d41037dd0d7fc5f3cacb5c846bae70d66b?s=96&d=mm&r=g","url":"https:\/\/secure.gravatar.com\/avatar\/f9f4b823873154269d2b2130f195f6d41037dd0d7fc5f3cacb5c846bae70d66b?s=96&d=mm&r=g","contentUrl":"https:\/\/secure.gravatar.com\/avatar\/f9f4b823873154269d2b2130f195f6d41037dd0d7fc5f3cacb5c846bae70d66b?s=96&d=mm&r=g","caption":"Karen Bueno"},"url":"https:\/\/schoenstatt.com\/it\/author\/karen-bueno\/"}]}},"_links":{"self":[{"href":"https:\/\/schoenstatt.com\/it\/wp-json\/wp\/v2\/posts\/60075","targetHints":{"allow":["GET"]}}],"collection":[{"href":"https:\/\/schoenstatt.com\/it\/wp-json\/wp\/v2\/posts"}],"about":[{"href":"https:\/\/schoenstatt.com\/it\/wp-json\/wp\/v2\/types\/post"}],"author":[{"embeddable":true,"href":"https:\/\/schoenstatt.com\/it\/wp-json\/wp\/v2\/users\/3"}],"replies":[{"embeddable":true,"href":"https:\/\/schoenstatt.com\/it\/wp-json\/wp\/v2\/comments?post=60075"}],"version-history":[{"count":1,"href":"https:\/\/schoenstatt.com\/it\/wp-json\/wp\/v2\/posts\/60075\/revisions"}],"predecessor-version":[{"id":60076,"href":"https:\/\/schoenstatt.com\/it\/wp-json\/wp\/v2\/posts\/60075\/revisions\/60076"}],"wp:featuredmedia":[{"embeddable":true,"href":"https:\/\/schoenstatt.com\/it\/wp-json\/wp\/v2\/media\/60052"}],"wp:attachment":[{"href":"https:\/\/schoenstatt.com\/it\/wp-json\/wp\/v2\/media?parent=60075"}],"wp:term":[{"taxonomy":"category","embeddable":true,"href":"https:\/\/schoenstatt.com\/it\/wp-json\/wp\/v2\/categories?post=60075"},{"taxonomy":"post_tag","embeddable":true,"href":"https:\/\/schoenstatt.com\/it\/wp-json\/wp\/v2\/tags?post=60075"}],"curies":[{"name":"wp","href":"https:\/\/api.w.org\/{rel}","templated":true}]}}