{"id":59772,"date":"2025-06-12T19:03:57","date_gmt":"2025-06-12T17:03:57","guid":{"rendered":"https:\/\/schoenstatt.com\/?p=59772"},"modified":"2025-06-12T19:58:54","modified_gmt":"2025-06-12T17:58:54","slug":"incoronazione-di-maria-regina-mater-ecclesiae-un-giorno-di-grazia-e-unita","status":"publish","type":"post","link":"https:\/\/schoenstatt.com\/it\/incoronazione-di-maria-regina-mater-ecclesiae-un-giorno-di-grazia-e-unita\/","title":{"rendered":"Incoronazione di Maria Regina Mater Ecclesiae: un Giorno di Grazia e Unit\u00e0"},"content":{"rendered":"\n<p><strong>Roma, 9 giugno 2025<\/strong> \u2013 In un\u2019atmosfera di intensa spiritualit\u00e0 e gioia condivisa, la Famiglia Internazionale di Schoenstatt ha vissuto un momento storico: l\u2019Incoronazione di Maria come Regina Mater Ecclesiae, celebrata solennemente presso il Santuario Internazionale di Belmonte, a Roma. L\u2019evento, inserito nel contesto del Giubileo 2025, ha riunito oltre 800 pellegrini, tra cui pi\u00f9 di 100 sacerdoti, provenienti da tutto il mondo.<\/p>\n\n\n\n<figure class=\"wp-block-gallery has-nested-images columns-default is-cropped wp-block-gallery-1 is-layout-flex wp-block-gallery-is-layout-flex\">\n<figure class=\"wp-block-image size-large\"><img fetchpriority=\"high\" decoding=\"async\" width=\"2048\" height=\"1152\" data-id=\"59737\" src=\"https:\/\/schoenstatt.com\/wp-content\/uploads\/2025\/06\/Belmonte-coronation-2.jpg\" alt=\"\" class=\"wp-image-59737\" srcset=\"https:\/\/schoenstatt.com\/wp-content\/uploads\/2025\/06\/Belmonte-coronation-2.jpg 2048w, https:\/\/schoenstatt.com\/wp-content\/uploads\/2025\/06\/Belmonte-coronation-2-768x432.jpg 768w, https:\/\/schoenstatt.com\/wp-content\/uploads\/2025\/06\/Belmonte-coronation-2-1536x864.jpg 1536w\" sizes=\"(max-width: 2048px) 100vw, 2048px\" \/><\/figure>\n\n\n\n<figure class=\"wp-block-image size-large\"><img decoding=\"async\" width=\"2048\" height=\"1536\" data-id=\"59740\" src=\"https:\/\/schoenstatt.com\/wp-content\/uploads\/2025\/06\/Belmonte-coronation-3.jpg\" alt=\"\" class=\"wp-image-59740\" srcset=\"https:\/\/schoenstatt.com\/wp-content\/uploads\/2025\/06\/Belmonte-coronation-3.jpg 2048w, https:\/\/schoenstatt.com\/wp-content\/uploads\/2025\/06\/Belmonte-coronation-3-768x576.jpg 768w, https:\/\/schoenstatt.com\/wp-content\/uploads\/2025\/06\/Belmonte-coronation-3-1536x1152.jpg 1536w\" sizes=\"(max-width: 2048px) 100vw, 2048px\" \/><\/figure>\n<\/figure>\n\n\n\n<p>Il cuore della giornata \u00e8 stata la Santa Messa, celebrata all\u2019aperto sotto un cielo luminoso, presieduta da S.E. Mons. Gianrico Ruzza, Vescovo della Diocesi di Porto-Santa Rufina. Il rito dell\u2019Incoronazione \u00e8 stato poi guidato da Mons. Ignazio Sanna, rettore del Santuario, e da P. Alexandre Awi Mello, presidente della Presidenza Internazionale di Schoenstatt. Maria \u00e8 stata proclamata Regina Mater Ecclesiae a nome del Santuario e dell\u2019intera Famiglia di Schoenstatt: un gesto di profonda fede e affidamento alla sua guida materna.<\/p>\n\n\n\n<figure class=\"wp-block-image aligncenter size-full\"><img decoding=\"async\" width=\"2048\" height=\"1152\" src=\"https:\/\/schoenstatt.com\/wp-content\/uploads\/2025\/06\/Belmonte-coronation-4.jpg\" alt=\"\" class=\"wp-image-59732\" srcset=\"https:\/\/schoenstatt.com\/wp-content\/uploads\/2025\/06\/Belmonte-coronation-4.jpg 2048w, https:\/\/schoenstatt.com\/wp-content\/uploads\/2025\/06\/Belmonte-coronation-4-768x432.jpg 768w, https:\/\/schoenstatt.com\/wp-content\/uploads\/2025\/06\/Belmonte-coronation-4-1536x864.jpg 1536w\" sizes=\"(max-width: 2048px) 100vw, 2048px\" \/><\/figure>\n\n\n\n<p>La corona, benedetta da Papa Francesco il 16 ottobre 2024, \u00e8 giunta a Belmonte dopo un pellegrinaggio ricco di preghiere e offerte nelle comunit\u00e0 di Italia e Germania. Numerose sono state anche le testimonianze, segno tangibile dell\u2019amore verso Maria.<\/p>\n\n\n\n<h3 class=\"wp-block-heading\" id=\"h-tutte-le-comunita-erano-presenti\">Tutte le comunit\u00e0 erano presenti<\/h3>\n\n\n\n<p>I volontari hanno calorosamente accolto i pellegrini, raccogliendo le tante corone offerte alla Mater da ogni parte del mondo, ora custodite nella nuova Sala delle Corone, allestita per l\u2019occasione. Presenti anche membri di tutte le comunit\u00e0 di Schoenstatt: Sorelle di Maria, Signore di Schoenstatt, Padri, Fratelli, Sacerdoti diocesani, l\u2019Istituto delle Famiglie, e rappresentanti di Federazioni e Lega.<\/p>\n\n\n\n<figure class=\"wp-block-image size-full\"><img loading=\"lazy\" decoding=\"async\" width=\"2048\" height=\"1152\" src=\"https:\/\/schoenstatt.com\/wp-content\/uploads\/2025\/06\/Belmonte-coronation.jpg\" alt=\"\" class=\"wp-image-59748\" srcset=\"https:\/\/schoenstatt.com\/wp-content\/uploads\/2025\/06\/Belmonte-coronation.jpg 2048w, https:\/\/schoenstatt.com\/wp-content\/uploads\/2025\/06\/Belmonte-coronation-768x432.jpg 768w, https:\/\/schoenstatt.com\/wp-content\/uploads\/2025\/06\/Belmonte-coronation-1536x864.jpg 1536w\" sizes=\"(max-width: 2048px) 100vw, 2048px\" \/><\/figure>\n\n\n\n<p>Un gesto di toccante semplicit\u00e0 e generosit\u00e0 \u00e8 giunto dalla Repubblica Ceca: i coniugi Veronika e Petr Zborn\u00edkovi, pellegrini da Praga, hanno preparato centinaia di biscotti a forma di corona, distribuiti con gioia a tutti i presenti. Un piccolo segno che ha reso visibile il grande spirito di famiglia.<\/p>\n\n\n\n<figure class=\"wp-block-image aligncenter size-full is-resized\"><img loading=\"lazy\" decoding=\"async\" width=\"917\" height=\"1335\" src=\"https:\/\/schoenstatt.com\/wp-content\/uploads\/2025\/06\/Belmonte-coronation-5.jpg\" alt=\"\" class=\"wp-image-59753\" style=\"width:500px\" srcset=\"https:\/\/schoenstatt.com\/wp-content\/uploads\/2025\/06\/Belmonte-coronation-5.jpg 917w, https:\/\/schoenstatt.com\/wp-content\/uploads\/2025\/06\/Belmonte-coronation-5-768x1118.jpg 768w\" sizes=\"(max-width: 917px) 100vw, 917px\" \/><\/figure>\n\n\n\n<p>L\u2019evento \u00e8 stato seguito anche a distanza, grazie alla diretta streaming su Schoenstatt TV e sul canale YouTube del Santuario, che ha permesso a numerosi fedeli nel mondo di unirsi spiritualmente alla celebrazione.<\/p>\n\n\n\n<p>Il pomeriggio \u00e8 proseguito con momenti di fraternit\u00e0, un pranzo comunitario, incontri e workshop, che hanno rafforzato il senso di comunione e di missione condivisa.<\/p>\n\n\n\n<p>Questa Incoronazione non \u00e8 solo una memoria preziosa, ma un segno profetico per la Chiesa e per tutto Schoenstatt: Maria, Regina Mater Ecclesiae, cammina con noi. Guida con amore il nostro pellegrinaggio di fede, nella costruzione di una Chiesa viva, unita e piena di speranza.<\/p>\n\n\n\n<div class=\"wp-block-buttons is-content-justification-center is-layout-flex wp-container-core-buttons-is-layout-a89b3969 wp-block-buttons-is-layout-flex\">\n<div class=\"wp-block-button\"><a class=\"wp-block-button__link has-white-color has-text-color has-background has-link-color wp-element-button\" href=\"https:\/\/flic.kr\/s\/aHBqjChQDA\" style=\"background-color:#e7921b\" target=\"_blank\" rel=\"noreferrer noopener\"><strong>ALTRE FOTO<\/strong><\/a><\/div>\n<\/div>\n\n\n\n<div style=\"height:35px\" aria-hidden=\"true\" class=\"wp-block-spacer\"><\/div>\n\n\n\n<figure class=\"wp-block-image aligncenter size-full\"><img loading=\"lazy\" decoding=\"async\" width=\"2048\" height=\"1357\" src=\"https:\/\/schoenstatt.com\/wp-content\/uploads\/2025\/06\/Belmonte.jpg\" alt=\"\" class=\"wp-image-59758\" srcset=\"https:\/\/schoenstatt.com\/wp-content\/uploads\/2025\/06\/Belmonte.jpg 2048w, https:\/\/schoenstatt.com\/wp-content\/uploads\/2025\/06\/Belmonte-768x509.jpg 768w, https:\/\/schoenstatt.com\/wp-content\/uploads\/2025\/06\/Belmonte-1536x1018.jpg 1536w\" sizes=\"(max-width: 2048px) 100vw, 2048px\" \/><\/figure>\n","protected":false},"excerpt":{"rendered":"<p>La Madre di Dio riceve la corona e tutto l&#8217;amore della Famiglia Internazionale di Schoenstatt a Belmonte.<\/p>\n","protected":false},"author":3,"featured_media":59734,"comment_status":"closed","ping_status":"closed","sticky":false,"template":"","format":"standard","meta":{"footnotes":""},"categories":[507],"tags":[558],"class_list":["post-59772","post","type-post","status-publish","format-standard","has-post-thumbnail","hentry","category-eventi-it","tag-belmonte-roma-it"],"yoast_head":"<!-- This site is optimized with the Yoast SEO Premium plugin v27.4 (Yoast SEO v27.5) - https:\/\/yoast.com\/product\/yoast-seo-premium-wordpress\/ -->\n<title>Incoronazione di Maria Regina Mater Ecclesiae: un Giorno di Grazia e Unit\u00e0<\/title>\n<meta name=\"description\" content=\"La Madre di Dio riceve la corona e tutto l&#039;amore della Famiglia Internazionale di Schoenstatt a Belmonte.\" \/>\n<meta name=\"robots\" content=\"index, follow, max-snippet:-1, max-image-preview:large, max-video-preview:-1\" \/>\n<link rel=\"canonical\" href=\"https:\/\/schoenstatt.com\/it\/incoronazione-di-maria-regina-mater-ecclesiae-un-giorno-di-grazia-e-unita\/\" \/>\n<meta property=\"og:locale\" content=\"it_IT\" \/>\n<meta property=\"og:type\" content=\"article\" \/>\n<meta property=\"og:title\" content=\"Incoronazione di Maria Regina Mater Ecclesiae: un Giorno di Grazia e Unit\u00e0\" \/>\n<meta property=\"og:description\" content=\"La Madre di Dio riceve la corona e tutto l&#039;amore della Famiglia Internazionale di Schoenstatt a Belmonte.\" \/>\n<meta property=\"og:url\" content=\"https:\/\/schoenstatt.com\/it\/incoronazione-di-maria-regina-mater-ecclesiae-un-giorno-di-grazia-e-unita\/\" \/>\n<meta property=\"og:site_name\" content=\"Schoenstatt\" \/>\n<meta property=\"article:published_time\" content=\"2025-06-12T17:03:57+00:00\" \/>\n<meta property=\"article:modified_time\" content=\"2025-06-12T17:58:54+00:00\" \/>\n<meta property=\"og:image\" content=\"https:\/\/schoenstatt.com\/wp-content\/uploads\/2025\/06\/Belmonte-coronation-4.jpg\" \/>\n\t<meta property=\"og:image:width\" content=\"2048\" \/>\n\t<meta property=\"og:image:height\" content=\"1152\" \/>\n\t<meta property=\"og:image:type\" content=\"image\/jpeg\" \/>\n<meta name=\"author\" content=\"Karen Bueno\" \/>\n<meta name=\"twitter:card\" content=\"summary_large_image\" \/>\n<meta name=\"twitter:label1\" content=\"Scritto da\" \/>\n\t<meta name=\"twitter:data1\" content=\"Karen Bueno\" \/>\n\t<meta name=\"twitter:label2\" content=\"Tempo di lettura stimato\" \/>\n\t<meta name=\"twitter:data2\" content=\"4 minuti\" \/>\n<script type=\"application\/ld+json\" class=\"yoast-schema-graph\">{\"@context\":\"https:\\\/\\\/schema.org\",\"@graph\":[{\"@type\":\"Article\",\"@id\":\"https:\\\/\\\/schoenstatt.com\\\/it\\\/incoronazione-di-maria-regina-mater-ecclesiae-un-giorno-di-grazia-e-unita\\\/#article\",\"isPartOf\":{\"@id\":\"https:\\\/\\\/schoenstatt.com\\\/it\\\/incoronazione-di-maria-regina-mater-ecclesiae-un-giorno-di-grazia-e-unita\\\/\"},\"author\":{\"name\":\"Karen Bueno\",\"@id\":\"https:\\\/\\\/schoenstatt.com\\\/it\\\/#\\\/schema\\\/person\\\/5158877ad4acae98b34daaeef2a1ce6e\"},\"headline\":\"Incoronazione di Maria Regina Mater Ecclesiae: un Giorno di Grazia e Unit\u00e0\",\"datePublished\":\"2025-06-12T17:03:57+00:00\",\"dateModified\":\"2025-06-12T17:58:54+00:00\",\"mainEntityOfPage\":{\"@id\":\"https:\\\/\\\/schoenstatt.com\\\/it\\\/incoronazione-di-maria-regina-mater-ecclesiae-un-giorno-di-grazia-e-unita\\\/\"},\"wordCount\":406,\"publisher\":{\"@id\":\"https:\\\/\\\/schoenstatt.com\\\/it\\\/#organization\"},\"image\":{\"@id\":\"https:\\\/\\\/schoenstatt.com\\\/it\\\/incoronazione-di-maria-regina-mater-ecclesiae-un-giorno-di-grazia-e-unita\\\/#primaryimage\"},\"thumbnailUrl\":\"https:\\\/\\\/schoenstatt.com\\\/wp-content\\\/uploads\\\/2025\\\/06\\\/Belmonte-coronation-4.jpg\",\"keywords\":[\"Belmonte - Roma\"],\"articleSection\":[\"Eventi\"],\"inLanguage\":\"it-IT\"},{\"@type\":\"WebPage\",\"@id\":\"https:\\\/\\\/schoenstatt.com\\\/it\\\/incoronazione-di-maria-regina-mater-ecclesiae-un-giorno-di-grazia-e-unita\\\/\",\"url\":\"https:\\\/\\\/schoenstatt.com\\\/it\\\/incoronazione-di-maria-regina-mater-ecclesiae-un-giorno-di-grazia-e-unita\\\/\",\"name\":\"Incoronazione di Maria Regina Mater Ecclesiae: un Giorno di Grazia e Unit\u00e0\",\"isPartOf\":{\"@id\":\"https:\\\/\\\/schoenstatt.com\\\/it\\\/#website\"},\"primaryImageOfPage\":{\"@id\":\"https:\\\/\\\/schoenstatt.com\\\/it\\\/incoronazione-di-maria-regina-mater-ecclesiae-un-giorno-di-grazia-e-unita\\\/#primaryimage\"},\"image\":{\"@id\":\"https:\\\/\\\/schoenstatt.com\\\/it\\\/incoronazione-di-maria-regina-mater-ecclesiae-un-giorno-di-grazia-e-unita\\\/#primaryimage\"},\"thumbnailUrl\":\"https:\\\/\\\/schoenstatt.com\\\/wp-content\\\/uploads\\\/2025\\\/06\\\/Belmonte-coronation-4.jpg\",\"datePublished\":\"2025-06-12T17:03:57+00:00\",\"dateModified\":\"2025-06-12T17:58:54+00:00\",\"description\":\"La Madre di Dio riceve la corona e tutto l'amore della Famiglia Internazionale di Schoenstatt a Belmonte.\",\"breadcrumb\":{\"@id\":\"https:\\\/\\\/schoenstatt.com\\\/it\\\/incoronazione-di-maria-regina-mater-ecclesiae-un-giorno-di-grazia-e-unita\\\/#breadcrumb\"},\"inLanguage\":\"it-IT\",\"potentialAction\":[{\"@type\":\"ReadAction\",\"target\":[\"https:\\\/\\\/schoenstatt.com\\\/it\\\/incoronazione-di-maria-regina-mater-ecclesiae-un-giorno-di-grazia-e-unita\\\/\"]}]},{\"@type\":\"ImageObject\",\"inLanguage\":\"it-IT\",\"@id\":\"https:\\\/\\\/schoenstatt.com\\\/it\\\/incoronazione-di-maria-regina-mater-ecclesiae-un-giorno-di-grazia-e-unita\\\/#primaryimage\",\"url\":\"https:\\\/\\\/schoenstatt.com\\\/wp-content\\\/uploads\\\/2025\\\/06\\\/Belmonte-coronation-4.jpg\",\"contentUrl\":\"https:\\\/\\\/schoenstatt.com\\\/wp-content\\\/uploads\\\/2025\\\/06\\\/Belmonte-coronation-4.jpg\",\"width\":2048,\"height\":1152},{\"@type\":\"BreadcrumbList\",\"@id\":\"https:\\\/\\\/schoenstatt.com\\\/it\\\/incoronazione-di-maria-regina-mater-ecclesiae-un-giorno-di-grazia-e-unita\\\/#breadcrumb\",\"itemListElement\":[{\"@type\":\"ListItem\",\"position\":1,\"name\":\"Portada\",\"item\":\"https:\\\/\\\/schoenstatt.com\\\/it\\\/home\\\/\"},{\"@type\":\"ListItem\",\"position\":2,\"name\":\"Incoronazione di Maria Regina Mater Ecclesiae: un Giorno di Grazia e Unit\u00e0\"}]},{\"@type\":\"WebSite\",\"@id\":\"https:\\\/\\\/schoenstatt.com\\\/it\\\/#website\",\"url\":\"https:\\\/\\\/schoenstatt.com\\\/it\\\/\",\"name\":\"Schoenstatt\",\"description\":\"Apostolic Movement\",\"publisher\":{\"@id\":\"https:\\\/\\\/schoenstatt.com\\\/it\\\/#organization\"},\"potentialAction\":[{\"@type\":\"SearchAction\",\"target\":{\"@type\":\"EntryPoint\",\"urlTemplate\":\"https:\\\/\\\/schoenstatt.com\\\/it\\\/?s={search_term_string}\"},\"query-input\":{\"@type\":\"PropertyValueSpecification\",\"valueRequired\":true,\"valueName\":\"search_term_string\"}}],\"inLanguage\":\"it-IT\"},{\"@type\":\"Organization\",\"@id\":\"https:\\\/\\\/schoenstatt.com\\\/it\\\/#organization\",\"name\":\"Schoenstatt\",\"url\":\"https:\\\/\\\/schoenstatt.com\\\/it\\\/\",\"logo\":{\"@type\":\"ImageObject\",\"inLanguage\":\"it-IT\",\"@id\":\"https:\\\/\\\/schoenstatt.com\\\/it\\\/#\\\/schema\\\/logo\\\/image\\\/\",\"url\":\"https:\\\/\\\/schoenstatt.com\\\/wp-content\\\/uploads\\\/2025\\\/04\\\/logo-schoenstatt-white-696x696-1.png\",\"contentUrl\":\"https:\\\/\\\/schoenstatt.com\\\/wp-content\\\/uploads\\\/2025\\\/04\\\/logo-schoenstatt-white-696x696-1.png\",\"width\":696,\"height\":694,\"caption\":\"Schoenstatt\"},\"image\":{\"@id\":\"https:\\\/\\\/schoenstatt.com\\\/it\\\/#\\\/schema\\\/logo\\\/image\\\/\"}},{\"@type\":\"Person\",\"@id\":\"https:\\\/\\\/schoenstatt.com\\\/it\\\/#\\\/schema\\\/person\\\/5158877ad4acae98b34daaeef2a1ce6e\",\"name\":\"Karen Bueno\",\"image\":{\"@type\":\"ImageObject\",\"inLanguage\":\"it-IT\",\"@id\":\"https:\\\/\\\/secure.gravatar.com\\\/avatar\\\/f9f4b823873154269d2b2130f195f6d41037dd0d7fc5f3cacb5c846bae70d66b?s=96&d=mm&r=g\",\"url\":\"https:\\\/\\\/secure.gravatar.com\\\/avatar\\\/f9f4b823873154269d2b2130f195f6d41037dd0d7fc5f3cacb5c846bae70d66b?s=96&d=mm&r=g\",\"contentUrl\":\"https:\\\/\\\/secure.gravatar.com\\\/avatar\\\/f9f4b823873154269d2b2130f195f6d41037dd0d7fc5f3cacb5c846bae70d66b?s=96&d=mm&r=g\",\"caption\":\"Karen Bueno\"},\"url\":\"https:\\\/\\\/schoenstatt.com\\\/it\\\/author\\\/karen-bueno\\\/\"}]}<\/script>\n<!-- \/ Yoast SEO Premium plugin. -->","yoast_head_json":{"title":"Incoronazione di Maria Regina Mater Ecclesiae: un Giorno di Grazia e Unit\u00e0","description":"La Madre di Dio riceve la corona e tutto l'amore della Famiglia Internazionale di Schoenstatt a Belmonte.","robots":{"index":"index","follow":"follow","max-snippet":"max-snippet:-1","max-image-preview":"max-image-preview:large","max-video-preview":"max-video-preview:-1"},"canonical":"https:\/\/schoenstatt.com\/it\/incoronazione-di-maria-regina-mater-ecclesiae-un-giorno-di-grazia-e-unita\/","og_locale":"it_IT","og_type":"article","og_title":"Incoronazione di Maria Regina Mater Ecclesiae: un Giorno di Grazia e Unit\u00e0","og_description":"La Madre di Dio riceve la corona e tutto l'amore della Famiglia Internazionale di Schoenstatt a Belmonte.","og_url":"https:\/\/schoenstatt.com\/it\/incoronazione-di-maria-regina-mater-ecclesiae-un-giorno-di-grazia-e-unita\/","og_site_name":"Schoenstatt","article_published_time":"2025-06-12T17:03:57+00:00","article_modified_time":"2025-06-12T17:58:54+00:00","og_image":[{"url":"https:\/\/schoenstatt.com\/wp-content\/uploads\/2025\/06\/Belmonte-coronation-4.jpg","width":2048,"height":1152,"type":"image\/jpeg"}],"author":"Karen Bueno","twitter_card":"summary_large_image","twitter_misc":{"Scritto da":"Karen Bueno","Tempo di lettura stimato":"4 minuti"},"schema":{"@context":"https:\/\/schema.org","@graph":[{"@type":"Article","@id":"https:\/\/schoenstatt.com\/it\/incoronazione-di-maria-regina-mater-ecclesiae-un-giorno-di-grazia-e-unita\/#article","isPartOf":{"@id":"https:\/\/schoenstatt.com\/it\/incoronazione-di-maria-regina-mater-ecclesiae-un-giorno-di-grazia-e-unita\/"},"author":{"name":"Karen Bueno","@id":"https:\/\/schoenstatt.com\/it\/#\/schema\/person\/5158877ad4acae98b34daaeef2a1ce6e"},"headline":"Incoronazione di Maria Regina Mater Ecclesiae: un Giorno di Grazia e Unit\u00e0","datePublished":"2025-06-12T17:03:57+00:00","dateModified":"2025-06-12T17:58:54+00:00","mainEntityOfPage":{"@id":"https:\/\/schoenstatt.com\/it\/incoronazione-di-maria-regina-mater-ecclesiae-un-giorno-di-grazia-e-unita\/"},"wordCount":406,"publisher":{"@id":"https:\/\/schoenstatt.com\/it\/#organization"},"image":{"@id":"https:\/\/schoenstatt.com\/it\/incoronazione-di-maria-regina-mater-ecclesiae-un-giorno-di-grazia-e-unita\/#primaryimage"},"thumbnailUrl":"https:\/\/schoenstatt.com\/wp-content\/uploads\/2025\/06\/Belmonte-coronation-4.jpg","keywords":["Belmonte - Roma"],"articleSection":["Eventi"],"inLanguage":"it-IT"},{"@type":"WebPage","@id":"https:\/\/schoenstatt.com\/it\/incoronazione-di-maria-regina-mater-ecclesiae-un-giorno-di-grazia-e-unita\/","url":"https:\/\/schoenstatt.com\/it\/incoronazione-di-maria-regina-mater-ecclesiae-un-giorno-di-grazia-e-unita\/","name":"Incoronazione di Maria Regina Mater Ecclesiae: un Giorno di Grazia e Unit\u00e0","isPartOf":{"@id":"https:\/\/schoenstatt.com\/it\/#website"},"primaryImageOfPage":{"@id":"https:\/\/schoenstatt.com\/it\/incoronazione-di-maria-regina-mater-ecclesiae-un-giorno-di-grazia-e-unita\/#primaryimage"},"image":{"@id":"https:\/\/schoenstatt.com\/it\/incoronazione-di-maria-regina-mater-ecclesiae-un-giorno-di-grazia-e-unita\/#primaryimage"},"thumbnailUrl":"https:\/\/schoenstatt.com\/wp-content\/uploads\/2025\/06\/Belmonte-coronation-4.jpg","datePublished":"2025-06-12T17:03:57+00:00","dateModified":"2025-06-12T17:58:54+00:00","description":"La Madre di Dio riceve la corona e tutto l'amore della Famiglia Internazionale di Schoenstatt a Belmonte.","breadcrumb":{"@id":"https:\/\/schoenstatt.com\/it\/incoronazione-di-maria-regina-mater-ecclesiae-un-giorno-di-grazia-e-unita\/#breadcrumb"},"inLanguage":"it-IT","potentialAction":[{"@type":"ReadAction","target":["https:\/\/schoenstatt.com\/it\/incoronazione-di-maria-regina-mater-ecclesiae-un-giorno-di-grazia-e-unita\/"]}]},{"@type":"ImageObject","inLanguage":"it-IT","@id":"https:\/\/schoenstatt.com\/it\/incoronazione-di-maria-regina-mater-ecclesiae-un-giorno-di-grazia-e-unita\/#primaryimage","url":"https:\/\/schoenstatt.com\/wp-content\/uploads\/2025\/06\/Belmonte-coronation-4.jpg","contentUrl":"https:\/\/schoenstatt.com\/wp-content\/uploads\/2025\/06\/Belmonte-coronation-4.jpg","width":2048,"height":1152},{"@type":"BreadcrumbList","@id":"https:\/\/schoenstatt.com\/it\/incoronazione-di-maria-regina-mater-ecclesiae-un-giorno-di-grazia-e-unita\/#breadcrumb","itemListElement":[{"@type":"ListItem","position":1,"name":"Portada","item":"https:\/\/schoenstatt.com\/it\/home\/"},{"@type":"ListItem","position":2,"name":"Incoronazione di Maria Regina Mater Ecclesiae: un Giorno di Grazia e Unit\u00e0"}]},{"@type":"WebSite","@id":"https:\/\/schoenstatt.com\/it\/#website","url":"https:\/\/schoenstatt.com\/it\/","name":"Schoenstatt","description":"Apostolic Movement","publisher":{"@id":"https:\/\/schoenstatt.com\/it\/#organization"},"potentialAction":[{"@type":"SearchAction","target":{"@type":"EntryPoint","urlTemplate":"https:\/\/schoenstatt.com\/it\/?s={search_term_string}"},"query-input":{"@type":"PropertyValueSpecification","valueRequired":true,"valueName":"search_term_string"}}],"inLanguage":"it-IT"},{"@type":"Organization","@id":"https:\/\/schoenstatt.com\/it\/#organization","name":"Schoenstatt","url":"https:\/\/schoenstatt.com\/it\/","logo":{"@type":"ImageObject","inLanguage":"it-IT","@id":"https:\/\/schoenstatt.com\/it\/#\/schema\/logo\/image\/","url":"https:\/\/schoenstatt.com\/wp-content\/uploads\/2025\/04\/logo-schoenstatt-white-696x696-1.png","contentUrl":"https:\/\/schoenstatt.com\/wp-content\/uploads\/2025\/04\/logo-schoenstatt-white-696x696-1.png","width":696,"height":694,"caption":"Schoenstatt"},"image":{"@id":"https:\/\/schoenstatt.com\/it\/#\/schema\/logo\/image\/"}},{"@type":"Person","@id":"https:\/\/schoenstatt.com\/it\/#\/schema\/person\/5158877ad4acae98b34daaeef2a1ce6e","name":"Karen Bueno","image":{"@type":"ImageObject","inLanguage":"it-IT","@id":"https:\/\/secure.gravatar.com\/avatar\/f9f4b823873154269d2b2130f195f6d41037dd0d7fc5f3cacb5c846bae70d66b?s=96&d=mm&r=g","url":"https:\/\/secure.gravatar.com\/avatar\/f9f4b823873154269d2b2130f195f6d41037dd0d7fc5f3cacb5c846bae70d66b?s=96&d=mm&r=g","contentUrl":"https:\/\/secure.gravatar.com\/avatar\/f9f4b823873154269d2b2130f195f6d41037dd0d7fc5f3cacb5c846bae70d66b?s=96&d=mm&r=g","caption":"Karen Bueno"},"url":"https:\/\/schoenstatt.com\/it\/author\/karen-bueno\/"}]}},"_links":{"self":[{"href":"https:\/\/schoenstatt.com\/it\/wp-json\/wp\/v2\/posts\/59772","targetHints":{"allow":["GET"]}}],"collection":[{"href":"https:\/\/schoenstatt.com\/it\/wp-json\/wp\/v2\/posts"}],"about":[{"href":"https:\/\/schoenstatt.com\/it\/wp-json\/wp\/v2\/types\/post"}],"author":[{"embeddable":true,"href":"https:\/\/schoenstatt.com\/it\/wp-json\/wp\/v2\/users\/3"}],"replies":[{"embeddable":true,"href":"https:\/\/schoenstatt.com\/it\/wp-json\/wp\/v2\/comments?post=59772"}],"version-history":[{"count":1,"href":"https:\/\/schoenstatt.com\/it\/wp-json\/wp\/v2\/posts\/59772\/revisions"}],"predecessor-version":[{"id":59773,"href":"https:\/\/schoenstatt.com\/it\/wp-json\/wp\/v2\/posts\/59772\/revisions\/59773"}],"wp:featuredmedia":[{"embeddable":true,"href":"https:\/\/schoenstatt.com\/it\/wp-json\/wp\/v2\/media\/59734"}],"wp:attachment":[{"href":"https:\/\/schoenstatt.com\/it\/wp-json\/wp\/v2\/media?parent=59772"}],"wp:term":[{"taxonomy":"category","embeddable":true,"href":"https:\/\/schoenstatt.com\/it\/wp-json\/wp\/v2\/categories?post=59772"},{"taxonomy":"post_tag","embeddable":true,"href":"https:\/\/schoenstatt.com\/it\/wp-json\/wp\/v2\/tags?post=59772"}],"curies":[{"name":"wp","href":"https:\/\/api.w.org\/{rel}","templated":true}]}}