{"id":59555,"date":"2025-06-06T19:13:08","date_gmt":"2025-06-06T17:13:08","guid":{"rendered":"https:\/\/schoenstatt.com\/?p=59555"},"modified":"2025-06-06T20:39:26","modified_gmt":"2025-06-06T18:39:26","slug":"papa-leone-xiv-riceve-in-dono-la-croce-dellunita","status":"publish","type":"post","link":"https:\/\/schoenstatt.com\/it\/papa-leone-xiv-riceve-in-dono-la-croce-dellunita\/","title":{"rendered":"Papa Leone XIV riceve in dono la Croce dell&#8217;Unit\u00e0"},"content":{"rendered":"\n<p>Mercoled\u00ec 4 giugno, durante l&#8217;udienza generale, Papa Leone XIV ha ricevuto in dono una Croce dell&#8217;Unit\u00e0. Cecilia e Javier Carbonere, della <a href=\"https:\/\/schoenstatt.com\/it\/nella-comunita\/famiglie\/federazione-della-famiglia\/\">Federazione delle Famiglie<\/a> dell\u2019Argentina, accompagnati da padre Ludovico Tedeschi, hanno avuto l\u2019opportunit\u00e0 di consegnargliela. Cecilia ha ringraziato il Santo Padre in spagnolo per il suo \u201cs\u00ec\u201d alla chiamata di Dio a essere il successore di Pietro. Javier ha aggiunto che la Croce dell\u2019Unit\u00e0 ha un significato molto profondo per il Movimento di Schoenstatt e che desideravano donargliela.<\/p>\n\n\n\n<p>Insieme hanno recitato una parte della preghiera che si pronuncia quando la Croce dell\u2019Unit\u00e0 \u00e8 in pellegrinaggio nella Famiglia di Schoenstatt nei vari Paesi. Il Santo Padre ha espresso la sua gratitudine prendendola tra le mani e commentando: \u201cChe bella croce\u201d. Quando Cecilia e Javier hanno fatto il gesto di andarsene, il Santo Padre, sorridendo, ha detto: \u201cOra facciamo una foto\u201d, e si \u00e8 posizionato affinch\u00e9 i fotografi potessero scattare l\u2019immagine frontalmente.<\/p>\n\n\n\n<p>Poich\u00e9 si trattava del primo incontro pubblico dei membri del Movimento con Papa Leone, la foto \u00e8 rapidamente diventata virale sui social media. Nel 2020, Cecilia e Javier avevano preso l\u2019iniziativa di portare la Croce dell\u2019Unit\u00e0 in pellegrinaggio in vari Paesi.<\/p>\n\n\n\n<figure class=\"wp-block-image aligncenter size-full\"><img fetchpriority=\"high\" decoding=\"async\" width=\"1280\" height=\"853\" src=\"https:\/\/schoenstatt.com\/wp-content\/uploads\/2025\/06\/Pope-Leo-XIV-Unity-Cross-Rome-2.jpeg\" alt=\"\" class=\"wp-image-59527\" srcset=\"https:\/\/schoenstatt.com\/wp-content\/uploads\/2025\/06\/Pope-Leo-XIV-Unity-Cross-Rome-2.jpeg 1280w, https:\/\/schoenstatt.com\/wp-content\/uploads\/2025\/06\/Pope-Leo-XIV-Unity-Cross-Rome-2-768x512.jpeg 768w\" sizes=\"(max-width: 1280px) 100vw, 1280px\" \/><\/figure>\n\n\n\n<p>La croce donata al Papa \u00e8 stata benedetta e inviata dal Santuario Originale di Schoenstatt, come racconta Javier in un\u2019intervista:<\/p>\n\n\n\n<h3 class=\"wp-block-heading\" id=\"h-com-e-stato-possibile-incontrare-il-papa\">Com\u2019\u00e8 stato possibile incontrare il Papa?<\/h3>\n\n\n\n<p>Padre Ludovico Tedeschi \u00e8 il nostro assistente nella Federazione delle Famiglie di Schoenstatt. Siamo membri del Corso 29 della Federazione delle Famiglie dell\u2019Argentina. Conosciamo Padre Ludovico da diversi anni e abbiamo un legame molto stretto con lui.<\/p>\n\n\n\n<p>A met\u00e0 degli anni 2020 \u00e8 nata una corrente di vita chiamata \u201c<a href=\"https:\/\/www.cruzdelanuevaunidad.org\/\" target=\"_blank\" rel=\"noreferrer noopener\">Croce della Nuova Unit\u00e0<\/a>\u201d.<\/p>\n\n\n\n<p>In questo contesto, e considerando che saremmo stati in Europa per il Giubileo del 75\u00ba anniversario della Federazione delle Famiglie, Padre Ludovico ha pensato che sarebbe stata una buona idea invitarci a un incontro con il Santo Padre e, in quell\u2019occasione, portargli in dono la Croce dell\u2019Unit\u00e0.<\/p>\n\n\n\n<p>\u00c8 stata una giornata di Cielo. Una grande emozione. Qualcosa che n\u00e9 io n\u00e9 mia moglie avremmo mai immaginato. Salutare personalmente un Papa? Stringergli la mano? Non avremmo mai pensato che un giorno avremmo potuto consegnargli questo simbolo tanto amato di Schoenstatt, la Croce dell\u2019Unit\u00e0, che \u00e8 un dono per la Chiesa e per il mondo.<\/p>\n\n\n\n<figure class=\"wp-block-image aligncenter size-full\"><img decoding=\"async\" width=\"1280\" height=\"853\" src=\"https:\/\/schoenstatt.com\/wp-content\/uploads\/2025\/06\/Pope-Leo-XIV-Unity-Cross-Rome-1.jpeg\" alt=\"\" class=\"wp-image-59532\" srcset=\"https:\/\/schoenstatt.com\/wp-content\/uploads\/2025\/06\/Pope-Leo-XIV-Unity-Cross-Rome-1.jpeg 1280w, https:\/\/schoenstatt.com\/wp-content\/uploads\/2025\/06\/Pope-Leo-XIV-Unity-Cross-Rome-1-768x512.jpeg 768w\" sizes=\"(max-width: 1280px) 100vw, 1280px\" \/><\/figure>\n\n\n\n<h3 class=\"wp-block-heading\" id=\"h-di-cosa-si-tratta-questo-flusso-di-vita\">Di cosa si tratta questo flusso di vita?<\/h3>\n\n\n\n<p>Col tempo, due aspetti sono emersi all&#8217;interno di questo corrente di vita. Il primo \u00e8 stato la Croce dell&#8217;Unit\u00e0 Pellegrina. Nel 2022 abbiamo commissionato una Croce dell&#8217;Unit\u00e0 a una Signora di Schoenstatt e questa Croce \u00e8 stata portata al Santuario Originale, dove \u00e8 stata benedetta e inviata da Padre Pablo Pol per andare in pellegrinaggio in Argentina. In questo modo, ha visitato santuari, parrocchie, scuole, ospedali e famiglie in tutto il paese, percorrendo oltre 20.000 km. Padre Pablo Perez ci ha aiutato molto in questo compito. Poi, l\u2019Argentina ha donato una Croce dell\u2019Unit\u00e0 all\u2019Ecuador, e l\u2019Ecuador ha ricambiato facendo lo stesso con la Colombia. La Colombia ha poi donato una Croce alla Germania, e la Germania ha ricambiato donandone una agli Stati Uniti. Recentemente, questi ultimi hanno ricambiato con il Canada. E cos\u00ec, ogni paese che ha ricevuto una Croce ne ha donata un\u2019altra in cambio. E in ogni luogo in cui arriva la Croce, essa inizia un pellegrinaggio, attraversando sempre i confini di Schoenstatt. Tutte le croci pellegrine sono benedette e inviate dal Santuario Originale.<\/p>\n\n\n\n<p>Il secondo aspetto di questo flusso \u00e8 emerso alla fine del 2024, concentrandosi sulla Consacrazione a Cristo e a Maria attraverso la Croce dell\u2019Unit\u00e0. In preparazione a ci\u00f2, \u00e8 stata sviluppata una novena di Consacrazione a Cristo e a Maria, che \u00e8 stata pregata in diversi santuari durante il tempo pasquale. Anche Padre Santiago Ferrero, Direttore Nazionale del Movimento in Argentina, ci sta aiutando in questa nuova fase.<\/p>\n\n\n\n<h3 class=\"wp-block-heading\" id=\"h-perche-avete-deciso-di-donare-la-croce-dell-unita-al-papa\">Perch\u00e9 avete deciso di donare la Croce dell&#8217;Unit\u00e0 al Papa?<\/h3>\n\n\n\n<p>Nel progetto, comprendiamo che la Croce dell\u2019Unit\u00e0 \u00e8 un tesoro. Ma non un tesoro da conservare, bens\u00ec da condividere. \u00c8 la Croce vittoriosa in cui Cristo e Maria ci donano la salvezza. \u00c8 la Croce in cui Dio ci conferma che da un male trae sempre un bene maggiore.<\/p>\n\n\n\n<p>Come dice Padre Benjamin Pereira, \u00e8 la Croce dei legami. Su quattro livelli molto concreti:<\/p>\n\n\n\n<p>&#8211; il legame di Ges\u00f9 con Dio Padre. Quel Figlio che, per amore, \u00e8 disposto a compiere la volont\u00e0 del Padre suo;<\/p>\n\n\n\n<p>&#8211; il legame di Cristo con sua madre, che, dal grembo alla Croce, lo accompagna fedelmente nel piano di redenzione;<\/p>\n\n\n\n<p>&#8211; \u00c8 il legame tra il naturale e il soprannaturale. Tra il cielo e la terra;<\/p>\n\n\n\n<p>&#8211; Infine, rappresenta il legame tra gli uomini che, uniti in Cristo e Maria, si riconoscono figli dello stesso Padre.<\/p>\n\n\n\n<p>Infine, per questo e molto altro, sentiamo che la Croce dell\u2019Unit\u00e0 \u00e8 un dono di Schoenstatt per la Chiesa e per il mondo. Siamo infiammati dalla missione di portare Cristo e Maria nella Croce dell\u2019Unit\u00e0 in ogni angolo, ai margini, a chi soffre, a chi \u00e8 malato, a chi \u00e8 solo, ai bambini, ai giovani, agli anziani, alle famiglie.<\/p>\n\n\n\n<p>Quando \u00e8 sorta la possibilit\u00e0 di visitare il Santo Padre, ci siamo subito messi in contatto con Tere Quiroz dell\u2019Ecuador, una grande collaboratrice del progetto, per ordinare una Croce dell\u2019Unit\u00e0. Poi Priscila Loor \u00e8 andata al Santuario Originale, e l\u00ec Padre Felipe R\u00edos ha benedetto e inviato la Croce che \u00e8 stata donata al Santo Padre.<\/p>\n\n\n\n<figure class=\"wp-block-image aligncenter size-full\"><img decoding=\"async\" width=\"1280\" height=\"853\" src=\"https:\/\/schoenstatt.com\/wp-content\/uploads\/2025\/06\/Pope-Leo-XIV-Unity-Cross-Rome-3.jpeg\" alt=\"\" class=\"wp-image-59537\" srcset=\"https:\/\/schoenstatt.com\/wp-content\/uploads\/2025\/06\/Pope-Leo-XIV-Unity-Cross-Rome-3.jpeg 1280w, https:\/\/schoenstatt.com\/wp-content\/uploads\/2025\/06\/Pope-Leo-XIV-Unity-Cross-Rome-3-768x512.jpeg 768w\" sizes=\"(max-width: 1280px) 100vw, 1280px\" \/><\/figure>\n\n\n\n<h3 class=\"wp-block-heading\" id=\"h-com-e-andato-l-incontro-con-il-papa-siete-riusciti-a-parlare\">Com\u2019\u00e8 andato l\u2019incontro con il Papa? Siete riusciti a parlare?<\/h3>\n\n\n\n<p>L\u2019incontro con il Santo Padre \u00e8 stato un momento celestiale. \u00c8 stato molto emozionante. Ha salutato ciascuno di noi personalmente. Ci ha stretto la mano e, con un\u2019espressione di affetto, ha guardato ognuno di noi con uno sguardo profondo negli occhi. Gli ho detto che avevamo portato un dono a nome della Famiglia di Schoenstatt. Era la Croce dell\u2019Unit\u00e0, un simbolo molto importante per noi. Abbiamo pregato un versetto della preghiera del tempo attuale, che dice: \u201cTi supplico, insegnami ad essere uno con tutti, a cercare la pace e ad essere uno strumento di speranza.\u201d<\/p>\n\n\n\n<p>Padre Ludovico gli ha detto che eravamo una coppia di Schoenstatt proveniente dall\u2019Argentina.<\/p>\n\n\n\n<p>Poi Ceci gli ha detto che lo ringraziava per il suo \u201cs\u00ec\u201d, che lo aveva affidato alla Madre Benedetta e che avevano pregato per lui. Il Santo Padre l\u2019ha ringraziata.<\/p>\n\n\n\n<p>Successivamente, Ceci gli ha donato la Croce dell\u2019Unit\u00e0.<\/p>\n\n\n\n<p>Infine, Leo XIV ha chiesto al fotografo ufficiale del Vaticano di scattare una foto a noi quattro, mostrandoci tutti molto felici e il Santo Padre mentre riceveva il dono di Schoenstatt per la Chiesa. Abbiamo pregato e chiesto a tutti di unirsi a noi nella preghiera, specialmente per i frutti di questo incontro.<\/p>\n\n\n\n<p><strong>Traduzione:<\/strong> Eugenio Minici<\/p>\n","protected":false},"excerpt":{"rendered":"<p>Un Padre di Schoenstatt e una coppia della Federazione delle Famiglie hanno donato a Papa Leone XIV la Croce dell&#8217;Unit\u00e0.<\/p>\n","protected":false},"author":3,"featured_media":59525,"comment_status":"closed","ping_status":"closed","sticky":false,"template":"","format":"standard","meta":{"footnotes":""},"categories":[867],"tags":[],"class_list":["post-59555","post","type-post","status-publish","format-standard","has-post-thumbnail","hentry","category-chiesa-it"],"yoast_head":"<!-- This site is optimized with the Yoast SEO Premium plugin v27.4 (Yoast SEO v27.5) - https:\/\/yoast.com\/product\/yoast-seo-premium-wordpress\/ -->\n<title>Papa Leone XIV riceve in dono la Croce dell&#039;Unit\u00e0 - Schoenstatt<\/title>\n<meta name=\"description\" content=\"Un Padre di Schoenstatt e una coppia della Federazione delle Famiglie hanno donato a Papa Leone XIV la Croce dell&#039;Unit\u00e0.\" \/>\n<meta name=\"robots\" content=\"index, follow, max-snippet:-1, max-image-preview:large, max-video-preview:-1\" \/>\n<link rel=\"canonical\" href=\"https:\/\/schoenstatt.com\/it\/papa-leone-xiv-riceve-in-dono-la-croce-dellunita\/\" \/>\n<meta property=\"og:locale\" content=\"it_IT\" \/>\n<meta property=\"og:type\" content=\"article\" \/>\n<meta property=\"og:title\" content=\"Papa Leone XIV riceve in dono la Croce dell&#039;Unit\u00e0\" \/>\n<meta property=\"og:description\" content=\"Un Padre di Schoenstatt e una coppia della Federazione delle Famiglie hanno donato a Papa Leone XIV la Croce dell&#039;Unit\u00e0.\" \/>\n<meta property=\"og:url\" content=\"https:\/\/schoenstatt.com\/it\/papa-leone-xiv-riceve-in-dono-la-croce-dellunita\/\" \/>\n<meta property=\"og:site_name\" content=\"Schoenstatt\" \/>\n<meta property=\"article:published_time\" content=\"2025-06-06T17:13:08+00:00\" \/>\n<meta property=\"article:modified_time\" content=\"2025-06-06T18:39:26+00:00\" \/>\n<meta property=\"og:image\" content=\"https:\/\/schoenstatt.com\/wp-content\/uploads\/2025\/06\/Pope-Leo-XIV-Unity-Cross.jpg\" \/>\n\t<meta property=\"og:image:width\" content=\"1280\" \/>\n\t<meta property=\"og:image:height\" content=\"772\" \/>\n\t<meta property=\"og:image:type\" content=\"image\/jpeg\" \/>\n<meta name=\"author\" content=\"Karen Bueno\" \/>\n<meta name=\"twitter:card\" content=\"summary_large_image\" \/>\n<meta name=\"twitter:label1\" content=\"Scritto da\" \/>\n\t<meta name=\"twitter:data1\" content=\"Karen Bueno\" \/>\n\t<meta name=\"twitter:label2\" content=\"Tempo di lettura stimato\" \/>\n\t<meta name=\"twitter:data2\" content=\"7 minuti\" \/>\n<script type=\"application\/ld+json\" class=\"yoast-schema-graph\">{\"@context\":\"https:\\\/\\\/schema.org\",\"@graph\":[{\"@type\":\"Article\",\"@id\":\"https:\\\/\\\/schoenstatt.com\\\/it\\\/papa-leone-xiv-riceve-in-dono-la-croce-dellunita\\\/#article\",\"isPartOf\":{\"@id\":\"https:\\\/\\\/schoenstatt.com\\\/it\\\/papa-leone-xiv-riceve-in-dono-la-croce-dellunita\\\/\"},\"author\":{\"name\":\"Karen Bueno\",\"@id\":\"https:\\\/\\\/schoenstatt.com\\\/it\\\/#\\\/schema\\\/person\\\/5158877ad4acae98b34daaeef2a1ce6e\"},\"headline\":\"Papa Leone XIV riceve in dono la Croce dell&#8217;Unit\u00e0\",\"datePublished\":\"2025-06-06T17:13:08+00:00\",\"dateModified\":\"2025-06-06T18:39:26+00:00\",\"mainEntityOfPage\":{\"@id\":\"https:\\\/\\\/schoenstatt.com\\\/it\\\/papa-leone-xiv-riceve-in-dono-la-croce-dellunita\\\/\"},\"wordCount\":1115,\"publisher\":{\"@id\":\"https:\\\/\\\/schoenstatt.com\\\/it\\\/#organization\"},\"image\":{\"@id\":\"https:\\\/\\\/schoenstatt.com\\\/it\\\/papa-leone-xiv-riceve-in-dono-la-croce-dellunita\\\/#primaryimage\"},\"thumbnailUrl\":\"https:\\\/\\\/schoenstatt.com\\\/wp-content\\\/uploads\\\/2025\\\/06\\\/Pope-Leo-XIV-Unity-Cross.jpg\",\"articleSection\":[\"Chiesa\"],\"inLanguage\":\"it-IT\"},{\"@type\":\"WebPage\",\"@id\":\"https:\\\/\\\/schoenstatt.com\\\/it\\\/papa-leone-xiv-riceve-in-dono-la-croce-dellunita\\\/\",\"url\":\"https:\\\/\\\/schoenstatt.com\\\/it\\\/papa-leone-xiv-riceve-in-dono-la-croce-dellunita\\\/\",\"name\":\"Papa Leone XIV riceve in dono la Croce dell'Unit\u00e0 - Schoenstatt\",\"isPartOf\":{\"@id\":\"https:\\\/\\\/schoenstatt.com\\\/it\\\/#website\"},\"primaryImageOfPage\":{\"@id\":\"https:\\\/\\\/schoenstatt.com\\\/it\\\/papa-leone-xiv-riceve-in-dono-la-croce-dellunita\\\/#primaryimage\"},\"image\":{\"@id\":\"https:\\\/\\\/schoenstatt.com\\\/it\\\/papa-leone-xiv-riceve-in-dono-la-croce-dellunita\\\/#primaryimage\"},\"thumbnailUrl\":\"https:\\\/\\\/schoenstatt.com\\\/wp-content\\\/uploads\\\/2025\\\/06\\\/Pope-Leo-XIV-Unity-Cross.jpg\",\"datePublished\":\"2025-06-06T17:13:08+00:00\",\"dateModified\":\"2025-06-06T18:39:26+00:00\",\"description\":\"Un Padre di Schoenstatt e una coppia della Federazione delle Famiglie hanno donato a Papa Leone XIV la Croce dell'Unit\u00e0.\",\"breadcrumb\":{\"@id\":\"https:\\\/\\\/schoenstatt.com\\\/it\\\/papa-leone-xiv-riceve-in-dono-la-croce-dellunita\\\/#breadcrumb\"},\"inLanguage\":\"it-IT\",\"potentialAction\":[{\"@type\":\"ReadAction\",\"target\":[\"https:\\\/\\\/schoenstatt.com\\\/it\\\/papa-leone-xiv-riceve-in-dono-la-croce-dellunita\\\/\"]}]},{\"@type\":\"ImageObject\",\"inLanguage\":\"it-IT\",\"@id\":\"https:\\\/\\\/schoenstatt.com\\\/it\\\/papa-leone-xiv-riceve-in-dono-la-croce-dellunita\\\/#primaryimage\",\"url\":\"https:\\\/\\\/schoenstatt.com\\\/wp-content\\\/uploads\\\/2025\\\/06\\\/Pope-Leo-XIV-Unity-Cross.jpg\",\"contentUrl\":\"https:\\\/\\\/schoenstatt.com\\\/wp-content\\\/uploads\\\/2025\\\/06\\\/Pope-Leo-XIV-Unity-Cross.jpg\",\"width\":1280,\"height\":772},{\"@type\":\"BreadcrumbList\",\"@id\":\"https:\\\/\\\/schoenstatt.com\\\/it\\\/papa-leone-xiv-riceve-in-dono-la-croce-dellunita\\\/#breadcrumb\",\"itemListElement\":[{\"@type\":\"ListItem\",\"position\":1,\"name\":\"Portada\",\"item\":\"https:\\\/\\\/schoenstatt.com\\\/it\\\/home\\\/\"},{\"@type\":\"ListItem\",\"position\":2,\"name\":\"Papa Leone XIV riceve in dono la Croce dell&#8217;Unit\u00e0\"}]},{\"@type\":\"WebSite\",\"@id\":\"https:\\\/\\\/schoenstatt.com\\\/it\\\/#website\",\"url\":\"https:\\\/\\\/schoenstatt.com\\\/it\\\/\",\"name\":\"Schoenstatt\",\"description\":\"Apostolic Movement\",\"publisher\":{\"@id\":\"https:\\\/\\\/schoenstatt.com\\\/it\\\/#organization\"},\"potentialAction\":[{\"@type\":\"SearchAction\",\"target\":{\"@type\":\"EntryPoint\",\"urlTemplate\":\"https:\\\/\\\/schoenstatt.com\\\/it\\\/?s={search_term_string}\"},\"query-input\":{\"@type\":\"PropertyValueSpecification\",\"valueRequired\":true,\"valueName\":\"search_term_string\"}}],\"inLanguage\":\"it-IT\"},{\"@type\":\"Organization\",\"@id\":\"https:\\\/\\\/schoenstatt.com\\\/it\\\/#organization\",\"name\":\"Schoenstatt\",\"url\":\"https:\\\/\\\/schoenstatt.com\\\/it\\\/\",\"logo\":{\"@type\":\"ImageObject\",\"inLanguage\":\"it-IT\",\"@id\":\"https:\\\/\\\/schoenstatt.com\\\/it\\\/#\\\/schema\\\/logo\\\/image\\\/\",\"url\":\"https:\\\/\\\/schoenstatt.com\\\/wp-content\\\/uploads\\\/2025\\\/04\\\/logo-schoenstatt-white-696x696-1.png\",\"contentUrl\":\"https:\\\/\\\/schoenstatt.com\\\/wp-content\\\/uploads\\\/2025\\\/04\\\/logo-schoenstatt-white-696x696-1.png\",\"width\":696,\"height\":694,\"caption\":\"Schoenstatt\"},\"image\":{\"@id\":\"https:\\\/\\\/schoenstatt.com\\\/it\\\/#\\\/schema\\\/logo\\\/image\\\/\"}},{\"@type\":\"Person\",\"@id\":\"https:\\\/\\\/schoenstatt.com\\\/it\\\/#\\\/schema\\\/person\\\/5158877ad4acae98b34daaeef2a1ce6e\",\"name\":\"Karen Bueno\",\"image\":{\"@type\":\"ImageObject\",\"inLanguage\":\"it-IT\",\"@id\":\"https:\\\/\\\/secure.gravatar.com\\\/avatar\\\/f9f4b823873154269d2b2130f195f6d41037dd0d7fc5f3cacb5c846bae70d66b?s=96&d=mm&r=g\",\"url\":\"https:\\\/\\\/secure.gravatar.com\\\/avatar\\\/f9f4b823873154269d2b2130f195f6d41037dd0d7fc5f3cacb5c846bae70d66b?s=96&d=mm&r=g\",\"contentUrl\":\"https:\\\/\\\/secure.gravatar.com\\\/avatar\\\/f9f4b823873154269d2b2130f195f6d41037dd0d7fc5f3cacb5c846bae70d66b?s=96&d=mm&r=g\",\"caption\":\"Karen Bueno\"},\"url\":\"https:\\\/\\\/schoenstatt.com\\\/it\\\/author\\\/karen-bueno\\\/\"}]}<\/script>\n<!-- \/ Yoast SEO Premium plugin. -->","yoast_head_json":{"title":"Papa Leone XIV riceve in dono la Croce dell'Unit\u00e0 - Schoenstatt","description":"Un Padre di Schoenstatt e una coppia della Federazione delle Famiglie hanno donato a Papa Leone XIV la Croce dell'Unit\u00e0.","robots":{"index":"index","follow":"follow","max-snippet":"max-snippet:-1","max-image-preview":"max-image-preview:large","max-video-preview":"max-video-preview:-1"},"canonical":"https:\/\/schoenstatt.com\/it\/papa-leone-xiv-riceve-in-dono-la-croce-dellunita\/","og_locale":"it_IT","og_type":"article","og_title":"Papa Leone XIV riceve in dono la Croce dell'Unit\u00e0","og_description":"Un Padre di Schoenstatt e una coppia della Federazione delle Famiglie hanno donato a Papa Leone XIV la Croce dell'Unit\u00e0.","og_url":"https:\/\/schoenstatt.com\/it\/papa-leone-xiv-riceve-in-dono-la-croce-dellunita\/","og_site_name":"Schoenstatt","article_published_time":"2025-06-06T17:13:08+00:00","article_modified_time":"2025-06-06T18:39:26+00:00","og_image":[{"width":1280,"height":772,"url":"https:\/\/schoenstatt.com\/wp-content\/uploads\/2025\/06\/Pope-Leo-XIV-Unity-Cross.jpg","type":"image\/jpeg"}],"author":"Karen Bueno","twitter_card":"summary_large_image","twitter_misc":{"Scritto da":"Karen Bueno","Tempo di lettura stimato":"7 minuti"},"schema":{"@context":"https:\/\/schema.org","@graph":[{"@type":"Article","@id":"https:\/\/schoenstatt.com\/it\/papa-leone-xiv-riceve-in-dono-la-croce-dellunita\/#article","isPartOf":{"@id":"https:\/\/schoenstatt.com\/it\/papa-leone-xiv-riceve-in-dono-la-croce-dellunita\/"},"author":{"name":"Karen Bueno","@id":"https:\/\/schoenstatt.com\/it\/#\/schema\/person\/5158877ad4acae98b34daaeef2a1ce6e"},"headline":"Papa Leone XIV riceve in dono la Croce dell&#8217;Unit\u00e0","datePublished":"2025-06-06T17:13:08+00:00","dateModified":"2025-06-06T18:39:26+00:00","mainEntityOfPage":{"@id":"https:\/\/schoenstatt.com\/it\/papa-leone-xiv-riceve-in-dono-la-croce-dellunita\/"},"wordCount":1115,"publisher":{"@id":"https:\/\/schoenstatt.com\/it\/#organization"},"image":{"@id":"https:\/\/schoenstatt.com\/it\/papa-leone-xiv-riceve-in-dono-la-croce-dellunita\/#primaryimage"},"thumbnailUrl":"https:\/\/schoenstatt.com\/wp-content\/uploads\/2025\/06\/Pope-Leo-XIV-Unity-Cross.jpg","articleSection":["Chiesa"],"inLanguage":"it-IT"},{"@type":"WebPage","@id":"https:\/\/schoenstatt.com\/it\/papa-leone-xiv-riceve-in-dono-la-croce-dellunita\/","url":"https:\/\/schoenstatt.com\/it\/papa-leone-xiv-riceve-in-dono-la-croce-dellunita\/","name":"Papa Leone XIV riceve in dono la Croce dell'Unit\u00e0 - Schoenstatt","isPartOf":{"@id":"https:\/\/schoenstatt.com\/it\/#website"},"primaryImageOfPage":{"@id":"https:\/\/schoenstatt.com\/it\/papa-leone-xiv-riceve-in-dono-la-croce-dellunita\/#primaryimage"},"image":{"@id":"https:\/\/schoenstatt.com\/it\/papa-leone-xiv-riceve-in-dono-la-croce-dellunita\/#primaryimage"},"thumbnailUrl":"https:\/\/schoenstatt.com\/wp-content\/uploads\/2025\/06\/Pope-Leo-XIV-Unity-Cross.jpg","datePublished":"2025-06-06T17:13:08+00:00","dateModified":"2025-06-06T18:39:26+00:00","description":"Un Padre di Schoenstatt e una coppia della Federazione delle Famiglie hanno donato a Papa Leone XIV la Croce dell'Unit\u00e0.","breadcrumb":{"@id":"https:\/\/schoenstatt.com\/it\/papa-leone-xiv-riceve-in-dono-la-croce-dellunita\/#breadcrumb"},"inLanguage":"it-IT","potentialAction":[{"@type":"ReadAction","target":["https:\/\/schoenstatt.com\/it\/papa-leone-xiv-riceve-in-dono-la-croce-dellunita\/"]}]},{"@type":"ImageObject","inLanguage":"it-IT","@id":"https:\/\/schoenstatt.com\/it\/papa-leone-xiv-riceve-in-dono-la-croce-dellunita\/#primaryimage","url":"https:\/\/schoenstatt.com\/wp-content\/uploads\/2025\/06\/Pope-Leo-XIV-Unity-Cross.jpg","contentUrl":"https:\/\/schoenstatt.com\/wp-content\/uploads\/2025\/06\/Pope-Leo-XIV-Unity-Cross.jpg","width":1280,"height":772},{"@type":"BreadcrumbList","@id":"https:\/\/schoenstatt.com\/it\/papa-leone-xiv-riceve-in-dono-la-croce-dellunita\/#breadcrumb","itemListElement":[{"@type":"ListItem","position":1,"name":"Portada","item":"https:\/\/schoenstatt.com\/it\/home\/"},{"@type":"ListItem","position":2,"name":"Papa Leone XIV riceve in dono la Croce dell&#8217;Unit\u00e0"}]},{"@type":"WebSite","@id":"https:\/\/schoenstatt.com\/it\/#website","url":"https:\/\/schoenstatt.com\/it\/","name":"Schoenstatt","description":"Apostolic Movement","publisher":{"@id":"https:\/\/schoenstatt.com\/it\/#organization"},"potentialAction":[{"@type":"SearchAction","target":{"@type":"EntryPoint","urlTemplate":"https:\/\/schoenstatt.com\/it\/?s={search_term_string}"},"query-input":{"@type":"PropertyValueSpecification","valueRequired":true,"valueName":"search_term_string"}}],"inLanguage":"it-IT"},{"@type":"Organization","@id":"https:\/\/schoenstatt.com\/it\/#organization","name":"Schoenstatt","url":"https:\/\/schoenstatt.com\/it\/","logo":{"@type":"ImageObject","inLanguage":"it-IT","@id":"https:\/\/schoenstatt.com\/it\/#\/schema\/logo\/image\/","url":"https:\/\/schoenstatt.com\/wp-content\/uploads\/2025\/04\/logo-schoenstatt-white-696x696-1.png","contentUrl":"https:\/\/schoenstatt.com\/wp-content\/uploads\/2025\/04\/logo-schoenstatt-white-696x696-1.png","width":696,"height":694,"caption":"Schoenstatt"},"image":{"@id":"https:\/\/schoenstatt.com\/it\/#\/schema\/logo\/image\/"}},{"@type":"Person","@id":"https:\/\/schoenstatt.com\/it\/#\/schema\/person\/5158877ad4acae98b34daaeef2a1ce6e","name":"Karen Bueno","image":{"@type":"ImageObject","inLanguage":"it-IT","@id":"https:\/\/secure.gravatar.com\/avatar\/f9f4b823873154269d2b2130f195f6d41037dd0d7fc5f3cacb5c846bae70d66b?s=96&d=mm&r=g","url":"https:\/\/secure.gravatar.com\/avatar\/f9f4b823873154269d2b2130f195f6d41037dd0d7fc5f3cacb5c846bae70d66b?s=96&d=mm&r=g","contentUrl":"https:\/\/secure.gravatar.com\/avatar\/f9f4b823873154269d2b2130f195f6d41037dd0d7fc5f3cacb5c846bae70d66b?s=96&d=mm&r=g","caption":"Karen Bueno"},"url":"https:\/\/schoenstatt.com\/it\/author\/karen-bueno\/"}]}},"_links":{"self":[{"href":"https:\/\/schoenstatt.com\/it\/wp-json\/wp\/v2\/posts\/59555","targetHints":{"allow":["GET"]}}],"collection":[{"href":"https:\/\/schoenstatt.com\/it\/wp-json\/wp\/v2\/posts"}],"about":[{"href":"https:\/\/schoenstatt.com\/it\/wp-json\/wp\/v2\/types\/post"}],"author":[{"embeddable":true,"href":"https:\/\/schoenstatt.com\/it\/wp-json\/wp\/v2\/users\/3"}],"replies":[{"embeddable":true,"href":"https:\/\/schoenstatt.com\/it\/wp-json\/wp\/v2\/comments?post=59555"}],"version-history":[{"count":2,"href":"https:\/\/schoenstatt.com\/it\/wp-json\/wp\/v2\/posts\/59555\/revisions"}],"predecessor-version":[{"id":59557,"href":"https:\/\/schoenstatt.com\/it\/wp-json\/wp\/v2\/posts\/59555\/revisions\/59557"}],"wp:featuredmedia":[{"embeddable":true,"href":"https:\/\/schoenstatt.com\/it\/wp-json\/wp\/v2\/media\/59525"}],"wp:attachment":[{"href":"https:\/\/schoenstatt.com\/it\/wp-json\/wp\/v2\/media?parent=59555"}],"wp:term":[{"taxonomy":"category","embeddable":true,"href":"https:\/\/schoenstatt.com\/it\/wp-json\/wp\/v2\/categories?post=59555"},{"taxonomy":"post_tag","embeddable":true,"href":"https:\/\/schoenstatt.com\/it\/wp-json\/wp\/v2\/tags?post=59555"}],"curies":[{"name":"wp","href":"https:\/\/api.w.org\/{rel}","templated":true}]}}