{"id":59487,"date":"2025-06-04T03:03:00","date_gmt":"2025-06-04T01:03:00","guid":{"rendered":"https:\/\/schoenstatt.com\/?p=59487"},"modified":"2025-06-04T19:13:36","modified_gmt":"2025-06-04T17:13:36","slug":"il-movimento-di-schoenstatt-celebra-25-anni-nella-diocesi-di-chiclayo-peru","status":"publish","type":"post","link":"https:\/\/schoenstatt.com\/it\/il-movimento-di-schoenstatt-celebra-25-anni-nella-diocesi-di-chiclayo-peru\/","title":{"rendered":"Il Movimento di Schoenstatt celebra 25 anni nella diocesi di Chiclayo, Per\u00f9"},"content":{"rendered":"\n<p>Meno di un mese fa, tutto il mondo ha rivolto la sua attenzione a questo punto sulla mappa: <a href=\"https:\/\/maps.app.goo.gl\/BD9fjDvm3eN7oY819\" target=\"_blank\" rel=\"noreferrer noopener\">Chiclayo, Per\u00f9<\/a>. Tutti volevano sapere come e da dove fosse arrivato il nuovo pontefice, Papa Leone XIV. Anche la Famiglia Internazionale di Schoenstatt ha tenuto d&#8217;occhio questo luogo, cercando di scoprire se ci fossero membri del Movimento di Schoenstatt in questo angolo speciale del Sud America.<\/p>\n\n\n\n<p>A Chiclayo abbiamo trovato una <a href=\"https:\/\/schoenstatt.com\/it\/papa-leone-xiv-e-schoenstatt\/\">Famiglia di Schoenstatt<\/a> vivace, attiva e missionaria, composta da membri dell\u2019Apostolato della Madonna Pellegrina, della Lega delle Madri e da diversi sacerdoti diocesani che hanno sigillato l\u2019Alleanza d\u2019Amore.<\/p>\n\n\n\n<h3 class=\"wp-block-heading\" id=\"h-25-anni-di-storia\">25 anni di storia<\/h3>\n\n\n\n<p>Pochi giorni dopo l\u2019elezione del Papa, la Famiglia di Schoenstatt di Chiclayo si \u00e8 riunita per celebrare la propria storia. Domenica 25 maggio, una solenne celebrazione ha segnato il 25\u00ba anniversario del Movimento Apostolico di Schoenstatt nella diocesi.<\/p>\n\n\n\n<p>I membri del Movimento di Schoenstatt si sono radunati in serata presso l\u2019altare dove Papa Leone XIV aveva celebrato numerose volte la Santa Messa, nella Cattedrale di Santa Maria, sede della diocesi.<\/p>\n\n\n\n<figure class=\"wp-block-image aligncenter size-full\"><img fetchpriority=\"high\" decoding=\"async\" width=\"1600\" height=\"900\" src=\"https:\/\/schoenstatt.com\/wp-content\/uploads\/2025\/06\/chiclayo-peru.jpg\" alt=\"\" class=\"wp-image-59378\" srcset=\"https:\/\/schoenstatt.com\/wp-content\/uploads\/2025\/06\/chiclayo-peru.jpg 1600w, https:\/\/schoenstatt.com\/wp-content\/uploads\/2025\/06\/chiclayo-peru-768x432.jpg 768w, https:\/\/schoenstatt.com\/wp-content\/uploads\/2025\/06\/chiclayo-peru-1536x864.jpg 1536w\" sizes=\"(max-width: 1600px) 100vw, 1600px\" \/><\/figure>\n\n\n\n<p>La Santa Messa \u00e8 stata presieduta dal vicario diocesano, P. Jorge Villegas. L\u2019omelia \u00e8 stata tenuta dal coordinatore nazionale del Movimento di Schoenstatt in Per\u00f9, P. Eduardo Auza. Hanno concelebrato diversi sacerdoti che hanno gi\u00e0 sigillato l\u2019Alleanza d\u2019Amore.<\/p>\n\n\n\n<h3 class=\"wp-block-heading\" id=\"h-siate-costruttori-di-pace-come-papa-leone\">Siate costruttori di pace, come Papa Leone<\/h3>\n\n\n\n<p>Nella sua omelia, P. Eduardo ha detto di essere felice per l\u2019opportunit\u00e0 di essere il primo Padre di Schoenstatt a celebrare nella cattedrale a cui il Papa era appartenuto per tanti anni. <em>\u201cVoglio cogliere questa bella occasione per salutarvi. Non sono peruviano, sono ecuadoriano e vivo nella diocesi di Guayaquil, quindi desidero salutarvi e congratularmi con voi per avere un Papa peruviano\u201d,<\/em> ha detto, suscitando un applauso dalla comunit\u00e0.<\/p>\n\n\n\n<figure class=\"wp-block-image aligncenter size-full\"><img decoding=\"async\" width=\"1280\" height=\"976\" src=\"https:\/\/schoenstatt.com\/wp-content\/uploads\/2025\/06\/Father-Eduardo-Auza-Chiclayo-Peru.jpg\" alt=\"\" class=\"wp-image-59383\" srcset=\"https:\/\/schoenstatt.com\/wp-content\/uploads\/2025\/06\/Father-Eduardo-Auza-Chiclayo-Peru.jpg 1280w, https:\/\/schoenstatt.com\/wp-content\/uploads\/2025\/06\/Father-Eduardo-Auza-Chiclayo-Peru-768x586.jpg 768w\" sizes=\"(max-width: 1280px) 100vw, 1280px\" \/><\/figure>\n\n\n\n<p>Padre Eduardo ha parlato dell\u2019Anno della Speranza ed ha sottolineato il tema della pace, che \u00e8 stato anche il tema del discorso inaugurale di Papa Leone XIV: <em>\u201cPer noi cristiani, la pace non \u00e8 semplicemente l\u2019assenza di guerra e di problemi; non significa vivere nella passivit\u00e0 totale; non \u00e8 andare in vacanza e sdraiarsi su un\u2019amaca o su una sedia a sdraio\u2026 Quello che Ges\u00f9 ci dice oggi \u00e8 che dobbiamo essere costruttori di pace. \u00c8 una pace che, come ha detto Papa Leone XIV, serve a costruire ponti. \u00c8 una pace che deve essere missionaria. \u00c8 una pace che deve essere raggiunta attraverso il disarmo e le forze non armate. \u00c8 una pace che guarda a Maria\u201d.<\/em><\/p>\n\n\n\n<h3 class=\"wp-block-heading\" id=\"h-questa-diocesi-piu-di-ogni-altra-deve-lanciarsi\">Questa diocesi, pi\u00f9 di ogni altra, deve lanciarsi<\/h3>\n\n\n\n<p>Parlando delle tre grazie del Santuario di Schoenstatt, il coordinatore del Movimento afferma che la Madre Benedetta ci offre la fecondit\u00e0 apostolica <em>\u201cperch\u00e9 non ci addormentiamo, poich\u00e9 la speranza non \u00e8 qualcosa da attendere passivamente\u201d<\/em>. Spiega: <em>\u201cA volte parliamo della speranza come se stessimo aspettando che passi l\u2019autobus. La speranza \u00e8 un impegno con il mondo. La pace \u00e8 un impegno con il mondo. Vogliamo promuovere fortemente tutto questo in tutta la Chiesa, specialmente in questa diocesi. Essa deve lanciarsi per la pace. Deve lanciarsi per costruire ponti. Deve lanciarsi per essere missionaria, per avere una piet\u00e0 mariana lucida che ci conduca sempre all\u2019incontro con Cristo\u201d.<\/em><\/p>\n\n\n\n<figure class=\"wp-block-image aligncenter size-full is-resized\"><img decoding=\"async\" width=\"707\" height=\"1267\" src=\"https:\/\/schoenstatt.com\/wp-content\/uploads\/2025\/06\/chiclayo-peru-2.jpg\" alt=\"\" class=\"wp-image-59388\" style=\"width:503px\"\/><\/figure>\n\n\n\n<p>Padre Eduardo, celebrando il giubileo d\u2019argento della presenza di Schoenstatt nella diocesi, ha detto: <em>\u201cLei (Maria) viene da noi ogni giorno per portarci suo Figlio Ges\u00f9. Vuole rendere il mio cuore un luogo meraviglioso. Maria, la Vergine di Schoenstatt, che \u00e8 in pellegrinaggio in questa diocesi da 25 anni, desidera continuare il suo pellegrinaggio nelle case, negli ospedali, nei seminari, nelle carceri\u2026 per portare questo messaggio cos\u00ec importante di cui abbiamo tanto bisogno. E cos\u00ec, rendiamo grazie a Dio perch\u00e9 possiamo lodarlo per i secoli a venire. Amen\u201d.<\/em><\/p>\n\n\n\n<p><strong>Traduzione: <\/strong>Eugenio Minici<\/p>\n","protected":false},"excerpt":{"rendered":"<p>Schoenstatt festeggia i 25 anni nella diocesi da cui proviene il nuovo papa, e una celebrazione speciale ha segnato il giubileo.<\/p>\n","protected":false},"author":3,"featured_media":59375,"comment_status":"closed","ping_status":"closed","sticky":false,"template":"","format":"standard","meta":{"footnotes":""},"categories":[863],"tags":[],"class_list":["post-59487","post","type-post","status-publish","format-standard","has-post-thumbnail","hentry","category-america-it"],"yoast_head":"<!-- This site is optimized with the Yoast SEO Premium plugin v27.4 (Yoast SEO v27.4) - https:\/\/yoast.com\/product\/yoast-seo-premium-wordpress\/ -->\n<title>Il Movimento di Schoenstatt celebra 25 anni nella diocesi di Chiclayo, Per\u00f9<\/title>\n<meta name=\"description\" content=\"Schoenstatt festeggia i 25 anni nella diocesi da cui proviene il nuovo papa, e una celebrazione speciale ha segnato il giubileo.\" \/>\n<meta name=\"robots\" content=\"index, follow, max-snippet:-1, max-image-preview:large, max-video-preview:-1\" \/>\n<link rel=\"canonical\" href=\"https:\/\/schoenstatt.com\/it\/il-movimento-di-schoenstatt-celebra-25-anni-nella-diocesi-di-chiclayo-peru\/\" \/>\n<meta property=\"og:locale\" content=\"it_IT\" \/>\n<meta property=\"og:type\" content=\"article\" \/>\n<meta property=\"og:title\" content=\"Il Movimento di Schoenstatt celebra 25 anni nella diocesi di Chiclayo, Per\u00f9\" \/>\n<meta property=\"og:description\" content=\"Schoenstatt festeggia i 25 anni nella diocesi da cui proviene il nuovo papa, e una celebrazione speciale ha segnato il giubileo.\" \/>\n<meta property=\"og:url\" content=\"https:\/\/schoenstatt.com\/it\/il-movimento-di-schoenstatt-celebra-25-anni-nella-diocesi-di-chiclayo-peru\/\" \/>\n<meta property=\"og:site_name\" content=\"Schoenstatt\" \/>\n<meta property=\"article:published_time\" content=\"2025-06-04T01:03:00+00:00\" \/>\n<meta property=\"article:modified_time\" content=\"2025-06-04T17:13:36+00:00\" \/>\n<meta property=\"og:image\" content=\"https:\/\/schoenstatt.com\/wp-content\/uploads\/2025\/06\/Schoenstatt-Chiclayo-Peru.jpg\" \/>\n\t<meta property=\"og:image:width\" content=\"2048\" \/>\n\t<meta property=\"og:image:height\" content=\"920\" \/>\n\t<meta property=\"og:image:type\" content=\"image\/jpeg\" \/>\n<meta name=\"author\" content=\"Karen Bueno\" \/>\n<meta name=\"twitter:card\" content=\"summary_large_image\" \/>\n<meta name=\"twitter:label1\" content=\"Scritto da\" \/>\n\t<meta name=\"twitter:data1\" content=\"Karen Bueno\" \/>\n\t<meta name=\"twitter:label2\" content=\"Tempo di lettura stimato\" \/>\n\t<meta name=\"twitter:data2\" content=\"5 minuti\" \/>\n<script type=\"application\/ld+json\" class=\"yoast-schema-graph\">{\"@context\":\"https:\\\/\\\/schema.org\",\"@graph\":[{\"@type\":\"Article\",\"@id\":\"https:\\\/\\\/schoenstatt.com\\\/it\\\/il-movimento-di-schoenstatt-celebra-25-anni-nella-diocesi-di-chiclayo-peru\\\/#article\",\"isPartOf\":{\"@id\":\"https:\\\/\\\/schoenstatt.com\\\/it\\\/il-movimento-di-schoenstatt-celebra-25-anni-nella-diocesi-di-chiclayo-peru\\\/\"},\"author\":{\"name\":\"Karen Bueno\",\"@id\":\"https:\\\/\\\/schoenstatt.com\\\/it\\\/#\\\/schema\\\/person\\\/5158877ad4acae98b34daaeef2a1ce6e\"},\"headline\":\"Il Movimento di Schoenstatt celebra 25 anni nella diocesi di Chiclayo, Per\u00f9\",\"datePublished\":\"2025-06-04T01:03:00+00:00\",\"dateModified\":\"2025-06-04T17:13:36+00:00\",\"mainEntityOfPage\":{\"@id\":\"https:\\\/\\\/schoenstatt.com\\\/it\\\/il-movimento-di-schoenstatt-celebra-25-anni-nella-diocesi-di-chiclayo-peru\\\/\"},\"wordCount\":616,\"publisher\":{\"@id\":\"https:\\\/\\\/schoenstatt.com\\\/it\\\/#organization\"},\"image\":{\"@id\":\"https:\\\/\\\/schoenstatt.com\\\/it\\\/il-movimento-di-schoenstatt-celebra-25-anni-nella-diocesi-di-chiclayo-peru\\\/#primaryimage\"},\"thumbnailUrl\":\"https:\\\/\\\/schoenstatt.com\\\/wp-content\\\/uploads\\\/2025\\\/06\\\/Schoenstatt-Chiclayo-Peru.jpg\",\"articleSection\":[\"America\"],\"inLanguage\":\"it-IT\"},{\"@type\":\"WebPage\",\"@id\":\"https:\\\/\\\/schoenstatt.com\\\/it\\\/il-movimento-di-schoenstatt-celebra-25-anni-nella-diocesi-di-chiclayo-peru\\\/\",\"url\":\"https:\\\/\\\/schoenstatt.com\\\/it\\\/il-movimento-di-schoenstatt-celebra-25-anni-nella-diocesi-di-chiclayo-peru\\\/\",\"name\":\"Il Movimento di Schoenstatt celebra 25 anni nella diocesi di Chiclayo, Per\u00f9\",\"isPartOf\":{\"@id\":\"https:\\\/\\\/schoenstatt.com\\\/it\\\/#website\"},\"primaryImageOfPage\":{\"@id\":\"https:\\\/\\\/schoenstatt.com\\\/it\\\/il-movimento-di-schoenstatt-celebra-25-anni-nella-diocesi-di-chiclayo-peru\\\/#primaryimage\"},\"image\":{\"@id\":\"https:\\\/\\\/schoenstatt.com\\\/it\\\/il-movimento-di-schoenstatt-celebra-25-anni-nella-diocesi-di-chiclayo-peru\\\/#primaryimage\"},\"thumbnailUrl\":\"https:\\\/\\\/schoenstatt.com\\\/wp-content\\\/uploads\\\/2025\\\/06\\\/Schoenstatt-Chiclayo-Peru.jpg\",\"datePublished\":\"2025-06-04T01:03:00+00:00\",\"dateModified\":\"2025-06-04T17:13:36+00:00\",\"description\":\"Schoenstatt festeggia i 25 anni nella diocesi da cui proviene il nuovo papa, e una celebrazione speciale ha segnato il giubileo.\",\"breadcrumb\":{\"@id\":\"https:\\\/\\\/schoenstatt.com\\\/it\\\/il-movimento-di-schoenstatt-celebra-25-anni-nella-diocesi-di-chiclayo-peru\\\/#breadcrumb\"},\"inLanguage\":\"it-IT\",\"potentialAction\":[{\"@type\":\"ReadAction\",\"target\":[\"https:\\\/\\\/schoenstatt.com\\\/it\\\/il-movimento-di-schoenstatt-celebra-25-anni-nella-diocesi-di-chiclayo-peru\\\/\"]}]},{\"@type\":\"ImageObject\",\"inLanguage\":\"it-IT\",\"@id\":\"https:\\\/\\\/schoenstatt.com\\\/it\\\/il-movimento-di-schoenstatt-celebra-25-anni-nella-diocesi-di-chiclayo-peru\\\/#primaryimage\",\"url\":\"https:\\\/\\\/schoenstatt.com\\\/wp-content\\\/uploads\\\/2025\\\/06\\\/Schoenstatt-Chiclayo-Peru.jpg\",\"contentUrl\":\"https:\\\/\\\/schoenstatt.com\\\/wp-content\\\/uploads\\\/2025\\\/06\\\/Schoenstatt-Chiclayo-Peru.jpg\",\"width\":2048,\"height\":920},{\"@type\":\"BreadcrumbList\",\"@id\":\"https:\\\/\\\/schoenstatt.com\\\/it\\\/il-movimento-di-schoenstatt-celebra-25-anni-nella-diocesi-di-chiclayo-peru\\\/#breadcrumb\",\"itemListElement\":[{\"@type\":\"ListItem\",\"position\":1,\"name\":\"Portada\",\"item\":\"https:\\\/\\\/schoenstatt.com\\\/it\\\/home\\\/\"},{\"@type\":\"ListItem\",\"position\":2,\"name\":\"Il Movimento di Schoenstatt celebra 25 anni nella diocesi di Chiclayo, Per\u00f9\"}]},{\"@type\":\"WebSite\",\"@id\":\"https:\\\/\\\/schoenstatt.com\\\/it\\\/#website\",\"url\":\"https:\\\/\\\/schoenstatt.com\\\/it\\\/\",\"name\":\"Schoenstatt\",\"description\":\"Apostolic Movement\",\"publisher\":{\"@id\":\"https:\\\/\\\/schoenstatt.com\\\/it\\\/#organization\"},\"potentialAction\":[{\"@type\":\"SearchAction\",\"target\":{\"@type\":\"EntryPoint\",\"urlTemplate\":\"https:\\\/\\\/schoenstatt.com\\\/it\\\/?s={search_term_string}\"},\"query-input\":{\"@type\":\"PropertyValueSpecification\",\"valueRequired\":true,\"valueName\":\"search_term_string\"}}],\"inLanguage\":\"it-IT\"},{\"@type\":\"Organization\",\"@id\":\"https:\\\/\\\/schoenstatt.com\\\/it\\\/#organization\",\"name\":\"Schoenstatt\",\"url\":\"https:\\\/\\\/schoenstatt.com\\\/it\\\/\",\"logo\":{\"@type\":\"ImageObject\",\"inLanguage\":\"it-IT\",\"@id\":\"https:\\\/\\\/schoenstatt.com\\\/it\\\/#\\\/schema\\\/logo\\\/image\\\/\",\"url\":\"https:\\\/\\\/schoenstatt.com\\\/wp-content\\\/uploads\\\/2025\\\/04\\\/logo-schoenstatt-white-696x696-1.png\",\"contentUrl\":\"https:\\\/\\\/schoenstatt.com\\\/wp-content\\\/uploads\\\/2025\\\/04\\\/logo-schoenstatt-white-696x696-1.png\",\"width\":696,\"height\":694,\"caption\":\"Schoenstatt\"},\"image\":{\"@id\":\"https:\\\/\\\/schoenstatt.com\\\/it\\\/#\\\/schema\\\/logo\\\/image\\\/\"}},{\"@type\":\"Person\",\"@id\":\"https:\\\/\\\/schoenstatt.com\\\/it\\\/#\\\/schema\\\/person\\\/5158877ad4acae98b34daaeef2a1ce6e\",\"name\":\"Karen Bueno\",\"image\":{\"@type\":\"ImageObject\",\"inLanguage\":\"it-IT\",\"@id\":\"https:\\\/\\\/secure.gravatar.com\\\/avatar\\\/f9f4b823873154269d2b2130f195f6d41037dd0d7fc5f3cacb5c846bae70d66b?s=96&d=mm&r=g\",\"url\":\"https:\\\/\\\/secure.gravatar.com\\\/avatar\\\/f9f4b823873154269d2b2130f195f6d41037dd0d7fc5f3cacb5c846bae70d66b?s=96&d=mm&r=g\",\"contentUrl\":\"https:\\\/\\\/secure.gravatar.com\\\/avatar\\\/f9f4b823873154269d2b2130f195f6d41037dd0d7fc5f3cacb5c846bae70d66b?s=96&d=mm&r=g\",\"caption\":\"Karen Bueno\"},\"url\":\"https:\\\/\\\/schoenstatt.com\\\/it\\\/author\\\/karen-bueno\\\/\"}]}<\/script>\n<!-- \/ Yoast SEO Premium plugin. -->","yoast_head_json":{"title":"Il Movimento di Schoenstatt celebra 25 anni nella diocesi di Chiclayo, Per\u00f9","description":"Schoenstatt festeggia i 25 anni nella diocesi da cui proviene il nuovo papa, e una celebrazione speciale ha segnato il giubileo.","robots":{"index":"index","follow":"follow","max-snippet":"max-snippet:-1","max-image-preview":"max-image-preview:large","max-video-preview":"max-video-preview:-1"},"canonical":"https:\/\/schoenstatt.com\/it\/il-movimento-di-schoenstatt-celebra-25-anni-nella-diocesi-di-chiclayo-peru\/","og_locale":"it_IT","og_type":"article","og_title":"Il Movimento di Schoenstatt celebra 25 anni nella diocesi di Chiclayo, Per\u00f9","og_description":"Schoenstatt festeggia i 25 anni nella diocesi da cui proviene il nuovo papa, e una celebrazione speciale ha segnato il giubileo.","og_url":"https:\/\/schoenstatt.com\/it\/il-movimento-di-schoenstatt-celebra-25-anni-nella-diocesi-di-chiclayo-peru\/","og_site_name":"Schoenstatt","article_published_time":"2025-06-04T01:03:00+00:00","article_modified_time":"2025-06-04T17:13:36+00:00","og_image":[{"width":2048,"height":920,"url":"https:\/\/schoenstatt.com\/wp-content\/uploads\/2025\/06\/Schoenstatt-Chiclayo-Peru.jpg","type":"image\/jpeg"}],"author":"Karen Bueno","twitter_card":"summary_large_image","twitter_misc":{"Scritto da":"Karen Bueno","Tempo di lettura stimato":"5 minuti"},"schema":{"@context":"https:\/\/schema.org","@graph":[{"@type":"Article","@id":"https:\/\/schoenstatt.com\/it\/il-movimento-di-schoenstatt-celebra-25-anni-nella-diocesi-di-chiclayo-peru\/#article","isPartOf":{"@id":"https:\/\/schoenstatt.com\/it\/il-movimento-di-schoenstatt-celebra-25-anni-nella-diocesi-di-chiclayo-peru\/"},"author":{"name":"Karen Bueno","@id":"https:\/\/schoenstatt.com\/it\/#\/schema\/person\/5158877ad4acae98b34daaeef2a1ce6e"},"headline":"Il Movimento di Schoenstatt celebra 25 anni nella diocesi di Chiclayo, Per\u00f9","datePublished":"2025-06-04T01:03:00+00:00","dateModified":"2025-06-04T17:13:36+00:00","mainEntityOfPage":{"@id":"https:\/\/schoenstatt.com\/it\/il-movimento-di-schoenstatt-celebra-25-anni-nella-diocesi-di-chiclayo-peru\/"},"wordCount":616,"publisher":{"@id":"https:\/\/schoenstatt.com\/it\/#organization"},"image":{"@id":"https:\/\/schoenstatt.com\/it\/il-movimento-di-schoenstatt-celebra-25-anni-nella-diocesi-di-chiclayo-peru\/#primaryimage"},"thumbnailUrl":"https:\/\/schoenstatt.com\/wp-content\/uploads\/2025\/06\/Schoenstatt-Chiclayo-Peru.jpg","articleSection":["America"],"inLanguage":"it-IT"},{"@type":"WebPage","@id":"https:\/\/schoenstatt.com\/it\/il-movimento-di-schoenstatt-celebra-25-anni-nella-diocesi-di-chiclayo-peru\/","url":"https:\/\/schoenstatt.com\/it\/il-movimento-di-schoenstatt-celebra-25-anni-nella-diocesi-di-chiclayo-peru\/","name":"Il Movimento di Schoenstatt celebra 25 anni nella diocesi di Chiclayo, Per\u00f9","isPartOf":{"@id":"https:\/\/schoenstatt.com\/it\/#website"},"primaryImageOfPage":{"@id":"https:\/\/schoenstatt.com\/it\/il-movimento-di-schoenstatt-celebra-25-anni-nella-diocesi-di-chiclayo-peru\/#primaryimage"},"image":{"@id":"https:\/\/schoenstatt.com\/it\/il-movimento-di-schoenstatt-celebra-25-anni-nella-diocesi-di-chiclayo-peru\/#primaryimage"},"thumbnailUrl":"https:\/\/schoenstatt.com\/wp-content\/uploads\/2025\/06\/Schoenstatt-Chiclayo-Peru.jpg","datePublished":"2025-06-04T01:03:00+00:00","dateModified":"2025-06-04T17:13:36+00:00","description":"Schoenstatt festeggia i 25 anni nella diocesi da cui proviene il nuovo papa, e una celebrazione speciale ha segnato il giubileo.","breadcrumb":{"@id":"https:\/\/schoenstatt.com\/it\/il-movimento-di-schoenstatt-celebra-25-anni-nella-diocesi-di-chiclayo-peru\/#breadcrumb"},"inLanguage":"it-IT","potentialAction":[{"@type":"ReadAction","target":["https:\/\/schoenstatt.com\/it\/il-movimento-di-schoenstatt-celebra-25-anni-nella-diocesi-di-chiclayo-peru\/"]}]},{"@type":"ImageObject","inLanguage":"it-IT","@id":"https:\/\/schoenstatt.com\/it\/il-movimento-di-schoenstatt-celebra-25-anni-nella-diocesi-di-chiclayo-peru\/#primaryimage","url":"https:\/\/schoenstatt.com\/wp-content\/uploads\/2025\/06\/Schoenstatt-Chiclayo-Peru.jpg","contentUrl":"https:\/\/schoenstatt.com\/wp-content\/uploads\/2025\/06\/Schoenstatt-Chiclayo-Peru.jpg","width":2048,"height":920},{"@type":"BreadcrumbList","@id":"https:\/\/schoenstatt.com\/it\/il-movimento-di-schoenstatt-celebra-25-anni-nella-diocesi-di-chiclayo-peru\/#breadcrumb","itemListElement":[{"@type":"ListItem","position":1,"name":"Portada","item":"https:\/\/schoenstatt.com\/it\/home\/"},{"@type":"ListItem","position":2,"name":"Il Movimento di Schoenstatt celebra 25 anni nella diocesi di Chiclayo, Per\u00f9"}]},{"@type":"WebSite","@id":"https:\/\/schoenstatt.com\/it\/#website","url":"https:\/\/schoenstatt.com\/it\/","name":"Schoenstatt","description":"Apostolic Movement","publisher":{"@id":"https:\/\/schoenstatt.com\/it\/#organization"},"potentialAction":[{"@type":"SearchAction","target":{"@type":"EntryPoint","urlTemplate":"https:\/\/schoenstatt.com\/it\/?s={search_term_string}"},"query-input":{"@type":"PropertyValueSpecification","valueRequired":true,"valueName":"search_term_string"}}],"inLanguage":"it-IT"},{"@type":"Organization","@id":"https:\/\/schoenstatt.com\/it\/#organization","name":"Schoenstatt","url":"https:\/\/schoenstatt.com\/it\/","logo":{"@type":"ImageObject","inLanguage":"it-IT","@id":"https:\/\/schoenstatt.com\/it\/#\/schema\/logo\/image\/","url":"https:\/\/schoenstatt.com\/wp-content\/uploads\/2025\/04\/logo-schoenstatt-white-696x696-1.png","contentUrl":"https:\/\/schoenstatt.com\/wp-content\/uploads\/2025\/04\/logo-schoenstatt-white-696x696-1.png","width":696,"height":694,"caption":"Schoenstatt"},"image":{"@id":"https:\/\/schoenstatt.com\/it\/#\/schema\/logo\/image\/"}},{"@type":"Person","@id":"https:\/\/schoenstatt.com\/it\/#\/schema\/person\/5158877ad4acae98b34daaeef2a1ce6e","name":"Karen Bueno","image":{"@type":"ImageObject","inLanguage":"it-IT","@id":"https:\/\/secure.gravatar.com\/avatar\/f9f4b823873154269d2b2130f195f6d41037dd0d7fc5f3cacb5c846bae70d66b?s=96&d=mm&r=g","url":"https:\/\/secure.gravatar.com\/avatar\/f9f4b823873154269d2b2130f195f6d41037dd0d7fc5f3cacb5c846bae70d66b?s=96&d=mm&r=g","contentUrl":"https:\/\/secure.gravatar.com\/avatar\/f9f4b823873154269d2b2130f195f6d41037dd0d7fc5f3cacb5c846bae70d66b?s=96&d=mm&r=g","caption":"Karen Bueno"},"url":"https:\/\/schoenstatt.com\/it\/author\/karen-bueno\/"}]}},"_links":{"self":[{"href":"https:\/\/schoenstatt.com\/it\/wp-json\/wp\/v2\/posts\/59487","targetHints":{"allow":["GET"]}}],"collection":[{"href":"https:\/\/schoenstatt.com\/it\/wp-json\/wp\/v2\/posts"}],"about":[{"href":"https:\/\/schoenstatt.com\/it\/wp-json\/wp\/v2\/types\/post"}],"author":[{"embeddable":true,"href":"https:\/\/schoenstatt.com\/it\/wp-json\/wp\/v2\/users\/3"}],"replies":[{"embeddable":true,"href":"https:\/\/schoenstatt.com\/it\/wp-json\/wp\/v2\/comments?post=59487"}],"version-history":[{"count":2,"href":"https:\/\/schoenstatt.com\/it\/wp-json\/wp\/v2\/posts\/59487\/revisions"}],"predecessor-version":[{"id":59489,"href":"https:\/\/schoenstatt.com\/it\/wp-json\/wp\/v2\/posts\/59487\/revisions\/59489"}],"wp:featuredmedia":[{"embeddable":true,"href":"https:\/\/schoenstatt.com\/it\/wp-json\/wp\/v2\/media\/59375"}],"wp:attachment":[{"href":"https:\/\/schoenstatt.com\/it\/wp-json\/wp\/v2\/media?parent=59487"}],"wp:term":[{"taxonomy":"category","embeddable":true,"href":"https:\/\/schoenstatt.com\/it\/wp-json\/wp\/v2\/categories?post=59487"},{"taxonomy":"post_tag","embeddable":true,"href":"https:\/\/schoenstatt.com\/it\/wp-json\/wp\/v2\/tags?post=59487"}],"curies":[{"name":"wp","href":"https:\/\/api.w.org\/{rel}","templated":true}]}}