{"id":59370,"date":"2025-06-01T03:03:00","date_gmt":"2025-06-01T01:03:00","guid":{"rendered":"https:\/\/schoenstatt.com\/?p=59370"},"modified":"2025-08-14T18:14:17","modified_gmt":"2025-08-14T16:14:17","slug":"giovani-nigeriani-condividere-la-speranza-attraverso-i-social-network","status":"publish","type":"post","link":"https:\/\/schoenstatt.com\/it\/giovani-nigeriani-condividere-la-speranza-attraverso-i-social-network\/","title":{"rendered":"Giovani nigeriani: condividere la speranza attraverso i social network"},"content":{"rendered":"\n<p>Il Santuario della Vittoria a Ibadan, in Nigeria, \u00e8 pi\u00f9 di un nome: \u00e8 una proclamazione di fiducia. Simboleggia il trionfo della grazia, la presenza materna di Maria e l&#8217;alleanza d&#8217;amore nei cuori dei suoi figli. Il nome riflette lo spirito vittorioso della Giovent\u00f9 di Schoenstatt e la fiducia che Maria ci condurr\u00e0 sempre alla vittoria, anche in mezzo alle prove.<\/p>\n\n\n\n<p>Nella luce del Santuario della Vittoria, la Giovent\u00f9 di Schoenstatt condivide la speranza attraverso i social network.<\/p>\n\n\n\n<p>Questa domenica celebriamo la <a href=\"https:\/\/www.vatican.va\/content\/francesco\/it\/messages\/communications\/documents\/20250124-messaggio-comunicazioni-sociali.html\" target=\"_blank\" rel=\"noreferrer noopener\">59\u00aa Giornata Mondiale delle Comunicazioni Sociali<\/a>, sul tema: \u201cCon dolcezza condividete la speranza che \u00e8 in voi (cfr. 1 Pt 3,15-16)\u201d. A questo proposito, abbiamo parlato con la giovane Hannah Amarachi, conosciuta anche come Diana, Vicepresidente della Giovent\u00f9 di Ijokodo, Nigeria, e Direttrice del Benessere della SVY.<\/p>\n\n\n\n<figure class=\"wp-block-image aligncenter size-full is-resized\"><img fetchpriority=\"high\" decoding=\"async\" width=\"1080\" height=\"1080\" src=\"https:\/\/schoenstatt.com\/wp-content\/uploads\/2025\/05\/Schoenstatt-Youth-Nigeria-2.jpg\" alt=\"\" class=\"wp-image-58915\" style=\"width:500px\" srcset=\"https:\/\/schoenstatt.com\/wp-content\/uploads\/2025\/05\/Schoenstatt-Youth-Nigeria-2.jpg 1080w, https:\/\/schoenstatt.com\/wp-content\/uploads\/2025\/05\/Schoenstatt-Youth-Nigeria-2-768x768.jpg 768w\" sizes=\"(max-width: 1080px) 100vw, 1080px\" \/><\/figure>\n\n\n\n<h3 class=\"wp-block-heading\" id=\"h-cosa-sono-le-pagine-svy\">Cosa sono le pagine SVY?<\/h3>\n\n\n\n<p>Le pagine SVY sono le piattaforme social create per i Giovani di Schoenstatt in Nigeria, con lo scopo di condividere la loro spiritualit\u00e0, le attivit\u00e0 sociali e le testimonianze. Sono presenti su TikTok (SVY NIGERIA), Instagram (Schoenstattyouthsnigeria) e Facebook (Schoenstatt Youths Nigeria).<\/p>\n\n\n\n<p><strong>SVY sta per Schoenstatt Victorious Youth <\/strong>(Giovani Vittoriosi di Schoenstatt). Le pagine SVY sono un&#8217;iniziativa digitale guidata dai giovani che propone riflessioni, racconti, contenuti spirituali e momenti di grazia. Si tratta di una piattaforma missionaria vivace, pensata per ispirare altri giovani a vivere con uno scopo e l\u2019alleanza con Maria.<\/p>\n\n\n\n<figure class=\"wp-block-gallery has-nested-images columns-default is-cropped wp-block-gallery-1 is-layout-flex wp-block-gallery-is-layout-flex\">\n<figure class=\"wp-block-image size-large\"><img decoding=\"async\" width=\"715\" height=\"953\" data-id=\"58900\" src=\"https:\/\/schoenstatt.com\/wp-content\/uploads\/2025\/05\/Schoenstatt-Shrine-Nigeria.jpg\" alt=\"\" class=\"wp-image-58900\"\/><\/figure>\n\n\n\n<figure class=\"wp-block-image size-large\"><img decoding=\"async\" width=\"715\" height=\"953\" data-id=\"58895\" src=\"https:\/\/schoenstatt.com\/wp-content\/uploads\/2025\/05\/Schoenstatt-Youth-Nigeria.jpg\" alt=\"\" class=\"wp-image-58895\"\/><\/figure>\n<\/figure>\n\n\n\n<h3 class=\"wp-block-heading\" id=\"h-com-e-nata-l-idea-di-raggiungere-le-reti-social\">Com&#8217;\u00e8 nata l\u2019idea di raggiungere le reti (social)?<\/h3>\n\n\n\n<p>Il bisogno di farci conoscere \u00e8 nato dai nostri incontri con la grazia al Santuario della Vittoria. Non potevamo tenere per noi questa esperienza. Ci siamo sentiti spinti a condividerla attraverso testimonianze, immagini e riflessioni, affinch\u00e9 anche altri potessero incontrare Maria e vivere la stessa trasformazione che abbiamo vissuto noi.<\/p>\n\n\n\n<h3 class=\"wp-block-heading\" id=\"h-qual-e-stata-la-prima-rete-pagina-che-svy-ha-aperto\">Qual \u00e8 stata la prima rete (pagina) che SVY ha aperto?<\/h3>\n\n\n\n<p>Instagram, poi TikTok, seguiti da Facebook, che \u00e8 stato aggiunto di recente.<\/p>\n\n\n\n<h3 class=\"wp-block-heading\" id=\"h-chi-e-il-vostro-pubblico-chi-volete-raggiungere\">Chi \u00e8 il vostro pubblico? Chi volete raggiungere?<\/h3>\n\n\n\n<p>La nostra missione e il nostro desiderio sono di raggiungere persone di ogni estrazione sociale che possano trovarsi a vivere sentimenti di disperazione, solitudine o incertezza, in particolare i giovani che affrontano le complessit\u00e0 della vita moderna. Vogliamo entrare in contatto con chi si sente perso, solo o dimenticato, offrendo un messaggio di speranza, amore, forza della comunit\u00e0 e redenzione. Che si tratti di un giovane che affronta le sfide dell\u2019et\u00e0 adulta, di un genitore in difficolt\u00e0 nel conciliare lavoro e famiglia, o di una persona che lotta con problemi di salute, il nostro obiettivo \u00e8 offrire conforto, sollievo e ispirazione.<br>Attraverso contenuti ispiratori, attivit\u00e0 giovanili coinvolgenti, la pedagogia di Schoenstatt e riflessioni, vogliamo incoraggiare gli altri a mantenere viva la speranza, sviluppare personalit\u00e0 forti e trovare forza nella relazione con Dio.<\/p>\n\n\n\n<figure class=\"wp-block-gallery has-nested-images columns-default is-cropped wp-block-gallery-2 is-layout-flex wp-block-gallery-is-layout-flex\">\n<figure class=\"wp-block-image size-large\"><img loading=\"lazy\" decoding=\"async\" width=\"1080\" height=\"1350\" data-id=\"58910\" src=\"https:\/\/schoenstatt.com\/wp-content\/uploads\/2025\/05\/Schoenstatt-Youth-Nigeria-3.jpg\" alt=\"\" class=\"wp-image-58910\" srcset=\"https:\/\/schoenstatt.com\/wp-content\/uploads\/2025\/05\/Schoenstatt-Youth-Nigeria-3.jpg 1080w, https:\/\/schoenstatt.com\/wp-content\/uploads\/2025\/05\/Schoenstatt-Youth-Nigeria-3-768x960.jpg 768w\" sizes=\"(max-width: 1080px) 100vw, 1080px\" \/><\/figure>\n\n\n\n<figure class=\"wp-block-image size-large\"><img loading=\"lazy\" decoding=\"async\" width=\"1080\" height=\"1350\" data-id=\"58905\" src=\"https:\/\/schoenstatt.com\/wp-content\/uploads\/2025\/05\/Schoenstatt-Youth-Nigeria-4.webp\" alt=\"\" class=\"wp-image-58905\" srcset=\"https:\/\/schoenstatt.com\/wp-content\/uploads\/2025\/05\/Schoenstatt-Youth-Nigeria-4.webp 1080w, https:\/\/schoenstatt.com\/wp-content\/uploads\/2025\/05\/Schoenstatt-Youth-Nigeria-4-768x960.webp 768w\" sizes=\"(max-width: 1080px) 100vw, 1080px\" \/><\/figure>\n<\/figure>\n\n\n\n<h3 class=\"wp-block-heading\" id=\"h-come-avete-deciso-cosa-distribuire\">Come avete deciso cosa distribuire?<\/h3>\n\n\n\n<p>Il team di creatori di contenuti di SVY seleziona con cura materiali che siano autentici, rilevanti, accurati e radicati nella spiritualit\u00e0 di Schoenstatt. Il loro obiettivo \u00e8 parlare direttamente al cuore dei giovani e del mondo intero, mettendo in luce ci\u00f2 che risuona maggiormente: la trasformazione interiore, gli stili pedagogici, la fede vissuta, la devozione mariana, la vittoria nella lotta quotidiana e molto altro.<\/p>\n\n\n\n<h3 class=\"wp-block-heading\" id=\"h-come-diffondere-la-speranza-attraverso-i-social-network\">Come diffondere la speranza attraverso i social network?<\/h3>\n\n\n\n<p>In un\u2019epoca in cui i social media sono diventati parte integrante della nostra vita, essi rappresentano anche uno strumento potente per diffondere speranza, amore, senso di comunit\u00e0 e ispirazione. In quanto portatori di speranza, noi della Giovent\u00f9 Vittoriosa di Schoenstatt Nigeria crediamo che i social possano essere utilizzati per condividere messaggi di resilienza, fede e amore. Come seguaci di Cristo, siamo chiamati a essere strumenti di speranza in un mondo spesso avvolto nell\u2019oscurit\u00e0. Creando e condividendo contenuti che incoraggiano, sensibilizzano e motivano, cerchiamo di ispirare gli altri a non perdere mai la speranza, anche di fronte alle difficolt\u00e0.<\/p>\n\n\n\n<h3 class=\"wp-block-heading\" id=\"h-come-mantieni-viva-la-speranza-in-te-stesso-e-la-condividi-con-il-mondo\">Come mantieni viva la speranza in te stesso e la condividi con il mondo?<\/h3>\n\n\n\n<p>Per mantenere viva la speranza in me e nei giovani SVY in generale, diamo priorit\u00e0 a pratiche che nutrono il nostro benessere spirituale, come la preghiera, i ritiri, i programmi di formazione, i campi, i pellegrinaggi, la riflessione e le attivit\u00e0 comunitarie. Rimanendo saldi nella nostra fede e nei nostri valori, coltiviamo un senso di scopo e di significato che alimenta la nostra passione per diffondere speranza. Per portare speranza al mondo, cerchiamo di essere fonte di incoraggiamento e sostegno per gli altri, sia attraverso i social media, sia nelle relazioni personali o nell\u2019impegno comunitario. Condividendo le nostre esperienze, difficolt\u00e0 e vittorie, speriamo di ispirare altri a non perdere la speranza e a trovare forza nel loro cammino, radicati in Cristo.<\/p>\n\n\n\n<p><strong>I nostri canali social sono:<\/strong><\/p>\n\n\n\n<p><strong>Instagram <\/strong>\u2013 Schoenstatt Youth Nigeria<br><strong>TikTok<\/strong> \u2013 SVY Nigeria<br><strong>Facebook <\/strong>\u2013 Schoenstatt Youth Nigeria<\/p>\n\n\n\n<p><strong>Traduzione:<\/strong> Eugenio Minici<\/p>\n","protected":false},"excerpt":{"rendered":"<p>In occasione della Giornata Mondiale delle Comunicazioni Sociali, scopriremo il lavoro della Giovent\u00f9 di Schoenstatt in Nigeria.<\/p>\n","protected":false},"author":3,"featured_media":58892,"comment_status":"closed","ping_status":"closed","sticky":false,"template":"","format":"standard","meta":{"footnotes":""},"categories":[861,573],"tags":[],"class_list":["post-59370","post","type-post","status-publish","format-standard","has-post-thumbnail","hentry","category-africa-it","category-giovani-it"],"yoast_head":"<!-- This site is optimized with the Yoast SEO Premium plugin v27.4 (Yoast SEO v27.5) - https:\/\/yoast.com\/product\/yoast-seo-premium-wordpress\/ -->\n<title>Giovani nigeriani: condividere la speranza attraverso i social network<\/title>\n<meta name=\"description\" content=\"In occasione della Giornata Mondiale delle Comunicazioni Sociali, scopriremo il lavoro della Giovent\u00f9 di Schoenstatt in Nigeria.\" \/>\n<meta name=\"robots\" content=\"index, follow, max-snippet:-1, max-image-preview:large, max-video-preview:-1\" \/>\n<link rel=\"canonical\" href=\"https:\/\/schoenstatt.com\/it\/giovani-nigeriani-condividere-la-speranza-attraverso-i-social-network\/\" \/>\n<meta property=\"og:locale\" content=\"it_IT\" \/>\n<meta property=\"og:type\" content=\"article\" \/>\n<meta property=\"og:title\" content=\"Giovani nigeriani: condividere la speranza attraverso i social network\" \/>\n<meta property=\"og:description\" content=\"In occasione della Giornata Mondiale delle Comunicazioni Sociali, scopriremo il lavoro della Giovent\u00f9 di Schoenstatt in Nigeria.\" \/>\n<meta property=\"og:url\" content=\"https:\/\/schoenstatt.com\/it\/giovani-nigeriani-condividere-la-speranza-attraverso-i-social-network\/\" \/>\n<meta property=\"og:site_name\" content=\"Schoenstatt\" \/>\n<meta property=\"article:published_time\" content=\"2025-06-01T01:03:00+00:00\" \/>\n<meta property=\"article:modified_time\" content=\"2025-08-14T16:14:17+00:00\" \/>\n<meta property=\"og:image\" content=\"https:\/\/schoenstatt.com\/wp-content\/uploads\/2025\/05\/Schoenstatt-Youth-Nigeria-5.jpg\" \/>\n\t<meta property=\"og:image:width\" content=\"2048\" \/>\n\t<meta property=\"og:image:height\" content=\"1371\" \/>\n\t<meta property=\"og:image:type\" content=\"image\/jpeg\" \/>\n<meta name=\"author\" content=\"Karen Bueno\" \/>\n<meta name=\"twitter:card\" content=\"summary_large_image\" \/>\n<meta name=\"twitter:label1\" content=\"Scritto da\" \/>\n\t<meta name=\"twitter:data1\" content=\"Karen Bueno\" \/>\n\t<meta name=\"twitter:label2\" content=\"Tempo di lettura stimato\" \/>\n\t<meta name=\"twitter:data2\" content=\"6 minuti\" \/>\n<script type=\"application\/ld+json\" class=\"yoast-schema-graph\">{\"@context\":\"https:\\\/\\\/schema.org\",\"@graph\":[{\"@type\":\"Article\",\"@id\":\"https:\\\/\\\/schoenstatt.com\\\/it\\\/giovani-nigeriani-condividere-la-speranza-attraverso-i-social-network\\\/#article\",\"isPartOf\":{\"@id\":\"https:\\\/\\\/schoenstatt.com\\\/it\\\/giovani-nigeriani-condividere-la-speranza-attraverso-i-social-network\\\/\"},\"author\":{\"name\":\"Karen Bueno\",\"@id\":\"https:\\\/\\\/schoenstatt.com\\\/it\\\/#\\\/schema\\\/person\\\/5158877ad4acae98b34daaeef2a1ce6e\"},\"headline\":\"Giovani nigeriani: condividere la speranza attraverso i social network\",\"datePublished\":\"2025-06-01T01:03:00+00:00\",\"dateModified\":\"2025-08-14T16:14:17+00:00\",\"mainEntityOfPage\":{\"@id\":\"https:\\\/\\\/schoenstatt.com\\\/it\\\/giovani-nigeriani-condividere-la-speranza-attraverso-i-social-network\\\/\"},\"wordCount\":783,\"publisher\":{\"@id\":\"https:\\\/\\\/schoenstatt.com\\\/it\\\/#organization\"},\"image\":{\"@id\":\"https:\\\/\\\/schoenstatt.com\\\/it\\\/giovani-nigeriani-condividere-la-speranza-attraverso-i-social-network\\\/#primaryimage\"},\"thumbnailUrl\":\"https:\\\/\\\/schoenstatt.com\\\/wp-content\\\/uploads\\\/2025\\\/05\\\/Schoenstatt-Youth-Nigeria-5.jpg\",\"articleSection\":[\"Africa\",\"Giovani\"],\"inLanguage\":\"it-IT\"},{\"@type\":\"WebPage\",\"@id\":\"https:\\\/\\\/schoenstatt.com\\\/it\\\/giovani-nigeriani-condividere-la-speranza-attraverso-i-social-network\\\/\",\"url\":\"https:\\\/\\\/schoenstatt.com\\\/it\\\/giovani-nigeriani-condividere-la-speranza-attraverso-i-social-network\\\/\",\"name\":\"Giovani nigeriani: condividere la speranza attraverso i social network\",\"isPartOf\":{\"@id\":\"https:\\\/\\\/schoenstatt.com\\\/it\\\/#website\"},\"primaryImageOfPage\":{\"@id\":\"https:\\\/\\\/schoenstatt.com\\\/it\\\/giovani-nigeriani-condividere-la-speranza-attraverso-i-social-network\\\/#primaryimage\"},\"image\":{\"@id\":\"https:\\\/\\\/schoenstatt.com\\\/it\\\/giovani-nigeriani-condividere-la-speranza-attraverso-i-social-network\\\/#primaryimage\"},\"thumbnailUrl\":\"https:\\\/\\\/schoenstatt.com\\\/wp-content\\\/uploads\\\/2025\\\/05\\\/Schoenstatt-Youth-Nigeria-5.jpg\",\"datePublished\":\"2025-06-01T01:03:00+00:00\",\"dateModified\":\"2025-08-14T16:14:17+00:00\",\"description\":\"In occasione della Giornata Mondiale delle Comunicazioni Sociali, scopriremo il lavoro della Giovent\u00f9 di Schoenstatt in Nigeria.\",\"breadcrumb\":{\"@id\":\"https:\\\/\\\/schoenstatt.com\\\/it\\\/giovani-nigeriani-condividere-la-speranza-attraverso-i-social-network\\\/#breadcrumb\"},\"inLanguage\":\"it-IT\",\"potentialAction\":[{\"@type\":\"ReadAction\",\"target\":[\"https:\\\/\\\/schoenstatt.com\\\/it\\\/giovani-nigeriani-condividere-la-speranza-attraverso-i-social-network\\\/\"]}]},{\"@type\":\"ImageObject\",\"inLanguage\":\"it-IT\",\"@id\":\"https:\\\/\\\/schoenstatt.com\\\/it\\\/giovani-nigeriani-condividere-la-speranza-attraverso-i-social-network\\\/#primaryimage\",\"url\":\"https:\\\/\\\/schoenstatt.com\\\/wp-content\\\/uploads\\\/2025\\\/05\\\/Schoenstatt-Youth-Nigeria-5.jpg\",\"contentUrl\":\"https:\\\/\\\/schoenstatt.com\\\/wp-content\\\/uploads\\\/2025\\\/05\\\/Schoenstatt-Youth-Nigeria-5.jpg\",\"width\":2048,\"height\":1371},{\"@type\":\"BreadcrumbList\",\"@id\":\"https:\\\/\\\/schoenstatt.com\\\/it\\\/giovani-nigeriani-condividere-la-speranza-attraverso-i-social-network\\\/#breadcrumb\",\"itemListElement\":[{\"@type\":\"ListItem\",\"position\":1,\"name\":\"Portada\",\"item\":\"https:\\\/\\\/schoenstatt.com\\\/it\\\/home\\\/\"},{\"@type\":\"ListItem\",\"position\":2,\"name\":\"Giovani nigeriani: condividere la speranza attraverso i social network\"}]},{\"@type\":\"WebSite\",\"@id\":\"https:\\\/\\\/schoenstatt.com\\\/it\\\/#website\",\"url\":\"https:\\\/\\\/schoenstatt.com\\\/it\\\/\",\"name\":\"Schoenstatt\",\"description\":\"Apostolic Movement\",\"publisher\":{\"@id\":\"https:\\\/\\\/schoenstatt.com\\\/it\\\/#organization\"},\"potentialAction\":[{\"@type\":\"SearchAction\",\"target\":{\"@type\":\"EntryPoint\",\"urlTemplate\":\"https:\\\/\\\/schoenstatt.com\\\/it\\\/?s={search_term_string}\"},\"query-input\":{\"@type\":\"PropertyValueSpecification\",\"valueRequired\":true,\"valueName\":\"search_term_string\"}}],\"inLanguage\":\"it-IT\"},{\"@type\":\"Organization\",\"@id\":\"https:\\\/\\\/schoenstatt.com\\\/it\\\/#organization\",\"name\":\"Schoenstatt\",\"url\":\"https:\\\/\\\/schoenstatt.com\\\/it\\\/\",\"logo\":{\"@type\":\"ImageObject\",\"inLanguage\":\"it-IT\",\"@id\":\"https:\\\/\\\/schoenstatt.com\\\/it\\\/#\\\/schema\\\/logo\\\/image\\\/\",\"url\":\"https:\\\/\\\/schoenstatt.com\\\/wp-content\\\/uploads\\\/2025\\\/04\\\/logo-schoenstatt-white-696x696-1.png\",\"contentUrl\":\"https:\\\/\\\/schoenstatt.com\\\/wp-content\\\/uploads\\\/2025\\\/04\\\/logo-schoenstatt-white-696x696-1.png\",\"width\":696,\"height\":694,\"caption\":\"Schoenstatt\"},\"image\":{\"@id\":\"https:\\\/\\\/schoenstatt.com\\\/it\\\/#\\\/schema\\\/logo\\\/image\\\/\"}},{\"@type\":\"Person\",\"@id\":\"https:\\\/\\\/schoenstatt.com\\\/it\\\/#\\\/schema\\\/person\\\/5158877ad4acae98b34daaeef2a1ce6e\",\"name\":\"Karen Bueno\",\"image\":{\"@type\":\"ImageObject\",\"inLanguage\":\"it-IT\",\"@id\":\"https:\\\/\\\/secure.gravatar.com\\\/avatar\\\/f9f4b823873154269d2b2130f195f6d41037dd0d7fc5f3cacb5c846bae70d66b?s=96&d=mm&r=g\",\"url\":\"https:\\\/\\\/secure.gravatar.com\\\/avatar\\\/f9f4b823873154269d2b2130f195f6d41037dd0d7fc5f3cacb5c846bae70d66b?s=96&d=mm&r=g\",\"contentUrl\":\"https:\\\/\\\/secure.gravatar.com\\\/avatar\\\/f9f4b823873154269d2b2130f195f6d41037dd0d7fc5f3cacb5c846bae70d66b?s=96&d=mm&r=g\",\"caption\":\"Karen Bueno\"},\"url\":\"https:\\\/\\\/schoenstatt.com\\\/it\\\/author\\\/karen-bueno\\\/\"}]}<\/script>\n<!-- \/ Yoast SEO Premium plugin. -->","yoast_head_json":{"title":"Giovani nigeriani: condividere la speranza attraverso i social network","description":"In occasione della Giornata Mondiale delle Comunicazioni Sociali, scopriremo il lavoro della Giovent\u00f9 di Schoenstatt in Nigeria.","robots":{"index":"index","follow":"follow","max-snippet":"max-snippet:-1","max-image-preview":"max-image-preview:large","max-video-preview":"max-video-preview:-1"},"canonical":"https:\/\/schoenstatt.com\/it\/giovani-nigeriani-condividere-la-speranza-attraverso-i-social-network\/","og_locale":"it_IT","og_type":"article","og_title":"Giovani nigeriani: condividere la speranza attraverso i social network","og_description":"In occasione della Giornata Mondiale delle Comunicazioni Sociali, scopriremo il lavoro della Giovent\u00f9 di Schoenstatt in Nigeria.","og_url":"https:\/\/schoenstatt.com\/it\/giovani-nigeriani-condividere-la-speranza-attraverso-i-social-network\/","og_site_name":"Schoenstatt","article_published_time":"2025-06-01T01:03:00+00:00","article_modified_time":"2025-08-14T16:14:17+00:00","og_image":[{"url":"https:\/\/schoenstatt.com\/wp-content\/uploads\/2025\/05\/Schoenstatt-Youth-Nigeria-5.jpg","width":2048,"height":1371,"type":"image\/jpeg"}],"author":"Karen Bueno","twitter_card":"summary_large_image","twitter_misc":{"Scritto da":"Karen Bueno","Tempo di lettura stimato":"6 minuti"},"schema":{"@context":"https:\/\/schema.org","@graph":[{"@type":"Article","@id":"https:\/\/schoenstatt.com\/it\/giovani-nigeriani-condividere-la-speranza-attraverso-i-social-network\/#article","isPartOf":{"@id":"https:\/\/schoenstatt.com\/it\/giovani-nigeriani-condividere-la-speranza-attraverso-i-social-network\/"},"author":{"name":"Karen Bueno","@id":"https:\/\/schoenstatt.com\/it\/#\/schema\/person\/5158877ad4acae98b34daaeef2a1ce6e"},"headline":"Giovani nigeriani: condividere la speranza attraverso i social network","datePublished":"2025-06-01T01:03:00+00:00","dateModified":"2025-08-14T16:14:17+00:00","mainEntityOfPage":{"@id":"https:\/\/schoenstatt.com\/it\/giovani-nigeriani-condividere-la-speranza-attraverso-i-social-network\/"},"wordCount":783,"publisher":{"@id":"https:\/\/schoenstatt.com\/it\/#organization"},"image":{"@id":"https:\/\/schoenstatt.com\/it\/giovani-nigeriani-condividere-la-speranza-attraverso-i-social-network\/#primaryimage"},"thumbnailUrl":"https:\/\/schoenstatt.com\/wp-content\/uploads\/2025\/05\/Schoenstatt-Youth-Nigeria-5.jpg","articleSection":["Africa","Giovani"],"inLanguage":"it-IT"},{"@type":"WebPage","@id":"https:\/\/schoenstatt.com\/it\/giovani-nigeriani-condividere-la-speranza-attraverso-i-social-network\/","url":"https:\/\/schoenstatt.com\/it\/giovani-nigeriani-condividere-la-speranza-attraverso-i-social-network\/","name":"Giovani nigeriani: condividere la speranza attraverso i social network","isPartOf":{"@id":"https:\/\/schoenstatt.com\/it\/#website"},"primaryImageOfPage":{"@id":"https:\/\/schoenstatt.com\/it\/giovani-nigeriani-condividere-la-speranza-attraverso-i-social-network\/#primaryimage"},"image":{"@id":"https:\/\/schoenstatt.com\/it\/giovani-nigeriani-condividere-la-speranza-attraverso-i-social-network\/#primaryimage"},"thumbnailUrl":"https:\/\/schoenstatt.com\/wp-content\/uploads\/2025\/05\/Schoenstatt-Youth-Nigeria-5.jpg","datePublished":"2025-06-01T01:03:00+00:00","dateModified":"2025-08-14T16:14:17+00:00","description":"In occasione della Giornata Mondiale delle Comunicazioni Sociali, scopriremo il lavoro della Giovent\u00f9 di Schoenstatt in Nigeria.","breadcrumb":{"@id":"https:\/\/schoenstatt.com\/it\/giovani-nigeriani-condividere-la-speranza-attraverso-i-social-network\/#breadcrumb"},"inLanguage":"it-IT","potentialAction":[{"@type":"ReadAction","target":["https:\/\/schoenstatt.com\/it\/giovani-nigeriani-condividere-la-speranza-attraverso-i-social-network\/"]}]},{"@type":"ImageObject","inLanguage":"it-IT","@id":"https:\/\/schoenstatt.com\/it\/giovani-nigeriani-condividere-la-speranza-attraverso-i-social-network\/#primaryimage","url":"https:\/\/schoenstatt.com\/wp-content\/uploads\/2025\/05\/Schoenstatt-Youth-Nigeria-5.jpg","contentUrl":"https:\/\/schoenstatt.com\/wp-content\/uploads\/2025\/05\/Schoenstatt-Youth-Nigeria-5.jpg","width":2048,"height":1371},{"@type":"BreadcrumbList","@id":"https:\/\/schoenstatt.com\/it\/giovani-nigeriani-condividere-la-speranza-attraverso-i-social-network\/#breadcrumb","itemListElement":[{"@type":"ListItem","position":1,"name":"Portada","item":"https:\/\/schoenstatt.com\/it\/home\/"},{"@type":"ListItem","position":2,"name":"Giovani nigeriani: condividere la speranza attraverso i social network"}]},{"@type":"WebSite","@id":"https:\/\/schoenstatt.com\/it\/#website","url":"https:\/\/schoenstatt.com\/it\/","name":"Schoenstatt","description":"Apostolic Movement","publisher":{"@id":"https:\/\/schoenstatt.com\/it\/#organization"},"potentialAction":[{"@type":"SearchAction","target":{"@type":"EntryPoint","urlTemplate":"https:\/\/schoenstatt.com\/it\/?s={search_term_string}"},"query-input":{"@type":"PropertyValueSpecification","valueRequired":true,"valueName":"search_term_string"}}],"inLanguage":"it-IT"},{"@type":"Organization","@id":"https:\/\/schoenstatt.com\/it\/#organization","name":"Schoenstatt","url":"https:\/\/schoenstatt.com\/it\/","logo":{"@type":"ImageObject","inLanguage":"it-IT","@id":"https:\/\/schoenstatt.com\/it\/#\/schema\/logo\/image\/","url":"https:\/\/schoenstatt.com\/wp-content\/uploads\/2025\/04\/logo-schoenstatt-white-696x696-1.png","contentUrl":"https:\/\/schoenstatt.com\/wp-content\/uploads\/2025\/04\/logo-schoenstatt-white-696x696-1.png","width":696,"height":694,"caption":"Schoenstatt"},"image":{"@id":"https:\/\/schoenstatt.com\/it\/#\/schema\/logo\/image\/"}},{"@type":"Person","@id":"https:\/\/schoenstatt.com\/it\/#\/schema\/person\/5158877ad4acae98b34daaeef2a1ce6e","name":"Karen Bueno","image":{"@type":"ImageObject","inLanguage":"it-IT","@id":"https:\/\/secure.gravatar.com\/avatar\/f9f4b823873154269d2b2130f195f6d41037dd0d7fc5f3cacb5c846bae70d66b?s=96&d=mm&r=g","url":"https:\/\/secure.gravatar.com\/avatar\/f9f4b823873154269d2b2130f195f6d41037dd0d7fc5f3cacb5c846bae70d66b?s=96&d=mm&r=g","contentUrl":"https:\/\/secure.gravatar.com\/avatar\/f9f4b823873154269d2b2130f195f6d41037dd0d7fc5f3cacb5c846bae70d66b?s=96&d=mm&r=g","caption":"Karen Bueno"},"url":"https:\/\/schoenstatt.com\/it\/author\/karen-bueno\/"}]}},"_links":{"self":[{"href":"https:\/\/schoenstatt.com\/it\/wp-json\/wp\/v2\/posts\/59370","targetHints":{"allow":["GET"]}}],"collection":[{"href":"https:\/\/schoenstatt.com\/it\/wp-json\/wp\/v2\/posts"}],"about":[{"href":"https:\/\/schoenstatt.com\/it\/wp-json\/wp\/v2\/types\/post"}],"author":[{"embeddable":true,"href":"https:\/\/schoenstatt.com\/it\/wp-json\/wp\/v2\/users\/3"}],"replies":[{"embeddable":true,"href":"https:\/\/schoenstatt.com\/it\/wp-json\/wp\/v2\/comments?post=59370"}],"version-history":[{"count":1,"href":"https:\/\/schoenstatt.com\/it\/wp-json\/wp\/v2\/posts\/59370\/revisions"}],"predecessor-version":[{"id":59371,"href":"https:\/\/schoenstatt.com\/it\/wp-json\/wp\/v2\/posts\/59370\/revisions\/59371"}],"wp:featuredmedia":[{"embeddable":true,"href":"https:\/\/schoenstatt.com\/it\/wp-json\/wp\/v2\/media\/58892"}],"wp:attachment":[{"href":"https:\/\/schoenstatt.com\/it\/wp-json\/wp\/v2\/media?parent=59370"}],"wp:term":[{"taxonomy":"category","embeddable":true,"href":"https:\/\/schoenstatt.com\/it\/wp-json\/wp\/v2\/categories?post=59370"},{"taxonomy":"post_tag","embeddable":true,"href":"https:\/\/schoenstatt.com\/it\/wp-json\/wp\/v2\/tags?post=59370"}],"curies":[{"name":"wp","href":"https:\/\/api.w.org\/{rel}","templated":true}]}}