{"id":57817,"date":"2025-05-23T17:44:37","date_gmt":"2025-05-23T15:44:37","guid":{"rendered":"https:\/\/schoenstatt.com\/?p=57817"},"modified":"2025-05-26T13:23:02","modified_gmt":"2025-05-26T11:23:02","slug":"i-cardinali-esamineranno-la-causa-di-beatificazione-di-joao-luiz-pozzobon-a-giugno","status":"publish","type":"post","link":"https:\/\/schoenstatt.com\/it\/i-cardinali-esamineranno-la-causa-di-beatificazione-di-joao-luiz-pozzobon-a-giugno\/","title":{"rendered":"I cardinali esamineranno la causa di beatificazione di Jo\u00e3o Luiz Pozzobon a giugno"},"content":{"rendered":"\n<p><strong>Una riunione ordinaria della commissione composta da Vescovi e Cardinali \u00e8 stata programmata per il 17 giugno.<\/strong><\/p>\n\n\n\n<p>La riunione ordinaria dei Vescovi e dei Cardinali per avviare questa fase di analisi e discussione sulla vita, le virt\u00f9 eroiche e la fama di santit\u00e0 del Servo di Dio Diacono <a href=\"https:\/\/www.joaoluizpozzobon.com.br\/\" target=\"_blank\" rel=\"noreferrer noopener\">Jo\u00e3o Luiz Pozzobon<\/a> \u00e8 stata fissata, in linea di principio, per il 17 giugno. <strong>Al termine di questa fase, una volta completati tutti gli studi e se il parere sar\u00e0 favorevole, il processo potr\u00e0 essere inoltrato a Papa Leone XIV.<\/strong><\/p>\n\n\n\n<p><em>\u201cQuesto segna l\u2019inizio di una nuova fase, molto importante per la Causa, seguendo i criteri e i tempi della Chiesa, che conduce il processo con prudenza e discernimento,\u201d<\/em> afferma il vicepostulatore della causa di beatificazione, Padre Vitor Hugo Possetti (ISch).<\/p>\n\n\n\n<p>Anche <a href=\"https:\/\/schoenstatt.com\/pt-pt\/arcebispo-de-santa-maria-fala-sobre-o-processo-de-beatificacao-de-joao-pozzobon\/\">l\u2019Arcivescovo di Santa Maria<\/a>, Brasile, Dom Leomar Brustolin, ha espresso entusiasmo per l\u2019avanzamento della causa:<\/p>\n\n\n\n<p><em>\u201cAbbiamo accolto con grande gioia e speranza il parere positivo della Commissione Teologica della Santa Sede sulla vita e l\u2019impatto di Jo\u00e3o Luiz Pozzobon. Ora, attendiamo con fede la deliberazione dei cardinali e dei vescovi del Dicastero per le Cause dei Santi, che determiner\u00e0 i prossimi passi del processo\u201d,<\/em> ha dichiarato Dom Leomar.<\/p>\n\n\n\n<p>In questo contesto, <strong>Padre Vitor chiede che si intensifichino le preghiere<\/strong> e chiarisce che questa riunione non rappresenta la fase finale della causa e che potrebbe essere necessario del tempo per completare tutti gli studi, senza una scadenza precisa per questa fase.<\/p>\n\n\n\n<p><em>\u201cPer questo, con grande gioia e serenit\u00e0, invitiamo tutti a unirsi a noi nella preghiera affinch\u00e9 lo Spirito Santo guidi e illumini il lavoro dei membri del Dicastero in questa nuova fase\u201d.<\/em><\/p>\n\n\n\n<figure class=\"wp-block-image size-full\"><img fetchpriority=\"high\" decoding=\"async\" width=\"2048\" height=\"1127\" src=\"https:\/\/schoenstatt.com\/wp-content\/uploads\/2025\/05\/Joao-Luiz-Pozzobon-Roma.jpg\" alt=\"\" class=\"wp-image-57585\" srcset=\"https:\/\/schoenstatt.com\/wp-content\/uploads\/2025\/05\/Joao-Luiz-Pozzobon-Roma.jpg 2048w, https:\/\/schoenstatt.com\/wp-content\/uploads\/2025\/05\/Joao-Luiz-Pozzobon-Roma-768x423.jpg 768w, https:\/\/schoenstatt.com\/wp-content\/uploads\/2025\/05\/Joao-Luiz-Pozzobon-Roma-1536x845.jpg 1536w\" sizes=\"(max-width: 2048px) 100vw, 2048px\" \/><\/figure>\n\n\n\n<h3 class=\"wp-block-heading\" id=\"h-una-data-molto-attesa\">Una data molto attesa<\/h3>\n\n\n\n<p>Il 4 marzo, la causa di beatificazione ha ricevuto un parere favorevole dalla commissione di teologi che ha analizzato il processo per tutto il mese di febbraio. Da quella data, i devoti del Servo di Dio sono in attesa della convocazione della riunione dei vescovi e cardinali che esaminer\u00e0 il processo a questo nuovo livello.<\/p>\n\n\n\n<p>Se il processo proceder\u00e0 oltre questa fase, sar\u00e0 Papa Leone XIV ad avere l\u2019ultima parola sulle virt\u00f9 eroiche. Se confermer\u00e0 i pareri precedenti, potr\u00e0 autorizzare il decreto che riconosce il carattere eroico delle virt\u00f9 e dichiarare il Servo di Dio <strong>\u201cVenerabile\u201d.<\/strong><\/p>\n\n\n\n<p><strong>Nel frattempo, il Dicastero delle Cause dei Santi sta anche esaminando un possibile miracolo attribuito all\u2019intercessione di Pozzobon. <\/strong>Questo processo \u00e8 iniziato a febbraio ed \u00e8 attualmente in una fase preliminare, prima di essere sottoposto al vaglio degli esperti.<br><\/p>\n\n\n\n<p><strong>Traduzione: <\/strong>Eugenio Minici<\/p>\n","protected":false},"excerpt":{"rendered":"<p>La causa di beatificazione di Jo\u00e3o Pozzobon ha gi\u00e0 una data per essere esaminata dai cardinali. Preghiamo per questa intenzione!<\/p>\n","protected":false},"author":3,"featured_media":57588,"comment_status":"closed","ping_status":"closed","sticky":false,"template":"","format":"standard","meta":{"footnotes":""},"categories":[887,903],"tags":[1087,1040,953,1135,1134],"class_list":["post-57817","post","type-post","status-publish","format-standard","has-post-thumbnail","hentry","category-eroi-di-schoenstatt-it","category-madonna-pellegrina-it","tag-campagna-della-madonna-pellegrina-it","tag-joao-luiz-pozzobon-it","tag-processo-di-beatificazione-it","tag-schoenstatt-brasil-pt-pt","tag-schoenstatt-brasile-it"],"yoast_head":"<!-- This site is optimized with the Yoast SEO Premium plugin v27.4 (Yoast SEO v27.5) - https:\/\/yoast.com\/product\/yoast-seo-premium-wordpress\/ -->\n<title>I cardinali esamineranno la causa di beatificazione di Jo\u00e3o Luiz Pozzobon a giugno<\/title>\n<meta name=\"description\" content=\"La causa di beatificazione di Jo\u00e3o Pozzobon ha gi\u00e0 una data per essere esaminata dai cardinali. Preghiamo per questa intenzione!\" \/>\n<meta name=\"robots\" content=\"index, follow, max-snippet:-1, max-image-preview:large, max-video-preview:-1\" \/>\n<link rel=\"canonical\" href=\"https:\/\/schoenstatt.com\/it\/i-cardinali-esamineranno-la-causa-di-beatificazione-di-joao-luiz-pozzobon-a-giugno\/\" \/>\n<meta property=\"og:locale\" content=\"it_IT\" \/>\n<meta property=\"og:type\" content=\"article\" \/>\n<meta property=\"og:title\" content=\"I cardinali esamineranno la causa di beatificazione di Jo\u00e3o Luiz Pozzobon a giugno\" \/>\n<meta property=\"og:description\" content=\"La causa di beatificazione di Jo\u00e3o Pozzobon ha gi\u00e0 una data per essere esaminata dai cardinali. Preghiamo per questa intenzione!\" \/>\n<meta property=\"og:url\" content=\"https:\/\/schoenstatt.com\/it\/i-cardinali-esamineranno-la-causa-di-beatificazione-di-joao-luiz-pozzobon-a-giugno\/\" \/>\n<meta property=\"og:site_name\" content=\"Schoenstatt\" \/>\n<meta property=\"article:published_time\" content=\"2025-05-23T15:44:37+00:00\" \/>\n<meta property=\"article:modified_time\" content=\"2025-05-26T11:23:02+00:00\" \/>\n<meta property=\"og:image\" content=\"https:\/\/schoenstatt.com\/wp-content\/uploads\/2025\/05\/Joao-Luiz-Pozzobon-Roma.jpg\" \/>\n\t<meta property=\"og:image:width\" content=\"2048\" \/>\n\t<meta property=\"og:image:height\" content=\"1127\" \/>\n\t<meta property=\"og:image:type\" content=\"image\/jpeg\" \/>\n<meta name=\"author\" content=\"Karen Bueno\" \/>\n<meta name=\"twitter:card\" content=\"summary_large_image\" \/>\n<meta name=\"twitter:label1\" content=\"Scritto da\" \/>\n\t<meta name=\"twitter:data1\" content=\"Karen Bueno\" \/>\n\t<meta name=\"twitter:label2\" content=\"Tempo di lettura stimato\" \/>\n\t<meta name=\"twitter:data2\" content=\"3 minuti\" \/>\n<script type=\"application\/ld+json\" class=\"yoast-schema-graph\">{\"@context\":\"https:\\\/\\\/schema.org\",\"@graph\":[{\"@type\":\"Article\",\"@id\":\"https:\\\/\\\/schoenstatt.com\\\/it\\\/i-cardinali-esamineranno-la-causa-di-beatificazione-di-joao-luiz-pozzobon-a-giugno\\\/#article\",\"isPartOf\":{\"@id\":\"https:\\\/\\\/schoenstatt.com\\\/it\\\/i-cardinali-esamineranno-la-causa-di-beatificazione-di-joao-luiz-pozzobon-a-giugno\\\/\"},\"author\":{\"name\":\"Karen Bueno\",\"@id\":\"https:\\\/\\\/schoenstatt.com\\\/it\\\/#\\\/schema\\\/person\\\/5158877ad4acae98b34daaeef2a1ce6e\"},\"headline\":\"I cardinali esamineranno la causa di beatificazione di Jo\u00e3o Luiz Pozzobon a giugno\",\"datePublished\":\"2025-05-23T15:44:37+00:00\",\"dateModified\":\"2025-05-26T11:23:02+00:00\",\"mainEntityOfPage\":{\"@id\":\"https:\\\/\\\/schoenstatt.com\\\/it\\\/i-cardinali-esamineranno-la-causa-di-beatificazione-di-joao-luiz-pozzobon-a-giugno\\\/\"},\"wordCount\":428,\"publisher\":{\"@id\":\"https:\\\/\\\/schoenstatt.com\\\/it\\\/#organization\"},\"image\":{\"@id\":\"https:\\\/\\\/schoenstatt.com\\\/it\\\/i-cardinali-esamineranno-la-causa-di-beatificazione-di-joao-luiz-pozzobon-a-giugno\\\/#primaryimage\"},\"thumbnailUrl\":\"https:\\\/\\\/schoenstatt.com\\\/wp-content\\\/uploads\\\/2025\\\/05\\\/Joao-Luiz-Pozzobon-Roma.jpg\",\"keywords\":[\"Campagna della Madonna Pellegrina\",\"Jo\u00e3o Luiz Pozzobon\",\"Processo di Beatificazione\",\"Schoenstatt Brasil\",\"Schoenstatt Brasile\"],\"articleSection\":[\"Eroi di Schoenstatt\",\"Madonna Pellegrina\"],\"inLanguage\":\"it-IT\"},{\"@type\":\"WebPage\",\"@id\":\"https:\\\/\\\/schoenstatt.com\\\/it\\\/i-cardinali-esamineranno-la-causa-di-beatificazione-di-joao-luiz-pozzobon-a-giugno\\\/\",\"url\":\"https:\\\/\\\/schoenstatt.com\\\/it\\\/i-cardinali-esamineranno-la-causa-di-beatificazione-di-joao-luiz-pozzobon-a-giugno\\\/\",\"name\":\"I cardinali esamineranno la causa di beatificazione di Jo\u00e3o Luiz Pozzobon a giugno\",\"isPartOf\":{\"@id\":\"https:\\\/\\\/schoenstatt.com\\\/it\\\/#website\"},\"primaryImageOfPage\":{\"@id\":\"https:\\\/\\\/schoenstatt.com\\\/it\\\/i-cardinali-esamineranno-la-causa-di-beatificazione-di-joao-luiz-pozzobon-a-giugno\\\/#primaryimage\"},\"image\":{\"@id\":\"https:\\\/\\\/schoenstatt.com\\\/it\\\/i-cardinali-esamineranno-la-causa-di-beatificazione-di-joao-luiz-pozzobon-a-giugno\\\/#primaryimage\"},\"thumbnailUrl\":\"https:\\\/\\\/schoenstatt.com\\\/wp-content\\\/uploads\\\/2025\\\/05\\\/Joao-Luiz-Pozzobon-Roma.jpg\",\"datePublished\":\"2025-05-23T15:44:37+00:00\",\"dateModified\":\"2025-05-26T11:23:02+00:00\",\"description\":\"La causa di beatificazione di Jo\u00e3o Pozzobon ha gi\u00e0 una data per essere esaminata dai cardinali. Preghiamo per questa intenzione!\",\"breadcrumb\":{\"@id\":\"https:\\\/\\\/schoenstatt.com\\\/it\\\/i-cardinali-esamineranno-la-causa-di-beatificazione-di-joao-luiz-pozzobon-a-giugno\\\/#breadcrumb\"},\"inLanguage\":\"it-IT\",\"potentialAction\":[{\"@type\":\"ReadAction\",\"target\":[\"https:\\\/\\\/schoenstatt.com\\\/it\\\/i-cardinali-esamineranno-la-causa-di-beatificazione-di-joao-luiz-pozzobon-a-giugno\\\/\"]}]},{\"@type\":\"ImageObject\",\"inLanguage\":\"it-IT\",\"@id\":\"https:\\\/\\\/schoenstatt.com\\\/it\\\/i-cardinali-esamineranno-la-causa-di-beatificazione-di-joao-luiz-pozzobon-a-giugno\\\/#primaryimage\",\"url\":\"https:\\\/\\\/schoenstatt.com\\\/wp-content\\\/uploads\\\/2025\\\/05\\\/Joao-Luiz-Pozzobon-Roma.jpg\",\"contentUrl\":\"https:\\\/\\\/schoenstatt.com\\\/wp-content\\\/uploads\\\/2025\\\/05\\\/Joao-Luiz-Pozzobon-Roma.jpg\",\"width\":2048,\"height\":1127},{\"@type\":\"BreadcrumbList\",\"@id\":\"https:\\\/\\\/schoenstatt.com\\\/it\\\/i-cardinali-esamineranno-la-causa-di-beatificazione-di-joao-luiz-pozzobon-a-giugno\\\/#breadcrumb\",\"itemListElement\":[{\"@type\":\"ListItem\",\"position\":1,\"name\":\"Portada\",\"item\":\"https:\\\/\\\/schoenstatt.com\\\/it\\\/home\\\/\"},{\"@type\":\"ListItem\",\"position\":2,\"name\":\"I cardinali esamineranno la causa di beatificazione di Jo\u00e3o Luiz Pozzobon a giugno\"}]},{\"@type\":\"WebSite\",\"@id\":\"https:\\\/\\\/schoenstatt.com\\\/it\\\/#website\",\"url\":\"https:\\\/\\\/schoenstatt.com\\\/it\\\/\",\"name\":\"Schoenstatt\",\"description\":\"Apostolic Movement\",\"publisher\":{\"@id\":\"https:\\\/\\\/schoenstatt.com\\\/it\\\/#organization\"},\"potentialAction\":[{\"@type\":\"SearchAction\",\"target\":{\"@type\":\"EntryPoint\",\"urlTemplate\":\"https:\\\/\\\/schoenstatt.com\\\/it\\\/?s={search_term_string}\"},\"query-input\":{\"@type\":\"PropertyValueSpecification\",\"valueRequired\":true,\"valueName\":\"search_term_string\"}}],\"inLanguage\":\"it-IT\"},{\"@type\":\"Organization\",\"@id\":\"https:\\\/\\\/schoenstatt.com\\\/it\\\/#organization\",\"name\":\"Schoenstatt\",\"url\":\"https:\\\/\\\/schoenstatt.com\\\/it\\\/\",\"logo\":{\"@type\":\"ImageObject\",\"inLanguage\":\"it-IT\",\"@id\":\"https:\\\/\\\/schoenstatt.com\\\/it\\\/#\\\/schema\\\/logo\\\/image\\\/\",\"url\":\"https:\\\/\\\/schoenstatt.com\\\/wp-content\\\/uploads\\\/2025\\\/04\\\/logo-schoenstatt-white-696x696-1.png\",\"contentUrl\":\"https:\\\/\\\/schoenstatt.com\\\/wp-content\\\/uploads\\\/2025\\\/04\\\/logo-schoenstatt-white-696x696-1.png\",\"width\":696,\"height\":694,\"caption\":\"Schoenstatt\"},\"image\":{\"@id\":\"https:\\\/\\\/schoenstatt.com\\\/it\\\/#\\\/schema\\\/logo\\\/image\\\/\"}},{\"@type\":\"Person\",\"@id\":\"https:\\\/\\\/schoenstatt.com\\\/it\\\/#\\\/schema\\\/person\\\/5158877ad4acae98b34daaeef2a1ce6e\",\"name\":\"Karen Bueno\",\"image\":{\"@type\":\"ImageObject\",\"inLanguage\":\"it-IT\",\"@id\":\"https:\\\/\\\/secure.gravatar.com\\\/avatar\\\/f9f4b823873154269d2b2130f195f6d41037dd0d7fc5f3cacb5c846bae70d66b?s=96&d=mm&r=g\",\"url\":\"https:\\\/\\\/secure.gravatar.com\\\/avatar\\\/f9f4b823873154269d2b2130f195f6d41037dd0d7fc5f3cacb5c846bae70d66b?s=96&d=mm&r=g\",\"contentUrl\":\"https:\\\/\\\/secure.gravatar.com\\\/avatar\\\/f9f4b823873154269d2b2130f195f6d41037dd0d7fc5f3cacb5c846bae70d66b?s=96&d=mm&r=g\",\"caption\":\"Karen Bueno\"},\"url\":\"https:\\\/\\\/schoenstatt.com\\\/it\\\/author\\\/karen-bueno\\\/\"}]}<\/script>\n<!-- \/ Yoast SEO Premium plugin. -->","yoast_head_json":{"title":"I cardinali esamineranno la causa di beatificazione di Jo\u00e3o Luiz Pozzobon a giugno","description":"La causa di beatificazione di Jo\u00e3o Pozzobon ha gi\u00e0 una data per essere esaminata dai cardinali. Preghiamo per questa intenzione!","robots":{"index":"index","follow":"follow","max-snippet":"max-snippet:-1","max-image-preview":"max-image-preview:large","max-video-preview":"max-video-preview:-1"},"canonical":"https:\/\/schoenstatt.com\/it\/i-cardinali-esamineranno-la-causa-di-beatificazione-di-joao-luiz-pozzobon-a-giugno\/","og_locale":"it_IT","og_type":"article","og_title":"I cardinali esamineranno la causa di beatificazione di Jo\u00e3o Luiz Pozzobon a giugno","og_description":"La causa di beatificazione di Jo\u00e3o Pozzobon ha gi\u00e0 una data per essere esaminata dai cardinali. Preghiamo per questa intenzione!","og_url":"https:\/\/schoenstatt.com\/it\/i-cardinali-esamineranno-la-causa-di-beatificazione-di-joao-luiz-pozzobon-a-giugno\/","og_site_name":"Schoenstatt","article_published_time":"2025-05-23T15:44:37+00:00","article_modified_time":"2025-05-26T11:23:02+00:00","og_image":[{"width":2048,"height":1127,"url":"https:\/\/schoenstatt.com\/wp-content\/uploads\/2025\/05\/Joao-Luiz-Pozzobon-Roma.jpg","type":"image\/jpeg"}],"author":"Karen Bueno","twitter_card":"summary_large_image","twitter_misc":{"Scritto da":"Karen Bueno","Tempo di lettura stimato":"3 minuti"},"schema":{"@context":"https:\/\/schema.org","@graph":[{"@type":"Article","@id":"https:\/\/schoenstatt.com\/it\/i-cardinali-esamineranno-la-causa-di-beatificazione-di-joao-luiz-pozzobon-a-giugno\/#article","isPartOf":{"@id":"https:\/\/schoenstatt.com\/it\/i-cardinali-esamineranno-la-causa-di-beatificazione-di-joao-luiz-pozzobon-a-giugno\/"},"author":{"name":"Karen Bueno","@id":"https:\/\/schoenstatt.com\/it\/#\/schema\/person\/5158877ad4acae98b34daaeef2a1ce6e"},"headline":"I cardinali esamineranno la causa di beatificazione di Jo\u00e3o Luiz Pozzobon a giugno","datePublished":"2025-05-23T15:44:37+00:00","dateModified":"2025-05-26T11:23:02+00:00","mainEntityOfPage":{"@id":"https:\/\/schoenstatt.com\/it\/i-cardinali-esamineranno-la-causa-di-beatificazione-di-joao-luiz-pozzobon-a-giugno\/"},"wordCount":428,"publisher":{"@id":"https:\/\/schoenstatt.com\/it\/#organization"},"image":{"@id":"https:\/\/schoenstatt.com\/it\/i-cardinali-esamineranno-la-causa-di-beatificazione-di-joao-luiz-pozzobon-a-giugno\/#primaryimage"},"thumbnailUrl":"https:\/\/schoenstatt.com\/wp-content\/uploads\/2025\/05\/Joao-Luiz-Pozzobon-Roma.jpg","keywords":["Campagna della Madonna Pellegrina","Jo\u00e3o Luiz Pozzobon","Processo di Beatificazione","Schoenstatt Brasil","Schoenstatt Brasile"],"articleSection":["Eroi di Schoenstatt","Madonna Pellegrina"],"inLanguage":"it-IT"},{"@type":"WebPage","@id":"https:\/\/schoenstatt.com\/it\/i-cardinali-esamineranno-la-causa-di-beatificazione-di-joao-luiz-pozzobon-a-giugno\/","url":"https:\/\/schoenstatt.com\/it\/i-cardinali-esamineranno-la-causa-di-beatificazione-di-joao-luiz-pozzobon-a-giugno\/","name":"I cardinali esamineranno la causa di beatificazione di Jo\u00e3o Luiz Pozzobon a giugno","isPartOf":{"@id":"https:\/\/schoenstatt.com\/it\/#website"},"primaryImageOfPage":{"@id":"https:\/\/schoenstatt.com\/it\/i-cardinali-esamineranno-la-causa-di-beatificazione-di-joao-luiz-pozzobon-a-giugno\/#primaryimage"},"image":{"@id":"https:\/\/schoenstatt.com\/it\/i-cardinali-esamineranno-la-causa-di-beatificazione-di-joao-luiz-pozzobon-a-giugno\/#primaryimage"},"thumbnailUrl":"https:\/\/schoenstatt.com\/wp-content\/uploads\/2025\/05\/Joao-Luiz-Pozzobon-Roma.jpg","datePublished":"2025-05-23T15:44:37+00:00","dateModified":"2025-05-26T11:23:02+00:00","description":"La causa di beatificazione di Jo\u00e3o Pozzobon ha gi\u00e0 una data per essere esaminata dai cardinali. Preghiamo per questa intenzione!","breadcrumb":{"@id":"https:\/\/schoenstatt.com\/it\/i-cardinali-esamineranno-la-causa-di-beatificazione-di-joao-luiz-pozzobon-a-giugno\/#breadcrumb"},"inLanguage":"it-IT","potentialAction":[{"@type":"ReadAction","target":["https:\/\/schoenstatt.com\/it\/i-cardinali-esamineranno-la-causa-di-beatificazione-di-joao-luiz-pozzobon-a-giugno\/"]}]},{"@type":"ImageObject","inLanguage":"it-IT","@id":"https:\/\/schoenstatt.com\/it\/i-cardinali-esamineranno-la-causa-di-beatificazione-di-joao-luiz-pozzobon-a-giugno\/#primaryimage","url":"https:\/\/schoenstatt.com\/wp-content\/uploads\/2025\/05\/Joao-Luiz-Pozzobon-Roma.jpg","contentUrl":"https:\/\/schoenstatt.com\/wp-content\/uploads\/2025\/05\/Joao-Luiz-Pozzobon-Roma.jpg","width":2048,"height":1127},{"@type":"BreadcrumbList","@id":"https:\/\/schoenstatt.com\/it\/i-cardinali-esamineranno-la-causa-di-beatificazione-di-joao-luiz-pozzobon-a-giugno\/#breadcrumb","itemListElement":[{"@type":"ListItem","position":1,"name":"Portada","item":"https:\/\/schoenstatt.com\/it\/home\/"},{"@type":"ListItem","position":2,"name":"I cardinali esamineranno la causa di beatificazione di Jo\u00e3o Luiz Pozzobon a giugno"}]},{"@type":"WebSite","@id":"https:\/\/schoenstatt.com\/it\/#website","url":"https:\/\/schoenstatt.com\/it\/","name":"Schoenstatt","description":"Apostolic Movement","publisher":{"@id":"https:\/\/schoenstatt.com\/it\/#organization"},"potentialAction":[{"@type":"SearchAction","target":{"@type":"EntryPoint","urlTemplate":"https:\/\/schoenstatt.com\/it\/?s={search_term_string}"},"query-input":{"@type":"PropertyValueSpecification","valueRequired":true,"valueName":"search_term_string"}}],"inLanguage":"it-IT"},{"@type":"Organization","@id":"https:\/\/schoenstatt.com\/it\/#organization","name":"Schoenstatt","url":"https:\/\/schoenstatt.com\/it\/","logo":{"@type":"ImageObject","inLanguage":"it-IT","@id":"https:\/\/schoenstatt.com\/it\/#\/schema\/logo\/image\/","url":"https:\/\/schoenstatt.com\/wp-content\/uploads\/2025\/04\/logo-schoenstatt-white-696x696-1.png","contentUrl":"https:\/\/schoenstatt.com\/wp-content\/uploads\/2025\/04\/logo-schoenstatt-white-696x696-1.png","width":696,"height":694,"caption":"Schoenstatt"},"image":{"@id":"https:\/\/schoenstatt.com\/it\/#\/schema\/logo\/image\/"}},{"@type":"Person","@id":"https:\/\/schoenstatt.com\/it\/#\/schema\/person\/5158877ad4acae98b34daaeef2a1ce6e","name":"Karen Bueno","image":{"@type":"ImageObject","inLanguage":"it-IT","@id":"https:\/\/secure.gravatar.com\/avatar\/f9f4b823873154269d2b2130f195f6d41037dd0d7fc5f3cacb5c846bae70d66b?s=96&d=mm&r=g","url":"https:\/\/secure.gravatar.com\/avatar\/f9f4b823873154269d2b2130f195f6d41037dd0d7fc5f3cacb5c846bae70d66b?s=96&d=mm&r=g","contentUrl":"https:\/\/secure.gravatar.com\/avatar\/f9f4b823873154269d2b2130f195f6d41037dd0d7fc5f3cacb5c846bae70d66b?s=96&d=mm&r=g","caption":"Karen Bueno"},"url":"https:\/\/schoenstatt.com\/it\/author\/karen-bueno\/"}]}},"_links":{"self":[{"href":"https:\/\/schoenstatt.com\/it\/wp-json\/wp\/v2\/posts\/57817","targetHints":{"allow":["GET"]}}],"collection":[{"href":"https:\/\/schoenstatt.com\/it\/wp-json\/wp\/v2\/posts"}],"about":[{"href":"https:\/\/schoenstatt.com\/it\/wp-json\/wp\/v2\/types\/post"}],"author":[{"embeddable":true,"href":"https:\/\/schoenstatt.com\/it\/wp-json\/wp\/v2\/users\/3"}],"replies":[{"embeddable":true,"href":"https:\/\/schoenstatt.com\/it\/wp-json\/wp\/v2\/comments?post=57817"}],"version-history":[{"count":4,"href":"https:\/\/schoenstatt.com\/it\/wp-json\/wp\/v2\/posts\/57817\/revisions"}],"predecessor-version":[{"id":57821,"href":"https:\/\/schoenstatt.com\/it\/wp-json\/wp\/v2\/posts\/57817\/revisions\/57821"}],"wp:featuredmedia":[{"embeddable":true,"href":"https:\/\/schoenstatt.com\/it\/wp-json\/wp\/v2\/media\/57588"}],"wp:attachment":[{"href":"https:\/\/schoenstatt.com\/it\/wp-json\/wp\/v2\/media?parent=57817"}],"wp:term":[{"taxonomy":"category","embeddable":true,"href":"https:\/\/schoenstatt.com\/it\/wp-json\/wp\/v2\/categories?post=57817"},{"taxonomy":"post_tag","embeddable":true,"href":"https:\/\/schoenstatt.com\/it\/wp-json\/wp\/v2\/tags?post=57817"}],"curies":[{"name":"wp","href":"https:\/\/api.w.org\/{rel}","templated":true}]}}