{"id":57098,"date":"2025-05-21T13:18:25","date_gmt":"2025-05-21T11:18:25","guid":{"rendered":"https:\/\/schoenstatt.com\/?p=57098"},"modified":"2025-08-14T19:32:40","modified_gmt":"2025-08-14T17:32:40","slug":"noi-romani-in-piazza-san-pietro-per-la-proclamazione-di-leone-xiv","status":"publish","type":"post","link":"https:\/\/schoenstatt.com\/it\/noi-romani-in-piazza-san-pietro-per-la-proclamazione-di-leone-xiv\/","title":{"rendered":"Noi romani, in piazza San Pietro, per la proclamazione di Leone XIV"},"content":{"rendered":"\n<p><strong><strong>Il cammino a San Pietro e l\u2019attesa<\/strong><\/strong><\/p>\n\n\n\n<p>Nel pomeriggio dell\u20198 maggio, le mie figlie erano davanti alla televisione a fissare l\u2019immagine in diretta del comignolo della Cappella Sistina in attesa della fumata che annuncia l\u2019esito della votazione del Conclave che pensavamo infruttuosa. <strong>\u201cFumata bianca\u201d <\/strong>strilla una delle mie figlie e subito ci invade un sentimento di sorpresa per la nomina cos\u00ec veloce e di gioia per avere il nuovo pontefice.<\/p>\n\n\n\n<p>Senza pensarci un attimo, usciamo di casa, prendiamo la macchina, ci muoviamo verso San Pietro: \u00e8 un avvenimento cos\u00ec importante per noi, per la nostra povera fede, che non possiamo mancare.<\/p>\n\n\n\n<p><strong>Arrivare a piazza San Pietro \u00e8 stata un\u2019avventura<\/strong>: prima abbiamo trovato un traffico irreale, poi ci ha soccorso il parcheggio multipiano del Gianicolo, colle di fronte a San Pietro, che ci ha consentito di raggiungere senza ulteriori indugi il colonnato del Bernini. Sapevamo dalla televisione che nella piazza San Pietro vi erano molti fedeli e pellegrini ma abbiamo avuto un\u2019altra sorpresa: la stessa nostra idea l\u2019hanno avuta altre 150 mila fedeli (stima ufficiale) che si accalcavano per entrare in via della Conciliazione o nella Piazza.<\/p>\n\n\n\n<figure class=\"wp-block-gallery has-nested-images columns-default is-cropped wp-block-gallery-1 is-layout-flex wp-block-gallery-is-layout-flex\">\n<figure class=\"wp-block-image size-large\"><img fetchpriority=\"high\" decoding=\"async\" width=\"1152\" height=\"2048\" data-id=\"57060\" src=\"https:\/\/schoenstatt.com\/wp-content\/uploads\/2025\/05\/vatican-2.jpg\" alt=\"\" class=\"wp-image-57060\" srcset=\"https:\/\/schoenstatt.com\/wp-content\/uploads\/2025\/05\/vatican-2.jpg 1152w, https:\/\/schoenstatt.com\/wp-content\/uploads\/2025\/05\/vatican-2-768x1365.jpg 768w, https:\/\/schoenstatt.com\/wp-content\/uploads\/2025\/05\/vatican-2-864x1536.jpg 864w\" sizes=\"(max-width: 1152px) 100vw, 1152px\" \/><\/figure>\n\n\n\n<figure class=\"wp-block-image size-large\"><img decoding=\"async\" width=\"1441\" height=\"2560\" data-id=\"57065\" src=\"https:\/\/schoenstatt.com\/wp-content\/uploads\/2025\/05\/vatican-1-scaled.jpg\" alt=\"\" class=\"wp-image-57065\" srcset=\"https:\/\/schoenstatt.com\/wp-content\/uploads\/2025\/05\/vatican-1-scaled.jpg 1441w, https:\/\/schoenstatt.com\/wp-content\/uploads\/2025\/05\/vatican-1-768x1364.jpg 768w, https:\/\/schoenstatt.com\/wp-content\/uploads\/2025\/05\/vatican-1-865x1536.jpg 865w, https:\/\/schoenstatt.com\/wp-content\/uploads\/2025\/05\/vatican-1-1153x2048.jpg 1153w\" sizes=\"(max-width: 1441px) 100vw, 1441px\" \/><\/figure>\n<\/figure>\n\n\n\n<p>Non ci siamo persi d\u2019animo e ci siamo inseriti nel flusso di pellegrini, accalcandoci alla fine verso i metal detector per accedere alla piazza. Non ci credo ancora ma siamo riusciti ad arrivare in piazza, a ridosso dell\u2019obelisco, 30 minuti prima della proclamazione del nuovo papa. Non sapevamo, come tutti, chi sarebbe stato e l\u2019attesa gioiosa si respirava nell\u2019aria.<\/p>\n\n\n\n<p><strong>I cellulari sono pronti per carpire alcune foto o video dell\u2019evento<\/strong>, anche se la connessione internet non funziona pi\u00f9 per nessuno. La piazza \u00e8 piena di pellegrini realmente provenienti da tutto il mondo, anche per il giubileo, e i fedeli italiani sperano in un nome della propria nazione. Per noi romani, la figura del papa fa parte del <em>\u201cpanorama cittadino\u201d<\/em>, della consistenza della nostra identit\u00e0 profonda, \u00e8 cio\u00e8 una presenza di cui non possiamo fare a meno, ci\u00f2 anche per i non credenti, e la provenienza del pontefice in fondo non ha grande importanza perch\u00e9 \u00e8 il nostro vescovo\u2026 Di fatto abbiamo amato profondamente i pontefici precedenti e abbiamo gioito e pregato per loro.<\/p>\n\n\n\n<h3 class=\"wp-block-heading\" id=\"h-la-proclamazione\">La proclamazione<\/h3>\n\n\n\n<p>Finalmente, si apre la tenda del balcone centrale della basilica e il cardinale protodiacono pronuncia la frase che ben conosciamo: <em>Habemus Papam.<\/em><\/p>\n\n\n\n<figure class=\"wp-block-image aligncenter size-full is-resized\"><img decoding=\"async\" width=\"1124\" height=\"2048\" src=\"https:\/\/schoenstatt.com\/wp-content\/uploads\/2025\/05\/Vatican-Roma-2.jpg\" alt=\"\" class=\"wp-image-57070\" style=\"width:500px\" srcset=\"https:\/\/schoenstatt.com\/wp-content\/uploads\/2025\/05\/Vatican-Roma-2.jpg 1124w, https:\/\/schoenstatt.com\/wp-content\/uploads\/2025\/05\/Vatican-Roma-2-768x1399.jpg 768w, https:\/\/schoenstatt.com\/wp-content\/uploads\/2025\/05\/Vatican-Roma-2-843x1536.jpg 843w\" sizes=\"(max-width: 1124px) 100vw, 1124px\" \/><\/figure>\n\n\n\n<p>Apprendiamo, quindi, la nomina del cardinale Robert Francis Prevost quale papa con nome di Leone XIV. Tra i fedeli italiani serpeggia un sentimento di curiosit\u00e0 per sapere chi \u00e8 il nuovo papa e perch\u00e9 ha scelto quel nome. Dopo poco, qualche fedele, ottenute informazioni grazie al flebile segnale di internet presente, condivide la notizia dell\u2019origine americana del pontefice che appare accanto agli altri cardinali. Dai maxischermi della piazza, cogliamo nel suo silenzio iniziale e nel suo sguardo commosso, una grande emozione nel pontefice che coinvolge anche noi.<\/p>\n\n\n\n<p>Inizia il discorso del papa, cos\u00ec lungo ed intenso come forse non lo avevo sentito nelle altre proclamazioni cui ho assistito. Risuonano alcune parole chiave che arrivano alle nostre menti e ai nostri cuori come fosse pietre miliari: <strong>pace<\/strong> (ripetuta 8 volte), <strong>Papa Francesco<\/strong> (ripetuto 2 volte), <strong>Roma<\/strong> (ripetuta 4 volte), <strong>mondo<\/strong> (ripetuto 4 volte), <strong>chiesa<\/strong> (ripetuta 9 volte), <strong>ponte\/ponti <\/strong>(ripetuto 3 volte), <strong>Maria<\/strong> cui ha dedicato gli ultimi due periodi di chiusura del discorso.<\/p>\n\n\n\n<p>Ci colpisce subito la dichiarazione dei suoi intenti: \u201cvogliamo essere una Chiesa sinodale, una Chiesa in cammino, una Chiesa che cerca sempre la pace, che cerca sempre la carit\u00e0, che cerca sempre di essere vicina, soprattutto a chi soffre\u201d. Cos\u00ec ci viene in mente l\u2019espressione di papa Francesco della \u201cchiesa in uscita\u201d che in papa Leone XIV diviene la chiesa che dialoga e che \u201ccostruisce ponti\u201d. Queste frasi arrivano al nostro cuore come l\u2019antifona di un lunghissimo salmo che vuole dare seguito alla chiesa in uscita di Francesco con una chiesa che dialoga e si lega con gli altri per costruire un mondo nuovo.<\/p>\n\n\n\n<h3 class=\"wp-block-heading\" id=\"h-il-nuovo-pontefice\">Il nuovo pontefice<\/h3>\n\n\n\n<p>Papa Leone XIV gi\u00e0 nel suo saluto ha comunicato il suo percorso, la sua provenienza dall\u2019ordine di Sant\u2019Agostino e la sua missione come sacerdote e vescovo in Per\u00f9 di cui ha ottenuto, pur essendo nato a Chicago (USA), la cittadinanza.<\/p>\n\n\n\n<figure class=\"wp-block-image aligncenter size-full is-resized\"><img loading=\"lazy\" decoding=\"async\" width=\"1536\" height=\"2048\" src=\"https:\/\/schoenstatt.com\/wp-content\/uploads\/2025\/05\/Family-Vatican-Roma.jpg\" alt=\"\" class=\"wp-image-57086\" style=\"width:500px;height:auto\" srcset=\"https:\/\/schoenstatt.com\/wp-content\/uploads\/2025\/05\/Family-Vatican-Roma.jpg 1536w, https:\/\/schoenstatt.com\/wp-content\/uploads\/2025\/05\/Family-Vatican-Roma-768x1024.jpg 768w, https:\/\/schoenstatt.com\/wp-content\/uploads\/2025\/05\/Family-Vatican-Roma-1152x1536.jpg 1152w\" sizes=\"(max-width: 1536px) 100vw, 1536px\" \/><figcaption class=\"wp-element-caption\">&#8220;Siamo riusciti ad arrivare in piazza 30 minuti prima della proclamazione del nuovo papa&#8221;<\/figcaption><\/figure>\n\n\n\n<p>All\u2019inizio del 2023 \u00e8 stato nominato da Papa Francesco prefetto del Dicastero per i vescovi ma \u00e8 stato anche presidente della Pontificia commissione per l&#8217;America latina, quindi \u00e8 divenuto un po&#8217; romano.<\/p>\n\n\n\n<p>Forse l\u2019episodio che colpisce di pi\u00f9 \u00e8 quello condiviso da <a href=\"https:\/\/www.vaticannews.va\/it\/papa\/news\/2025-05\/papa-leone-xiv-peru-testimonianza-missionarieta.html\" target=\"_blank\" rel=\"noreferrer noopener\">suor Karina Gonzales, in Vatican News<\/a> che racconta che papa Leone XIV, quando era missionario in Per\u00f9, per raggiungere tutti i suoi fedeli sparsi nella sua diocesi anche in zone difficilmente raggiungibili, partiva a cavallo per raggiungere la zona della Sierra del Nord, una regione montuosa andina. Un pastore, dunque, che ha a cuore i suoi fedeli e fa di tutto per raggiungerli ed assisterli.<\/p>\n\n\n\n<h3 class=\"wp-block-heading\" id=\"h-il-nome-di-leone-xiv\">Il nome di Leone XIV<\/h3>\n\n\n\n<p>Quando abbiamo appreso il nome, tutti i fedeli presenti a San Pietro si sono chiesti le ragioni della scelta. Tutti gli esperti del settore richiamano il collegamento con papa Leone XIII (Vincenzo Gioacchino Raffaele Luigi Pecci, 256 vescovo di Roma, che fu Papa dal 1878 al 1903) che, mi sembra, si sia distinto per aver valorizzato la teologia di San Tommaso d\u2019Aquino negli studi teologici e di aver cercato di dialogare con il mondo (siamo dopo la conquista dello stato pontifico e nei tempi di sviluppo del modernismo, del capitalismo e conseguentemente del socialismo). La sua opera si \u00e8 conclusa con l\u2019enciclica <em>Rerum novarum<\/em> (1891), tutt\u2019ora importantissima, che ha costituito il fondamento teorico della dottrina sociale della chiesa cattolica e ha rappresentato la risposta della Chiesa ai problemi del tempo (che ancora ci affliggono anche se in forma differente).<\/p>\n\n\n\n<p>A noi romani piace, per\u00f2, pensare che la scelta del nome sia stata ispirata anche dalla memoria di Leone I, pontefice dal 440 al 461, che \u00e8 legato in particolare all\u2019incontro con Attila, sovrano degli Unni, per tentare di dissuaderlo dall\u2019avanzare conto Roma (episodio rappresentato anche da un affresco di Raffaello, nel 1513, nei Musei Vaticani) e nelle vicende del 455, ove riusc\u00ec a salvare Roma dal sacco dei Vandali, proteggendo la popolazione e le basiliche principali.<\/p>\n\n\n\n<figure class=\"wp-block-image size-full\"><img loading=\"lazy\" decoding=\"async\" width=\"2000\" height=\"1126\" src=\"https:\/\/schoenstatt.com\/wp-content\/uploads\/2025\/05\/Vatican-Roma-3.jpg\" alt=\"\" class=\"wp-image-57081\" srcset=\"https:\/\/schoenstatt.com\/wp-content\/uploads\/2025\/05\/Vatican-Roma-3.jpg 2000w, https:\/\/schoenstatt.com\/wp-content\/uploads\/2025\/05\/Vatican-Roma-3-768x432.jpg 768w, https:\/\/schoenstatt.com\/wp-content\/uploads\/2025\/05\/Vatican-Roma-3-1536x865.jpg 1536w\" sizes=\"(max-width: 2000px) 100vw, 2000px\" \/><\/figure>\n\n\n\n<p>Alla fine di questa emozionante importante giornata, ritornano alla mente \u2013 come traccia amiamo pensare anche del pontificato &#8211; alcune parole dette dal monsignor Prevost in una intervista nel maggio del 2023 al direttore editoriale di Vatican News:<em> \u201cLa mia vocazione come quella di ogni cristiano \u00e8 l\u2019essere missionario, annunciare il Vangelo l\u00e0 dove uno si trova\u201d<\/em>. Noi indegnamente vogliamo seguire questa traccia\u2026<\/p>\n","protected":false},"excerpt":{"rendered":"<p>Come ha vissuto l&#8217;annuncio del nuovo Papa la Famiglia di Schoenstatt di Roma? Fretta, attesa ed emozione nella corsa verso Piazza San Pietro.<\/p>\n","protected":false},"author":3,"featured_media":57083,"comment_status":"closed","ping_status":"closed","sticky":false,"template":"","format":"standard","meta":{"footnotes":""},"categories":[867,875],"tags":[1106],"class_list":["post-57098","post","type-post","status-publish","format-standard","has-post-thumbnail","hentry","category-chiesa-it","category-famiglia-it","tag-roma-it"],"yoast_head":"<!-- This site is optimized with the Yoast SEO Premium plugin v27.4 (Yoast SEO v27.5) - https:\/\/yoast.com\/product\/yoast-seo-premium-wordpress\/ -->\n<title>Noi romani, in piazza San Pietro, per la proclamazione di Leone XIV<\/title>\n<meta name=\"description\" content=\"Come ha vissuto l&#039;annuncio del nuovo Papa la Famiglia di Schoenstatt di Roma? Fretta, attesa ed emozione nella corsa verso Piazza San Pietro.\" \/>\n<meta name=\"robots\" content=\"index, follow, max-snippet:-1, max-image-preview:large, max-video-preview:-1\" \/>\n<link rel=\"canonical\" href=\"https:\/\/schoenstatt.com\/it\/noi-romani-in-piazza-san-pietro-per-la-proclamazione-di-leone-xiv\/\" \/>\n<meta property=\"og:locale\" content=\"it_IT\" \/>\n<meta property=\"og:type\" content=\"article\" \/>\n<meta property=\"og:title\" content=\"Noi romani, in piazza San Pietro, per la proclamazione di Leone XIV\" \/>\n<meta property=\"og:description\" content=\"Come ha vissuto l&#039;annuncio del nuovo Papa la Famiglia di Schoenstatt di Roma? Fretta, attesa ed emozione nella corsa verso Piazza San Pietro.\" \/>\n<meta property=\"og:url\" content=\"https:\/\/schoenstatt.com\/it\/noi-romani-in-piazza-san-pietro-per-la-proclamazione-di-leone-xiv\/\" \/>\n<meta property=\"og:site_name\" content=\"Schoenstatt\" \/>\n<meta property=\"article:published_time\" content=\"2025-05-21T11:18:25+00:00\" \/>\n<meta property=\"article:modified_time\" content=\"2025-08-14T17:32:40+00:00\" \/>\n<meta property=\"og:image\" content=\"https:\/\/schoenstatt.com\/wp-content\/uploads\/2025\/05\/Vatican-Roma-3.jpg\" \/>\n\t<meta property=\"og:image:width\" content=\"2000\" \/>\n\t<meta property=\"og:image:height\" content=\"1126\" \/>\n\t<meta property=\"og:image:type\" content=\"image\/jpeg\" \/>\n<meta name=\"author\" content=\"Karen Bueno\" \/>\n<meta name=\"twitter:card\" content=\"summary_large_image\" \/>\n<meta name=\"twitter:label1\" content=\"Scritto da\" \/>\n\t<meta name=\"twitter:data1\" content=\"Karen Bueno\" \/>\n\t<meta name=\"twitter:label2\" content=\"Tempo di lettura stimato\" \/>\n\t<meta name=\"twitter:data2\" content=\"7 minuti\" \/>\n<script type=\"application\/ld+json\" class=\"yoast-schema-graph\">{\"@context\":\"https:\\\/\\\/schema.org\",\"@graph\":[{\"@type\":\"Article\",\"@id\":\"https:\\\/\\\/schoenstatt.com\\\/it\\\/noi-romani-in-piazza-san-pietro-per-la-proclamazione-di-leone-xiv\\\/#article\",\"isPartOf\":{\"@id\":\"https:\\\/\\\/schoenstatt.com\\\/it\\\/noi-romani-in-piazza-san-pietro-per-la-proclamazione-di-leone-xiv\\\/\"},\"author\":{\"name\":\"Karen Bueno\",\"@id\":\"https:\\\/\\\/schoenstatt.com\\\/it\\\/#\\\/schema\\\/person\\\/5158877ad4acae98b34daaeef2a1ce6e\"},\"headline\":\"Noi romani, in piazza San Pietro, per la proclamazione di Leone XIV\",\"datePublished\":\"2025-05-21T11:18:25+00:00\",\"dateModified\":\"2025-08-14T17:32:40+00:00\",\"mainEntityOfPage\":{\"@id\":\"https:\\\/\\\/schoenstatt.com\\\/it\\\/noi-romani-in-piazza-san-pietro-per-la-proclamazione-di-leone-xiv\\\/\"},\"wordCount\":1102,\"publisher\":{\"@id\":\"https:\\\/\\\/schoenstatt.com\\\/it\\\/#organization\"},\"image\":{\"@id\":\"https:\\\/\\\/schoenstatt.com\\\/it\\\/noi-romani-in-piazza-san-pietro-per-la-proclamazione-di-leone-xiv\\\/#primaryimage\"},\"thumbnailUrl\":\"https:\\\/\\\/schoenstatt.com\\\/wp-content\\\/uploads\\\/2025\\\/05\\\/Vatican-Roma-3.jpg\",\"keywords\":[\"Roma\"],\"articleSection\":[\"Chiesa\",\"Famiglia\"],\"inLanguage\":\"it-IT\"},{\"@type\":\"WebPage\",\"@id\":\"https:\\\/\\\/schoenstatt.com\\\/it\\\/noi-romani-in-piazza-san-pietro-per-la-proclamazione-di-leone-xiv\\\/\",\"url\":\"https:\\\/\\\/schoenstatt.com\\\/it\\\/noi-romani-in-piazza-san-pietro-per-la-proclamazione-di-leone-xiv\\\/\",\"name\":\"Noi romani, in piazza San Pietro, per la proclamazione di Leone XIV\",\"isPartOf\":{\"@id\":\"https:\\\/\\\/schoenstatt.com\\\/it\\\/#website\"},\"primaryImageOfPage\":{\"@id\":\"https:\\\/\\\/schoenstatt.com\\\/it\\\/noi-romani-in-piazza-san-pietro-per-la-proclamazione-di-leone-xiv\\\/#primaryimage\"},\"image\":{\"@id\":\"https:\\\/\\\/schoenstatt.com\\\/it\\\/noi-romani-in-piazza-san-pietro-per-la-proclamazione-di-leone-xiv\\\/#primaryimage\"},\"thumbnailUrl\":\"https:\\\/\\\/schoenstatt.com\\\/wp-content\\\/uploads\\\/2025\\\/05\\\/Vatican-Roma-3.jpg\",\"datePublished\":\"2025-05-21T11:18:25+00:00\",\"dateModified\":\"2025-08-14T17:32:40+00:00\",\"description\":\"Come ha vissuto l'annuncio del nuovo Papa la Famiglia di Schoenstatt di Roma? Fretta, attesa ed emozione nella corsa verso Piazza San Pietro.\",\"breadcrumb\":{\"@id\":\"https:\\\/\\\/schoenstatt.com\\\/it\\\/noi-romani-in-piazza-san-pietro-per-la-proclamazione-di-leone-xiv\\\/#breadcrumb\"},\"inLanguage\":\"it-IT\",\"potentialAction\":[{\"@type\":\"ReadAction\",\"target\":[\"https:\\\/\\\/schoenstatt.com\\\/it\\\/noi-romani-in-piazza-san-pietro-per-la-proclamazione-di-leone-xiv\\\/\"]}]},{\"@type\":\"ImageObject\",\"inLanguage\":\"it-IT\",\"@id\":\"https:\\\/\\\/schoenstatt.com\\\/it\\\/noi-romani-in-piazza-san-pietro-per-la-proclamazione-di-leone-xiv\\\/#primaryimage\",\"url\":\"https:\\\/\\\/schoenstatt.com\\\/wp-content\\\/uploads\\\/2025\\\/05\\\/Vatican-Roma-3.jpg\",\"contentUrl\":\"https:\\\/\\\/schoenstatt.com\\\/wp-content\\\/uploads\\\/2025\\\/05\\\/Vatican-Roma-3.jpg\",\"width\":2000,\"height\":1126},{\"@type\":\"BreadcrumbList\",\"@id\":\"https:\\\/\\\/schoenstatt.com\\\/it\\\/noi-romani-in-piazza-san-pietro-per-la-proclamazione-di-leone-xiv\\\/#breadcrumb\",\"itemListElement\":[{\"@type\":\"ListItem\",\"position\":1,\"name\":\"Portada\",\"item\":\"https:\\\/\\\/schoenstatt.com\\\/it\\\/home\\\/\"},{\"@type\":\"ListItem\",\"position\":2,\"name\":\"Noi romani, in piazza San Pietro, per la proclamazione di Leone XIV\"}]},{\"@type\":\"WebSite\",\"@id\":\"https:\\\/\\\/schoenstatt.com\\\/it\\\/#website\",\"url\":\"https:\\\/\\\/schoenstatt.com\\\/it\\\/\",\"name\":\"Schoenstatt\",\"description\":\"Apostolic Movement\",\"publisher\":{\"@id\":\"https:\\\/\\\/schoenstatt.com\\\/it\\\/#organization\"},\"potentialAction\":[{\"@type\":\"SearchAction\",\"target\":{\"@type\":\"EntryPoint\",\"urlTemplate\":\"https:\\\/\\\/schoenstatt.com\\\/it\\\/?s={search_term_string}\"},\"query-input\":{\"@type\":\"PropertyValueSpecification\",\"valueRequired\":true,\"valueName\":\"search_term_string\"}}],\"inLanguage\":\"it-IT\"},{\"@type\":\"Organization\",\"@id\":\"https:\\\/\\\/schoenstatt.com\\\/it\\\/#organization\",\"name\":\"Schoenstatt\",\"url\":\"https:\\\/\\\/schoenstatt.com\\\/it\\\/\",\"logo\":{\"@type\":\"ImageObject\",\"inLanguage\":\"it-IT\",\"@id\":\"https:\\\/\\\/schoenstatt.com\\\/it\\\/#\\\/schema\\\/logo\\\/image\\\/\",\"url\":\"https:\\\/\\\/schoenstatt.com\\\/wp-content\\\/uploads\\\/2025\\\/04\\\/logo-schoenstatt-white-696x696-1.png\",\"contentUrl\":\"https:\\\/\\\/schoenstatt.com\\\/wp-content\\\/uploads\\\/2025\\\/04\\\/logo-schoenstatt-white-696x696-1.png\",\"width\":696,\"height\":694,\"caption\":\"Schoenstatt\"},\"image\":{\"@id\":\"https:\\\/\\\/schoenstatt.com\\\/it\\\/#\\\/schema\\\/logo\\\/image\\\/\"}},{\"@type\":\"Person\",\"@id\":\"https:\\\/\\\/schoenstatt.com\\\/it\\\/#\\\/schema\\\/person\\\/5158877ad4acae98b34daaeef2a1ce6e\",\"name\":\"Karen Bueno\",\"image\":{\"@type\":\"ImageObject\",\"inLanguage\":\"it-IT\",\"@id\":\"https:\\\/\\\/secure.gravatar.com\\\/avatar\\\/f9f4b823873154269d2b2130f195f6d41037dd0d7fc5f3cacb5c846bae70d66b?s=96&d=mm&r=g\",\"url\":\"https:\\\/\\\/secure.gravatar.com\\\/avatar\\\/f9f4b823873154269d2b2130f195f6d41037dd0d7fc5f3cacb5c846bae70d66b?s=96&d=mm&r=g\",\"contentUrl\":\"https:\\\/\\\/secure.gravatar.com\\\/avatar\\\/f9f4b823873154269d2b2130f195f6d41037dd0d7fc5f3cacb5c846bae70d66b?s=96&d=mm&r=g\",\"caption\":\"Karen Bueno\"},\"url\":\"https:\\\/\\\/schoenstatt.com\\\/it\\\/author\\\/karen-bueno\\\/\"}]}<\/script>\n<!-- \/ Yoast SEO Premium plugin. -->","yoast_head_json":{"title":"Noi romani, in piazza San Pietro, per la proclamazione di Leone XIV","description":"Come ha vissuto l'annuncio del nuovo Papa la Famiglia di Schoenstatt di Roma? Fretta, attesa ed emozione nella corsa verso Piazza San Pietro.","robots":{"index":"index","follow":"follow","max-snippet":"max-snippet:-1","max-image-preview":"max-image-preview:large","max-video-preview":"max-video-preview:-1"},"canonical":"https:\/\/schoenstatt.com\/it\/noi-romani-in-piazza-san-pietro-per-la-proclamazione-di-leone-xiv\/","og_locale":"it_IT","og_type":"article","og_title":"Noi romani, in piazza San Pietro, per la proclamazione di Leone XIV","og_description":"Come ha vissuto l'annuncio del nuovo Papa la Famiglia di Schoenstatt di Roma? Fretta, attesa ed emozione nella corsa verso Piazza San Pietro.","og_url":"https:\/\/schoenstatt.com\/it\/noi-romani-in-piazza-san-pietro-per-la-proclamazione-di-leone-xiv\/","og_site_name":"Schoenstatt","article_published_time":"2025-05-21T11:18:25+00:00","article_modified_time":"2025-08-14T17:32:40+00:00","og_image":[{"width":2000,"height":1126,"url":"https:\/\/schoenstatt.com\/wp-content\/uploads\/2025\/05\/Vatican-Roma-3.jpg","type":"image\/jpeg"}],"author":"Karen Bueno","twitter_card":"summary_large_image","twitter_misc":{"Scritto da":"Karen Bueno","Tempo di lettura stimato":"7 minuti"},"schema":{"@context":"https:\/\/schema.org","@graph":[{"@type":"Article","@id":"https:\/\/schoenstatt.com\/it\/noi-romani-in-piazza-san-pietro-per-la-proclamazione-di-leone-xiv\/#article","isPartOf":{"@id":"https:\/\/schoenstatt.com\/it\/noi-romani-in-piazza-san-pietro-per-la-proclamazione-di-leone-xiv\/"},"author":{"name":"Karen Bueno","@id":"https:\/\/schoenstatt.com\/it\/#\/schema\/person\/5158877ad4acae98b34daaeef2a1ce6e"},"headline":"Noi romani, in piazza San Pietro, per la proclamazione di Leone XIV","datePublished":"2025-05-21T11:18:25+00:00","dateModified":"2025-08-14T17:32:40+00:00","mainEntityOfPage":{"@id":"https:\/\/schoenstatt.com\/it\/noi-romani-in-piazza-san-pietro-per-la-proclamazione-di-leone-xiv\/"},"wordCount":1102,"publisher":{"@id":"https:\/\/schoenstatt.com\/it\/#organization"},"image":{"@id":"https:\/\/schoenstatt.com\/it\/noi-romani-in-piazza-san-pietro-per-la-proclamazione-di-leone-xiv\/#primaryimage"},"thumbnailUrl":"https:\/\/schoenstatt.com\/wp-content\/uploads\/2025\/05\/Vatican-Roma-3.jpg","keywords":["Roma"],"articleSection":["Chiesa","Famiglia"],"inLanguage":"it-IT"},{"@type":"WebPage","@id":"https:\/\/schoenstatt.com\/it\/noi-romani-in-piazza-san-pietro-per-la-proclamazione-di-leone-xiv\/","url":"https:\/\/schoenstatt.com\/it\/noi-romani-in-piazza-san-pietro-per-la-proclamazione-di-leone-xiv\/","name":"Noi romani, in piazza San Pietro, per la proclamazione di Leone XIV","isPartOf":{"@id":"https:\/\/schoenstatt.com\/it\/#website"},"primaryImageOfPage":{"@id":"https:\/\/schoenstatt.com\/it\/noi-romani-in-piazza-san-pietro-per-la-proclamazione-di-leone-xiv\/#primaryimage"},"image":{"@id":"https:\/\/schoenstatt.com\/it\/noi-romani-in-piazza-san-pietro-per-la-proclamazione-di-leone-xiv\/#primaryimage"},"thumbnailUrl":"https:\/\/schoenstatt.com\/wp-content\/uploads\/2025\/05\/Vatican-Roma-3.jpg","datePublished":"2025-05-21T11:18:25+00:00","dateModified":"2025-08-14T17:32:40+00:00","description":"Come ha vissuto l'annuncio del nuovo Papa la Famiglia di Schoenstatt di Roma? Fretta, attesa ed emozione nella corsa verso Piazza San Pietro.","breadcrumb":{"@id":"https:\/\/schoenstatt.com\/it\/noi-romani-in-piazza-san-pietro-per-la-proclamazione-di-leone-xiv\/#breadcrumb"},"inLanguage":"it-IT","potentialAction":[{"@type":"ReadAction","target":["https:\/\/schoenstatt.com\/it\/noi-romani-in-piazza-san-pietro-per-la-proclamazione-di-leone-xiv\/"]}]},{"@type":"ImageObject","inLanguage":"it-IT","@id":"https:\/\/schoenstatt.com\/it\/noi-romani-in-piazza-san-pietro-per-la-proclamazione-di-leone-xiv\/#primaryimage","url":"https:\/\/schoenstatt.com\/wp-content\/uploads\/2025\/05\/Vatican-Roma-3.jpg","contentUrl":"https:\/\/schoenstatt.com\/wp-content\/uploads\/2025\/05\/Vatican-Roma-3.jpg","width":2000,"height":1126},{"@type":"BreadcrumbList","@id":"https:\/\/schoenstatt.com\/it\/noi-romani-in-piazza-san-pietro-per-la-proclamazione-di-leone-xiv\/#breadcrumb","itemListElement":[{"@type":"ListItem","position":1,"name":"Portada","item":"https:\/\/schoenstatt.com\/it\/home\/"},{"@type":"ListItem","position":2,"name":"Noi romani, in piazza San Pietro, per la proclamazione di Leone XIV"}]},{"@type":"WebSite","@id":"https:\/\/schoenstatt.com\/it\/#website","url":"https:\/\/schoenstatt.com\/it\/","name":"Schoenstatt","description":"Apostolic Movement","publisher":{"@id":"https:\/\/schoenstatt.com\/it\/#organization"},"potentialAction":[{"@type":"SearchAction","target":{"@type":"EntryPoint","urlTemplate":"https:\/\/schoenstatt.com\/it\/?s={search_term_string}"},"query-input":{"@type":"PropertyValueSpecification","valueRequired":true,"valueName":"search_term_string"}}],"inLanguage":"it-IT"},{"@type":"Organization","@id":"https:\/\/schoenstatt.com\/it\/#organization","name":"Schoenstatt","url":"https:\/\/schoenstatt.com\/it\/","logo":{"@type":"ImageObject","inLanguage":"it-IT","@id":"https:\/\/schoenstatt.com\/it\/#\/schema\/logo\/image\/","url":"https:\/\/schoenstatt.com\/wp-content\/uploads\/2025\/04\/logo-schoenstatt-white-696x696-1.png","contentUrl":"https:\/\/schoenstatt.com\/wp-content\/uploads\/2025\/04\/logo-schoenstatt-white-696x696-1.png","width":696,"height":694,"caption":"Schoenstatt"},"image":{"@id":"https:\/\/schoenstatt.com\/it\/#\/schema\/logo\/image\/"}},{"@type":"Person","@id":"https:\/\/schoenstatt.com\/it\/#\/schema\/person\/5158877ad4acae98b34daaeef2a1ce6e","name":"Karen Bueno","image":{"@type":"ImageObject","inLanguage":"it-IT","@id":"https:\/\/secure.gravatar.com\/avatar\/f9f4b823873154269d2b2130f195f6d41037dd0d7fc5f3cacb5c846bae70d66b?s=96&d=mm&r=g","url":"https:\/\/secure.gravatar.com\/avatar\/f9f4b823873154269d2b2130f195f6d41037dd0d7fc5f3cacb5c846bae70d66b?s=96&d=mm&r=g","contentUrl":"https:\/\/secure.gravatar.com\/avatar\/f9f4b823873154269d2b2130f195f6d41037dd0d7fc5f3cacb5c846bae70d66b?s=96&d=mm&r=g","caption":"Karen Bueno"},"url":"https:\/\/schoenstatt.com\/it\/author\/karen-bueno\/"}]}},"_links":{"self":[{"href":"https:\/\/schoenstatt.com\/it\/wp-json\/wp\/v2\/posts\/57098","targetHints":{"allow":["GET"]}}],"collection":[{"href":"https:\/\/schoenstatt.com\/it\/wp-json\/wp\/v2\/posts"}],"about":[{"href":"https:\/\/schoenstatt.com\/it\/wp-json\/wp\/v2\/types\/post"}],"author":[{"embeddable":true,"href":"https:\/\/schoenstatt.com\/it\/wp-json\/wp\/v2\/users\/3"}],"replies":[{"embeddable":true,"href":"https:\/\/schoenstatt.com\/it\/wp-json\/wp\/v2\/comments?post=57098"}],"version-history":[{"count":1,"href":"https:\/\/schoenstatt.com\/it\/wp-json\/wp\/v2\/posts\/57098\/revisions"}],"predecessor-version":[{"id":57099,"href":"https:\/\/schoenstatt.com\/it\/wp-json\/wp\/v2\/posts\/57098\/revisions\/57099"}],"wp:featuredmedia":[{"embeddable":true,"href":"https:\/\/schoenstatt.com\/it\/wp-json\/wp\/v2\/media\/57083"}],"wp:attachment":[{"href":"https:\/\/schoenstatt.com\/it\/wp-json\/wp\/v2\/media?parent=57098"}],"wp:term":[{"taxonomy":"category","embeddable":true,"href":"https:\/\/schoenstatt.com\/it\/wp-json\/wp\/v2\/categories?post=57098"},{"taxonomy":"post_tag","embeddable":true,"href":"https:\/\/schoenstatt.com\/it\/wp-json\/wp\/v2\/tags?post=57098"}],"curies":[{"name":"wp","href":"https:\/\/api.w.org\/{rel}","templated":true}]}}