{"id":53638,"date":"2025-05-10T02:23:37","date_gmt":"2025-05-10T00:23:37","guid":{"rendered":"https:\/\/schoenstatt.com\/?p=53638"},"modified":"2025-05-15T23:51:41","modified_gmt":"2025-05-15T21:51:41","slug":"benvenuto-papa-leone-xiv","status":"publish","type":"post","link":"https:\/\/schoenstatt.com\/it\/benvenuto-papa-leone-xiv\/","title":{"rendered":"Benvenuto, Papa Leone XIV"},"content":{"rendered":"\n<p>Il presidente del Presidium Internazionale di Schoenstatt, Padre Alexandre Awi Mello, ha seguito l&#8217;annuncio del nuovo Papa dal Burundi, in Africa. In qualit\u00e0 di superiore generale dei Padri di Schoenstatt, si trova attualmente in visita ai membri della sua comunit\u00e0 in questa regione, considerata territorio di missione. Dall&#8217;Africa, Padre Alexandre invia un saluto alla Famiglia di Schoenstatt, invitando tutti a rimanere in preghiera per Papa Leone XIV e, insieme, ad abbracciare la nostra missione nella vita della Chiesa.<\/p>\n\n\n\n<p><em>*Sottotitoli disponibili in italiano, inglese, tedesco, portoghese, francese e spagnolo.<\/em><\/p>\n\n\n\n<figure class=\"wp-block-embed is-type-video is-provider-youtube wp-block-embed-youtube wp-embed-aspect-16-9 wp-has-aspect-ratio\"><div class=\"wp-block-embed__wrapper\">\n<iframe title=\"New Pope: Greeting from Fr. Alexandre Awi \/ Nuevo Papa: Saludo del P. Alexandre Awi\" width=\"800\" height=\"450\" src=\"https:\/\/www.youtube.com\/embed\/OpqyPfPT9PQ?feature=oembed\" frameborder=\"0\" allow=\"accelerometer; autoplay; clipboard-write; encrypted-media; gyroscope; picture-in-picture; web-share\" referrerpolicy=\"strict-origin-when-cross-origin\" allowfullscreen><\/iframe>\n<\/div><\/figure>\n\n\n\n<p><em>Cara Famiglia internazionale di Schoenstatt, \u201cNimuguire Amahoro\u201d \u2013 La pace sia con voi, in Kirundi, la lingua parlata qui dove mi trovo durante l&#8217;elezione del nuovo Papa.<\/em><\/p>\n\n\n\n<p><em>E da qui, dal Burundi, da Bujumbura, dal nostro Santuario di Schoenstatt, desidero inviarvi un caloroso saluto.<br>Siamo nella gioia perch\u00e9 Habemus Papam, e il Papa \u00e8 un Papa missionario. Ecco perch\u00e9 ci troviamo in territorio di missione, e Schoenstatt \u00e8 un movimento missionario.<\/em><\/p>\n\n\n\n<p><em>Siamo felici che le prime parole del Papa siano parole di pace, ma anche parole mariane. E noi, come movimento internazionale, vogliamo impegnarci nella missione del nuovo Papa. Quest\u2019anno celebriamo 60 anni da quando nostro padre e fondatore (Padre Joseph Kentenich) promise a Papa Paolo VI che avremmo contribuito a portare avanti la missione post-conciliare della Chiesa. In questo spirito, vogliamo rimanere fedeli a tutti i papi post-conciliari, e in particolare a Leone XIV.<\/em><\/p>\n\n\n\n<p><em>Che questo sia un tempo di rinnovamento, di grande speranza in questo Anno della Speranza, e di impegno missionario per il nuovo Papa. Possa anche lui ricevere il saluto e l\u2019impegno della Famiglia di Schoenstatt. Dio vi benedica e continuiamo a pregare per il nuovo Papa.<\/em><\/p>\n\n\n\n<p><strong>Traduzione:<\/strong> Eugenio Minici<\/p>\n","protected":false},"excerpt":{"rendered":"<p>Padre Alexandre Awi Mello, dal Burundi, in Africa, ci invita ad accogliere e pregare per il nuovo Papa, Leone XIV.<\/p>\n","protected":false},"author":3,"featured_media":53614,"comment_status":"closed","ping_status":"closed","sticky":false,"template":"","format":"standard","meta":{"footnotes":""},"categories":[867],"tags":[587],"class_list":["post-53638","post","type-post","status-publish","format-standard","has-post-thumbnail","hentry","category-chiesa-it","tag-chiesa-it"],"yoast_head":"<!-- This site is optimized with the Yoast SEO Premium plugin v27.4 (Yoast SEO v27.4) - https:\/\/yoast.com\/product\/yoast-seo-premium-wordpress\/ -->\n<title>Benvenuto, Papa Leone XIV - Schoenstatt<\/title>\n<meta name=\"description\" content=\"Padre Alexandre Awi Mello, dal Burundi, in Africa, ci invita ad accogliere e pregare per il nuovo Papa, Leone XIV.\" \/>\n<meta name=\"robots\" content=\"index, follow, max-snippet:-1, max-image-preview:large, max-video-preview:-1\" \/>\n<link rel=\"canonical\" href=\"https:\/\/schoenstatt.com\/it\/benvenuto-papa-leone-xiv\/\" \/>\n<meta property=\"og:locale\" content=\"it_IT\" \/>\n<meta property=\"og:type\" content=\"article\" \/>\n<meta property=\"og:title\" content=\"Benvenuto, Papa Leone XIV\" \/>\n<meta property=\"og:description\" content=\"Padre Alexandre Awi Mello, dal Burundi, in Africa, ci invita ad accogliere e pregare per il nuovo Papa, Leone XIV.\" \/>\n<meta property=\"og:url\" content=\"https:\/\/schoenstatt.com\/it\/benvenuto-papa-leone-xiv\/\" \/>\n<meta property=\"og:site_name\" content=\"Schoenstatt\" \/>\n<meta property=\"article:published_time\" content=\"2025-05-10T00:23:37+00:00\" \/>\n<meta property=\"article:modified_time\" content=\"2025-05-15T21:51:41+00:00\" \/>\n<meta property=\"og:image\" content=\"https:\/\/schoenstatt.com\/wp-content\/uploads\/2025\/05\/Fr-Alexandre-Awi-Mello-Burundi.jpg\" \/>\n\t<meta property=\"og:image:width\" content=\"1827\" \/>\n\t<meta property=\"og:image:height\" content=\"837\" \/>\n\t<meta property=\"og:image:type\" content=\"image\/jpeg\" \/>\n<meta name=\"author\" content=\"Karen Bueno\" \/>\n<meta name=\"twitter:card\" content=\"summary_large_image\" \/>\n<meta name=\"twitter:label1\" content=\"Scritto da\" \/>\n\t<meta name=\"twitter:data1\" content=\"Karen Bueno\" \/>\n\t<meta name=\"twitter:label2\" content=\"Tempo di lettura stimato\" \/>\n\t<meta name=\"twitter:data2\" content=\"1 minuto\" \/>\n<script type=\"application\/ld+json\" class=\"yoast-schema-graph\">{\"@context\":\"https:\\\/\\\/schema.org\",\"@graph\":[{\"@type\":\"Article\",\"@id\":\"https:\\\/\\\/schoenstatt.com\\\/it\\\/benvenuto-papa-leone-xiv\\\/#article\",\"isPartOf\":{\"@id\":\"https:\\\/\\\/schoenstatt.com\\\/it\\\/benvenuto-papa-leone-xiv\\\/\"},\"author\":{\"name\":\"Karen Bueno\",\"@id\":\"https:\\\/\\\/schoenstatt.com\\\/it\\\/#\\\/schema\\\/person\\\/5158877ad4acae98b34daaeef2a1ce6e\"},\"headline\":\"Benvenuto, Papa Leone XIV\",\"datePublished\":\"2025-05-10T00:23:37+00:00\",\"dateModified\":\"2025-05-15T21:51:41+00:00\",\"mainEntityOfPage\":{\"@id\":\"https:\\\/\\\/schoenstatt.com\\\/it\\\/benvenuto-papa-leone-xiv\\\/\"},\"wordCount\":292,\"publisher\":{\"@id\":\"https:\\\/\\\/schoenstatt.com\\\/it\\\/#organization\"},\"image\":{\"@id\":\"https:\\\/\\\/schoenstatt.com\\\/it\\\/benvenuto-papa-leone-xiv\\\/#primaryimage\"},\"thumbnailUrl\":\"https:\\\/\\\/schoenstatt.com\\\/wp-content\\\/uploads\\\/2025\\\/05\\\/Fr-Alexandre-Awi-Mello-Burundi.jpg\",\"keywords\":[\"Chiesa\"],\"articleSection\":[\"Chiesa\"],\"inLanguage\":\"it-IT\"},{\"@type\":\"WebPage\",\"@id\":\"https:\\\/\\\/schoenstatt.com\\\/it\\\/benvenuto-papa-leone-xiv\\\/\",\"url\":\"https:\\\/\\\/schoenstatt.com\\\/it\\\/benvenuto-papa-leone-xiv\\\/\",\"name\":\"Benvenuto, Papa Leone XIV - Schoenstatt\",\"isPartOf\":{\"@id\":\"https:\\\/\\\/schoenstatt.com\\\/it\\\/#website\"},\"primaryImageOfPage\":{\"@id\":\"https:\\\/\\\/schoenstatt.com\\\/it\\\/benvenuto-papa-leone-xiv\\\/#primaryimage\"},\"image\":{\"@id\":\"https:\\\/\\\/schoenstatt.com\\\/it\\\/benvenuto-papa-leone-xiv\\\/#primaryimage\"},\"thumbnailUrl\":\"https:\\\/\\\/schoenstatt.com\\\/wp-content\\\/uploads\\\/2025\\\/05\\\/Fr-Alexandre-Awi-Mello-Burundi.jpg\",\"datePublished\":\"2025-05-10T00:23:37+00:00\",\"dateModified\":\"2025-05-15T21:51:41+00:00\",\"description\":\"Padre Alexandre Awi Mello, dal Burundi, in Africa, ci invita ad accogliere e pregare per il nuovo Papa, Leone XIV.\",\"breadcrumb\":{\"@id\":\"https:\\\/\\\/schoenstatt.com\\\/it\\\/benvenuto-papa-leone-xiv\\\/#breadcrumb\"},\"inLanguage\":\"it-IT\",\"potentialAction\":[{\"@type\":\"ReadAction\",\"target\":[\"https:\\\/\\\/schoenstatt.com\\\/it\\\/benvenuto-papa-leone-xiv\\\/\"]}]},{\"@type\":\"ImageObject\",\"inLanguage\":\"it-IT\",\"@id\":\"https:\\\/\\\/schoenstatt.com\\\/it\\\/benvenuto-papa-leone-xiv\\\/#primaryimage\",\"url\":\"https:\\\/\\\/schoenstatt.com\\\/wp-content\\\/uploads\\\/2025\\\/05\\\/Fr-Alexandre-Awi-Mello-Burundi.jpg\",\"contentUrl\":\"https:\\\/\\\/schoenstatt.com\\\/wp-content\\\/uploads\\\/2025\\\/05\\\/Fr-Alexandre-Awi-Mello-Burundi.jpg\",\"width\":1827,\"height\":837},{\"@type\":\"BreadcrumbList\",\"@id\":\"https:\\\/\\\/schoenstatt.com\\\/it\\\/benvenuto-papa-leone-xiv\\\/#breadcrumb\",\"itemListElement\":[{\"@type\":\"ListItem\",\"position\":1,\"name\":\"Portada\",\"item\":\"https:\\\/\\\/schoenstatt.com\\\/it\\\/home\\\/\"},{\"@type\":\"ListItem\",\"position\":2,\"name\":\"Benvenuto, Papa Leone XIV\"}]},{\"@type\":\"WebSite\",\"@id\":\"https:\\\/\\\/schoenstatt.com\\\/it\\\/#website\",\"url\":\"https:\\\/\\\/schoenstatt.com\\\/it\\\/\",\"name\":\"Schoenstatt\",\"description\":\"Apostolic Movement\",\"publisher\":{\"@id\":\"https:\\\/\\\/schoenstatt.com\\\/it\\\/#organization\"},\"potentialAction\":[{\"@type\":\"SearchAction\",\"target\":{\"@type\":\"EntryPoint\",\"urlTemplate\":\"https:\\\/\\\/schoenstatt.com\\\/it\\\/?s={search_term_string}\"},\"query-input\":{\"@type\":\"PropertyValueSpecification\",\"valueRequired\":true,\"valueName\":\"search_term_string\"}}],\"inLanguage\":\"it-IT\"},{\"@type\":\"Organization\",\"@id\":\"https:\\\/\\\/schoenstatt.com\\\/it\\\/#organization\",\"name\":\"Schoenstatt\",\"url\":\"https:\\\/\\\/schoenstatt.com\\\/it\\\/\",\"logo\":{\"@type\":\"ImageObject\",\"inLanguage\":\"it-IT\",\"@id\":\"https:\\\/\\\/schoenstatt.com\\\/it\\\/#\\\/schema\\\/logo\\\/image\\\/\",\"url\":\"https:\\\/\\\/schoenstatt.com\\\/wp-content\\\/uploads\\\/2025\\\/04\\\/logo-schoenstatt-white-696x696-1.png\",\"contentUrl\":\"https:\\\/\\\/schoenstatt.com\\\/wp-content\\\/uploads\\\/2025\\\/04\\\/logo-schoenstatt-white-696x696-1.png\",\"width\":696,\"height\":694,\"caption\":\"Schoenstatt\"},\"image\":{\"@id\":\"https:\\\/\\\/schoenstatt.com\\\/it\\\/#\\\/schema\\\/logo\\\/image\\\/\"}},{\"@type\":\"Person\",\"@id\":\"https:\\\/\\\/schoenstatt.com\\\/it\\\/#\\\/schema\\\/person\\\/5158877ad4acae98b34daaeef2a1ce6e\",\"name\":\"Karen Bueno\",\"image\":{\"@type\":\"ImageObject\",\"inLanguage\":\"it-IT\",\"@id\":\"https:\\\/\\\/secure.gravatar.com\\\/avatar\\\/f9f4b823873154269d2b2130f195f6d41037dd0d7fc5f3cacb5c846bae70d66b?s=96&d=mm&r=g\",\"url\":\"https:\\\/\\\/secure.gravatar.com\\\/avatar\\\/f9f4b823873154269d2b2130f195f6d41037dd0d7fc5f3cacb5c846bae70d66b?s=96&d=mm&r=g\",\"contentUrl\":\"https:\\\/\\\/secure.gravatar.com\\\/avatar\\\/f9f4b823873154269d2b2130f195f6d41037dd0d7fc5f3cacb5c846bae70d66b?s=96&d=mm&r=g\",\"caption\":\"Karen Bueno\"},\"url\":\"https:\\\/\\\/schoenstatt.com\\\/it\\\/author\\\/karen-bueno\\\/\"}]}<\/script>\n<!-- \/ Yoast SEO Premium plugin. -->","yoast_head_json":{"title":"Benvenuto, Papa Leone XIV - Schoenstatt","description":"Padre Alexandre Awi Mello, dal Burundi, in Africa, ci invita ad accogliere e pregare per il nuovo Papa, Leone XIV.","robots":{"index":"index","follow":"follow","max-snippet":"max-snippet:-1","max-image-preview":"max-image-preview:large","max-video-preview":"max-video-preview:-1"},"canonical":"https:\/\/schoenstatt.com\/it\/benvenuto-papa-leone-xiv\/","og_locale":"it_IT","og_type":"article","og_title":"Benvenuto, Papa Leone XIV","og_description":"Padre Alexandre Awi Mello, dal Burundi, in Africa, ci invita ad accogliere e pregare per il nuovo Papa, Leone XIV.","og_url":"https:\/\/schoenstatt.com\/it\/benvenuto-papa-leone-xiv\/","og_site_name":"Schoenstatt","article_published_time":"2025-05-10T00:23:37+00:00","article_modified_time":"2025-05-15T21:51:41+00:00","og_image":[{"width":1827,"height":837,"url":"https:\/\/schoenstatt.com\/wp-content\/uploads\/2025\/05\/Fr-Alexandre-Awi-Mello-Burundi.jpg","type":"image\/jpeg"}],"author":"Karen Bueno","twitter_card":"summary_large_image","twitter_misc":{"Scritto da":"Karen Bueno","Tempo di lettura stimato":"1 minuto"},"schema":{"@context":"https:\/\/schema.org","@graph":[{"@type":"Article","@id":"https:\/\/schoenstatt.com\/it\/benvenuto-papa-leone-xiv\/#article","isPartOf":{"@id":"https:\/\/schoenstatt.com\/it\/benvenuto-papa-leone-xiv\/"},"author":{"name":"Karen Bueno","@id":"https:\/\/schoenstatt.com\/it\/#\/schema\/person\/5158877ad4acae98b34daaeef2a1ce6e"},"headline":"Benvenuto, Papa Leone XIV","datePublished":"2025-05-10T00:23:37+00:00","dateModified":"2025-05-15T21:51:41+00:00","mainEntityOfPage":{"@id":"https:\/\/schoenstatt.com\/it\/benvenuto-papa-leone-xiv\/"},"wordCount":292,"publisher":{"@id":"https:\/\/schoenstatt.com\/it\/#organization"},"image":{"@id":"https:\/\/schoenstatt.com\/it\/benvenuto-papa-leone-xiv\/#primaryimage"},"thumbnailUrl":"https:\/\/schoenstatt.com\/wp-content\/uploads\/2025\/05\/Fr-Alexandre-Awi-Mello-Burundi.jpg","keywords":["Chiesa"],"articleSection":["Chiesa"],"inLanguage":"it-IT"},{"@type":"WebPage","@id":"https:\/\/schoenstatt.com\/it\/benvenuto-papa-leone-xiv\/","url":"https:\/\/schoenstatt.com\/it\/benvenuto-papa-leone-xiv\/","name":"Benvenuto, Papa Leone XIV - Schoenstatt","isPartOf":{"@id":"https:\/\/schoenstatt.com\/it\/#website"},"primaryImageOfPage":{"@id":"https:\/\/schoenstatt.com\/it\/benvenuto-papa-leone-xiv\/#primaryimage"},"image":{"@id":"https:\/\/schoenstatt.com\/it\/benvenuto-papa-leone-xiv\/#primaryimage"},"thumbnailUrl":"https:\/\/schoenstatt.com\/wp-content\/uploads\/2025\/05\/Fr-Alexandre-Awi-Mello-Burundi.jpg","datePublished":"2025-05-10T00:23:37+00:00","dateModified":"2025-05-15T21:51:41+00:00","description":"Padre Alexandre Awi Mello, dal Burundi, in Africa, ci invita ad accogliere e pregare per il nuovo Papa, Leone XIV.","breadcrumb":{"@id":"https:\/\/schoenstatt.com\/it\/benvenuto-papa-leone-xiv\/#breadcrumb"},"inLanguage":"it-IT","potentialAction":[{"@type":"ReadAction","target":["https:\/\/schoenstatt.com\/it\/benvenuto-papa-leone-xiv\/"]}]},{"@type":"ImageObject","inLanguage":"it-IT","@id":"https:\/\/schoenstatt.com\/it\/benvenuto-papa-leone-xiv\/#primaryimage","url":"https:\/\/schoenstatt.com\/wp-content\/uploads\/2025\/05\/Fr-Alexandre-Awi-Mello-Burundi.jpg","contentUrl":"https:\/\/schoenstatt.com\/wp-content\/uploads\/2025\/05\/Fr-Alexandre-Awi-Mello-Burundi.jpg","width":1827,"height":837},{"@type":"BreadcrumbList","@id":"https:\/\/schoenstatt.com\/it\/benvenuto-papa-leone-xiv\/#breadcrumb","itemListElement":[{"@type":"ListItem","position":1,"name":"Portada","item":"https:\/\/schoenstatt.com\/it\/home\/"},{"@type":"ListItem","position":2,"name":"Benvenuto, Papa Leone XIV"}]},{"@type":"WebSite","@id":"https:\/\/schoenstatt.com\/it\/#website","url":"https:\/\/schoenstatt.com\/it\/","name":"Schoenstatt","description":"Apostolic Movement","publisher":{"@id":"https:\/\/schoenstatt.com\/it\/#organization"},"potentialAction":[{"@type":"SearchAction","target":{"@type":"EntryPoint","urlTemplate":"https:\/\/schoenstatt.com\/it\/?s={search_term_string}"},"query-input":{"@type":"PropertyValueSpecification","valueRequired":true,"valueName":"search_term_string"}}],"inLanguage":"it-IT"},{"@type":"Organization","@id":"https:\/\/schoenstatt.com\/it\/#organization","name":"Schoenstatt","url":"https:\/\/schoenstatt.com\/it\/","logo":{"@type":"ImageObject","inLanguage":"it-IT","@id":"https:\/\/schoenstatt.com\/it\/#\/schema\/logo\/image\/","url":"https:\/\/schoenstatt.com\/wp-content\/uploads\/2025\/04\/logo-schoenstatt-white-696x696-1.png","contentUrl":"https:\/\/schoenstatt.com\/wp-content\/uploads\/2025\/04\/logo-schoenstatt-white-696x696-1.png","width":696,"height":694,"caption":"Schoenstatt"},"image":{"@id":"https:\/\/schoenstatt.com\/it\/#\/schema\/logo\/image\/"}},{"@type":"Person","@id":"https:\/\/schoenstatt.com\/it\/#\/schema\/person\/5158877ad4acae98b34daaeef2a1ce6e","name":"Karen Bueno","image":{"@type":"ImageObject","inLanguage":"it-IT","@id":"https:\/\/secure.gravatar.com\/avatar\/f9f4b823873154269d2b2130f195f6d41037dd0d7fc5f3cacb5c846bae70d66b?s=96&d=mm&r=g","url":"https:\/\/secure.gravatar.com\/avatar\/f9f4b823873154269d2b2130f195f6d41037dd0d7fc5f3cacb5c846bae70d66b?s=96&d=mm&r=g","contentUrl":"https:\/\/secure.gravatar.com\/avatar\/f9f4b823873154269d2b2130f195f6d41037dd0d7fc5f3cacb5c846bae70d66b?s=96&d=mm&r=g","caption":"Karen Bueno"},"url":"https:\/\/schoenstatt.com\/it\/author\/karen-bueno\/"}]}},"_links":{"self":[{"href":"https:\/\/schoenstatt.com\/it\/wp-json\/wp\/v2\/posts\/53638","targetHints":{"allow":["GET"]}}],"collection":[{"href":"https:\/\/schoenstatt.com\/it\/wp-json\/wp\/v2\/posts"}],"about":[{"href":"https:\/\/schoenstatt.com\/it\/wp-json\/wp\/v2\/types\/post"}],"author":[{"embeddable":true,"href":"https:\/\/schoenstatt.com\/it\/wp-json\/wp\/v2\/users\/3"}],"replies":[{"embeddable":true,"href":"https:\/\/schoenstatt.com\/it\/wp-json\/wp\/v2\/comments?post=53638"}],"version-history":[{"count":1,"href":"https:\/\/schoenstatt.com\/it\/wp-json\/wp\/v2\/posts\/53638\/revisions"}],"predecessor-version":[{"id":53639,"href":"https:\/\/schoenstatt.com\/it\/wp-json\/wp\/v2\/posts\/53638\/revisions\/53639"}],"wp:featuredmedia":[{"embeddable":true,"href":"https:\/\/schoenstatt.com\/it\/wp-json\/wp\/v2\/media\/53614"}],"wp:attachment":[{"href":"https:\/\/schoenstatt.com\/it\/wp-json\/wp\/v2\/media?parent=53638"}],"wp:term":[{"taxonomy":"category","embeddable":true,"href":"https:\/\/schoenstatt.com\/it\/wp-json\/wp\/v2\/categories?post=53638"},{"taxonomy":"post_tag","embeddable":true,"href":"https:\/\/schoenstatt.com\/it\/wp-json\/wp\/v2\/tags?post=53638"}],"curies":[{"name":"wp","href":"https:\/\/api.w.org\/{rel}","templated":true}]}}