{"id":48861,"date":"2025-04-23T13:03:40","date_gmt":"2025-04-23T11:03:40","guid":{"rendered":"https:\/\/schoenstatt.com\/?p=48861"},"modified":"2025-05-15T23:59:06","modified_gmt":"2025-05-15T21:59:06","slug":"uno-degli-ultimi-doni-ricevuti-dal-papa-la-madonna-pellegrina","status":"publish","type":"post","link":"https:\/\/schoenstatt.com\/it\/uno-degli-ultimi-doni-ricevuti-dal-papa-la-madonna-pellegrina\/","title":{"rendered":"Uno degli ultimi doni ricevuti dal Papa \u2013 La Madonna Pellegrina!"},"content":{"rendered":"\n<p>Un gruppo di ragazze della Giovent\u00f9 Femminile di Schoenstatt del Cile ha vissuto una sorpresa l\u2019ultima domenica di Pasqua, il 20 aprile. Mentre celebravano la Resurrezione del Signore in Vaticano, Papa Francesco \u00e8 apparso per salutare tutti i presenti in Piazza San Pietro.<\/p>\n\n\n\n<p>La <a href=\"https:\/\/www.frauen-von-schoenstatt.de\/es\/\" target=\"_blank\" rel=\"noreferrer noopener\">Signora di Schoenstatt<\/a> Mar\u00eda Luz Salda\u00f1a, che accompagnava il gruppo, racconta:<em> \u201cL\u2019incontro con il Papa \u00e8 stato molto emozionante, sapevamo che era debilitato di salute e non eravamo sicure che l\u2019avremmo visto. Poi \u00e8 apparso per dare la benedizione e, addirittura, \u00e8 sceso dalla papamobile per salutare le persone. \u00c8 stato un gesto molto toccante da parte di un Papa che voleva donare le sue ultime forze al suo popolo\u201d.<\/em><\/p>\n\n\n\n<figure class=\"wp-block-image size-full is-resized\"><img fetchpriority=\"high\" decoding=\"async\" width=\"738\" height=\"1308\" src=\"https:\/\/schoenstatt.com\/wp-content\/uploads\/2025\/04\/Pilgrim-Mother-in-Rome.png\" alt=\"\" class=\"wp-image-48832\" style=\"width:800px;height:auto\" \/><figcaption class=\"wp-element-caption\">Dopo il passaggio del Papa<\/figcaption><\/figure>\n\n\n\n<h3 class=\"wp-block-heading\" id=\"h-la-madonna-pellegrina-un-dono-per-il-papa\">La Madonna Pellegrina \u2013 Un dono per il Papa<\/h3>\n\n\n\n<p>Nel gruppo di ragazze c\u2019erano, insieme alla Signora Mar\u00eda Luz, tre membri della Giovent\u00f9 Femminile di Quillota: Paz Gonzalez, Pola Cifuentes e Trinidad Dinamarca. C\u2019era anche una giovane del Santuario di Campanario, Ignacia Manterola, che attualmente studia in Spagna.<\/p>\n\n\n\n<p>\u00c8 stata Trinidad Dinamarca a prendere l\u2019iniziativa di superare le barriere di sicurezza per portare al Santo Padre un dono speciale: l\u2019immagine della Madonna Pellegrina di Schoenstatt.<\/p>\n\n\n\n<p>Racconta:<em> \u201cMi sono sentita molto fortunata e l\u2019euforia era enorme. In verit\u00e0, in quel momento non ho pensato molto, ho semplicemente saltato, le guardie mi hanno fermata, ma sono riuscita a divincolarmi e poi a raggiungere l\u2019auto. Mi dissero di non toccare, ma il Papa ha accettato l\u2019immagine della Madre. La persona accanto a lui l\u2019ha presa\u201d.<\/em><\/p>\n\n\n\n<figure class=\"wp-block-image size-full\"><img decoding=\"async\" width=\"1494\" height=\"2048\" src=\"https:\/\/schoenstatt.com\/wp-content\/uploads\/2025\/04\/Pope-Francis-20-04-2025.png\" alt=\"\" class=\"wp-image-48837\" srcset=\"https:\/\/schoenstatt.com\/wp-content\/uploads\/2025\/04\/Pope-Francis-20-04-2025.png 1494w, https:\/\/schoenstatt.com\/wp-content\/uploads\/2025\/04\/Pope-Francis-20-04-2025-768x1053.png 768w, https:\/\/schoenstatt.com\/wp-content\/uploads\/2025\/04\/Pope-Francis-20-04-2025-1121x1536.png 1121w\" sizes=\"(max-width: 1494px) 100vw, 1494px\" \/><figcaption class=\"wp-element-caption\">Nel momento in cui Trinidad si avvicina alla Papamobile<\/figcaption><\/figure>\n\n\n\n<p>La Signora Mar\u00eda Luz commenta quel momento che avevamo vissuto: <em>\u201cPer noi, Schoenstatt \u00e8 un dono per la Chiesa, ed \u00e8 per questo che abbiamo portato la Madre Pellegrina a Roma e ci siamo impegnate affinch\u00e9 fosse vista dal Papa. Trinidad l\u2019ha offerta con questo spirito: come segno dell\u2019affetto di Schoenstatt e della nostra Madre per il Santo Padre. A quanto pare, \u00e8 stato uno degli ultimi doni ricevuti dal Papa. Forse l\u2019ultimo. \u00c8 morto meno di 24 ore dopo. Credo che quanto accaduto sia un segno dell\u2019importanza della missione di Schoenstatt all\u2019interno della Chiesa. Abbiamo molto da offrire, tutta la spiritualit\u00e0 del Padre Fondatore attorno al Santuario della nostra Madre. Il futuro della Chiesa dipende dal nostro impegno nella missione che ci \u00e8 stata affidata a Schoenstatt\u201d.<\/em><\/p>\n\n\n\n<h3 class=\"wp-block-heading\" id=\"h-un-gesto-simbolico-la-madre-lo-ha-accompagnato-fino-alla-fine\">Un gesto simbolico \u2013 La Madre lo ha accompagnato fino alla fine!<\/h3>\n\n\n\n<p>\u00c8 importante ricordare che il Papa mor\u00ec nella sua stanza a Casa Santa Marta, con l&#8217;immagine della Madonna Pellegrina che teneva sempre accanto al letto.<\/p>\n\n\n\n<p>Padre Alexandre Awi, presidente della Presidenza Internazionale di Schoenstatt, <a href=\"https:\/\/schoenstatt.com\/it\/padre-alexandre-vogliamo-cogliere-questi-giorni-per-ricordare-tutto-cio-che-il-papa-ci-ha-donato\/\">ha parlato del regalo che le ragazze hanno<\/a> fatto nel suo videomessaggio: <em>\u201cNella sua ultima passeggiata in Piazza San Pietro, la Madre Pellegrina ha voluto accompagnarlo nel suo ultimo momento con il Popolo di Dio, come sappiamo che l\u2019ha accompagnato per tanti anni a Casa Santa Marta, nella sua stessa stanza. La Madre di Dio \u00e8 sempre stata con lui e lui ci ha sempre indicato la Madre di Dio. Perci\u00f2, anche adesso vogliamo approfittare di questi giorni per ricordare tutto ci\u00f2 che il Papa ci ha donato e accogliere la sua eredit\u00e0, portarla avanti nella Chiesa\u201d.<\/em><\/p>\n\n\n\n<figure class=\"wp-block-image size-full\"><img decoding=\"async\" width=\"1280\" height=\"960\" src=\"https:\/\/schoenstatt.com\/wp-content\/uploads\/2025\/04\/Schoenstatt-Girls-Youth-Rome.png\" alt=\"\" class=\"wp-image-48842\" srcset=\"https:\/\/schoenstatt.com\/wp-content\/uploads\/2025\/04\/Schoenstatt-Girls-Youth-Rome.png 1280w, https:\/\/schoenstatt.com\/wp-content\/uploads\/2025\/04\/Schoenstatt-Girls-Youth-Rome-768x576.png 768w\" sizes=\"(max-width: 1280px) 100vw, 1280px\" \/><figcaption class=\"wp-element-caption\">Da sinistra a destra: Paz Gonzalez, Pola Cifuentes, Trinidad Dinamarca, Ignacia Manterola e la consigliera Mar\u00eda Luz Salda\u00f1a.<\/figcaption><\/figure>\n\n\n\n<p><a href=\"https:\/\/www.instagram.com\/reel\/DIt3xwpNmjG\/?utm_source=ig_web_copy_link&amp;igsh=MzRlODBiNWFlZA==\" target=\"_blank\" rel=\"noreferrer noopener\"><strong>Guarda l&#8217;intervista alle ragazze su Instagram qui<\/strong><\/a><\/p>\n\n\n\n<figure class=\"wp-block-embed is-type-video is-provider-youtube wp-block-embed-youtube wp-embed-aspect-16-9 wp-has-aspect-ratio\"><div class=\"wp-block-embed__wrapper\">\n<iframe title=\"La JF con el Papa Francisco en Pascua - The Girl&#039;s Youth with Pope Francis on Easter\" width=\"800\" height=\"450\" src=\"https:\/\/www.youtube.com\/embed\/xOl1bG4Koro?feature=oembed\" frameborder=\"0\" allow=\"accelerometer; autoplay; clipboard-write; encrypted-media; gyroscope; picture-in-picture; web-share\" referrerpolicy=\"strict-origin-when-cross-origin\" allowfullscreen><\/iframe>\n<\/div><\/figure>\n\n\n\n<p><strong>Traduzione: <\/strong>Eugenio Minici<\/p>\n","protected":false},"excerpt":{"rendered":"<p>Uno degli ultimi doni ricevuti da Papa Francesco \u2013 forse l\u2019ultimo \u2013 \u00e8 stata l\u2019immagine della Madre Pellegrina di Schoenstatt.<\/p>\n","protected":false},"author":3,"featured_media":48850,"comment_status":"closed","ping_status":"closed","sticky":false,"template":"","format":"standard","meta":{"footnotes":""},"categories":[573,905],"tags":[1167,590],"class_list":["post-48861","post","type-post","status-publish","format-standard","has-post-thumbnail","hentry","category-giovani-it","category-papa-francesco-it","tag-gioventu-femminile-di-schoenstatt-it","tag-papa-francesco-it"],"yoast_head":"<!-- This site is optimized with the Yoast SEO Premium plugin v27.4 (Yoast SEO v27.5) - https:\/\/yoast.com\/product\/yoast-seo-premium-wordpress\/ -->\n<title>Uno degli ultimi doni ricevuti dal Papa \u2013 La Madonna Pellegrina! - Schoenstatt<\/title>\n<meta name=\"description\" content=\"Uno degli ultimi doni ricevuti da Papa Francesco \u2013 forse l\u2019ultimo \u2013 \u00e8 stata l\u2019immagine della Madre Pellegrina di Schoenstatt.\" \/>\n<meta name=\"robots\" content=\"index, follow, max-snippet:-1, max-image-preview:large, max-video-preview:-1\" \/>\n<link rel=\"canonical\" href=\"https:\/\/schoenstatt.com\/it\/uno-degli-ultimi-doni-ricevuti-dal-papa-la-madonna-pellegrina\/\" \/>\n<meta property=\"og:locale\" content=\"it_IT\" \/>\n<meta property=\"og:type\" content=\"article\" \/>\n<meta property=\"og:title\" content=\"Uno degli ultimi doni ricevuti dal Papa \u2013 La Madonna Pellegrina!\" \/>\n<meta property=\"og:description\" content=\"Uno degli ultimi doni ricevuti da Papa Francesco \u2013 forse l\u2019ultimo \u2013 \u00e8 stata l\u2019immagine della Madre Pellegrina di Schoenstatt.\" \/>\n<meta property=\"og:url\" content=\"https:\/\/schoenstatt.com\/it\/uno-degli-ultimi-doni-ricevuti-dal-papa-la-madonna-pellegrina\/\" \/>\n<meta property=\"og:site_name\" content=\"Schoenstatt\" \/>\n<meta property=\"article:published_time\" content=\"2025-04-23T11:03:40+00:00\" \/>\n<meta property=\"article:modified_time\" content=\"2025-05-15T21:59:06+00:00\" \/>\n<meta property=\"og:image\" content=\"https:\/\/schoenstatt.com\/wp-content\/uploads\/2025\/04\/Pope-Francis.webp\" \/>\n\t<meta property=\"og:image:width\" content=\"2160\" \/>\n\t<meta property=\"og:image:height\" content=\"1380\" \/>\n\t<meta property=\"og:image:type\" content=\"image\/png\" \/>\n<meta name=\"author\" content=\"Karen Bueno\" \/>\n<meta name=\"twitter:card\" content=\"summary_large_image\" \/>\n<meta name=\"twitter:label1\" content=\"Scritto da\" \/>\n\t<meta name=\"twitter:data1\" content=\"Karen Bueno\" \/>\n\t<meta name=\"twitter:label2\" content=\"Tempo di lettura stimato\" \/>\n\t<meta name=\"twitter:data2\" content=\"4 minuti\" \/>\n<script type=\"application\/ld+json\" class=\"yoast-schema-graph\">{\"@context\":\"https:\\\/\\\/schema.org\",\"@graph\":[{\"@type\":\"Article\",\"@id\":\"https:\\\/\\\/schoenstatt.com\\\/it\\\/uno-degli-ultimi-doni-ricevuti-dal-papa-la-madonna-pellegrina\\\/#article\",\"isPartOf\":{\"@id\":\"https:\\\/\\\/schoenstatt.com\\\/it\\\/uno-degli-ultimi-doni-ricevuti-dal-papa-la-madonna-pellegrina\\\/\"},\"author\":{\"name\":\"Karen Bueno\",\"@id\":\"https:\\\/\\\/schoenstatt.com\\\/it\\\/#\\\/schema\\\/person\\\/5158877ad4acae98b34daaeef2a1ce6e\"},\"headline\":\"Uno degli ultimi doni ricevuti dal Papa \u2013 La Madonna Pellegrina!\",\"datePublished\":\"2025-04-23T11:03:40+00:00\",\"dateModified\":\"2025-05-15T21:59:06+00:00\",\"mainEntityOfPage\":{\"@id\":\"https:\\\/\\\/schoenstatt.com\\\/it\\\/uno-degli-ultimi-doni-ricevuti-dal-papa-la-madonna-pellegrina\\\/\"},\"wordCount\":583,\"publisher\":{\"@id\":\"https:\\\/\\\/schoenstatt.com\\\/it\\\/#organization\"},\"image\":{\"@id\":\"https:\\\/\\\/schoenstatt.com\\\/it\\\/uno-degli-ultimi-doni-ricevuti-dal-papa-la-madonna-pellegrina\\\/#primaryimage\"},\"thumbnailUrl\":\"https:\\\/\\\/schoenstatt.com\\\/wp-content\\\/uploads\\\/2025\\\/04\\\/Pope-Francis.webp\",\"keywords\":[\"Giovent\u00f9 Femminile di Schoenstatt\",\"Papa Francesco\"],\"articleSection\":[\"Giovani\",\"Papa Francesco\"],\"inLanguage\":\"it-IT\"},{\"@type\":\"WebPage\",\"@id\":\"https:\\\/\\\/schoenstatt.com\\\/it\\\/uno-degli-ultimi-doni-ricevuti-dal-papa-la-madonna-pellegrina\\\/\",\"url\":\"https:\\\/\\\/schoenstatt.com\\\/it\\\/uno-degli-ultimi-doni-ricevuti-dal-papa-la-madonna-pellegrina\\\/\",\"name\":\"Uno degli ultimi doni ricevuti dal Papa \u2013 La Madonna Pellegrina! - Schoenstatt\",\"isPartOf\":{\"@id\":\"https:\\\/\\\/schoenstatt.com\\\/it\\\/#website\"},\"primaryImageOfPage\":{\"@id\":\"https:\\\/\\\/schoenstatt.com\\\/it\\\/uno-degli-ultimi-doni-ricevuti-dal-papa-la-madonna-pellegrina\\\/#primaryimage\"},\"image\":{\"@id\":\"https:\\\/\\\/schoenstatt.com\\\/it\\\/uno-degli-ultimi-doni-ricevuti-dal-papa-la-madonna-pellegrina\\\/#primaryimage\"},\"thumbnailUrl\":\"https:\\\/\\\/schoenstatt.com\\\/wp-content\\\/uploads\\\/2025\\\/04\\\/Pope-Francis.webp\",\"datePublished\":\"2025-04-23T11:03:40+00:00\",\"dateModified\":\"2025-05-15T21:59:06+00:00\",\"description\":\"Uno degli ultimi doni ricevuti da Papa Francesco \u2013 forse l\u2019ultimo \u2013 \u00e8 stata l\u2019immagine della Madre Pellegrina di Schoenstatt.\",\"breadcrumb\":{\"@id\":\"https:\\\/\\\/schoenstatt.com\\\/it\\\/uno-degli-ultimi-doni-ricevuti-dal-papa-la-madonna-pellegrina\\\/#breadcrumb\"},\"inLanguage\":\"it-IT\",\"potentialAction\":[{\"@type\":\"ReadAction\",\"target\":[\"https:\\\/\\\/schoenstatt.com\\\/it\\\/uno-degli-ultimi-doni-ricevuti-dal-papa-la-madonna-pellegrina\\\/\"]}]},{\"@type\":\"ImageObject\",\"inLanguage\":\"it-IT\",\"@id\":\"https:\\\/\\\/schoenstatt.com\\\/it\\\/uno-degli-ultimi-doni-ricevuti-dal-papa-la-madonna-pellegrina\\\/#primaryimage\",\"url\":\"https:\\\/\\\/schoenstatt.com\\\/wp-content\\\/uploads\\\/2025\\\/04\\\/Pope-Francis.webp\",\"contentUrl\":\"https:\\\/\\\/schoenstatt.com\\\/wp-content\\\/uploads\\\/2025\\\/04\\\/Pope-Francis.webp\",\"width\":2160,\"height\":1380},{\"@type\":\"BreadcrumbList\",\"@id\":\"https:\\\/\\\/schoenstatt.com\\\/it\\\/uno-degli-ultimi-doni-ricevuti-dal-papa-la-madonna-pellegrina\\\/#breadcrumb\",\"itemListElement\":[{\"@type\":\"ListItem\",\"position\":1,\"name\":\"Portada\",\"item\":\"https:\\\/\\\/schoenstatt.com\\\/it\\\/home\\\/\"},{\"@type\":\"ListItem\",\"position\":2,\"name\":\"Uno degli ultimi doni ricevuti dal Papa \u2013 La Madonna Pellegrina!\"}]},{\"@type\":\"WebSite\",\"@id\":\"https:\\\/\\\/schoenstatt.com\\\/it\\\/#website\",\"url\":\"https:\\\/\\\/schoenstatt.com\\\/it\\\/\",\"name\":\"Schoenstatt\",\"description\":\"Apostolic Movement\",\"publisher\":{\"@id\":\"https:\\\/\\\/schoenstatt.com\\\/it\\\/#organization\"},\"potentialAction\":[{\"@type\":\"SearchAction\",\"target\":{\"@type\":\"EntryPoint\",\"urlTemplate\":\"https:\\\/\\\/schoenstatt.com\\\/it\\\/?s={search_term_string}\"},\"query-input\":{\"@type\":\"PropertyValueSpecification\",\"valueRequired\":true,\"valueName\":\"search_term_string\"}}],\"inLanguage\":\"it-IT\"},{\"@type\":\"Organization\",\"@id\":\"https:\\\/\\\/schoenstatt.com\\\/it\\\/#organization\",\"name\":\"Schoenstatt\",\"url\":\"https:\\\/\\\/schoenstatt.com\\\/it\\\/\",\"logo\":{\"@type\":\"ImageObject\",\"inLanguage\":\"it-IT\",\"@id\":\"https:\\\/\\\/schoenstatt.com\\\/it\\\/#\\\/schema\\\/logo\\\/image\\\/\",\"url\":\"https:\\\/\\\/schoenstatt.com\\\/wp-content\\\/uploads\\\/2025\\\/04\\\/logo-schoenstatt-white-696x696-1.png\",\"contentUrl\":\"https:\\\/\\\/schoenstatt.com\\\/wp-content\\\/uploads\\\/2025\\\/04\\\/logo-schoenstatt-white-696x696-1.png\",\"width\":696,\"height\":694,\"caption\":\"Schoenstatt\"},\"image\":{\"@id\":\"https:\\\/\\\/schoenstatt.com\\\/it\\\/#\\\/schema\\\/logo\\\/image\\\/\"}},{\"@type\":\"Person\",\"@id\":\"https:\\\/\\\/schoenstatt.com\\\/it\\\/#\\\/schema\\\/person\\\/5158877ad4acae98b34daaeef2a1ce6e\",\"name\":\"Karen Bueno\",\"image\":{\"@type\":\"ImageObject\",\"inLanguage\":\"it-IT\",\"@id\":\"https:\\\/\\\/secure.gravatar.com\\\/avatar\\\/f9f4b823873154269d2b2130f195f6d41037dd0d7fc5f3cacb5c846bae70d66b?s=96&d=mm&r=g\",\"url\":\"https:\\\/\\\/secure.gravatar.com\\\/avatar\\\/f9f4b823873154269d2b2130f195f6d41037dd0d7fc5f3cacb5c846bae70d66b?s=96&d=mm&r=g\",\"contentUrl\":\"https:\\\/\\\/secure.gravatar.com\\\/avatar\\\/f9f4b823873154269d2b2130f195f6d41037dd0d7fc5f3cacb5c846bae70d66b?s=96&d=mm&r=g\",\"caption\":\"Karen Bueno\"},\"url\":\"https:\\\/\\\/schoenstatt.com\\\/it\\\/author\\\/karen-bueno\\\/\"}]}<\/script>\n<!-- \/ Yoast SEO Premium plugin. -->","yoast_head_json":{"title":"Uno degli ultimi doni ricevuti dal Papa \u2013 La Madonna Pellegrina! - Schoenstatt","description":"Uno degli ultimi doni ricevuti da Papa Francesco \u2013 forse l\u2019ultimo \u2013 \u00e8 stata l\u2019immagine della Madre Pellegrina di Schoenstatt.","robots":{"index":"index","follow":"follow","max-snippet":"max-snippet:-1","max-image-preview":"max-image-preview:large","max-video-preview":"max-video-preview:-1"},"canonical":"https:\/\/schoenstatt.com\/it\/uno-degli-ultimi-doni-ricevuti-dal-papa-la-madonna-pellegrina\/","og_locale":"it_IT","og_type":"article","og_title":"Uno degli ultimi doni ricevuti dal Papa \u2013 La Madonna Pellegrina!","og_description":"Uno degli ultimi doni ricevuti da Papa Francesco \u2013 forse l\u2019ultimo \u2013 \u00e8 stata l\u2019immagine della Madre Pellegrina di Schoenstatt.","og_url":"https:\/\/schoenstatt.com\/it\/uno-degli-ultimi-doni-ricevuti-dal-papa-la-madonna-pellegrina\/","og_site_name":"Schoenstatt","article_published_time":"2025-04-23T11:03:40+00:00","article_modified_time":"2025-05-15T21:59:06+00:00","og_image":[{"url":"https:\/\/schoenstatt.com\/wp-content\/uploads\/2025\/04\/Pope-Francis.webp","width":2160,"height":1380,"type":"image\/png"}],"author":"Karen Bueno","twitter_card":"summary_large_image","twitter_misc":{"Scritto da":"Karen Bueno","Tempo di lettura stimato":"4 minuti"},"schema":{"@context":"https:\/\/schema.org","@graph":[{"@type":"Article","@id":"https:\/\/schoenstatt.com\/it\/uno-degli-ultimi-doni-ricevuti-dal-papa-la-madonna-pellegrina\/#article","isPartOf":{"@id":"https:\/\/schoenstatt.com\/it\/uno-degli-ultimi-doni-ricevuti-dal-papa-la-madonna-pellegrina\/"},"author":{"name":"Karen Bueno","@id":"https:\/\/schoenstatt.com\/it\/#\/schema\/person\/5158877ad4acae98b34daaeef2a1ce6e"},"headline":"Uno degli ultimi doni ricevuti dal Papa \u2013 La Madonna Pellegrina!","datePublished":"2025-04-23T11:03:40+00:00","dateModified":"2025-05-15T21:59:06+00:00","mainEntityOfPage":{"@id":"https:\/\/schoenstatt.com\/it\/uno-degli-ultimi-doni-ricevuti-dal-papa-la-madonna-pellegrina\/"},"wordCount":583,"publisher":{"@id":"https:\/\/schoenstatt.com\/it\/#organization"},"image":{"@id":"https:\/\/schoenstatt.com\/it\/uno-degli-ultimi-doni-ricevuti-dal-papa-la-madonna-pellegrina\/#primaryimage"},"thumbnailUrl":"https:\/\/schoenstatt.com\/wp-content\/uploads\/2025\/04\/Pope-Francis.webp","keywords":["Giovent\u00f9 Femminile di Schoenstatt","Papa Francesco"],"articleSection":["Giovani","Papa Francesco"],"inLanguage":"it-IT"},{"@type":"WebPage","@id":"https:\/\/schoenstatt.com\/it\/uno-degli-ultimi-doni-ricevuti-dal-papa-la-madonna-pellegrina\/","url":"https:\/\/schoenstatt.com\/it\/uno-degli-ultimi-doni-ricevuti-dal-papa-la-madonna-pellegrina\/","name":"Uno degli ultimi doni ricevuti dal Papa \u2013 La Madonna Pellegrina! - Schoenstatt","isPartOf":{"@id":"https:\/\/schoenstatt.com\/it\/#website"},"primaryImageOfPage":{"@id":"https:\/\/schoenstatt.com\/it\/uno-degli-ultimi-doni-ricevuti-dal-papa-la-madonna-pellegrina\/#primaryimage"},"image":{"@id":"https:\/\/schoenstatt.com\/it\/uno-degli-ultimi-doni-ricevuti-dal-papa-la-madonna-pellegrina\/#primaryimage"},"thumbnailUrl":"https:\/\/schoenstatt.com\/wp-content\/uploads\/2025\/04\/Pope-Francis.webp","datePublished":"2025-04-23T11:03:40+00:00","dateModified":"2025-05-15T21:59:06+00:00","description":"Uno degli ultimi doni ricevuti da Papa Francesco \u2013 forse l\u2019ultimo \u2013 \u00e8 stata l\u2019immagine della Madre Pellegrina di Schoenstatt.","breadcrumb":{"@id":"https:\/\/schoenstatt.com\/it\/uno-degli-ultimi-doni-ricevuti-dal-papa-la-madonna-pellegrina\/#breadcrumb"},"inLanguage":"it-IT","potentialAction":[{"@type":"ReadAction","target":["https:\/\/schoenstatt.com\/it\/uno-degli-ultimi-doni-ricevuti-dal-papa-la-madonna-pellegrina\/"]}]},{"@type":"ImageObject","inLanguage":"it-IT","@id":"https:\/\/schoenstatt.com\/it\/uno-degli-ultimi-doni-ricevuti-dal-papa-la-madonna-pellegrina\/#primaryimage","url":"https:\/\/schoenstatt.com\/wp-content\/uploads\/2025\/04\/Pope-Francis.webp","contentUrl":"https:\/\/schoenstatt.com\/wp-content\/uploads\/2025\/04\/Pope-Francis.webp","width":2160,"height":1380},{"@type":"BreadcrumbList","@id":"https:\/\/schoenstatt.com\/it\/uno-degli-ultimi-doni-ricevuti-dal-papa-la-madonna-pellegrina\/#breadcrumb","itemListElement":[{"@type":"ListItem","position":1,"name":"Portada","item":"https:\/\/schoenstatt.com\/it\/home\/"},{"@type":"ListItem","position":2,"name":"Uno degli ultimi doni ricevuti dal Papa \u2013 La Madonna Pellegrina!"}]},{"@type":"WebSite","@id":"https:\/\/schoenstatt.com\/it\/#website","url":"https:\/\/schoenstatt.com\/it\/","name":"Schoenstatt","description":"Apostolic Movement","publisher":{"@id":"https:\/\/schoenstatt.com\/it\/#organization"},"potentialAction":[{"@type":"SearchAction","target":{"@type":"EntryPoint","urlTemplate":"https:\/\/schoenstatt.com\/it\/?s={search_term_string}"},"query-input":{"@type":"PropertyValueSpecification","valueRequired":true,"valueName":"search_term_string"}}],"inLanguage":"it-IT"},{"@type":"Organization","@id":"https:\/\/schoenstatt.com\/it\/#organization","name":"Schoenstatt","url":"https:\/\/schoenstatt.com\/it\/","logo":{"@type":"ImageObject","inLanguage":"it-IT","@id":"https:\/\/schoenstatt.com\/it\/#\/schema\/logo\/image\/","url":"https:\/\/schoenstatt.com\/wp-content\/uploads\/2025\/04\/logo-schoenstatt-white-696x696-1.png","contentUrl":"https:\/\/schoenstatt.com\/wp-content\/uploads\/2025\/04\/logo-schoenstatt-white-696x696-1.png","width":696,"height":694,"caption":"Schoenstatt"},"image":{"@id":"https:\/\/schoenstatt.com\/it\/#\/schema\/logo\/image\/"}},{"@type":"Person","@id":"https:\/\/schoenstatt.com\/it\/#\/schema\/person\/5158877ad4acae98b34daaeef2a1ce6e","name":"Karen Bueno","image":{"@type":"ImageObject","inLanguage":"it-IT","@id":"https:\/\/secure.gravatar.com\/avatar\/f9f4b823873154269d2b2130f195f6d41037dd0d7fc5f3cacb5c846bae70d66b?s=96&d=mm&r=g","url":"https:\/\/secure.gravatar.com\/avatar\/f9f4b823873154269d2b2130f195f6d41037dd0d7fc5f3cacb5c846bae70d66b?s=96&d=mm&r=g","contentUrl":"https:\/\/secure.gravatar.com\/avatar\/f9f4b823873154269d2b2130f195f6d41037dd0d7fc5f3cacb5c846bae70d66b?s=96&d=mm&r=g","caption":"Karen Bueno"},"url":"https:\/\/schoenstatt.com\/it\/author\/karen-bueno\/"}]}},"_links":{"self":[{"href":"https:\/\/schoenstatt.com\/it\/wp-json\/wp\/v2\/posts\/48861","targetHints":{"allow":["GET"]}}],"collection":[{"href":"https:\/\/schoenstatt.com\/it\/wp-json\/wp\/v2\/posts"}],"about":[{"href":"https:\/\/schoenstatt.com\/it\/wp-json\/wp\/v2\/types\/post"}],"author":[{"embeddable":true,"href":"https:\/\/schoenstatt.com\/it\/wp-json\/wp\/v2\/users\/3"}],"replies":[{"embeddable":true,"href":"https:\/\/schoenstatt.com\/it\/wp-json\/wp\/v2\/comments?post=48861"}],"version-history":[{"count":3,"href":"https:\/\/schoenstatt.com\/it\/wp-json\/wp\/v2\/posts\/48861\/revisions"}],"predecessor-version":[{"id":48867,"href":"https:\/\/schoenstatt.com\/it\/wp-json\/wp\/v2\/posts\/48861\/revisions\/48867"}],"wp:featuredmedia":[{"embeddable":true,"href":"https:\/\/schoenstatt.com\/it\/wp-json\/wp\/v2\/media\/48850"}],"wp:attachment":[{"href":"https:\/\/schoenstatt.com\/it\/wp-json\/wp\/v2\/media?parent=48861"}],"wp:term":[{"taxonomy":"category","embeddable":true,"href":"https:\/\/schoenstatt.com\/it\/wp-json\/wp\/v2\/categories?post=48861"},{"taxonomy":"post_tag","embeddable":true,"href":"https:\/\/schoenstatt.com\/it\/wp-json\/wp\/v2\/tags?post=48861"}],"curies":[{"name":"wp","href":"https:\/\/api.w.org\/{rel}","templated":true}]}}