{"id":44245,"date":"2025-04-02T13:30:16","date_gmt":"2025-04-02T11:30:16","guid":{"rendered":"https:\/\/schoenstatt.com\/?p=44245"},"modified":"2025-05-15T23:59:09","modified_gmt":"2025-05-15T21:59:09","slug":"il-papa-la-tecnologia-unisca-e-non-divida-guardarsi-negli-occhi-e-meno-agli-schermi","status":"publish","type":"post","link":"https:\/\/schoenstatt.com\/it\/il-papa-la-tecnologia-unisca-e-non-divida-guardarsi-negli-occhi-e-meno-agli-schermi\/","title":{"rendered":"Il Papa: la tecnologia unisca e non divida. Guardarsi negli occhi e meno agli schermi"},"content":{"rendered":"\n<p>Guardare meno gli schermi e guardarsi di pi\u00f9 negli occhi, per scoprire \u201cci\u00f2 che conta davvero: siamo fratelli, sorelle, figli dello stesso Padre\u201d. Lo suggerisce il Papa nel videomessaggio che accompagna l\u2019intenzione di preghiera di aprile sull\u2019uso delle nuove tecnologie, registrato prima del ricovero al Policlinico Gemelli.<\/p>\n\n\n\n<p>\u201cSe trascorriamo pi\u00f9 tempo con il cellulare che con le persone, qualcosa non va\u201d, considera Francesco, sottolineando che \u201clo schermo ci fa dimenticare che dietro ci sono persone reali che respirano, ridono e piangono\u201d. E allora se \u201c\u00e8 vero\u201d che \u201cla tecnologia \u00e8 frutto dell\u2019intelligenza che Dio ci ha donato\u201d, \u201cbisogna\u201d per\u00f2 \u201cusarla bene\u201d \u00e8 l\u2019invito del Pontefice, \u201cnon pu\u00f2 avvantaggiare solo alcuni, mentre altri restano esclusi\u201d.<\/p>\n\n\n\n<p>La tecnologia va usata \u201cper unire, non per dividere. Per aiutare i poveri. Per migliorare la vita dei malati e delle persone diversamente abili\u201d e \u201cper prenderci cura della nostra casa comune. Per incontrarci come fratelli\u201d. Per questo il Papa, in questo mese, chiede di pregare \u201cperch\u00e9 l\u2019uso delle nuove tecnologie non sostituisca le relazioni umane, rispetti la dignit\u00e0 delle persone e aiuti ad affrontare le crisi del nostro tempo\u201d.<\/p>\n\n\n\n<figure class=\"wp-block-embed is-type-video is-provider-youtube wp-block-embed-youtube wp-embed-aspect-16-9 wp-has-aspect-ratio\"><div class=\"wp-block-embed__wrapper\">\n<iframe title=\"PER L&#039;USO DELLE NUOVE TECNOLOGIE - IL VIDEO DEL PAPA - APRILE 2025\" width=\"800\" height=\"450\" src=\"https:\/\/www.youtube.com\/embed\/8IhBhFCTUgc?feature=oembed\" frameborder=\"0\" allow=\"accelerometer; autoplay; clipboard-write; encrypted-media; gyroscope; picture-in-picture; web-share\" referrerpolicy=\"strict-origin-when-cross-origin\" allowfullscreen><\/iframe>\n<\/div><\/figure>\n\n\n\n<h3 class=\"wp-block-heading\" id=\"h-indulgenza-plenaria-nell-anno-santo\"><strong>Indulgenza plenaria nell&#8217;Anno Santo<\/strong><\/h3>\n\n\n\n<p>E la Rete Mondiale di Preghiera del Papa, Opera Pontificia, la cui missione \u00e8 di mobilitare i cattolici attraverso la preghiera e l\u2019azione di fronte alle sfide dell\u2019umanit\u00e0 e della missione della Chiesa, ricorda che una delle condizioni necessarie per ottenere le indulgenze concesse in occasione del Giubileo \u00e8 pregare proprio per le intenzioni del Sommo Pontefice, presentate ogni mese in un video diffuso sul Sito ufficiale Il Video del Papa e sui relativi canali social, e ancora sull&#8217;account X @Pontifex e la pagina Instagram @Franciscus.<\/p>\n\n\n\n<h3 class=\"wp-block-heading\" id=\"h-i-pericoli-degli-strumenti-tecnologici\"><strong>I pericoli degli strumenti tecnologici<\/strong><\/h3>\n\n\n\n<p>Il videomessaggio che, tradotto in 23 lingue, accompagna l\u2019intenzione di preghiera di aprile \u00e8 stato realizzato dalla Rete Mondiale di Preghiera, con l\u2019aiuto di Coronation media e in collaborazione con il Dicastero per il Servizio dello Sviluppo Umano Integrale.<\/p>\n\n\n\n<p>Invita a riflettere sui rischi dell\u2019utilizzo eccessivo degli strumenti tecnologici che possono sottrarre tempo alle relazioni interpersonali. Un altro rischio significativo \u00e8 rappresentato dal cyberbullismo e dall\u2019odio nei social media, e per tale motivo Francesco esorta a non dimenticare che dietro cellulari, tablet e pc \u201cci sono persone reali che respirano, ridono e piangono\u201d.<\/p>\n\n\n\n<p>Per evitare, poi, che le disuguaglianze economiche, sociali, lavorative, educative e di altro tipo continuino ad aumentare, la tecnologia \u201cnon pu\u00f2 avvantaggiare solo alcuni\u201d escludendo altri, avverte il Papa, va messa al servizio dell\u2019essere umano, va impiegata a beneficio di tutti, per aiutare i bisognosi, migliorare la vita dei malati e dei diversamente abili, promuovere la cultura dell\u2019incontro e salvaguardare la Terra.<\/p>\n\n\n\n<p>Si tratta di fare in modo che le nuove tecnologie non allontanino dagli altri e dalla realt\u00e0. Per questo, nel suo videomessaggio, il Papa chiede di guardare \u201cmeno gli schermi\u201d e di \u201cguardarci di pi\u00f9 negli occhi\u201d, perch\u00e9 solo cos\u00ec si pu\u00f2 comprendere che siamo tutti fratelli e agire di conseguenza.<\/p>\n\n\n\n<p><strong>Fonte:<\/strong> <a href=\"https:\/\/www.vaticannews.va\/it\/papa\/news\/2025-04\/papa-intenzioni-preghiera-aprile-tecnologia-unisca-non-divida.html\" target=\"_blank\" rel=\"noreferrer noopener\">vaticannews.va\/it<\/a><\/p>\n","protected":false},"excerpt":{"rendered":"<p>Nel videomessaggio con le intenzioni di preghiera del mese di aprile, il Papa esorta ad usare gli strumenti tecnologici per aiutare i poveri. <\/p>\n","protected":false},"author":3,"featured_media":44204,"comment_status":"closed","ping_status":"closed","sticky":false,"template":"","format":"standard","meta":{"footnotes":""},"categories":[867,905],"tags":[590,599],"class_list":["post-44245","post","type-post","status-publish","format-standard","has-post-thumbnail","hentry","category-chiesa-it","category-papa-francesco-it","tag-papa-francesco-it","tag-video-del-papa-it"],"yoast_head":"<!-- This site is optimized with the Yoast SEO Premium plugin v27.4 (Yoast SEO v27.4) - https:\/\/yoast.com\/product\/yoast-seo-premium-wordpress\/ -->\n<title>Il Papa: la tecnologia unisca e non divida. Guardarsi negli occhi e meno agli schermi<\/title>\n<meta name=\"description\" content=\"Nel videomessaggio con le intenzioni di preghiera del mese di aprile, il Papa esorta ad usare gli strumenti tecnologici per aiutare i poveri.\" \/>\n<meta name=\"robots\" content=\"index, follow, max-snippet:-1, max-image-preview:large, max-video-preview:-1\" \/>\n<link rel=\"canonical\" href=\"https:\/\/schoenstatt.com\/it\/il-papa-la-tecnologia-unisca-e-non-divida-guardarsi-negli-occhi-e-meno-agli-schermi\/\" \/>\n<meta property=\"og:locale\" content=\"it_IT\" \/>\n<meta property=\"og:type\" content=\"article\" \/>\n<meta property=\"og:title\" content=\"Il Papa: la tecnologia unisca e non divida. Guardarsi negli occhi e meno agli schermi\" \/>\n<meta property=\"og:description\" content=\"Nel videomessaggio con le intenzioni di preghiera del mese di aprile, il Papa esorta ad usare gli strumenti tecnologici per aiutare i poveri.\" \/>\n<meta property=\"og:url\" content=\"https:\/\/schoenstatt.com\/it\/il-papa-la-tecnologia-unisca-e-non-divida-guardarsi-negli-occhi-e-meno-agli-schermi\/\" \/>\n<meta property=\"og:site_name\" content=\"Schoenstatt\" \/>\n<meta property=\"article:published_time\" content=\"2025-04-02T11:30:16+00:00\" \/>\n<meta property=\"article:modified_time\" content=\"2025-05-15T21:59:09+00:00\" \/>\n<meta property=\"og:image\" content=\"https:\/\/schoenstatt.com\/wp-content\/uploads\/2025\/04\/tecnology-smartphone-Foto-Paul-Hanaoka-unsplash-1.webp\" \/>\n\t<meta property=\"og:image:width\" content=\"1920\" \/>\n\t<meta property=\"og:image:height\" content=\"1092\" \/>\n\t<meta property=\"og:image:type\" content=\"image\/webp\" \/>\n<meta name=\"author\" content=\"Karen Bueno\" \/>\n<meta name=\"twitter:card\" content=\"summary_large_image\" \/>\n<meta name=\"twitter:label1\" content=\"Scritto da\" \/>\n\t<meta name=\"twitter:data1\" content=\"Karen Bueno\" \/>\n\t<meta name=\"twitter:label2\" content=\"Tempo di lettura stimato\" \/>\n\t<meta name=\"twitter:data2\" content=\"3 minuti\" \/>\n<script type=\"application\/ld+json\" class=\"yoast-schema-graph\">{\"@context\":\"https:\\\/\\\/schema.org\",\"@graph\":[{\"@type\":\"Article\",\"@id\":\"https:\\\/\\\/schoenstatt.com\\\/it\\\/il-papa-la-tecnologia-unisca-e-non-divida-guardarsi-negli-occhi-e-meno-agli-schermi\\\/#article\",\"isPartOf\":{\"@id\":\"https:\\\/\\\/schoenstatt.com\\\/it\\\/il-papa-la-tecnologia-unisca-e-non-divida-guardarsi-negli-occhi-e-meno-agli-schermi\\\/\"},\"author\":{\"name\":\"Karen Bueno\",\"@id\":\"https:\\\/\\\/schoenstatt.com\\\/it\\\/#\\\/schema\\\/person\\\/5158877ad4acae98b34daaeef2a1ce6e\"},\"headline\":\"Il Papa: la tecnologia unisca e non divida. Guardarsi negli occhi e meno agli schermi\",\"datePublished\":\"2025-04-02T11:30:16+00:00\",\"dateModified\":\"2025-05-15T21:59:09+00:00\",\"mainEntityOfPage\":{\"@id\":\"https:\\\/\\\/schoenstatt.com\\\/it\\\/il-papa-la-tecnologia-unisca-e-non-divida-guardarsi-negli-occhi-e-meno-agli-schermi\\\/\"},\"wordCount\":518,\"publisher\":{\"@id\":\"https:\\\/\\\/schoenstatt.com\\\/it\\\/#organization\"},\"image\":{\"@id\":\"https:\\\/\\\/schoenstatt.com\\\/it\\\/il-papa-la-tecnologia-unisca-e-non-divida-guardarsi-negli-occhi-e-meno-agli-schermi\\\/#primaryimage\"},\"thumbnailUrl\":\"https:\\\/\\\/schoenstatt.com\\\/wp-content\\\/uploads\\\/2025\\\/04\\\/tecnology-smartphone-Foto-Paul-Hanaoka-unsplash-1.webp\",\"keywords\":[\"Papa Francesco\",\"Video del Papa\"],\"articleSection\":[\"Chiesa\",\"Papa Francesco\"],\"inLanguage\":\"it-IT\"},{\"@type\":\"WebPage\",\"@id\":\"https:\\\/\\\/schoenstatt.com\\\/it\\\/il-papa-la-tecnologia-unisca-e-non-divida-guardarsi-negli-occhi-e-meno-agli-schermi\\\/\",\"url\":\"https:\\\/\\\/schoenstatt.com\\\/it\\\/il-papa-la-tecnologia-unisca-e-non-divida-guardarsi-negli-occhi-e-meno-agli-schermi\\\/\",\"name\":\"Il Papa: la tecnologia unisca e non divida. Guardarsi negli occhi e meno agli schermi\",\"isPartOf\":{\"@id\":\"https:\\\/\\\/schoenstatt.com\\\/it\\\/#website\"},\"primaryImageOfPage\":{\"@id\":\"https:\\\/\\\/schoenstatt.com\\\/it\\\/il-papa-la-tecnologia-unisca-e-non-divida-guardarsi-negli-occhi-e-meno-agli-schermi\\\/#primaryimage\"},\"image\":{\"@id\":\"https:\\\/\\\/schoenstatt.com\\\/it\\\/il-papa-la-tecnologia-unisca-e-non-divida-guardarsi-negli-occhi-e-meno-agli-schermi\\\/#primaryimage\"},\"thumbnailUrl\":\"https:\\\/\\\/schoenstatt.com\\\/wp-content\\\/uploads\\\/2025\\\/04\\\/tecnology-smartphone-Foto-Paul-Hanaoka-unsplash-1.webp\",\"datePublished\":\"2025-04-02T11:30:16+00:00\",\"dateModified\":\"2025-05-15T21:59:09+00:00\",\"description\":\"Nel videomessaggio con le intenzioni di preghiera del mese di aprile, il Papa esorta ad usare gli strumenti tecnologici per aiutare i poveri.\",\"breadcrumb\":{\"@id\":\"https:\\\/\\\/schoenstatt.com\\\/it\\\/il-papa-la-tecnologia-unisca-e-non-divida-guardarsi-negli-occhi-e-meno-agli-schermi\\\/#breadcrumb\"},\"inLanguage\":\"it-IT\",\"potentialAction\":[{\"@type\":\"ReadAction\",\"target\":[\"https:\\\/\\\/schoenstatt.com\\\/it\\\/il-papa-la-tecnologia-unisca-e-non-divida-guardarsi-negli-occhi-e-meno-agli-schermi\\\/\"]}]},{\"@type\":\"ImageObject\",\"inLanguage\":\"it-IT\",\"@id\":\"https:\\\/\\\/schoenstatt.com\\\/it\\\/il-papa-la-tecnologia-unisca-e-non-divida-guardarsi-negli-occhi-e-meno-agli-schermi\\\/#primaryimage\",\"url\":\"https:\\\/\\\/schoenstatt.com\\\/wp-content\\\/uploads\\\/2025\\\/04\\\/tecnology-smartphone-Foto-Paul-Hanaoka-unsplash-1.webp\",\"contentUrl\":\"https:\\\/\\\/schoenstatt.com\\\/wp-content\\\/uploads\\\/2025\\\/04\\\/tecnology-smartphone-Foto-Paul-Hanaoka-unsplash-1.webp\",\"width\":1920,\"height\":1092,\"caption\":\"Smartphone\"},{\"@type\":\"BreadcrumbList\",\"@id\":\"https:\\\/\\\/schoenstatt.com\\\/it\\\/il-papa-la-tecnologia-unisca-e-non-divida-guardarsi-negli-occhi-e-meno-agli-schermi\\\/#breadcrumb\",\"itemListElement\":[{\"@type\":\"ListItem\",\"position\":1,\"name\":\"Portada\",\"item\":\"https:\\\/\\\/schoenstatt.com\\\/it\\\/home\\\/\"},{\"@type\":\"ListItem\",\"position\":2,\"name\":\"Il Papa: la tecnologia unisca e non divida. Guardarsi negli occhi e meno agli schermi\"}]},{\"@type\":\"WebSite\",\"@id\":\"https:\\\/\\\/schoenstatt.com\\\/it\\\/#website\",\"url\":\"https:\\\/\\\/schoenstatt.com\\\/it\\\/\",\"name\":\"Schoenstatt\",\"description\":\"Apostolic Movement\",\"publisher\":{\"@id\":\"https:\\\/\\\/schoenstatt.com\\\/it\\\/#organization\"},\"potentialAction\":[{\"@type\":\"SearchAction\",\"target\":{\"@type\":\"EntryPoint\",\"urlTemplate\":\"https:\\\/\\\/schoenstatt.com\\\/it\\\/?s={search_term_string}\"},\"query-input\":{\"@type\":\"PropertyValueSpecification\",\"valueRequired\":true,\"valueName\":\"search_term_string\"}}],\"inLanguage\":\"it-IT\"},{\"@type\":\"Organization\",\"@id\":\"https:\\\/\\\/schoenstatt.com\\\/it\\\/#organization\",\"name\":\"Schoenstatt\",\"url\":\"https:\\\/\\\/schoenstatt.com\\\/it\\\/\",\"logo\":{\"@type\":\"ImageObject\",\"inLanguage\":\"it-IT\",\"@id\":\"https:\\\/\\\/schoenstatt.com\\\/it\\\/#\\\/schema\\\/logo\\\/image\\\/\",\"url\":\"https:\\\/\\\/schoenstatt.com\\\/wp-content\\\/uploads\\\/2025\\\/04\\\/logo-schoenstatt-white-696x696-1.png\",\"contentUrl\":\"https:\\\/\\\/schoenstatt.com\\\/wp-content\\\/uploads\\\/2025\\\/04\\\/logo-schoenstatt-white-696x696-1.png\",\"width\":696,\"height\":694,\"caption\":\"Schoenstatt\"},\"image\":{\"@id\":\"https:\\\/\\\/schoenstatt.com\\\/it\\\/#\\\/schema\\\/logo\\\/image\\\/\"}},{\"@type\":\"Person\",\"@id\":\"https:\\\/\\\/schoenstatt.com\\\/it\\\/#\\\/schema\\\/person\\\/5158877ad4acae98b34daaeef2a1ce6e\",\"name\":\"Karen Bueno\",\"image\":{\"@type\":\"ImageObject\",\"inLanguage\":\"it-IT\",\"@id\":\"https:\\\/\\\/secure.gravatar.com\\\/avatar\\\/f9f4b823873154269d2b2130f195f6d41037dd0d7fc5f3cacb5c846bae70d66b?s=96&d=mm&r=g\",\"url\":\"https:\\\/\\\/secure.gravatar.com\\\/avatar\\\/f9f4b823873154269d2b2130f195f6d41037dd0d7fc5f3cacb5c846bae70d66b?s=96&d=mm&r=g\",\"contentUrl\":\"https:\\\/\\\/secure.gravatar.com\\\/avatar\\\/f9f4b823873154269d2b2130f195f6d41037dd0d7fc5f3cacb5c846bae70d66b?s=96&d=mm&r=g\",\"caption\":\"Karen Bueno\"},\"url\":\"https:\\\/\\\/schoenstatt.com\\\/it\\\/author\\\/karen-bueno\\\/\"}]}<\/script>\n<!-- \/ Yoast SEO Premium plugin. -->","yoast_head_json":{"title":"Il Papa: la tecnologia unisca e non divida. Guardarsi negli occhi e meno agli schermi","description":"Nel videomessaggio con le intenzioni di preghiera del mese di aprile, il Papa esorta ad usare gli strumenti tecnologici per aiutare i poveri.","robots":{"index":"index","follow":"follow","max-snippet":"max-snippet:-1","max-image-preview":"max-image-preview:large","max-video-preview":"max-video-preview:-1"},"canonical":"https:\/\/schoenstatt.com\/it\/il-papa-la-tecnologia-unisca-e-non-divida-guardarsi-negli-occhi-e-meno-agli-schermi\/","og_locale":"it_IT","og_type":"article","og_title":"Il Papa: la tecnologia unisca e non divida. Guardarsi negli occhi e meno agli schermi","og_description":"Nel videomessaggio con le intenzioni di preghiera del mese di aprile, il Papa esorta ad usare gli strumenti tecnologici per aiutare i poveri.","og_url":"https:\/\/schoenstatt.com\/it\/il-papa-la-tecnologia-unisca-e-non-divida-guardarsi-negli-occhi-e-meno-agli-schermi\/","og_site_name":"Schoenstatt","article_published_time":"2025-04-02T11:30:16+00:00","article_modified_time":"2025-05-15T21:59:09+00:00","og_image":[{"width":1920,"height":1092,"url":"https:\/\/schoenstatt.com\/wp-content\/uploads\/2025\/04\/tecnology-smartphone-Foto-Paul-Hanaoka-unsplash-1.webp","type":"image\/webp"}],"author":"Karen Bueno","twitter_card":"summary_large_image","twitter_misc":{"Scritto da":"Karen Bueno","Tempo di lettura stimato":"3 minuti"},"schema":{"@context":"https:\/\/schema.org","@graph":[{"@type":"Article","@id":"https:\/\/schoenstatt.com\/it\/il-papa-la-tecnologia-unisca-e-non-divida-guardarsi-negli-occhi-e-meno-agli-schermi\/#article","isPartOf":{"@id":"https:\/\/schoenstatt.com\/it\/il-papa-la-tecnologia-unisca-e-non-divida-guardarsi-negli-occhi-e-meno-agli-schermi\/"},"author":{"name":"Karen Bueno","@id":"https:\/\/schoenstatt.com\/it\/#\/schema\/person\/5158877ad4acae98b34daaeef2a1ce6e"},"headline":"Il Papa: la tecnologia unisca e non divida. Guardarsi negli occhi e meno agli schermi","datePublished":"2025-04-02T11:30:16+00:00","dateModified":"2025-05-15T21:59:09+00:00","mainEntityOfPage":{"@id":"https:\/\/schoenstatt.com\/it\/il-papa-la-tecnologia-unisca-e-non-divida-guardarsi-negli-occhi-e-meno-agli-schermi\/"},"wordCount":518,"publisher":{"@id":"https:\/\/schoenstatt.com\/it\/#organization"},"image":{"@id":"https:\/\/schoenstatt.com\/it\/il-papa-la-tecnologia-unisca-e-non-divida-guardarsi-negli-occhi-e-meno-agli-schermi\/#primaryimage"},"thumbnailUrl":"https:\/\/schoenstatt.com\/wp-content\/uploads\/2025\/04\/tecnology-smartphone-Foto-Paul-Hanaoka-unsplash-1.webp","keywords":["Papa Francesco","Video del Papa"],"articleSection":["Chiesa","Papa Francesco"],"inLanguage":"it-IT"},{"@type":"WebPage","@id":"https:\/\/schoenstatt.com\/it\/il-papa-la-tecnologia-unisca-e-non-divida-guardarsi-negli-occhi-e-meno-agli-schermi\/","url":"https:\/\/schoenstatt.com\/it\/il-papa-la-tecnologia-unisca-e-non-divida-guardarsi-negli-occhi-e-meno-agli-schermi\/","name":"Il Papa: la tecnologia unisca e non divida. Guardarsi negli occhi e meno agli schermi","isPartOf":{"@id":"https:\/\/schoenstatt.com\/it\/#website"},"primaryImageOfPage":{"@id":"https:\/\/schoenstatt.com\/it\/il-papa-la-tecnologia-unisca-e-non-divida-guardarsi-negli-occhi-e-meno-agli-schermi\/#primaryimage"},"image":{"@id":"https:\/\/schoenstatt.com\/it\/il-papa-la-tecnologia-unisca-e-non-divida-guardarsi-negli-occhi-e-meno-agli-schermi\/#primaryimage"},"thumbnailUrl":"https:\/\/schoenstatt.com\/wp-content\/uploads\/2025\/04\/tecnology-smartphone-Foto-Paul-Hanaoka-unsplash-1.webp","datePublished":"2025-04-02T11:30:16+00:00","dateModified":"2025-05-15T21:59:09+00:00","description":"Nel videomessaggio con le intenzioni di preghiera del mese di aprile, il Papa esorta ad usare gli strumenti tecnologici per aiutare i poveri.","breadcrumb":{"@id":"https:\/\/schoenstatt.com\/it\/il-papa-la-tecnologia-unisca-e-non-divida-guardarsi-negli-occhi-e-meno-agli-schermi\/#breadcrumb"},"inLanguage":"it-IT","potentialAction":[{"@type":"ReadAction","target":["https:\/\/schoenstatt.com\/it\/il-papa-la-tecnologia-unisca-e-non-divida-guardarsi-negli-occhi-e-meno-agli-schermi\/"]}]},{"@type":"ImageObject","inLanguage":"it-IT","@id":"https:\/\/schoenstatt.com\/it\/il-papa-la-tecnologia-unisca-e-non-divida-guardarsi-negli-occhi-e-meno-agli-schermi\/#primaryimage","url":"https:\/\/schoenstatt.com\/wp-content\/uploads\/2025\/04\/tecnology-smartphone-Foto-Paul-Hanaoka-unsplash-1.webp","contentUrl":"https:\/\/schoenstatt.com\/wp-content\/uploads\/2025\/04\/tecnology-smartphone-Foto-Paul-Hanaoka-unsplash-1.webp","width":1920,"height":1092,"caption":"Smartphone"},{"@type":"BreadcrumbList","@id":"https:\/\/schoenstatt.com\/it\/il-papa-la-tecnologia-unisca-e-non-divida-guardarsi-negli-occhi-e-meno-agli-schermi\/#breadcrumb","itemListElement":[{"@type":"ListItem","position":1,"name":"Portada","item":"https:\/\/schoenstatt.com\/it\/home\/"},{"@type":"ListItem","position":2,"name":"Il Papa: la tecnologia unisca e non divida. Guardarsi negli occhi e meno agli schermi"}]},{"@type":"WebSite","@id":"https:\/\/schoenstatt.com\/it\/#website","url":"https:\/\/schoenstatt.com\/it\/","name":"Schoenstatt","description":"Apostolic Movement","publisher":{"@id":"https:\/\/schoenstatt.com\/it\/#organization"},"potentialAction":[{"@type":"SearchAction","target":{"@type":"EntryPoint","urlTemplate":"https:\/\/schoenstatt.com\/it\/?s={search_term_string}"},"query-input":{"@type":"PropertyValueSpecification","valueRequired":true,"valueName":"search_term_string"}}],"inLanguage":"it-IT"},{"@type":"Organization","@id":"https:\/\/schoenstatt.com\/it\/#organization","name":"Schoenstatt","url":"https:\/\/schoenstatt.com\/it\/","logo":{"@type":"ImageObject","inLanguage":"it-IT","@id":"https:\/\/schoenstatt.com\/it\/#\/schema\/logo\/image\/","url":"https:\/\/schoenstatt.com\/wp-content\/uploads\/2025\/04\/logo-schoenstatt-white-696x696-1.png","contentUrl":"https:\/\/schoenstatt.com\/wp-content\/uploads\/2025\/04\/logo-schoenstatt-white-696x696-1.png","width":696,"height":694,"caption":"Schoenstatt"},"image":{"@id":"https:\/\/schoenstatt.com\/it\/#\/schema\/logo\/image\/"}},{"@type":"Person","@id":"https:\/\/schoenstatt.com\/it\/#\/schema\/person\/5158877ad4acae98b34daaeef2a1ce6e","name":"Karen Bueno","image":{"@type":"ImageObject","inLanguage":"it-IT","@id":"https:\/\/secure.gravatar.com\/avatar\/f9f4b823873154269d2b2130f195f6d41037dd0d7fc5f3cacb5c846bae70d66b?s=96&d=mm&r=g","url":"https:\/\/secure.gravatar.com\/avatar\/f9f4b823873154269d2b2130f195f6d41037dd0d7fc5f3cacb5c846bae70d66b?s=96&d=mm&r=g","contentUrl":"https:\/\/secure.gravatar.com\/avatar\/f9f4b823873154269d2b2130f195f6d41037dd0d7fc5f3cacb5c846bae70d66b?s=96&d=mm&r=g","caption":"Karen Bueno"},"url":"https:\/\/schoenstatt.com\/it\/author\/karen-bueno\/"}]}},"_links":{"self":[{"href":"https:\/\/schoenstatt.com\/it\/wp-json\/wp\/v2\/posts\/44245","targetHints":{"allow":["GET"]}}],"collection":[{"href":"https:\/\/schoenstatt.com\/it\/wp-json\/wp\/v2\/posts"}],"about":[{"href":"https:\/\/schoenstatt.com\/it\/wp-json\/wp\/v2\/types\/post"}],"author":[{"embeddable":true,"href":"https:\/\/schoenstatt.com\/it\/wp-json\/wp\/v2\/users\/3"}],"replies":[{"embeddable":true,"href":"https:\/\/schoenstatt.com\/it\/wp-json\/wp\/v2\/comments?post=44245"}],"version-history":[{"count":1,"href":"https:\/\/schoenstatt.com\/it\/wp-json\/wp\/v2\/posts\/44245\/revisions"}],"predecessor-version":[{"id":47439,"href":"https:\/\/schoenstatt.com\/it\/wp-json\/wp\/v2\/posts\/44245\/revisions\/47439"}],"wp:featuredmedia":[{"embeddable":true,"href":"https:\/\/schoenstatt.com\/it\/wp-json\/wp\/v2\/media\/44204"}],"wp:attachment":[{"href":"https:\/\/schoenstatt.com\/it\/wp-json\/wp\/v2\/media?parent=44245"}],"wp:term":[{"taxonomy":"category","embeddable":true,"href":"https:\/\/schoenstatt.com\/it\/wp-json\/wp\/v2\/categories?post=44245"},{"taxonomy":"post_tag","embeddable":true,"href":"https:\/\/schoenstatt.com\/it\/wp-json\/wp\/v2\/tags?post=44245"}],"curies":[{"name":"wp","href":"https:\/\/api.w.org\/{rel}","templated":true}]}}