{"id":43675,"date":"2025-02-28T03:03:00","date_gmt":"2025-02-28T02:03:00","guid":{"rendered":"https:\/\/schoenstatt.com\/?p=43675"},"modified":"2025-08-14T19:33:00","modified_gmt":"2025-08-14T17:33:00","slug":"nel-2025-congresso-internazionale-dei-giovani-di-schoenstatt-a-roma","status":"publish","type":"post","link":"https:\/\/schoenstatt.com\/it\/nel-2025-congresso-internazionale-dei-giovani-di-schoenstatt-a-roma\/","title":{"rendered":"Nel 2025: Congresso Internazionale dei Giovani di Schoenstatt a Roma"},"content":{"rendered":"\n<p><em>\u00abPreferisco la stanchezza di chi \u00e8 in cammino alla noia di chi rimane fermo e senza desiderio di camminare!\u00bb (\u2026) \u00abLa soluzione alla stanchezza, paradossalmente, non \u00e8 fermarsi a riposare. \u00c8 piuttosto mettersi in cammino e diventare pellegrini di speranza. Questa \u00e8 la mia esortazione: camminate nella speranza! La speranza vince ogni stanchezza, ogni crisi e ogni ansia, donandoci una forte motivazione per andare avanti, perch\u00e9 questa speranza \u00e8 un dono che riceviamo da Dio stesso. Egli riempie di senso tutto il nostro tempo, ci illumina nel cammino, ci indica la direzione e la meta della nostra vita.\u00bb<\/em><\/p>\n\n\n\n<p>Queste sono alcune delle ultime parole di Papa Francesco durante l\u2019ultima Giornata Mondiale della Giovent\u00f9, parole che ancora risuonano nel cuore della giovent\u00f9 di Schoenstatt e che, in questo 2025, iniziano a interpellarci profondamente.<\/p>\n\n\n\n<h3 class=\"wp-block-heading\" id=\"h-i-rappresentanti-di-ogni-paese-si-incontreranno-a-roma\"><strong>I rappresentanti di ogni Paese si incontreranno a Roma<\/strong><\/h3>\n\n\n\n<p>Stiamo vivendo un nuovo Giubileo della Chiesa. Vogliamo <strong>riunirci come Giovent\u00f9 di Schoenstatt, attraverso alcuni rappresentanti,<\/strong> in risposta al desiderio emerso nel Congresso di Pentecoste dell&#8217;anno 2022. Vogliamo rivederci, ritrovarci\u2026 riscoprire che le nostre giovent\u00f9 non sono \u201cfiliali\u201d identiche, ma santuari vivi, ognuno con la propria originalit\u00e0, ma con la consapevolezza di irradiare lo stesso fuoco.<\/p>\n\n\n\n<p>Ci riuniamo, nel contesto del Giubileo a Roma, nei giorni 29, 30 e 31 luglio, con rappresentanti della <a href=\"https:\/\/schoenstatt.com\/it\/nella-comunita\/donne\/gioventu-femminile\/\">Giovent\u00f9 Femminile<\/a> e <a href=\"https:\/\/schoenstatt.com\/it\/nella-comunita\/uomini\/gioventu-maschile\/\">Maschile di Schoenstatt<\/a> provenienti da tutto il mondo, nel Santuario di Belmonte.<\/p>\n\n\n\n<figure class=\"wp-block-image size-large\"><img decoding=\"async\" src=\"https:\/\/schoenstatt.com\/wp-content\/uploads\/2025\/02\/Pentecost-Congress-2022-1024x768.jpg\" alt=\"\" class=\"wp-image-43661\"\/><figcaption class=\"wp-element-caption\">Pentecost Congress 2022<\/figcaption><\/figure>\n\n\n\n<h3 class=\"wp-block-heading\" id=\"h-perche-ci-riuniamo\"><strong>Perch\u00e9 ci riuniamo?<\/strong><\/h3>\n\n\n\n<p><em>Vogliamo riconoscere le tracce di Dio nella vita della nostra giovent\u00f9, discernere la sua chiamata nelle sfide che affrontiamo e rispondere con il nostro Carisma, come strumenti di Maria nella nostra societ\u00e0.<\/em><\/p>\n\n\n\n<p>Saranno giorni in cui, ascoltando le voci dell\u2019anima, dell\u2019essere e del tempo, desideriamo scoprire l\u2019originalit\u00e0 di ogni giovane e ci\u00f2 che ci unisce, ci\u00f2 che ci rende un cuore solo.<\/p>\n\n\n\n<p>Lavoreremo su temi che interrogano i giovani di oggi: il loro legame con Ges\u00f9, il modo di vivere l\u2019amore, la sfida di vivere l\u2019Alleanza d\u2019Amore nella leadership e nel servizio agli altri.<\/p>\n\n\n\n<h3 class=\"wp-block-heading\" id=\"h-uniti-sotto-il-motto-voci-di-speranza\"><strong><strong>Uniti sotto il motto \u201cVoci di speranza\u201d<\/strong><\/strong><\/h3>\n\n\n\n<p>La giovent\u00f9 \u00e8 quella voce, una voce piena di gioia, piena di spirito, piena di speranza. Ed \u00e8 proprio questa voce che desideriamo far risuonare con ancora pi\u00f9 forza a partire dal nostro incontro. Ogni paese potr\u00e0 contare su rappresentanti, i quali dovranno portare con s\u00e9 non solo i propri desideri, ma anche i sogni della giovent\u00f9 che rappresentano.<\/p>\n\n\n\n<p>Nel nostro logo abbiamo voluto esprimere gran parte dell\u2019identit\u00e0 della nostra Giovent\u00f9.<\/p>\n\n\n\n<figure class=\"wp-block-image aligncenter size-full is-resized\"><img decoding=\"async\" src=\"https:\/\/schoenstatt.com\/wp-content\/uploads\/2025\/02\/voices-of-hope-logo-Congress-of-Schoenstatt-Youth-Rome-2025.png\" alt=\"\" class=\"wp-image-43656\" style=\"width:546px;height:auto\"\/><\/figure>\n\n\n\n<p>Siamo quel <strong>Fuoco<\/strong> che cerca di irradiarsi in tutto il mondo. Un mondo che possiamo vedere simboleggiato nella base del logo. I colori sono vivaci, proprio come desidera essere sempre la nostra giovent\u00f9. <strong>La Croce dell\u2019Unit\u00e0 <\/strong>ci ispira, ci ricorda che attraverso Maria arriviamo a Ges\u00f9 e il dono reciproco della donna e dell\u2019uomo, che siamo chiamati a scoprire e testimoniare\u2026<\/p>\n\n\n\n<h3 class=\"wp-block-heading\" id=\"h-famiglia-di-schoenstatt-contiamo-su-di-voi\"><strong>Famiglia di Schoenstatt, contiamo su di voi<\/strong><\/h3>\n\n\n\n<p>Giovani e consulenti di diversi paesi facciamo parte del team di preparazione di questo Congresso. Siamo al servizio di questa missione che ci \u00e8 stata affidata.<\/p>\n\n\n\n<p>Il team organizzatore \u00e8 composto da:<\/p>\n\n\n\n<p><strong>Giovani<\/strong><\/p>\n\n\n\n<ul class=\"wp-block-list\">\n<li>Benjam\u00edn Mar\u00eda Biagosch &#8211; JM dell\u2019Argentina<\/li>\n\n\n\n<li>Ana Mar\u00eda Wahl Gonz\u00e1lez &#8211; JF del Cile<\/li>\n\n\n\n<li>Maria Leonor Gavilanes Sanchez &#8211; JF dell\u2019Ecuador<\/li>\n\n\n\n<li>Mat\u00edas Sebasti\u00e1n Estigarribia Lima &#8211; JM del Paraguay<\/li>\n<\/ul>\n\n\n\n<div style=\"height:26px\" aria-hidden=\"true\" class=\"wp-block-spacer\"><\/div>\n\n\n\n<p><strong><strong>Consulenti<\/strong><\/strong><\/p>\n\n\n\n<ul class=\"wp-block-list\">\n<li>Ana Christina Melquiades &#8211; Signora di Schoenstatt &#8211; Consulente della JF in Brasile<\/li>\n\n\n\n<li>Padre Pablo Gerardo P\u00e9rez &#8211; Padre di Schoenstatt \u2013 Direttore Nazionale del Movimento in Italia<\/li>\n\n\n\n<li>Sr. M. Jimena Persia &#8211; Suora di Maria di Schoenstatt \u2013 Consulente Nazionale della JF del Paraguay<\/li>\n<\/ul>\n\n\n\n<div style=\"height:25px\" aria-hidden=\"true\" class=\"wp-block-spacer\"><\/div>\n\n\n\n<p>Contiamo fin da ora sulle preghiere e sulle contribuzioni al capitale di grazie di tutta la Famiglia di Schoenstatt affinch\u00e9 ogni giovane partecipante a questo Congresso arrivi con un cuore preparato e disposto a scoprire, ancora una volta, il Dio della Vita che riempie di senso e speranza la nostra esistenza.<\/p>\n\n\n\n<p>E alla nostra Giovent\u00f9 di Schoenstatt, restate sintonizzati perch\u00e9 presto arriveranno novit\u00e0!<\/p>\n\n\n\n<p><strong>Mat\u00edas Estigarribia &#8211; JM Paraguay<\/strong><br>Membro del team del Congresso Internazionale dei Giovani di Schoenstatt \u2013 Roma 2025<\/p>\n\n\n\n<p><strong>Traduzione: <\/strong>Eugenio Minici<\/p>\n","protected":false},"excerpt":{"rendered":"<p>Quella Voce di Speranza che arde nella nostra Giovent\u00f9 di Schoenstatt, porta i giovani a un Congresso internazionale.<\/p>\n","protected":false},"author":3,"featured_media":43651,"comment_status":"closed","ping_status":"closed","sticky":false,"template":"","format":"standard","meta":{"footnotes":""},"categories":[573],"tags":[558,1265,731,1167,1130,1106],"class_list":["post-43675","post","type-post","status-publish","format-standard","has-post-thumbnail","hentry","category-giovani-it","tag-belmonte-roma-it","tag-giovani-it","tag-gioventu-di-schoenstatt-it","tag-gioventu-femminile-di-schoenstatt-it","tag-gioventu-maschile-di-schoenstatt-it","tag-roma-it"],"yoast_head":"<!-- This site is optimized with the Yoast SEO Premium plugin v27.4 (Yoast SEO v27.4) - https:\/\/yoast.com\/product\/yoast-seo-premium-wordpress\/ -->\n<title>Nel 2025: Congresso Internazionale dei Giovani di Schoenstatt a Roma<\/title>\n<meta name=\"description\" content=\"Quella Voce di Speranza che arde nella nostra Giovent\u00f9 di Schoenstatt, porta i giovani a un Congresso internazionale.\" \/>\n<meta name=\"robots\" content=\"index, follow, max-snippet:-1, max-image-preview:large, max-video-preview:-1\" \/>\n<link rel=\"canonical\" href=\"https:\/\/schoenstatt.com\/it\/nel-2025-congresso-internazionale-dei-giovani-di-schoenstatt-a-roma\/\" \/>\n<meta property=\"og:locale\" content=\"it_IT\" \/>\n<meta property=\"og:type\" content=\"article\" \/>\n<meta property=\"og:title\" content=\"Nel 2025: Congresso Internazionale dei Giovani di Schoenstatt a Roma\" \/>\n<meta property=\"og:description\" content=\"Quella Voce di Speranza che arde nella nostra Giovent\u00f9 di Schoenstatt, porta i giovani a un Congresso internazionale.\" \/>\n<meta property=\"og:url\" content=\"https:\/\/schoenstatt.com\/it\/nel-2025-congresso-internazionale-dei-giovani-di-schoenstatt-a-roma\/\" \/>\n<meta property=\"og:site_name\" content=\"Schoenstatt\" \/>\n<meta property=\"article:published_time\" content=\"2025-02-28T02:03:00+00:00\" \/>\n<meta property=\"article:modified_time\" content=\"2025-08-14T17:33:00+00:00\" \/>\n<meta property=\"og:image\" content=\"https:\/\/schoenstatt.com\/wp-content\/uploads\/2025\/02\/schoenstatt-youth-1.jpg\" \/>\n\t<meta property=\"og:image:width\" content=\"2048\" \/>\n\t<meta property=\"og:image:height\" content=\"979\" \/>\n\t<meta property=\"og:image:type\" content=\"image\/jpeg\" \/>\n<meta name=\"author\" content=\"Karen Bueno\" \/>\n<meta name=\"twitter:card\" content=\"summary_large_image\" \/>\n<meta name=\"twitter:label1\" content=\"Scritto da\" \/>\n\t<meta name=\"twitter:data1\" content=\"Karen Bueno\" \/>\n\t<meta name=\"twitter:label2\" content=\"Tempo di lettura stimato\" \/>\n\t<meta name=\"twitter:data2\" content=\"4 minuti\" \/>\n<script type=\"application\/ld+json\" class=\"yoast-schema-graph\">{\"@context\":\"https:\\\/\\\/schema.org\",\"@graph\":[{\"@type\":\"Article\",\"@id\":\"https:\\\/\\\/schoenstatt.com\\\/it\\\/nel-2025-congresso-internazionale-dei-giovani-di-schoenstatt-a-roma\\\/#article\",\"isPartOf\":{\"@id\":\"https:\\\/\\\/schoenstatt.com\\\/it\\\/nel-2025-congresso-internazionale-dei-giovani-di-schoenstatt-a-roma\\\/\"},\"author\":{\"name\":\"Karen Bueno\",\"@id\":\"https:\\\/\\\/schoenstatt.com\\\/it\\\/#\\\/schema\\\/person\\\/5158877ad4acae98b34daaeef2a1ce6e\"},\"headline\":\"Nel 2025: Congresso Internazionale dei Giovani di Schoenstatt a Roma\",\"datePublished\":\"2025-02-28T02:03:00+00:00\",\"dateModified\":\"2025-08-14T17:33:00+00:00\",\"mainEntityOfPage\":{\"@id\":\"https:\\\/\\\/schoenstatt.com\\\/it\\\/nel-2025-congresso-internazionale-dei-giovani-di-schoenstatt-a-roma\\\/\"},\"wordCount\":678,\"publisher\":{\"@id\":\"https:\\\/\\\/schoenstatt.com\\\/it\\\/#organization\"},\"image\":{\"@id\":\"https:\\\/\\\/schoenstatt.com\\\/it\\\/nel-2025-congresso-internazionale-dei-giovani-di-schoenstatt-a-roma\\\/#primaryimage\"},\"thumbnailUrl\":\"https:\\\/\\\/schoenstatt.com\\\/wp-content\\\/uploads\\\/2025\\\/02\\\/schoenstatt-youth-1.jpg\",\"keywords\":[\"Belmonte - Roma\",\"Giovani\",\"Giovent\u00f9 di Schoenstatt\",\"Giovent\u00f9 Femminile di Schoenstatt\",\"Giovent\u00f9 Maschile di Schoenstatt\",\"Roma\"],\"articleSection\":[\"Giovani\"],\"inLanguage\":\"it-IT\"},{\"@type\":\"WebPage\",\"@id\":\"https:\\\/\\\/schoenstatt.com\\\/it\\\/nel-2025-congresso-internazionale-dei-giovani-di-schoenstatt-a-roma\\\/\",\"url\":\"https:\\\/\\\/schoenstatt.com\\\/it\\\/nel-2025-congresso-internazionale-dei-giovani-di-schoenstatt-a-roma\\\/\",\"name\":\"Nel 2025: Congresso Internazionale dei Giovani di Schoenstatt a Roma\",\"isPartOf\":{\"@id\":\"https:\\\/\\\/schoenstatt.com\\\/it\\\/#website\"},\"primaryImageOfPage\":{\"@id\":\"https:\\\/\\\/schoenstatt.com\\\/it\\\/nel-2025-congresso-internazionale-dei-giovani-di-schoenstatt-a-roma\\\/#primaryimage\"},\"image\":{\"@id\":\"https:\\\/\\\/schoenstatt.com\\\/it\\\/nel-2025-congresso-internazionale-dei-giovani-di-schoenstatt-a-roma\\\/#primaryimage\"},\"thumbnailUrl\":\"https:\\\/\\\/schoenstatt.com\\\/wp-content\\\/uploads\\\/2025\\\/02\\\/schoenstatt-youth-1.jpg\",\"datePublished\":\"2025-02-28T02:03:00+00:00\",\"dateModified\":\"2025-08-14T17:33:00+00:00\",\"description\":\"Quella Voce di Speranza che arde nella nostra Giovent\u00f9 di Schoenstatt, porta i giovani a un Congresso internazionale.\",\"breadcrumb\":{\"@id\":\"https:\\\/\\\/schoenstatt.com\\\/it\\\/nel-2025-congresso-internazionale-dei-giovani-di-schoenstatt-a-roma\\\/#breadcrumb\"},\"inLanguage\":\"it-IT\",\"potentialAction\":[{\"@type\":\"ReadAction\",\"target\":[\"https:\\\/\\\/schoenstatt.com\\\/it\\\/nel-2025-congresso-internazionale-dei-giovani-di-schoenstatt-a-roma\\\/\"]}]},{\"@type\":\"ImageObject\",\"inLanguage\":\"it-IT\",\"@id\":\"https:\\\/\\\/schoenstatt.com\\\/it\\\/nel-2025-congresso-internazionale-dei-giovani-di-schoenstatt-a-roma\\\/#primaryimage\",\"url\":\"https:\\\/\\\/schoenstatt.com\\\/wp-content\\\/uploads\\\/2025\\\/02\\\/schoenstatt-youth-1.jpg\",\"contentUrl\":\"https:\\\/\\\/schoenstatt.com\\\/wp-content\\\/uploads\\\/2025\\\/02\\\/schoenstatt-youth-1.jpg\",\"width\":2048,\"height\":979},{\"@type\":\"BreadcrumbList\",\"@id\":\"https:\\\/\\\/schoenstatt.com\\\/it\\\/nel-2025-congresso-internazionale-dei-giovani-di-schoenstatt-a-roma\\\/#breadcrumb\",\"itemListElement\":[{\"@type\":\"ListItem\",\"position\":1,\"name\":\"Portada\",\"item\":\"https:\\\/\\\/schoenstatt.com\\\/it\\\/home\\\/\"},{\"@type\":\"ListItem\",\"position\":2,\"name\":\"Nel 2025: Congresso Internazionale dei Giovani di Schoenstatt a Roma\"}]},{\"@type\":\"WebSite\",\"@id\":\"https:\\\/\\\/schoenstatt.com\\\/it\\\/#website\",\"url\":\"https:\\\/\\\/schoenstatt.com\\\/it\\\/\",\"name\":\"Schoenstatt\",\"description\":\"Apostolic Movement\",\"publisher\":{\"@id\":\"https:\\\/\\\/schoenstatt.com\\\/it\\\/#organization\"},\"potentialAction\":[{\"@type\":\"SearchAction\",\"target\":{\"@type\":\"EntryPoint\",\"urlTemplate\":\"https:\\\/\\\/schoenstatt.com\\\/it\\\/?s={search_term_string}\"},\"query-input\":{\"@type\":\"PropertyValueSpecification\",\"valueRequired\":true,\"valueName\":\"search_term_string\"}}],\"inLanguage\":\"it-IT\"},{\"@type\":\"Organization\",\"@id\":\"https:\\\/\\\/schoenstatt.com\\\/it\\\/#organization\",\"name\":\"Schoenstatt\",\"url\":\"https:\\\/\\\/schoenstatt.com\\\/it\\\/\",\"logo\":{\"@type\":\"ImageObject\",\"inLanguage\":\"it-IT\",\"@id\":\"https:\\\/\\\/schoenstatt.com\\\/it\\\/#\\\/schema\\\/logo\\\/image\\\/\",\"url\":\"https:\\\/\\\/schoenstatt.com\\\/wp-content\\\/uploads\\\/2025\\\/04\\\/logo-schoenstatt-white-696x696-1.png\",\"contentUrl\":\"https:\\\/\\\/schoenstatt.com\\\/wp-content\\\/uploads\\\/2025\\\/04\\\/logo-schoenstatt-white-696x696-1.png\",\"width\":696,\"height\":694,\"caption\":\"Schoenstatt\"},\"image\":{\"@id\":\"https:\\\/\\\/schoenstatt.com\\\/it\\\/#\\\/schema\\\/logo\\\/image\\\/\"}},{\"@type\":\"Person\",\"@id\":\"https:\\\/\\\/schoenstatt.com\\\/it\\\/#\\\/schema\\\/person\\\/5158877ad4acae98b34daaeef2a1ce6e\",\"name\":\"Karen Bueno\",\"image\":{\"@type\":\"ImageObject\",\"inLanguage\":\"it-IT\",\"@id\":\"https:\\\/\\\/secure.gravatar.com\\\/avatar\\\/f9f4b823873154269d2b2130f195f6d41037dd0d7fc5f3cacb5c846bae70d66b?s=96&d=mm&r=g\",\"url\":\"https:\\\/\\\/secure.gravatar.com\\\/avatar\\\/f9f4b823873154269d2b2130f195f6d41037dd0d7fc5f3cacb5c846bae70d66b?s=96&d=mm&r=g\",\"contentUrl\":\"https:\\\/\\\/secure.gravatar.com\\\/avatar\\\/f9f4b823873154269d2b2130f195f6d41037dd0d7fc5f3cacb5c846bae70d66b?s=96&d=mm&r=g\",\"caption\":\"Karen Bueno\"},\"url\":\"https:\\\/\\\/schoenstatt.com\\\/it\\\/author\\\/karen-bueno\\\/\"}]}<\/script>\n<!-- \/ Yoast SEO Premium plugin. -->","yoast_head_json":{"title":"Nel 2025: Congresso Internazionale dei Giovani di Schoenstatt a Roma","description":"Quella Voce di Speranza che arde nella nostra Giovent\u00f9 di Schoenstatt, porta i giovani a un Congresso internazionale.","robots":{"index":"index","follow":"follow","max-snippet":"max-snippet:-1","max-image-preview":"max-image-preview:large","max-video-preview":"max-video-preview:-1"},"canonical":"https:\/\/schoenstatt.com\/it\/nel-2025-congresso-internazionale-dei-giovani-di-schoenstatt-a-roma\/","og_locale":"it_IT","og_type":"article","og_title":"Nel 2025: Congresso Internazionale dei Giovani di Schoenstatt a Roma","og_description":"Quella Voce di Speranza che arde nella nostra Giovent\u00f9 di Schoenstatt, porta i giovani a un Congresso internazionale.","og_url":"https:\/\/schoenstatt.com\/it\/nel-2025-congresso-internazionale-dei-giovani-di-schoenstatt-a-roma\/","og_site_name":"Schoenstatt","article_published_time":"2025-02-28T02:03:00+00:00","article_modified_time":"2025-08-14T17:33:00+00:00","og_image":[{"width":2048,"height":979,"url":"https:\/\/schoenstatt.com\/wp-content\/uploads\/2025\/02\/schoenstatt-youth-1.jpg","type":"image\/jpeg"}],"author":"Karen Bueno","twitter_card":"summary_large_image","twitter_misc":{"Scritto da":"Karen Bueno","Tempo di lettura stimato":"4 minuti"},"schema":{"@context":"https:\/\/schema.org","@graph":[{"@type":"Article","@id":"https:\/\/schoenstatt.com\/it\/nel-2025-congresso-internazionale-dei-giovani-di-schoenstatt-a-roma\/#article","isPartOf":{"@id":"https:\/\/schoenstatt.com\/it\/nel-2025-congresso-internazionale-dei-giovani-di-schoenstatt-a-roma\/"},"author":{"name":"Karen Bueno","@id":"https:\/\/schoenstatt.com\/it\/#\/schema\/person\/5158877ad4acae98b34daaeef2a1ce6e"},"headline":"Nel 2025: Congresso Internazionale dei Giovani di Schoenstatt a Roma","datePublished":"2025-02-28T02:03:00+00:00","dateModified":"2025-08-14T17:33:00+00:00","mainEntityOfPage":{"@id":"https:\/\/schoenstatt.com\/it\/nel-2025-congresso-internazionale-dei-giovani-di-schoenstatt-a-roma\/"},"wordCount":678,"publisher":{"@id":"https:\/\/schoenstatt.com\/it\/#organization"},"image":{"@id":"https:\/\/schoenstatt.com\/it\/nel-2025-congresso-internazionale-dei-giovani-di-schoenstatt-a-roma\/#primaryimage"},"thumbnailUrl":"https:\/\/schoenstatt.com\/wp-content\/uploads\/2025\/02\/schoenstatt-youth-1.jpg","keywords":["Belmonte - Roma","Giovani","Giovent\u00f9 di Schoenstatt","Giovent\u00f9 Femminile di Schoenstatt","Giovent\u00f9 Maschile di Schoenstatt","Roma"],"articleSection":["Giovani"],"inLanguage":"it-IT"},{"@type":"WebPage","@id":"https:\/\/schoenstatt.com\/it\/nel-2025-congresso-internazionale-dei-giovani-di-schoenstatt-a-roma\/","url":"https:\/\/schoenstatt.com\/it\/nel-2025-congresso-internazionale-dei-giovani-di-schoenstatt-a-roma\/","name":"Nel 2025: Congresso Internazionale dei Giovani di Schoenstatt a Roma","isPartOf":{"@id":"https:\/\/schoenstatt.com\/it\/#website"},"primaryImageOfPage":{"@id":"https:\/\/schoenstatt.com\/it\/nel-2025-congresso-internazionale-dei-giovani-di-schoenstatt-a-roma\/#primaryimage"},"image":{"@id":"https:\/\/schoenstatt.com\/it\/nel-2025-congresso-internazionale-dei-giovani-di-schoenstatt-a-roma\/#primaryimage"},"thumbnailUrl":"https:\/\/schoenstatt.com\/wp-content\/uploads\/2025\/02\/schoenstatt-youth-1.jpg","datePublished":"2025-02-28T02:03:00+00:00","dateModified":"2025-08-14T17:33:00+00:00","description":"Quella Voce di Speranza che arde nella nostra Giovent\u00f9 di Schoenstatt, porta i giovani a un Congresso internazionale.","breadcrumb":{"@id":"https:\/\/schoenstatt.com\/it\/nel-2025-congresso-internazionale-dei-giovani-di-schoenstatt-a-roma\/#breadcrumb"},"inLanguage":"it-IT","potentialAction":[{"@type":"ReadAction","target":["https:\/\/schoenstatt.com\/it\/nel-2025-congresso-internazionale-dei-giovani-di-schoenstatt-a-roma\/"]}]},{"@type":"ImageObject","inLanguage":"it-IT","@id":"https:\/\/schoenstatt.com\/it\/nel-2025-congresso-internazionale-dei-giovani-di-schoenstatt-a-roma\/#primaryimage","url":"https:\/\/schoenstatt.com\/wp-content\/uploads\/2025\/02\/schoenstatt-youth-1.jpg","contentUrl":"https:\/\/schoenstatt.com\/wp-content\/uploads\/2025\/02\/schoenstatt-youth-1.jpg","width":2048,"height":979},{"@type":"BreadcrumbList","@id":"https:\/\/schoenstatt.com\/it\/nel-2025-congresso-internazionale-dei-giovani-di-schoenstatt-a-roma\/#breadcrumb","itemListElement":[{"@type":"ListItem","position":1,"name":"Portada","item":"https:\/\/schoenstatt.com\/it\/home\/"},{"@type":"ListItem","position":2,"name":"Nel 2025: Congresso Internazionale dei Giovani di Schoenstatt a Roma"}]},{"@type":"WebSite","@id":"https:\/\/schoenstatt.com\/it\/#website","url":"https:\/\/schoenstatt.com\/it\/","name":"Schoenstatt","description":"Apostolic Movement","publisher":{"@id":"https:\/\/schoenstatt.com\/it\/#organization"},"potentialAction":[{"@type":"SearchAction","target":{"@type":"EntryPoint","urlTemplate":"https:\/\/schoenstatt.com\/it\/?s={search_term_string}"},"query-input":{"@type":"PropertyValueSpecification","valueRequired":true,"valueName":"search_term_string"}}],"inLanguage":"it-IT"},{"@type":"Organization","@id":"https:\/\/schoenstatt.com\/it\/#organization","name":"Schoenstatt","url":"https:\/\/schoenstatt.com\/it\/","logo":{"@type":"ImageObject","inLanguage":"it-IT","@id":"https:\/\/schoenstatt.com\/it\/#\/schema\/logo\/image\/","url":"https:\/\/schoenstatt.com\/wp-content\/uploads\/2025\/04\/logo-schoenstatt-white-696x696-1.png","contentUrl":"https:\/\/schoenstatt.com\/wp-content\/uploads\/2025\/04\/logo-schoenstatt-white-696x696-1.png","width":696,"height":694,"caption":"Schoenstatt"},"image":{"@id":"https:\/\/schoenstatt.com\/it\/#\/schema\/logo\/image\/"}},{"@type":"Person","@id":"https:\/\/schoenstatt.com\/it\/#\/schema\/person\/5158877ad4acae98b34daaeef2a1ce6e","name":"Karen Bueno","image":{"@type":"ImageObject","inLanguage":"it-IT","@id":"https:\/\/secure.gravatar.com\/avatar\/f9f4b823873154269d2b2130f195f6d41037dd0d7fc5f3cacb5c846bae70d66b?s=96&d=mm&r=g","url":"https:\/\/secure.gravatar.com\/avatar\/f9f4b823873154269d2b2130f195f6d41037dd0d7fc5f3cacb5c846bae70d66b?s=96&d=mm&r=g","contentUrl":"https:\/\/secure.gravatar.com\/avatar\/f9f4b823873154269d2b2130f195f6d41037dd0d7fc5f3cacb5c846bae70d66b?s=96&d=mm&r=g","caption":"Karen Bueno"},"url":"https:\/\/schoenstatt.com\/it\/author\/karen-bueno\/"}]}},"_links":{"self":[{"href":"https:\/\/schoenstatt.com\/it\/wp-json\/wp\/v2\/posts\/43675","targetHints":{"allow":["GET"]}}],"collection":[{"href":"https:\/\/schoenstatt.com\/it\/wp-json\/wp\/v2\/posts"}],"about":[{"href":"https:\/\/schoenstatt.com\/it\/wp-json\/wp\/v2\/types\/post"}],"author":[{"embeddable":true,"href":"https:\/\/schoenstatt.com\/it\/wp-json\/wp\/v2\/users\/3"}],"replies":[{"embeddable":true,"href":"https:\/\/schoenstatt.com\/it\/wp-json\/wp\/v2\/comments?post=43675"}],"version-history":[{"count":6,"href":"https:\/\/schoenstatt.com\/it\/wp-json\/wp\/v2\/posts\/43675\/revisions"}],"predecessor-version":[{"id":61734,"href":"https:\/\/schoenstatt.com\/it\/wp-json\/wp\/v2\/posts\/43675\/revisions\/61734"}],"wp:featuredmedia":[{"embeddable":true,"href":"https:\/\/schoenstatt.com\/it\/wp-json\/wp\/v2\/media\/43651"}],"wp:attachment":[{"href":"https:\/\/schoenstatt.com\/it\/wp-json\/wp\/v2\/media?parent=43675"}],"wp:term":[{"taxonomy":"category","embeddable":true,"href":"https:\/\/schoenstatt.com\/it\/wp-json\/wp\/v2\/categories?post=43675"},{"taxonomy":"post_tag","embeddable":true,"href":"https:\/\/schoenstatt.com\/it\/wp-json\/wp\/v2\/tags?post=43675"}],"curies":[{"name":"wp","href":"https:\/\/api.w.org\/{rel}","templated":true}]}}