{"id":72275,"date":"2026-09-03T13:50:13","date_gmt":"2026-09-03T11:50:13","guid":{"rendered":"https:\/\/schoenstatt.com\/?p=72275"},"modified":"2026-09-03T14:09:49","modified_gmt":"2026-09-03T12:09:49","slug":"unico-ahora-real","status":"publish","type":"post","link":"https:\/\/schoenstatt.com\/es\/unico-ahora-real\/","title":{"rendered":"\u00danico&#8230; \u00bfahora real?"},"content":{"rendered":"\n<p class=\"wp-block-paragraph\">M\u00e1s de 80 j\u00f3venes, una semana, un proyecto. S\u00ed, una semana en la que no solo se levanta un escenario, sino un festival: la <strong>Noche del Santuario<\/strong>. Este a\u00f1o bajo el lema <strong>\u00danico&#8230; \u00bfahora real?<\/strong> <em>\u00abEn un mundo lleno de Fake News, Im\u00e1genes editadas, IA Videos y expectativas sociales&#8230; qu\u00e9 es lo que me hace \u00fanico &#8211; y qu\u00e9 es realidad?\u00bb<\/em><\/p>\n\n\n\n<p class=\"wp-block-paragraph\">La noche del Santuario es un festival cat\u00f3lico organizado por la juventud de Schoenstatt de Alemania, en Schoenstatt en torno al Santuario Original&#8230; Es m\u00e1s que solo un festival, es una experiencia, que inspira, une y reaviva la fe, un festival de j\u00f3venes para j\u00f3venes. En 2005 fue la jornada mundial de la juventud en Colonia, previa a la cual se organiz\u00f3 un encuentro internacional, aprovechando que muchos j\u00f3venes de distintos pa\u00edses vendr\u00edan a Alemania y pasar\u00edan por Schoenstatt. Los corazones quedaron encendidos y al a\u00f1o siguiente se hizo un nuevo festival&#8230; a\u00f1o a a\u00f1o se fue agrandando el proyecto hasta que tom\u00f3 forma y el nombre de <strong>Noche del Santuario<\/strong>.<\/p>\n\n\n\n<div style=\"height:42px\" aria-hidden=\"true\" class=\"wp-block-spacer\"><\/div>\n\n\n\n<figure class=\"wp-block-gallery has-nested-images columns-default is-cropped wp-block-gallery-1 is-layout-flex wp-block-gallery-is-layout-flex\">\n<figure class=\"wp-block-image size-large\"><img fetchpriority=\"high\" decoding=\"async\" width=\"1600\" height=\"1069\" data-id=\"72259\" src=\"https:\/\/schoenstatt.com\/wp-content\/uploads\/2026\/09\/Nacht-des-Heiligtums-2026-e.webp\" alt=\"\" class=\"wp-image-72259\" srcset=\"https:\/\/schoenstatt.com\/wp-content\/uploads\/2026\/09\/Nacht-des-Heiligtums-2026-e.webp 1600w, https:\/\/schoenstatt.com\/wp-content\/uploads\/2026\/09\/Nacht-des-Heiligtums-2026-e-768x513.webp 768w, https:\/\/schoenstatt.com\/wp-content\/uploads\/2026\/09\/Nacht-des-Heiligtums-2026-e-1536x1026.webp 1536w\" sizes=\"(max-width: 1600px) 100vw, 1600px\" \/><\/figure>\n\n\n\n<figure class=\"wp-block-image size-large\"><img decoding=\"async\" width=\"1600\" height=\"1067\" data-id=\"72253\" src=\"https:\/\/schoenstatt.com\/wp-content\/uploads\/2026\/09\/Nacht-des-Heiligtums-2026-d.webp\" alt=\"\" class=\"wp-image-72253\" srcset=\"https:\/\/schoenstatt.com\/wp-content\/uploads\/2026\/09\/Nacht-des-Heiligtums-2026-d.webp 1600w, https:\/\/schoenstatt.com\/wp-content\/uploads\/2026\/09\/Nacht-des-Heiligtums-2026-d-768x512.webp 768w, https:\/\/schoenstatt.com\/wp-content\/uploads\/2026\/09\/Nacht-des-Heiligtums-2026-d-1536x1024.webp 1536w\" sizes=\"(max-width: 1600px) 100vw, 1600px\" \/><\/figure>\n<\/figure>\n\n\n\n<div style=\"height:24px\" aria-hidden=\"true\" class=\"wp-block-spacer\"><\/div>\n\n\n\n<p class=\"wp-block-paragraph\">En s\u00ed el festival es un fin de semana, pero ya desde la semana anterior \u2013SEMANA DEL VOLUNTARIO- que se juntan varios jovenes, que organizados en distintos Teams \u2013 <em>Team Central, Band (m\u00fasica), dise\u00f1o creativo, administraci\u00f3n, log\u00edstica, PR (comunicaci\u00f3n), Finanzas, Programa, Liturgia, T\u00e9cnico, Voluntarios y Compras<\/em> &#8211; preparan el festival para el que esperan m\u00e1s de 250 j\u00f3venes de entre 16 y 30 a\u00f1os.<\/p>\n\n\n\n<p class=\"wp-block-paragraph\">Desde el armado del escenario, carpas, tirado de cables para consolas de audio y luces, toma y edici\u00f3n de clips, publicaciones y art\u00edculos, ensayo de canciones, prueba con los distintos instrumentos de la banda musical, el armado de la escenograf\u00eda y decoraci\u00f3n, compras, administraci\u00f3n de las inscripciones, donaciones y contactos con las casas de alojamiento, armado de los momentos de oraci\u00f3n hasta la organizaci\u00f3n de las comidas y el programa que conducir\u00e1 el fin de semana, como Workshops, impulsos, Talks, noche de teatro, talento y m\u00fasica, con el momento culminante en la noche de Alianza, donde se renueva la Alianza de Amor en torno al Santuario&#8230; un gran trabajo en equipo.<\/p>\n\n\n\n<div style=\"height:33px\" aria-hidden=\"true\" class=\"wp-block-spacer\"><\/div>\n\n\n\n<figure class=\"wp-block-gallery has-nested-images columns-default is-cropped wp-block-gallery-2 is-layout-flex wp-block-gallery-is-layout-flex\">\n<figure class=\"wp-block-image size-large\"><img decoding=\"async\" width=\"1067\" height=\"1600\" data-id=\"72248\" src=\"https:\/\/schoenstatt.com\/wp-content\/uploads\/2026\/09\/Nacht-des-Heiligtums-2026-c.webp\" alt=\"\" class=\"wp-image-72248\" srcset=\"https:\/\/schoenstatt.com\/wp-content\/uploads\/2026\/09\/Nacht-des-Heiligtums-2026-c.webp 1067w, https:\/\/schoenstatt.com\/wp-content\/uploads\/2026\/09\/Nacht-des-Heiligtums-2026-c-768x1152.webp 768w, https:\/\/schoenstatt.com\/wp-content\/uploads\/2026\/09\/Nacht-des-Heiligtums-2026-c-1024x1536.webp 1024w\" sizes=\"(max-width: 1067px) 100vw, 1067px\" \/><\/figure>\n\n\n\n<figure class=\"wp-block-image size-large\"><img loading=\"lazy\" decoding=\"async\" width=\"1067\" height=\"1600\" data-id=\"72243\" src=\"https:\/\/schoenstatt.com\/wp-content\/uploads\/2026\/09\/Nacht-des-Heiligtums-2026-b.webp\" alt=\"\" class=\"wp-image-72243\" srcset=\"https:\/\/schoenstatt.com\/wp-content\/uploads\/2026\/09\/Nacht-des-Heiligtums-2026-b.webp 1067w, https:\/\/schoenstatt.com\/wp-content\/uploads\/2026\/09\/Nacht-des-Heiligtums-2026-b-768x1152.webp 768w, https:\/\/schoenstatt.com\/wp-content\/uploads\/2026\/09\/Nacht-des-Heiligtums-2026-b-1024x1536.webp 1024w\" sizes=\"(max-width: 1067px) 100vw, 1067px\" \/><\/figure>\n<\/figure>\n\n\n\n<div style=\"height:25px\" aria-hidden=\"true\" class=\"wp-block-spacer\"><\/div>\n\n\n\n<p class=\"wp-block-paragraph\">S\u00ed, pero no todo es solo trabajo, sino tambi\u00e9n risas, fiesta y reencuentros con viejos amigos. Al final de la semana uno mira con satisfacci\u00f3n y admiraci\u00f3n lo que se vivi\u00f3 y contruy\u00f3 juntos.<\/p>\n\n\n\n<p class=\"wp-block-paragraph\">Para estar al tanto de todo lo que va a pasar el pr\u00f3ximo fin de semana, s\u00edguenos en las redes sociales:<\/p>\n\n\n\n<p class=\"wp-block-paragraph\"><strong>Site: <\/strong><a href=\"https:\/\/nachtdesheiligtums.de\/\" target=\"_blank\" rel=\"noreferrer noopener\">nachtdesheiligtums.de<\/a><br><strong>Instagram: <\/strong><a href=\"https:\/\/www.instagram.com\/nachtdesheiligtums\/\" target=\"_blank\" rel=\"noreferrer noopener\">@nachtdesheiligtums<\/a><\/p>\n\n\n\n<p class=\"wp-block-paragraph\"><strong>Fotos: <\/strong>@nachtdesheiligtums<\/p>\n","protected":false},"excerpt":{"rendered":"<p>La Juventud de Schoenstatt de Alemania se prepara para una nueva edici\u00f3n de la Noche del Santuario este fin de semana.<\/p>\n","protected":false},"author":3,"featured_media":72268,"comment_status":"closed","ping_status":"closed","sticky":false,"template":"","format":"standard","meta":{"footnotes":""},"categories":[901],"tags":[1358,1165],"class_list":["post-72275","post","type-post","status-publish","format-standard","has-post-thumbnail","hentry","category-santuario-original-es","tag-noche-del-santuario","tag-schoenstatt-alemania-es"],"yoast_head":"<!-- This site is optimized with the Yoast SEO Premium plugin v28.1 (Yoast SEO v28.4) - https:\/\/yoast.com\/product\/yoast-seo-premium-wordpress\/ -->\n<title>\u00danico... \u00bfahora real? - Schoenstatt<\/title>\n<meta name=\"description\" content=\"La Juventud de Schoenstatt de Alemania se prepara para una nueva edici\u00f3n de la Noche del Santuario este fin de semana.\" \/>\n<meta name=\"robots\" content=\"index, follow, max-snippet:-1, max-image-preview:large, max-video-preview:-1\" \/>\n<link rel=\"canonical\" href=\"https:\/\/schoenstatt.com\/es\/unico-ahora-real\/\" \/>\n<meta property=\"og:locale\" content=\"es_ES\" \/>\n<meta property=\"og:type\" content=\"article\" \/>\n<meta property=\"og:title\" content=\"\u00danico... \u00bfahora real?\" \/>\n<meta property=\"og:description\" content=\"La Juventud de Schoenstatt de Alemania se prepara para una nueva edici\u00f3n de la Noche del Santuario este fin de semana.\" \/>\n<meta property=\"og:url\" content=\"https:\/\/schoenstatt.com\/es\/unico-ahora-real\/\" \/>\n<meta property=\"og:site_name\" content=\"Schoenstatt\" \/>\n<meta property=\"article:published_time\" content=\"2026-09-03T11:50:13+00:00\" \/>\n<meta property=\"article:modified_time\" content=\"2026-09-03T12:09:49+00:00\" \/>\n<meta property=\"og:image\" content=\"https:\/\/schoenstatt.com\/wp-content\/uploads\/2026\/09\/Nacht-des-Heiligtums-2026.webp\" \/>\n\t<meta property=\"og:image:width\" content=\"1280\" \/>\n\t<meta property=\"og:image:height\" content=\"853\" \/>\n\t<meta property=\"og:image:type\" content=\"image\/jpeg\" \/>\n<meta name=\"author\" content=\"Karen Bueno\" \/>\n<meta name=\"twitter:card\" content=\"summary_large_image\" \/>\n<meta name=\"twitter:label1\" content=\"Escrito por\" \/>\n\t<meta name=\"twitter:data1\" content=\"Karen Bueno\" \/>\n\t<meta name=\"twitter:label2\" content=\"Tiempo de lectura\" \/>\n\t<meta name=\"twitter:data2\" content=\"4 minutos\" \/>\n<script type=\"application\/ld+json\" class=\"yoast-schema-graph\">{\"@context\":\"https:\\\/\\\/schema.org\",\"@graph\":[{\"@type\":\"Article\",\"@id\":\"https:\\\/\\\/schoenstatt.com\\\/es\\\/unico-ahora-real\\\/#article\",\"isPartOf\":{\"@id\":\"https:\\\/\\\/schoenstatt.com\\\/es\\\/unico-ahora-real\\\/\"},\"author\":{\"name\":\"Karen Bueno\",\"@id\":\"https:\\\/\\\/schoenstatt.com\\\/es\\\/#\\\/schema\\\/person\\\/5158877ad4acae98b34daaeef2a1ce6e\"},\"headline\":\"\u00danico&#8230; \u00bfahora real?\",\"datePublished\":\"2026-09-03T11:50:13+00:00\",\"dateModified\":\"2026-09-03T12:09:49+00:00\",\"mainEntityOfPage\":{\"@id\":\"https:\\\/\\\/schoenstatt.com\\\/es\\\/unico-ahora-real\\\/\"},\"wordCount\":443,\"publisher\":{\"@id\":\"https:\\\/\\\/schoenstatt.com\\\/es\\\/#organization\"},\"image\":{\"@id\":\"https:\\\/\\\/schoenstatt.com\\\/es\\\/unico-ahora-real\\\/#primaryimage\"},\"thumbnailUrl\":\"https:\\\/\\\/schoenstatt.com\\\/wp-content\\\/uploads\\\/2026\\\/09\\\/Nacht-des-Heiligtums-2026.webp\",\"keywords\":[\"Noche del Santuario\",\"Schoenstatt Alemania\"],\"articleSection\":[\"Santuario Original\"],\"inLanguage\":\"es\"},{\"@type\":\"WebPage\",\"@id\":\"https:\\\/\\\/schoenstatt.com\\\/es\\\/unico-ahora-real\\\/\",\"url\":\"https:\\\/\\\/schoenstatt.com\\\/es\\\/unico-ahora-real\\\/\",\"name\":\"\u00danico... \u00bfahora real? - Schoenstatt\",\"isPartOf\":{\"@id\":\"https:\\\/\\\/schoenstatt.com\\\/es\\\/#website\"},\"primaryImageOfPage\":{\"@id\":\"https:\\\/\\\/schoenstatt.com\\\/es\\\/unico-ahora-real\\\/#primaryimage\"},\"image\":{\"@id\":\"https:\\\/\\\/schoenstatt.com\\\/es\\\/unico-ahora-real\\\/#primaryimage\"},\"thumbnailUrl\":\"https:\\\/\\\/schoenstatt.com\\\/wp-content\\\/uploads\\\/2026\\\/09\\\/Nacht-des-Heiligtums-2026.webp\",\"datePublished\":\"2026-09-03T11:50:13+00:00\",\"dateModified\":\"2026-09-03T12:09:49+00:00\",\"description\":\"La Juventud de Schoenstatt de Alemania se prepara para una nueva edici\u00f3n de la Noche del Santuario este fin de semana.\",\"breadcrumb\":{\"@id\":\"https:\\\/\\\/schoenstatt.com\\\/es\\\/unico-ahora-real\\\/#breadcrumb\"},\"inLanguage\":\"es\",\"potentialAction\":[{\"@type\":\"ReadAction\",\"target\":[\"https:\\\/\\\/schoenstatt.com\\\/es\\\/unico-ahora-real\\\/\"]}]},{\"@type\":\"ImageObject\",\"inLanguage\":\"es\",\"@id\":\"https:\\\/\\\/schoenstatt.com\\\/es\\\/unico-ahora-real\\\/#primaryimage\",\"url\":\"https:\\\/\\\/schoenstatt.com\\\/wp-content\\\/uploads\\\/2026\\\/09\\\/Nacht-des-Heiligtums-2026.webp\",\"contentUrl\":\"https:\\\/\\\/schoenstatt.com\\\/wp-content\\\/uploads\\\/2026\\\/09\\\/Nacht-des-Heiligtums-2026.webp\",\"width\":1280,\"height\":853},{\"@type\":\"BreadcrumbList\",\"@id\":\"https:\\\/\\\/schoenstatt.com\\\/es\\\/unico-ahora-real\\\/#breadcrumb\",\"itemListElement\":[{\"@type\":\"ListItem\",\"position\":1,\"name\":\"Portada\",\"item\":\"https:\\\/\\\/schoenstatt.com\\\/es\\\/home\\\/\"},{\"@type\":\"ListItem\",\"position\":2,\"name\":\"\u00danico&#8230; \u00bfahora real?\"}]},{\"@type\":\"WebSite\",\"@id\":\"https:\\\/\\\/schoenstatt.com\\\/es\\\/#website\",\"url\":\"https:\\\/\\\/schoenstatt.com\\\/es\\\/\",\"name\":\"Schoenstatt\",\"description\":\"Apostolic Movement\",\"publisher\":{\"@id\":\"https:\\\/\\\/schoenstatt.com\\\/es\\\/#organization\"},\"potentialAction\":[{\"@type\":\"SearchAction\",\"target\":{\"@type\":\"EntryPoint\",\"urlTemplate\":\"https:\\\/\\\/schoenstatt.com\\\/es\\\/?s={search_term_string}\"},\"query-input\":{\"@type\":\"PropertyValueSpecification\",\"valueRequired\":true,\"valueName\":\"search_term_string\"}}],\"inLanguage\":\"es\"},{\"@type\":\"Organization\",\"@id\":\"https:\\\/\\\/schoenstatt.com\\\/es\\\/#organization\",\"name\":\"Schoenstatt\",\"url\":\"https:\\\/\\\/schoenstatt.com\\\/es\\\/\",\"logo\":{\"@type\":\"ImageObject\",\"inLanguage\":\"es\",\"@id\":\"https:\\\/\\\/schoenstatt.com\\\/es\\\/#\\\/schema\\\/logo\\\/image\\\/\",\"url\":\"https:\\\/\\\/schoenstatt.com\\\/wp-content\\\/uploads\\\/2025\\\/04\\\/logo-schoenstatt-white-696x696-1.png\",\"contentUrl\":\"https:\\\/\\\/schoenstatt.com\\\/wp-content\\\/uploads\\\/2025\\\/04\\\/logo-schoenstatt-white-696x696-1.png\",\"width\":696,\"height\":694,\"caption\":\"Schoenstatt\"},\"image\":{\"@id\":\"https:\\\/\\\/schoenstatt.com\\\/es\\\/#\\\/schema\\\/logo\\\/image\\\/\"}},{\"@type\":\"Person\",\"@id\":\"https:\\\/\\\/schoenstatt.com\\\/es\\\/#\\\/schema\\\/person\\\/5158877ad4acae98b34daaeef2a1ce6e\",\"name\":\"Karen Bueno\",\"image\":{\"@type\":\"ImageObject\",\"inLanguage\":\"es\",\"@id\":\"https:\\\/\\\/secure.gravatar.com\\\/avatar\\\/f9f4b823873154269d2b2130f195f6d41037dd0d7fc5f3cacb5c846bae70d66b?s=96&d=mm&r=g\",\"url\":\"https:\\\/\\\/secure.gravatar.com\\\/avatar\\\/f9f4b823873154269d2b2130f195f6d41037dd0d7fc5f3cacb5c846bae70d66b?s=96&d=mm&r=g\",\"contentUrl\":\"https:\\\/\\\/secure.gravatar.com\\\/avatar\\\/f9f4b823873154269d2b2130f195f6d41037dd0d7fc5f3cacb5c846bae70d66b?s=96&d=mm&r=g\",\"caption\":\"Karen Bueno\"},\"url\":\"https:\\\/\\\/schoenstatt.com\\\/es\\\/author\\\/karen-bueno\\\/\"}]}<\/script>\n<!-- \/ Yoast SEO Premium plugin. -->","yoast_head_json":{"title":"\u00danico... \u00bfahora real? - Schoenstatt","description":"La Juventud de Schoenstatt de Alemania se prepara para una nueva edici\u00f3n de la Noche del Santuario este fin de semana.","robots":{"index":"index","follow":"follow","max-snippet":"max-snippet:-1","max-image-preview":"max-image-preview:large","max-video-preview":"max-video-preview:-1"},"canonical":"https:\/\/schoenstatt.com\/es\/unico-ahora-real\/","og_locale":"es_ES","og_type":"article","og_title":"\u00danico... \u00bfahora real?","og_description":"La Juventud de Schoenstatt de Alemania se prepara para una nueva edici\u00f3n de la Noche del Santuario este fin de semana.","og_url":"https:\/\/schoenstatt.com\/es\/unico-ahora-real\/","og_site_name":"Schoenstatt","article_published_time":"2026-09-03T11:50:13+00:00","article_modified_time":"2026-09-03T12:09:49+00:00","og_image":[{"width":1280,"height":853,"url":"https:\/\/schoenstatt.com\/wp-content\/uploads\/2026\/09\/Nacht-des-Heiligtums-2026.webp","type":"image\/jpeg"}],"author":"Karen Bueno","twitter_card":"summary_large_image","twitter_misc":{"Escrito por":"Karen Bueno","Tiempo de lectura":"4 minutos"},"schema":{"@context":"https:\/\/schema.org","@graph":[{"@type":"Article","@id":"https:\/\/schoenstatt.com\/es\/unico-ahora-real\/#article","isPartOf":{"@id":"https:\/\/schoenstatt.com\/es\/unico-ahora-real\/"},"author":{"name":"Karen Bueno","@id":"https:\/\/schoenstatt.com\/es\/#\/schema\/person\/5158877ad4acae98b34daaeef2a1ce6e"},"headline":"\u00danico&#8230; \u00bfahora real?","datePublished":"2026-09-03T11:50:13+00:00","dateModified":"2026-09-03T12:09:49+00:00","mainEntityOfPage":{"@id":"https:\/\/schoenstatt.com\/es\/unico-ahora-real\/"},"wordCount":443,"publisher":{"@id":"https:\/\/schoenstatt.com\/es\/#organization"},"image":{"@id":"https:\/\/schoenstatt.com\/es\/unico-ahora-real\/#primaryimage"},"thumbnailUrl":"https:\/\/schoenstatt.com\/wp-content\/uploads\/2026\/09\/Nacht-des-Heiligtums-2026.webp","keywords":["Noche del Santuario","Schoenstatt Alemania"],"articleSection":["Santuario Original"],"inLanguage":"es"},{"@type":"WebPage","@id":"https:\/\/schoenstatt.com\/es\/unico-ahora-real\/","url":"https:\/\/schoenstatt.com\/es\/unico-ahora-real\/","name":"\u00danico... \u00bfahora real? - Schoenstatt","isPartOf":{"@id":"https:\/\/schoenstatt.com\/es\/#website"},"primaryImageOfPage":{"@id":"https:\/\/schoenstatt.com\/es\/unico-ahora-real\/#primaryimage"},"image":{"@id":"https:\/\/schoenstatt.com\/es\/unico-ahora-real\/#primaryimage"},"thumbnailUrl":"https:\/\/schoenstatt.com\/wp-content\/uploads\/2026\/09\/Nacht-des-Heiligtums-2026.webp","datePublished":"2026-09-03T11:50:13+00:00","dateModified":"2026-09-03T12:09:49+00:00","description":"La Juventud de Schoenstatt de Alemania se prepara para una nueva edici\u00f3n de la Noche del Santuario este fin de semana.","breadcrumb":{"@id":"https:\/\/schoenstatt.com\/es\/unico-ahora-real\/#breadcrumb"},"inLanguage":"es","potentialAction":[{"@type":"ReadAction","target":["https:\/\/schoenstatt.com\/es\/unico-ahora-real\/"]}]},{"@type":"ImageObject","inLanguage":"es","@id":"https:\/\/schoenstatt.com\/es\/unico-ahora-real\/#primaryimage","url":"https:\/\/schoenstatt.com\/wp-content\/uploads\/2026\/09\/Nacht-des-Heiligtums-2026.webp","contentUrl":"https:\/\/schoenstatt.com\/wp-content\/uploads\/2026\/09\/Nacht-des-Heiligtums-2026.webp","width":1280,"height":853},{"@type":"BreadcrumbList","@id":"https:\/\/schoenstatt.com\/es\/unico-ahora-real\/#breadcrumb","itemListElement":[{"@type":"ListItem","position":1,"name":"Portada","item":"https:\/\/schoenstatt.com\/es\/home\/"},{"@type":"ListItem","position":2,"name":"\u00danico&#8230; \u00bfahora real?"}]},{"@type":"WebSite","@id":"https:\/\/schoenstatt.com\/es\/#website","url":"https:\/\/schoenstatt.com\/es\/","name":"Schoenstatt","description":"Apostolic Movement","publisher":{"@id":"https:\/\/schoenstatt.com\/es\/#organization"},"potentialAction":[{"@type":"SearchAction","target":{"@type":"EntryPoint","urlTemplate":"https:\/\/schoenstatt.com\/es\/?s={search_term_string}"},"query-input":{"@type":"PropertyValueSpecification","valueRequired":true,"valueName":"search_term_string"}}],"inLanguage":"es"},{"@type":"Organization","@id":"https:\/\/schoenstatt.com\/es\/#organization","name":"Schoenstatt","url":"https:\/\/schoenstatt.com\/es\/","logo":{"@type":"ImageObject","inLanguage":"es","@id":"https:\/\/schoenstatt.com\/es\/#\/schema\/logo\/image\/","url":"https:\/\/schoenstatt.com\/wp-content\/uploads\/2025\/04\/logo-schoenstatt-white-696x696-1.png","contentUrl":"https:\/\/schoenstatt.com\/wp-content\/uploads\/2025\/04\/logo-schoenstatt-white-696x696-1.png","width":696,"height":694,"caption":"Schoenstatt"},"image":{"@id":"https:\/\/schoenstatt.com\/es\/#\/schema\/logo\/image\/"}},{"@type":"Person","@id":"https:\/\/schoenstatt.com\/es\/#\/schema\/person\/5158877ad4acae98b34daaeef2a1ce6e","name":"Karen Bueno","image":{"@type":"ImageObject","inLanguage":"es","@id":"https:\/\/secure.gravatar.com\/avatar\/f9f4b823873154269d2b2130f195f6d41037dd0d7fc5f3cacb5c846bae70d66b?s=96&d=mm&r=g","url":"https:\/\/secure.gravatar.com\/avatar\/f9f4b823873154269d2b2130f195f6d41037dd0d7fc5f3cacb5c846bae70d66b?s=96&d=mm&r=g","contentUrl":"https:\/\/secure.gravatar.com\/avatar\/f9f4b823873154269d2b2130f195f6d41037dd0d7fc5f3cacb5c846bae70d66b?s=96&d=mm&r=g","caption":"Karen Bueno"},"url":"https:\/\/schoenstatt.com\/es\/author\/karen-bueno\/"}]}},"_links":{"self":[{"href":"https:\/\/schoenstatt.com\/es\/wp-json\/wp\/v2\/posts\/72275","targetHints":{"allow":["GET"]}}],"collection":[{"href":"https:\/\/schoenstatt.com\/es\/wp-json\/wp\/v2\/posts"}],"about":[{"href":"https:\/\/schoenstatt.com\/es\/wp-json\/wp\/v2\/types\/post"}],"author":[{"embeddable":true,"href":"https:\/\/schoenstatt.com\/es\/wp-json\/wp\/v2\/users\/3"}],"replies":[{"embeddable":true,"href":"https:\/\/schoenstatt.com\/es\/wp-json\/wp\/v2\/comments?post=72275"}],"version-history":[{"count":2,"href":"https:\/\/schoenstatt.com\/es\/wp-json\/wp\/v2\/posts\/72275\/revisions"}],"predecessor-version":[{"id":72277,"href":"https:\/\/schoenstatt.com\/es\/wp-json\/wp\/v2\/posts\/72275\/revisions\/72277"}],"wp:featuredmedia":[{"embeddable":true,"href":"https:\/\/schoenstatt.com\/es\/wp-json\/wp\/v2\/media\/72268"}],"wp:attachment":[{"href":"https:\/\/schoenstatt.com\/es\/wp-json\/wp\/v2\/media?parent=72275"}],"wp:term":[{"taxonomy":"category","embeddable":true,"href":"https:\/\/schoenstatt.com\/es\/wp-json\/wp\/v2\/categories?post=72275"},{"taxonomy":"post_tag","embeddable":true,"href":"https:\/\/schoenstatt.com\/es\/wp-json\/wp\/v2\/tags?post=72275"}],"curies":[{"name":"wp","href":"https:\/\/api.w.org\/{rel}","templated":true}]}}