{"id":72237,"date":"2026-09-02T14:45:35","date_gmt":"2026-09-02T12:45:35","guid":{"rendered":"https:\/\/schoenstatt.com\/?p=72237"},"modified":"2026-09-02T15:34:38","modified_gmt":"2026-09-02T13:34:38","slug":"la-familia-de-schoenstatt-de-croacia-celebra-su-25-o-aniversario","status":"publish","type":"post","link":"https:\/\/schoenstatt.com\/es\/la-familia-de-schoenstatt-de-croacia-celebra-su-25-o-aniversario\/","title":{"rendered":"La Familia de Schoenstatt de Croacia celebra su 25.\u00ba aniversario"},"content":{"rendered":"\n<p class=\"wp-block-paragraph\">El s\u00e1bado 22 de agosto de 2026 se celebr\u00f3 la fiesta de Mar\u00eda Reina en el Santuario de la Reina de los Corazones, en Mala Subotica, Croacia. Se reunieron alrededor de 1.500 miembros de Schoenstatt \u2014procedentes de casi todas las regiones de Croacia, desde Eslavonia y el este del pa\u00eds hasta Dubrovnik\u2014, as\u00ed como de Bosnia y Herzegovina, sobre todo de Mostar y Ljubu\u0161ki. Muchos de ellos recorrieron un largo camino para asistir.<\/p>\n\n\n\n<p class=\"wp-block-paragraph\">La jornada conmemoraba varios acontecimientos hist\u00f3ricos importantes:<\/p>\n\n\n\n<div style=\"height:17px\" aria-hidden=\"true\" class=\"wp-block-spacer\"><\/div>\n\n\n\n<p class=\"wp-block-paragraph\">\u2665 10.\u00ba aniversario de la coronaci\u00f3n de la Madre Tres Veces Admirable como Reina de los Corazones, 20 de agosto de 2016.<\/p>\n\n\n\n<p class=\"wp-block-paragraph\">\u2665 17.\u00ba aniversario de la consagraci\u00f3n del primer Santuario filial croata en Mala Subotica, 22 de agosto de 2009.<\/p>\n\n\n\n<p class=\"wp-block-paragraph\">\u2665 25.\u00ba aniversario de la fundaci\u00f3n de la Familia de Schoenstatt croata, 22 de agosto de 2001.<\/p>\n\n\n\n<div style=\"height:18px\" aria-hidden=\"true\" class=\"wp-block-spacer\"><\/div>\n\n\n\n<p class=\"wp-block-paragraph\">La celebraci\u00f3n estuvo precedida por una novena de nueve meses y, justo antes, del 19 al 21 de agosto, por un triduo espiritual organizado por el padre Christoph Horn. A trav\u00e9s de la oraci\u00f3n, la celebraci\u00f3n eucar\u00edstica y la adoraci\u00f3n ante el Sant\u00edsimo, la Familia de Schoenstatt de Croacia se prepar\u00f3 en conjunto para el d\u00eda del aniversario.<\/p>\n\n\n\n<div style=\"height:25px\" aria-hidden=\"true\" class=\"wp-block-spacer\"><\/div>\n\n\n\n<h2 id=\"h-un-recinto-del-santuario-con-forma-de-corazon\" class=\"wp-block-heading has-medium-font-size\">Un recinto del Santuario con forma de coraz\u00f3n<\/h2>\n\n\n\n<p class=\"wp-block-paragraph\">El oasis verde con forma de coraz\u00f3n, en el que se encuentran el Santuario de la Reina de los Corazones, la ermita, el altar de verano, la casa de peregrinos y otros edificios, se hab\u00eda refrescado gracias a la tan esperada lluvia de verano y acogi\u00f3 a numerosos peregrinos.<\/p>\n\n\n\n<div style=\"height:23px\" aria-hidden=\"true\" class=\"wp-block-spacer\"><\/div>\n\n\n\n<figure class=\"wp-block-image aligncenter size-full\"><img fetchpriority=\"high\" decoding=\"async\" width=\"1600\" height=\"900\" src=\"https:\/\/schoenstatt.com\/wp-content\/uploads\/2026\/09\/Croacia-Croatia-Mala-Subotica-Shrine.webp\" alt=\"\" class=\"wp-image-72208\" srcset=\"https:\/\/schoenstatt.com\/wp-content\/uploads\/2026\/09\/Croacia-Croatia-Mala-Subotica-Shrine.webp 1600w, https:\/\/schoenstatt.com\/wp-content\/uploads\/2026\/09\/Croacia-Croatia-Mala-Subotica-Shrine-768x432.webp 768w, https:\/\/schoenstatt.com\/wp-content\/uploads\/2026\/09\/Croacia-Croatia-Mala-Subotica-Shrine-1536x864.webp 1536w\" sizes=\"(max-width: 1600px) 100vw, 1600px\" \/><\/figure>\n\n\n\n<div style=\"height:23px\" aria-hidden=\"true\" class=\"wp-block-spacer\"><\/div>\n\n\n\n<p class=\"wp-block-paragraph\">El padre Christoph Horn, que lleva mucho tiempo acompa\u00f1ando a la Familia de Schoenstatt croata y es rector del Santuario, dio una c\u00e1lida bienvenida a los peregrinos y present\u00f3 el programa del d\u00eda.<\/p>\n\n\n\n<p class=\"wp-block-paragraph\">La solemne celebraci\u00f3n eucar\u00edstica en el altar de verano fue presidida por el obispo Bo\u017ee Rado\u0161, de Vara\u017edin. Concelebraron numerosos sacerdotes, entre ellos Mons. \u00c1lvaro Ernesto Isurieta Y Sea, secretario de la Nunciatura Apost\u00f3lica en Croacia. Es originario de Argentina y pertenece a la Federaci\u00f3n de Sacerdotes de Schoenstatt.<\/p>\n\n\n\n<div style=\"height:25px\" aria-hidden=\"true\" class=\"wp-block-spacer\"><\/div>\n\n\n\n<h2 id=\"h-la-corona-que-en-realidad-es-el-corazon\" class=\"wp-block-heading has-medium-font-size\">La corona, que en realidad es el coraz\u00f3n<\/h2>\n\n\n\n<p class=\"wp-block-paragraph\">En su homil\u00eda, el obispo Bo\u017ee invit\u00f3 a que, ante las cruces de la vida, no nos limit\u00e1ramos a preguntarnos:<em> \u00ab\u00bfPor qu\u00e9 precisamente esta cruz?\u00bb<\/em>. M\u00e1s bien, debemos reconocer que precisamente la cruz es la clave de nuestra salvaci\u00f3n.<\/p>\n\n\n\n<p class=\"wp-block-paragraph\">Refiri\u00e9ndose a la Reina de los Corazones, dijo:<\/p>\n\n\n\n<p class=\"wp-block-paragraph\"><em>\u00abEl coraz\u00f3n de la Madre de Dios est\u00e1 coronado y en su coraz\u00f3n surge la corona\u00bb.<\/em><\/p>\n\n\n\n<p class=\"wp-block-paragraph\">Y record\u00f3:<\/p>\n\n\n\n<p class=\"wp-block-paragraph\"><em>\u00abLa primera palabra grabada en el alma de Mar\u00eda es: \u201c\u00a1Al\u00e9grate, llena de gracia! \u00a1Al\u00e9grate, porque el Se\u00f1or est\u00e1 contigo\u201d! Mar\u00eda quiere depositar en nuestro coraz\u00f3n lo que ha llevado y sigue llevando en el suyo: a su amado Hijo. Mar\u00eda es la Reina de los corazones, que nos invita a lo que Dios mismo la ha llamado: a la alegr\u00eda cristiana\u00bb.<\/em><\/p>\n\n\n\n<p class=\"wp-block-paragraph\">Y continu\u00f3: <em>\u00abCoronar a Mar\u00eda no significa solo ponerle una corona exterior. Significa entregarle nuestro coraz\u00f3n y nuestra vida y permitirle que sea reina en ellos\u00bb.<\/em><\/p>\n\n\n\n<div style=\"height:29px\" aria-hidden=\"true\" class=\"wp-block-spacer\"><\/div>\n\n\n\n<figure class=\"wp-block-image aligncenter size-full is-resized\"><img decoding=\"async\" width=\"935\" height=\"626\" src=\"https:\/\/schoenstatt.com\/wp-content\/uploads\/2026\/09\/Croatia-Bishop-Boze-Rados.webp\" alt=\"\" class=\"wp-image-72213\" style=\"aspect-ratio:1.4936258350593659;width:592px;height:auto\" srcset=\"https:\/\/schoenstatt.com\/wp-content\/uploads\/2026\/09\/Croatia-Bishop-Boze-Rados.webp 935w, https:\/\/schoenstatt.com\/wp-content\/uploads\/2026\/09\/Croatia-Bishop-Boze-Rados-768x514.webp 768w\" sizes=\"(max-width: 935px) 100vw, 935px\" \/><figcaption class=\"wp-element-caption\">Obispo Bo\u017ee Rado\u0161<\/figcaption><\/figure>\n\n\n\n<div style=\"height:27px\" aria-hidden=\"true\" class=\"wp-block-spacer\"><\/div>\n\n\n\n<p class=\"wp-block-paragraph\">Adem\u00e1s de la Hna. M. Ramona Schneider y la Hna. Mariana Hermann, particip\u00f3 en la celebraci\u00f3n la superiora provincial de la Provincia Din\u00e1mica de Schoenstatt, Hna. M. Anke Rechtien. Esto nos hizo sentir unidos al lugar de origen, a la fuente y, al mismo tiempo, a toda la familia internacional de Schoenstatt.<\/p>\n\n\n\n<p class=\"wp-block-paragraph\">Entre los invitados se encontraban, adem\u00e1s, representantes de la vida p\u00fablica y de las autoridades locales.<\/p>\n\n\n\n<div style=\"height:25px\" aria-hidden=\"true\" class=\"wp-block-spacer\"><\/div>\n\n\n\n<h2 id=\"h-donde-arden-los-corazones-crece-el-futuro\" class=\"wp-block-heading has-medium-font-size\">Donde arden los corazones, crece el futuro<\/h2>\n\n\n\n<p class=\"wp-block-paragraph\">Este fue el lema del programa de la tarde.<\/p>\n\n\n\n<p class=\"wp-block-paragraph\">Lo organiz\u00f3 la Hna. M. Ramona Schneider en colaboraci\u00f3n con varios miembros de Schoenstatt. El punto central fue la historia de la Familia de Schoenstatt croata, conocida en croata como <strong>H\u0160O.<\/strong><\/p>\n\n\n\n<p class=\"wp-block-paragraph\"><strong>H &#8211; Hrvatska (Croacia)<\/strong>. Hemos contemplado nuestro hermoso pa\u00eds, Croacia. Un pa\u00eds no solo de extraordinaria belleza, sino, sobre todo, un pa\u00eds con un gran coraz\u00f3n: un coraz\u00f3n que late por Dios, la familia, la libertad y la patria.<\/p>\n\n\n\n<p class=\"wp-block-paragraph\"><strong>\u0160 &#8211; \u0160enstat (Schoenstatt)<\/strong>. Hemos recordado qui\u00e9nes trajeron Schoenstatt a Croacia: el padre Rudolf Chrysostomus Grill, la se\u00f1ora Hedwig Mar\u00eda Weinzierl, el padre Christoph Horn, las Hermanas de Mar\u00eda de Schoenstatt: la Hna. Mariana y la Hna. M. Ramona, y muchos otros.<\/p>\n\n\n\n<p class=\"wp-block-paragraph\"><strong>O &#8211; obitelj (familia)<\/strong>. Nos hemos alegrado por nuestros pioneros, que hicieron suya la espiritualidad de Schoenstatt en nuestro pa\u00eds y contagiaron su entusiasmo a muchos otros. Pensamos sobre todo en monse\u00f1or Ivan \u0160e\u0161o y en la Hna. Mirjana Kukuljan, que trabaj\u00f3 para Schoenstatt como carmelita y a quien sus superiores eximieron de sus obligaciones para ello.<\/p>\n\n\n\n<div style=\"height:26px\" aria-hidden=\"true\" class=\"wp-block-spacer\"><\/div>\n\n\n\n<figure class=\"wp-block-image aligncenter size-full is-resized\"><img decoding=\"async\" width=\"1147\" height=\"1346\" src=\"https:\/\/schoenstatt.com\/wp-content\/uploads\/2026\/09\/Croacia-Croatia-2026-b.webp\" alt=\"\" class=\"wp-image-72187\" style=\"aspect-ratio:0.852168702772877;width:552px;height:auto\" srcset=\"https:\/\/schoenstatt.com\/wp-content\/uploads\/2026\/09\/Croacia-Croatia-2026-b.webp 1147w, https:\/\/schoenstatt.com\/wp-content\/uploads\/2026\/09\/Croacia-Croatia-2026-b-768x901.webp 768w\" sizes=\"(max-width: 1147px) 100vw, 1147px\" \/><\/figure>\n\n\n\n<div style=\"height:24px\" aria-hidden=\"true\" class=\"wp-block-spacer\"><\/div>\n\n\n\n<p class=\"wp-block-paragraph\">En todo ello qued\u00f3 claro: la familia de Schoenstatt en Croacia no surgi\u00f3 de la noche a la ma\u00f1ana. Ha crecido a lo largo de d\u00e9cadas, gracias a personas que creyeron, rezaron, tomaron decisiones, hicieron sacrificios y repitieron una y otra vez su \u00abs\u00ed\u00bb.<\/p>\n\n\n\n<p class=\"wp-block-paragraph\">As\u00ed fue como, poco a poco, pudo surgir una familia en la Alianza de Amor.<\/p>\n\n\n\n<p class=\"wp-block-paragraph\">Una frase resumi\u00f3 esta experiencia de manera especialmente acertada: <strong>Si nosotros mismos ardemos por Schoenstatt, tambi\u00e9n encenderemos a otros.<\/strong><\/p>\n\n\n\n<div style=\"height:25px\" aria-hidden=\"true\" class=\"wp-block-spacer\"><\/div>\n\n\n\n<h2 id=\"h-dios-escribe-la-historia-a-menudo-en-lugares-discretos\" class=\"wp-block-heading has-medium-font-size\">Dios escribe la historia a menudo en lugares discretos<\/h2>\n\n\n\n<p class=\"wp-block-paragraph\">Otra parte del programa se centr\u00f3 en la historia del Santuario de Mala Subotica.<\/p>\n\n\n\n<p class=\"wp-block-paragraph\">En un peque\u00f1o terreno, a primera vista anodino, surgi\u00f3 el primer Santuario filial de Schoenstatt en Croacia. Hoy en d\u00eda, este lugar se ha convertido para muchas personas en un hogar espiritual, un lugar de oraci\u00f3n y de encuentro en la Alianza de Amor.<\/p>\n\n\n\n<p class=\"wp-block-paragraph\">Al echar la vista atr\u00e1s, reconocemos claramente \u00abel dedo de Dios\u00bb: su gu\u00eda a lo largo de muchas d\u00e9cadas, desde el Santuario de piedra hasta el Santuario del coraz\u00f3n.<\/p>\n\n\n\n<p class=\"wp-block-paragraph\">El Santuario de Mala Subotica nos recuerda, al mismo tiempo, una profunda experiencia de Schoenstatt: <strong>el ser humano necesita un hogar y un refugio en un coraz\u00f3n noble.<\/strong><\/p>\n\n\n\n<div style=\"height:25px\" aria-hidden=\"true\" class=\"wp-block-spacer\"><\/div>\n\n\n\n<h2 id=\"h-mi-corazon-tu-santuario\" class=\"wp-block-heading has-medium-font-size\">\u00abMi coraz\u00f3n, tu Santuario\u00bb<\/h2>\n\n\n\n<p class=\"wp-block-paragraph\">Un momento especial de la tarde fue una oraci\u00f3n a la Reina de los Corazones. En las invocaciones se dieron las gracias a Mar\u00eda por su gu\u00eda y su presencia.<\/p>\n\n\n\n<p class=\"wp-block-paragraph\">Le dimos las gracias por haber elegido este terreno en Mala Subotica para establecer aqu\u00ed su morada junto a su Hijo. El terreno tiene forma de tri\u00e1ngulo, en el que la forma del coraz\u00f3n se ha encajado casi por s\u00ed sola. El Santuario en medio de un coraz\u00f3n de cipreses: un signo elocuente de que a la Reina de los Corazones le gusta, m\u00e1s que todo, establecerse en los corazones de las personas.<\/p>\n\n\n\n<p class=\"wp-block-paragraph\">As\u00ed, una frase se convirti\u00f3 en la expresi\u00f3n de nuestra historia com\u00fan: \u00ab\u00a1Mi coraz\u00f3n, tu Santuario!\u00bb.<\/p>\n\n\n\n<div style=\"height:25px\" aria-hidden=\"true\" class=\"wp-block-spacer\"><\/div>\n\n\n\n<h2 id=\"h-la-corona-a-la-luz-del-sol\" class=\"wp-block-heading has-medium-font-size\">La corona a la luz del sol<\/h2>\n\n\n\n<p class=\"wp-block-paragraph\">Especialmente impresionante fue la procesi\u00f3n que, durante el programa de la tarde, condujo desde el Santuario hasta el llamado \u00abaltar de verano\u00bb.<\/p>\n\n\n\n<div style=\"height:30px\" aria-hidden=\"true\" class=\"wp-block-spacer\"><\/div>\n\n\n\n<figure class=\"wp-block-image aligncenter size-full is-resized\"><img loading=\"lazy\" decoding=\"async\" width=\"737\" height=\"674\" src=\"https:\/\/schoenstatt.com\/wp-content\/uploads\/2026\/09\/Croacia-Croatia-2026-e.webp\" alt=\"\" class=\"wp-image-72218\" style=\"width:549px;height:auto\"\/><\/figure>\n\n\n\n<div style=\"height:29px\" aria-hidden=\"true\" class=\"wp-block-spacer\"><\/div>\n\n\n\n<p class=\"wp-block-paragraph\">Ni\u00f1os y adultos llevaban banderas de Schoenstatt. Detr\u00e1s, cuatro hombres de nuestra familia de Schoenstatt llevaban una r\u00e9plica de la corona original <strong>\u2014una corona que uno de los padres de nuestra familia hab\u00eda fabricado con una granada de la \u00faltima guerra civil de los a\u00f1os 90\u2014.<\/strong><\/p>\n\n\n\n<p class=\"wp-block-paragraph\">El sol se hab\u00eda ocultado tras las nubes durante casi todo el d\u00eda. As\u00ed, los peregrinos pudieron celebrar esta fiesta especial en el Santuario con una temperatura agradable. Pero justo cuando la procesi\u00f3n lleg\u00f3 al altar de verano, el sol se abri\u00f3 paso entre las nubes y dej\u00f3 caer sus rayos sobre la corona. Fue como si la propia Mar\u00eda, a trav\u00e9s de este peque\u00f1o gesto, dijera:<\/p>\n\n\n\n<p class=\"wp-block-paragraph\"><em>\u00abAunque solo sea una r\u00e9plica, la har\u00e9 brillar y la dorar\u00e9 con mis rayos\u00bb.<\/em><\/p>\n\n\n\n<p class=\"wp-block-paragraph\">Y, efectivamente, la corona se ilumin\u00f3 con los rayos del sol. Para muchos fue un momento de silencio y emoci\u00f3n.<\/p>\n\n\n\n<p class=\"wp-block-paragraph\">A continuaci\u00f3n, rezamos juntos la oraci\u00f3n de renovaci\u00f3n de la coronaci\u00f3n.<\/p>\n\n\n\n<div style=\"height:25px\" aria-hidden=\"true\" class=\"wp-block-spacer\"><\/div>\n\n\n\n<h2 id=\"h-mas-de-600-imagenes-de-la-virgen-peregrina\" class=\"wp-block-heading has-medium-font-size\">M\u00e1s de 600 im\u00e1genes de la Virgen Peregrina<\/h2>\n\n\n\n<p class=\"wp-block-paragraph\">Otro momento destacado fue la bendici\u00f3n de las im\u00e1genes de la Virgen Peregrina.<\/p>\n\n\n\n<p class=\"wp-block-paragraph\">M\u00e1s de 600 im\u00e1genes procedentes de numerosas di\u00f3cesis croatas pod\u00edan verse dispuestas en una larga fila de mesas. Detr\u00e1s de cada imagen hay personas, familias y comunidades que, mes tras mes, abren su hogar a Mar\u00eda, comparten su vida con ella y viven sus experiencias junto a ella. Despu\u00e9s de la bendici\u00f3n, las im\u00e1genes emprendieron de nuevo el camino: de vuelta a los hogares y a las familias, hacia las personas.<\/p>\n\n\n\n<p class=\"wp-block-paragraph\">As\u00ed, el Santuario de Mala Subotica cobra vida mucho m\u00e1s all\u00e1 de su ubicaci\u00f3n f\u00edsica.<\/p>\n\n\n\n<div style=\"height:32px\" aria-hidden=\"true\" class=\"wp-block-spacer\"><\/div>\n\n\n\n<figure class=\"wp-block-gallery has-nested-images columns-default is-cropped wp-block-gallery-1 is-layout-flex wp-block-gallery-is-layout-flex\">\n<figure class=\"wp-block-image size-large\"><img loading=\"lazy\" decoding=\"async\" width=\"1200\" height=\"816\" data-id=\"72203\" src=\"https:\/\/schoenstatt.com\/wp-content\/uploads\/2026\/09\/Croacia-Croatia-2026.webp\" alt=\"\" class=\"wp-image-72203\" srcset=\"https:\/\/schoenstatt.com\/wp-content\/uploads\/2026\/09\/Croacia-Croatia-2026.webp 1200w, https:\/\/schoenstatt.com\/wp-content\/uploads\/2026\/09\/Croacia-Croatia-2026-768x522.webp 768w\" sizes=\"(max-width: 1200px) 100vw, 1200px\" \/><figcaption class=\"wp-element-caption\">Foto destacada: medjimurski.hr<\/figcaption><\/figure>\n<\/figure>\n\n\n\n<div style=\"height:25px\" aria-hidden=\"true\" class=\"wp-block-spacer\"><\/div>\n\n\n\n<h2 id=\"h-en-el-centro-cristo\" class=\"wp-block-heading has-medium-font-size\">En el centro: Cristo<\/h2>\n\n\n\n<p class=\"wp-block-paragraph\">En un aniversario hay mucho que contar: de personas, de historias, de encuentros, de gratitud y de lo que ha ido creciendo.<\/p>\n\n\n\n<p class=\"wp-block-paragraph\">Pero, en medio de todo ello, tambi\u00e9n hubo un momento de silencio.<\/p>\n\n\n\n<p class=\"wp-block-paragraph\">Durante la adoraci\u00f3n ante el Sant\u00edsimo Sacramento, dirigida por el padre Christoph Horn, todo volvi\u00f3 a centrarse en lo esencial: <strong>Cristo.<\/strong><\/p>\n\n\n\n<p class=\"wp-block-paragraph\">Porque Mar\u00eda siempre nos conduce a su Hijo.<\/p>\n\n\n\n<p class=\"wp-block-paragraph\">Despu\u00e9s de todo lo que se dijo, se cant\u00f3 y se celebr\u00f3, qued\u00f3 ese momento en el que ya no hacen falta muchas palabras: simplemente estar ante \u00c9l, darle las gracias, encomendarse a \u00c9l y escucharle.<\/p>\n\n\n\n<div style=\"height:25px\" aria-hidden=\"true\" class=\"wp-block-spacer\"><\/div>\n\n\n\n<h2 id=\"h-que-vamos-a-transmitir\" class=\"wp-block-heading has-medium-font-size\">\u00bfQu\u00e9 vamos a transmitir?<\/h2>\n\n\n\n<p class=\"wp-block-paragraph\">El aniversario no fue solo una celebraci\u00f3n del pasado. Tambi\u00e9n se convirti\u00f3 en una pregunta para el futuro: <strong>\u00bfqu\u00e9 dejaremos a quienes vengan despu\u00e9s de nosotros?<\/strong><\/p>\n\n\n\n<p class=\"wp-block-paragraph\">La Familia de Schoenstatt de Croacia puede mirar con gratitud los cimientos que han puesto las generaciones anteriores. Ninguna contribuci\u00f3n, por peque\u00f1a que sea, ni ning\u00fan sacrificio ofrecido por amor e incorporado al capital de gracias, se ha perdido.<\/p>\n\n\n\n<p class=\"wp-block-paragraph\">Quiz\u00e1s el objetivo de los pr\u00f3ximos 25 a\u00f1os se pueda resumir en una frase:<\/p>\n\n\n\n<div style=\"height:25px\" aria-hidden=\"true\" class=\"wp-block-spacer\"><\/div>\n\n\n\n<figure class=\"wp-block-pullquote has-medium-font-size\" style=\"border-top-color:var(--wp--preset--color--luminous-vivid-orange);border-top-style:solid;border-top-width:1px;border-bottom-color:var(--wp--preset--color--luminous-vivid-orange);border-bottom-style:solid;border-bottom-width:1px;font-style:italic;font-weight:300\"><blockquote><p>Tener un hogar en el coraz\u00f3n, vivir de la Alianza de Amor con la Madre Tres Veces Admirable y contribuir as\u00ed a la renovaci\u00f3n del mundo.<br>\u00a1Reina de los corazones, sigue guiando a nuestra Familia de Schoenstatt croata!<br>Madre, Reina y Victoriosa tres veces Admirable de Schoenstatt, haz de nuestros corazones tu Santuario y gu\u00edanos juntos hacia el futuro.<\/p><\/blockquote><\/figure>\n\n\n\n<div style=\"height:25px\" aria-hidden=\"true\" class=\"wp-block-spacer\"><\/div>\n\n\n\n<p class=\"wp-block-paragraph\">S\u00ed, y al final hubo una larga despedida. Cada comunidad local quer\u00eda tomarse una foto por separado. Y como nuestra coordinadora de Zagreb es, al mismo tiempo, presentadora de nuestro programa de radio mensual en Radio Marija, titulado \u00abSchoenstatt, ese soy yo\u00bb, muchas de nuestras fotos tambi\u00e9n se pueden ver all\u00ed, en la p\u00e1gina web &#8211; <a href=\"https:\/\/radiomarija.hr\/2026\/08\/25\/slavlje-obljetnica-u-svetistu-kraljice-srca-u-maloj-subotici\/\" target=\"_blank\" rel=\"noreferrer noopener\">haz clic aqu\u00ed.<\/a><\/p>\n\n\n\n<div style=\"height:26px\" aria-hidden=\"true\" class=\"wp-block-spacer\"><\/div>\n\n\n\n<figure class=\"wp-block-gallery has-nested-images columns-default is-cropped wp-block-gallery-2 is-layout-flex wp-block-gallery-is-layout-flex\">\n<figure class=\"wp-block-image size-large\"><img loading=\"lazy\" decoding=\"async\" width=\"390\" height=\"585\" data-id=\"72197\" src=\"https:\/\/schoenstatt.com\/wp-content\/uploads\/2026\/09\/Croacia-Croatia-2026-d.webp\" alt=\"\" class=\"wp-image-72197\"\/><\/figure>\n\n\n\n<figure class=\"wp-block-image size-large\"><img loading=\"lazy\" decoding=\"async\" width=\"390\" height=\"586\" data-id=\"72192\" src=\"https:\/\/schoenstatt.com\/wp-content\/uploads\/2026\/09\/Croacia-Croatia-2026-c.webp\" alt=\"\" class=\"wp-image-72192\"\/><\/figure>\n<\/figure>\n","protected":false},"excerpt":{"rendered":"<p>En la celebraci\u00f3n realizada en Mala Subotica participaron 1.500 schoenstattianos de diversas regiones de Croacia y de Bosnia y Herzegovina.<\/p>\n","protected":false},"author":3,"featured_media":72207,"comment_status":"closed","ping_status":"closed","sticky":false,"template":"","format":"standard","meta":{"footnotes":""},"categories":[873,790],"tags":[227],"class_list":["post-72237","post","type-post","status-publish","format-standard","has-post-thumbnail","hentry","category-europa-es","category-paises-es","tag-schoenstatt-croacia-es"],"yoast_head":"<!-- This site is optimized with the Yoast SEO Premium plugin v28.1 (Yoast SEO v28.4) - https:\/\/yoast.com\/product\/yoast-seo-premium-wordpress\/ -->\n<title>La Familia de Schoenstatt de Croacia celebra su 25.\u00ba aniversario - Schoenstatt<\/title>\n<meta name=\"description\" content=\"En la celebraci\u00f3n realizada en Mala Subotica participaron 1.500 schoenstattianos de diversas regiones de Croacia y de Bosnia y Herzegovina.\" \/>\n<meta name=\"robots\" content=\"index, follow, max-snippet:-1, max-image-preview:large, max-video-preview:-1\" \/>\n<link rel=\"canonical\" href=\"https:\/\/schoenstatt.com\/es\/la-familia-de-schoenstatt-de-croacia-celebra-su-25-o-aniversario\/\" \/>\n<meta property=\"og:locale\" content=\"es_ES\" \/>\n<meta property=\"og:type\" content=\"article\" \/>\n<meta property=\"og:title\" content=\"La Familia de Schoenstatt de Croacia celebra su 25.\u00ba aniversario\" \/>\n<meta property=\"og:description\" content=\"En la celebraci\u00f3n realizada en Mala Subotica participaron 1.500 schoenstattianos de diversas regiones de Croacia y de Bosnia y Herzegovina.\" \/>\n<meta property=\"og:url\" content=\"https:\/\/schoenstatt.com\/es\/la-familia-de-schoenstatt-de-croacia-celebra-su-25-o-aniversario\/\" \/>\n<meta property=\"og:site_name\" content=\"Schoenstatt\" \/>\n<meta property=\"article:published_time\" content=\"2026-09-02T12:45:35+00:00\" \/>\n<meta property=\"article:modified_time\" content=\"2026-09-02T13:34:38+00:00\" \/>\n<meta property=\"og:image\" content=\"https:\/\/schoenstatt.com\/wp-content\/uploads\/2026\/09\/Croacia-Croatia-2026.webp\" \/>\n\t<meta property=\"og:image:width\" content=\"1200\" \/>\n\t<meta property=\"og:image:height\" content=\"816\" \/>\n\t<meta property=\"og:image:type\" content=\"image\/jpeg\" \/>\n<meta name=\"author\" content=\"Karen Bueno\" \/>\n<meta name=\"twitter:card\" content=\"summary_large_image\" \/>\n<meta name=\"twitter:label1\" content=\"Escrito por\" \/>\n\t<meta name=\"twitter:data1\" content=\"Karen Bueno\" \/>\n\t<meta name=\"twitter:label2\" content=\"Tiempo de lectura\" \/>\n\t<meta name=\"twitter:data2\" content=\"11 minutos\" \/>\n<script type=\"application\/ld+json\" class=\"yoast-schema-graph\">{\"@context\":\"https:\\\/\\\/schema.org\",\"@graph\":[{\"@type\":\"Article\",\"@id\":\"https:\\\/\\\/schoenstatt.com\\\/es\\\/la-familia-de-schoenstatt-de-croacia-celebra-su-25-o-aniversario\\\/#article\",\"isPartOf\":{\"@id\":\"https:\\\/\\\/schoenstatt.com\\\/es\\\/la-familia-de-schoenstatt-de-croacia-celebra-su-25-o-aniversario\\\/\"},\"author\":{\"name\":\"Karen Bueno\",\"@id\":\"https:\\\/\\\/schoenstatt.com\\\/es\\\/#\\\/schema\\\/person\\\/5158877ad4acae98b34daaeef2a1ce6e\"},\"headline\":\"La Familia de Schoenstatt de Croacia celebra su 25.\u00ba aniversario\",\"datePublished\":\"2026-09-02T12:45:35+00:00\",\"dateModified\":\"2026-09-02T13:34:38+00:00\",\"mainEntityOfPage\":{\"@id\":\"https:\\\/\\\/schoenstatt.com\\\/es\\\/la-familia-de-schoenstatt-de-croacia-celebra-su-25-o-aniversario\\\/\"},\"wordCount\":1809,\"publisher\":{\"@id\":\"https:\\\/\\\/schoenstatt.com\\\/es\\\/#organization\"},\"image\":{\"@id\":\"https:\\\/\\\/schoenstatt.com\\\/es\\\/la-familia-de-schoenstatt-de-croacia-celebra-su-25-o-aniversario\\\/#primaryimage\"},\"thumbnailUrl\":\"https:\\\/\\\/schoenstatt.com\\\/wp-content\\\/uploads\\\/2026\\\/09\\\/Croacia-Croatia-2026.webp\",\"keywords\":[\"Schoenstatt Croacia\"],\"articleSection\":[\"Europa\",\"Pa\u00edses\"],\"inLanguage\":\"es\"},{\"@type\":\"WebPage\",\"@id\":\"https:\\\/\\\/schoenstatt.com\\\/es\\\/la-familia-de-schoenstatt-de-croacia-celebra-su-25-o-aniversario\\\/\",\"url\":\"https:\\\/\\\/schoenstatt.com\\\/es\\\/la-familia-de-schoenstatt-de-croacia-celebra-su-25-o-aniversario\\\/\",\"name\":\"La Familia de Schoenstatt de Croacia celebra su 25.\u00ba aniversario - Schoenstatt\",\"isPartOf\":{\"@id\":\"https:\\\/\\\/schoenstatt.com\\\/es\\\/#website\"},\"primaryImageOfPage\":{\"@id\":\"https:\\\/\\\/schoenstatt.com\\\/es\\\/la-familia-de-schoenstatt-de-croacia-celebra-su-25-o-aniversario\\\/#primaryimage\"},\"image\":{\"@id\":\"https:\\\/\\\/schoenstatt.com\\\/es\\\/la-familia-de-schoenstatt-de-croacia-celebra-su-25-o-aniversario\\\/#primaryimage\"},\"thumbnailUrl\":\"https:\\\/\\\/schoenstatt.com\\\/wp-content\\\/uploads\\\/2026\\\/09\\\/Croacia-Croatia-2026.webp\",\"datePublished\":\"2026-09-02T12:45:35+00:00\",\"dateModified\":\"2026-09-02T13:34:38+00:00\",\"description\":\"En la celebraci\u00f3n realizada en Mala Subotica participaron 1.500 schoenstattianos de diversas regiones de Croacia y de Bosnia y Herzegovina.\",\"breadcrumb\":{\"@id\":\"https:\\\/\\\/schoenstatt.com\\\/es\\\/la-familia-de-schoenstatt-de-croacia-celebra-su-25-o-aniversario\\\/#breadcrumb\"},\"inLanguage\":\"es\",\"potentialAction\":[{\"@type\":\"ReadAction\",\"target\":[\"https:\\\/\\\/schoenstatt.com\\\/es\\\/la-familia-de-schoenstatt-de-croacia-celebra-su-25-o-aniversario\\\/\"]}]},{\"@type\":\"ImageObject\",\"inLanguage\":\"es\",\"@id\":\"https:\\\/\\\/schoenstatt.com\\\/es\\\/la-familia-de-schoenstatt-de-croacia-celebra-su-25-o-aniversario\\\/#primaryimage\",\"url\":\"https:\\\/\\\/schoenstatt.com\\\/wp-content\\\/uploads\\\/2026\\\/09\\\/Croacia-Croatia-2026.webp\",\"contentUrl\":\"https:\\\/\\\/schoenstatt.com\\\/wp-content\\\/uploads\\\/2026\\\/09\\\/Croacia-Croatia-2026.webp\",\"width\":1200,\"height\":816},{\"@type\":\"BreadcrumbList\",\"@id\":\"https:\\\/\\\/schoenstatt.com\\\/es\\\/la-familia-de-schoenstatt-de-croacia-celebra-su-25-o-aniversario\\\/#breadcrumb\",\"itemListElement\":[{\"@type\":\"ListItem\",\"position\":1,\"name\":\"Portada\",\"item\":\"https:\\\/\\\/schoenstatt.com\\\/es\\\/home\\\/\"},{\"@type\":\"ListItem\",\"position\":2,\"name\":\"La Familia de Schoenstatt de Croacia celebra su 25.\u00ba aniversario\"}]},{\"@type\":\"WebSite\",\"@id\":\"https:\\\/\\\/schoenstatt.com\\\/es\\\/#website\",\"url\":\"https:\\\/\\\/schoenstatt.com\\\/es\\\/\",\"name\":\"Schoenstatt\",\"description\":\"Apostolic Movement\",\"publisher\":{\"@id\":\"https:\\\/\\\/schoenstatt.com\\\/es\\\/#organization\"},\"potentialAction\":[{\"@type\":\"SearchAction\",\"target\":{\"@type\":\"EntryPoint\",\"urlTemplate\":\"https:\\\/\\\/schoenstatt.com\\\/es\\\/?s={search_term_string}\"},\"query-input\":{\"@type\":\"PropertyValueSpecification\",\"valueRequired\":true,\"valueName\":\"search_term_string\"}}],\"inLanguage\":\"es\"},{\"@type\":\"Organization\",\"@id\":\"https:\\\/\\\/schoenstatt.com\\\/es\\\/#organization\",\"name\":\"Schoenstatt\",\"url\":\"https:\\\/\\\/schoenstatt.com\\\/es\\\/\",\"logo\":{\"@type\":\"ImageObject\",\"inLanguage\":\"es\",\"@id\":\"https:\\\/\\\/schoenstatt.com\\\/es\\\/#\\\/schema\\\/logo\\\/image\\\/\",\"url\":\"https:\\\/\\\/schoenstatt.com\\\/wp-content\\\/uploads\\\/2025\\\/04\\\/logo-schoenstatt-white-696x696-1.png\",\"contentUrl\":\"https:\\\/\\\/schoenstatt.com\\\/wp-content\\\/uploads\\\/2025\\\/04\\\/logo-schoenstatt-white-696x696-1.png\",\"width\":696,\"height\":694,\"caption\":\"Schoenstatt\"},\"image\":{\"@id\":\"https:\\\/\\\/schoenstatt.com\\\/es\\\/#\\\/schema\\\/logo\\\/image\\\/\"}},{\"@type\":\"Person\",\"@id\":\"https:\\\/\\\/schoenstatt.com\\\/es\\\/#\\\/schema\\\/person\\\/5158877ad4acae98b34daaeef2a1ce6e\",\"name\":\"Karen Bueno\",\"image\":{\"@type\":\"ImageObject\",\"inLanguage\":\"es\",\"@id\":\"https:\\\/\\\/secure.gravatar.com\\\/avatar\\\/f9f4b823873154269d2b2130f195f6d41037dd0d7fc5f3cacb5c846bae70d66b?s=96&d=mm&r=g\",\"url\":\"https:\\\/\\\/secure.gravatar.com\\\/avatar\\\/f9f4b823873154269d2b2130f195f6d41037dd0d7fc5f3cacb5c846bae70d66b?s=96&d=mm&r=g\",\"contentUrl\":\"https:\\\/\\\/secure.gravatar.com\\\/avatar\\\/f9f4b823873154269d2b2130f195f6d41037dd0d7fc5f3cacb5c846bae70d66b?s=96&d=mm&r=g\",\"caption\":\"Karen Bueno\"},\"url\":\"https:\\\/\\\/schoenstatt.com\\\/es\\\/author\\\/karen-bueno\\\/\"}]}<\/script>\n<!-- \/ Yoast SEO Premium plugin. -->","yoast_head_json":{"title":"La Familia de Schoenstatt de Croacia celebra su 25.\u00ba aniversario - Schoenstatt","description":"En la celebraci\u00f3n realizada en Mala Subotica participaron 1.500 schoenstattianos de diversas regiones de Croacia y de Bosnia y Herzegovina.","robots":{"index":"index","follow":"follow","max-snippet":"max-snippet:-1","max-image-preview":"max-image-preview:large","max-video-preview":"max-video-preview:-1"},"canonical":"https:\/\/schoenstatt.com\/es\/la-familia-de-schoenstatt-de-croacia-celebra-su-25-o-aniversario\/","og_locale":"es_ES","og_type":"article","og_title":"La Familia de Schoenstatt de Croacia celebra su 25.\u00ba aniversario","og_description":"En la celebraci\u00f3n realizada en Mala Subotica participaron 1.500 schoenstattianos de diversas regiones de Croacia y de Bosnia y Herzegovina.","og_url":"https:\/\/schoenstatt.com\/es\/la-familia-de-schoenstatt-de-croacia-celebra-su-25-o-aniversario\/","og_site_name":"Schoenstatt","article_published_time":"2026-09-02T12:45:35+00:00","article_modified_time":"2026-09-02T13:34:38+00:00","og_image":[{"width":1200,"height":816,"url":"https:\/\/schoenstatt.com\/wp-content\/uploads\/2026\/09\/Croacia-Croatia-2026.webp","type":"image\/jpeg"}],"author":"Karen Bueno","twitter_card":"summary_large_image","twitter_misc":{"Escrito por":"Karen Bueno","Tiempo de lectura":"11 minutos"},"schema":{"@context":"https:\/\/schema.org","@graph":[{"@type":"Article","@id":"https:\/\/schoenstatt.com\/es\/la-familia-de-schoenstatt-de-croacia-celebra-su-25-o-aniversario\/#article","isPartOf":{"@id":"https:\/\/schoenstatt.com\/es\/la-familia-de-schoenstatt-de-croacia-celebra-su-25-o-aniversario\/"},"author":{"name":"Karen Bueno","@id":"https:\/\/schoenstatt.com\/es\/#\/schema\/person\/5158877ad4acae98b34daaeef2a1ce6e"},"headline":"La Familia de Schoenstatt de Croacia celebra su 25.\u00ba aniversario","datePublished":"2026-09-02T12:45:35+00:00","dateModified":"2026-09-02T13:34:38+00:00","mainEntityOfPage":{"@id":"https:\/\/schoenstatt.com\/es\/la-familia-de-schoenstatt-de-croacia-celebra-su-25-o-aniversario\/"},"wordCount":1809,"publisher":{"@id":"https:\/\/schoenstatt.com\/es\/#organization"},"image":{"@id":"https:\/\/schoenstatt.com\/es\/la-familia-de-schoenstatt-de-croacia-celebra-su-25-o-aniversario\/#primaryimage"},"thumbnailUrl":"https:\/\/schoenstatt.com\/wp-content\/uploads\/2026\/09\/Croacia-Croatia-2026.webp","keywords":["Schoenstatt Croacia"],"articleSection":["Europa","Pa\u00edses"],"inLanguage":"es"},{"@type":"WebPage","@id":"https:\/\/schoenstatt.com\/es\/la-familia-de-schoenstatt-de-croacia-celebra-su-25-o-aniversario\/","url":"https:\/\/schoenstatt.com\/es\/la-familia-de-schoenstatt-de-croacia-celebra-su-25-o-aniversario\/","name":"La Familia de Schoenstatt de Croacia celebra su 25.\u00ba aniversario - Schoenstatt","isPartOf":{"@id":"https:\/\/schoenstatt.com\/es\/#website"},"primaryImageOfPage":{"@id":"https:\/\/schoenstatt.com\/es\/la-familia-de-schoenstatt-de-croacia-celebra-su-25-o-aniversario\/#primaryimage"},"image":{"@id":"https:\/\/schoenstatt.com\/es\/la-familia-de-schoenstatt-de-croacia-celebra-su-25-o-aniversario\/#primaryimage"},"thumbnailUrl":"https:\/\/schoenstatt.com\/wp-content\/uploads\/2026\/09\/Croacia-Croatia-2026.webp","datePublished":"2026-09-02T12:45:35+00:00","dateModified":"2026-09-02T13:34:38+00:00","description":"En la celebraci\u00f3n realizada en Mala Subotica participaron 1.500 schoenstattianos de diversas regiones de Croacia y de Bosnia y Herzegovina.","breadcrumb":{"@id":"https:\/\/schoenstatt.com\/es\/la-familia-de-schoenstatt-de-croacia-celebra-su-25-o-aniversario\/#breadcrumb"},"inLanguage":"es","potentialAction":[{"@type":"ReadAction","target":["https:\/\/schoenstatt.com\/es\/la-familia-de-schoenstatt-de-croacia-celebra-su-25-o-aniversario\/"]}]},{"@type":"ImageObject","inLanguage":"es","@id":"https:\/\/schoenstatt.com\/es\/la-familia-de-schoenstatt-de-croacia-celebra-su-25-o-aniversario\/#primaryimage","url":"https:\/\/schoenstatt.com\/wp-content\/uploads\/2026\/09\/Croacia-Croatia-2026.webp","contentUrl":"https:\/\/schoenstatt.com\/wp-content\/uploads\/2026\/09\/Croacia-Croatia-2026.webp","width":1200,"height":816},{"@type":"BreadcrumbList","@id":"https:\/\/schoenstatt.com\/es\/la-familia-de-schoenstatt-de-croacia-celebra-su-25-o-aniversario\/#breadcrumb","itemListElement":[{"@type":"ListItem","position":1,"name":"Portada","item":"https:\/\/schoenstatt.com\/es\/home\/"},{"@type":"ListItem","position":2,"name":"La Familia de Schoenstatt de Croacia celebra su 25.\u00ba aniversario"}]},{"@type":"WebSite","@id":"https:\/\/schoenstatt.com\/es\/#website","url":"https:\/\/schoenstatt.com\/es\/","name":"Schoenstatt","description":"Apostolic Movement","publisher":{"@id":"https:\/\/schoenstatt.com\/es\/#organization"},"potentialAction":[{"@type":"SearchAction","target":{"@type":"EntryPoint","urlTemplate":"https:\/\/schoenstatt.com\/es\/?s={search_term_string}"},"query-input":{"@type":"PropertyValueSpecification","valueRequired":true,"valueName":"search_term_string"}}],"inLanguage":"es"},{"@type":"Organization","@id":"https:\/\/schoenstatt.com\/es\/#organization","name":"Schoenstatt","url":"https:\/\/schoenstatt.com\/es\/","logo":{"@type":"ImageObject","inLanguage":"es","@id":"https:\/\/schoenstatt.com\/es\/#\/schema\/logo\/image\/","url":"https:\/\/schoenstatt.com\/wp-content\/uploads\/2025\/04\/logo-schoenstatt-white-696x696-1.png","contentUrl":"https:\/\/schoenstatt.com\/wp-content\/uploads\/2025\/04\/logo-schoenstatt-white-696x696-1.png","width":696,"height":694,"caption":"Schoenstatt"},"image":{"@id":"https:\/\/schoenstatt.com\/es\/#\/schema\/logo\/image\/"}},{"@type":"Person","@id":"https:\/\/schoenstatt.com\/es\/#\/schema\/person\/5158877ad4acae98b34daaeef2a1ce6e","name":"Karen Bueno","image":{"@type":"ImageObject","inLanguage":"es","@id":"https:\/\/secure.gravatar.com\/avatar\/f9f4b823873154269d2b2130f195f6d41037dd0d7fc5f3cacb5c846bae70d66b?s=96&d=mm&r=g","url":"https:\/\/secure.gravatar.com\/avatar\/f9f4b823873154269d2b2130f195f6d41037dd0d7fc5f3cacb5c846bae70d66b?s=96&d=mm&r=g","contentUrl":"https:\/\/secure.gravatar.com\/avatar\/f9f4b823873154269d2b2130f195f6d41037dd0d7fc5f3cacb5c846bae70d66b?s=96&d=mm&r=g","caption":"Karen Bueno"},"url":"https:\/\/schoenstatt.com\/es\/author\/karen-bueno\/"}]}},"_links":{"self":[{"href":"https:\/\/schoenstatt.com\/es\/wp-json\/wp\/v2\/posts\/72237","targetHints":{"allow":["GET"]}}],"collection":[{"href":"https:\/\/schoenstatt.com\/es\/wp-json\/wp\/v2\/posts"}],"about":[{"href":"https:\/\/schoenstatt.com\/es\/wp-json\/wp\/v2\/types\/post"}],"author":[{"embeddable":true,"href":"https:\/\/schoenstatt.com\/es\/wp-json\/wp\/v2\/users\/3"}],"replies":[{"embeddable":true,"href":"https:\/\/schoenstatt.com\/es\/wp-json\/wp\/v2\/comments?post=72237"}],"version-history":[{"count":2,"href":"https:\/\/schoenstatt.com\/es\/wp-json\/wp\/v2\/posts\/72237\/revisions"}],"predecessor-version":[{"id":72239,"href":"https:\/\/schoenstatt.com\/es\/wp-json\/wp\/v2\/posts\/72237\/revisions\/72239"}],"wp:featuredmedia":[{"embeddable":true,"href":"https:\/\/schoenstatt.com\/es\/wp-json\/wp\/v2\/media\/72207"}],"wp:attachment":[{"href":"https:\/\/schoenstatt.com\/es\/wp-json\/wp\/v2\/media?parent=72237"}],"wp:term":[{"taxonomy":"category","embeddable":true,"href":"https:\/\/schoenstatt.com\/es\/wp-json\/wp\/v2\/categories?post=72237"},{"taxonomy":"post_tag","embeddable":true,"href":"https:\/\/schoenstatt.com\/es\/wp-json\/wp\/v2\/tags?post=72237"}],"curies":[{"name":"wp","href":"https:\/\/api.w.org\/{rel}","templated":true}]}}