{"id":69964,"date":"2026-04-29T03:00:00","date_gmt":"2026-04-29T01:00:00","guid":{"rendered":"https:\/\/schoenstatt.com\/?p=69964"},"modified":"2026-04-28T20:37:51","modified_gmt":"2026-04-28T18:37:51","slug":"una-fuerza-profetica-en-la-actualidad-un-soplo-de-aire-fresco-para-el-comite-directivo-de-juntos-por-europa","status":"publish","type":"post","link":"https:\/\/schoenstatt.com\/es\/una-fuerza-profetica-en-la-actualidad-un-soplo-de-aire-fresco-para-el-comite-directivo-de-juntos-por-europa\/","title":{"rendered":"Una fuerza prof\u00e9tica en la actualidad: un soplo de aire fresco para el Comit\u00e9 Directivo de \u00abJuntos por Europa\u00bb"},"content":{"rendered":"\n<p>Del 16 al 18 de abril de 2026, el Comit\u00e9 Directivo de \u00abJuntos por Europa\u00bb (JpE) se reuni\u00f3 para su retiro anual, esta vez en el Centro de <a href=\"https:\/\/schoenstatt.com\/es\/acerca-de-nosotros\/\">Schoenstatt<\/a> de Viena, en <a href=\"https:\/\/www.schoenstattzentrum-wien.at\/\" target=\"_blank\" rel=\"noreferrer noopener\">Kahlenberg<\/a>, Austria. Veintis\u00e9is participantes, en representaci\u00f3n de ocho de los movimientos cristianos que conforman la red, hicieron un balance del a\u00f1o pasado y fijaron objetivos para proyectos futuros.<\/p>\n\n\n\n<div style=\"height:37px\" aria-hidden=\"true\" class=\"wp-block-spacer\"><\/div>\n\n\n\n<h2 class=\"wp-block-heading has-medium-font-size\" id=\"h-un-cambio-generacional-en-el-comite-directivo\">Un cambio generacional en el Comit\u00e9 Directivo<\/h2>\n\n\n\n<p>Un aspecto clave de la reuni\u00f3n de este a\u00f1o fue el cambio en la composici\u00f3n del Comit\u00e9 Directivo. Esta transici\u00f3n se ha preparado durante los \u00faltimos dos a\u00f1os en un clima de escucha al Esp\u00edritu, con el fin de garantizar tanto la continuidad como un nuevo impulso.<\/p>\n\n\n\n<p>Margaret Karram, presidenta del Movimiento de los Focolares, expres\u00f3 su m\u00e1s sincero agradecimiento en una carta a los miembros salientes por su enorme compromiso durante las \u00faltimas d\u00e9cadas en la configuraci\u00f3n de JpE. Los siguientes miembros se despidieron del grupo: Gerhard Pross (YMCA* Esslingen, Alemania), cofundador de JpE y su moderador desde hace mucho tiempo, junto con Thomas R\u00f6mer y Walter Kriechbaum (ambos de la YMCA de M\u00fanich, que han estado involucrados en JpE desde sus inicios).<\/p>\n\n\n\n<p>Diego Goller (Italia) e Ilona Toth (Hungr\u00eda), representantes de la presidenta del Movimiento de los Focolares en el Comit\u00e9 Directivo, dieron la bienvenida a sus sucesores: Liz Taite (Gran Breta\u00f1a), con amplia experiencia en ecumenismo, y Alberto Lo Presti (Italia). El cargo de secretaria general lo asumir\u00e1 Mar\u00eda Wienken (Alemania), con el apoyo de Elisabeth Danner (Austria), ambas miembros del Movimiento de los Focolares.<\/p>\n\n\n\n<p>El traspaso de poderes se celebr\u00f3 solemnemente durante una oraci\u00f3n vespertina y se sell\u00f3 con el \u00abPacto de Amor Mutuo\u00bb. Gerhard Pross destac\u00f3 la grandeza de la misi\u00f3n de JpE y sus abundantes frutos, que han marcado hitos importantes en la historia de la Iglesia, tal como se describe en el libro \u00abSternstunden der Einheit\u00bb (Momentos estelares de la unidad).<\/p>\n\n\n\n<p>El papel de moderador de JpE lo desempe\u00f1ar\u00e1 ahora un grupo integrado por tres miembros del actual Comit\u00e9: la hermana Nicole Grochowina (Comunidad Christusbruderschaft Selbitz), el P. Raffael Rieger (Movimiento de Schoenstatt) y Matthias B\u00fchlmann (Vineyard).<\/p>\n\n\n\n<p>\u00abEste cambio marca no solo el fin de una era, sino tambi\u00e9n el comienzo de una nueva fase de colaboraci\u00f3n a nivel europeo\u00bb, coment\u00f3 uno de los participantes.<\/p>\n\n\n\n<p>Otro miembro a\u00f1adi\u00f3: \u00abLos d\u00edas que pasamos en Kahlenberg han demostrado que nuestra diversidad es nuestra fortaleza. Con este nuevo equipo, estamos enviando una se\u00f1al clara de continuidad y de nuevos horizontes\u00bb. Otro participante destac\u00f3: \u00abJpE est\u00e1 escribiendo una historia de esperanza en estos tiempos aparentemente desesperados. Por eso es m\u00e1s importante que nunca caminar juntos hoy\u00bb.<\/p>\n\n\n\n<div style=\"height:42px\" aria-hidden=\"true\" class=\"wp-block-spacer\"><\/div>\n\n\n\n<figure class=\"wp-block-image aligncenter size-full\"><img fetchpriority=\"high\" decoding=\"async\" width=\"1920\" height=\"1210\" src=\"https:\/\/schoenstatt.com\/wp-content\/uploads\/2026\/04\/Together-for-Europe.webp\" alt=\"\" class=\"wp-image-69938\" srcset=\"https:\/\/schoenstatt.com\/wp-content\/uploads\/2026\/04\/Together-for-Europe.webp 1920w, https:\/\/schoenstatt.com\/wp-content\/uploads\/2026\/04\/Together-for-Europe-768x484.webp 768w, https:\/\/schoenstatt.com\/wp-content\/uploads\/2026\/04\/Together-for-Europe-1536x968.webp 1536w\" sizes=\"(max-width: 1920px) 100vw, 1920px\" \/><\/figure>\n\n\n\n<div style=\"height:39px\" aria-hidden=\"true\" class=\"wp-block-spacer\"><\/div>\n\n\n\n<h2 class=\"wp-block-heading has-medium-font-size\" id=\"h-agenda-y-perspectivas\">Agenda y perspectivas<\/h2>\n\n\n\n<p>Otro punto clave de los debates fue el trabajo de los Comit\u00e9s Nacionales, que asumen una responsabilidad cada vez mayor en el establecimiento de JpE en sus respectivos pa\u00edses.<\/p>\n\n\n\n<p>Tambi\u00e9n se debatieron los siguientes eventos clave que se avecinan:<\/p>\n\n\n\n<div style=\"height:36px\" aria-hidden=\"true\" class=\"wp-block-spacer\"><\/div>\n\n\n\n<ul class=\"wp-block-list\">\n<li>9-13 de mayo de 2026: Con motivo del D\u00eda de Europa, 120 j\u00f3venes europeos visitar\u00e1n el Parlamento Europeo. Inspirados por la unidad cristiana que han experimentado en JpE, los j\u00f3venes han redactado un \u00abPacto Intergeneracional\u00bb que presentar\u00e1n a los eurodiputados.<\/li>\n\n\n\n<li>29-31 de octubre de 2026: El pr\u00f3ximo \u00abEncuentro de Amigos\u00bb tendr\u00e1 lugar en el Vineyard Centre de W\u00fcrzburg.<\/li>\n\n\n\n<li>4-6 de mayo de 2028 (fecha por confirmar): Gran evento en Castel Gandolfo y en Roma.<\/li>\n<\/ul>\n\n\n\n<div style=\"height:31px\" aria-hidden=\"true\" class=\"wp-block-spacer\"><\/div>\n\n\n\n<p>La reuni\u00f3n de 2026 del Comit\u00e9 Directivo marc\u00f3 as\u00ed un hito importante para la orientaci\u00f3n futura de la red, que sigue comprometida con la unidad y la fraternidad en todo el continente.<\/p>\n\n\n\n<div style=\"height:34px\" aria-hidden=\"true\" class=\"wp-block-spacer\"><\/div>\n\n\n\n<h2 class=\"wp-block-heading has-medium-font-size\" id=\"h-acerca-de-la-red\">Acerca de la red<\/h2>\n\n\n\n<p>\u00abJuntos por Europa\u00bb re\u00fane a movimientos y comunidades cristianas, trascendiendo las fronteras nacionales y confesionales. La red ecum\u00e9nica act\u00faa como un puente a trav\u00e9s de Europa y, mediante su labor, promueve la solidaridad, la paz y la protecci\u00f3n de la dignidad humana. Para m\u00e1s informaci\u00f3n, visite <a href=\"https:\/\/www.together4europe.org\/\" target=\"_blank\" rel=\"noreferrer noopener\">www.together4europe.org<\/a><\/p>\n\n\n\n<p><em>*YMCA &#8211; Young Men&#8217;s Christian Association (Asociaci\u00f3n Cristiana de J\u00f3venes)<\/em><\/p>\n","protected":false},"excerpt":{"rendered":"<p>\u00abJuntos por Europa\u00bb re\u00fane a movimientos y comunidades cristianas, trascendiendo las fronteras nacionales y confesionales<\/p>\n","protected":false},"author":3,"featured_media":69942,"comment_status":"closed","ping_status":"closed","sticky":false,"template":"","format":"standard","meta":{"footnotes":""},"categories":[873],"tags":[1242],"class_list":["post-69964","post","type-post","status-publish","format-standard","has-post-thumbnail","hentry","category-europa-es","tag-juntos-por-europa-es"],"yoast_head":"<!-- This site is optimized with the Yoast SEO Premium plugin v27.4 (Yoast SEO v27.5) - https:\/\/yoast.com\/product\/yoast-seo-premium-wordpress\/ -->\n<title>Una fuerza prof\u00e9tica en la actualidad: un soplo de aire fresco para el Comit\u00e9 Directivo de \u00abJuntos por Europa\u00bb<\/title>\n<meta name=\"description\" content=\"\u00abJuntos por Europa\u00bb re\u00fane a movimientos y comunidades cristianas, trascendiendo las fronteras nacionales y confesionales.\" \/>\n<meta name=\"robots\" content=\"index, follow, max-snippet:-1, max-image-preview:large, max-video-preview:-1\" \/>\n<link rel=\"canonical\" href=\"https:\/\/schoenstatt.com\/es\/una-fuerza-profetica-en-la-actualidad-un-soplo-de-aire-fresco-para-el-comite-directivo-de-juntos-por-europa\/\" \/>\n<meta property=\"og:locale\" content=\"es_ES\" \/>\n<meta property=\"og:type\" content=\"article\" \/>\n<meta property=\"og:title\" content=\"Una fuerza prof\u00e9tica en la actualidad: un soplo de aire fresco para el Comit\u00e9 Directivo de \u00abJuntos por Europa\u00bb\" \/>\n<meta property=\"og:description\" content=\"\u00abJuntos por Europa\u00bb re\u00fane a movimientos y comunidades cristianas, trascendiendo las fronteras nacionales y confesionales.\" \/>\n<meta property=\"og:url\" content=\"https:\/\/schoenstatt.com\/es\/una-fuerza-profetica-en-la-actualidad-un-soplo-de-aire-fresco-para-el-comite-directivo-de-juntos-por-europa\/\" \/>\n<meta property=\"og:site_name\" content=\"Schoenstatt\" \/>\n<meta property=\"article:published_time\" content=\"2026-04-29T01:00:00+00:00\" \/>\n<meta property=\"og:image\" content=\"https:\/\/schoenstatt.com\/wp-content\/uploads\/2026\/04\/Together-for-Europe.webp\" \/>\n\t<meta property=\"og:image:width\" content=\"2048\" \/>\n\t<meta property=\"og:image:height\" content=\"1291\" \/>\n\t<meta property=\"og:image:type\" content=\"image\/jpeg\" \/>\n<meta name=\"author\" content=\"Karen Bueno\" \/>\n<meta name=\"twitter:card\" content=\"summary_large_image\" \/>\n<meta name=\"twitter:label1\" content=\"Escrito por\" \/>\n\t<meta name=\"twitter:data1\" content=\"Karen Bueno\" \/>\n\t<meta name=\"twitter:label2\" content=\"Tiempo de lectura\" \/>\n\t<meta name=\"twitter:data2\" content=\"4 minutos\" \/>\n<script type=\"application\/ld+json\" class=\"yoast-schema-graph\">{\"@context\":\"https:\\\/\\\/schema.org\",\"@graph\":[{\"@type\":\"Article\",\"@id\":\"https:\\\/\\\/schoenstatt.com\\\/es\\\/una-fuerza-profetica-en-la-actualidad-un-soplo-de-aire-fresco-para-el-comite-directivo-de-juntos-por-europa\\\/#article\",\"isPartOf\":{\"@id\":\"https:\\\/\\\/schoenstatt.com\\\/es\\\/una-fuerza-profetica-en-la-actualidad-un-soplo-de-aire-fresco-para-el-comite-directivo-de-juntos-por-europa\\\/\"},\"author\":{\"name\":\"Karen Bueno\",\"@id\":\"https:\\\/\\\/schoenstatt.com\\\/es\\\/#\\\/schema\\\/person\\\/5158877ad4acae98b34daaeef2a1ce6e\"},\"headline\":\"Una fuerza prof\u00e9tica en la actualidad: un soplo de aire fresco para el Comit\u00e9 Directivo de \u00abJuntos por Europa\u00bb\",\"datePublished\":\"2026-04-29T01:00:00+00:00\",\"mainEntityOfPage\":{\"@id\":\"https:\\\/\\\/schoenstatt.com\\\/es\\\/una-fuerza-profetica-en-la-actualidad-un-soplo-de-aire-fresco-para-el-comite-directivo-de-juntos-por-europa\\\/\"},\"wordCount\":709,\"publisher\":{\"@id\":\"https:\\\/\\\/schoenstatt.com\\\/es\\\/#organization\"},\"image\":{\"@id\":\"https:\\\/\\\/schoenstatt.com\\\/es\\\/una-fuerza-profetica-en-la-actualidad-un-soplo-de-aire-fresco-para-el-comite-directivo-de-juntos-por-europa\\\/#primaryimage\"},\"thumbnailUrl\":\"https:\\\/\\\/schoenstatt.com\\\/wp-content\\\/uploads\\\/2026\\\/04\\\/Together-for-Europe.webp\",\"keywords\":[\"Juntos por Europa\"],\"articleSection\":[\"Europa\"],\"inLanguage\":\"es\"},{\"@type\":\"WebPage\",\"@id\":\"https:\\\/\\\/schoenstatt.com\\\/es\\\/una-fuerza-profetica-en-la-actualidad-un-soplo-de-aire-fresco-para-el-comite-directivo-de-juntos-por-europa\\\/\",\"url\":\"https:\\\/\\\/schoenstatt.com\\\/es\\\/una-fuerza-profetica-en-la-actualidad-un-soplo-de-aire-fresco-para-el-comite-directivo-de-juntos-por-europa\\\/\",\"name\":\"Una fuerza prof\u00e9tica en la actualidad: un soplo de aire fresco para el Comit\u00e9 Directivo de \u00abJuntos por Europa\u00bb\",\"isPartOf\":{\"@id\":\"https:\\\/\\\/schoenstatt.com\\\/es\\\/#website\"},\"primaryImageOfPage\":{\"@id\":\"https:\\\/\\\/schoenstatt.com\\\/es\\\/una-fuerza-profetica-en-la-actualidad-un-soplo-de-aire-fresco-para-el-comite-directivo-de-juntos-por-europa\\\/#primaryimage\"},\"image\":{\"@id\":\"https:\\\/\\\/schoenstatt.com\\\/es\\\/una-fuerza-profetica-en-la-actualidad-un-soplo-de-aire-fresco-para-el-comite-directivo-de-juntos-por-europa\\\/#primaryimage\"},\"thumbnailUrl\":\"https:\\\/\\\/schoenstatt.com\\\/wp-content\\\/uploads\\\/2026\\\/04\\\/Together-for-Europe.webp\",\"datePublished\":\"2026-04-29T01:00:00+00:00\",\"description\":\"\u00abJuntos por Europa\u00bb re\u00fane a movimientos y comunidades cristianas, trascendiendo las fronteras nacionales y confesionales.\",\"breadcrumb\":{\"@id\":\"https:\\\/\\\/schoenstatt.com\\\/es\\\/una-fuerza-profetica-en-la-actualidad-un-soplo-de-aire-fresco-para-el-comite-directivo-de-juntos-por-europa\\\/#breadcrumb\"},\"inLanguage\":\"es\",\"potentialAction\":[{\"@type\":\"ReadAction\",\"target\":[\"https:\\\/\\\/schoenstatt.com\\\/es\\\/una-fuerza-profetica-en-la-actualidad-un-soplo-de-aire-fresco-para-el-comite-directivo-de-juntos-por-europa\\\/\"]}]},{\"@type\":\"ImageObject\",\"inLanguage\":\"es\",\"@id\":\"https:\\\/\\\/schoenstatt.com\\\/es\\\/una-fuerza-profetica-en-la-actualidad-un-soplo-de-aire-fresco-para-el-comite-directivo-de-juntos-por-europa\\\/#primaryimage\",\"url\":\"https:\\\/\\\/schoenstatt.com\\\/wp-content\\\/uploads\\\/2026\\\/04\\\/Together-for-Europe.webp\",\"contentUrl\":\"https:\\\/\\\/schoenstatt.com\\\/wp-content\\\/uploads\\\/2026\\\/04\\\/Together-for-Europe.webp\",\"width\":2048,\"height\":1291},{\"@type\":\"BreadcrumbList\",\"@id\":\"https:\\\/\\\/schoenstatt.com\\\/es\\\/una-fuerza-profetica-en-la-actualidad-un-soplo-de-aire-fresco-para-el-comite-directivo-de-juntos-por-europa\\\/#breadcrumb\",\"itemListElement\":[{\"@type\":\"ListItem\",\"position\":1,\"name\":\"Portada\",\"item\":\"https:\\\/\\\/schoenstatt.com\\\/es\\\/home\\\/\"},{\"@type\":\"ListItem\",\"position\":2,\"name\":\"Una fuerza prof\u00e9tica en la actualidad: un soplo de aire fresco para el Comit\u00e9 Directivo de \u00abJuntos por Europa\u00bb\"}]},{\"@type\":\"WebSite\",\"@id\":\"https:\\\/\\\/schoenstatt.com\\\/es\\\/#website\",\"url\":\"https:\\\/\\\/schoenstatt.com\\\/es\\\/\",\"name\":\"Schoenstatt\",\"description\":\"Apostolic Movement\",\"publisher\":{\"@id\":\"https:\\\/\\\/schoenstatt.com\\\/es\\\/#organization\"},\"potentialAction\":[{\"@type\":\"SearchAction\",\"target\":{\"@type\":\"EntryPoint\",\"urlTemplate\":\"https:\\\/\\\/schoenstatt.com\\\/es\\\/?s={search_term_string}\"},\"query-input\":{\"@type\":\"PropertyValueSpecification\",\"valueRequired\":true,\"valueName\":\"search_term_string\"}}],\"inLanguage\":\"es\"},{\"@type\":\"Organization\",\"@id\":\"https:\\\/\\\/schoenstatt.com\\\/es\\\/#organization\",\"name\":\"Schoenstatt\",\"url\":\"https:\\\/\\\/schoenstatt.com\\\/es\\\/\",\"logo\":{\"@type\":\"ImageObject\",\"inLanguage\":\"es\",\"@id\":\"https:\\\/\\\/schoenstatt.com\\\/es\\\/#\\\/schema\\\/logo\\\/image\\\/\",\"url\":\"https:\\\/\\\/schoenstatt.com\\\/wp-content\\\/uploads\\\/2025\\\/04\\\/logo-schoenstatt-white-696x696-1.png\",\"contentUrl\":\"https:\\\/\\\/schoenstatt.com\\\/wp-content\\\/uploads\\\/2025\\\/04\\\/logo-schoenstatt-white-696x696-1.png\",\"width\":696,\"height\":694,\"caption\":\"Schoenstatt\"},\"image\":{\"@id\":\"https:\\\/\\\/schoenstatt.com\\\/es\\\/#\\\/schema\\\/logo\\\/image\\\/\"}},{\"@type\":\"Person\",\"@id\":\"https:\\\/\\\/schoenstatt.com\\\/es\\\/#\\\/schema\\\/person\\\/5158877ad4acae98b34daaeef2a1ce6e\",\"name\":\"Karen Bueno\",\"image\":{\"@type\":\"ImageObject\",\"inLanguage\":\"es\",\"@id\":\"https:\\\/\\\/secure.gravatar.com\\\/avatar\\\/f9f4b823873154269d2b2130f195f6d41037dd0d7fc5f3cacb5c846bae70d66b?s=96&d=mm&r=g\",\"url\":\"https:\\\/\\\/secure.gravatar.com\\\/avatar\\\/f9f4b823873154269d2b2130f195f6d41037dd0d7fc5f3cacb5c846bae70d66b?s=96&d=mm&r=g\",\"contentUrl\":\"https:\\\/\\\/secure.gravatar.com\\\/avatar\\\/f9f4b823873154269d2b2130f195f6d41037dd0d7fc5f3cacb5c846bae70d66b?s=96&d=mm&r=g\",\"caption\":\"Karen Bueno\"},\"url\":\"https:\\\/\\\/schoenstatt.com\\\/es\\\/author\\\/karen-bueno\\\/\"}]}<\/script>\n<!-- \/ Yoast SEO Premium plugin. -->","yoast_head_json":{"title":"Una fuerza prof\u00e9tica en la actualidad: un soplo de aire fresco para el Comit\u00e9 Directivo de \u00abJuntos por Europa\u00bb","description":"\u00abJuntos por Europa\u00bb re\u00fane a movimientos y comunidades cristianas, trascendiendo las fronteras nacionales y confesionales.","robots":{"index":"index","follow":"follow","max-snippet":"max-snippet:-1","max-image-preview":"max-image-preview:large","max-video-preview":"max-video-preview:-1"},"canonical":"https:\/\/schoenstatt.com\/es\/una-fuerza-profetica-en-la-actualidad-un-soplo-de-aire-fresco-para-el-comite-directivo-de-juntos-por-europa\/","og_locale":"es_ES","og_type":"article","og_title":"Una fuerza prof\u00e9tica en la actualidad: un soplo de aire fresco para el Comit\u00e9 Directivo de \u00abJuntos por Europa\u00bb","og_description":"\u00abJuntos por Europa\u00bb re\u00fane a movimientos y comunidades cristianas, trascendiendo las fronteras nacionales y confesionales.","og_url":"https:\/\/schoenstatt.com\/es\/una-fuerza-profetica-en-la-actualidad-un-soplo-de-aire-fresco-para-el-comite-directivo-de-juntos-por-europa\/","og_site_name":"Schoenstatt","article_published_time":"2026-04-29T01:00:00+00:00","og_image":[{"url":"https:\/\/schoenstatt.com\/wp-content\/uploads\/2026\/04\/Together-for-Europe.webp","width":2048,"height":1291,"type":"image\/jpeg"}],"author":"Karen Bueno","twitter_card":"summary_large_image","twitter_misc":{"Escrito por":"Karen Bueno","Tiempo de lectura":"4 minutos"},"schema":{"@context":"https:\/\/schema.org","@graph":[{"@type":"Article","@id":"https:\/\/schoenstatt.com\/es\/una-fuerza-profetica-en-la-actualidad-un-soplo-de-aire-fresco-para-el-comite-directivo-de-juntos-por-europa\/#article","isPartOf":{"@id":"https:\/\/schoenstatt.com\/es\/una-fuerza-profetica-en-la-actualidad-un-soplo-de-aire-fresco-para-el-comite-directivo-de-juntos-por-europa\/"},"author":{"name":"Karen Bueno","@id":"https:\/\/schoenstatt.com\/es\/#\/schema\/person\/5158877ad4acae98b34daaeef2a1ce6e"},"headline":"Una fuerza prof\u00e9tica en la actualidad: un soplo de aire fresco para el Comit\u00e9 Directivo de \u00abJuntos por Europa\u00bb","datePublished":"2026-04-29T01:00:00+00:00","mainEntityOfPage":{"@id":"https:\/\/schoenstatt.com\/es\/una-fuerza-profetica-en-la-actualidad-un-soplo-de-aire-fresco-para-el-comite-directivo-de-juntos-por-europa\/"},"wordCount":709,"publisher":{"@id":"https:\/\/schoenstatt.com\/es\/#organization"},"image":{"@id":"https:\/\/schoenstatt.com\/es\/una-fuerza-profetica-en-la-actualidad-un-soplo-de-aire-fresco-para-el-comite-directivo-de-juntos-por-europa\/#primaryimage"},"thumbnailUrl":"https:\/\/schoenstatt.com\/wp-content\/uploads\/2026\/04\/Together-for-Europe.webp","keywords":["Juntos por Europa"],"articleSection":["Europa"],"inLanguage":"es"},{"@type":"WebPage","@id":"https:\/\/schoenstatt.com\/es\/una-fuerza-profetica-en-la-actualidad-un-soplo-de-aire-fresco-para-el-comite-directivo-de-juntos-por-europa\/","url":"https:\/\/schoenstatt.com\/es\/una-fuerza-profetica-en-la-actualidad-un-soplo-de-aire-fresco-para-el-comite-directivo-de-juntos-por-europa\/","name":"Una fuerza prof\u00e9tica en la actualidad: un soplo de aire fresco para el Comit\u00e9 Directivo de \u00abJuntos por Europa\u00bb","isPartOf":{"@id":"https:\/\/schoenstatt.com\/es\/#website"},"primaryImageOfPage":{"@id":"https:\/\/schoenstatt.com\/es\/una-fuerza-profetica-en-la-actualidad-un-soplo-de-aire-fresco-para-el-comite-directivo-de-juntos-por-europa\/#primaryimage"},"image":{"@id":"https:\/\/schoenstatt.com\/es\/una-fuerza-profetica-en-la-actualidad-un-soplo-de-aire-fresco-para-el-comite-directivo-de-juntos-por-europa\/#primaryimage"},"thumbnailUrl":"https:\/\/schoenstatt.com\/wp-content\/uploads\/2026\/04\/Together-for-Europe.webp","datePublished":"2026-04-29T01:00:00+00:00","description":"\u00abJuntos por Europa\u00bb re\u00fane a movimientos y comunidades cristianas, trascendiendo las fronteras nacionales y confesionales.","breadcrumb":{"@id":"https:\/\/schoenstatt.com\/es\/una-fuerza-profetica-en-la-actualidad-un-soplo-de-aire-fresco-para-el-comite-directivo-de-juntos-por-europa\/#breadcrumb"},"inLanguage":"es","potentialAction":[{"@type":"ReadAction","target":["https:\/\/schoenstatt.com\/es\/una-fuerza-profetica-en-la-actualidad-un-soplo-de-aire-fresco-para-el-comite-directivo-de-juntos-por-europa\/"]}]},{"@type":"ImageObject","inLanguage":"es","@id":"https:\/\/schoenstatt.com\/es\/una-fuerza-profetica-en-la-actualidad-un-soplo-de-aire-fresco-para-el-comite-directivo-de-juntos-por-europa\/#primaryimage","url":"https:\/\/schoenstatt.com\/wp-content\/uploads\/2026\/04\/Together-for-Europe.webp","contentUrl":"https:\/\/schoenstatt.com\/wp-content\/uploads\/2026\/04\/Together-for-Europe.webp","width":2048,"height":1291},{"@type":"BreadcrumbList","@id":"https:\/\/schoenstatt.com\/es\/una-fuerza-profetica-en-la-actualidad-un-soplo-de-aire-fresco-para-el-comite-directivo-de-juntos-por-europa\/#breadcrumb","itemListElement":[{"@type":"ListItem","position":1,"name":"Portada","item":"https:\/\/schoenstatt.com\/es\/home\/"},{"@type":"ListItem","position":2,"name":"Una fuerza prof\u00e9tica en la actualidad: un soplo de aire fresco para el Comit\u00e9 Directivo de \u00abJuntos por Europa\u00bb"}]},{"@type":"WebSite","@id":"https:\/\/schoenstatt.com\/es\/#website","url":"https:\/\/schoenstatt.com\/es\/","name":"Schoenstatt","description":"Apostolic Movement","publisher":{"@id":"https:\/\/schoenstatt.com\/es\/#organization"},"potentialAction":[{"@type":"SearchAction","target":{"@type":"EntryPoint","urlTemplate":"https:\/\/schoenstatt.com\/es\/?s={search_term_string}"},"query-input":{"@type":"PropertyValueSpecification","valueRequired":true,"valueName":"search_term_string"}}],"inLanguage":"es"},{"@type":"Organization","@id":"https:\/\/schoenstatt.com\/es\/#organization","name":"Schoenstatt","url":"https:\/\/schoenstatt.com\/es\/","logo":{"@type":"ImageObject","inLanguage":"es","@id":"https:\/\/schoenstatt.com\/es\/#\/schema\/logo\/image\/","url":"https:\/\/schoenstatt.com\/wp-content\/uploads\/2025\/04\/logo-schoenstatt-white-696x696-1.png","contentUrl":"https:\/\/schoenstatt.com\/wp-content\/uploads\/2025\/04\/logo-schoenstatt-white-696x696-1.png","width":696,"height":694,"caption":"Schoenstatt"},"image":{"@id":"https:\/\/schoenstatt.com\/es\/#\/schema\/logo\/image\/"}},{"@type":"Person","@id":"https:\/\/schoenstatt.com\/es\/#\/schema\/person\/5158877ad4acae98b34daaeef2a1ce6e","name":"Karen Bueno","image":{"@type":"ImageObject","inLanguage":"es","@id":"https:\/\/secure.gravatar.com\/avatar\/f9f4b823873154269d2b2130f195f6d41037dd0d7fc5f3cacb5c846bae70d66b?s=96&d=mm&r=g","url":"https:\/\/secure.gravatar.com\/avatar\/f9f4b823873154269d2b2130f195f6d41037dd0d7fc5f3cacb5c846bae70d66b?s=96&d=mm&r=g","contentUrl":"https:\/\/secure.gravatar.com\/avatar\/f9f4b823873154269d2b2130f195f6d41037dd0d7fc5f3cacb5c846bae70d66b?s=96&d=mm&r=g","caption":"Karen Bueno"},"url":"https:\/\/schoenstatt.com\/es\/author\/karen-bueno\/"}]}},"_links":{"self":[{"href":"https:\/\/schoenstatt.com\/es\/wp-json\/wp\/v2\/posts\/69964","targetHints":{"allow":["GET"]}}],"collection":[{"href":"https:\/\/schoenstatt.com\/es\/wp-json\/wp\/v2\/posts"}],"about":[{"href":"https:\/\/schoenstatt.com\/es\/wp-json\/wp\/v2\/types\/post"}],"author":[{"embeddable":true,"href":"https:\/\/schoenstatt.com\/es\/wp-json\/wp\/v2\/users\/3"}],"replies":[{"embeddable":true,"href":"https:\/\/schoenstatt.com\/es\/wp-json\/wp\/v2\/comments?post=69964"}],"version-history":[{"count":4,"href":"https:\/\/schoenstatt.com\/es\/wp-json\/wp\/v2\/posts\/69964\/revisions"}],"predecessor-version":[{"id":69985,"href":"https:\/\/schoenstatt.com\/es\/wp-json\/wp\/v2\/posts\/69964\/revisions\/69985"}],"wp:featuredmedia":[{"embeddable":true,"href":"https:\/\/schoenstatt.com\/es\/wp-json\/wp\/v2\/media\/69942"}],"wp:attachment":[{"href":"https:\/\/schoenstatt.com\/es\/wp-json\/wp\/v2\/media?parent=69964"}],"wp:term":[{"taxonomy":"category","embeddable":true,"href":"https:\/\/schoenstatt.com\/es\/wp-json\/wp\/v2\/categories?post=69964"},{"taxonomy":"post_tag","embeddable":true,"href":"https:\/\/schoenstatt.com\/es\/wp-json\/wp\/v2\/tags?post=69964"}],"curies":[{"name":"wp","href":"https:\/\/api.w.org\/{rel}","templated":true}]}}