{"id":69922,"date":"2026-04-27T13:52:15","date_gmt":"2026-04-27T11:52:15","guid":{"rendered":"https:\/\/schoenstatt.com\/?p=69922"},"modified":"2026-04-27T14:00:04","modified_gmt":"2026-04-27T12:00:04","slug":"schoenstattianos-de-12-paises-sellan-y-renuevan-la-alianza-filial-con-el-padre-y-fundador","status":"publish","type":"post","link":"https:\/\/schoenstatt.com\/es\/schoenstattianos-de-12-paises-sellan-y-renuevan-la-alianza-filial-con-el-padre-y-fundador\/","title":{"rendered":"Schoenstattianos de 12 pa\u00edses sellan y renuevan la Alianza Filial con el Padre y Fundador"},"content":{"rendered":"\n<p>Conscientes del anhelo de muchos integrantes de nuestra Familia Internacional de Schoenstatt, el Secretariado del Padre Jos\u00e9 Kentenich en Ecuador invit\u00f3 a sellar y renovar, en modalidad virtual, la Alianza Filial con el Padre Kentenich como una adhesi\u00f3n fiel a su persona, a su carisma y a su misi\u00f3n.<\/p>\n\n\n\n<div style=\"height:34px\" aria-hidden=\"true\" class=\"wp-block-spacer\"><\/div>\n\n\n\n<h2 class=\"wp-block-heading has-medium-font-size\" id=\"h-transmision-en-vivo-desde-schoenstatt\">Transmisi\u00f3n en vivo desde Schoenstatt<\/h2>\n\n\n\n<p>Este 18 de abril, 36 hijos e hijas espirituales del <a href=\"https:\/\/schoenstatt.com\/es\/acerca-de-nosotros\/fundador\/\">Padre Kentenich<\/a> participaron virtualmente, conectados desde 12 pa\u00edses, para sellar y renovar la Alianza Filial.<\/p>\n\n\n\n<p>El rito fue conducido por el P. Eduardo Aguirre Cancino, actual postulador de la Causa de Canonizaci\u00f3n del P. Kentenich, y transmitido en vivo desde la tumba del padre gracias al apoyo de Schoenstatt TV. La emoci\u00f3n y la profundidad con que cada uno vivi\u00f3 esta entrega fueron palpables, y se sent\u00eda un ambiente espiritual y de familia, aun a trav\u00e9s de las pantallas.<\/p>\n\n\n\n<div style=\"height:38px\" aria-hidden=\"true\" class=\"wp-block-spacer\"><\/div>\n\n\n\n<figure class=\"wp-block-image aligncenter size-full\"><img fetchpriority=\"high\" decoding=\"async\" width=\"1476\" height=\"1600\" src=\"https:\/\/schoenstatt.com\/wp-content\/uploads\/2026\/04\/kentenich-padre.webp\" alt=\"\" class=\"wp-image-69908\" srcset=\"https:\/\/schoenstatt.com\/wp-content\/uploads\/2026\/04\/kentenich-padre.webp 1476w, https:\/\/schoenstatt.com\/wp-content\/uploads\/2026\/04\/kentenich-padre-768x833.webp 768w, https:\/\/schoenstatt.com\/wp-content\/uploads\/2026\/04\/kentenich-padre-1417x1536.webp 1417w\" sizes=\"(max-width: 1476px) 100vw, 1476px\" \/><\/figure>\n\n\n\n<div style=\"height:43px\" aria-hidden=\"true\" class=\"wp-block-spacer\"><\/div>\n\n\n\n<h2 class=\"wp-block-heading has-medium-font-size\" id=\"h-preparacion-previa\">Preparaci\u00f3n previa<\/h2>\n\n\n\n<p>Para prepararse para este momento tan especial, se realizaron dos encuentros virtuales previos, con el prop\u00f3sito de encender los corazones y dar nueva fuerza al compromiso con la misi\u00f3n de Schoenstatt. La Hna. M. Montserrat Darquea y Erika Cede\u00f1o, integrantes del Secretariado del Padre Kentenich en Ecuador, estuvieron a cargo de las charlas y de toda la organizaci\u00f3n.<\/p>\n\n\n\n<p>Para sellar por primera vez la Alianza Filial, fue necesario que se cumplieran algunas condiciones:<\/p>\n\n\n\n<div style=\"height:31px\" aria-hidden=\"true\" class=\"wp-block-spacer\"><\/div>\n\n\n\n<ul class=\"wp-block-list\">\n<li>Haber participado en un taller para conocer la vida y el carisma del fundador.<\/li>\n\n\n\n<li>Participar en dos encuentros virtuales de preparaci\u00f3n previos al 18 de abril.<\/li>\n\n\n\n<li>Visitar un Santuario despu\u00e9s de sellar\/renovar la Alianza Filial, para rezar y entregar la carta escrita al Padre Kentenich.<\/li>\n<\/ul>\n\n\n\n<div style=\"height:27px\" aria-hidden=\"true\" class=\"wp-block-spacer\"><\/div>\n\n\n\n<figure class=\"wp-block-image size-full\"><img decoding=\"async\" width=\"1568\" height=\"859\" src=\"https:\/\/schoenstatt.com\/wp-content\/uploads\/2026\/04\/alianza-filial.webp\" alt=\"\" class=\"wp-image-69903\" srcset=\"https:\/\/schoenstatt.com\/wp-content\/uploads\/2026\/04\/alianza-filial.webp 1568w, https:\/\/schoenstatt.com\/wp-content\/uploads\/2026\/04\/alianza-filial-768x421.webp 768w, https:\/\/schoenstatt.com\/wp-content\/uploads\/2026\/04\/alianza-filial-1536x841.webp 1536w\" sizes=\"(max-width: 1568px) 100vw, 1568px\" \/><\/figure>\n\n\n\n<div style=\"height:44px\" aria-hidden=\"true\" class=\"wp-block-spacer\"><\/div>\n\n\n\n<h2 class=\"wp-block-heading has-medium-font-size\" id=\"h-queremos-ser-instrumentos-en-manos-de-nuestra-madre-y-reina\">Queremos ser instrumentos en manos de nuestra Madre y Reina<\/h2>\n\n\n\n<p>Por la Alianza Filial se expresa una adhesi\u00f3n interior al carisma del P. Kentenich; con ese gesto se asume el compromiso de ser continuador de su misi\u00f3n.<\/p>\n\n\n\n<p>La alianza con el padre es un acto personal y a la vez comunitario; por medio de esta Alianza se acent\u00faan los v\u00ednculos sanos, que se alimentan con la alianza de Amor y se es aliado para vivir como ap\u00f3stol de la vida diaria, conquistar las cualidades de ser instrumento: humildes, alegres, sencillos, simples, d\u00factiles, confiados, cercanos y veraces.<\/p>\n\n\n\n<p>\u201cCon el alma llena de gratitud y esperanza, hoy reafirmo mi entrega y mi compromiso\u201d, dice Marcela, de M\u00e9xico.<\/p>\n\n\n\n<p>Lorena, de Ecuador, cuenta: \u201cNo pens\u00e9 que pudiera renovar mi alianza y ha sido tan hermoso hacerlo en otra etapa de mi vida.\u201d<\/p>\n\n\n\n<p>Germay, de Estados Unidos, comenta: \u201cQu\u00e9 alegr\u00eda tiene mi coraz\u00f3n; viv\u00ed esta renovaci\u00f3n junto a mis dos compa\u00f1eras y hermanas de Alianza, Luisa y Oneida, desde Nueva York. Fue maravilloso todo lo vivido; seguiremos unidas en nuestra renovaci\u00f3n de la Alianza Filial.\u201d<\/p>\n","protected":false},"excerpt":{"rendered":"<p>La Alianza Filial con nuestro Padre y Fundador en modalidad virtual: con ese gesto se asume el compromiso de ser continuadores de su misi\u00f3n.<\/p>\n","protected":false},"author":3,"featured_media":69907,"comment_status":"closed","ping_status":"closed","sticky":false,"template":"","format":"standard","meta":{"footnotes":""},"categories":[881],"tags":[1300],"class_list":["post-69922","post","type-post","status-publish","format-standard","has-post-thumbnail","hentry","category-p-jose-kentenich-es","tag-padre-jose-kentenich-es"],"yoast_head":"<!-- This site is optimized with the Yoast SEO Premium plugin v27.4 (Yoast SEO v27.4) - https:\/\/yoast.com\/product\/yoast-seo-premium-wordpress\/ -->\n<title>Schoenstattianos de 12 pa\u00edses sellan y renuevan la Alianza Filial con el Padre y Fundador<\/title>\n<meta name=\"description\" content=\"La Alianza Filial con nuestro Padre y Fundador en modalidad virtual: con ese gesto se asume el compromiso de ser continuadores de su misi\u00f3n.\" \/>\n<meta name=\"robots\" content=\"index, follow, max-snippet:-1, max-image-preview:large, max-video-preview:-1\" \/>\n<link rel=\"canonical\" href=\"https:\/\/schoenstatt.com\/es\/schoenstattianos-de-12-paises-sellan-y-renuevan-la-alianza-filial-con-el-padre-y-fundador\/\" \/>\n<meta property=\"og:locale\" content=\"es_ES\" \/>\n<meta property=\"og:type\" content=\"article\" \/>\n<meta property=\"og:title\" content=\"Schoenstattianos de 12 pa\u00edses sellan y renuevan la Alianza Filial con el Padre y Fundador\" \/>\n<meta property=\"og:description\" content=\"La Alianza Filial con nuestro Padre y Fundador en modalidad virtual: con ese gesto se asume el compromiso de ser continuadores de su misi\u00f3n.\" \/>\n<meta property=\"og:url\" content=\"https:\/\/schoenstatt.com\/es\/schoenstattianos-de-12-paises-sellan-y-renuevan-la-alianza-filial-con-el-padre-y-fundador\/\" \/>\n<meta property=\"og:site_name\" content=\"Schoenstatt\" \/>\n<meta property=\"article:published_time\" content=\"2026-04-27T11:52:15+00:00\" \/>\n<meta property=\"article:modified_time\" content=\"2026-04-27T12:00:04+00:00\" \/>\n<meta property=\"og:image\" content=\"https:\/\/schoenstatt.com\/wp-content\/uploads\/2026\/04\/alianza-filial.webp\" \/>\n\t<meta property=\"og:image:width\" content=\"1568\" \/>\n\t<meta property=\"og:image:height\" content=\"859\" \/>\n\t<meta property=\"og:image:type\" content=\"image\/jpeg\" \/>\n<meta name=\"author\" content=\"Karen Bueno\" \/>\n<meta name=\"twitter:card\" content=\"summary_large_image\" \/>\n<meta name=\"twitter:label1\" content=\"Escrito por\" \/>\n\t<meta name=\"twitter:data1\" content=\"Karen Bueno\" \/>\n\t<meta name=\"twitter:label2\" content=\"Tiempo de lectura\" \/>\n\t<meta name=\"twitter:data2\" content=\"4 minutos\" \/>\n<script type=\"application\/ld+json\" class=\"yoast-schema-graph\">{\"@context\":\"https:\\\/\\\/schema.org\",\"@graph\":[{\"@type\":\"Article\",\"@id\":\"https:\\\/\\\/schoenstatt.com\\\/es\\\/schoenstattianos-de-12-paises-sellan-y-renuevan-la-alianza-filial-con-el-padre-y-fundador\\\/#article\",\"isPartOf\":{\"@id\":\"https:\\\/\\\/schoenstatt.com\\\/es\\\/schoenstattianos-de-12-paises-sellan-y-renuevan-la-alianza-filial-con-el-padre-y-fundador\\\/\"},\"author\":{\"name\":\"Karen Bueno\",\"@id\":\"https:\\\/\\\/schoenstatt.com\\\/es\\\/#\\\/schema\\\/person\\\/5158877ad4acae98b34daaeef2a1ce6e\"},\"headline\":\"Schoenstattianos de 12 pa\u00edses sellan y renuevan la Alianza Filial con el Padre y Fundador\",\"datePublished\":\"2026-04-27T11:52:15+00:00\",\"dateModified\":\"2026-04-27T12:00:04+00:00\",\"mainEntityOfPage\":{\"@id\":\"https:\\\/\\\/schoenstatt.com\\\/es\\\/schoenstattianos-de-12-paises-sellan-y-renuevan-la-alianza-filial-con-el-padre-y-fundador\\\/\"},\"wordCount\":482,\"publisher\":{\"@id\":\"https:\\\/\\\/schoenstatt.com\\\/es\\\/#organization\"},\"image\":{\"@id\":\"https:\\\/\\\/schoenstatt.com\\\/es\\\/schoenstattianos-de-12-paises-sellan-y-renuevan-la-alianza-filial-con-el-padre-y-fundador\\\/#primaryimage\"},\"thumbnailUrl\":\"https:\\\/\\\/schoenstatt.com\\\/wp-content\\\/uploads\\\/2026\\\/04\\\/alianza-filial.webp\",\"keywords\":[\"Padre Jos\u00e9 Kentenich\"],\"articleSection\":[\"P. Jos\u00e9 Kentenich\"],\"inLanguage\":\"es\"},{\"@type\":\"WebPage\",\"@id\":\"https:\\\/\\\/schoenstatt.com\\\/es\\\/schoenstattianos-de-12-paises-sellan-y-renuevan-la-alianza-filial-con-el-padre-y-fundador\\\/\",\"url\":\"https:\\\/\\\/schoenstatt.com\\\/es\\\/schoenstattianos-de-12-paises-sellan-y-renuevan-la-alianza-filial-con-el-padre-y-fundador\\\/\",\"name\":\"Schoenstattianos de 12 pa\u00edses sellan y renuevan la Alianza Filial con el Padre y Fundador\",\"isPartOf\":{\"@id\":\"https:\\\/\\\/schoenstatt.com\\\/es\\\/#website\"},\"primaryImageOfPage\":{\"@id\":\"https:\\\/\\\/schoenstatt.com\\\/es\\\/schoenstattianos-de-12-paises-sellan-y-renuevan-la-alianza-filial-con-el-padre-y-fundador\\\/#primaryimage\"},\"image\":{\"@id\":\"https:\\\/\\\/schoenstatt.com\\\/es\\\/schoenstattianos-de-12-paises-sellan-y-renuevan-la-alianza-filial-con-el-padre-y-fundador\\\/#primaryimage\"},\"thumbnailUrl\":\"https:\\\/\\\/schoenstatt.com\\\/wp-content\\\/uploads\\\/2026\\\/04\\\/alianza-filial.webp\",\"datePublished\":\"2026-04-27T11:52:15+00:00\",\"dateModified\":\"2026-04-27T12:00:04+00:00\",\"description\":\"La Alianza Filial con nuestro Padre y Fundador en modalidad virtual: con ese gesto se asume el compromiso de ser continuadores de su misi\u00f3n.\",\"breadcrumb\":{\"@id\":\"https:\\\/\\\/schoenstatt.com\\\/es\\\/schoenstattianos-de-12-paises-sellan-y-renuevan-la-alianza-filial-con-el-padre-y-fundador\\\/#breadcrumb\"},\"inLanguage\":\"es\",\"potentialAction\":[{\"@type\":\"ReadAction\",\"target\":[\"https:\\\/\\\/schoenstatt.com\\\/es\\\/schoenstattianos-de-12-paises-sellan-y-renuevan-la-alianza-filial-con-el-padre-y-fundador\\\/\"]}]},{\"@type\":\"ImageObject\",\"inLanguage\":\"es\",\"@id\":\"https:\\\/\\\/schoenstatt.com\\\/es\\\/schoenstattianos-de-12-paises-sellan-y-renuevan-la-alianza-filial-con-el-padre-y-fundador\\\/#primaryimage\",\"url\":\"https:\\\/\\\/schoenstatt.com\\\/wp-content\\\/uploads\\\/2026\\\/04\\\/alianza-filial.webp\",\"contentUrl\":\"https:\\\/\\\/schoenstatt.com\\\/wp-content\\\/uploads\\\/2026\\\/04\\\/alianza-filial.webp\",\"width\":1568,\"height\":859},{\"@type\":\"BreadcrumbList\",\"@id\":\"https:\\\/\\\/schoenstatt.com\\\/es\\\/schoenstattianos-de-12-paises-sellan-y-renuevan-la-alianza-filial-con-el-padre-y-fundador\\\/#breadcrumb\",\"itemListElement\":[{\"@type\":\"ListItem\",\"position\":1,\"name\":\"Portada\",\"item\":\"https:\\\/\\\/schoenstatt.com\\\/es\\\/home\\\/\"},{\"@type\":\"ListItem\",\"position\":2,\"name\":\"Schoenstattianos de 12 pa\u00edses sellan y renuevan la Alianza Filial con el Padre y Fundador\"}]},{\"@type\":\"WebSite\",\"@id\":\"https:\\\/\\\/schoenstatt.com\\\/es\\\/#website\",\"url\":\"https:\\\/\\\/schoenstatt.com\\\/es\\\/\",\"name\":\"Schoenstatt\",\"description\":\"Apostolic Movement\",\"publisher\":{\"@id\":\"https:\\\/\\\/schoenstatt.com\\\/es\\\/#organization\"},\"potentialAction\":[{\"@type\":\"SearchAction\",\"target\":{\"@type\":\"EntryPoint\",\"urlTemplate\":\"https:\\\/\\\/schoenstatt.com\\\/es\\\/?s={search_term_string}\"},\"query-input\":{\"@type\":\"PropertyValueSpecification\",\"valueRequired\":true,\"valueName\":\"search_term_string\"}}],\"inLanguage\":\"es\"},{\"@type\":\"Organization\",\"@id\":\"https:\\\/\\\/schoenstatt.com\\\/es\\\/#organization\",\"name\":\"Schoenstatt\",\"url\":\"https:\\\/\\\/schoenstatt.com\\\/es\\\/\",\"logo\":{\"@type\":\"ImageObject\",\"inLanguage\":\"es\",\"@id\":\"https:\\\/\\\/schoenstatt.com\\\/es\\\/#\\\/schema\\\/logo\\\/image\\\/\",\"url\":\"https:\\\/\\\/schoenstatt.com\\\/wp-content\\\/uploads\\\/2025\\\/04\\\/logo-schoenstatt-white-696x696-1.png\",\"contentUrl\":\"https:\\\/\\\/schoenstatt.com\\\/wp-content\\\/uploads\\\/2025\\\/04\\\/logo-schoenstatt-white-696x696-1.png\",\"width\":696,\"height\":694,\"caption\":\"Schoenstatt\"},\"image\":{\"@id\":\"https:\\\/\\\/schoenstatt.com\\\/es\\\/#\\\/schema\\\/logo\\\/image\\\/\"}},{\"@type\":\"Person\",\"@id\":\"https:\\\/\\\/schoenstatt.com\\\/es\\\/#\\\/schema\\\/person\\\/5158877ad4acae98b34daaeef2a1ce6e\",\"name\":\"Karen Bueno\",\"image\":{\"@type\":\"ImageObject\",\"inLanguage\":\"es\",\"@id\":\"https:\\\/\\\/secure.gravatar.com\\\/avatar\\\/f9f4b823873154269d2b2130f195f6d41037dd0d7fc5f3cacb5c846bae70d66b?s=96&d=mm&r=g\",\"url\":\"https:\\\/\\\/secure.gravatar.com\\\/avatar\\\/f9f4b823873154269d2b2130f195f6d41037dd0d7fc5f3cacb5c846bae70d66b?s=96&d=mm&r=g\",\"contentUrl\":\"https:\\\/\\\/secure.gravatar.com\\\/avatar\\\/f9f4b823873154269d2b2130f195f6d41037dd0d7fc5f3cacb5c846bae70d66b?s=96&d=mm&r=g\",\"caption\":\"Karen Bueno\"},\"url\":\"https:\\\/\\\/schoenstatt.com\\\/es\\\/author\\\/karen-bueno\\\/\"}]}<\/script>\n<!-- \/ Yoast SEO Premium plugin. -->","yoast_head_json":{"title":"Schoenstattianos de 12 pa\u00edses sellan y renuevan la Alianza Filial con el Padre y Fundador","description":"La Alianza Filial con nuestro Padre y Fundador en modalidad virtual: con ese gesto se asume el compromiso de ser continuadores de su misi\u00f3n.","robots":{"index":"index","follow":"follow","max-snippet":"max-snippet:-1","max-image-preview":"max-image-preview:large","max-video-preview":"max-video-preview:-1"},"canonical":"https:\/\/schoenstatt.com\/es\/schoenstattianos-de-12-paises-sellan-y-renuevan-la-alianza-filial-con-el-padre-y-fundador\/","og_locale":"es_ES","og_type":"article","og_title":"Schoenstattianos de 12 pa\u00edses sellan y renuevan la Alianza Filial con el Padre y Fundador","og_description":"La Alianza Filial con nuestro Padre y Fundador en modalidad virtual: con ese gesto se asume el compromiso de ser continuadores de su misi\u00f3n.","og_url":"https:\/\/schoenstatt.com\/es\/schoenstattianos-de-12-paises-sellan-y-renuevan-la-alianza-filial-con-el-padre-y-fundador\/","og_site_name":"Schoenstatt","article_published_time":"2026-04-27T11:52:15+00:00","article_modified_time":"2026-04-27T12:00:04+00:00","og_image":[{"width":1568,"height":859,"url":"https:\/\/schoenstatt.com\/wp-content\/uploads\/2026\/04\/alianza-filial.webp","type":"image\/jpeg"}],"author":"Karen Bueno","twitter_card":"summary_large_image","twitter_misc":{"Escrito por":"Karen Bueno","Tiempo de lectura":"4 minutos"},"schema":{"@context":"https:\/\/schema.org","@graph":[{"@type":"Article","@id":"https:\/\/schoenstatt.com\/es\/schoenstattianos-de-12-paises-sellan-y-renuevan-la-alianza-filial-con-el-padre-y-fundador\/#article","isPartOf":{"@id":"https:\/\/schoenstatt.com\/es\/schoenstattianos-de-12-paises-sellan-y-renuevan-la-alianza-filial-con-el-padre-y-fundador\/"},"author":{"name":"Karen Bueno","@id":"https:\/\/schoenstatt.com\/es\/#\/schema\/person\/5158877ad4acae98b34daaeef2a1ce6e"},"headline":"Schoenstattianos de 12 pa\u00edses sellan y renuevan la Alianza Filial con el Padre y Fundador","datePublished":"2026-04-27T11:52:15+00:00","dateModified":"2026-04-27T12:00:04+00:00","mainEntityOfPage":{"@id":"https:\/\/schoenstatt.com\/es\/schoenstattianos-de-12-paises-sellan-y-renuevan-la-alianza-filial-con-el-padre-y-fundador\/"},"wordCount":482,"publisher":{"@id":"https:\/\/schoenstatt.com\/es\/#organization"},"image":{"@id":"https:\/\/schoenstatt.com\/es\/schoenstattianos-de-12-paises-sellan-y-renuevan-la-alianza-filial-con-el-padre-y-fundador\/#primaryimage"},"thumbnailUrl":"https:\/\/schoenstatt.com\/wp-content\/uploads\/2026\/04\/alianza-filial.webp","keywords":["Padre Jos\u00e9 Kentenich"],"articleSection":["P. Jos\u00e9 Kentenich"],"inLanguage":"es"},{"@type":"WebPage","@id":"https:\/\/schoenstatt.com\/es\/schoenstattianos-de-12-paises-sellan-y-renuevan-la-alianza-filial-con-el-padre-y-fundador\/","url":"https:\/\/schoenstatt.com\/es\/schoenstattianos-de-12-paises-sellan-y-renuevan-la-alianza-filial-con-el-padre-y-fundador\/","name":"Schoenstattianos de 12 pa\u00edses sellan y renuevan la Alianza Filial con el Padre y Fundador","isPartOf":{"@id":"https:\/\/schoenstatt.com\/es\/#website"},"primaryImageOfPage":{"@id":"https:\/\/schoenstatt.com\/es\/schoenstattianos-de-12-paises-sellan-y-renuevan-la-alianza-filial-con-el-padre-y-fundador\/#primaryimage"},"image":{"@id":"https:\/\/schoenstatt.com\/es\/schoenstattianos-de-12-paises-sellan-y-renuevan-la-alianza-filial-con-el-padre-y-fundador\/#primaryimage"},"thumbnailUrl":"https:\/\/schoenstatt.com\/wp-content\/uploads\/2026\/04\/alianza-filial.webp","datePublished":"2026-04-27T11:52:15+00:00","dateModified":"2026-04-27T12:00:04+00:00","description":"La Alianza Filial con nuestro Padre y Fundador en modalidad virtual: con ese gesto se asume el compromiso de ser continuadores de su misi\u00f3n.","breadcrumb":{"@id":"https:\/\/schoenstatt.com\/es\/schoenstattianos-de-12-paises-sellan-y-renuevan-la-alianza-filial-con-el-padre-y-fundador\/#breadcrumb"},"inLanguage":"es","potentialAction":[{"@type":"ReadAction","target":["https:\/\/schoenstatt.com\/es\/schoenstattianos-de-12-paises-sellan-y-renuevan-la-alianza-filial-con-el-padre-y-fundador\/"]}]},{"@type":"ImageObject","inLanguage":"es","@id":"https:\/\/schoenstatt.com\/es\/schoenstattianos-de-12-paises-sellan-y-renuevan-la-alianza-filial-con-el-padre-y-fundador\/#primaryimage","url":"https:\/\/schoenstatt.com\/wp-content\/uploads\/2026\/04\/alianza-filial.webp","contentUrl":"https:\/\/schoenstatt.com\/wp-content\/uploads\/2026\/04\/alianza-filial.webp","width":1568,"height":859},{"@type":"BreadcrumbList","@id":"https:\/\/schoenstatt.com\/es\/schoenstattianos-de-12-paises-sellan-y-renuevan-la-alianza-filial-con-el-padre-y-fundador\/#breadcrumb","itemListElement":[{"@type":"ListItem","position":1,"name":"Portada","item":"https:\/\/schoenstatt.com\/es\/home\/"},{"@type":"ListItem","position":2,"name":"Schoenstattianos de 12 pa\u00edses sellan y renuevan la Alianza Filial con el Padre y Fundador"}]},{"@type":"WebSite","@id":"https:\/\/schoenstatt.com\/es\/#website","url":"https:\/\/schoenstatt.com\/es\/","name":"Schoenstatt","description":"Apostolic Movement","publisher":{"@id":"https:\/\/schoenstatt.com\/es\/#organization"},"potentialAction":[{"@type":"SearchAction","target":{"@type":"EntryPoint","urlTemplate":"https:\/\/schoenstatt.com\/es\/?s={search_term_string}"},"query-input":{"@type":"PropertyValueSpecification","valueRequired":true,"valueName":"search_term_string"}}],"inLanguage":"es"},{"@type":"Organization","@id":"https:\/\/schoenstatt.com\/es\/#organization","name":"Schoenstatt","url":"https:\/\/schoenstatt.com\/es\/","logo":{"@type":"ImageObject","inLanguage":"es","@id":"https:\/\/schoenstatt.com\/es\/#\/schema\/logo\/image\/","url":"https:\/\/schoenstatt.com\/wp-content\/uploads\/2025\/04\/logo-schoenstatt-white-696x696-1.png","contentUrl":"https:\/\/schoenstatt.com\/wp-content\/uploads\/2025\/04\/logo-schoenstatt-white-696x696-1.png","width":696,"height":694,"caption":"Schoenstatt"},"image":{"@id":"https:\/\/schoenstatt.com\/es\/#\/schema\/logo\/image\/"}},{"@type":"Person","@id":"https:\/\/schoenstatt.com\/es\/#\/schema\/person\/5158877ad4acae98b34daaeef2a1ce6e","name":"Karen Bueno","image":{"@type":"ImageObject","inLanguage":"es","@id":"https:\/\/secure.gravatar.com\/avatar\/f9f4b823873154269d2b2130f195f6d41037dd0d7fc5f3cacb5c846bae70d66b?s=96&d=mm&r=g","url":"https:\/\/secure.gravatar.com\/avatar\/f9f4b823873154269d2b2130f195f6d41037dd0d7fc5f3cacb5c846bae70d66b?s=96&d=mm&r=g","contentUrl":"https:\/\/secure.gravatar.com\/avatar\/f9f4b823873154269d2b2130f195f6d41037dd0d7fc5f3cacb5c846bae70d66b?s=96&d=mm&r=g","caption":"Karen Bueno"},"url":"https:\/\/schoenstatt.com\/es\/author\/karen-bueno\/"}]}},"_links":{"self":[{"href":"https:\/\/schoenstatt.com\/es\/wp-json\/wp\/v2\/posts\/69922","targetHints":{"allow":["GET"]}}],"collection":[{"href":"https:\/\/schoenstatt.com\/es\/wp-json\/wp\/v2\/posts"}],"about":[{"href":"https:\/\/schoenstatt.com\/es\/wp-json\/wp\/v2\/types\/post"}],"author":[{"embeddable":true,"href":"https:\/\/schoenstatt.com\/es\/wp-json\/wp\/v2\/users\/3"}],"replies":[{"embeddable":true,"href":"https:\/\/schoenstatt.com\/es\/wp-json\/wp\/v2\/comments?post=69922"}],"version-history":[{"count":3,"href":"https:\/\/schoenstatt.com\/es\/wp-json\/wp\/v2\/posts\/69922\/revisions"}],"predecessor-version":[{"id":69925,"href":"https:\/\/schoenstatt.com\/es\/wp-json\/wp\/v2\/posts\/69922\/revisions\/69925"}],"wp:featuredmedia":[{"embeddable":true,"href":"https:\/\/schoenstatt.com\/es\/wp-json\/wp\/v2\/media\/69907"}],"wp:attachment":[{"href":"https:\/\/schoenstatt.com\/es\/wp-json\/wp\/v2\/media?parent=69922"}],"wp:term":[{"taxonomy":"category","embeddable":true,"href":"https:\/\/schoenstatt.com\/es\/wp-json\/wp\/v2\/categories?post=69922"},{"taxonomy":"post_tag","embeddable":true,"href":"https:\/\/schoenstatt.com\/es\/wp-json\/wp\/v2\/tags?post=69922"}],"curies":[{"name":"wp","href":"https:\/\/api.w.org\/{rel}","templated":true}]}}