{"id":69894,"date":"2026-04-24T14:11:48","date_gmt":"2026-04-24T12:11:48","guid":{"rendered":"https:\/\/schoenstatt.com\/?p=69894"},"modified":"2026-04-24T14:41:56","modified_gmt":"2026-04-24T12:41:56","slug":"mantener-viva-la-llama-que-aprendimos-en-la-reunion-de-la-campana-de-la-virgen-peregrina","status":"publish","type":"post","link":"https:\/\/schoenstatt.com\/es\/mantener-viva-la-llama-que-aprendimos-en-la-reunion-de-la-campana-de-la-virgen-peregrina\/","title":{"rendered":"Mantener viva la llama: \u00bfQu\u00e9 aprendimos en la reuni\u00f3n de la Campa\u00f1a de la Virgen Peregrina?"},"content":{"rendered":"\n<p>La reuni\u00f3n de primavera para l\u00edderes de la <a href=\"https:\/\/schoenstatt.com\/es\/en-mision\/iglesia\/virgen-peregrina\/\">Campa\u00f1a de la Virgen Peregrina de Schoenstatt<\/a> en Texas, EE. UU, ofreci\u00f3 reflexiones profundas e inspiradoras. Gina Moraida comparte sus impresiones de la reuni\u00f3n celebrada el 22 de marzo:<\/p>\n\n\n\n<div style=\"height:26px\" aria-hidden=\"true\" class=\"wp-block-spacer\"><\/div>\n\n\n\n<hr class=\"wp-block-separator has-text-color has-alpha-channel-opacity has-background\" style=\"background-color:#ec9b62;color:#ec9b62\"\/>\n\n\n\n<div style=\"height:38px\" aria-hidden=\"true\" class=\"wp-block-spacer\"><\/div>\n\n\n\n<p>Hay algo realmente especial en estar en una sala rodeada de personas que comparten el mismo amor, la misma misi\u00f3n y, sinceramente, el mismo \u00abs\u00ed\u00bb silencioso que mantiene todo esto en marcha.<\/p>\n\n\n\n<p>El 22 de marzo, en Lamar, Texas, los l\u00edderes estatales de la Campa\u00f1a de la Virgen Peregrina de Texas se reunieron para su encuentro trimestral. Durante nuestro tiempo juntos, se nos hizo una pregunta sencilla:<strong> \u00bfQu\u00e9 nos motiva a hacer este trabajo? <\/strong>Y las respuestas no fueron complicadas ni ensayadas. Fueron aut\u00e9nticas.<\/p>\n\n\n\n<p><em>El amor.<br>El deseo de servir.<br>El deseo de ser instrumentos.<br>Hacerlo por nuestras familias, nuestros hijos, nuestros futuros nietos.<br>Querer acercar a las personas a Jes\u00fas a trav\u00e9s de Mar\u00eda.<\/em><\/p>\n\n\n\n<p>Y mientras todos compart\u00edan, me di cuenta: esto no es algo para lo que simplemente nos ofrecemos como voluntarios. Es algo que hemos dejado que nos moldee. Porque formar parte de la Campa\u00f1a de la Virgen Peregrina no se trata solo de organizar un rosario o coordinar un evento. Est\u00e1 en la forma en que vivimos, en la forma en que nos mostramos ante las personas, en la forma en que llevamos nuestra fe a los momentos cotidianos.<\/p>\n\n\n\n<h2 class=\"wp-block-heading has-medium-font-size\" id=\"h-una-llamada-poderosa\">Una llamada poderosa<\/h2>\n\n\n\n<p>A lo largo del d\u00eda, hubo una fuerte sensaci\u00f3n de que se nos ped\u00eda hacer algo m\u00e1s que simplemente mantener lo que tenemos. Se nos pide mantener viva la llama, no solo para nosotros mismos, sino tambi\u00e9n para las personas a las que estamos llamadas a servir.<\/p>\n\n\n\n<p>Y eso requiere intenci\u00f3n.<\/p>\n\n\n\n<p>Hablamos de formaci\u00f3n, de la necesidad de crecer como l\u00edderes y como misioneros, no solo por el bien de la estructura, porque no se puede dar a los dem\u00e1s si no se recibe. Se est\u00e1 preparando un programa de formaci\u00f3n, se est\u00e1n organizando recursos compartidos y se nos anima a todas a asumir la responsabilidad de nuestro propio crecimiento. No de manera abrumadora, sino de manera real y con los pies en la tierra.<\/p>\n\n\n\n<div style=\"height:33px\" aria-hidden=\"true\" class=\"wp-block-spacer\"><\/div>\n\n\n\n<figure class=\"wp-block-image aligncenter size-full\"><img fetchpriority=\"high\" decoding=\"async\" width=\"1920\" height=\"1440\" src=\"https:\/\/schoenstatt.com\/wp-content\/uploads\/2026\/04\/pilgrim-mother-apostolate-texas-USA.webp\" alt=\"\" class=\"wp-image-69878\" srcset=\"https:\/\/schoenstatt.com\/wp-content\/uploads\/2026\/04\/pilgrim-mother-apostolate-texas-USA.webp 1920w, https:\/\/schoenstatt.com\/wp-content\/uploads\/2026\/04\/pilgrim-mother-apostolate-texas-USA-768x576.webp 768w, https:\/\/schoenstatt.com\/wp-content\/uploads\/2026\/04\/pilgrim-mother-apostolate-texas-USA-1536x1152.webp 1536w\" sizes=\"(max-width: 1920px) 100vw, 1920px\" \/><\/figure>\n\n\n\n<div style=\"height:27px\" aria-hidden=\"true\" class=\"wp-block-spacer\"><\/div>\n\n\n\n<h2 class=\"wp-block-heading has-medium-font-size\" id=\"h-son-las-pequenas-cosas-las-que-marcan-una-gran-diferencia\">Son las peque\u00f1as cosas las que marcan una gran diferencia<\/h2>\n\n\n\n<p>Sin embargo, lo que m\u00e1s me gust\u00f3 fue escuchar las experiencias de cada zona. Me record\u00f3 que esta misi\u00f3n no crece gracias a un solo gran momento. Crece gracias a cientos de peque\u00f1os gestos de fe. Cada ciudad lo hace de forma ligeramente diferente, pero el esp\u00edritu es el mismo.<\/p>\n\n\n\n<p>Algunos est\u00e1n organizando rosarios biling\u00fces y uniendo a diversas comunidades. Otros est\u00e1n entablando relaciones con los p\u00e1rrocos y abriendo puertas a nuevas parroquias. Algunos est\u00e1n haciendo visitas a domicilio, organizando talleres o simplemente manteniendo la constancia con los rosarios mensuales. Hubo procesiones a la luz de las velas, peque\u00f1as reuniones, tarjetas de felicitaci\u00f3n\u2026 cosas sencillas, pero significativas.<\/p>\n\n\n\n<p>Tambi\u00e9n dedicamos tiempo a hablar de tres palabras: <strong>evangelizar, mantener y crecer<\/strong>. Y aunque suenen sencillas, en realidad est\u00e1n pensadas para desafiarnos.<\/p>\n\n\n\n<div style=\"height:32px\" aria-hidden=\"true\" class=\"wp-block-spacer\"><\/div>\n\n\n\n<ul class=\"wp-block-list\">\n<li><strong>Evangelizar<\/strong> no consiste en imponer nada a nadie, sino en invitar. Se trata de estar abiertos, tender la mano y encontrarnos con las personas donde est\u00e1n, ya sea a trav\u00e9s de una conversaci\u00f3n, un mensaje o incluso algo tan sencillo como una publicaci\u00f3n en l\u00ednea.<\/li>\n<\/ul>\n\n\n\n<ul class=\"wp-block-list\">\n<li><strong>Mantener<\/strong> a las personas conectadas tambi\u00e9n requiere esfuerzo. Hacer un seguimiento, interesarse por ellas, crear espacios donde las personas sientan que pertenecen. Porque las personas se quedan donde se sienten vistas.<\/li>\n<\/ul>\n\n\n\n<ul class=\"wp-block-list\">\n<li><strong>Crecer\u2026 <\/strong>esa es la parte m\u00e1s profunda. Crecer en nuestra fe, en nuestra comprensi\u00f3n, en nuestra disposici\u00f3n a asumir el liderazgo y la responsabilidad. No a la perfecci\u00f3n, pero con fidelidad.<\/li>\n<\/ul>\n\n\n\n<div style=\"height:40px\" aria-hidden=\"true\" class=\"wp-block-spacer\"><\/div>\n\n\n\n<h2 class=\"wp-block-heading has-medium-font-size\" id=\"h-una-cosa-que-mas-me-quedo-grabada-es-que-no-estamos-haciendo-esto-solos\">Una cosa que m\u00e1s me qued\u00f3 grabada es que no estamos haciendo esto solos.<\/h2>\n\n\n\n<p>Es f\u00e1cil sentir que llevas todo el peso en tu propia parroquia o en tu propio grupo, pero estar en esa sala me record\u00f3 que hay toda una comunidad caminando a tu lado. Aprendiendo, resolviendo cosas, apoy\u00e1ndonos unos a otros. Tambi\u00e9n est\u00e1 ocurriendo algo realmente hermoso entre bastidores a medida que empezamos a construir una estructura m\u00e1s s\u00f3lida: un equipo central, funciones m\u00e1s claras, una mejor comunicaci\u00f3n. No para complicar las cosas, sino para apoyar la misi\u00f3n de una manera que la ayude a perdurar.<\/p>\n\n\n\n<p>Al terminar el d\u00eda, no parec\u00eda que estuvi\u00e9ramos tachando algo de una lista. Parec\u00eda que nos estaban enviando de nuevo, con un poco m\u00e1s de claridad y un poco m\u00e1s de fuego.<\/p>\n\n\n\n<p>Porque, al fin y al cabo, esta misi\u00f3n no vive en las reuniones.<br>Vive en los hogares.<br>En las conversaciones.<br>En los actos silenciosos de amor y servicio.<br>Y en las personas que siguen diciendo que s\u00ed, incluso cuando es algo sencillo, incluso cuando pasa desapercibido.<\/p>\n\n\n\n<p>Y quiz\u00e1 sea precisamente, as\u00ed como debe ser.<\/p>\n","protected":false},"excerpt":{"rendered":"<p>La reuni\u00f3n de primavera para los responsables de la Campa\u00f1a de la Virgen Peregrina de Schoenstatt en Texas cont\u00f3 con reflexiones inspiradoras.<\/p>\n","protected":false},"author":3,"featured_media":69882,"comment_status":"closed","ping_status":"closed","sticky":false,"template":"","format":"standard","meta":{"footnotes":""},"categories":[864,904],"tags":[1089,1272],"class_list":["post-69894","post","type-post","status-publish","format-standard","has-post-thumbnail","hentry","category-america-es","category-virgen-peregrina-es","tag-campana-de-la-virgen-peregrina-es","tag-schoenstatt-estados-unidos-ee-uu-es"],"yoast_head":"<!-- This site is optimized with the Yoast SEO Premium plugin v27.4 (Yoast SEO v27.5) - https:\/\/yoast.com\/product\/yoast-seo-premium-wordpress\/ -->\n<title>Mantener viva la llama: \u00bfQu\u00e9 aprendimos en la reuni\u00f3n de la Campa\u00f1a de la Virgen Peregrina?<\/title>\n<meta name=\"description\" content=\"La reuni\u00f3n de primavera para los responsables de la Campa\u00f1a de la Virgen Peregrina en Texas cont\u00f3 con reflexiones inspiradoras.\" \/>\n<meta name=\"robots\" content=\"index, follow, max-snippet:-1, max-image-preview:large, max-video-preview:-1\" \/>\n<link rel=\"canonical\" href=\"https:\/\/schoenstatt.com\/es\/mantener-viva-la-llama-que-aprendimos-en-la-reunion-de-la-campana-de-la-virgen-peregrina\/\" \/>\n<meta property=\"og:locale\" content=\"es_ES\" \/>\n<meta property=\"og:type\" content=\"article\" \/>\n<meta property=\"og:title\" content=\"Mantener viva la llama: \u00bfQu\u00e9 aprendimos en la reuni\u00f3n de la Campa\u00f1a de la Virgen Peregrina?\" \/>\n<meta property=\"og:description\" content=\"La reuni\u00f3n de primavera para los responsables de la Campa\u00f1a de la Virgen Peregrina en Texas cont\u00f3 con reflexiones inspiradoras.\" \/>\n<meta property=\"og:url\" content=\"https:\/\/schoenstatt.com\/es\/mantener-viva-la-llama-que-aprendimos-en-la-reunion-de-la-campana-de-la-virgen-peregrina\/\" \/>\n<meta property=\"og:site_name\" content=\"Schoenstatt\" \/>\n<meta property=\"article:published_time\" content=\"2026-04-24T12:11:48+00:00\" \/>\n<meta property=\"article:modified_time\" content=\"2026-04-24T12:41:56+00:00\" \/>\n<meta property=\"og:image\" content=\"https:\/\/schoenstatt.com\/wp-content\/uploads\/2026\/04\/pilgrim-mother-apostolate-texas-USA.webp\" \/>\n\t<meta property=\"og:image:width\" content=\"2048\" \/>\n\t<meta property=\"og:image:height\" content=\"1536\" \/>\n\t<meta property=\"og:image:type\" content=\"image\/jpeg\" \/>\n<meta name=\"author\" content=\"Karen Bueno\" \/>\n<meta name=\"twitter:card\" content=\"summary_large_image\" \/>\n<meta name=\"twitter:label1\" content=\"Escrito por\" \/>\n\t<meta name=\"twitter:data1\" content=\"Karen Bueno\" \/>\n\t<meta name=\"twitter:label2\" content=\"Tiempo de lectura\" \/>\n\t<meta name=\"twitter:data2\" content=\"5 minutos\" \/>\n<script type=\"application\/ld+json\" class=\"yoast-schema-graph\">{\"@context\":\"https:\\\/\\\/schema.org\",\"@graph\":[{\"@type\":\"Article\",\"@id\":\"https:\\\/\\\/schoenstatt.com\\\/es\\\/mantener-viva-la-llama-que-aprendimos-en-la-reunion-de-la-campana-de-la-virgen-peregrina\\\/#article\",\"isPartOf\":{\"@id\":\"https:\\\/\\\/schoenstatt.com\\\/es\\\/mantener-viva-la-llama-que-aprendimos-en-la-reunion-de-la-campana-de-la-virgen-peregrina\\\/\"},\"author\":{\"name\":\"Karen Bueno\",\"@id\":\"https:\\\/\\\/schoenstatt.com\\\/es\\\/#\\\/schema\\\/person\\\/5158877ad4acae98b34daaeef2a1ce6e\"},\"headline\":\"Mantener viva la llama: \u00bfQu\u00e9 aprendimos en la reuni\u00f3n de la Campa\u00f1a de la Virgen Peregrina?\",\"datePublished\":\"2026-04-24T12:11:48+00:00\",\"dateModified\":\"2026-04-24T12:41:56+00:00\",\"mainEntityOfPage\":{\"@id\":\"https:\\\/\\\/schoenstatt.com\\\/es\\\/mantener-viva-la-llama-que-aprendimos-en-la-reunion-de-la-campana-de-la-virgen-peregrina\\\/\"},\"wordCount\":869,\"publisher\":{\"@id\":\"https:\\\/\\\/schoenstatt.com\\\/es\\\/#organization\"},\"image\":{\"@id\":\"https:\\\/\\\/schoenstatt.com\\\/es\\\/mantener-viva-la-llama-que-aprendimos-en-la-reunion-de-la-campana-de-la-virgen-peregrina\\\/#primaryimage\"},\"thumbnailUrl\":\"https:\\\/\\\/schoenstatt.com\\\/wp-content\\\/uploads\\\/2026\\\/04\\\/pilgrim-mother-apostolate-texas-USA.webp\",\"keywords\":[\"Campa\u00f1a de la Virgen Peregrina\",\"Schoenstatt Estados Unidos \u2013 EE.UU.\"],\"articleSection\":[\"Am\u00e9rica\",\"Virgen Peregrina\"],\"inLanguage\":\"es\"},{\"@type\":\"WebPage\",\"@id\":\"https:\\\/\\\/schoenstatt.com\\\/es\\\/mantener-viva-la-llama-que-aprendimos-en-la-reunion-de-la-campana-de-la-virgen-peregrina\\\/\",\"url\":\"https:\\\/\\\/schoenstatt.com\\\/es\\\/mantener-viva-la-llama-que-aprendimos-en-la-reunion-de-la-campana-de-la-virgen-peregrina\\\/\",\"name\":\"Mantener viva la llama: \u00bfQu\u00e9 aprendimos en la reuni\u00f3n de la Campa\u00f1a de la Virgen Peregrina?\",\"isPartOf\":{\"@id\":\"https:\\\/\\\/schoenstatt.com\\\/es\\\/#website\"},\"primaryImageOfPage\":{\"@id\":\"https:\\\/\\\/schoenstatt.com\\\/es\\\/mantener-viva-la-llama-que-aprendimos-en-la-reunion-de-la-campana-de-la-virgen-peregrina\\\/#primaryimage\"},\"image\":{\"@id\":\"https:\\\/\\\/schoenstatt.com\\\/es\\\/mantener-viva-la-llama-que-aprendimos-en-la-reunion-de-la-campana-de-la-virgen-peregrina\\\/#primaryimage\"},\"thumbnailUrl\":\"https:\\\/\\\/schoenstatt.com\\\/wp-content\\\/uploads\\\/2026\\\/04\\\/pilgrim-mother-apostolate-texas-USA.webp\",\"datePublished\":\"2026-04-24T12:11:48+00:00\",\"dateModified\":\"2026-04-24T12:41:56+00:00\",\"description\":\"La reuni\u00f3n de primavera para los responsables de la Campa\u00f1a de la Virgen Peregrina en Texas cont\u00f3 con reflexiones inspiradoras.\",\"breadcrumb\":{\"@id\":\"https:\\\/\\\/schoenstatt.com\\\/es\\\/mantener-viva-la-llama-que-aprendimos-en-la-reunion-de-la-campana-de-la-virgen-peregrina\\\/#breadcrumb\"},\"inLanguage\":\"es\",\"potentialAction\":[{\"@type\":\"ReadAction\",\"target\":[\"https:\\\/\\\/schoenstatt.com\\\/es\\\/mantener-viva-la-llama-que-aprendimos-en-la-reunion-de-la-campana-de-la-virgen-peregrina\\\/\"]}]},{\"@type\":\"ImageObject\",\"inLanguage\":\"es\",\"@id\":\"https:\\\/\\\/schoenstatt.com\\\/es\\\/mantener-viva-la-llama-que-aprendimos-en-la-reunion-de-la-campana-de-la-virgen-peregrina\\\/#primaryimage\",\"url\":\"https:\\\/\\\/schoenstatt.com\\\/wp-content\\\/uploads\\\/2026\\\/04\\\/pilgrim-mother-apostolate-texas-USA.webp\",\"contentUrl\":\"https:\\\/\\\/schoenstatt.com\\\/wp-content\\\/uploads\\\/2026\\\/04\\\/pilgrim-mother-apostolate-texas-USA.webp\",\"width\":2048,\"height\":1536},{\"@type\":\"BreadcrumbList\",\"@id\":\"https:\\\/\\\/schoenstatt.com\\\/es\\\/mantener-viva-la-llama-que-aprendimos-en-la-reunion-de-la-campana-de-la-virgen-peregrina\\\/#breadcrumb\",\"itemListElement\":[{\"@type\":\"ListItem\",\"position\":1,\"name\":\"Portada\",\"item\":\"https:\\\/\\\/schoenstatt.com\\\/es\\\/home\\\/\"},{\"@type\":\"ListItem\",\"position\":2,\"name\":\"Mantener viva la llama: \u00bfQu\u00e9 aprendimos en la reuni\u00f3n de la Campa\u00f1a de la Virgen Peregrina?\"}]},{\"@type\":\"WebSite\",\"@id\":\"https:\\\/\\\/schoenstatt.com\\\/es\\\/#website\",\"url\":\"https:\\\/\\\/schoenstatt.com\\\/es\\\/\",\"name\":\"Schoenstatt\",\"description\":\"Apostolic Movement\",\"publisher\":{\"@id\":\"https:\\\/\\\/schoenstatt.com\\\/es\\\/#organization\"},\"potentialAction\":[{\"@type\":\"SearchAction\",\"target\":{\"@type\":\"EntryPoint\",\"urlTemplate\":\"https:\\\/\\\/schoenstatt.com\\\/es\\\/?s={search_term_string}\"},\"query-input\":{\"@type\":\"PropertyValueSpecification\",\"valueRequired\":true,\"valueName\":\"search_term_string\"}}],\"inLanguage\":\"es\"},{\"@type\":\"Organization\",\"@id\":\"https:\\\/\\\/schoenstatt.com\\\/es\\\/#organization\",\"name\":\"Schoenstatt\",\"url\":\"https:\\\/\\\/schoenstatt.com\\\/es\\\/\",\"logo\":{\"@type\":\"ImageObject\",\"inLanguage\":\"es\",\"@id\":\"https:\\\/\\\/schoenstatt.com\\\/es\\\/#\\\/schema\\\/logo\\\/image\\\/\",\"url\":\"https:\\\/\\\/schoenstatt.com\\\/wp-content\\\/uploads\\\/2025\\\/04\\\/logo-schoenstatt-white-696x696-1.png\",\"contentUrl\":\"https:\\\/\\\/schoenstatt.com\\\/wp-content\\\/uploads\\\/2025\\\/04\\\/logo-schoenstatt-white-696x696-1.png\",\"width\":696,\"height\":694,\"caption\":\"Schoenstatt\"},\"image\":{\"@id\":\"https:\\\/\\\/schoenstatt.com\\\/es\\\/#\\\/schema\\\/logo\\\/image\\\/\"}},{\"@type\":\"Person\",\"@id\":\"https:\\\/\\\/schoenstatt.com\\\/es\\\/#\\\/schema\\\/person\\\/5158877ad4acae98b34daaeef2a1ce6e\",\"name\":\"Karen Bueno\",\"image\":{\"@type\":\"ImageObject\",\"inLanguage\":\"es\",\"@id\":\"https:\\\/\\\/secure.gravatar.com\\\/avatar\\\/f9f4b823873154269d2b2130f195f6d41037dd0d7fc5f3cacb5c846bae70d66b?s=96&d=mm&r=g\",\"url\":\"https:\\\/\\\/secure.gravatar.com\\\/avatar\\\/f9f4b823873154269d2b2130f195f6d41037dd0d7fc5f3cacb5c846bae70d66b?s=96&d=mm&r=g\",\"contentUrl\":\"https:\\\/\\\/secure.gravatar.com\\\/avatar\\\/f9f4b823873154269d2b2130f195f6d41037dd0d7fc5f3cacb5c846bae70d66b?s=96&d=mm&r=g\",\"caption\":\"Karen Bueno\"},\"url\":\"https:\\\/\\\/schoenstatt.com\\\/es\\\/author\\\/karen-bueno\\\/\"}]}<\/script>\n<!-- \/ Yoast SEO Premium plugin. -->","yoast_head_json":{"title":"Mantener viva la llama: \u00bfQu\u00e9 aprendimos en la reuni\u00f3n de la Campa\u00f1a de la Virgen Peregrina?","description":"La reuni\u00f3n de primavera para los responsables de la Campa\u00f1a de la Virgen Peregrina en Texas cont\u00f3 con reflexiones inspiradoras.","robots":{"index":"index","follow":"follow","max-snippet":"max-snippet:-1","max-image-preview":"max-image-preview:large","max-video-preview":"max-video-preview:-1"},"canonical":"https:\/\/schoenstatt.com\/es\/mantener-viva-la-llama-que-aprendimos-en-la-reunion-de-la-campana-de-la-virgen-peregrina\/","og_locale":"es_ES","og_type":"article","og_title":"Mantener viva la llama: \u00bfQu\u00e9 aprendimos en la reuni\u00f3n de la Campa\u00f1a de la Virgen Peregrina?","og_description":"La reuni\u00f3n de primavera para los responsables de la Campa\u00f1a de la Virgen Peregrina en Texas cont\u00f3 con reflexiones inspiradoras.","og_url":"https:\/\/schoenstatt.com\/es\/mantener-viva-la-llama-que-aprendimos-en-la-reunion-de-la-campana-de-la-virgen-peregrina\/","og_site_name":"Schoenstatt","article_published_time":"2026-04-24T12:11:48+00:00","article_modified_time":"2026-04-24T12:41:56+00:00","og_image":[{"width":2048,"height":1536,"url":"https:\/\/schoenstatt.com\/wp-content\/uploads\/2026\/04\/pilgrim-mother-apostolate-texas-USA.webp","type":"image\/jpeg"}],"author":"Karen Bueno","twitter_card":"summary_large_image","twitter_misc":{"Escrito por":"Karen Bueno","Tiempo de lectura":"5 minutos"},"schema":{"@context":"https:\/\/schema.org","@graph":[{"@type":"Article","@id":"https:\/\/schoenstatt.com\/es\/mantener-viva-la-llama-que-aprendimos-en-la-reunion-de-la-campana-de-la-virgen-peregrina\/#article","isPartOf":{"@id":"https:\/\/schoenstatt.com\/es\/mantener-viva-la-llama-que-aprendimos-en-la-reunion-de-la-campana-de-la-virgen-peregrina\/"},"author":{"name":"Karen Bueno","@id":"https:\/\/schoenstatt.com\/es\/#\/schema\/person\/5158877ad4acae98b34daaeef2a1ce6e"},"headline":"Mantener viva la llama: \u00bfQu\u00e9 aprendimos en la reuni\u00f3n de la Campa\u00f1a de la Virgen Peregrina?","datePublished":"2026-04-24T12:11:48+00:00","dateModified":"2026-04-24T12:41:56+00:00","mainEntityOfPage":{"@id":"https:\/\/schoenstatt.com\/es\/mantener-viva-la-llama-que-aprendimos-en-la-reunion-de-la-campana-de-la-virgen-peregrina\/"},"wordCount":869,"publisher":{"@id":"https:\/\/schoenstatt.com\/es\/#organization"},"image":{"@id":"https:\/\/schoenstatt.com\/es\/mantener-viva-la-llama-que-aprendimos-en-la-reunion-de-la-campana-de-la-virgen-peregrina\/#primaryimage"},"thumbnailUrl":"https:\/\/schoenstatt.com\/wp-content\/uploads\/2026\/04\/pilgrim-mother-apostolate-texas-USA.webp","keywords":["Campa\u00f1a de la Virgen Peregrina","Schoenstatt Estados Unidos \u2013 EE.UU."],"articleSection":["Am\u00e9rica","Virgen Peregrina"],"inLanguage":"es"},{"@type":"WebPage","@id":"https:\/\/schoenstatt.com\/es\/mantener-viva-la-llama-que-aprendimos-en-la-reunion-de-la-campana-de-la-virgen-peregrina\/","url":"https:\/\/schoenstatt.com\/es\/mantener-viva-la-llama-que-aprendimos-en-la-reunion-de-la-campana-de-la-virgen-peregrina\/","name":"Mantener viva la llama: \u00bfQu\u00e9 aprendimos en la reuni\u00f3n de la Campa\u00f1a de la Virgen Peregrina?","isPartOf":{"@id":"https:\/\/schoenstatt.com\/es\/#website"},"primaryImageOfPage":{"@id":"https:\/\/schoenstatt.com\/es\/mantener-viva-la-llama-que-aprendimos-en-la-reunion-de-la-campana-de-la-virgen-peregrina\/#primaryimage"},"image":{"@id":"https:\/\/schoenstatt.com\/es\/mantener-viva-la-llama-que-aprendimos-en-la-reunion-de-la-campana-de-la-virgen-peregrina\/#primaryimage"},"thumbnailUrl":"https:\/\/schoenstatt.com\/wp-content\/uploads\/2026\/04\/pilgrim-mother-apostolate-texas-USA.webp","datePublished":"2026-04-24T12:11:48+00:00","dateModified":"2026-04-24T12:41:56+00:00","description":"La reuni\u00f3n de primavera para los responsables de la Campa\u00f1a de la Virgen Peregrina en Texas cont\u00f3 con reflexiones inspiradoras.","breadcrumb":{"@id":"https:\/\/schoenstatt.com\/es\/mantener-viva-la-llama-que-aprendimos-en-la-reunion-de-la-campana-de-la-virgen-peregrina\/#breadcrumb"},"inLanguage":"es","potentialAction":[{"@type":"ReadAction","target":["https:\/\/schoenstatt.com\/es\/mantener-viva-la-llama-que-aprendimos-en-la-reunion-de-la-campana-de-la-virgen-peregrina\/"]}]},{"@type":"ImageObject","inLanguage":"es","@id":"https:\/\/schoenstatt.com\/es\/mantener-viva-la-llama-que-aprendimos-en-la-reunion-de-la-campana-de-la-virgen-peregrina\/#primaryimage","url":"https:\/\/schoenstatt.com\/wp-content\/uploads\/2026\/04\/pilgrim-mother-apostolate-texas-USA.webp","contentUrl":"https:\/\/schoenstatt.com\/wp-content\/uploads\/2026\/04\/pilgrim-mother-apostolate-texas-USA.webp","width":2048,"height":1536},{"@type":"BreadcrumbList","@id":"https:\/\/schoenstatt.com\/es\/mantener-viva-la-llama-que-aprendimos-en-la-reunion-de-la-campana-de-la-virgen-peregrina\/#breadcrumb","itemListElement":[{"@type":"ListItem","position":1,"name":"Portada","item":"https:\/\/schoenstatt.com\/es\/home\/"},{"@type":"ListItem","position":2,"name":"Mantener viva la llama: \u00bfQu\u00e9 aprendimos en la reuni\u00f3n de la Campa\u00f1a de la Virgen Peregrina?"}]},{"@type":"WebSite","@id":"https:\/\/schoenstatt.com\/es\/#website","url":"https:\/\/schoenstatt.com\/es\/","name":"Schoenstatt","description":"Apostolic Movement","publisher":{"@id":"https:\/\/schoenstatt.com\/es\/#organization"},"potentialAction":[{"@type":"SearchAction","target":{"@type":"EntryPoint","urlTemplate":"https:\/\/schoenstatt.com\/es\/?s={search_term_string}"},"query-input":{"@type":"PropertyValueSpecification","valueRequired":true,"valueName":"search_term_string"}}],"inLanguage":"es"},{"@type":"Organization","@id":"https:\/\/schoenstatt.com\/es\/#organization","name":"Schoenstatt","url":"https:\/\/schoenstatt.com\/es\/","logo":{"@type":"ImageObject","inLanguage":"es","@id":"https:\/\/schoenstatt.com\/es\/#\/schema\/logo\/image\/","url":"https:\/\/schoenstatt.com\/wp-content\/uploads\/2025\/04\/logo-schoenstatt-white-696x696-1.png","contentUrl":"https:\/\/schoenstatt.com\/wp-content\/uploads\/2025\/04\/logo-schoenstatt-white-696x696-1.png","width":696,"height":694,"caption":"Schoenstatt"},"image":{"@id":"https:\/\/schoenstatt.com\/es\/#\/schema\/logo\/image\/"}},{"@type":"Person","@id":"https:\/\/schoenstatt.com\/es\/#\/schema\/person\/5158877ad4acae98b34daaeef2a1ce6e","name":"Karen Bueno","image":{"@type":"ImageObject","inLanguage":"es","@id":"https:\/\/secure.gravatar.com\/avatar\/f9f4b823873154269d2b2130f195f6d41037dd0d7fc5f3cacb5c846bae70d66b?s=96&d=mm&r=g","url":"https:\/\/secure.gravatar.com\/avatar\/f9f4b823873154269d2b2130f195f6d41037dd0d7fc5f3cacb5c846bae70d66b?s=96&d=mm&r=g","contentUrl":"https:\/\/secure.gravatar.com\/avatar\/f9f4b823873154269d2b2130f195f6d41037dd0d7fc5f3cacb5c846bae70d66b?s=96&d=mm&r=g","caption":"Karen Bueno"},"url":"https:\/\/schoenstatt.com\/es\/author\/karen-bueno\/"}]}},"_links":{"self":[{"href":"https:\/\/schoenstatt.com\/es\/wp-json\/wp\/v2\/posts\/69894","targetHints":{"allow":["GET"]}}],"collection":[{"href":"https:\/\/schoenstatt.com\/es\/wp-json\/wp\/v2\/posts"}],"about":[{"href":"https:\/\/schoenstatt.com\/es\/wp-json\/wp\/v2\/types\/post"}],"author":[{"embeddable":true,"href":"https:\/\/schoenstatt.com\/es\/wp-json\/wp\/v2\/users\/3"}],"replies":[{"embeddable":true,"href":"https:\/\/schoenstatt.com\/es\/wp-json\/wp\/v2\/comments?post=69894"}],"version-history":[{"count":3,"href":"https:\/\/schoenstatt.com\/es\/wp-json\/wp\/v2\/posts\/69894\/revisions"}],"predecessor-version":[{"id":69897,"href":"https:\/\/schoenstatt.com\/es\/wp-json\/wp\/v2\/posts\/69894\/revisions\/69897"}],"wp:featuredmedia":[{"embeddable":true,"href":"https:\/\/schoenstatt.com\/es\/wp-json\/wp\/v2\/media\/69882"}],"wp:attachment":[{"href":"https:\/\/schoenstatt.com\/es\/wp-json\/wp\/v2\/media?parent=69894"}],"wp:term":[{"taxonomy":"category","embeddable":true,"href":"https:\/\/schoenstatt.com\/es\/wp-json\/wp\/v2\/categories?post=69894"},{"taxonomy":"post_tag","embeddable":true,"href":"https:\/\/schoenstatt.com\/es\/wp-json\/wp\/v2\/tags?post=69894"}],"curies":[{"name":"wp","href":"https:\/\/api.w.org\/{rel}","templated":true}]}}