{"id":69862,"date":"2026-04-23T14:42:49","date_gmt":"2026-04-23T12:42:49","guid":{"rendered":"https:\/\/schoenstatt.com\/?p=69862"},"modified":"2026-04-23T14:59:02","modified_gmt":"2026-04-23T12:59:02","slug":"misiones-vivir-la-fe-en-zulpich-una-experiencia-inolvidable-en-alemania","status":"publish","type":"post","link":"https:\/\/schoenstatt.com\/es\/misiones-vivir-la-fe-en-zulpich-una-experiencia-inolvidable-en-alemania\/","title":{"rendered":"Misiones: vivir la fe en Z\u00fclpich, una experiencia inolvidable en Alemania"},"content":{"rendered":"\n<p>El 28 de marzo de 2026, el d\u00eda antes del Domingo de Ramos, un grupo de j\u00f3venes adultos, familias y otras personas comprometidas parti\u00f3 del Santuario Original de Schoenstatt, en Vallendar, hacia Z\u00fclpich, cerca de Colonia. Bajo el lema \u00abMisiones: vivir la fe\u00bb, participan activamente en la Semana Santa y buscan el encuentro con las personas de forma consciente: en las celebraciones lit\u00fargicas, en la oraci\u00f3n y en la vida cotidiana del lugar.<\/p>\n\n\n\n<div style=\"height:32px\" aria-hidden=\"true\" class=\"wp-block-spacer\"><\/div>\n\n\n\n<figure class=\"wp-block-image aligncenter size-full\"><img decoding=\"async\" src=\"https:\/\/schoenstatt.com\/wp-content\/uploads\/2026\/04\/misiones-2026-b.webp\" alt=\"\" class=\"wp-image-69824\"\/><\/figure>\n\n\n\n<div style=\"height:32px\" aria-hidden=\"true\" class=\"wp-block-spacer\"><\/div>\n\n\n\n<h2 class=\"wp-block-heading has-medium-font-size\" id=\"h-envio-con-conciencia-de-mision-y-confianza\">Env\u00edo con conciencia de misi\u00f3n y confianza<\/h2>\n\n\n\n<p>El inicio en el Santuario Original est\u00e1 marcado por el env\u00edo. Delante del altar hay cruces de misiones para todos los participantes, como se\u00f1al de que \u00abno van por cuenta propia, sino con Cristo y para Cristo\u00bb. En una celebraci\u00f3n sencilla, se reafirma la misi\u00f3n con la palabra de Jes\u00fas: \u00abId, yo os env\u00edo\u2026\u00bb. (Lc 10, 3). Las im\u00e1genes de la <a href=\"https:\/\/schoenstatt.com\/es\/en-mision\/iglesia\/virgen-peregrina\/\">Virgen Peregrina<\/a> dejan claro que el grupo de Schoenstatt desea emprender este proyecto apost\u00f3lico acompa\u00f1ado por Mar\u00eda, la Madre de Jes\u00fas.<\/p>\n\n\n\n<p>Para los presentes resulta especialmente significativa una palabra del padre Jos\u00e9 Kentenich: <strong><em>\u00abIntent\u00e9moslo una vez con la Virgen Mar\u00eda. Ella es, despu\u00e9s de todo, la gran misionera. [\u2026] Lo imposible se vuelve posible\u00bb.<\/em><\/strong><\/p>\n\n\n\n<p>De manera inesperada, al final de la celebraci\u00f3n de env\u00edo, el grupo recibe la bendici\u00f3n del obispo auxiliar Dominikus Schwaderlapp, quien se encuentra de visita en el Santuario Original.<\/p>\n\n\n\n<div style=\"height:35px\" aria-hidden=\"true\" class=\"wp-block-spacer\"><\/div>\n\n\n\n<figure class=\"wp-block-gallery has-nested-images columns-default is-cropped wp-block-gallery-1 is-layout-flex wp-block-gallery-is-layout-flex\">\n<figure class=\"wp-block-image size-large\"><img decoding=\"async\" data-id=\"69839\" src=\"https:\/\/schoenstatt.com\/wp-content\/uploads\/2026\/04\/Missions-Germany-3.webp\" alt=\"\" class=\"wp-image-69839\"\/><\/figure>\n\n\n\n<figure class=\"wp-block-image size-large\"><img decoding=\"async\" data-id=\"69844\" src=\"https:\/\/schoenstatt.com\/wp-content\/uploads\/2026\/04\/Missions-Germany-4.webp\" alt=\"\" class=\"wp-image-69844\"\/><\/figure>\n<\/figure>\n\n\n\n<div style=\"height:30px\" aria-hidden=\"true\" class=\"wp-block-spacer\"><\/div>\n\n\n\n<h2 class=\"wp-block-heading has-medium-font-size\" id=\"h-entre-el-escepticismo-y-el-anhelo\">Entre el escepticismo y el anhelo<\/h2>\n\n\n\n<p>Con la misa del Domingo de Ramos en F\u00fcssenich comienza la semana de la misi\u00f3n en el lugar. El sacerdote responsable de la parroquia, el P. Guido Zimmermann, destaca en la misa: <em>\u00abEl mensaje de Pascua [\u2026] es el mensaje m\u00e1s importante del mundo. Estoy muy agradecido de que esta semana tengamos como hu\u00e9spedes a un grupo que nos ayuda a llevar este mensaje a la gente\u00bb<\/em>. Esta misi\u00f3n de transmitir el mensaje marcar\u00e1 los d\u00edas siguientes.<\/p>\n\n\n\n<p>En los encuentros se revela un panorama complejo, en el que afirmaciones como \u00ab\u00a1Soy un ateo profundamente creyente!\u00bb o \u00abSoy feliz sin Dios\u00bb contrastan con un anhelo, a menudo palpable, de cercan\u00eda y sentido. R\u00e1pidamente se percibe cu\u00e1nta soledad y desamparo se esconden tras muchas puertas. Algunos expresan con gratitud que hay alguien que se dirige a ellos, que muestra inter\u00e9s y los escucha. Precisamente en las puertas de las casas y en la calle surgen conversaciones que conmueven y llegan a lo m\u00e1s profundo.<\/p>\n\n\n\n<div style=\"height:27px\" aria-hidden=\"true\" class=\"wp-block-spacer\"><\/div>\n\n\n\n<figure class=\"wp-block-image aligncenter size-full\"><img decoding=\"async\" src=\"https:\/\/schoenstatt.com\/wp-content\/uploads\/2026\/04\/Missions-Germany-2026.webp\" alt=\"\" class=\"wp-image-69849\"\/><\/figure>\n\n\n\n<div style=\"height:36px\" aria-hidden=\"true\" class=\"wp-block-spacer\"><\/div>\n\n\n\n<h2 class=\"wp-block-heading has-medium-font-size\" id=\"h-encuentros-que-perduran\">Encuentros que perduran<\/h2>\n\n\n\n<p>Uno de estos encuentros qued\u00f3 especialmente grabado en la memoria del grupo de misiones: un hombre cont\u00f3 su camino a trav\u00e9s de la adicci\u00f3n al alcohol. Un camino que finalmente lo llev\u00f3 a convertirse en consejero de adicciones. Habla de su fe, que<em> \u00absiempre le ha dado mucho apoyo en todos los altibajos de la vida\u00bb<\/em>. Tambi\u00e9n describe su matrimonio como cimentado en esta fe: <em>\u00abCuando alguien simplemente est\u00e1 contigo en un momento as\u00ed y te apoya, entonces nada puede separarnos\u00bb.<\/em><\/p>\n\n\n\n<p>Una participante de 12 a\u00f1os resume el efecto que tienen este tipo de conversaciones:<em> \u00abEs genial cuando la gente cuenta sus experiencias con la fe, porque eso despierta todo lo que hay en su interior\u00bb.<\/em><\/p>\n\n\n\n<p>De hecho, el hombre se volvi\u00f3 a encontrar con el grupo m\u00e1s tarde y cont\u00f3 lo mucho que le hab\u00eda conmovido la conversaci\u00f3n.<\/p>\n\n\n\n<div style=\"height:25px\" aria-hidden=\"true\" class=\"wp-block-spacer\"><\/div>\n\n\n\n<figure class=\"wp-block-image aligncenter size-full is-resized\"><img decoding=\"async\" src=\"https:\/\/schoenstatt.com\/wp-content\/uploads\/2026\/04\/Missions-Germany.webp\" alt=\"\" class=\"wp-image-69854\" style=\"width:324px;height:auto\"\/><\/figure>\n\n\n\n<div style=\"height:42px\" aria-hidden=\"true\" class=\"wp-block-spacer\"><\/div>\n\n\n\n<h2 class=\"wp-block-heading has-medium-font-size\" id=\"h-la-fe-en-la-celebracion-comunitaria\">La fe en la celebraci\u00f3n comunitaria<\/h2>\n\n\n\n<p>Adem\u00e1s de los encuentros personales, el grupo de misiones tambi\u00e9n participa en la organizaci\u00f3n de algunas actividades parroquiales: todas las ma\u00f1anas, previo al desayuno comunitario hay una reflexi\u00f3n ofrecida por una pareja del grupo. Son pensamientos muy espirituales y concisos que acompa\u00f1an a todos cada ma\u00f1ana.<\/p>\n\n\n\n<p>Las v\u00edsperas diarias y la vigilia del Jueves Santo, organizadas por el grupo de misiones junto con la parroquia, tienen lugar en la hermosa cripta de San Pedro en Z\u00fclpich.<\/p>\n\n\n\n<p>La celebraci\u00f3n del V\u00eda Crucis sobre las \u00abSiete \u00faltimas palabras de Jes\u00fas\u00bb del Viernes Santo tambi\u00e9n genera una participaci\u00f3n inesperada: una pareja se suma espont\u00e1neamente a la propuesta del grupo con las palabras: \u00abNos gustar\u00eda unirnos a ustedes\u00bb.<\/p>\n\n\n\n<div style=\"height:32px\" aria-hidden=\"true\" class=\"wp-block-spacer\"><\/div>\n\n\n\n<figure class=\"wp-block-image size-full\"><img decoding=\"async\" src=\"https:\/\/schoenstatt.com\/wp-content\/uploads\/2026\/04\/Missions-Germany-2.webp\" alt=\"\" class=\"wp-image-69834\"\/><\/figure>\n\n\n\n<div style=\"height:48px\" aria-hidden=\"true\" class=\"wp-block-spacer\"><\/div>\n\n\n\n<h2 class=\"wp-block-heading has-medium-font-size\" id=\"h-es-un-signo-de-bendicion\">Es un signo de bendici\u00f3n<\/h2>\n\n\n\n<p>Los participantes del grupo Misiones conciben cada encuentro como un regalo. Un signo visible de ello es una jarra en la que, simb\u00f3licamente, se recoge agua de cada encuentro. En la Vigilia Pascual, esta agua se vierte en la pila bautismal y se consagra como agua de Pascua, lo que simboliza que las experiencias de la semana fluyen de vuelta a la vida de la Iglesia local.<\/p>\n\n\n\n<p>El P. Zimmermann resume as\u00ed el impacto de la semana: <em>\u00abUstedes fueron como una espina clavada en nuestra comunidad, \u00a1porque lo que hicieron es la misi\u00f3n de todos nosotros! Hag\u00e1moslo tambi\u00e9n nosotros; salgamos y contemos a la gente este mensaje de Pascua, que es el m\u00e1s importante para todos: \u00a1Jes\u00fas ha resucitado!\u00bb.<\/em><\/p>\n\n\n\n<div style=\"height:44px\" aria-hidden=\"true\" class=\"wp-block-spacer\"><\/div>\n\n\n\n<figure class=\"wp-block-image size-full\"><img decoding=\"async\" src=\"https:\/\/schoenstatt.com\/wp-content\/uploads\/2026\/04\/Misiones-Zulpich-Germany.webp\" alt=\"\" class=\"wp-image-69829\"\/><\/figure>\n\n\n\n<div style=\"height:34px\" aria-hidden=\"true\" class=\"wp-block-spacer\"><\/div>\n\n\n\n<h2 class=\"wp-block-heading has-medium-font-size\" id=\"h-experiencias-que-perduran\">Experiencias que perduran<\/h2>\n\n\n\n<p>Para el propio grupo misionero, la semana tambi\u00e9n se convierte en una intensa experiencia de fe. Una madre lo describe as\u00ed: \u00abEn las misiones de Z\u00fclpich vi a mis hijos desde una nueva perspectiva, profunda y llena de fe, y los redescubr\u00ed. \u00a1He vivido una comunidad alegre en torno a Cristo!\u00bb.<\/p>\n\n\n\n<p>Los comentarios del grupo muestran un amplio espectro de impresiones: \u00abUna comunidad estupenda\u00bb, \u00abuna experiencia intensa de Dios\u00bb, \u00abuna aventura entre el rechazo y la apertura\u00bb. Lo que m\u00e1s les ha marcado es el camino compartido: \u00abTodas las preocupaciones se desvanec\u00edan y uno se sent\u00eda como los disc\u00edpulos, que no caminaban por s\u00ed mismos, sino por Dios\u00bb.<\/p>\n\n\n\n<p>Al final, todos comparten la misma convicci\u00f3n: \u00abEs algo grandioso poder caminar juntos en esta misi\u00f3n especial\u00bb. La Semana Santa en Z\u00fclpich se convierte as\u00ed, para muchos, en una experiencia que perdura y que deja los corazones \u00abprofundamente colmados y agradecidos\u00bb.<\/p>\n\n\n\n<p><strong>Edici\u00f3n del texto: <\/strong>Heinrich Brehm<\/p>\n\n\n\n<p><strong>Fotos:<\/strong> Matthias e Vanessa Franke<\/p>\n","protected":false},"excerpt":{"rendered":"<p>J\u00f3venes y familias de Alemania se comprometen en un proyecto en el que se acercan proactivamente a otras personas.<\/p>\n","protected":false},"author":3,"featured_media":69830,"comment_status":"closed","ping_status":"closed","sticky":false,"template":"","format":"standard","meta":{"footnotes":""},"categories":[898,873],"tags":[1066,1165],"class_list":["post-69862","post","type-post","status-publish","format-standard","has-post-thumbnail","hentry","category-en-mision-es","category-europa-es","tag-misioneros-es","tag-schoenstatt-alemania-es"],"yoast_head":"<!-- This site is optimized with the Yoast SEO Premium plugin v27.4 (Yoast SEO v27.4) - https:\/\/yoast.com\/product\/yoast-seo-premium-wordpress\/ -->\n<title>Misiones: vivir la fe en Z\u00fclpich, una experiencia inolvidable en Alemania<\/title>\n<meta name=\"description\" content=\"J\u00f3venes y familias de Alemania se comprometen en un proyecto en el que se acercan proactivamente a otras personas.\" \/>\n<meta name=\"robots\" content=\"index, follow, max-snippet:-1, max-image-preview:large, max-video-preview:-1\" \/>\n<link rel=\"canonical\" href=\"https:\/\/schoenstatt.com\/es\/misiones-vivir-la-fe-en-zulpich-una-experiencia-inolvidable-en-alemania\/\" \/>\n<meta property=\"og:locale\" content=\"es_ES\" \/>\n<meta property=\"og:type\" content=\"article\" \/>\n<meta property=\"og:title\" content=\"Misiones: vivir la fe en Z\u00fclpich, una experiencia inolvidable en Alemania\" \/>\n<meta property=\"og:description\" content=\"J\u00f3venes y familias de Alemania se comprometen en un proyecto en el que se acercan proactivamente a otras personas.\" \/>\n<meta property=\"og:url\" content=\"https:\/\/schoenstatt.com\/es\/misiones-vivir-la-fe-en-zulpich-una-experiencia-inolvidable-en-alemania\/\" \/>\n<meta property=\"og:site_name\" content=\"Schoenstatt\" \/>\n<meta property=\"article:published_time\" content=\"2026-04-23T12:42:49+00:00\" \/>\n<meta property=\"article:modified_time\" content=\"2026-04-23T12:59:02+00:00\" \/>\n<meta property=\"og:image\" content=\"https:\/\/schoenstatt.com\/wp-content\/uploads\/2026\/04\/Misiones-Zulpich-Germany.webp\" \/>\n\t<meta property=\"og:image:width\" content=\"2048\" \/>\n\t<meta property=\"og:image:height\" content=\"1425\" \/>\n\t<meta property=\"og:image:type\" content=\"image\/jpeg\" \/>\n<meta name=\"author\" content=\"Karen Bueno\" \/>\n<meta name=\"twitter:card\" content=\"summary_large_image\" \/>\n<meta name=\"twitter:label1\" content=\"Escrito por\" \/>\n\t<meta name=\"twitter:data1\" content=\"Karen Bueno\" \/>\n\t<meta name=\"twitter:label2\" content=\"Tiempo de lectura\" \/>\n\t<meta name=\"twitter:data2\" content=\"7 minutos\" \/>\n<script type=\"application\/ld+json\" class=\"yoast-schema-graph\">{\"@context\":\"https:\\\/\\\/schema.org\",\"@graph\":[{\"@type\":\"Article\",\"@id\":\"https:\\\/\\\/schoenstatt.com\\\/es\\\/misiones-vivir-la-fe-en-zulpich-una-experiencia-inolvidable-en-alemania\\\/#article\",\"isPartOf\":{\"@id\":\"https:\\\/\\\/schoenstatt.com\\\/es\\\/misiones-vivir-la-fe-en-zulpich-una-experiencia-inolvidable-en-alemania\\\/\"},\"author\":{\"name\":\"Karen Bueno\",\"@id\":\"https:\\\/\\\/schoenstatt.com\\\/es\\\/#\\\/schema\\\/person\\\/5158877ad4acae98b34daaeef2a1ce6e\"},\"headline\":\"Misiones: vivir la fe en Z\u00fclpich, una experiencia inolvidable en Alemania\",\"datePublished\":\"2026-04-23T12:42:49+00:00\",\"dateModified\":\"2026-04-23T12:59:02+00:00\",\"mainEntityOfPage\":{\"@id\":\"https:\\\/\\\/schoenstatt.com\\\/es\\\/misiones-vivir-la-fe-en-zulpich-una-experiencia-inolvidable-en-alemania\\\/\"},\"wordCount\":1021,\"publisher\":{\"@id\":\"https:\\\/\\\/schoenstatt.com\\\/es\\\/#organization\"},\"image\":{\"@id\":\"https:\\\/\\\/schoenstatt.com\\\/es\\\/misiones-vivir-la-fe-en-zulpich-una-experiencia-inolvidable-en-alemania\\\/#primaryimage\"},\"thumbnailUrl\":\"https:\\\/\\\/schoenstatt.com\\\/wp-content\\\/uploads\\\/2026\\\/04\\\/Misiones-Zulpich-Germany.webp\",\"keywords\":[\"Misioneros\",\"Schoenstatt Alemania\"],\"articleSection\":[\"En misi\u00f3n\",\"Europa\"],\"inLanguage\":\"es\"},{\"@type\":\"WebPage\",\"@id\":\"https:\\\/\\\/schoenstatt.com\\\/es\\\/misiones-vivir-la-fe-en-zulpich-una-experiencia-inolvidable-en-alemania\\\/\",\"url\":\"https:\\\/\\\/schoenstatt.com\\\/es\\\/misiones-vivir-la-fe-en-zulpich-una-experiencia-inolvidable-en-alemania\\\/\",\"name\":\"Misiones: vivir la fe en Z\u00fclpich, una experiencia inolvidable en Alemania\",\"isPartOf\":{\"@id\":\"https:\\\/\\\/schoenstatt.com\\\/es\\\/#website\"},\"primaryImageOfPage\":{\"@id\":\"https:\\\/\\\/schoenstatt.com\\\/es\\\/misiones-vivir-la-fe-en-zulpich-una-experiencia-inolvidable-en-alemania\\\/#primaryimage\"},\"image\":{\"@id\":\"https:\\\/\\\/schoenstatt.com\\\/es\\\/misiones-vivir-la-fe-en-zulpich-una-experiencia-inolvidable-en-alemania\\\/#primaryimage\"},\"thumbnailUrl\":\"https:\\\/\\\/schoenstatt.com\\\/wp-content\\\/uploads\\\/2026\\\/04\\\/Misiones-Zulpich-Germany.webp\",\"datePublished\":\"2026-04-23T12:42:49+00:00\",\"dateModified\":\"2026-04-23T12:59:02+00:00\",\"description\":\"J\u00f3venes y familias de Alemania se comprometen en un proyecto en el que se acercan proactivamente a otras personas.\",\"breadcrumb\":{\"@id\":\"https:\\\/\\\/schoenstatt.com\\\/es\\\/misiones-vivir-la-fe-en-zulpich-una-experiencia-inolvidable-en-alemania\\\/#breadcrumb\"},\"inLanguage\":\"es\",\"potentialAction\":[{\"@type\":\"ReadAction\",\"target\":[\"https:\\\/\\\/schoenstatt.com\\\/es\\\/misiones-vivir-la-fe-en-zulpich-una-experiencia-inolvidable-en-alemania\\\/\"]}]},{\"@type\":\"ImageObject\",\"inLanguage\":\"es\",\"@id\":\"https:\\\/\\\/schoenstatt.com\\\/es\\\/misiones-vivir-la-fe-en-zulpich-una-experiencia-inolvidable-en-alemania\\\/#primaryimage\",\"url\":\"https:\\\/\\\/schoenstatt.com\\\/wp-content\\\/uploads\\\/2026\\\/04\\\/Misiones-Zulpich-Germany.webp\",\"contentUrl\":\"https:\\\/\\\/schoenstatt.com\\\/wp-content\\\/uploads\\\/2026\\\/04\\\/Misiones-Zulpich-Germany.webp\",\"width\":2048,\"height\":1425},{\"@type\":\"BreadcrumbList\",\"@id\":\"https:\\\/\\\/schoenstatt.com\\\/es\\\/misiones-vivir-la-fe-en-zulpich-una-experiencia-inolvidable-en-alemania\\\/#breadcrumb\",\"itemListElement\":[{\"@type\":\"ListItem\",\"position\":1,\"name\":\"Portada\",\"item\":\"https:\\\/\\\/schoenstatt.com\\\/es\\\/home\\\/\"},{\"@type\":\"ListItem\",\"position\":2,\"name\":\"Misiones: vivir la fe en Z\u00fclpich, una experiencia inolvidable en Alemania\"}]},{\"@type\":\"WebSite\",\"@id\":\"https:\\\/\\\/schoenstatt.com\\\/es\\\/#website\",\"url\":\"https:\\\/\\\/schoenstatt.com\\\/es\\\/\",\"name\":\"Schoenstatt\",\"description\":\"Apostolic Movement\",\"publisher\":{\"@id\":\"https:\\\/\\\/schoenstatt.com\\\/es\\\/#organization\"},\"potentialAction\":[{\"@type\":\"SearchAction\",\"target\":{\"@type\":\"EntryPoint\",\"urlTemplate\":\"https:\\\/\\\/schoenstatt.com\\\/es\\\/?s={search_term_string}\"},\"query-input\":{\"@type\":\"PropertyValueSpecification\",\"valueRequired\":true,\"valueName\":\"search_term_string\"}}],\"inLanguage\":\"es\"},{\"@type\":\"Organization\",\"@id\":\"https:\\\/\\\/schoenstatt.com\\\/es\\\/#organization\",\"name\":\"Schoenstatt\",\"url\":\"https:\\\/\\\/schoenstatt.com\\\/es\\\/\",\"logo\":{\"@type\":\"ImageObject\",\"inLanguage\":\"es\",\"@id\":\"https:\\\/\\\/schoenstatt.com\\\/es\\\/#\\\/schema\\\/logo\\\/image\\\/\",\"url\":\"https:\\\/\\\/schoenstatt.com\\\/wp-content\\\/uploads\\\/2025\\\/04\\\/logo-schoenstatt-white-696x696-1.png\",\"contentUrl\":\"https:\\\/\\\/schoenstatt.com\\\/wp-content\\\/uploads\\\/2025\\\/04\\\/logo-schoenstatt-white-696x696-1.png\",\"width\":696,\"height\":694,\"caption\":\"Schoenstatt\"},\"image\":{\"@id\":\"https:\\\/\\\/schoenstatt.com\\\/es\\\/#\\\/schema\\\/logo\\\/image\\\/\"}},{\"@type\":\"Person\",\"@id\":\"https:\\\/\\\/schoenstatt.com\\\/es\\\/#\\\/schema\\\/person\\\/5158877ad4acae98b34daaeef2a1ce6e\",\"name\":\"Karen Bueno\",\"image\":{\"@type\":\"ImageObject\",\"inLanguage\":\"es\",\"@id\":\"https:\\\/\\\/secure.gravatar.com\\\/avatar\\\/f9f4b823873154269d2b2130f195f6d41037dd0d7fc5f3cacb5c846bae70d66b?s=96&d=mm&r=g\",\"url\":\"https:\\\/\\\/secure.gravatar.com\\\/avatar\\\/f9f4b823873154269d2b2130f195f6d41037dd0d7fc5f3cacb5c846bae70d66b?s=96&d=mm&r=g\",\"contentUrl\":\"https:\\\/\\\/secure.gravatar.com\\\/avatar\\\/f9f4b823873154269d2b2130f195f6d41037dd0d7fc5f3cacb5c846bae70d66b?s=96&d=mm&r=g\",\"caption\":\"Karen Bueno\"},\"url\":\"https:\\\/\\\/schoenstatt.com\\\/es\\\/author\\\/karen-bueno\\\/\"}]}<\/script>\n<!-- \/ Yoast SEO Premium plugin. -->","yoast_head_json":{"title":"Misiones: vivir la fe en Z\u00fclpich, una experiencia inolvidable en Alemania","description":"J\u00f3venes y familias de Alemania se comprometen en un proyecto en el que se acercan proactivamente a otras personas.","robots":{"index":"index","follow":"follow","max-snippet":"max-snippet:-1","max-image-preview":"max-image-preview:large","max-video-preview":"max-video-preview:-1"},"canonical":"https:\/\/schoenstatt.com\/es\/misiones-vivir-la-fe-en-zulpich-una-experiencia-inolvidable-en-alemania\/","og_locale":"es_ES","og_type":"article","og_title":"Misiones: vivir la fe en Z\u00fclpich, una experiencia inolvidable en Alemania","og_description":"J\u00f3venes y familias de Alemania se comprometen en un proyecto en el que se acercan proactivamente a otras personas.","og_url":"https:\/\/schoenstatt.com\/es\/misiones-vivir-la-fe-en-zulpich-una-experiencia-inolvidable-en-alemania\/","og_site_name":"Schoenstatt","article_published_time":"2026-04-23T12:42:49+00:00","article_modified_time":"2026-04-23T12:59:02+00:00","og_image":[{"width":2048,"height":1425,"url":"https:\/\/schoenstatt.com\/wp-content\/uploads\/2026\/04\/Misiones-Zulpich-Germany.webp","type":"image\/jpeg"}],"author":"Karen Bueno","twitter_card":"summary_large_image","twitter_misc":{"Escrito por":"Karen Bueno","Tiempo de lectura":"7 minutos"},"schema":{"@context":"https:\/\/schema.org","@graph":[{"@type":"Article","@id":"https:\/\/schoenstatt.com\/es\/misiones-vivir-la-fe-en-zulpich-una-experiencia-inolvidable-en-alemania\/#article","isPartOf":{"@id":"https:\/\/schoenstatt.com\/es\/misiones-vivir-la-fe-en-zulpich-una-experiencia-inolvidable-en-alemania\/"},"author":{"name":"Karen Bueno","@id":"https:\/\/schoenstatt.com\/es\/#\/schema\/person\/5158877ad4acae98b34daaeef2a1ce6e"},"headline":"Misiones: vivir la fe en Z\u00fclpich, una experiencia inolvidable en Alemania","datePublished":"2026-04-23T12:42:49+00:00","dateModified":"2026-04-23T12:59:02+00:00","mainEntityOfPage":{"@id":"https:\/\/schoenstatt.com\/es\/misiones-vivir-la-fe-en-zulpich-una-experiencia-inolvidable-en-alemania\/"},"wordCount":1021,"publisher":{"@id":"https:\/\/schoenstatt.com\/es\/#organization"},"image":{"@id":"https:\/\/schoenstatt.com\/es\/misiones-vivir-la-fe-en-zulpich-una-experiencia-inolvidable-en-alemania\/#primaryimage"},"thumbnailUrl":"https:\/\/schoenstatt.com\/wp-content\/uploads\/2026\/04\/Misiones-Zulpich-Germany.webp","keywords":["Misioneros","Schoenstatt Alemania"],"articleSection":["En misi\u00f3n","Europa"],"inLanguage":"es"},{"@type":"WebPage","@id":"https:\/\/schoenstatt.com\/es\/misiones-vivir-la-fe-en-zulpich-una-experiencia-inolvidable-en-alemania\/","url":"https:\/\/schoenstatt.com\/es\/misiones-vivir-la-fe-en-zulpich-una-experiencia-inolvidable-en-alemania\/","name":"Misiones: vivir la fe en Z\u00fclpich, una experiencia inolvidable en Alemania","isPartOf":{"@id":"https:\/\/schoenstatt.com\/es\/#website"},"primaryImageOfPage":{"@id":"https:\/\/schoenstatt.com\/es\/misiones-vivir-la-fe-en-zulpich-una-experiencia-inolvidable-en-alemania\/#primaryimage"},"image":{"@id":"https:\/\/schoenstatt.com\/es\/misiones-vivir-la-fe-en-zulpich-una-experiencia-inolvidable-en-alemania\/#primaryimage"},"thumbnailUrl":"https:\/\/schoenstatt.com\/wp-content\/uploads\/2026\/04\/Misiones-Zulpich-Germany.webp","datePublished":"2026-04-23T12:42:49+00:00","dateModified":"2026-04-23T12:59:02+00:00","description":"J\u00f3venes y familias de Alemania se comprometen en un proyecto en el que se acercan proactivamente a otras personas.","breadcrumb":{"@id":"https:\/\/schoenstatt.com\/es\/misiones-vivir-la-fe-en-zulpich-una-experiencia-inolvidable-en-alemania\/#breadcrumb"},"inLanguage":"es","potentialAction":[{"@type":"ReadAction","target":["https:\/\/schoenstatt.com\/es\/misiones-vivir-la-fe-en-zulpich-una-experiencia-inolvidable-en-alemania\/"]}]},{"@type":"ImageObject","inLanguage":"es","@id":"https:\/\/schoenstatt.com\/es\/misiones-vivir-la-fe-en-zulpich-una-experiencia-inolvidable-en-alemania\/#primaryimage","url":"https:\/\/schoenstatt.com\/wp-content\/uploads\/2026\/04\/Misiones-Zulpich-Germany.webp","contentUrl":"https:\/\/schoenstatt.com\/wp-content\/uploads\/2026\/04\/Misiones-Zulpich-Germany.webp","width":2048,"height":1425},{"@type":"BreadcrumbList","@id":"https:\/\/schoenstatt.com\/es\/misiones-vivir-la-fe-en-zulpich-una-experiencia-inolvidable-en-alemania\/#breadcrumb","itemListElement":[{"@type":"ListItem","position":1,"name":"Portada","item":"https:\/\/schoenstatt.com\/es\/home\/"},{"@type":"ListItem","position":2,"name":"Misiones: vivir la fe en Z\u00fclpich, una experiencia inolvidable en Alemania"}]},{"@type":"WebSite","@id":"https:\/\/schoenstatt.com\/es\/#website","url":"https:\/\/schoenstatt.com\/es\/","name":"Schoenstatt","description":"Apostolic Movement","publisher":{"@id":"https:\/\/schoenstatt.com\/es\/#organization"},"potentialAction":[{"@type":"SearchAction","target":{"@type":"EntryPoint","urlTemplate":"https:\/\/schoenstatt.com\/es\/?s={search_term_string}"},"query-input":{"@type":"PropertyValueSpecification","valueRequired":true,"valueName":"search_term_string"}}],"inLanguage":"es"},{"@type":"Organization","@id":"https:\/\/schoenstatt.com\/es\/#organization","name":"Schoenstatt","url":"https:\/\/schoenstatt.com\/es\/","logo":{"@type":"ImageObject","inLanguage":"es","@id":"https:\/\/schoenstatt.com\/es\/#\/schema\/logo\/image\/","url":"https:\/\/schoenstatt.com\/wp-content\/uploads\/2025\/04\/logo-schoenstatt-white-696x696-1.png","contentUrl":"https:\/\/schoenstatt.com\/wp-content\/uploads\/2025\/04\/logo-schoenstatt-white-696x696-1.png","width":696,"height":694,"caption":"Schoenstatt"},"image":{"@id":"https:\/\/schoenstatt.com\/es\/#\/schema\/logo\/image\/"}},{"@type":"Person","@id":"https:\/\/schoenstatt.com\/es\/#\/schema\/person\/5158877ad4acae98b34daaeef2a1ce6e","name":"Karen Bueno","image":{"@type":"ImageObject","inLanguage":"es","@id":"https:\/\/secure.gravatar.com\/avatar\/f9f4b823873154269d2b2130f195f6d41037dd0d7fc5f3cacb5c846bae70d66b?s=96&d=mm&r=g","url":"https:\/\/secure.gravatar.com\/avatar\/f9f4b823873154269d2b2130f195f6d41037dd0d7fc5f3cacb5c846bae70d66b?s=96&d=mm&r=g","contentUrl":"https:\/\/secure.gravatar.com\/avatar\/f9f4b823873154269d2b2130f195f6d41037dd0d7fc5f3cacb5c846bae70d66b?s=96&d=mm&r=g","caption":"Karen Bueno"},"url":"https:\/\/schoenstatt.com\/es\/author\/karen-bueno\/"}]}},"_links":{"self":[{"href":"https:\/\/schoenstatt.com\/es\/wp-json\/wp\/v2\/posts\/69862","targetHints":{"allow":["GET"]}}],"collection":[{"href":"https:\/\/schoenstatt.com\/es\/wp-json\/wp\/v2\/posts"}],"about":[{"href":"https:\/\/schoenstatt.com\/es\/wp-json\/wp\/v2\/types\/post"}],"author":[{"embeddable":true,"href":"https:\/\/schoenstatt.com\/es\/wp-json\/wp\/v2\/users\/3"}],"replies":[{"embeddable":true,"href":"https:\/\/schoenstatt.com\/es\/wp-json\/wp\/v2\/comments?post=69862"}],"version-history":[{"count":3,"href":"https:\/\/schoenstatt.com\/es\/wp-json\/wp\/v2\/posts\/69862\/revisions"}],"predecessor-version":[{"id":69865,"href":"https:\/\/schoenstatt.com\/es\/wp-json\/wp\/v2\/posts\/69862\/revisions\/69865"}],"wp:featuredmedia":[{"embeddable":true,"href":"https:\/\/schoenstatt.com\/es\/wp-json\/wp\/v2\/media\/69830"}],"wp:attachment":[{"href":"https:\/\/schoenstatt.com\/es\/wp-json\/wp\/v2\/media?parent=69862"}],"wp:term":[{"taxonomy":"category","embeddable":true,"href":"https:\/\/schoenstatt.com\/es\/wp-json\/wp\/v2\/categories?post=69862"},{"taxonomy":"post_tag","embeddable":true,"href":"https:\/\/schoenstatt.com\/es\/wp-json\/wp\/v2\/tags?post=69862"}],"curies":[{"name":"wp","href":"https:\/\/api.w.org\/{rel}","templated":true}]}}