{"id":69810,"date":"2026-04-22T13:59:51","date_gmt":"2026-04-22T11:59:51","guid":{"rendered":"https:\/\/schoenstatt.com\/?p=69810"},"modified":"2026-04-22T14:15:19","modified_gmt":"2026-04-22T12:15:19","slug":"encuentro-de-misioneros-digitales-y-comunicadores-en-argentina-voces-y-rostros-humanos-para-comunicar-a-dios","status":"publish","type":"post","link":"https:\/\/schoenstatt.com\/es\/encuentro-de-misioneros-digitales-y-comunicadores-en-argentina-voces-y-rostros-humanos-para-comunicar-a-dios\/","title":{"rendered":"Encuentro de Misioneros Digitales y Comunicadores en Argentina: voces y rostros humanos para comunicar a Dios"},"content":{"rendered":"\n<p><strong>El Encuentro Internacional de Misioneros Digitales y Comunicadores se realizar\u00e1 en el Santuario de Nuevo Schoenstatt (Florencio Varela) los d\u00edas 6 y 7 de junio de 2026. Convocado por el equipo de Comunicadores de Schoenstatt, el encuentro tiene como prop\u00f3sito generar espacios de reflexi\u00f3n y formaci\u00f3n en torno a la evangelizaci\u00f3n en la cultura digital. La iniciativa reunir\u00e1 a misioneros digitales, influencers, responsables pastorales y equipos de comunicaci\u00f3n eclesial de diez pa\u00edses americanos en un espacio de discernimiento y capacitaci\u00f3n para responder a los desaf\u00edos del tiempo presente.<\/strong><\/p>\n\n\n\n<div style=\"height:29px\" aria-hidden=\"true\" class=\"wp-block-spacer\"><\/div>\n\n\n\n<figure class=\"wp-block-image size-large\"><img decoding=\"async\" src=\"https:\/\/www.schcom.org\/wp-content\/uploads\/2026\/04\/Espanol.png\" alt=\"\"\/><\/figure>\n\n\n\n<div style=\"height:32px\" aria-hidden=\"true\" class=\"wp-block-spacer\"><\/div>\n\n\n\n<p>La propuesta parte de una convicci\u00f3n central: el mundo digital no es solo un instrumento, sino un \u00e1mbito cultural donde la Iglesia est\u00e1 llamada a anunciar el Evangelio. La misi\u00f3n digital se entiende como un pilar de la evangelizaci\u00f3n contempor\u00e1nea, ya que millones de personas habitan cotidianamente las redes y los entornos virtuales. En ese contexto, la Iglesia busca salir al encuentro de quienes viven conectados, con un lenguaje cercano y significativo.<\/p>\n\n\n\n<p>Comunicar la fe en el mundo digital constituye una misi\u00f3n prof\u00e9tica, en la que la creatividad, la capacitaci\u00f3n y la vida espiritual se integran para impregnar la cultura con los valores del Evangelio. El desaf\u00edo no es s\u00f3lo t\u00e9cnico, sino pastoral: acompa\u00f1ar un cambio de \u00e9poca y mostrar una Iglesia viva, joven y capaz de dialogar con las b\u00fasquedas del mundo actual.<\/p>\n\n\n\n<div style=\"height:27px\" aria-hidden=\"true\" class=\"wp-block-spacer\"><\/div>\n\n\n\n<h2 class=\"wp-block-heading has-medium-font-size\" id=\"h-hablar-el-lenguaje-de-los-otros\">Hablar el lenguaje de los otros<\/h2>\n\n\n\n<p>El encuentro contar\u00e1 con la presencia de <strong>Monse\u00f1or Lucio Ruiz<\/strong>, <a href=\"https:\/\/www.vatican.va\/content\/romancuria\/es\/dicasteri\/dicastero-per-la-comunicazione\/struttura.html\" target=\"_blank\" rel=\"noreferrer noopener\">Secretario del Dicasterio para la Comunicaci\u00f3n<\/a>, quien ha venido trabajando junto al equipo organizador aportando su orientaci\u00f3n y visi\u00f3n pastoral.<\/p>\n\n\n\n<p><em>\u201cSer misionero digital significa hablar el lenguaje de los otros, estar en los lugares de los otros, ir a los espacios donde ellos est\u00e1n, con las din\u00e1micas de ellos, porque es importante, como en Pentecost\u00e9s, no s\u00f3lo predicar, sino que nos entiendan y entonces abran los ojos. Seamos una Iglesia en salida, para que muchos puedan recibir el mensaje de Jes\u00fas\u201d.<\/em><\/p>\n\n\n\n<p>Esas palabras de Monse\u00f1or Ru\u00edz <a href=\"https:\/\/schoenstatt.com\/es\/mons-lucio-ruiz-sean-misioneros-digitales\/#:~:text=Y%20ser%20misionero%20digital%20significa,y%20entonces%20abran%20los%20ojos\">dirigidas a los comunicadores schoenstattianos<\/a> presentes en el Jubileo del Mundo de las Comunicaciones en 2025 dan cuenta de la creciente conciencia eclesial sobre la importancia de la comunicaci\u00f3n en la misi\u00f3n. En distintas oportunidades, tambi\u00e9n el Papa Le\u00f3n XIV ha alentado a los comunicadores a ser testigos de esperanza y cercan\u00eda, recordando que la comunicaci\u00f3n cristiana debe \u201ctocar el coraz\u00f3n y generar encuentro\u201d, invitando a anunciar con verdad y caridad en medio de los nuevos lenguajes de nuestro tiempo.<\/p>\n\n\n\n<div style=\"height:27px\" aria-hidden=\"true\" class=\"wp-block-spacer\"><\/div>\n\n\n\n<h2 class=\"wp-block-heading has-medium-font-size\" id=\"h-mision-llegar-al-alma\">Misi\u00f3n: llegar al alma<\/h2>\n\n\n\n<p>El encuentro prev\u00e9 tambi\u00e9n un pre-encuentro el 5 de junio para la recepci\u00f3n de participantes, seguido de dos jornadas de trabajo intensivo, con instancias formativas, espacios de di\u00e1logo y momentos de oraci\u00f3n. Se espera la participaci\u00f3n de agentes pastorales y profesionales de la comunicaci\u00f3n provenientes de distintos pa\u00edses, lo que dar\u00e1 al evento un car\u00e1cter internacional y sinodal.<\/p>\n\n\n\n<p>Entre los invitados se cuentan misioneros digitales, community managers, influencers y l\u00edderes de comunidades que desean comprender mejor el valor pastoral de la presencia en redes. La intenci\u00f3n es generar un \u00e1mbito de intercambio donde la experiencia concreta se combine con la reflexi\u00f3n teol\u00f3gica y pastoral.<\/p>\n\n\n\n<p><strong>\u201cLlegar al alma es la misi\u00f3n\u201d,<\/strong> expresan los organizadores, sintetizando el esp\u00edritu que anima la convocatoria. No se trata solo de producir contenidos, sino de acompa\u00f1ar procesos, escuchar, generar comunidad y abrir caminos de sentido en medio de la vida cotidiana de las personas.<\/p>\n\n\n\n<p>En un tiempo en que la comunicaci\u00f3n digital atraviesa todos los \u00e1mbitos de la vida social, la Iglesia busca renovar su presencia y su lenguaje, consciente de que el anuncio del Evangelio tambi\u00e9n pasa hoy por las pantallas.<\/p>\n\n\n\n<p>En ese esp\u00edritu los invitamos a ser parte del <a href=\"https:\/\/www.schcom.org\/encuentro-misioneros-digitales-argentina-es\/\" target=\"_blank\" rel=\"noreferrer noopener\">Encuentro Internacional de Misioneros Digitales y Comunicadores<\/a> en Nuevo Schoenstatt, una nueva oportunidad para renovar el compromiso misionero y fortalecer la comuni\u00f3n entre quienes evangelizan en el continente digital.<\/p>\n\n\n\n<p><strong>Para consultas e inscripciones, hacer clic aqu\u00ed<\/strong>:<\/p>\n\n\n\n<div style=\"height:28px\" aria-hidden=\"true\" class=\"wp-block-spacer\"><\/div>\n\n\n\n<div class=\"wp-block-buttons is-content-justification-center is-layout-flex wp-container-core-buttons-is-layout-a89b3969 wp-block-buttons-is-layout-flex\" style=\"border-top-left-radius:0px;border-top-right-radius:0px;border-bottom-left-radius:0px;border-bottom-right-radius:0px\">\n<div class=\"wp-block-button\"><a class=\"wp-block-button__link has-white-color has-text-color has-background has-link-color wp-element-button\" href=\"https:\/\/www.schcom.org\/encuentro-misioneros-digitales-argentina-es\/\" style=\"border-top-left-radius:9px;border-top-right-radius:9px;border-bottom-left-radius:9px;border-bottom-right-radius:9px;background-color:#e7985f\" target=\"_blank\" rel=\"noreferrer noopener\"><strong>M\u00e1s informaci\u00f3n<\/strong><\/a><\/div>\n<\/div>\n","protected":false},"excerpt":{"rendered":"<p>El Encuentro Internacional de Misioneros Digitales y Comunicadores se realizar\u00e1 en Argentina, los d\u00edas 6 y 7 de junio de 2026.<\/p>\n","protected":false},"author":3,"featured_media":69802,"comment_status":"closed","ping_status":"closed","sticky":false,"template":"","format":"standard","meta":{"footnotes":""},"categories":[630],"tags":[373,1116],"class_list":["post-69810","post","type-post","status-publish","format-standard","has-post-thumbnail","hentry","category-eventos-es","tag-comunicadores-es","tag-schoenstatt-argentina-es"],"yoast_head":"<!-- This site is optimized with the Yoast SEO Premium plugin v27.4 (Yoast SEO v27.4) - https:\/\/yoast.com\/product\/yoast-seo-premium-wordpress\/ -->\n<title>Encuentro de Misioneros Digitales y Comunicadores en Argentina: voces y rostros humanos para comunicar a Dios<\/title>\n<meta name=\"description\" content=\"El Encuentro Internacional de Misioneros Digitales y Comunicadores se realizar\u00e1 en Argentina, los d\u00edas 6 y 7 de junio de 2026.\" \/>\n<meta name=\"robots\" content=\"index, follow, max-snippet:-1, max-image-preview:large, max-video-preview:-1\" \/>\n<link rel=\"canonical\" href=\"https:\/\/schoenstatt.com\/es\/encuentro-de-misioneros-digitales-y-comunicadores-en-argentina-voces-y-rostros-humanos-para-comunicar-a-dios\/\" \/>\n<meta property=\"og:locale\" content=\"es_ES\" \/>\n<meta property=\"og:type\" content=\"article\" \/>\n<meta property=\"og:title\" content=\"Encuentro de Misioneros Digitales y Comunicadores en Argentina: voces y rostros humanos para comunicar a Dios\" \/>\n<meta property=\"og:description\" content=\"El Encuentro Internacional de Misioneros Digitales y Comunicadores se realizar\u00e1 en Argentina, los d\u00edas 6 y 7 de junio de 2026.\" \/>\n<meta property=\"og:url\" content=\"https:\/\/schoenstatt.com\/es\/encuentro-de-misioneros-digitales-y-comunicadores-en-argentina-voces-y-rostros-humanos-para-comunicar-a-dios\/\" \/>\n<meta property=\"og:site_name\" content=\"Schoenstatt\" \/>\n<meta property=\"article:published_time\" content=\"2026-04-22T11:59:51+00:00\" \/>\n<meta property=\"article:modified_time\" content=\"2026-04-22T12:15:19+00:00\" \/>\n<meta property=\"og:image\" content=\"https:\/\/schoenstatt.com\/wp-content\/uploads\/2026\/04\/Florencio-Varela-Nuevo-Schoenstatt-Argentina.webp\" \/>\n\t<meta property=\"og:image:width\" content=\"2048\" \/>\n\t<meta property=\"og:image:height\" content=\"858\" \/>\n\t<meta property=\"og:image:type\" content=\"image\/jpeg\" \/>\n<meta name=\"author\" content=\"Karen Bueno\" \/>\n<meta name=\"twitter:card\" content=\"summary_large_image\" \/>\n<meta name=\"twitter:label1\" content=\"Escrito por\" \/>\n\t<meta name=\"twitter:data1\" content=\"Karen Bueno\" \/>\n\t<meta name=\"twitter:label2\" content=\"Tiempo de lectura\" \/>\n\t<meta name=\"twitter:data2\" content=\"4 minutos\" \/>\n<script type=\"application\/ld+json\" class=\"yoast-schema-graph\">{\"@context\":\"https:\\\/\\\/schema.org\",\"@graph\":[{\"@type\":\"Article\",\"@id\":\"https:\\\/\\\/schoenstatt.com\\\/es\\\/encuentro-de-misioneros-digitales-y-comunicadores-en-argentina-voces-y-rostros-humanos-para-comunicar-a-dios\\\/#article\",\"isPartOf\":{\"@id\":\"https:\\\/\\\/schoenstatt.com\\\/es\\\/encuentro-de-misioneros-digitales-y-comunicadores-en-argentina-voces-y-rostros-humanos-para-comunicar-a-dios\\\/\"},\"author\":{\"name\":\"Karen Bueno\",\"@id\":\"https:\\\/\\\/schoenstatt.com\\\/es\\\/#\\\/schema\\\/person\\\/5158877ad4acae98b34daaeef2a1ce6e\"},\"headline\":\"Encuentro de Misioneros Digitales y Comunicadores en Argentina: voces y rostros humanos para comunicar a Dios\",\"datePublished\":\"2026-04-22T11:59:51+00:00\",\"dateModified\":\"2026-04-22T12:15:19+00:00\",\"mainEntityOfPage\":{\"@id\":\"https:\\\/\\\/schoenstatt.com\\\/es\\\/encuentro-de-misioneros-digitales-y-comunicadores-en-argentina-voces-y-rostros-humanos-para-comunicar-a-dios\\\/\"},\"wordCount\":713,\"publisher\":{\"@id\":\"https:\\\/\\\/schoenstatt.com\\\/es\\\/#organization\"},\"image\":{\"@id\":\"https:\\\/\\\/schoenstatt.com\\\/es\\\/encuentro-de-misioneros-digitales-y-comunicadores-en-argentina-voces-y-rostros-humanos-para-comunicar-a-dios\\\/#primaryimage\"},\"thumbnailUrl\":\"https:\\\/\\\/schoenstatt.com\\\/wp-content\\\/uploads\\\/2026\\\/04\\\/Florencio-Varela-Nuevo-Schoenstatt-Argentina.webp\",\"keywords\":[\"Comunicadores\",\"Schoenstatt Argentina\"],\"articleSection\":[\"Eventos\"],\"inLanguage\":\"es\"},{\"@type\":\"WebPage\",\"@id\":\"https:\\\/\\\/schoenstatt.com\\\/es\\\/encuentro-de-misioneros-digitales-y-comunicadores-en-argentina-voces-y-rostros-humanos-para-comunicar-a-dios\\\/\",\"url\":\"https:\\\/\\\/schoenstatt.com\\\/es\\\/encuentro-de-misioneros-digitales-y-comunicadores-en-argentina-voces-y-rostros-humanos-para-comunicar-a-dios\\\/\",\"name\":\"Encuentro de Misioneros Digitales y Comunicadores en Argentina: voces y rostros humanos para comunicar a Dios\",\"isPartOf\":{\"@id\":\"https:\\\/\\\/schoenstatt.com\\\/es\\\/#website\"},\"primaryImageOfPage\":{\"@id\":\"https:\\\/\\\/schoenstatt.com\\\/es\\\/encuentro-de-misioneros-digitales-y-comunicadores-en-argentina-voces-y-rostros-humanos-para-comunicar-a-dios\\\/#primaryimage\"},\"image\":{\"@id\":\"https:\\\/\\\/schoenstatt.com\\\/es\\\/encuentro-de-misioneros-digitales-y-comunicadores-en-argentina-voces-y-rostros-humanos-para-comunicar-a-dios\\\/#primaryimage\"},\"thumbnailUrl\":\"https:\\\/\\\/schoenstatt.com\\\/wp-content\\\/uploads\\\/2026\\\/04\\\/Florencio-Varela-Nuevo-Schoenstatt-Argentina.webp\",\"datePublished\":\"2026-04-22T11:59:51+00:00\",\"dateModified\":\"2026-04-22T12:15:19+00:00\",\"description\":\"El Encuentro Internacional de Misioneros Digitales y Comunicadores se realizar\u00e1 en Argentina, los d\u00edas 6 y 7 de junio de 2026.\",\"breadcrumb\":{\"@id\":\"https:\\\/\\\/schoenstatt.com\\\/es\\\/encuentro-de-misioneros-digitales-y-comunicadores-en-argentina-voces-y-rostros-humanos-para-comunicar-a-dios\\\/#breadcrumb\"},\"inLanguage\":\"es\",\"potentialAction\":[{\"@type\":\"ReadAction\",\"target\":[\"https:\\\/\\\/schoenstatt.com\\\/es\\\/encuentro-de-misioneros-digitales-y-comunicadores-en-argentina-voces-y-rostros-humanos-para-comunicar-a-dios\\\/\"]}]},{\"@type\":\"ImageObject\",\"inLanguage\":\"es\",\"@id\":\"https:\\\/\\\/schoenstatt.com\\\/es\\\/encuentro-de-misioneros-digitales-y-comunicadores-en-argentina-voces-y-rostros-humanos-para-comunicar-a-dios\\\/#primaryimage\",\"url\":\"https:\\\/\\\/schoenstatt.com\\\/wp-content\\\/uploads\\\/2026\\\/04\\\/Florencio-Varela-Nuevo-Schoenstatt-Argentina.webp\",\"contentUrl\":\"https:\\\/\\\/schoenstatt.com\\\/wp-content\\\/uploads\\\/2026\\\/04\\\/Florencio-Varela-Nuevo-Schoenstatt-Argentina.webp\",\"width\":2048,\"height\":858},{\"@type\":\"BreadcrumbList\",\"@id\":\"https:\\\/\\\/schoenstatt.com\\\/es\\\/encuentro-de-misioneros-digitales-y-comunicadores-en-argentina-voces-y-rostros-humanos-para-comunicar-a-dios\\\/#breadcrumb\",\"itemListElement\":[{\"@type\":\"ListItem\",\"position\":1,\"name\":\"Portada\",\"item\":\"https:\\\/\\\/schoenstatt.com\\\/es\\\/home\\\/\"},{\"@type\":\"ListItem\",\"position\":2,\"name\":\"Encuentro de Misioneros Digitales y Comunicadores en Argentina: voces y rostros humanos para comunicar a Dios\"}]},{\"@type\":\"WebSite\",\"@id\":\"https:\\\/\\\/schoenstatt.com\\\/es\\\/#website\",\"url\":\"https:\\\/\\\/schoenstatt.com\\\/es\\\/\",\"name\":\"Schoenstatt\",\"description\":\"Apostolic Movement\",\"publisher\":{\"@id\":\"https:\\\/\\\/schoenstatt.com\\\/es\\\/#organization\"},\"potentialAction\":[{\"@type\":\"SearchAction\",\"target\":{\"@type\":\"EntryPoint\",\"urlTemplate\":\"https:\\\/\\\/schoenstatt.com\\\/es\\\/?s={search_term_string}\"},\"query-input\":{\"@type\":\"PropertyValueSpecification\",\"valueRequired\":true,\"valueName\":\"search_term_string\"}}],\"inLanguage\":\"es\"},{\"@type\":\"Organization\",\"@id\":\"https:\\\/\\\/schoenstatt.com\\\/es\\\/#organization\",\"name\":\"Schoenstatt\",\"url\":\"https:\\\/\\\/schoenstatt.com\\\/es\\\/\",\"logo\":{\"@type\":\"ImageObject\",\"inLanguage\":\"es\",\"@id\":\"https:\\\/\\\/schoenstatt.com\\\/es\\\/#\\\/schema\\\/logo\\\/image\\\/\",\"url\":\"https:\\\/\\\/schoenstatt.com\\\/wp-content\\\/uploads\\\/2025\\\/04\\\/logo-schoenstatt-white-696x696-1.png\",\"contentUrl\":\"https:\\\/\\\/schoenstatt.com\\\/wp-content\\\/uploads\\\/2025\\\/04\\\/logo-schoenstatt-white-696x696-1.png\",\"width\":696,\"height\":694,\"caption\":\"Schoenstatt\"},\"image\":{\"@id\":\"https:\\\/\\\/schoenstatt.com\\\/es\\\/#\\\/schema\\\/logo\\\/image\\\/\"}},{\"@type\":\"Person\",\"@id\":\"https:\\\/\\\/schoenstatt.com\\\/es\\\/#\\\/schema\\\/person\\\/5158877ad4acae98b34daaeef2a1ce6e\",\"name\":\"Karen Bueno\",\"image\":{\"@type\":\"ImageObject\",\"inLanguage\":\"es\",\"@id\":\"https:\\\/\\\/secure.gravatar.com\\\/avatar\\\/f9f4b823873154269d2b2130f195f6d41037dd0d7fc5f3cacb5c846bae70d66b?s=96&d=mm&r=g\",\"url\":\"https:\\\/\\\/secure.gravatar.com\\\/avatar\\\/f9f4b823873154269d2b2130f195f6d41037dd0d7fc5f3cacb5c846bae70d66b?s=96&d=mm&r=g\",\"contentUrl\":\"https:\\\/\\\/secure.gravatar.com\\\/avatar\\\/f9f4b823873154269d2b2130f195f6d41037dd0d7fc5f3cacb5c846bae70d66b?s=96&d=mm&r=g\",\"caption\":\"Karen Bueno\"},\"url\":\"https:\\\/\\\/schoenstatt.com\\\/es\\\/author\\\/karen-bueno\\\/\"}]}<\/script>\n<!-- \/ Yoast SEO Premium plugin. -->","yoast_head_json":{"title":"Encuentro de Misioneros Digitales y Comunicadores en Argentina: voces y rostros humanos para comunicar a Dios","description":"El Encuentro Internacional de Misioneros Digitales y Comunicadores se realizar\u00e1 en Argentina, los d\u00edas 6 y 7 de junio de 2026.","robots":{"index":"index","follow":"follow","max-snippet":"max-snippet:-1","max-image-preview":"max-image-preview:large","max-video-preview":"max-video-preview:-1"},"canonical":"https:\/\/schoenstatt.com\/es\/encuentro-de-misioneros-digitales-y-comunicadores-en-argentina-voces-y-rostros-humanos-para-comunicar-a-dios\/","og_locale":"es_ES","og_type":"article","og_title":"Encuentro de Misioneros Digitales y Comunicadores en Argentina: voces y rostros humanos para comunicar a Dios","og_description":"El Encuentro Internacional de Misioneros Digitales y Comunicadores se realizar\u00e1 en Argentina, los d\u00edas 6 y 7 de junio de 2026.","og_url":"https:\/\/schoenstatt.com\/es\/encuentro-de-misioneros-digitales-y-comunicadores-en-argentina-voces-y-rostros-humanos-para-comunicar-a-dios\/","og_site_name":"Schoenstatt","article_published_time":"2026-04-22T11:59:51+00:00","article_modified_time":"2026-04-22T12:15:19+00:00","og_image":[{"width":2048,"height":858,"url":"https:\/\/schoenstatt.com\/wp-content\/uploads\/2026\/04\/Florencio-Varela-Nuevo-Schoenstatt-Argentina.webp","type":"image\/jpeg"}],"author":"Karen Bueno","twitter_card":"summary_large_image","twitter_misc":{"Escrito por":"Karen Bueno","Tiempo de lectura":"4 minutos"},"schema":{"@context":"https:\/\/schema.org","@graph":[{"@type":"Article","@id":"https:\/\/schoenstatt.com\/es\/encuentro-de-misioneros-digitales-y-comunicadores-en-argentina-voces-y-rostros-humanos-para-comunicar-a-dios\/#article","isPartOf":{"@id":"https:\/\/schoenstatt.com\/es\/encuentro-de-misioneros-digitales-y-comunicadores-en-argentina-voces-y-rostros-humanos-para-comunicar-a-dios\/"},"author":{"name":"Karen Bueno","@id":"https:\/\/schoenstatt.com\/es\/#\/schema\/person\/5158877ad4acae98b34daaeef2a1ce6e"},"headline":"Encuentro de Misioneros Digitales y Comunicadores en Argentina: voces y rostros humanos para comunicar a Dios","datePublished":"2026-04-22T11:59:51+00:00","dateModified":"2026-04-22T12:15:19+00:00","mainEntityOfPage":{"@id":"https:\/\/schoenstatt.com\/es\/encuentro-de-misioneros-digitales-y-comunicadores-en-argentina-voces-y-rostros-humanos-para-comunicar-a-dios\/"},"wordCount":713,"publisher":{"@id":"https:\/\/schoenstatt.com\/es\/#organization"},"image":{"@id":"https:\/\/schoenstatt.com\/es\/encuentro-de-misioneros-digitales-y-comunicadores-en-argentina-voces-y-rostros-humanos-para-comunicar-a-dios\/#primaryimage"},"thumbnailUrl":"https:\/\/schoenstatt.com\/wp-content\/uploads\/2026\/04\/Florencio-Varela-Nuevo-Schoenstatt-Argentina.webp","keywords":["Comunicadores","Schoenstatt Argentina"],"articleSection":["Eventos"],"inLanguage":"es"},{"@type":"WebPage","@id":"https:\/\/schoenstatt.com\/es\/encuentro-de-misioneros-digitales-y-comunicadores-en-argentina-voces-y-rostros-humanos-para-comunicar-a-dios\/","url":"https:\/\/schoenstatt.com\/es\/encuentro-de-misioneros-digitales-y-comunicadores-en-argentina-voces-y-rostros-humanos-para-comunicar-a-dios\/","name":"Encuentro de Misioneros Digitales y Comunicadores en Argentina: voces y rostros humanos para comunicar a Dios","isPartOf":{"@id":"https:\/\/schoenstatt.com\/es\/#website"},"primaryImageOfPage":{"@id":"https:\/\/schoenstatt.com\/es\/encuentro-de-misioneros-digitales-y-comunicadores-en-argentina-voces-y-rostros-humanos-para-comunicar-a-dios\/#primaryimage"},"image":{"@id":"https:\/\/schoenstatt.com\/es\/encuentro-de-misioneros-digitales-y-comunicadores-en-argentina-voces-y-rostros-humanos-para-comunicar-a-dios\/#primaryimage"},"thumbnailUrl":"https:\/\/schoenstatt.com\/wp-content\/uploads\/2026\/04\/Florencio-Varela-Nuevo-Schoenstatt-Argentina.webp","datePublished":"2026-04-22T11:59:51+00:00","dateModified":"2026-04-22T12:15:19+00:00","description":"El Encuentro Internacional de Misioneros Digitales y Comunicadores se realizar\u00e1 en Argentina, los d\u00edas 6 y 7 de junio de 2026.","breadcrumb":{"@id":"https:\/\/schoenstatt.com\/es\/encuentro-de-misioneros-digitales-y-comunicadores-en-argentina-voces-y-rostros-humanos-para-comunicar-a-dios\/#breadcrumb"},"inLanguage":"es","potentialAction":[{"@type":"ReadAction","target":["https:\/\/schoenstatt.com\/es\/encuentro-de-misioneros-digitales-y-comunicadores-en-argentina-voces-y-rostros-humanos-para-comunicar-a-dios\/"]}]},{"@type":"ImageObject","inLanguage":"es","@id":"https:\/\/schoenstatt.com\/es\/encuentro-de-misioneros-digitales-y-comunicadores-en-argentina-voces-y-rostros-humanos-para-comunicar-a-dios\/#primaryimage","url":"https:\/\/schoenstatt.com\/wp-content\/uploads\/2026\/04\/Florencio-Varela-Nuevo-Schoenstatt-Argentina.webp","contentUrl":"https:\/\/schoenstatt.com\/wp-content\/uploads\/2026\/04\/Florencio-Varela-Nuevo-Schoenstatt-Argentina.webp","width":2048,"height":858},{"@type":"BreadcrumbList","@id":"https:\/\/schoenstatt.com\/es\/encuentro-de-misioneros-digitales-y-comunicadores-en-argentina-voces-y-rostros-humanos-para-comunicar-a-dios\/#breadcrumb","itemListElement":[{"@type":"ListItem","position":1,"name":"Portada","item":"https:\/\/schoenstatt.com\/es\/home\/"},{"@type":"ListItem","position":2,"name":"Encuentro de Misioneros Digitales y Comunicadores en Argentina: voces y rostros humanos para comunicar a Dios"}]},{"@type":"WebSite","@id":"https:\/\/schoenstatt.com\/es\/#website","url":"https:\/\/schoenstatt.com\/es\/","name":"Schoenstatt","description":"Apostolic Movement","publisher":{"@id":"https:\/\/schoenstatt.com\/es\/#organization"},"potentialAction":[{"@type":"SearchAction","target":{"@type":"EntryPoint","urlTemplate":"https:\/\/schoenstatt.com\/es\/?s={search_term_string}"},"query-input":{"@type":"PropertyValueSpecification","valueRequired":true,"valueName":"search_term_string"}}],"inLanguage":"es"},{"@type":"Organization","@id":"https:\/\/schoenstatt.com\/es\/#organization","name":"Schoenstatt","url":"https:\/\/schoenstatt.com\/es\/","logo":{"@type":"ImageObject","inLanguage":"es","@id":"https:\/\/schoenstatt.com\/es\/#\/schema\/logo\/image\/","url":"https:\/\/schoenstatt.com\/wp-content\/uploads\/2025\/04\/logo-schoenstatt-white-696x696-1.png","contentUrl":"https:\/\/schoenstatt.com\/wp-content\/uploads\/2025\/04\/logo-schoenstatt-white-696x696-1.png","width":696,"height":694,"caption":"Schoenstatt"},"image":{"@id":"https:\/\/schoenstatt.com\/es\/#\/schema\/logo\/image\/"}},{"@type":"Person","@id":"https:\/\/schoenstatt.com\/es\/#\/schema\/person\/5158877ad4acae98b34daaeef2a1ce6e","name":"Karen Bueno","image":{"@type":"ImageObject","inLanguage":"es","@id":"https:\/\/secure.gravatar.com\/avatar\/f9f4b823873154269d2b2130f195f6d41037dd0d7fc5f3cacb5c846bae70d66b?s=96&d=mm&r=g","url":"https:\/\/secure.gravatar.com\/avatar\/f9f4b823873154269d2b2130f195f6d41037dd0d7fc5f3cacb5c846bae70d66b?s=96&d=mm&r=g","contentUrl":"https:\/\/secure.gravatar.com\/avatar\/f9f4b823873154269d2b2130f195f6d41037dd0d7fc5f3cacb5c846bae70d66b?s=96&d=mm&r=g","caption":"Karen Bueno"},"url":"https:\/\/schoenstatt.com\/es\/author\/karen-bueno\/"}]}},"_links":{"self":[{"href":"https:\/\/schoenstatt.com\/es\/wp-json\/wp\/v2\/posts\/69810","targetHints":{"allow":["GET"]}}],"collection":[{"href":"https:\/\/schoenstatt.com\/es\/wp-json\/wp\/v2\/posts"}],"about":[{"href":"https:\/\/schoenstatt.com\/es\/wp-json\/wp\/v2\/types\/post"}],"author":[{"embeddable":true,"href":"https:\/\/schoenstatt.com\/es\/wp-json\/wp\/v2\/users\/3"}],"replies":[{"embeddable":true,"href":"https:\/\/schoenstatt.com\/es\/wp-json\/wp\/v2\/comments?post=69810"}],"version-history":[{"count":3,"href":"https:\/\/schoenstatt.com\/es\/wp-json\/wp\/v2\/posts\/69810\/revisions"}],"predecessor-version":[{"id":69813,"href":"https:\/\/schoenstatt.com\/es\/wp-json\/wp\/v2\/posts\/69810\/revisions\/69813"}],"wp:featuredmedia":[{"embeddable":true,"href":"https:\/\/schoenstatt.com\/es\/wp-json\/wp\/v2\/media\/69802"}],"wp:attachment":[{"href":"https:\/\/schoenstatt.com\/es\/wp-json\/wp\/v2\/media?parent=69810"}],"wp:term":[{"taxonomy":"category","embeddable":true,"href":"https:\/\/schoenstatt.com\/es\/wp-json\/wp\/v2\/categories?post=69810"},{"taxonomy":"post_tag","embeddable":true,"href":"https:\/\/schoenstatt.com\/es\/wp-json\/wp\/v2\/tags?post=69810"}],"curies":[{"name":"wp","href":"https:\/\/api.w.org\/{rel}","templated":true}]}}