{"id":69745,"date":"2026-04-20T14:25:35","date_gmt":"2026-04-20T12:25:35","guid":{"rendered":"https:\/\/schoenstatt.com\/?p=69745"},"modified":"2026-04-20T14:35:53","modified_gmt":"2026-04-20T12:35:53","slug":"las-misiones-universitarias-y-familiares-en-ecuador-tuvieron-un-impacto-en-muchas-almas","status":"publish","type":"post","link":"https:\/\/schoenstatt.com\/es\/las-misiones-universitarias-y-familiares-en-ecuador-tuvieron-un-impacto-en-muchas-almas\/","title":{"rendered":"Las misiones universitarias y familiares en Ecuador tuvieron un impacto en muchas almas"},"content":{"rendered":"\n<p>Durante la Semana Santa, el Movimiento Apost\u00f3lico de Schoenstatt en Ecuador vivi\u00f3 una profunda experiencia de fe, entrega y servicio a trav\u00e9s de sus misiones.<\/p>\n\n\n\n<p>Tanto las juventudes universitarias como las familias misioneras respondieron con generosidad al llamado de llevar a Cristo y a Mar\u00eda a distintos rincones del pa\u00eds, convirti\u00e9ndose en una presencia concreta de esperanza en medio de las realidades de cada comunidad.<\/p>\n\n\n\n<p>Estas misiones no solo reflejan el compromiso apost\u00f3lico del movimiento, sino tambi\u00e9n su capacidad de impactar positivamente en la sociedad, promoviendo espacios de encuentro, escucha, oraci\u00f3n y acompa\u00f1amiento.<\/p>\n\n\n\n<div style=\"height:34px\" aria-hidden=\"true\" class=\"wp-block-spacer\"><\/div>\n\n\n\n<h2 class=\"wp-block-heading has-medium-font-size\" id=\"h-342-misioneros-enviados-a-diversas-provincias\">342 misioneros enviados a diversas provincias<\/h2>\n\n\n\n<p>En cada lugar visitado, Schoenstatt se hizo presente como Iglesia viva, llevando consuelo, fortaleciendo la fe y construyendo comunidad.<\/p>\n\n\n\n<p>En total, 342 misioneros fueron enviados desde distintas ramas y ciudades del pa\u00eds, abarcando misiones universitarias y misiones familiares en varias provincias del Ecuador.<\/p>\n\n\n\n<p>A trav\u00e9s de su entrega, se logr\u00f3 llegar a cientos de hogares y comunidades, generando un impacto significativo tanto en las familias misionadas como en los propios misioneros.<\/p>\n\n\n\n<p>Estas jornadas fueron una verdadera expresi\u00f3n de fe en acci\u00f3n: j\u00f3venes y familias que, dejando su comodidad, optaron por servir, escuchar y acompa\u00f1ar.<\/p>\n\n\n\n<div style=\"height:27px\" aria-hidden=\"true\" class=\"wp-block-spacer\"><\/div>\n\n\n\n<figure class=\"wp-block-gallery has-nested-images columns-default is-cropped wp-block-gallery-1 is-layout-flex wp-block-gallery-is-layout-flex\">\n<figure class=\"wp-block-image size-large\"><img decoding=\"async\" data-id=\"69732\" src=\"https:\/\/schoenstatt.com\/wp-content\/uploads\/2026\/04\/Missiones-Universitarias-Ecuador-2.webp\" alt=\"\" class=\"wp-image-69732\"\/><\/figure>\n\n\n\n<figure class=\"wp-block-image size-large\"><img decoding=\"async\" data-id=\"69722\" src=\"https:\/\/schoenstatt.com\/wp-content\/uploads\/2026\/04\/Missiones-Familiares-Ecuador-2.webp\" alt=\"\" class=\"wp-image-69722\"\/><\/figure>\n<\/figure>\n\n\n\n<div style=\"height:40px\" aria-hidden=\"true\" class=\"wp-block-spacer\"><\/div>\n\n\n\n<h2 class=\"wp-block-heading has-medium-font-size\" id=\"h-schoenstatt-en-salida-sirviendo-a-un-nuevo-orden-social\">Schoenstatt en salida, sirviendo a un nuevo orden social<\/h2>\n\n\n\n<p>Las misiones de Semana Santa reafirman as\u00ed el compromiso de Schoenstatt con la evangelizaci\u00f3n y su aporte concreto a la sociedad, formando corazones capaces de transformar su entorno desde el amor, la esperanza y la fe vivida.<\/p>\n\n\n\n<p>Cada misionero, adem\u00e1s, realiza un acto profundo de entrega personal, dejando por unos d\u00edas sus propias preocupaciones y responsabilidades, para salir al encuentro del hermano y llevar el Evangelio all\u00ed donde m\u00e1s se necesita. Es en ese desprendimiento generoso donde la misi\u00f3n cobra un sentido a\u00fan m\u00e1s profundo, convirti\u00e9ndose no solo en servicio, sino tambi\u00e9n en un camino de transformaci\u00f3n interior.<\/p>\n\n\n\n<div style=\"height:35px\" aria-hidden=\"true\" class=\"wp-block-spacer\"><\/div>\n\n\n\n<hr class=\"wp-block-separator has-text-color has-alpha-channel-opacity has-background\" style=\"background-color:#eba472;color:#eba472\"\/>\n\n\n\n<div style=\"height:52px\" aria-hidden=\"true\" class=\"wp-block-spacer\"><\/div>\n\n\n\n<p><strong>Compartimos aqu\u00ed unos datos sobre las distintas vertientes de la misma misi\u00f3n:<\/strong><\/p>\n\n\n\n<div style=\"height:34px\" aria-hidden=\"true\" class=\"wp-block-spacer\"><\/div>\n\n\n\n<div class=\"wp-block-columns is-layout-flex wp-container-core-columns-is-layout-28f84493 wp-block-columns-is-layout-flex\">\n<div class=\"wp-block-column is-layout-flow wp-block-column-is-layout-flow\">\n<p><strong>Juventud Guayaquil<\/strong><\/p>\n\n\n\n<p><strong>Lema:<\/strong> \u201cCon Cristo y Mar\u00eda, conquistando corazones\u201d<br><strong>Cantidad de Misioneros: <\/strong>82<br><strong>Lugar: <\/strong>Pelileo<br>Comunidades misionadas: Garc\u00eda Moreno, Catimbo Potreros, Catimbo Centro, Chambiato, Chumaqu\u00ed, Sigual\u00f3 Bajo, Sigual\u00f3 Alto.<\/p>\n<\/div>\n\n\n\n<div class=\"wp-block-column is-layout-flow wp-block-column-is-layout-flow\">\n<p><strong>Juventud Quito<\/strong><\/p>\n\n\n\n<p><strong>Lema: <\/strong>\u00abEn medio de la tormenta, ser r\u00edos de esperanza\u00bb<br><strong>Cantidad de misioneros: <\/strong>88<br><strong>Lugar: <\/strong>Cotundo<br>Comunidades misionadas: Jondachi, Sacha Waysa, Narupa y diversos sectores del Km 24.<\/p>\n<\/div>\n<\/div>\n\n\n\n<div style=\"height:50px\" aria-hidden=\"true\" class=\"wp-block-spacer\"><\/div>\n\n\n\n<div class=\"wp-block-columns is-layout-flex wp-container-core-columns-is-layout-28f84493 wp-block-columns-is-layout-flex\">\n<div class=\"wp-block-column is-layout-flow wp-block-column-is-layout-flow\">\n<p><strong>Misiones Familiares Guayaquil<\/strong><\/p>\n\n\n\n<p><strong>Lema: <\/strong>\u201cCon el fuego del primer amor, servimos a la misi\u00f3n\u201d<br><strong>Cantidad de misioneros: <\/strong>75<br><strong>Lugar: <\/strong>Tarifa<br>Comunidades misionadas: Monte Alto, El Rosario, Boca de Ca\u00f1a y La Pista<\/p>\n<\/div>\n\n\n\n<div class=\"wp-block-column is-layout-flow wp-block-column-is-layout-flow\">\n<p><strong>Misiones Familiares Quito<\/strong><\/p>\n\n\n\n<p><strong>Lema:<\/strong> \u201cFamilias Misioneras, mensajeros de esperanza\u201d<br><strong>Cantidad de misioneros: <\/strong>97<br><strong>Lugar:<\/strong> Imbabura<br>Comunidades misionadas: Santa Ana, La Loma y El Milagro<\/p>\n<\/div>\n<\/div>\n\n\n\n<div style=\"height:27px\" aria-hidden=\"true\" class=\"wp-block-spacer\"><\/div>\n\n\n\n<hr class=\"wp-block-separator has-text-color has-alpha-channel-opacity has-background\" style=\"background-color:#eba472;color:#eba472\"\/>\n\n\n\n<div style=\"height:36px\" aria-hidden=\"true\" class=\"wp-block-spacer\"><\/div>\n\n\n\n<h2 class=\"wp-block-heading has-medium-font-size\" id=\"h-los-laicos-junto-a-los-padres-y-hermanas-una-familia-en-salida\">Los laicos, junto a los padres y hermanas: una familia en salida<\/h2>\n\n\n\n<p>Un pilar fundamental en cada misi\u00f3n es la compa\u00f1\u00eda cercana de los Padres y las Hermanas de Mar\u00eda de Schoenstatt, quienes, con su gu\u00eda espiritual, entrega y testimonio, acompa\u00f1an a los misioneros en cada paso.<\/p>\n\n\n\n<p>Este esfuerzo no ser\u00eda posible sin el valioso apoyo de los misioneros donantes, quienes con su generosidad \u2014a trav\u00e9s de aportes econ\u00f3micos y materiales\u2014 hacen viable cada misi\u00f3n; y de los misioneros orantes, que sostienen espiritualmente esta labor con su oraci\u00f3n constante. Ambos son parte esencial de esta gran misi\u00f3n, permitiendo que la gracia llegue m\u00e1s lejos y toque m\u00e1s corazones.<\/p>\n\n\n\n<p>Mirando hacia el 2027, la misi\u00f3n contin\u00faa y el llamado sigue abierto. Cada uno puede ser instrumento de esperanza, ya sea yendo, donando o rezando. Se nos invita a salir de nosotros mismos y dejarnos usar por Dios para llevar su luz donde m\u00e1s se necesita.<\/p>\n\n\n\n<div style=\"height:29px\" aria-hidden=\"true\" class=\"wp-block-spacer\"><\/div>\n\n\n\n<figure class=\"wp-block-image aligncenter size-full\"><img decoding=\"async\" src=\"https:\/\/schoenstatt.com\/wp-content\/uploads\/2026\/04\/Missiones-Universitarias-Ecuador.webp\" alt=\"\" class=\"wp-image-69737\"\/><\/figure>\n\n\n\n<div style=\"height:31px\" aria-hidden=\"true\" class=\"wp-block-spacer\"><\/div>\n\n\n\n<h2 class=\"wp-block-heading has-medium-font-size\" id=\"h-testimonios\">Testimonios<\/h2>\n\n\n\n<p><em>\u201cLas misiones universitarias son el claro ejemplo de que en la juventud a\u00fan existe ese sentimiento de querer servir al pr\u00f3jimo, que, fortalecido con el apoyo de la Mater y el Padre, se refleja el verdadero esp\u00edritu de la misi\u00f3n. La misi\u00f3n puerta a puerta nos permiti\u00f3 ver la realidad de nuestros hermanos, los acompa\u00f1amos con oraciones y tiempo de calidad; adem\u00e1s ayudamos en lo que necesitaban para agilizar sus tareas diarias y comprendimos que no es f\u00e1cil, pero demuestra lo importante de servir y escuchar a quienes lo necesiten. El agradecimiento en sus rostros nos deja claro que estamos haciendo lo correcto y que, si seguimos con esta misi\u00f3n, conquistar corazones no ser\u00e1 un problema. Durante nuestro tiempo entre misioneros, compartimos nuestras experiencias vividas durante la misi\u00f3n puerta a puerta, realizando actividades entre nosotros, como oraci\u00f3n comunitaria, que nos mantuvo en sinton\u00eda; y tiempo de reflexi\u00f3n ante Jes\u00fas\u201d. <\/em><\/p>\n\n\n\n<p><strong>Ma. Jos\u00e9 L\u00f3pez \u2013 Juventud Femenina Guayas<\/strong><\/p>\n\n\n\n<div style=\"height:31px\" aria-hidden=\"true\" class=\"wp-block-spacer\"><\/div>\n\n\n\n<hr class=\"wp-block-separator has-text-color has-alpha-channel-opacity has-background\" style=\"background-color:#eba472;color:#eba472\"\/>\n\n\n\n<div style=\"height:48px\" aria-hidden=\"true\" class=\"wp-block-spacer\"><\/div>\n\n\n\n<p><em>\u201cPara m\u00ed, las misiones son un respiro de mi vida cotidiana y como un premio adelantado, porque queda muy cerca del inicio de clases y me recuerda a las personas que tengo a mi alrededor y lo bendecida Dios me tiene\u201d. <\/em><\/p>\n\n\n\n<p><strong>Chabu Beltr\u00e1n \u2013 Misiones Familiares Guayaquil<\/strong><\/p>\n\n\n\n<div style=\"height:26px\" aria-hidden=\"true\" class=\"wp-block-spacer\"><\/div>\n\n\n\n<hr class=\"wp-block-separator has-text-color has-alpha-channel-opacity has-background\" style=\"background-color:#eba472;color:#eba472\"\/>\n\n\n\n<div style=\"height:28px\" aria-hidden=\"true\" class=\"wp-block-spacer\"><\/div>\n\n\n\n<p><em>\u201cVivir las misiones familiares de Schoenstatt es una experiencia que transforma profundamente el coraz\u00f3n, porque el impacto no solo se siente en las comunidades que se visitan, sino tambi\u00e9n en las familias misioneras. Esos d\u00edas forjan un verdadero santuario vivo en el hogar, de la mano de la Mater\u201d.<\/em><\/p>\n\n\n\n<p><strong>Familia Guerrero Contero \u2013 Misiones Familiares Quito<\/strong><\/p>\n","protected":false},"excerpt":{"rendered":"<p>Schoenstatt Ecuador sali\u00f3 a misionar en Semana Santa, generando caminos concretos por un nuevo orden social.<\/p>\n","protected":false},"author":3,"featured_media":69728,"comment_status":"closed","ping_status":"closed","sticky":false,"template":"","format":"standard","meta":{"footnotes":""},"categories":[864,898],"tags":[631,567,1066,726],"class_list":["post-69745","post","type-post","status-publish","format-standard","has-post-thumbnail","hentry","category-america-es","category-en-mision-es","tag-familia-es","tag-juventud-de-schoenstatt-es","tag-misioneros-es","tag-schoenstatt-ecuador-es"],"yoast_head":"<!-- This site is optimized with the Yoast SEO Premium plugin v27.4 (Yoast SEO v27.4) - https:\/\/yoast.com\/product\/yoast-seo-premium-wordpress\/ -->\n<title>Las misiones universitarias y familiares en Ecuador tuvieron un impacto en muchas almas<\/title>\n<meta name=\"description\" content=\"Schoenstatt Ecuador sali\u00f3 a misionar en Semana Santa, generando caminos concretos por un nuevo orden social.\" \/>\n<meta name=\"robots\" content=\"index, follow, max-snippet:-1, max-image-preview:large, max-video-preview:-1\" \/>\n<link rel=\"canonical\" href=\"https:\/\/schoenstatt.com\/es\/las-misiones-universitarias-y-familiares-en-ecuador-tuvieron-un-impacto-en-muchas-almas\/\" \/>\n<meta property=\"og:locale\" content=\"es_ES\" \/>\n<meta property=\"og:type\" content=\"article\" \/>\n<meta property=\"og:title\" content=\"Las misiones universitarias y familiares en Ecuador tuvieron un impacto en muchas almas\" \/>\n<meta property=\"og:description\" content=\"Schoenstatt Ecuador sali\u00f3 a misionar en Semana Santa, generando caminos concretos por un nuevo orden social.\" \/>\n<meta property=\"og:url\" content=\"https:\/\/schoenstatt.com\/es\/las-misiones-universitarias-y-familiares-en-ecuador-tuvieron-un-impacto-en-muchas-almas\/\" \/>\n<meta property=\"og:site_name\" content=\"Schoenstatt\" \/>\n<meta property=\"article:published_time\" content=\"2026-04-20T12:25:35+00:00\" \/>\n<meta property=\"article:modified_time\" content=\"2026-04-20T12:35:53+00:00\" \/>\n<meta property=\"og:image\" content=\"https:\/\/schoenstatt.com\/wp-content\/uploads\/2026\/04\/Missiones-Familiares-Ecuador.webp\" \/>\n\t<meta property=\"og:image:width\" content=\"1280\" \/>\n\t<meta property=\"og:image:height\" content=\"960\" \/>\n\t<meta property=\"og:image:type\" content=\"image\/jpeg\" \/>\n<meta name=\"author\" content=\"Karen Bueno\" \/>\n<meta name=\"twitter:card\" content=\"summary_large_image\" \/>\n<meta name=\"twitter:label1\" content=\"Escrito por\" \/>\n\t<meta name=\"twitter:data1\" content=\"Karen Bueno\" \/>\n\t<meta name=\"twitter:label2\" content=\"Tiempo de lectura\" \/>\n\t<meta name=\"twitter:data2\" content=\"6 minutos\" \/>\n<script type=\"application\/ld+json\" class=\"yoast-schema-graph\">{\"@context\":\"https:\\\/\\\/schema.org\",\"@graph\":[{\"@type\":\"Article\",\"@id\":\"https:\\\/\\\/schoenstatt.com\\\/es\\\/las-misiones-universitarias-y-familiares-en-ecuador-tuvieron-un-impacto-en-muchas-almas\\\/#article\",\"isPartOf\":{\"@id\":\"https:\\\/\\\/schoenstatt.com\\\/es\\\/las-misiones-universitarias-y-familiares-en-ecuador-tuvieron-un-impacto-en-muchas-almas\\\/\"},\"author\":{\"name\":\"Karen Bueno\",\"@id\":\"https:\\\/\\\/schoenstatt.com\\\/es\\\/#\\\/schema\\\/person\\\/5158877ad4acae98b34daaeef2a1ce6e\"},\"headline\":\"Las misiones universitarias y familiares en Ecuador tuvieron un impacto en muchas almas\",\"datePublished\":\"2026-04-20T12:25:35+00:00\",\"dateModified\":\"2026-04-20T12:35:53+00:00\",\"mainEntityOfPage\":{\"@id\":\"https:\\\/\\\/schoenstatt.com\\\/es\\\/las-misiones-universitarias-y-familiares-en-ecuador-tuvieron-un-impacto-en-muchas-almas\\\/\"},\"wordCount\":905,\"publisher\":{\"@id\":\"https:\\\/\\\/schoenstatt.com\\\/es\\\/#organization\"},\"image\":{\"@id\":\"https:\\\/\\\/schoenstatt.com\\\/es\\\/las-misiones-universitarias-y-familiares-en-ecuador-tuvieron-un-impacto-en-muchas-almas\\\/#primaryimage\"},\"thumbnailUrl\":\"https:\\\/\\\/schoenstatt.com\\\/wp-content\\\/uploads\\\/2026\\\/04\\\/Missiones-Familiares-Ecuador.webp\",\"keywords\":[\"Familia\",\"Juventud de Schoenstatt\",\"Misioneros\",\"Schoenstatt Ecuador\"],\"articleSection\":[\"Am\u00e9rica\",\"En misi\u00f3n\"],\"inLanguage\":\"es\"},{\"@type\":\"WebPage\",\"@id\":\"https:\\\/\\\/schoenstatt.com\\\/es\\\/las-misiones-universitarias-y-familiares-en-ecuador-tuvieron-un-impacto-en-muchas-almas\\\/\",\"url\":\"https:\\\/\\\/schoenstatt.com\\\/es\\\/las-misiones-universitarias-y-familiares-en-ecuador-tuvieron-un-impacto-en-muchas-almas\\\/\",\"name\":\"Las misiones universitarias y familiares en Ecuador tuvieron un impacto en muchas almas\",\"isPartOf\":{\"@id\":\"https:\\\/\\\/schoenstatt.com\\\/es\\\/#website\"},\"primaryImageOfPage\":{\"@id\":\"https:\\\/\\\/schoenstatt.com\\\/es\\\/las-misiones-universitarias-y-familiares-en-ecuador-tuvieron-un-impacto-en-muchas-almas\\\/#primaryimage\"},\"image\":{\"@id\":\"https:\\\/\\\/schoenstatt.com\\\/es\\\/las-misiones-universitarias-y-familiares-en-ecuador-tuvieron-un-impacto-en-muchas-almas\\\/#primaryimage\"},\"thumbnailUrl\":\"https:\\\/\\\/schoenstatt.com\\\/wp-content\\\/uploads\\\/2026\\\/04\\\/Missiones-Familiares-Ecuador.webp\",\"datePublished\":\"2026-04-20T12:25:35+00:00\",\"dateModified\":\"2026-04-20T12:35:53+00:00\",\"description\":\"Schoenstatt Ecuador sali\u00f3 a misionar en Semana Santa, generando caminos concretos por un nuevo orden social.\",\"breadcrumb\":{\"@id\":\"https:\\\/\\\/schoenstatt.com\\\/es\\\/las-misiones-universitarias-y-familiares-en-ecuador-tuvieron-un-impacto-en-muchas-almas\\\/#breadcrumb\"},\"inLanguage\":\"es\",\"potentialAction\":[{\"@type\":\"ReadAction\",\"target\":[\"https:\\\/\\\/schoenstatt.com\\\/es\\\/las-misiones-universitarias-y-familiares-en-ecuador-tuvieron-un-impacto-en-muchas-almas\\\/\"]}]},{\"@type\":\"ImageObject\",\"inLanguage\":\"es\",\"@id\":\"https:\\\/\\\/schoenstatt.com\\\/es\\\/las-misiones-universitarias-y-familiares-en-ecuador-tuvieron-un-impacto-en-muchas-almas\\\/#primaryimage\",\"url\":\"https:\\\/\\\/schoenstatt.com\\\/wp-content\\\/uploads\\\/2026\\\/04\\\/Missiones-Familiares-Ecuador.webp\",\"contentUrl\":\"https:\\\/\\\/schoenstatt.com\\\/wp-content\\\/uploads\\\/2026\\\/04\\\/Missiones-Familiares-Ecuador.webp\",\"width\":1280,\"height\":960},{\"@type\":\"BreadcrumbList\",\"@id\":\"https:\\\/\\\/schoenstatt.com\\\/es\\\/las-misiones-universitarias-y-familiares-en-ecuador-tuvieron-un-impacto-en-muchas-almas\\\/#breadcrumb\",\"itemListElement\":[{\"@type\":\"ListItem\",\"position\":1,\"name\":\"Portada\",\"item\":\"https:\\\/\\\/schoenstatt.com\\\/es\\\/home\\\/\"},{\"@type\":\"ListItem\",\"position\":2,\"name\":\"Las misiones universitarias y familiares en Ecuador tuvieron un impacto en muchas almas\"}]},{\"@type\":\"WebSite\",\"@id\":\"https:\\\/\\\/schoenstatt.com\\\/es\\\/#website\",\"url\":\"https:\\\/\\\/schoenstatt.com\\\/es\\\/\",\"name\":\"Schoenstatt\",\"description\":\"Apostolic Movement\",\"publisher\":{\"@id\":\"https:\\\/\\\/schoenstatt.com\\\/es\\\/#organization\"},\"potentialAction\":[{\"@type\":\"SearchAction\",\"target\":{\"@type\":\"EntryPoint\",\"urlTemplate\":\"https:\\\/\\\/schoenstatt.com\\\/es\\\/?s={search_term_string}\"},\"query-input\":{\"@type\":\"PropertyValueSpecification\",\"valueRequired\":true,\"valueName\":\"search_term_string\"}}],\"inLanguage\":\"es\"},{\"@type\":\"Organization\",\"@id\":\"https:\\\/\\\/schoenstatt.com\\\/es\\\/#organization\",\"name\":\"Schoenstatt\",\"url\":\"https:\\\/\\\/schoenstatt.com\\\/es\\\/\",\"logo\":{\"@type\":\"ImageObject\",\"inLanguage\":\"es\",\"@id\":\"https:\\\/\\\/schoenstatt.com\\\/es\\\/#\\\/schema\\\/logo\\\/image\\\/\",\"url\":\"https:\\\/\\\/schoenstatt.com\\\/wp-content\\\/uploads\\\/2025\\\/04\\\/logo-schoenstatt-white-696x696-1.png\",\"contentUrl\":\"https:\\\/\\\/schoenstatt.com\\\/wp-content\\\/uploads\\\/2025\\\/04\\\/logo-schoenstatt-white-696x696-1.png\",\"width\":696,\"height\":694,\"caption\":\"Schoenstatt\"},\"image\":{\"@id\":\"https:\\\/\\\/schoenstatt.com\\\/es\\\/#\\\/schema\\\/logo\\\/image\\\/\"}},{\"@type\":\"Person\",\"@id\":\"https:\\\/\\\/schoenstatt.com\\\/es\\\/#\\\/schema\\\/person\\\/5158877ad4acae98b34daaeef2a1ce6e\",\"name\":\"Karen Bueno\",\"image\":{\"@type\":\"ImageObject\",\"inLanguage\":\"es\",\"@id\":\"https:\\\/\\\/secure.gravatar.com\\\/avatar\\\/f9f4b823873154269d2b2130f195f6d41037dd0d7fc5f3cacb5c846bae70d66b?s=96&d=mm&r=g\",\"url\":\"https:\\\/\\\/secure.gravatar.com\\\/avatar\\\/f9f4b823873154269d2b2130f195f6d41037dd0d7fc5f3cacb5c846bae70d66b?s=96&d=mm&r=g\",\"contentUrl\":\"https:\\\/\\\/secure.gravatar.com\\\/avatar\\\/f9f4b823873154269d2b2130f195f6d41037dd0d7fc5f3cacb5c846bae70d66b?s=96&d=mm&r=g\",\"caption\":\"Karen Bueno\"},\"url\":\"https:\\\/\\\/schoenstatt.com\\\/es\\\/author\\\/karen-bueno\\\/\"}]}<\/script>\n<!-- \/ Yoast SEO Premium plugin. -->","yoast_head_json":{"title":"Las misiones universitarias y familiares en Ecuador tuvieron un impacto en muchas almas","description":"Schoenstatt Ecuador sali\u00f3 a misionar en Semana Santa, generando caminos concretos por un nuevo orden social.","robots":{"index":"index","follow":"follow","max-snippet":"max-snippet:-1","max-image-preview":"max-image-preview:large","max-video-preview":"max-video-preview:-1"},"canonical":"https:\/\/schoenstatt.com\/es\/las-misiones-universitarias-y-familiares-en-ecuador-tuvieron-un-impacto-en-muchas-almas\/","og_locale":"es_ES","og_type":"article","og_title":"Las misiones universitarias y familiares en Ecuador tuvieron un impacto en muchas almas","og_description":"Schoenstatt Ecuador sali\u00f3 a misionar en Semana Santa, generando caminos concretos por un nuevo orden social.","og_url":"https:\/\/schoenstatt.com\/es\/las-misiones-universitarias-y-familiares-en-ecuador-tuvieron-un-impacto-en-muchas-almas\/","og_site_name":"Schoenstatt","article_published_time":"2026-04-20T12:25:35+00:00","article_modified_time":"2026-04-20T12:35:53+00:00","og_image":[{"width":1280,"height":960,"url":"https:\/\/schoenstatt.com\/wp-content\/uploads\/2026\/04\/Missiones-Familiares-Ecuador.webp","type":"image\/jpeg"}],"author":"Karen Bueno","twitter_card":"summary_large_image","twitter_misc":{"Escrito por":"Karen Bueno","Tiempo de lectura":"6 minutos"},"schema":{"@context":"https:\/\/schema.org","@graph":[{"@type":"Article","@id":"https:\/\/schoenstatt.com\/es\/las-misiones-universitarias-y-familiares-en-ecuador-tuvieron-un-impacto-en-muchas-almas\/#article","isPartOf":{"@id":"https:\/\/schoenstatt.com\/es\/las-misiones-universitarias-y-familiares-en-ecuador-tuvieron-un-impacto-en-muchas-almas\/"},"author":{"name":"Karen Bueno","@id":"https:\/\/schoenstatt.com\/es\/#\/schema\/person\/5158877ad4acae98b34daaeef2a1ce6e"},"headline":"Las misiones universitarias y familiares en Ecuador tuvieron un impacto en muchas almas","datePublished":"2026-04-20T12:25:35+00:00","dateModified":"2026-04-20T12:35:53+00:00","mainEntityOfPage":{"@id":"https:\/\/schoenstatt.com\/es\/las-misiones-universitarias-y-familiares-en-ecuador-tuvieron-un-impacto-en-muchas-almas\/"},"wordCount":905,"publisher":{"@id":"https:\/\/schoenstatt.com\/es\/#organization"},"image":{"@id":"https:\/\/schoenstatt.com\/es\/las-misiones-universitarias-y-familiares-en-ecuador-tuvieron-un-impacto-en-muchas-almas\/#primaryimage"},"thumbnailUrl":"https:\/\/schoenstatt.com\/wp-content\/uploads\/2026\/04\/Missiones-Familiares-Ecuador.webp","keywords":["Familia","Juventud de Schoenstatt","Misioneros","Schoenstatt Ecuador"],"articleSection":["Am\u00e9rica","En misi\u00f3n"],"inLanguage":"es"},{"@type":"WebPage","@id":"https:\/\/schoenstatt.com\/es\/las-misiones-universitarias-y-familiares-en-ecuador-tuvieron-un-impacto-en-muchas-almas\/","url":"https:\/\/schoenstatt.com\/es\/las-misiones-universitarias-y-familiares-en-ecuador-tuvieron-un-impacto-en-muchas-almas\/","name":"Las misiones universitarias y familiares en Ecuador tuvieron un impacto en muchas almas","isPartOf":{"@id":"https:\/\/schoenstatt.com\/es\/#website"},"primaryImageOfPage":{"@id":"https:\/\/schoenstatt.com\/es\/las-misiones-universitarias-y-familiares-en-ecuador-tuvieron-un-impacto-en-muchas-almas\/#primaryimage"},"image":{"@id":"https:\/\/schoenstatt.com\/es\/las-misiones-universitarias-y-familiares-en-ecuador-tuvieron-un-impacto-en-muchas-almas\/#primaryimage"},"thumbnailUrl":"https:\/\/schoenstatt.com\/wp-content\/uploads\/2026\/04\/Missiones-Familiares-Ecuador.webp","datePublished":"2026-04-20T12:25:35+00:00","dateModified":"2026-04-20T12:35:53+00:00","description":"Schoenstatt Ecuador sali\u00f3 a misionar en Semana Santa, generando caminos concretos por un nuevo orden social.","breadcrumb":{"@id":"https:\/\/schoenstatt.com\/es\/las-misiones-universitarias-y-familiares-en-ecuador-tuvieron-un-impacto-en-muchas-almas\/#breadcrumb"},"inLanguage":"es","potentialAction":[{"@type":"ReadAction","target":["https:\/\/schoenstatt.com\/es\/las-misiones-universitarias-y-familiares-en-ecuador-tuvieron-un-impacto-en-muchas-almas\/"]}]},{"@type":"ImageObject","inLanguage":"es","@id":"https:\/\/schoenstatt.com\/es\/las-misiones-universitarias-y-familiares-en-ecuador-tuvieron-un-impacto-en-muchas-almas\/#primaryimage","url":"https:\/\/schoenstatt.com\/wp-content\/uploads\/2026\/04\/Missiones-Familiares-Ecuador.webp","contentUrl":"https:\/\/schoenstatt.com\/wp-content\/uploads\/2026\/04\/Missiones-Familiares-Ecuador.webp","width":1280,"height":960},{"@type":"BreadcrumbList","@id":"https:\/\/schoenstatt.com\/es\/las-misiones-universitarias-y-familiares-en-ecuador-tuvieron-un-impacto-en-muchas-almas\/#breadcrumb","itemListElement":[{"@type":"ListItem","position":1,"name":"Portada","item":"https:\/\/schoenstatt.com\/es\/home\/"},{"@type":"ListItem","position":2,"name":"Las misiones universitarias y familiares en Ecuador tuvieron un impacto en muchas almas"}]},{"@type":"WebSite","@id":"https:\/\/schoenstatt.com\/es\/#website","url":"https:\/\/schoenstatt.com\/es\/","name":"Schoenstatt","description":"Apostolic Movement","publisher":{"@id":"https:\/\/schoenstatt.com\/es\/#organization"},"potentialAction":[{"@type":"SearchAction","target":{"@type":"EntryPoint","urlTemplate":"https:\/\/schoenstatt.com\/es\/?s={search_term_string}"},"query-input":{"@type":"PropertyValueSpecification","valueRequired":true,"valueName":"search_term_string"}}],"inLanguage":"es"},{"@type":"Organization","@id":"https:\/\/schoenstatt.com\/es\/#organization","name":"Schoenstatt","url":"https:\/\/schoenstatt.com\/es\/","logo":{"@type":"ImageObject","inLanguage":"es","@id":"https:\/\/schoenstatt.com\/es\/#\/schema\/logo\/image\/","url":"https:\/\/schoenstatt.com\/wp-content\/uploads\/2025\/04\/logo-schoenstatt-white-696x696-1.png","contentUrl":"https:\/\/schoenstatt.com\/wp-content\/uploads\/2025\/04\/logo-schoenstatt-white-696x696-1.png","width":696,"height":694,"caption":"Schoenstatt"},"image":{"@id":"https:\/\/schoenstatt.com\/es\/#\/schema\/logo\/image\/"}},{"@type":"Person","@id":"https:\/\/schoenstatt.com\/es\/#\/schema\/person\/5158877ad4acae98b34daaeef2a1ce6e","name":"Karen Bueno","image":{"@type":"ImageObject","inLanguage":"es","@id":"https:\/\/secure.gravatar.com\/avatar\/f9f4b823873154269d2b2130f195f6d41037dd0d7fc5f3cacb5c846bae70d66b?s=96&d=mm&r=g","url":"https:\/\/secure.gravatar.com\/avatar\/f9f4b823873154269d2b2130f195f6d41037dd0d7fc5f3cacb5c846bae70d66b?s=96&d=mm&r=g","contentUrl":"https:\/\/secure.gravatar.com\/avatar\/f9f4b823873154269d2b2130f195f6d41037dd0d7fc5f3cacb5c846bae70d66b?s=96&d=mm&r=g","caption":"Karen Bueno"},"url":"https:\/\/schoenstatt.com\/es\/author\/karen-bueno\/"}]}},"_links":{"self":[{"href":"https:\/\/schoenstatt.com\/es\/wp-json\/wp\/v2\/posts\/69745","targetHints":{"allow":["GET"]}}],"collection":[{"href":"https:\/\/schoenstatt.com\/es\/wp-json\/wp\/v2\/posts"}],"about":[{"href":"https:\/\/schoenstatt.com\/es\/wp-json\/wp\/v2\/types\/post"}],"author":[{"embeddable":true,"href":"https:\/\/schoenstatt.com\/es\/wp-json\/wp\/v2\/users\/3"}],"replies":[{"embeddable":true,"href":"https:\/\/schoenstatt.com\/es\/wp-json\/wp\/v2\/comments?post=69745"}],"version-history":[{"count":2,"href":"https:\/\/schoenstatt.com\/es\/wp-json\/wp\/v2\/posts\/69745\/revisions"}],"predecessor-version":[{"id":69747,"href":"https:\/\/schoenstatt.com\/es\/wp-json\/wp\/v2\/posts\/69745\/revisions\/69747"}],"wp:featuredmedia":[{"embeddable":true,"href":"https:\/\/schoenstatt.com\/es\/wp-json\/wp\/v2\/media\/69728"}],"wp:attachment":[{"href":"https:\/\/schoenstatt.com\/es\/wp-json\/wp\/v2\/media?parent=69745"}],"wp:term":[{"taxonomy":"category","embeddable":true,"href":"https:\/\/schoenstatt.com\/es\/wp-json\/wp\/v2\/categories?post=69745"},{"taxonomy":"post_tag","embeddable":true,"href":"https:\/\/schoenstatt.com\/es\/wp-json\/wp\/v2\/tags?post=69745"}],"curies":[{"name":"wp","href":"https:\/\/api.w.org\/{rel}","templated":true}]}}