{"id":69431,"date":"2026-04-01T14:31:19","date_gmt":"2026-04-01T12:31:19","guid":{"rendered":"https:\/\/schoenstatt.com\/?p=69431"},"modified":"2026-04-01T14:50:18","modified_gmt":"2026-04-01T12:50:18","slug":"en-abril-el-papa-invita-a-rezar-por-los-sacerdotes-en-crisis","status":"publish","type":"post","link":"https:\/\/schoenstatt.com\/es\/en-abril-el-papa-invita-a-rezar-por-los-sacerdotes-en-crisis\/","title":{"rendered":"En abril, el Papa invita a rezar por los sacerdotes en crisis"},"content":{"rendered":"\n<figure class=\"wp-block-embed is-type-video is-provider-youtube wp-block-embed-youtube wp-embed-aspect-16-9 wp-has-aspect-ratio\"><div class=\"wp-block-embed__wrapper\">\n<iframe title=\"Reza con el Papa: Por los sacerdotes en crisis | Abril 2026\" width=\"800\" height=\"450\" src=\"https:\/\/www.youtube.com\/embed\/3cJxa7o-C1w?feature=oembed\" frameborder=\"0\" allow=\"accelerometer; autoplay; clipboard-write; encrypted-media; gyroscope; picture-in-picture; web-share\" referrerpolicy=\"strict-origin-when-cross-origin\" allowfullscreen><\/iframe>\n<\/div><\/figure>\n\n\n\n<div style=\"height:32px\" aria-hidden=\"true\" class=\"wp-block-spacer\"><\/div>\n\n\n\n<p>El Video del Papa, difundido en 31 de marzo, con la intenci\u00f3n de oraci\u00f3n de Le\u00f3n XIV para el mes de abril, est\u00e1 dedicado a los sacerdotes en crisis. A trav\u00e9s de la Red Mundial de Oraci\u00f3n del Papa -con la campa\u00f1a \u201cReza con el Papa\u201d- el Santo Padre invita a los fieles y a las personas de buena voluntad a detenerse un momento en oraci\u00f3n, para reconocer y profundizar en que detr\u00e1s de cada ministerio hay una vida que tambi\u00e9n necesita cercan\u00eda y escucha.<\/p>\n\n\n\n<div style=\"height:36px\" aria-hidden=\"true\" class=\"wp-block-spacer\"><\/div>\n\n\n\n<h2 class=\"wp-block-heading has-medium-font-size\" id=\"h-pastores-sostenidos-por-la-oracion-de-su-pueblo\">Pastores sostenidos por la oraci\u00f3n de su pueblo<\/h2>\n\n\n\n<p>En su oraci\u00f3n, el Papa dirige una s\u00faplica profunda por los sacerdotes que atraviesan momentos de dificultad \u201ccuando la soledad pesa, las dudas oscurecen el coraz\u00f3n y el cansancio parece m\u00e1s fuerte que la esperanza\u201d y recuerda que los presb\u00edteros \u201cno son funcionarios ni h\u00e9roes solitarios, sino hijos amados, disc\u00edpulos humildes y queridos, y pastores sostenidos por la oraci\u00f3n de su pueblo\u201d. Adem\u00e1s, el Pont\u00edfice subraya la importancia de redescubrir la dimensi\u00f3n comunitaria del ministerio sacerdotal. En particular, invita a los fieles a \u201cescuchar sin juzgar, agradecer sin exigir perfecci\u00f3n y acompa\u00f1ar con cercan\u00eda y oraci\u00f3n sincera\u201d, reconociendo que el cuidado de los sacerdotes es una responsabilidad compartida por todo el Pueblo de Dios. En su oraci\u00f3n, el Papa pide especialmente que los sacerdotes puedan contar con \u201camistades sanas, redes de apoyo fraterno\u201d y la gracia de redescubrir la belleza de su vocaci\u00f3n.<\/p>\n\n\n\n<div style=\"height:32px\" aria-hidden=\"true\" class=\"wp-block-spacer\"><\/div>\n\n\n\n<h2 class=\"wp-block-heading has-medium-font-size\" id=\"h-una-invitacion-a-rezar-y-actuar\">Una invitaci\u00f3n a rezar y actuar<\/h2>\n\n\n\n<p>Por su parte, el director internacional de la Red Mundial de Oraci\u00f3n del Papa, el jesuita Crist\u00f3bal Fones, recuerda la \u201cimportancia del acompa\u00f1amiento humano, de la amistad sincera y, sobre todo, del sostenimiento en la oraci\u00f3n\u201d ya que \u201clos sacerdotes necesitan saber que no est\u00e1n solos\u201d.<\/p>\n\n\n\n<p>La fraternidad sacerdotal, la vida compartida y la oraci\u00f3n del Pueblo de Dios aparecen, as\u00ed, como \u201cfuentes esenciales de gracia, capaces de renovar su vocaci\u00f3n y sostenerlos en su misi\u00f3n cotidiana\u201d. En este sentido, la Red Mundial del Oraci\u00f3n del Papa se\u00f1ala que esta intenci\u00f3n \u201cno es solo una invitaci\u00f3n a rezar, sino tambi\u00e9n a actuar: promover espacios de escucha, fomentar comunidades acogedoras, evitar las cr\u00edticas destructivas, y fortalecer v\u00ednculos como comunidad\u201d.<\/p>\n\n\n\n<p><strong>Fuente:<\/strong> <a href=\"https:\/\/www.vaticannews.va\/es\/papa\/news\/2026-03\/papa-leon-xiv-intencion-oracion-abril-sacerdotes-crisis.html\" target=\"_blank\" rel=\"noreferrer noopener\">vaticannews.va\/es<\/a><\/p>\n","protected":false},"excerpt":{"rendered":"<p>El video con la intenci\u00f3n de oraci\u00f3n para el mes de abril hace hincapi\u00e9 en el acompa\u00f1amiento humano y espiritual de los sacerdotes.<\/p>\n","protected":false},"author":3,"featured_media":60985,"comment_status":"closed","ping_status":"closed","sticky":false,"template":"","format":"standard","meta":{"footnotes":""},"categories":[683],"tags":[1304],"class_list":["post-69431","post","type-post","status-publish","format-standard","has-post-thumbnail","hentry","category-iglesia-es","tag-video-del-papa-es"],"yoast_head":"<!-- This site is optimized with the Yoast SEO Premium plugin v27.4 (Yoast SEO v27.5) - https:\/\/yoast.com\/product\/yoast-seo-premium-wordpress\/ -->\n<title>En abril, el Papa invita a rezar por los sacerdotes en crisis - Schoenstatt<\/title>\n<meta name=\"description\" content=\"El video con la intenci\u00f3n de oraci\u00f3n para el mes de abril hace hincapi\u00e9 en el acompa\u00f1amiento humano y espiritual de los sacerdotes.\" \/>\n<meta name=\"robots\" content=\"index, follow, max-snippet:-1, max-image-preview:large, max-video-preview:-1\" \/>\n<link rel=\"canonical\" href=\"https:\/\/schoenstatt.com\/es\/en-abril-el-papa-invita-a-rezar-por-los-sacerdotes-en-crisis\/\" \/>\n<meta property=\"og:locale\" content=\"es_ES\" \/>\n<meta property=\"og:type\" content=\"article\" \/>\n<meta property=\"og:title\" content=\"En abril, el Papa invita a rezar por los sacerdotes en crisis\" \/>\n<meta property=\"og:description\" content=\"El video con la intenci\u00f3n de oraci\u00f3n para el mes de abril hace hincapi\u00e9 en el acompa\u00f1amiento humano y espiritual de los sacerdotes.\" \/>\n<meta property=\"og:url\" content=\"https:\/\/schoenstatt.com\/es\/en-abril-el-papa-invita-a-rezar-por-los-sacerdotes-en-crisis\/\" \/>\n<meta property=\"og:site_name\" content=\"Schoenstatt\" \/>\n<meta property=\"article:published_time\" content=\"2026-04-01T12:31:19+00:00\" \/>\n<meta property=\"article:modified_time\" content=\"2026-04-01T12:50:18+00:00\" \/>\n<meta property=\"og:image\" content=\"https:\/\/schoenstatt.com\/wp-content\/uploads\/2025\/07\/League-of-Schoenstatt-Diocesan-Priests-USA-3.webp\" \/>\n\t<meta property=\"og:image:width\" content=\"1431\" \/>\n\t<meta property=\"og:image:height\" content=\"1073\" \/>\n\t<meta property=\"og:image:type\" content=\"image\/jpeg\" \/>\n<meta name=\"author\" content=\"Karen Bueno\" \/>\n<meta name=\"twitter:card\" content=\"summary_large_image\" \/>\n<meta name=\"twitter:label1\" content=\"Escrito por\" \/>\n\t<meta name=\"twitter:data1\" content=\"Karen Bueno\" \/>\n\t<meta name=\"twitter:label2\" content=\"Tiempo de lectura\" \/>\n\t<meta name=\"twitter:data2\" content=\"3 minutos\" \/>\n<script type=\"application\/ld+json\" class=\"yoast-schema-graph\">{\"@context\":\"https:\\\/\\\/schema.org\",\"@graph\":[{\"@type\":\"Article\",\"@id\":\"https:\\\/\\\/schoenstatt.com\\\/es\\\/en-abril-el-papa-invita-a-rezar-por-los-sacerdotes-en-crisis\\\/#article\",\"isPartOf\":{\"@id\":\"https:\\\/\\\/schoenstatt.com\\\/es\\\/en-abril-el-papa-invita-a-rezar-por-los-sacerdotes-en-crisis\\\/\"},\"author\":{\"name\":\"Karen Bueno\",\"@id\":\"https:\\\/\\\/schoenstatt.com\\\/es\\\/#\\\/schema\\\/person\\\/5158877ad4acae98b34daaeef2a1ce6e\"},\"headline\":\"En abril, el Papa invita a rezar por los sacerdotes en crisis\",\"datePublished\":\"2026-04-01T12:31:19+00:00\",\"dateModified\":\"2026-04-01T12:50:18+00:00\",\"mainEntityOfPage\":{\"@id\":\"https:\\\/\\\/schoenstatt.com\\\/es\\\/en-abril-el-papa-invita-a-rezar-por-los-sacerdotes-en-crisis\\\/\"},\"wordCount\":429,\"publisher\":{\"@id\":\"https:\\\/\\\/schoenstatt.com\\\/es\\\/#organization\"},\"image\":{\"@id\":\"https:\\\/\\\/schoenstatt.com\\\/es\\\/en-abril-el-papa-invita-a-rezar-por-los-sacerdotes-en-crisis\\\/#primaryimage\"},\"thumbnailUrl\":\"https:\\\/\\\/schoenstatt.com\\\/wp-content\\\/uploads\\\/2025\\\/07\\\/League-of-Schoenstatt-Diocesan-Priests-USA-3.webp\",\"keywords\":[\"Video del Papa\"],\"articleSection\":[\"Iglesia\"],\"inLanguage\":\"es\"},{\"@type\":\"WebPage\",\"@id\":\"https:\\\/\\\/schoenstatt.com\\\/es\\\/en-abril-el-papa-invita-a-rezar-por-los-sacerdotes-en-crisis\\\/\",\"url\":\"https:\\\/\\\/schoenstatt.com\\\/es\\\/en-abril-el-papa-invita-a-rezar-por-los-sacerdotes-en-crisis\\\/\",\"name\":\"En abril, el Papa invita a rezar por los sacerdotes en crisis - Schoenstatt\",\"isPartOf\":{\"@id\":\"https:\\\/\\\/schoenstatt.com\\\/es\\\/#website\"},\"primaryImageOfPage\":{\"@id\":\"https:\\\/\\\/schoenstatt.com\\\/es\\\/en-abril-el-papa-invita-a-rezar-por-los-sacerdotes-en-crisis\\\/#primaryimage\"},\"image\":{\"@id\":\"https:\\\/\\\/schoenstatt.com\\\/es\\\/en-abril-el-papa-invita-a-rezar-por-los-sacerdotes-en-crisis\\\/#primaryimage\"},\"thumbnailUrl\":\"https:\\\/\\\/schoenstatt.com\\\/wp-content\\\/uploads\\\/2025\\\/07\\\/League-of-Schoenstatt-Diocesan-Priests-USA-3.webp\",\"datePublished\":\"2026-04-01T12:31:19+00:00\",\"dateModified\":\"2026-04-01T12:50:18+00:00\",\"description\":\"El video con la intenci\u00f3n de oraci\u00f3n para el mes de abril hace hincapi\u00e9 en el acompa\u00f1amiento humano y espiritual de los sacerdotes.\",\"breadcrumb\":{\"@id\":\"https:\\\/\\\/schoenstatt.com\\\/es\\\/en-abril-el-papa-invita-a-rezar-por-los-sacerdotes-en-crisis\\\/#breadcrumb\"},\"inLanguage\":\"es\",\"potentialAction\":[{\"@type\":\"ReadAction\",\"target\":[\"https:\\\/\\\/schoenstatt.com\\\/es\\\/en-abril-el-papa-invita-a-rezar-por-los-sacerdotes-en-crisis\\\/\"]}]},{\"@type\":\"ImageObject\",\"inLanguage\":\"es\",\"@id\":\"https:\\\/\\\/schoenstatt.com\\\/es\\\/en-abril-el-papa-invita-a-rezar-por-los-sacerdotes-en-crisis\\\/#primaryimage\",\"url\":\"https:\\\/\\\/schoenstatt.com\\\/wp-content\\\/uploads\\\/2025\\\/07\\\/League-of-Schoenstatt-Diocesan-Priests-USA-3.webp\",\"contentUrl\":\"https:\\\/\\\/schoenstatt.com\\\/wp-content\\\/uploads\\\/2025\\\/07\\\/League-of-Schoenstatt-Diocesan-Priests-USA-3.webp\",\"width\":1431,\"height\":1073},{\"@type\":\"BreadcrumbList\",\"@id\":\"https:\\\/\\\/schoenstatt.com\\\/es\\\/en-abril-el-papa-invita-a-rezar-por-los-sacerdotes-en-crisis\\\/#breadcrumb\",\"itemListElement\":[{\"@type\":\"ListItem\",\"position\":1,\"name\":\"Portada\",\"item\":\"https:\\\/\\\/schoenstatt.com\\\/es\\\/home\\\/\"},{\"@type\":\"ListItem\",\"position\":2,\"name\":\"En abril, el Papa invita a rezar por los sacerdotes en crisis\"}]},{\"@type\":\"WebSite\",\"@id\":\"https:\\\/\\\/schoenstatt.com\\\/es\\\/#website\",\"url\":\"https:\\\/\\\/schoenstatt.com\\\/es\\\/\",\"name\":\"Schoenstatt\",\"description\":\"Apostolic Movement\",\"publisher\":{\"@id\":\"https:\\\/\\\/schoenstatt.com\\\/es\\\/#organization\"},\"potentialAction\":[{\"@type\":\"SearchAction\",\"target\":{\"@type\":\"EntryPoint\",\"urlTemplate\":\"https:\\\/\\\/schoenstatt.com\\\/es\\\/?s={search_term_string}\"},\"query-input\":{\"@type\":\"PropertyValueSpecification\",\"valueRequired\":true,\"valueName\":\"search_term_string\"}}],\"inLanguage\":\"es\"},{\"@type\":\"Organization\",\"@id\":\"https:\\\/\\\/schoenstatt.com\\\/es\\\/#organization\",\"name\":\"Schoenstatt\",\"url\":\"https:\\\/\\\/schoenstatt.com\\\/es\\\/\",\"logo\":{\"@type\":\"ImageObject\",\"inLanguage\":\"es\",\"@id\":\"https:\\\/\\\/schoenstatt.com\\\/es\\\/#\\\/schema\\\/logo\\\/image\\\/\",\"url\":\"https:\\\/\\\/schoenstatt.com\\\/wp-content\\\/uploads\\\/2025\\\/04\\\/logo-schoenstatt-white-696x696-1.png\",\"contentUrl\":\"https:\\\/\\\/schoenstatt.com\\\/wp-content\\\/uploads\\\/2025\\\/04\\\/logo-schoenstatt-white-696x696-1.png\",\"width\":696,\"height\":694,\"caption\":\"Schoenstatt\"},\"image\":{\"@id\":\"https:\\\/\\\/schoenstatt.com\\\/es\\\/#\\\/schema\\\/logo\\\/image\\\/\"}},{\"@type\":\"Person\",\"@id\":\"https:\\\/\\\/schoenstatt.com\\\/es\\\/#\\\/schema\\\/person\\\/5158877ad4acae98b34daaeef2a1ce6e\",\"name\":\"Karen Bueno\",\"image\":{\"@type\":\"ImageObject\",\"inLanguage\":\"es\",\"@id\":\"https:\\\/\\\/secure.gravatar.com\\\/avatar\\\/f9f4b823873154269d2b2130f195f6d41037dd0d7fc5f3cacb5c846bae70d66b?s=96&d=mm&r=g\",\"url\":\"https:\\\/\\\/secure.gravatar.com\\\/avatar\\\/f9f4b823873154269d2b2130f195f6d41037dd0d7fc5f3cacb5c846bae70d66b?s=96&d=mm&r=g\",\"contentUrl\":\"https:\\\/\\\/secure.gravatar.com\\\/avatar\\\/f9f4b823873154269d2b2130f195f6d41037dd0d7fc5f3cacb5c846bae70d66b?s=96&d=mm&r=g\",\"caption\":\"Karen Bueno\"},\"url\":\"https:\\\/\\\/schoenstatt.com\\\/es\\\/author\\\/karen-bueno\\\/\"}]}<\/script>\n<!-- \/ Yoast SEO Premium plugin. -->","yoast_head_json":{"title":"En abril, el Papa invita a rezar por los sacerdotes en crisis - Schoenstatt","description":"El video con la intenci\u00f3n de oraci\u00f3n para el mes de abril hace hincapi\u00e9 en el acompa\u00f1amiento humano y espiritual de los sacerdotes.","robots":{"index":"index","follow":"follow","max-snippet":"max-snippet:-1","max-image-preview":"max-image-preview:large","max-video-preview":"max-video-preview:-1"},"canonical":"https:\/\/schoenstatt.com\/es\/en-abril-el-papa-invita-a-rezar-por-los-sacerdotes-en-crisis\/","og_locale":"es_ES","og_type":"article","og_title":"En abril, el Papa invita a rezar por los sacerdotes en crisis","og_description":"El video con la intenci\u00f3n de oraci\u00f3n para el mes de abril hace hincapi\u00e9 en el acompa\u00f1amiento humano y espiritual de los sacerdotes.","og_url":"https:\/\/schoenstatt.com\/es\/en-abril-el-papa-invita-a-rezar-por-los-sacerdotes-en-crisis\/","og_site_name":"Schoenstatt","article_published_time":"2026-04-01T12:31:19+00:00","article_modified_time":"2026-04-01T12:50:18+00:00","og_image":[{"width":1431,"height":1073,"url":"https:\/\/schoenstatt.com\/wp-content\/uploads\/2025\/07\/League-of-Schoenstatt-Diocesan-Priests-USA-3.webp","type":"image\/jpeg"}],"author":"Karen Bueno","twitter_card":"summary_large_image","twitter_misc":{"Escrito por":"Karen Bueno","Tiempo de lectura":"3 minutos"},"schema":{"@context":"https:\/\/schema.org","@graph":[{"@type":"Article","@id":"https:\/\/schoenstatt.com\/es\/en-abril-el-papa-invita-a-rezar-por-los-sacerdotes-en-crisis\/#article","isPartOf":{"@id":"https:\/\/schoenstatt.com\/es\/en-abril-el-papa-invita-a-rezar-por-los-sacerdotes-en-crisis\/"},"author":{"name":"Karen Bueno","@id":"https:\/\/schoenstatt.com\/es\/#\/schema\/person\/5158877ad4acae98b34daaeef2a1ce6e"},"headline":"En abril, el Papa invita a rezar por los sacerdotes en crisis","datePublished":"2026-04-01T12:31:19+00:00","dateModified":"2026-04-01T12:50:18+00:00","mainEntityOfPage":{"@id":"https:\/\/schoenstatt.com\/es\/en-abril-el-papa-invita-a-rezar-por-los-sacerdotes-en-crisis\/"},"wordCount":429,"publisher":{"@id":"https:\/\/schoenstatt.com\/es\/#organization"},"image":{"@id":"https:\/\/schoenstatt.com\/es\/en-abril-el-papa-invita-a-rezar-por-los-sacerdotes-en-crisis\/#primaryimage"},"thumbnailUrl":"https:\/\/schoenstatt.com\/wp-content\/uploads\/2025\/07\/League-of-Schoenstatt-Diocesan-Priests-USA-3.webp","keywords":["Video del Papa"],"articleSection":["Iglesia"],"inLanguage":"es"},{"@type":"WebPage","@id":"https:\/\/schoenstatt.com\/es\/en-abril-el-papa-invita-a-rezar-por-los-sacerdotes-en-crisis\/","url":"https:\/\/schoenstatt.com\/es\/en-abril-el-papa-invita-a-rezar-por-los-sacerdotes-en-crisis\/","name":"En abril, el Papa invita a rezar por los sacerdotes en crisis - Schoenstatt","isPartOf":{"@id":"https:\/\/schoenstatt.com\/es\/#website"},"primaryImageOfPage":{"@id":"https:\/\/schoenstatt.com\/es\/en-abril-el-papa-invita-a-rezar-por-los-sacerdotes-en-crisis\/#primaryimage"},"image":{"@id":"https:\/\/schoenstatt.com\/es\/en-abril-el-papa-invita-a-rezar-por-los-sacerdotes-en-crisis\/#primaryimage"},"thumbnailUrl":"https:\/\/schoenstatt.com\/wp-content\/uploads\/2025\/07\/League-of-Schoenstatt-Diocesan-Priests-USA-3.webp","datePublished":"2026-04-01T12:31:19+00:00","dateModified":"2026-04-01T12:50:18+00:00","description":"El video con la intenci\u00f3n de oraci\u00f3n para el mes de abril hace hincapi\u00e9 en el acompa\u00f1amiento humano y espiritual de los sacerdotes.","breadcrumb":{"@id":"https:\/\/schoenstatt.com\/es\/en-abril-el-papa-invita-a-rezar-por-los-sacerdotes-en-crisis\/#breadcrumb"},"inLanguage":"es","potentialAction":[{"@type":"ReadAction","target":["https:\/\/schoenstatt.com\/es\/en-abril-el-papa-invita-a-rezar-por-los-sacerdotes-en-crisis\/"]}]},{"@type":"ImageObject","inLanguage":"es","@id":"https:\/\/schoenstatt.com\/es\/en-abril-el-papa-invita-a-rezar-por-los-sacerdotes-en-crisis\/#primaryimage","url":"https:\/\/schoenstatt.com\/wp-content\/uploads\/2025\/07\/League-of-Schoenstatt-Diocesan-Priests-USA-3.webp","contentUrl":"https:\/\/schoenstatt.com\/wp-content\/uploads\/2025\/07\/League-of-Schoenstatt-Diocesan-Priests-USA-3.webp","width":1431,"height":1073},{"@type":"BreadcrumbList","@id":"https:\/\/schoenstatt.com\/es\/en-abril-el-papa-invita-a-rezar-por-los-sacerdotes-en-crisis\/#breadcrumb","itemListElement":[{"@type":"ListItem","position":1,"name":"Portada","item":"https:\/\/schoenstatt.com\/es\/home\/"},{"@type":"ListItem","position":2,"name":"En abril, el Papa invita a rezar por los sacerdotes en crisis"}]},{"@type":"WebSite","@id":"https:\/\/schoenstatt.com\/es\/#website","url":"https:\/\/schoenstatt.com\/es\/","name":"Schoenstatt","description":"Apostolic Movement","publisher":{"@id":"https:\/\/schoenstatt.com\/es\/#organization"},"potentialAction":[{"@type":"SearchAction","target":{"@type":"EntryPoint","urlTemplate":"https:\/\/schoenstatt.com\/es\/?s={search_term_string}"},"query-input":{"@type":"PropertyValueSpecification","valueRequired":true,"valueName":"search_term_string"}}],"inLanguage":"es"},{"@type":"Organization","@id":"https:\/\/schoenstatt.com\/es\/#organization","name":"Schoenstatt","url":"https:\/\/schoenstatt.com\/es\/","logo":{"@type":"ImageObject","inLanguage":"es","@id":"https:\/\/schoenstatt.com\/es\/#\/schema\/logo\/image\/","url":"https:\/\/schoenstatt.com\/wp-content\/uploads\/2025\/04\/logo-schoenstatt-white-696x696-1.png","contentUrl":"https:\/\/schoenstatt.com\/wp-content\/uploads\/2025\/04\/logo-schoenstatt-white-696x696-1.png","width":696,"height":694,"caption":"Schoenstatt"},"image":{"@id":"https:\/\/schoenstatt.com\/es\/#\/schema\/logo\/image\/"}},{"@type":"Person","@id":"https:\/\/schoenstatt.com\/es\/#\/schema\/person\/5158877ad4acae98b34daaeef2a1ce6e","name":"Karen Bueno","image":{"@type":"ImageObject","inLanguage":"es","@id":"https:\/\/secure.gravatar.com\/avatar\/f9f4b823873154269d2b2130f195f6d41037dd0d7fc5f3cacb5c846bae70d66b?s=96&d=mm&r=g","url":"https:\/\/secure.gravatar.com\/avatar\/f9f4b823873154269d2b2130f195f6d41037dd0d7fc5f3cacb5c846bae70d66b?s=96&d=mm&r=g","contentUrl":"https:\/\/secure.gravatar.com\/avatar\/f9f4b823873154269d2b2130f195f6d41037dd0d7fc5f3cacb5c846bae70d66b?s=96&d=mm&r=g","caption":"Karen Bueno"},"url":"https:\/\/schoenstatt.com\/es\/author\/karen-bueno\/"}]}},"_links":{"self":[{"href":"https:\/\/schoenstatt.com\/es\/wp-json\/wp\/v2\/posts\/69431","targetHints":{"allow":["GET"]}}],"collection":[{"href":"https:\/\/schoenstatt.com\/es\/wp-json\/wp\/v2\/posts"}],"about":[{"href":"https:\/\/schoenstatt.com\/es\/wp-json\/wp\/v2\/types\/post"}],"author":[{"embeddable":true,"href":"https:\/\/schoenstatt.com\/es\/wp-json\/wp\/v2\/users\/3"}],"replies":[{"embeddable":true,"href":"https:\/\/schoenstatt.com\/es\/wp-json\/wp\/v2\/comments?post=69431"}],"version-history":[{"count":2,"href":"https:\/\/schoenstatt.com\/es\/wp-json\/wp\/v2\/posts\/69431\/revisions"}],"predecessor-version":[{"id":69433,"href":"https:\/\/schoenstatt.com\/es\/wp-json\/wp\/v2\/posts\/69431\/revisions\/69433"}],"wp:featuredmedia":[{"embeddable":true,"href":"https:\/\/schoenstatt.com\/es\/wp-json\/wp\/v2\/media\/60985"}],"wp:attachment":[{"href":"https:\/\/schoenstatt.com\/es\/wp-json\/wp\/v2\/media?parent=69431"}],"wp:term":[{"taxonomy":"category","embeddable":true,"href":"https:\/\/schoenstatt.com\/es\/wp-json\/wp\/v2\/categories?post=69431"},{"taxonomy":"post_tag","embeddable":true,"href":"https:\/\/schoenstatt.com\/es\/wp-json\/wp\/v2\/tags?post=69431"}],"curies":[{"name":"wp","href":"https:\/\/api.w.org\/{rel}","templated":true}]}}