{"id":68851,"date":"2026-03-06T06:00:00","date_gmt":"2026-03-06T05:00:00","guid":{"rendered":"https:\/\/schoenstatt.com\/?p=68851"},"modified":"2026-03-05T19:38:51","modified_gmt":"2026-03-05T18:38:51","slug":"se-acaba-una-era-el-instituto-de-idiomas-kreuzberg-bonn-cierra-sus-puertas","status":"publish","type":"post","link":"https:\/\/schoenstatt.com\/es\/se-acaba-una-era-el-instituto-de-idiomas-kreuzberg-bonn-cierra-sus-puertas\/","title":{"rendered":"Se acaba una era: El Instituto de idiomas Kreuzberg Bonn cierra sus puertas"},"content":{"rendered":"\n<p>El instituto de los Hermanos de Mar\u00eda de Schoenstatt, responsable del \u00abKreuzberg\u00bb en Bonn, cerrar\u00e1 el Instituto de Idiomas Kreuzberg Bonn (Kekulestra\u00dfe 31, Alemania) el 30 de abril de 2026. Tras m\u00e1s de cinco d\u00e9cadas de actividad, esto supone el fin de una parte importante del trabajo en Kreuzberg. El cierre llena a los responsables de melancol\u00eda, pero a\u00fan m\u00e1s de gratitud por todo lo que se ha logrado aqu\u00ed en m\u00e1s de 50 a\u00f1os.<\/p>\n\n\n\n<div style=\"height:24px\" aria-hidden=\"true\" class=\"wp-block-spacer\"><\/div>\n\n\n\n<h2 class=\"wp-block-heading has-medium-font-size\" id=\"h-larga-trayectoria-educativa-desde-1975\">Larga trayectoria educativa desde 1975<\/h2>\n\n\n\n<div style=\"height:20px\" aria-hidden=\"true\" class=\"wp-block-spacer\"><\/div>\n\n\n\n<p>El instituto de idiomas, fundado en 1975, ha acompa\u00f1ado durante muchos a\u00f1os a personas de todo el mundo en su camino hacia el aprendizaje del alem\u00e1n. Con un alto nivel pedag\u00f3gico y una amplia oferta de cursos, la instituci\u00f3n ha apoyado y marcado a estudiantes de las m\u00e1s diversas nacionalidades. Entre los alumnos, muchos miembros de la comunidad de los Padres de Schoenstatt, de los Hermanos de Mar\u00eda, de las Hermanas de Mar\u00eda y de otras comunidades participaron en nuestros cursos.<\/p>\n\n\n\n<p>Ani Souberlich, directora de la Casa Madre de Tuparenda, en Paraguay, dice: <em>\u00abAll\u00ed aprend\u00ed alem\u00e1n. Es un lugar precioso, con un Santuario al lado y muchos j\u00f3venes de todo el mundo que estudian all\u00ed\u00bb. <\/em>Manuel Huapaya, director de C\u00e1ritas Per\u00fa, explica:<em> \u00abEl instituto de idiomas ten\u00eda profesores excelentes\u00bb.<\/em><\/p>\n\n\n\n<p>Durante muchos a\u00f1os, los sacerdotes que estudiaban en Roma aprend\u00edan alem\u00e1n en un curso intensivo de ocho semanas durante el verano en Kreuzberg. Los fines de semana se encargaban de las suplencias de vacaciones en 15 parroquias de la zona de Bonn-Colonia y experimentaban el intercambio entre las iglesias j\u00f3venes y las parroquias alemanas. Si hoy Schoenstatt es reconocido y apreciado en muchos c\u00edrculos de la Iglesia, es, sin duda, tambi\u00e9n porque los sacerdotes de los llamados cursos romanos desempe\u00f1an ahora tareas de responsabilidad como obispos, vicarios generales, directores de seminarios, profesores y en otros servicios, seg\u00fan se afirma en un comunicado de prensa de 2004. \u00abM\u00e1s de 1400 sacerdotes de muchos pa\u00edses han participado en 29 &#8216;cursos romanos&#8217; en Kreuzberg, Bonn\u00bb.<\/p>\n\n\n\n<p>Kreuzberg Bonn e. V. agradece a todos los antiguos participantes, as\u00ed como a las numerosas instituciones y comunidades religiosas que han acompa\u00f1ado y apoyado al instituto durante d\u00e9cadas.<\/p>\n\n\n\n<p>Asimismo, queremos dar las gracias a todo el equipo de Kreuzberg por su compromiso a lo largo de estos a\u00f1os, que sin duda ha supuesto una gran contribuci\u00f3n.<\/p>\n\n\n\n<div style=\"height:33px\" aria-hidden=\"true\" class=\"wp-block-spacer\"><\/div>\n\n\n\n<figure class=\"wp-block-gallery has-nested-images columns-default is-cropped wp-block-gallery-1 is-layout-flex wp-block-gallery-is-layout-flex\">\n<figure class=\"wp-block-image size-large\"><img fetchpriority=\"high\" decoding=\"async\" width=\"1200\" height=\"1600\" data-id=\"68836\" src=\"https:\/\/schoenstatt.com\/wp-content\/uploads\/2026\/03\/Kreuzberg-Bonn-3.webp\" alt=\"\" class=\"wp-image-68836\" srcset=\"https:\/\/schoenstatt.com\/wp-content\/uploads\/2026\/03\/Kreuzberg-Bonn-3.webp 1200w, https:\/\/schoenstatt.com\/wp-content\/uploads\/2026\/03\/Kreuzberg-Bonn-3-768x1024.webp 768w, https:\/\/schoenstatt.com\/wp-content\/uploads\/2026\/03\/Kreuzberg-Bonn-3-1152x1536.webp 1152w\" sizes=\"(max-width: 1200px) 100vw, 1200px\" \/><\/figure>\n\n\n\n<figure class=\"wp-block-image size-large\"><img decoding=\"async\" width=\"1200\" height=\"1600\" data-id=\"68826\" src=\"https:\/\/schoenstatt.com\/wp-content\/uploads\/2026\/03\/Kreuzberg-Bonn-1.webp\" alt=\"\" class=\"wp-image-68826\" srcset=\"https:\/\/schoenstatt.com\/wp-content\/uploads\/2026\/03\/Kreuzberg-Bonn-1.webp 1200w, https:\/\/schoenstatt.com\/wp-content\/uploads\/2026\/03\/Kreuzberg-Bonn-1-768x1024.webp 768w, https:\/\/schoenstatt.com\/wp-content\/uploads\/2026\/03\/Kreuzberg-Bonn-1-1152x1536.webp 1152w\" sizes=\"(max-width: 1200px) 100vw, 1200px\" \/><\/figure>\n<\/figure>\n\n\n\n<div style=\"height:35px\" aria-hidden=\"true\" class=\"wp-block-spacer\"><\/div>\n\n\n\n<h2 class=\"wp-block-heading has-medium-font-size\" id=\"h-las-dificiles-condiciones-generales-llevan-al-cierre\">Las dif\u00edciles condiciones generales llevan al cierre<\/h2>\n\n\n\n<div style=\"height:19px\" aria-hidden=\"true\" class=\"wp-block-spacer\"><\/div>\n\n\n\n<p>Las razones del cierre son los profundos cambios en el mercado de los cursos de idiomas y en la pol\u00edtica de visados:<\/p>\n\n\n\n<p>&#8211; <strong>Aumento de la competencia<\/strong> en el \u00e1mbito de los cursos de alem\u00e1n<\/p>\n\n\n\n<p>&#8211; <strong>Reducci\u00f3n significativa de la concesi\u00f3n de visas <\/strong>para cursos de idiomas desde mediados del a\u00f1o pasado<\/p>\n\n\n\n<p>&#8211; <strong>Los largos tiempos de espera en las representaciones diplom\u00e1ticas alemanas en el extranjero<\/strong>, que a menudo han imposibilitado la entrada al pa\u00eds a muchos interesados<\/p>\n\n\n\n<p>Estos acontecimientos han provocado un fuerte descenso en el n\u00famero de alumnos actuales y futuros. A pesar de los intensos esfuerzos y del estudio de modelos de financiaci\u00f3n alternativos, no se ha encontrado una soluci\u00f3n viable en las condiciones actuales del mercado y de las pol\u00edticas.<\/p>\n\n\n\n<p>La buena noticia al final: el cierre del instituto de idiomas no significa que la Comunidad de los Hermanos de Mar\u00eda de Schoenstatt se retire de Kreuzberg y de su labor educativa y pastoral. Los Hermanos de Mar\u00eda que trabajan en Kreuzberg, junto con otros van a desarrollar,<\/p>\n\n\n\n<p>&#8211; la <strong>atenci\u00f3n pastoral<\/strong> de la iglesia de Kreuzberg y del Santuario de Schoenstatt,<\/p>\n\n\n\n<p>&#8211; y <strong>nuevos programas educativos.<\/strong><\/p>\n\n\n\n<p>Los Hermanos de Mar\u00eda de Schoenstatt se alegran de cualquier acompa\u00f1amiento en este nuevo camino. Las puertas del Kreuzberg Bonn y del santuario, inaugurado hace 40 a\u00f1os, permanecer\u00e1n abiertas.<\/p>\n\n\n\n<p>Contacto para consultas:<br>Kreuzberg Bonn e. V.<br>Roberto Gonz\u00e1lez, director ejecutivo<\/p>\n","protected":false},"excerpt":{"rendered":"<p>El 30 de abril, el Instituto de Idiomas Kreuzberg Bonn de los Hermanos de Mar\u00eda cierra sus puertas.<\/p>\n","protected":false},"author":3,"featured_media":68835,"comment_status":"closed","ping_status":"closed","sticky":false,"template":"","format":"standard","meta":{"footnotes":""},"categories":[909,873],"tags":[1139],"class_list":["post-68851","post","type-post","status-publish","format-standard","has-post-thumbnail","hentry","category-comunidades-de-schoenstatt-es","category-europa-es","tag-hermanos-de-maria-de-schoenstatt-es"],"yoast_head":"<!-- This site is optimized with the Yoast SEO Premium plugin v27.4 (Yoast SEO v27.5) - https:\/\/yoast.com\/product\/yoast-seo-premium-wordpress\/ -->\n<title>Se acaba una era: El Instituto de idiomas Kreuzberg Bonn cierra sus puertas<\/title>\n<meta name=\"description\" content=\"El 30 de abril, el Instituto de Idiomas Kreuzberg Bonn de los Hermanos de Mar\u00eda cierra sus puertas.\" \/>\n<meta name=\"robots\" content=\"index, follow, max-snippet:-1, max-image-preview:large, max-video-preview:-1\" \/>\n<link rel=\"canonical\" href=\"https:\/\/schoenstatt.com\/es\/se-acaba-una-era-el-instituto-de-idiomas-kreuzberg-bonn-cierra-sus-puertas\/\" \/>\n<meta property=\"og:locale\" content=\"es_ES\" \/>\n<meta property=\"og:type\" content=\"article\" \/>\n<meta property=\"og:title\" content=\"Se acaba una era: El Instituto de idiomas Kreuzberg Bonn cierra sus puertas\" \/>\n<meta property=\"og:description\" content=\"El 30 de abril, el Instituto de Idiomas Kreuzberg Bonn de los Hermanos de Mar\u00eda cierra sus puertas.\" \/>\n<meta property=\"og:url\" content=\"https:\/\/schoenstatt.com\/es\/se-acaba-una-era-el-instituto-de-idiomas-kreuzberg-bonn-cierra-sus-puertas\/\" \/>\n<meta property=\"og:site_name\" content=\"Schoenstatt\" \/>\n<meta property=\"article:published_time\" content=\"2026-03-06T05:00:00+00:00\" \/>\n<meta property=\"og:image\" content=\"https:\/\/schoenstatt.com\/wp-content\/uploads\/2026\/03\/Kreuzberg-Bonn-2.webp\" \/>\n\t<meta property=\"og:image:width\" content=\"1600\" \/>\n\t<meta property=\"og:image:height\" content=\"1460\" \/>\n\t<meta property=\"og:image:type\" content=\"image\/jpeg\" \/>\n<meta name=\"author\" content=\"Karen Bueno\" \/>\n<meta name=\"twitter:card\" content=\"summary_large_image\" \/>\n<meta name=\"twitter:label1\" content=\"Escrito por\" \/>\n\t<meta name=\"twitter:data1\" content=\"Karen Bueno\" \/>\n\t<meta name=\"twitter:label2\" content=\"Tiempo de lectura\" \/>\n\t<meta name=\"twitter:data2\" content=\"5 minutos\" \/>\n<script type=\"application\/ld+json\" class=\"yoast-schema-graph\">{\"@context\":\"https:\\\/\\\/schema.org\",\"@graph\":[{\"@type\":\"Article\",\"@id\":\"https:\\\/\\\/schoenstatt.com\\\/es\\\/se-acaba-una-era-el-instituto-de-idiomas-kreuzberg-bonn-cierra-sus-puertas\\\/#article\",\"isPartOf\":{\"@id\":\"https:\\\/\\\/schoenstatt.com\\\/es\\\/se-acaba-una-era-el-instituto-de-idiomas-kreuzberg-bonn-cierra-sus-puertas\\\/\"},\"author\":{\"name\":\"Karen Bueno\",\"@id\":\"https:\\\/\\\/schoenstatt.com\\\/es\\\/#\\\/schema\\\/person\\\/5158877ad4acae98b34daaeef2a1ce6e\"},\"headline\":\"Se acaba una era: El Instituto de idiomas Kreuzberg Bonn cierra sus puertas\",\"datePublished\":\"2026-03-06T05:00:00+00:00\",\"mainEntityOfPage\":{\"@id\":\"https:\\\/\\\/schoenstatt.com\\\/es\\\/se-acaba-una-era-el-instituto-de-idiomas-kreuzberg-bonn-cierra-sus-puertas\\\/\"},\"wordCount\":682,\"publisher\":{\"@id\":\"https:\\\/\\\/schoenstatt.com\\\/es\\\/#organization\"},\"image\":{\"@id\":\"https:\\\/\\\/schoenstatt.com\\\/es\\\/se-acaba-una-era-el-instituto-de-idiomas-kreuzberg-bonn-cierra-sus-puertas\\\/#primaryimage\"},\"thumbnailUrl\":\"https:\\\/\\\/schoenstatt.com\\\/wp-content\\\/uploads\\\/2026\\\/03\\\/Kreuzberg-Bonn-2.webp\",\"keywords\":[\"Hermanos de Mar\u00eda de Schoenstatt\"],\"articleSection\":[\"Comunidades de Schoenstatt\",\"Europa\"],\"inLanguage\":\"es\"},{\"@type\":\"WebPage\",\"@id\":\"https:\\\/\\\/schoenstatt.com\\\/es\\\/se-acaba-una-era-el-instituto-de-idiomas-kreuzberg-bonn-cierra-sus-puertas\\\/\",\"url\":\"https:\\\/\\\/schoenstatt.com\\\/es\\\/se-acaba-una-era-el-instituto-de-idiomas-kreuzberg-bonn-cierra-sus-puertas\\\/\",\"name\":\"Se acaba una era: El Instituto de idiomas Kreuzberg Bonn cierra sus puertas\",\"isPartOf\":{\"@id\":\"https:\\\/\\\/schoenstatt.com\\\/es\\\/#website\"},\"primaryImageOfPage\":{\"@id\":\"https:\\\/\\\/schoenstatt.com\\\/es\\\/se-acaba-una-era-el-instituto-de-idiomas-kreuzberg-bonn-cierra-sus-puertas\\\/#primaryimage\"},\"image\":{\"@id\":\"https:\\\/\\\/schoenstatt.com\\\/es\\\/se-acaba-una-era-el-instituto-de-idiomas-kreuzberg-bonn-cierra-sus-puertas\\\/#primaryimage\"},\"thumbnailUrl\":\"https:\\\/\\\/schoenstatt.com\\\/wp-content\\\/uploads\\\/2026\\\/03\\\/Kreuzberg-Bonn-2.webp\",\"datePublished\":\"2026-03-06T05:00:00+00:00\",\"description\":\"El 30 de abril, el Instituto de Idiomas Kreuzberg Bonn de los Hermanos de Mar\u00eda cierra sus puertas.\",\"breadcrumb\":{\"@id\":\"https:\\\/\\\/schoenstatt.com\\\/es\\\/se-acaba-una-era-el-instituto-de-idiomas-kreuzberg-bonn-cierra-sus-puertas\\\/#breadcrumb\"},\"inLanguage\":\"es\",\"potentialAction\":[{\"@type\":\"ReadAction\",\"target\":[\"https:\\\/\\\/schoenstatt.com\\\/es\\\/se-acaba-una-era-el-instituto-de-idiomas-kreuzberg-bonn-cierra-sus-puertas\\\/\"]}]},{\"@type\":\"ImageObject\",\"inLanguage\":\"es\",\"@id\":\"https:\\\/\\\/schoenstatt.com\\\/es\\\/se-acaba-una-era-el-instituto-de-idiomas-kreuzberg-bonn-cierra-sus-puertas\\\/#primaryimage\",\"url\":\"https:\\\/\\\/schoenstatt.com\\\/wp-content\\\/uploads\\\/2026\\\/03\\\/Kreuzberg-Bonn-2.webp\",\"contentUrl\":\"https:\\\/\\\/schoenstatt.com\\\/wp-content\\\/uploads\\\/2026\\\/03\\\/Kreuzberg-Bonn-2.webp\",\"width\":1600,\"height\":1460},{\"@type\":\"BreadcrumbList\",\"@id\":\"https:\\\/\\\/schoenstatt.com\\\/es\\\/se-acaba-una-era-el-instituto-de-idiomas-kreuzberg-bonn-cierra-sus-puertas\\\/#breadcrumb\",\"itemListElement\":[{\"@type\":\"ListItem\",\"position\":1,\"name\":\"Portada\",\"item\":\"https:\\\/\\\/schoenstatt.com\\\/es\\\/home\\\/\"},{\"@type\":\"ListItem\",\"position\":2,\"name\":\"Se acaba una era: El Instituto de idiomas Kreuzberg Bonn cierra sus puertas\"}]},{\"@type\":\"WebSite\",\"@id\":\"https:\\\/\\\/schoenstatt.com\\\/es\\\/#website\",\"url\":\"https:\\\/\\\/schoenstatt.com\\\/es\\\/\",\"name\":\"Schoenstatt\",\"description\":\"Apostolic Movement\",\"publisher\":{\"@id\":\"https:\\\/\\\/schoenstatt.com\\\/es\\\/#organization\"},\"potentialAction\":[{\"@type\":\"SearchAction\",\"target\":{\"@type\":\"EntryPoint\",\"urlTemplate\":\"https:\\\/\\\/schoenstatt.com\\\/es\\\/?s={search_term_string}\"},\"query-input\":{\"@type\":\"PropertyValueSpecification\",\"valueRequired\":true,\"valueName\":\"search_term_string\"}}],\"inLanguage\":\"es\"},{\"@type\":\"Organization\",\"@id\":\"https:\\\/\\\/schoenstatt.com\\\/es\\\/#organization\",\"name\":\"Schoenstatt\",\"url\":\"https:\\\/\\\/schoenstatt.com\\\/es\\\/\",\"logo\":{\"@type\":\"ImageObject\",\"inLanguage\":\"es\",\"@id\":\"https:\\\/\\\/schoenstatt.com\\\/es\\\/#\\\/schema\\\/logo\\\/image\\\/\",\"url\":\"https:\\\/\\\/schoenstatt.com\\\/wp-content\\\/uploads\\\/2025\\\/04\\\/logo-schoenstatt-white-696x696-1.png\",\"contentUrl\":\"https:\\\/\\\/schoenstatt.com\\\/wp-content\\\/uploads\\\/2025\\\/04\\\/logo-schoenstatt-white-696x696-1.png\",\"width\":696,\"height\":694,\"caption\":\"Schoenstatt\"},\"image\":{\"@id\":\"https:\\\/\\\/schoenstatt.com\\\/es\\\/#\\\/schema\\\/logo\\\/image\\\/\"}},{\"@type\":\"Person\",\"@id\":\"https:\\\/\\\/schoenstatt.com\\\/es\\\/#\\\/schema\\\/person\\\/5158877ad4acae98b34daaeef2a1ce6e\",\"name\":\"Karen Bueno\",\"image\":{\"@type\":\"ImageObject\",\"inLanguage\":\"es\",\"@id\":\"https:\\\/\\\/secure.gravatar.com\\\/avatar\\\/f9f4b823873154269d2b2130f195f6d41037dd0d7fc5f3cacb5c846bae70d66b?s=96&d=mm&r=g\",\"url\":\"https:\\\/\\\/secure.gravatar.com\\\/avatar\\\/f9f4b823873154269d2b2130f195f6d41037dd0d7fc5f3cacb5c846bae70d66b?s=96&d=mm&r=g\",\"contentUrl\":\"https:\\\/\\\/secure.gravatar.com\\\/avatar\\\/f9f4b823873154269d2b2130f195f6d41037dd0d7fc5f3cacb5c846bae70d66b?s=96&d=mm&r=g\",\"caption\":\"Karen Bueno\"},\"url\":\"https:\\\/\\\/schoenstatt.com\\\/es\\\/author\\\/karen-bueno\\\/\"}]}<\/script>\n<!-- \/ Yoast SEO Premium plugin. -->","yoast_head_json":{"title":"Se acaba una era: El Instituto de idiomas Kreuzberg Bonn cierra sus puertas","description":"El 30 de abril, el Instituto de Idiomas Kreuzberg Bonn de los Hermanos de Mar\u00eda cierra sus puertas.","robots":{"index":"index","follow":"follow","max-snippet":"max-snippet:-1","max-image-preview":"max-image-preview:large","max-video-preview":"max-video-preview:-1"},"canonical":"https:\/\/schoenstatt.com\/es\/se-acaba-una-era-el-instituto-de-idiomas-kreuzberg-bonn-cierra-sus-puertas\/","og_locale":"es_ES","og_type":"article","og_title":"Se acaba una era: El Instituto de idiomas Kreuzberg Bonn cierra sus puertas","og_description":"El 30 de abril, el Instituto de Idiomas Kreuzberg Bonn de los Hermanos de Mar\u00eda cierra sus puertas.","og_url":"https:\/\/schoenstatt.com\/es\/se-acaba-una-era-el-instituto-de-idiomas-kreuzberg-bonn-cierra-sus-puertas\/","og_site_name":"Schoenstatt","article_published_time":"2026-03-06T05:00:00+00:00","og_image":[{"width":1600,"height":1460,"url":"https:\/\/schoenstatt.com\/wp-content\/uploads\/2026\/03\/Kreuzberg-Bonn-2.webp","type":"image\/jpeg"}],"author":"Karen Bueno","twitter_card":"summary_large_image","twitter_misc":{"Escrito por":"Karen Bueno","Tiempo de lectura":"5 minutos"},"schema":{"@context":"https:\/\/schema.org","@graph":[{"@type":"Article","@id":"https:\/\/schoenstatt.com\/es\/se-acaba-una-era-el-instituto-de-idiomas-kreuzberg-bonn-cierra-sus-puertas\/#article","isPartOf":{"@id":"https:\/\/schoenstatt.com\/es\/se-acaba-una-era-el-instituto-de-idiomas-kreuzberg-bonn-cierra-sus-puertas\/"},"author":{"name":"Karen Bueno","@id":"https:\/\/schoenstatt.com\/es\/#\/schema\/person\/5158877ad4acae98b34daaeef2a1ce6e"},"headline":"Se acaba una era: El Instituto de idiomas Kreuzberg Bonn cierra sus puertas","datePublished":"2026-03-06T05:00:00+00:00","mainEntityOfPage":{"@id":"https:\/\/schoenstatt.com\/es\/se-acaba-una-era-el-instituto-de-idiomas-kreuzberg-bonn-cierra-sus-puertas\/"},"wordCount":682,"publisher":{"@id":"https:\/\/schoenstatt.com\/es\/#organization"},"image":{"@id":"https:\/\/schoenstatt.com\/es\/se-acaba-una-era-el-instituto-de-idiomas-kreuzberg-bonn-cierra-sus-puertas\/#primaryimage"},"thumbnailUrl":"https:\/\/schoenstatt.com\/wp-content\/uploads\/2026\/03\/Kreuzberg-Bonn-2.webp","keywords":["Hermanos de Mar\u00eda de Schoenstatt"],"articleSection":["Comunidades de Schoenstatt","Europa"],"inLanguage":"es"},{"@type":"WebPage","@id":"https:\/\/schoenstatt.com\/es\/se-acaba-una-era-el-instituto-de-idiomas-kreuzberg-bonn-cierra-sus-puertas\/","url":"https:\/\/schoenstatt.com\/es\/se-acaba-una-era-el-instituto-de-idiomas-kreuzberg-bonn-cierra-sus-puertas\/","name":"Se acaba una era: El Instituto de idiomas Kreuzberg Bonn cierra sus puertas","isPartOf":{"@id":"https:\/\/schoenstatt.com\/es\/#website"},"primaryImageOfPage":{"@id":"https:\/\/schoenstatt.com\/es\/se-acaba-una-era-el-instituto-de-idiomas-kreuzberg-bonn-cierra-sus-puertas\/#primaryimage"},"image":{"@id":"https:\/\/schoenstatt.com\/es\/se-acaba-una-era-el-instituto-de-idiomas-kreuzberg-bonn-cierra-sus-puertas\/#primaryimage"},"thumbnailUrl":"https:\/\/schoenstatt.com\/wp-content\/uploads\/2026\/03\/Kreuzberg-Bonn-2.webp","datePublished":"2026-03-06T05:00:00+00:00","description":"El 30 de abril, el Instituto de Idiomas Kreuzberg Bonn de los Hermanos de Mar\u00eda cierra sus puertas.","breadcrumb":{"@id":"https:\/\/schoenstatt.com\/es\/se-acaba-una-era-el-instituto-de-idiomas-kreuzberg-bonn-cierra-sus-puertas\/#breadcrumb"},"inLanguage":"es","potentialAction":[{"@type":"ReadAction","target":["https:\/\/schoenstatt.com\/es\/se-acaba-una-era-el-instituto-de-idiomas-kreuzberg-bonn-cierra-sus-puertas\/"]}]},{"@type":"ImageObject","inLanguage":"es","@id":"https:\/\/schoenstatt.com\/es\/se-acaba-una-era-el-instituto-de-idiomas-kreuzberg-bonn-cierra-sus-puertas\/#primaryimage","url":"https:\/\/schoenstatt.com\/wp-content\/uploads\/2026\/03\/Kreuzberg-Bonn-2.webp","contentUrl":"https:\/\/schoenstatt.com\/wp-content\/uploads\/2026\/03\/Kreuzberg-Bonn-2.webp","width":1600,"height":1460},{"@type":"BreadcrumbList","@id":"https:\/\/schoenstatt.com\/es\/se-acaba-una-era-el-instituto-de-idiomas-kreuzberg-bonn-cierra-sus-puertas\/#breadcrumb","itemListElement":[{"@type":"ListItem","position":1,"name":"Portada","item":"https:\/\/schoenstatt.com\/es\/home\/"},{"@type":"ListItem","position":2,"name":"Se acaba una era: El Instituto de idiomas Kreuzberg Bonn cierra sus puertas"}]},{"@type":"WebSite","@id":"https:\/\/schoenstatt.com\/es\/#website","url":"https:\/\/schoenstatt.com\/es\/","name":"Schoenstatt","description":"Apostolic Movement","publisher":{"@id":"https:\/\/schoenstatt.com\/es\/#organization"},"potentialAction":[{"@type":"SearchAction","target":{"@type":"EntryPoint","urlTemplate":"https:\/\/schoenstatt.com\/es\/?s={search_term_string}"},"query-input":{"@type":"PropertyValueSpecification","valueRequired":true,"valueName":"search_term_string"}}],"inLanguage":"es"},{"@type":"Organization","@id":"https:\/\/schoenstatt.com\/es\/#organization","name":"Schoenstatt","url":"https:\/\/schoenstatt.com\/es\/","logo":{"@type":"ImageObject","inLanguage":"es","@id":"https:\/\/schoenstatt.com\/es\/#\/schema\/logo\/image\/","url":"https:\/\/schoenstatt.com\/wp-content\/uploads\/2025\/04\/logo-schoenstatt-white-696x696-1.png","contentUrl":"https:\/\/schoenstatt.com\/wp-content\/uploads\/2025\/04\/logo-schoenstatt-white-696x696-1.png","width":696,"height":694,"caption":"Schoenstatt"},"image":{"@id":"https:\/\/schoenstatt.com\/es\/#\/schema\/logo\/image\/"}},{"@type":"Person","@id":"https:\/\/schoenstatt.com\/es\/#\/schema\/person\/5158877ad4acae98b34daaeef2a1ce6e","name":"Karen Bueno","image":{"@type":"ImageObject","inLanguage":"es","@id":"https:\/\/secure.gravatar.com\/avatar\/f9f4b823873154269d2b2130f195f6d41037dd0d7fc5f3cacb5c846bae70d66b?s=96&d=mm&r=g","url":"https:\/\/secure.gravatar.com\/avatar\/f9f4b823873154269d2b2130f195f6d41037dd0d7fc5f3cacb5c846bae70d66b?s=96&d=mm&r=g","contentUrl":"https:\/\/secure.gravatar.com\/avatar\/f9f4b823873154269d2b2130f195f6d41037dd0d7fc5f3cacb5c846bae70d66b?s=96&d=mm&r=g","caption":"Karen Bueno"},"url":"https:\/\/schoenstatt.com\/es\/author\/karen-bueno\/"}]}},"_links":{"self":[{"href":"https:\/\/schoenstatt.com\/es\/wp-json\/wp\/v2\/posts\/68851","targetHints":{"allow":["GET"]}}],"collection":[{"href":"https:\/\/schoenstatt.com\/es\/wp-json\/wp\/v2\/posts"}],"about":[{"href":"https:\/\/schoenstatt.com\/es\/wp-json\/wp\/v2\/types\/post"}],"author":[{"embeddable":true,"href":"https:\/\/schoenstatt.com\/es\/wp-json\/wp\/v2\/users\/3"}],"replies":[{"embeddable":true,"href":"https:\/\/schoenstatt.com\/es\/wp-json\/wp\/v2\/comments?post=68851"}],"version-history":[{"count":2,"href":"https:\/\/schoenstatt.com\/es\/wp-json\/wp\/v2\/posts\/68851\/revisions"}],"predecessor-version":[{"id":68853,"href":"https:\/\/schoenstatt.com\/es\/wp-json\/wp\/v2\/posts\/68851\/revisions\/68853"}],"wp:featuredmedia":[{"embeddable":true,"href":"https:\/\/schoenstatt.com\/es\/wp-json\/wp\/v2\/media\/68835"}],"wp:attachment":[{"href":"https:\/\/schoenstatt.com\/es\/wp-json\/wp\/v2\/media?parent=68851"}],"wp:term":[{"taxonomy":"category","embeddable":true,"href":"https:\/\/schoenstatt.com\/es\/wp-json\/wp\/v2\/categories?post=68851"},{"taxonomy":"post_tag","embeddable":true,"href":"https:\/\/schoenstatt.com\/es\/wp-json\/wp\/v2\/tags?post=68851"}],"curies":[{"name":"wp","href":"https:\/\/api.w.org\/{rel}","templated":true}]}}