{"id":67138,"date":"2025-12-15T12:33:57","date_gmt":"2025-12-15T11:33:57","guid":{"rendered":"https:\/\/schoenstatt.com\/?p=67138"},"modified":"2025-12-15T12:53:28","modified_gmt":"2025-12-15T11:53:28","slug":"schoenstatt-presente-en-el-i-congreso-internacional-de-acompanamiento","status":"publish","type":"post","link":"https:\/\/schoenstatt.com\/es\/schoenstatt-presente-en-el-i-congreso-internacional-de-acompanamiento\/","title":{"rendered":"Schoenstatt presente en el I Congreso Internacional de Acompa\u00f1amiento"},"content":{"rendered":"\n<p>Del 20 al 22 de noviembre la Hna. Mar\u00eda Ignacia Maillard, asesora de la Liga de Familias de Schoenstatt de Madrid\/Espa\u00f1a, particip\u00f3 en el I Congreso Internacional de Acompa\u00f1amiento. El evento se celebr\u00f3 en Ourense (Espa\u00f1a), organizado por el <a href=\"https:\/\/institutodafamilia.es\/\" target=\"_blank\" rel=\"noreferrer noopener\">Instituto de la Familia<\/a> y el <a href=\"https:\/\/xn--institutointernacionaldeacompaamiento-tsd.com\/\" target=\"_blank\" rel=\"noreferrer noopener\">Instituto Internacional de Acompa\u00f1amiento<\/a>, ambos son instituciones civiles espa\u00f1olas. Varios congresistas de Espa\u00f1a, Portugal e Hispanoam\u00e9rica se dieron cita para reflexionar, intercambiar experiencias y formarse en la pr\u00e1ctica del acompa\u00f1amiento integral, en un contexto marcado por la creciente necesidad de apoyo que presentan tantas personas en distintos \u00e1mbitos de su vida.<\/p>\n\n\n\n<p>Durante el Congreso, la Hna. Mar\u00eda Ignacia tuvo la oportunidad de presentar la ponencia <em>\u201cLa fuerza sanadora del amor: un camino de acompa\u00f1amiento en el matrimonio\u201d<\/em>, compartiendo la experiencia como asesora de las Familias en Madrid, en el acompa\u00f1amiento a matrimonios y familias. Centr\u00f3 la intervenci\u00f3n en c\u00f3mo los principios de nuestro carisma \u2014el valor del v\u00ednculo, el autoconocimiento, la libertad interior, la confianza en la Providencia y el poder transformador del amor\u2014 pueden guiar procesos reales de crecimiento, sanaci\u00f3n y reconciliaci\u00f3n en la vida cotidiana de los matrimonios.<\/p>\n\n\n\n<figure class=\"wp-block-gallery has-nested-images columns-default is-cropped wp-block-gallery-1 is-layout-flex wp-block-gallery-is-layout-flex\">\n<figure class=\"wp-block-image size-large\"><img decoding=\"async\" data-id=\"67107\" src=\"https:\/\/schoenstatt.com\/wp-content\/uploads\/2025\/12\/Sr-Maria-Ignacia-Maillard-Spain.jpg\" alt=\"\" class=\"wp-image-67107\"\/><\/figure>\n\n\n\n<figure class=\"wp-block-image size-large\"><img decoding=\"async\" data-id=\"67108\" src=\"https:\/\/schoenstatt.com\/wp-content\/uploads\/2025\/12\/Sr-Maria-Ignacia-Maillard-Spain-2.jpg\" alt=\"\" class=\"wp-image-67108\"\/><\/figure>\n<\/figure>\n\n\n\n<p>El Congreso ofreci\u00f3 un marco profundo para comprender qu\u00e9 significa acompa\u00f1ar hoy y c\u00f3mo formar acompa\u00f1antes capaces de escuchar, sostener y abrir caminos de crecimiento personal, familiar y espiritual. Se subray\u00f3 la importancia del \u201clugar interior\u201d desde el que se sit\u00faa quien acompa\u00f1a y la decisiva relevancia del v\u00ednculo como eje de todo proceso. Acompa\u00f1ar no consiste en aplicar t\u00e9cnicas, sino en entrar con respeto en la historia del otro, caminar a su lado y ayudarle a descubrir apoyos y horizontes que iluminen su vida. Implica crear un espacio en el que la persona se sienta vista, acogida y comprendida en su totalidad, donde puedan emerger sus valores, heridas, preguntas y deseos m\u00e1s profundos. M\u00e1s que herramientas, requiere una actitud madura capaz de generar un clima de seguridad afectiva y respeto, que favorezca el crecimiento integral del acompa\u00f1ado y potencie su libertad y dignidad.<\/p>\n\n\n\n<h3 class=\"wp-block-heading\" id=\"h-una-mirada-amplia-e-interdisciplinar\">Una mirada amplia e interdisciplinar<\/h3>\n\n\n\n<p>A lo largo de ponencias, talleres y mesas redondas se integraron perspectivas desde la psicolog\u00eda, la educaci\u00f3n, la filosof\u00eda, la espiritualidad y la intervenci\u00f3n social. El Congreso mostr\u00f3 as\u00ed la riqueza de una visi\u00f3n interdisciplinar del acompa\u00f1amiento, capaz de responder a la complejidad de la vida actual.<\/p>\n\n\n\n<p>Entre los aportes m\u00e1s valiosos estuvo la reflexi\u00f3n del Dr. Xos\u00e9 Manuel Dom\u00ednguez, uno de los principales referentes del acompa\u00f1amiento personalista. Subray\u00f3 la importancia de unir antropolog\u00eda, claridad metodol\u00f3gica y una sensibilidad humana capaz de acoger la realidad completa de la persona. Su mirada ayud\u00f3 a situar el acompa\u00f1amiento en un horizonte de crecimiento integral, donde cada uno pueda integrar su historia, sus afectos y sus decisiones desde un sentido profundo de dignidad y libertad.<\/p>\n\n\n\n<figure class=\"wp-block-image aligncenter size-full\"><img decoding=\"async\" src=\"https:\/\/schoenstatt.com\/wp-content\/uploads\/2025\/12\/International-Congress-on-Accompaniment-2.jpg\" alt=\"\" class=\"wp-image-67119\"\/><\/figure>\n\n\n\n<h3 class=\"wp-block-heading\" id=\"h-la-contribucion-de-schoenstatt\">La contribuci\u00f3n de Schoenstatt<\/h3>\n\n\n\n<p>Participando por parte del Movimiento de Schoenstatt, la Hna. Mar\u00eda Ignacia nos cuenta m\u00e1s detalles sobre el Congreso:<\/p>\n\n\n\n<p><strong>\u00bfCu\u00e1l fue la contribuci\u00f3n de Schoenstatt en este evento?<\/strong><\/p>\n\n\n\n<p>Escuchando las distintas aportaciones del Congreso \u2014y desde mi propia experiencia como asesora de la Liga de Familias de Madrid\u2014 surgi\u00f3 con fuerza la pregunta sobre c\u00f3mo podemos enriquecer este camino desde la espiritualidad de Schoenstatt.<\/p>\n\n\n\n<p>Creo que nuestra contribuci\u00f3n puede expresarse sobre todo desde la \u201cvisi\u00f3n org\u00e1nica\u201d de la persona, tan central en el pensamiento del P. Jos\u00e9 Kentenich. \u00c9l afirmaba que el ser humano crece cuando se vincula de manera sana: consigo mismo, con los dem\u00e1s, con Dios y con la vida. Esta visi\u00f3n, que integra raz\u00f3n, afectividad, voluntad, en el contexto de la propia historia personal y misi\u00f3n\u2014 ilumina de modo singular los procesos actuales de acompa\u00f1amiento.<\/p>\n\n\n\n<p><strong>A partir de su ponencia y de la pedagog\u00eda de Schoenstatt, \u00bfcu\u00e1les son los aspectos m\u00e1s destacados sobre el \u00abacompa\u00f1amiento\u00bb que podemos extraer de estas reflexiones?<\/strong><\/p>\n\n\n\n<p>Acompa\u00f1ar desde esta perspectiva implica:<\/p>\n\n\n\n<ul class=\"wp-block-list\">\n<li>cuidar los v\u00ednculos que permiten a la persona florecer,<\/li>\n\n\n\n<li>acompa\u00f1ar ritmos y biograf\u00edas reales,<\/li>\n\n\n\n<li>ayudar a leer la vida desde una pedagog\u00eda que valora la libertad interior, la responsabilidad personal y la confianza en la Providencia.<\/li>\n<\/ul>\n\n\n\n<p>Estoy convencida de que esta mirada puede ofrecer al mundo del acompa\u00f1amiento un acento propio y enriquecedor, plenamente compatible con los desarrollos actuales del \u00e1mbito profesional y pastoral.<\/p>\n\n\n\n<p><strong>\u00bfC\u00f3mo fue el congreso y qu\u00e9 nos puede decir sobre su participaci\u00f3n?<\/strong><\/p>\n\n\n\n<p>El ambiente del Congreso estuvo marcado por el di\u00e1logo, el aprendizaje mutuo y el deseo sincero de servir mejor a quienes buscan orientaci\u00f3n y sost\u00e9n, especialmente en momentos de dificultad o de b\u00fasqueda de sentido. En un tiempo en el que tantas personas se sienten desbordadas, solas o desorientadas, espacios como este renuevan el compromiso por construir una aut\u00e9ntica cultura del cuidado.<\/p>\n\n\n\n<p>Para m\u00ed, estos d\u00edas fueron tambi\u00e9n una oportunidad para reconocer la riqueza que nuestra espiritualidad y pedagog\u00eda pueden aportar a la comprensi\u00f3n del acompa\u00f1amiento y a la labor de quienes trabajan en este campo. Han sido jornadas para profundizar, compartir y dejarnos transformar. Porque acompa\u00f1ar \u2014y dejarnos acompa\u00f1ar\u2014 sigue siendo uno de los actos m\u00e1s humanos, m\u00e1s necesarios y m\u00e1s bellos de nuestro tiempo.<\/p>\n\n\n\n<figure class=\"wp-block-image aligncenter size-full\"><img decoding=\"async\" src=\"https:\/\/schoenstatt.com\/wp-content\/uploads\/2025\/12\/International-Congress-on-Accompaniment.jpg\" alt=\"\" class=\"wp-image-67124\"\/><\/figure>\n","protected":false},"excerpt":{"rendered":"<p>Schoenstatt deja su contribuci\u00f3n en el I Congreso Internacional de Acompa\u00f1amiento, con \u00e9nfasis en el trabajo con las familias.<\/p>\n","protected":false},"author":3,"featured_media":67128,"comment_status":"closed","ping_status":"closed","sticky":false,"template":"","format":"standard","meta":{"footnotes":""},"categories":[913],"tags":[],"class_list":["post-67138","post","type-post","status-publish","format-standard","has-post-thumbnail","hentry","category-sociedad-es"],"yoast_head":"<!-- This site is optimized with the Yoast SEO Premium plugin v27.4 (Yoast SEO v27.5) - https:\/\/yoast.com\/product\/yoast-seo-premium-wordpress\/ -->\n<title>Schoenstatt presente en el I Congreso Internacional de Acompa\u00f1amiento<\/title>\n<meta name=\"description\" content=\"Schoenstatt deja su contribuci\u00f3n en el I Congreso Internacional de Acompa\u00f1amiento, con \u00e9nfasis en el trabajo con las familias.\" \/>\n<meta name=\"robots\" content=\"index, follow, max-snippet:-1, max-image-preview:large, max-video-preview:-1\" \/>\n<link rel=\"canonical\" href=\"https:\/\/schoenstatt.com\/es\/schoenstatt-presente-en-el-i-congreso-internacional-de-acompanamiento\/\" \/>\n<meta property=\"og:locale\" content=\"es_ES\" \/>\n<meta property=\"og:type\" content=\"article\" \/>\n<meta property=\"og:title\" content=\"Schoenstatt presente en el I Congreso Internacional de Acompa\u00f1amiento\" \/>\n<meta property=\"og:description\" content=\"Schoenstatt deja su contribuci\u00f3n en el I Congreso Internacional de Acompa\u00f1amiento, con \u00e9nfasis en el trabajo con las familias.\" \/>\n<meta property=\"og:url\" content=\"https:\/\/schoenstatt.com\/es\/schoenstatt-presente-en-el-i-congreso-internacional-de-acompanamiento\/\" \/>\n<meta property=\"og:site_name\" content=\"Schoenstatt\" \/>\n<meta property=\"article:published_time\" content=\"2025-12-15T11:33:57+00:00\" \/>\n<meta property=\"article:modified_time\" content=\"2025-12-15T11:53:28+00:00\" \/>\n<meta property=\"og:image\" content=\"https:\/\/schoenstatt.com\/wp-content\/uploads\/2025\/12\/International-Congress-on-Accompaniment.webp\" \/>\n\t<meta property=\"og:image:width\" content=\"1580\" \/>\n\t<meta property=\"og:image:height\" content=\"1422\" \/>\n\t<meta property=\"og:image:type\" content=\"image\/jpeg\" \/>\n<meta name=\"author\" content=\"Karen Bueno\" \/>\n<meta name=\"twitter:card\" content=\"summary_large_image\" \/>\n<meta name=\"twitter:label1\" content=\"Escrito por\" \/>\n\t<meta name=\"twitter:data1\" content=\"Karen Bueno\" \/>\n\t<meta name=\"twitter:label2\" content=\"Tiempo de lectura\" \/>\n\t<meta name=\"twitter:data2\" content=\"6 minutos\" \/>\n<script type=\"application\/ld+json\" class=\"yoast-schema-graph\">{\"@context\":\"https:\\\/\\\/schema.org\",\"@graph\":[{\"@type\":\"Article\",\"@id\":\"https:\\\/\\\/schoenstatt.com\\\/es\\\/schoenstatt-presente-en-el-i-congreso-internacional-de-acompanamiento\\\/#article\",\"isPartOf\":{\"@id\":\"https:\\\/\\\/schoenstatt.com\\\/es\\\/schoenstatt-presente-en-el-i-congreso-internacional-de-acompanamiento\\\/\"},\"author\":{\"name\":\"Karen Bueno\",\"@id\":\"https:\\\/\\\/schoenstatt.com\\\/es\\\/#\\\/schema\\\/person\\\/5158877ad4acae98b34daaeef2a1ce6e\"},\"headline\":\"Schoenstatt presente en el I Congreso Internacional de Acompa\u00f1amiento\",\"datePublished\":\"2025-12-15T11:33:57+00:00\",\"dateModified\":\"2025-12-15T11:53:28+00:00\",\"mainEntityOfPage\":{\"@id\":\"https:\\\/\\\/schoenstatt.com\\\/es\\\/schoenstatt-presente-en-el-i-congreso-internacional-de-acompanamiento\\\/\"},\"wordCount\":922,\"publisher\":{\"@id\":\"https:\\\/\\\/schoenstatt.com\\\/es\\\/#organization\"},\"image\":{\"@id\":\"https:\\\/\\\/schoenstatt.com\\\/es\\\/schoenstatt-presente-en-el-i-congreso-internacional-de-acompanamiento\\\/#primaryimage\"},\"thumbnailUrl\":\"https:\\\/\\\/schoenstatt.com\\\/wp-content\\\/uploads\\\/2025\\\/12\\\/International-Congress-on-Accompaniment.webp\",\"articleSection\":[\"Sociedad\"],\"inLanguage\":\"es\"},{\"@type\":\"WebPage\",\"@id\":\"https:\\\/\\\/schoenstatt.com\\\/es\\\/schoenstatt-presente-en-el-i-congreso-internacional-de-acompanamiento\\\/\",\"url\":\"https:\\\/\\\/schoenstatt.com\\\/es\\\/schoenstatt-presente-en-el-i-congreso-internacional-de-acompanamiento\\\/\",\"name\":\"Schoenstatt presente en el I Congreso Internacional de Acompa\u00f1amiento\",\"isPartOf\":{\"@id\":\"https:\\\/\\\/schoenstatt.com\\\/es\\\/#website\"},\"primaryImageOfPage\":{\"@id\":\"https:\\\/\\\/schoenstatt.com\\\/es\\\/schoenstatt-presente-en-el-i-congreso-internacional-de-acompanamiento\\\/#primaryimage\"},\"image\":{\"@id\":\"https:\\\/\\\/schoenstatt.com\\\/es\\\/schoenstatt-presente-en-el-i-congreso-internacional-de-acompanamiento\\\/#primaryimage\"},\"thumbnailUrl\":\"https:\\\/\\\/schoenstatt.com\\\/wp-content\\\/uploads\\\/2025\\\/12\\\/International-Congress-on-Accompaniment.webp\",\"datePublished\":\"2025-12-15T11:33:57+00:00\",\"dateModified\":\"2025-12-15T11:53:28+00:00\",\"description\":\"Schoenstatt deja su contribuci\u00f3n en el I Congreso Internacional de Acompa\u00f1amiento, con \u00e9nfasis en el trabajo con las familias.\",\"breadcrumb\":{\"@id\":\"https:\\\/\\\/schoenstatt.com\\\/es\\\/schoenstatt-presente-en-el-i-congreso-internacional-de-acompanamiento\\\/#breadcrumb\"},\"inLanguage\":\"es\",\"potentialAction\":[{\"@type\":\"ReadAction\",\"target\":[\"https:\\\/\\\/schoenstatt.com\\\/es\\\/schoenstatt-presente-en-el-i-congreso-internacional-de-acompanamiento\\\/\"]}]},{\"@type\":\"ImageObject\",\"inLanguage\":\"es\",\"@id\":\"https:\\\/\\\/schoenstatt.com\\\/es\\\/schoenstatt-presente-en-el-i-congreso-internacional-de-acompanamiento\\\/#primaryimage\",\"url\":\"https:\\\/\\\/schoenstatt.com\\\/wp-content\\\/uploads\\\/2025\\\/12\\\/International-Congress-on-Accompaniment.webp\",\"contentUrl\":\"https:\\\/\\\/schoenstatt.com\\\/wp-content\\\/uploads\\\/2025\\\/12\\\/International-Congress-on-Accompaniment.webp\",\"width\":1580,\"height\":1422},{\"@type\":\"BreadcrumbList\",\"@id\":\"https:\\\/\\\/schoenstatt.com\\\/es\\\/schoenstatt-presente-en-el-i-congreso-internacional-de-acompanamiento\\\/#breadcrumb\",\"itemListElement\":[{\"@type\":\"ListItem\",\"position\":1,\"name\":\"Portada\",\"item\":\"https:\\\/\\\/schoenstatt.com\\\/es\\\/home\\\/\"},{\"@type\":\"ListItem\",\"position\":2,\"name\":\"Schoenstatt presente en el I Congreso Internacional de Acompa\u00f1amiento\"}]},{\"@type\":\"WebSite\",\"@id\":\"https:\\\/\\\/schoenstatt.com\\\/es\\\/#website\",\"url\":\"https:\\\/\\\/schoenstatt.com\\\/es\\\/\",\"name\":\"Schoenstatt\",\"description\":\"Apostolic Movement\",\"publisher\":{\"@id\":\"https:\\\/\\\/schoenstatt.com\\\/es\\\/#organization\"},\"potentialAction\":[{\"@type\":\"SearchAction\",\"target\":{\"@type\":\"EntryPoint\",\"urlTemplate\":\"https:\\\/\\\/schoenstatt.com\\\/es\\\/?s={search_term_string}\"},\"query-input\":{\"@type\":\"PropertyValueSpecification\",\"valueRequired\":true,\"valueName\":\"search_term_string\"}}],\"inLanguage\":\"es\"},{\"@type\":\"Organization\",\"@id\":\"https:\\\/\\\/schoenstatt.com\\\/es\\\/#organization\",\"name\":\"Schoenstatt\",\"url\":\"https:\\\/\\\/schoenstatt.com\\\/es\\\/\",\"logo\":{\"@type\":\"ImageObject\",\"inLanguage\":\"es\",\"@id\":\"https:\\\/\\\/schoenstatt.com\\\/es\\\/#\\\/schema\\\/logo\\\/image\\\/\",\"url\":\"https:\\\/\\\/schoenstatt.com\\\/wp-content\\\/uploads\\\/2025\\\/04\\\/logo-schoenstatt-white-696x696-1.png\",\"contentUrl\":\"https:\\\/\\\/schoenstatt.com\\\/wp-content\\\/uploads\\\/2025\\\/04\\\/logo-schoenstatt-white-696x696-1.png\",\"width\":696,\"height\":694,\"caption\":\"Schoenstatt\"},\"image\":{\"@id\":\"https:\\\/\\\/schoenstatt.com\\\/es\\\/#\\\/schema\\\/logo\\\/image\\\/\"}},{\"@type\":\"Person\",\"@id\":\"https:\\\/\\\/schoenstatt.com\\\/es\\\/#\\\/schema\\\/person\\\/5158877ad4acae98b34daaeef2a1ce6e\",\"name\":\"Karen Bueno\",\"image\":{\"@type\":\"ImageObject\",\"inLanguage\":\"es\",\"@id\":\"https:\\\/\\\/secure.gravatar.com\\\/avatar\\\/f9f4b823873154269d2b2130f195f6d41037dd0d7fc5f3cacb5c846bae70d66b?s=96&d=mm&r=g\",\"url\":\"https:\\\/\\\/secure.gravatar.com\\\/avatar\\\/f9f4b823873154269d2b2130f195f6d41037dd0d7fc5f3cacb5c846bae70d66b?s=96&d=mm&r=g\",\"contentUrl\":\"https:\\\/\\\/secure.gravatar.com\\\/avatar\\\/f9f4b823873154269d2b2130f195f6d41037dd0d7fc5f3cacb5c846bae70d66b?s=96&d=mm&r=g\",\"caption\":\"Karen Bueno\"},\"url\":\"https:\\\/\\\/schoenstatt.com\\\/es\\\/author\\\/karen-bueno\\\/\"}]}<\/script>\n<!-- \/ Yoast SEO Premium plugin. -->","yoast_head_json":{"title":"Schoenstatt presente en el I Congreso Internacional de Acompa\u00f1amiento","description":"Schoenstatt deja su contribuci\u00f3n en el I Congreso Internacional de Acompa\u00f1amiento, con \u00e9nfasis en el trabajo con las familias.","robots":{"index":"index","follow":"follow","max-snippet":"max-snippet:-1","max-image-preview":"max-image-preview:large","max-video-preview":"max-video-preview:-1"},"canonical":"https:\/\/schoenstatt.com\/es\/schoenstatt-presente-en-el-i-congreso-internacional-de-acompanamiento\/","og_locale":"es_ES","og_type":"article","og_title":"Schoenstatt presente en el I Congreso Internacional de Acompa\u00f1amiento","og_description":"Schoenstatt deja su contribuci\u00f3n en el I Congreso Internacional de Acompa\u00f1amiento, con \u00e9nfasis en el trabajo con las familias.","og_url":"https:\/\/schoenstatt.com\/es\/schoenstatt-presente-en-el-i-congreso-internacional-de-acompanamiento\/","og_site_name":"Schoenstatt","article_published_time":"2025-12-15T11:33:57+00:00","article_modified_time":"2025-12-15T11:53:28+00:00","og_image":[{"width":1580,"height":1422,"url":"https:\/\/schoenstatt.com\/wp-content\/uploads\/2025\/12\/International-Congress-on-Accompaniment.webp","type":"image\/jpeg"}],"author":"Karen Bueno","twitter_card":"summary_large_image","twitter_misc":{"Escrito por":"Karen Bueno","Tiempo de lectura":"6 minutos"},"schema":{"@context":"https:\/\/schema.org","@graph":[{"@type":"Article","@id":"https:\/\/schoenstatt.com\/es\/schoenstatt-presente-en-el-i-congreso-internacional-de-acompanamiento\/#article","isPartOf":{"@id":"https:\/\/schoenstatt.com\/es\/schoenstatt-presente-en-el-i-congreso-internacional-de-acompanamiento\/"},"author":{"name":"Karen Bueno","@id":"https:\/\/schoenstatt.com\/es\/#\/schema\/person\/5158877ad4acae98b34daaeef2a1ce6e"},"headline":"Schoenstatt presente en el I Congreso Internacional de Acompa\u00f1amiento","datePublished":"2025-12-15T11:33:57+00:00","dateModified":"2025-12-15T11:53:28+00:00","mainEntityOfPage":{"@id":"https:\/\/schoenstatt.com\/es\/schoenstatt-presente-en-el-i-congreso-internacional-de-acompanamiento\/"},"wordCount":922,"publisher":{"@id":"https:\/\/schoenstatt.com\/es\/#organization"},"image":{"@id":"https:\/\/schoenstatt.com\/es\/schoenstatt-presente-en-el-i-congreso-internacional-de-acompanamiento\/#primaryimage"},"thumbnailUrl":"https:\/\/schoenstatt.com\/wp-content\/uploads\/2025\/12\/International-Congress-on-Accompaniment.webp","articleSection":["Sociedad"],"inLanguage":"es"},{"@type":"WebPage","@id":"https:\/\/schoenstatt.com\/es\/schoenstatt-presente-en-el-i-congreso-internacional-de-acompanamiento\/","url":"https:\/\/schoenstatt.com\/es\/schoenstatt-presente-en-el-i-congreso-internacional-de-acompanamiento\/","name":"Schoenstatt presente en el I Congreso Internacional de Acompa\u00f1amiento","isPartOf":{"@id":"https:\/\/schoenstatt.com\/es\/#website"},"primaryImageOfPage":{"@id":"https:\/\/schoenstatt.com\/es\/schoenstatt-presente-en-el-i-congreso-internacional-de-acompanamiento\/#primaryimage"},"image":{"@id":"https:\/\/schoenstatt.com\/es\/schoenstatt-presente-en-el-i-congreso-internacional-de-acompanamiento\/#primaryimage"},"thumbnailUrl":"https:\/\/schoenstatt.com\/wp-content\/uploads\/2025\/12\/International-Congress-on-Accompaniment.webp","datePublished":"2025-12-15T11:33:57+00:00","dateModified":"2025-12-15T11:53:28+00:00","description":"Schoenstatt deja su contribuci\u00f3n en el I Congreso Internacional de Acompa\u00f1amiento, con \u00e9nfasis en el trabajo con las familias.","breadcrumb":{"@id":"https:\/\/schoenstatt.com\/es\/schoenstatt-presente-en-el-i-congreso-internacional-de-acompanamiento\/#breadcrumb"},"inLanguage":"es","potentialAction":[{"@type":"ReadAction","target":["https:\/\/schoenstatt.com\/es\/schoenstatt-presente-en-el-i-congreso-internacional-de-acompanamiento\/"]}]},{"@type":"ImageObject","inLanguage":"es","@id":"https:\/\/schoenstatt.com\/es\/schoenstatt-presente-en-el-i-congreso-internacional-de-acompanamiento\/#primaryimage","url":"https:\/\/schoenstatt.com\/wp-content\/uploads\/2025\/12\/International-Congress-on-Accompaniment.webp","contentUrl":"https:\/\/schoenstatt.com\/wp-content\/uploads\/2025\/12\/International-Congress-on-Accompaniment.webp","width":1580,"height":1422},{"@type":"BreadcrumbList","@id":"https:\/\/schoenstatt.com\/es\/schoenstatt-presente-en-el-i-congreso-internacional-de-acompanamiento\/#breadcrumb","itemListElement":[{"@type":"ListItem","position":1,"name":"Portada","item":"https:\/\/schoenstatt.com\/es\/home\/"},{"@type":"ListItem","position":2,"name":"Schoenstatt presente en el I Congreso Internacional de Acompa\u00f1amiento"}]},{"@type":"WebSite","@id":"https:\/\/schoenstatt.com\/es\/#website","url":"https:\/\/schoenstatt.com\/es\/","name":"Schoenstatt","description":"Apostolic Movement","publisher":{"@id":"https:\/\/schoenstatt.com\/es\/#organization"},"potentialAction":[{"@type":"SearchAction","target":{"@type":"EntryPoint","urlTemplate":"https:\/\/schoenstatt.com\/es\/?s={search_term_string}"},"query-input":{"@type":"PropertyValueSpecification","valueRequired":true,"valueName":"search_term_string"}}],"inLanguage":"es"},{"@type":"Organization","@id":"https:\/\/schoenstatt.com\/es\/#organization","name":"Schoenstatt","url":"https:\/\/schoenstatt.com\/es\/","logo":{"@type":"ImageObject","inLanguage":"es","@id":"https:\/\/schoenstatt.com\/es\/#\/schema\/logo\/image\/","url":"https:\/\/schoenstatt.com\/wp-content\/uploads\/2025\/04\/logo-schoenstatt-white-696x696-1.png","contentUrl":"https:\/\/schoenstatt.com\/wp-content\/uploads\/2025\/04\/logo-schoenstatt-white-696x696-1.png","width":696,"height":694,"caption":"Schoenstatt"},"image":{"@id":"https:\/\/schoenstatt.com\/es\/#\/schema\/logo\/image\/"}},{"@type":"Person","@id":"https:\/\/schoenstatt.com\/es\/#\/schema\/person\/5158877ad4acae98b34daaeef2a1ce6e","name":"Karen Bueno","image":{"@type":"ImageObject","inLanguage":"es","@id":"https:\/\/secure.gravatar.com\/avatar\/f9f4b823873154269d2b2130f195f6d41037dd0d7fc5f3cacb5c846bae70d66b?s=96&d=mm&r=g","url":"https:\/\/secure.gravatar.com\/avatar\/f9f4b823873154269d2b2130f195f6d41037dd0d7fc5f3cacb5c846bae70d66b?s=96&d=mm&r=g","contentUrl":"https:\/\/secure.gravatar.com\/avatar\/f9f4b823873154269d2b2130f195f6d41037dd0d7fc5f3cacb5c846bae70d66b?s=96&d=mm&r=g","caption":"Karen Bueno"},"url":"https:\/\/schoenstatt.com\/es\/author\/karen-bueno\/"}]}},"_links":{"self":[{"href":"https:\/\/schoenstatt.com\/es\/wp-json\/wp\/v2\/posts\/67138","targetHints":{"allow":["GET"]}}],"collection":[{"href":"https:\/\/schoenstatt.com\/es\/wp-json\/wp\/v2\/posts"}],"about":[{"href":"https:\/\/schoenstatt.com\/es\/wp-json\/wp\/v2\/types\/post"}],"author":[{"embeddable":true,"href":"https:\/\/schoenstatt.com\/es\/wp-json\/wp\/v2\/users\/3"}],"replies":[{"embeddable":true,"href":"https:\/\/schoenstatt.com\/es\/wp-json\/wp\/v2\/comments?post=67138"}],"version-history":[{"count":2,"href":"https:\/\/schoenstatt.com\/es\/wp-json\/wp\/v2\/posts\/67138\/revisions"}],"predecessor-version":[{"id":67140,"href":"https:\/\/schoenstatt.com\/es\/wp-json\/wp\/v2\/posts\/67138\/revisions\/67140"}],"wp:featuredmedia":[{"embeddable":true,"href":"https:\/\/schoenstatt.com\/es\/wp-json\/wp\/v2\/media\/67128"}],"wp:attachment":[{"href":"https:\/\/schoenstatt.com\/es\/wp-json\/wp\/v2\/media?parent=67138"}],"wp:term":[{"taxonomy":"category","embeddable":true,"href":"https:\/\/schoenstatt.com\/es\/wp-json\/wp\/v2\/categories?post=67138"},{"taxonomy":"post_tag","embeddable":true,"href":"https:\/\/schoenstatt.com\/es\/wp-json\/wp\/v2\/tags?post=67138"}],"curies":[{"name":"wp","href":"https:\/\/api.w.org\/{rel}","templated":true}]}}