{"id":67075,"date":"2025-12-11T03:53:00","date_gmt":"2025-12-11T02:53:00","guid":{"rendered":"https:\/\/schoenstatt.com\/?p=67075"},"modified":"2025-12-11T12:12:53","modified_gmt":"2025-12-11T11:12:53","slug":"vinculos-en-riesgo-y-la-palabra-del-ano","status":"publish","type":"post","link":"https:\/\/schoenstatt.com\/es\/vinculos-en-riesgo-y-la-palabra-del-ano\/","title":{"rendered":"V\u00ednculos en riesgo y la Palabra del a\u00f1o"},"content":{"rendered":"\n<p>Todos los a\u00f1os, los grandes diccionarios en l\u00ednea eligen una palabra representativa. <strong>El 2023 fue \u201cpolarizaci\u00f3n\u201d<\/strong>; <strong>en 2024 apareci\u00f3 \u201cbrain rot\u201d <\/strong>(pudrici\u00f3n cerebral); y <strong>este a\u00f1o surge \u201cparasocial\u201d<\/strong>. Juntas, estas elecciones trazan un mapa revelador de la \u00e9poca. La Real Academia Espa\u00f1ola, Oxford y Cambridge \u2013a trav\u00e9s de sus selecciones anuales\u2013 han ido mostrando una transformaci\u00f3n profunda en nuestra manera de relacionarnos, pensar y sentir en el entorno digital.<\/p>\n\n\n\n<p>La polarizaci\u00f3n, destacada por la RAE en 2023, reflejaba una sociedad fragmentada, donde las ideas se alineaban en bandos contrapuestos. Un fen\u00f3meno impulsado por los algoritmos de las redes sociales, que detectan tendencias, las potencian, o las llevan a un primer plano muchas veces artificial, privilegiando el conflicto por encima del consenso.<\/p>\n\n\n\n<p>Para 2024, Oxford eligi\u00f3 otro t\u00e9rmino: \u201cbrain rot\u201d o pudrici\u00f3n cerebral. La palabra se refiere al deterioro cognitivo atribuido al consumo masivo de contenido digital superficial y reaviv\u00f3 el debate sobre regulaci\u00f3n y est\u00e1ndares de calidad de la IA.<\/p>\n\n\n\n<p>Este 2025, el <a href=\"https:\/\/cnnespanol.cnn.com\/2025\/11\/18\/cultura\/palabra-2025-diccionario-cambridge-parasaocial-trax\" target=\"_blank\" rel=\"noreferrer noopener\">diccionario de Cambridge<\/a> \u2013cuyo portal es visitado por millones de personas\u2013 completa el cuadro con el t\u00e9rmino <strong>\u201cparasocial\u201d<\/strong>, concepto que describe conexiones donde alguien siente proximidad con quien no le conoce, desde estrellas de cine, m\u00fasica, deporte, influencers, hasta inteligencias artificiales. La ilusi\u00f3n de cercan\u00eda se construye sobre una relaci\u00f3n estrictamente unilateral, donde el receptor \u2013cantante, actor o deportista\u2013, nada sabe sobre el interlocutor. Solo un n\u00famero m\u00e1s en su abultada red de seguidores.<\/p>\n\n\n\n<p>El t\u00e9rmino no es nuevo. La palabra \u201cparasocial\u201d surgi\u00f3 en 1956 para describir c\u00f3mo los televidentes desarrollaban v\u00ednculos ilusorios con personalidades de la pantalla. Siete d\u00e9cadas despu\u00e9s, plataformas digitales e inteligencia artificial han multiplicado exponencialmente este efecto. Hoy, celebridades y personajes p\u00fablicos acumulan seguidores que genuinamente creen \u201cconocerlos\u201d pero viven un enga\u00f1o que puede detonar frustraciones y mayor aislamiento. Pero la frontera avanza: asistentes virtuales como Alexa o Siri, y chatbots como ChatGPT, se han integrado como presencias cotidianas. Su sofisticaci\u00f3n creciente los posiciona, para algunos usuarios, como compa\u00f1eros m\u00e1s consistentes que sus relaciones humanas.<\/p>\n\n\n\n<p>Ante este panorama, el Dicasterio para la Doctrina de la Fe public\u00f3 en enero el documento <em><a href=\"https:\/\/www.vatican.va\/roman_curia\/congregations\/cfaith\/documents\/rc_ddf_doc_20250128_antiqua-et-nova_sp.html\" target=\"_blank\" rel=\"noreferrer noopener\">Antiqua et nova<\/a><\/em>, sobre inteligencia artificial y relaciones humanas. Junto con alabar las evidentes bondades de los adelantos tecnol\u00f3gicos, la Iglesia subraya que la IA debe ser herramienta para el desarrollo humano, nunca sustituto.<\/p>\n\n\n\n<p>Mientras las plataformas monetizan la atenci\u00f3n y las empresas de tecnolog\u00eda prometen compa\u00f1\u00eda artificial instant\u00e1nea, la evidencia apunta a que las relaciones humanas \u2013reales, libres y rec\u00edprocas\u2013 conservan un valor \u00fanico. <strong>En un mundo de v\u00ednculos paralelos, donde coexisten conexiones aut\u00e9nticas con suced\u00e1neos digitales, la elecci\u00f3n de \u201cparasocial\u201d como palabra del a\u00f1o sirve como recordatorio: la tecnolog\u00eda puede mediar, pero nunca sustituir los lazos que nos hacen plenamente humanos.<\/strong><\/p>\n\n\n\n<figure class=\"wp-block-pullquote has-medium-font-size\" style=\"border-top-color:var(--wp--preset--color--luminous-vivid-orange);border-top-style:solid;border-top-width:1px;border-bottom-color:var(--wp--preset--color--luminous-vivid-orange);border-bottom-style:solid;border-bottom-width:1px;font-style:italic;font-weight:300\"><blockquote><p>\u00abTenemos que capacitar nuevamente al hombre para sus m\u00faltiples v\u00ednculos, hacerlo capaz y dispuesto para un profundo v\u00ednculo interior con lugares, cosas e ideas. Sobre todo, tenemos que hacerlo capaz de desarrollar los v\u00ednculos con la comunidad\u00bb. \u00abQuien ignore esta tarea en la educaci\u00f3n y en la pastoral construir\u00e1 sobre arena sus planes de renovaci\u00f3n\u00bb.<\/p><cite>(Kentenich, Jos\u00e9, Vinculaciones personales, op. cit., p. 19ss.).<\/cite><\/blockquote><\/figure>\n\n\n\n<p><strong>Fuente:<\/strong> Revista V\u00ednculo, n. 397, diciembre de 2025.<\/p>\n","protected":false},"excerpt":{"rendered":"<p>La \u00abpalabra del a\u00f1o\u00bb de 2025 nos desaf\u00eda a cultivar v\u00ednculos verdaderos y a replantearnos nuestras relaciones en los tiempos actuales.<\/p>\n","protected":false},"author":3,"featured_media":67067,"comment_status":"closed","ping_status":"closed","sticky":false,"template":"","format":"standard","meta":{"footnotes":""},"categories":[913],"tags":[],"class_list":["post-67075","post","type-post","status-publish","format-standard","has-post-thumbnail","hentry","category-sociedad-es"],"yoast_head":"<!-- This site is optimized with the Yoast SEO Premium plugin v27.4 (Yoast SEO v27.4) - https:\/\/yoast.com\/product\/yoast-seo-premium-wordpress\/ -->\n<title>V\u00ednculos en riesgo y la Palabra del a\u00f1o - Schoenstatt<\/title>\n<meta name=\"description\" content=\"La \u00abpalabra del a\u00f1o\u00bb de 2025 nos desaf\u00eda a cultivar v\u00ednculos verdaderos y a replantearnos nuestras relaciones en los tiempos actuales.\" \/>\n<meta name=\"robots\" content=\"index, follow, max-snippet:-1, max-image-preview:large, max-video-preview:-1\" \/>\n<link rel=\"canonical\" href=\"https:\/\/schoenstatt.com\/es\/vinculos-en-riesgo-y-la-palabra-del-ano\/\" \/>\n<meta property=\"og:locale\" content=\"es_ES\" \/>\n<meta property=\"og:type\" content=\"article\" \/>\n<meta property=\"og:title\" content=\"V\u00ednculos en riesgo y la Palabra del a\u00f1o\" \/>\n<meta property=\"og:description\" content=\"La \u00abpalabra del a\u00f1o\u00bb de 2025 nos desaf\u00eda a cultivar v\u00ednculos verdaderos y a replantearnos nuestras relaciones en los tiempos actuales.\" \/>\n<meta property=\"og:url\" content=\"https:\/\/schoenstatt.com\/es\/vinculos-en-riesgo-y-la-palabra-del-ano\/\" \/>\n<meta property=\"og:site_name\" content=\"Schoenstatt\" \/>\n<meta property=\"article:published_time\" content=\"2025-12-11T02:53:00+00:00\" \/>\n<meta property=\"article:modified_time\" content=\"2025-12-11T11:12:53+00:00\" \/>\n<meta property=\"og:image\" content=\"https:\/\/schoenstatt.com\/wp-content\/uploads\/2025\/12\/vinculos-schoenstatt-youth.webp\" \/>\n\t<meta property=\"og:image:width\" content=\"2048\" \/>\n\t<meta property=\"og:image:height\" content=\"1365\" \/>\n\t<meta property=\"og:image:type\" content=\"image\/jpeg\" \/>\n<meta name=\"author\" content=\"Karen Bueno\" \/>\n<meta name=\"twitter:card\" content=\"summary_large_image\" \/>\n<meta name=\"twitter:label1\" content=\"Escrito por\" \/>\n\t<meta name=\"twitter:data1\" content=\"Karen Bueno\" \/>\n\t<meta name=\"twitter:label2\" content=\"Tiempo de lectura\" \/>\n\t<meta name=\"twitter:data2\" content=\"3 minutos\" \/>\n<script type=\"application\/ld+json\" class=\"yoast-schema-graph\">{\"@context\":\"https:\\\/\\\/schema.org\",\"@graph\":[{\"@type\":\"Article\",\"@id\":\"https:\\\/\\\/schoenstatt.com\\\/es\\\/vinculos-en-riesgo-y-la-palabra-del-ano\\\/#article\",\"isPartOf\":{\"@id\":\"https:\\\/\\\/schoenstatt.com\\\/es\\\/vinculos-en-riesgo-y-la-palabra-del-ano\\\/\"},\"author\":{\"name\":\"Karen Bueno\",\"@id\":\"https:\\\/\\\/schoenstatt.com\\\/es\\\/#\\\/schema\\\/person\\\/5158877ad4acae98b34daaeef2a1ce6e\"},\"headline\":\"V\u00ednculos en riesgo y la Palabra del a\u00f1o\",\"datePublished\":\"2025-12-11T02:53:00+00:00\",\"dateModified\":\"2025-12-11T11:12:53+00:00\",\"mainEntityOfPage\":{\"@id\":\"https:\\\/\\\/schoenstatt.com\\\/es\\\/vinculos-en-riesgo-y-la-palabra-del-ano\\\/\"},\"wordCount\":574,\"publisher\":{\"@id\":\"https:\\\/\\\/schoenstatt.com\\\/es\\\/#organization\"},\"image\":{\"@id\":\"https:\\\/\\\/schoenstatt.com\\\/es\\\/vinculos-en-riesgo-y-la-palabra-del-ano\\\/#primaryimage\"},\"thumbnailUrl\":\"https:\\\/\\\/schoenstatt.com\\\/wp-content\\\/uploads\\\/2025\\\/12\\\/vinculos-schoenstatt-youth.webp\",\"articleSection\":[\"Sociedad\"],\"inLanguage\":\"es\"},{\"@type\":\"WebPage\",\"@id\":\"https:\\\/\\\/schoenstatt.com\\\/es\\\/vinculos-en-riesgo-y-la-palabra-del-ano\\\/\",\"url\":\"https:\\\/\\\/schoenstatt.com\\\/es\\\/vinculos-en-riesgo-y-la-palabra-del-ano\\\/\",\"name\":\"V\u00ednculos en riesgo y la Palabra del a\u00f1o - Schoenstatt\",\"isPartOf\":{\"@id\":\"https:\\\/\\\/schoenstatt.com\\\/es\\\/#website\"},\"primaryImageOfPage\":{\"@id\":\"https:\\\/\\\/schoenstatt.com\\\/es\\\/vinculos-en-riesgo-y-la-palabra-del-ano\\\/#primaryimage\"},\"image\":{\"@id\":\"https:\\\/\\\/schoenstatt.com\\\/es\\\/vinculos-en-riesgo-y-la-palabra-del-ano\\\/#primaryimage\"},\"thumbnailUrl\":\"https:\\\/\\\/schoenstatt.com\\\/wp-content\\\/uploads\\\/2025\\\/12\\\/vinculos-schoenstatt-youth.webp\",\"datePublished\":\"2025-12-11T02:53:00+00:00\",\"dateModified\":\"2025-12-11T11:12:53+00:00\",\"description\":\"La \u00abpalabra del a\u00f1o\u00bb de 2025 nos desaf\u00eda a cultivar v\u00ednculos verdaderos y a replantearnos nuestras relaciones en los tiempos actuales.\",\"breadcrumb\":{\"@id\":\"https:\\\/\\\/schoenstatt.com\\\/es\\\/vinculos-en-riesgo-y-la-palabra-del-ano\\\/#breadcrumb\"},\"inLanguage\":\"es\",\"potentialAction\":[{\"@type\":\"ReadAction\",\"target\":[\"https:\\\/\\\/schoenstatt.com\\\/es\\\/vinculos-en-riesgo-y-la-palabra-del-ano\\\/\"]}]},{\"@type\":\"ImageObject\",\"inLanguage\":\"es\",\"@id\":\"https:\\\/\\\/schoenstatt.com\\\/es\\\/vinculos-en-riesgo-y-la-palabra-del-ano\\\/#primaryimage\",\"url\":\"https:\\\/\\\/schoenstatt.com\\\/wp-content\\\/uploads\\\/2025\\\/12\\\/vinculos-schoenstatt-youth.webp\",\"contentUrl\":\"https:\\\/\\\/schoenstatt.com\\\/wp-content\\\/uploads\\\/2025\\\/12\\\/vinculos-schoenstatt-youth.webp\",\"width\":2048,\"height\":1365},{\"@type\":\"BreadcrumbList\",\"@id\":\"https:\\\/\\\/schoenstatt.com\\\/es\\\/vinculos-en-riesgo-y-la-palabra-del-ano\\\/#breadcrumb\",\"itemListElement\":[{\"@type\":\"ListItem\",\"position\":1,\"name\":\"Portada\",\"item\":\"https:\\\/\\\/schoenstatt.com\\\/es\\\/home\\\/\"},{\"@type\":\"ListItem\",\"position\":2,\"name\":\"V\u00ednculos en riesgo y la Palabra del a\u00f1o\"}]},{\"@type\":\"WebSite\",\"@id\":\"https:\\\/\\\/schoenstatt.com\\\/es\\\/#website\",\"url\":\"https:\\\/\\\/schoenstatt.com\\\/es\\\/\",\"name\":\"Schoenstatt\",\"description\":\"Apostolic Movement\",\"publisher\":{\"@id\":\"https:\\\/\\\/schoenstatt.com\\\/es\\\/#organization\"},\"potentialAction\":[{\"@type\":\"SearchAction\",\"target\":{\"@type\":\"EntryPoint\",\"urlTemplate\":\"https:\\\/\\\/schoenstatt.com\\\/es\\\/?s={search_term_string}\"},\"query-input\":{\"@type\":\"PropertyValueSpecification\",\"valueRequired\":true,\"valueName\":\"search_term_string\"}}],\"inLanguage\":\"es\"},{\"@type\":\"Organization\",\"@id\":\"https:\\\/\\\/schoenstatt.com\\\/es\\\/#organization\",\"name\":\"Schoenstatt\",\"url\":\"https:\\\/\\\/schoenstatt.com\\\/es\\\/\",\"logo\":{\"@type\":\"ImageObject\",\"inLanguage\":\"es\",\"@id\":\"https:\\\/\\\/schoenstatt.com\\\/es\\\/#\\\/schema\\\/logo\\\/image\\\/\",\"url\":\"https:\\\/\\\/schoenstatt.com\\\/wp-content\\\/uploads\\\/2025\\\/04\\\/logo-schoenstatt-white-696x696-1.png\",\"contentUrl\":\"https:\\\/\\\/schoenstatt.com\\\/wp-content\\\/uploads\\\/2025\\\/04\\\/logo-schoenstatt-white-696x696-1.png\",\"width\":696,\"height\":694,\"caption\":\"Schoenstatt\"},\"image\":{\"@id\":\"https:\\\/\\\/schoenstatt.com\\\/es\\\/#\\\/schema\\\/logo\\\/image\\\/\"}},{\"@type\":\"Person\",\"@id\":\"https:\\\/\\\/schoenstatt.com\\\/es\\\/#\\\/schema\\\/person\\\/5158877ad4acae98b34daaeef2a1ce6e\",\"name\":\"Karen Bueno\",\"image\":{\"@type\":\"ImageObject\",\"inLanguage\":\"es\",\"@id\":\"https:\\\/\\\/secure.gravatar.com\\\/avatar\\\/f9f4b823873154269d2b2130f195f6d41037dd0d7fc5f3cacb5c846bae70d66b?s=96&d=mm&r=g\",\"url\":\"https:\\\/\\\/secure.gravatar.com\\\/avatar\\\/f9f4b823873154269d2b2130f195f6d41037dd0d7fc5f3cacb5c846bae70d66b?s=96&d=mm&r=g\",\"contentUrl\":\"https:\\\/\\\/secure.gravatar.com\\\/avatar\\\/f9f4b823873154269d2b2130f195f6d41037dd0d7fc5f3cacb5c846bae70d66b?s=96&d=mm&r=g\",\"caption\":\"Karen Bueno\"},\"url\":\"https:\\\/\\\/schoenstatt.com\\\/es\\\/author\\\/karen-bueno\\\/\"}]}<\/script>\n<!-- \/ Yoast SEO Premium plugin. -->","yoast_head_json":{"title":"V\u00ednculos en riesgo y la Palabra del a\u00f1o - Schoenstatt","description":"La \u00abpalabra del a\u00f1o\u00bb de 2025 nos desaf\u00eda a cultivar v\u00ednculos verdaderos y a replantearnos nuestras relaciones en los tiempos actuales.","robots":{"index":"index","follow":"follow","max-snippet":"max-snippet:-1","max-image-preview":"max-image-preview:large","max-video-preview":"max-video-preview:-1"},"canonical":"https:\/\/schoenstatt.com\/es\/vinculos-en-riesgo-y-la-palabra-del-ano\/","og_locale":"es_ES","og_type":"article","og_title":"V\u00ednculos en riesgo y la Palabra del a\u00f1o","og_description":"La \u00abpalabra del a\u00f1o\u00bb de 2025 nos desaf\u00eda a cultivar v\u00ednculos verdaderos y a replantearnos nuestras relaciones en los tiempos actuales.","og_url":"https:\/\/schoenstatt.com\/es\/vinculos-en-riesgo-y-la-palabra-del-ano\/","og_site_name":"Schoenstatt","article_published_time":"2025-12-11T02:53:00+00:00","article_modified_time":"2025-12-11T11:12:53+00:00","og_image":[{"url":"https:\/\/schoenstatt.com\/wp-content\/uploads\/2025\/12\/vinculos-schoenstatt-youth.webp","width":2048,"height":1365,"type":"image\/jpeg"}],"author":"Karen Bueno","twitter_card":"summary_large_image","twitter_misc":{"Escrito por":"Karen Bueno","Tiempo de lectura":"3 minutos"},"schema":{"@context":"https:\/\/schema.org","@graph":[{"@type":"Article","@id":"https:\/\/schoenstatt.com\/es\/vinculos-en-riesgo-y-la-palabra-del-ano\/#article","isPartOf":{"@id":"https:\/\/schoenstatt.com\/es\/vinculos-en-riesgo-y-la-palabra-del-ano\/"},"author":{"name":"Karen Bueno","@id":"https:\/\/schoenstatt.com\/es\/#\/schema\/person\/5158877ad4acae98b34daaeef2a1ce6e"},"headline":"V\u00ednculos en riesgo y la Palabra del a\u00f1o","datePublished":"2025-12-11T02:53:00+00:00","dateModified":"2025-12-11T11:12:53+00:00","mainEntityOfPage":{"@id":"https:\/\/schoenstatt.com\/es\/vinculos-en-riesgo-y-la-palabra-del-ano\/"},"wordCount":574,"publisher":{"@id":"https:\/\/schoenstatt.com\/es\/#organization"},"image":{"@id":"https:\/\/schoenstatt.com\/es\/vinculos-en-riesgo-y-la-palabra-del-ano\/#primaryimage"},"thumbnailUrl":"https:\/\/schoenstatt.com\/wp-content\/uploads\/2025\/12\/vinculos-schoenstatt-youth.webp","articleSection":["Sociedad"],"inLanguage":"es"},{"@type":"WebPage","@id":"https:\/\/schoenstatt.com\/es\/vinculos-en-riesgo-y-la-palabra-del-ano\/","url":"https:\/\/schoenstatt.com\/es\/vinculos-en-riesgo-y-la-palabra-del-ano\/","name":"V\u00ednculos en riesgo y la Palabra del a\u00f1o - Schoenstatt","isPartOf":{"@id":"https:\/\/schoenstatt.com\/es\/#website"},"primaryImageOfPage":{"@id":"https:\/\/schoenstatt.com\/es\/vinculos-en-riesgo-y-la-palabra-del-ano\/#primaryimage"},"image":{"@id":"https:\/\/schoenstatt.com\/es\/vinculos-en-riesgo-y-la-palabra-del-ano\/#primaryimage"},"thumbnailUrl":"https:\/\/schoenstatt.com\/wp-content\/uploads\/2025\/12\/vinculos-schoenstatt-youth.webp","datePublished":"2025-12-11T02:53:00+00:00","dateModified":"2025-12-11T11:12:53+00:00","description":"La \u00abpalabra del a\u00f1o\u00bb de 2025 nos desaf\u00eda a cultivar v\u00ednculos verdaderos y a replantearnos nuestras relaciones en los tiempos actuales.","breadcrumb":{"@id":"https:\/\/schoenstatt.com\/es\/vinculos-en-riesgo-y-la-palabra-del-ano\/#breadcrumb"},"inLanguage":"es","potentialAction":[{"@type":"ReadAction","target":["https:\/\/schoenstatt.com\/es\/vinculos-en-riesgo-y-la-palabra-del-ano\/"]}]},{"@type":"ImageObject","inLanguage":"es","@id":"https:\/\/schoenstatt.com\/es\/vinculos-en-riesgo-y-la-palabra-del-ano\/#primaryimage","url":"https:\/\/schoenstatt.com\/wp-content\/uploads\/2025\/12\/vinculos-schoenstatt-youth.webp","contentUrl":"https:\/\/schoenstatt.com\/wp-content\/uploads\/2025\/12\/vinculos-schoenstatt-youth.webp","width":2048,"height":1365},{"@type":"BreadcrumbList","@id":"https:\/\/schoenstatt.com\/es\/vinculos-en-riesgo-y-la-palabra-del-ano\/#breadcrumb","itemListElement":[{"@type":"ListItem","position":1,"name":"Portada","item":"https:\/\/schoenstatt.com\/es\/home\/"},{"@type":"ListItem","position":2,"name":"V\u00ednculos en riesgo y la Palabra del a\u00f1o"}]},{"@type":"WebSite","@id":"https:\/\/schoenstatt.com\/es\/#website","url":"https:\/\/schoenstatt.com\/es\/","name":"Schoenstatt","description":"Apostolic Movement","publisher":{"@id":"https:\/\/schoenstatt.com\/es\/#organization"},"potentialAction":[{"@type":"SearchAction","target":{"@type":"EntryPoint","urlTemplate":"https:\/\/schoenstatt.com\/es\/?s={search_term_string}"},"query-input":{"@type":"PropertyValueSpecification","valueRequired":true,"valueName":"search_term_string"}}],"inLanguage":"es"},{"@type":"Organization","@id":"https:\/\/schoenstatt.com\/es\/#organization","name":"Schoenstatt","url":"https:\/\/schoenstatt.com\/es\/","logo":{"@type":"ImageObject","inLanguage":"es","@id":"https:\/\/schoenstatt.com\/es\/#\/schema\/logo\/image\/","url":"https:\/\/schoenstatt.com\/wp-content\/uploads\/2025\/04\/logo-schoenstatt-white-696x696-1.png","contentUrl":"https:\/\/schoenstatt.com\/wp-content\/uploads\/2025\/04\/logo-schoenstatt-white-696x696-1.png","width":696,"height":694,"caption":"Schoenstatt"},"image":{"@id":"https:\/\/schoenstatt.com\/es\/#\/schema\/logo\/image\/"}},{"@type":"Person","@id":"https:\/\/schoenstatt.com\/es\/#\/schema\/person\/5158877ad4acae98b34daaeef2a1ce6e","name":"Karen Bueno","image":{"@type":"ImageObject","inLanguage":"es","@id":"https:\/\/secure.gravatar.com\/avatar\/f9f4b823873154269d2b2130f195f6d41037dd0d7fc5f3cacb5c846bae70d66b?s=96&d=mm&r=g","url":"https:\/\/secure.gravatar.com\/avatar\/f9f4b823873154269d2b2130f195f6d41037dd0d7fc5f3cacb5c846bae70d66b?s=96&d=mm&r=g","contentUrl":"https:\/\/secure.gravatar.com\/avatar\/f9f4b823873154269d2b2130f195f6d41037dd0d7fc5f3cacb5c846bae70d66b?s=96&d=mm&r=g","caption":"Karen Bueno"},"url":"https:\/\/schoenstatt.com\/es\/author\/karen-bueno\/"}]}},"_links":{"self":[{"href":"https:\/\/schoenstatt.com\/es\/wp-json\/wp\/v2\/posts\/67075","targetHints":{"allow":["GET"]}}],"collection":[{"href":"https:\/\/schoenstatt.com\/es\/wp-json\/wp\/v2\/posts"}],"about":[{"href":"https:\/\/schoenstatt.com\/es\/wp-json\/wp\/v2\/types\/post"}],"author":[{"embeddable":true,"href":"https:\/\/schoenstatt.com\/es\/wp-json\/wp\/v2\/users\/3"}],"replies":[{"embeddable":true,"href":"https:\/\/schoenstatt.com\/es\/wp-json\/wp\/v2\/comments?post=67075"}],"version-history":[{"count":2,"href":"https:\/\/schoenstatt.com\/es\/wp-json\/wp\/v2\/posts\/67075\/revisions"}],"predecessor-version":[{"id":67077,"href":"https:\/\/schoenstatt.com\/es\/wp-json\/wp\/v2\/posts\/67075\/revisions\/67077"}],"wp:featuredmedia":[{"embeddable":true,"href":"https:\/\/schoenstatt.com\/es\/wp-json\/wp\/v2\/media\/67067"}],"wp:attachment":[{"href":"https:\/\/schoenstatt.com\/es\/wp-json\/wp\/v2\/media?parent=67075"}],"wp:term":[{"taxonomy":"category","embeddable":true,"href":"https:\/\/schoenstatt.com\/es\/wp-json\/wp\/v2\/categories?post=67075"},{"taxonomy":"post_tag","embeddable":true,"href":"https:\/\/schoenstatt.com\/es\/wp-json\/wp\/v2\/tags?post=67075"}],"curies":[{"name":"wp","href":"https:\/\/api.w.org\/{rel}","templated":true}]}}