{"id":67051,"date":"2025-12-08T13:41:22","date_gmt":"2025-12-08T12:41:22","guid":{"rendered":"https:\/\/schoenstatt.com\/?p=67051"},"modified":"2025-12-08T13:48:11","modified_gmt":"2025-12-08T12:48:11","slug":"espiritu-de-inmaculada-amar-en-plenitud","status":"publish","type":"post","link":"https:\/\/schoenstatt.com\/es\/espiritu-de-inmaculada-amar-en-plenitud\/","title":{"rendered":"\u201cEsp\u00edritu de Inmaculada\u201d \u2013 Amar en plenitud"},"content":{"rendered":"\n<p>\u00bfQui\u00e9n conoce hoy en d\u00eda el profundo significado de la solemnidad de la Inmaculada Concepci\u00f3n de Mar\u00eda? Y, sin embargo, en ella se encuentra una clave para comprender la condici\u00f3n humana y la fasci-nante capacidad de amar que nos caracteriza. Entre \u201cInmaculada\u201d y \u201camar en plenitud\u201d hay mucha m\u00e1s sinton\u00eda de lo que se podr\u00eda suponer a simple vista.<\/p>\n\n\n\n<h3 class=\"wp-block-heading\" id=\"h-maria-inmaculada-icono-de-lo-autenticamente-humano\">Mar\u00eda Inmaculada &#8211; \u00cdcono de lo aut\u00e9nticamente humano<\/h3>\n\n\n\n<p>Nuestra humanidad est\u00e1 determinada por haber sido creados a imagen y semejanza de Dios y, por lo tanto, est\u00e1 determinada por el Amor. De ah\u00ed que seamos cuerpo traspasado de alma, y alma que se expresa en el cuerpo. Ambos, cuerpo y alma, creados para amar y ser amados. Pero el pecado ha roto nuestra capacidad de amar en plenitud, que es nuestro designio m\u00e1s hondo.<\/p>\n\n\n\n<p>Al vivir aturdidos por ideolog\u00edas que imponen una visi\u00f3n de lo humano absolutamente diversa, ese de-signio queda olvidado. Lo experimentamos en la vida concreta: nuestros amigos, colegas, incluso nuestros propios hijos parecen muchas veces vagabundos en una cultura que no les ofrece ni funda-mento ni apoyo o est\u00edmulo en sus anhelos por alcanzar una vida plena. La disoluci\u00f3n de los v\u00ednculos familiares, la incapacidad de amar, de sonre\u00edr, de confiar, de ser feliz le dan cr\u00e9dito a esas \u201cherej\u00edas antropol\u00f3gicas\u201d, por utilizar una expresi\u00f3n com\u00fan en el vocabulario del P. Kentenich.<\/p>\n\n\n\n<figure class=\"wp-block-pullquote has-medium-font-size\" style=\"border-top-color:var(--wp--preset--color--luminous-vivid-orange);border-top-style:solid;border-top-width:1px;border-bottom-color:var(--wp--preset--color--luminous-vivid-orange);border-bottom-style:solid;border-bottom-width:1px;font-style:italic;font-weight:300\"><blockquote><p>Y, sin embargo, en medio de la oscuridad sigue brillando la humanidad redimida. Mar\u00eda Inmaculada no es una recriminaci\u00f3n a nuestra visi\u00f3n desorientada, es un recuerdo constante de la inmensa grandeza que duerme en nosotros.<\/p><\/blockquote><\/figure>\n\n\n\n<p>Mar\u00eda Inmaculada es el \u00edcono de lo aut\u00e9nticamente humano, de la humanidad redimida. Todo en ella, su estructura psicol\u00f3gica, emocional y f\u00edsica, est\u00e1 equilibrado y se complementa con la gracia, lo que la hace aut\u00e9nticamente humana.<\/p>\n\n\n\n<h3 class=\"wp-block-heading\" id=\"h-anhelamos-un-espiritu-de-inmaculada\">Anhelamos un \u201cesp\u00edritu de Inmaculada\u201d<\/h3>\n\n\n\n<p>Desde el punto de vista teol\u00f3gico, el dogma de la Inmaculada Concepci\u00f3n hace referencia a la libertad de Mar\u00eda frente pecado original en vistas a la Redenci\u00f3n. Es decir, al mirar a Mar\u00eda Inmaculada vemos lo que significa haber sido redimidos por Cristo.<\/p>\n\n\n\n<p>En la hora de la Anunciaci\u00f3n Mar\u00eda es llamada \u201cllena de gracia\u201d, que es como decir \u201cplena del amor de Dios vuelto hacia ella\u201d. \u00bfEso la hace lejana o \u201cmenos humana\u201d? La vida en di\u00e1logo con Dios, \u00bfes un agregado optativo a nuestra humanidad? Lo sorprendente de nuestra condici\u00f3n humana es que incluye necesariamente la gracia para llegar a ser aquello que estamos llamados a ser. Nunca vamos a ser per-fectos s\u00f3lo por esfuerzo propio, m\u00e1s all\u00e1 de todos los cursos de autorrealizaci\u00f3n en los que participe-mos. Nuestra verdadera identidad, determinada por la capacidad de de amar, s\u00f3lo puede desarrollarse plenamente si es sanada en Cristo.<\/p>\n\n\n\n<p>Por eso nuestra condici\u00f3n humana anhela la Redenci\u00f3n, la armon\u00eda que irradia la naturaleza cuando interact\u00faa con la gracia. Anhela, a\u00fan sin saberlo, el \u201cesp\u00edritu\u201d del amor verdadero, m\u00e1s concretamente: un \u201cesp\u00edritu de Inmaculada\u201d.<\/p>\n\n\n\n<h3 class=\"wp-block-heading\" id=\"h-espiritu-de-inmaculada-una-parte-irrenunciable-de-nuestro-carisma\">\u201cEsp\u00edritu de Inmaculada\u201d \u2013 Una parte irrenunciable de nuestro carisma<\/h3>\n\n\n\n<div class=\"wp-block-media-text is-stacked-on-mobile\" style=\"grid-template-columns:57% auto\"><figure class=\"wp-block-media-text__media\"><img fetchpriority=\"high\" decoding=\"async\" width=\"890\" height=\"1600\" src=\"https:\/\/schoenstatt.com\/wp-content\/uploads\/2025\/12\/Imaculada.jpg\" alt=\"\" class=\"wp-image-67035 size-full\" srcset=\"https:\/\/schoenstatt.com\/wp-content\/uploads\/2025\/12\/Imaculada.jpg 890w, https:\/\/schoenstatt.com\/wp-content\/uploads\/2025\/12\/Imaculada-768x1381.jpg 768w, https:\/\/schoenstatt.com\/wp-content\/uploads\/2025\/12\/Imaculada-854x1536.jpg 854w\" sizes=\"(max-width: 890px) 100vw, 890px\" \/><\/figure><div class=\"wp-block-media-text__content\">\n<p>Mar\u00eda nos revela lo que es amar en plenitud, con nuestro cuerpo y con nuestra alma, cada uno seg\u00fan su vocaci\u00f3n. Desde el Santuario nos regala su sabidur\u00eda pedag\u00f3gica para ayudarnos a crecer en una forma m\u00e1s pura de amar. Mar\u00eda abraza mi naturaleza as\u00ed como es, la acoge con su grandeza y con su vulnera-bilidad. Me ense\u00f1a a \u201chumanizar\u201d mi coraz\u00f3n para el amor: en el respeto sin prejuicios frente a la gran-deza herida del otro, en el esfuerzo por admirarlo m\u00e1s que por poseerlo.<\/p>\n\n\n\n<p>Desarrollar la habilidad de amar de una forma m\u00e1s pura y desprendida es irradiar \u201cesp\u00edritu\u201d de Inmacu-lada, es generar espacios que posibiliten un organismo de vinculaciones en los cuales pueda crecer el verdadero amor. Mar\u00eda Inmaculada, la mujer de las relaciones, nos ayuda a restablecer el orden del amor en nuestro coraz\u00f3n. Esta es la alternativa de Schoenstatt a las herej\u00edas antropol\u00f3gicas.<\/p>\n\n\n\n<p>Esto hace nuestro carisma m\u00e1s concreto. Para que ilumine nuestra oscuridad necesita de personas que est\u00e9n fascinadas por \u00e9l, en las que el esp\u00edritu de Inmaculada crezca a trav\u00e9s de la alianza de amor con Mar\u00eda. El amor de Cristo, amor en plenitud, nos apremia (cf. 1 Cor 5,14). Entre \u201cInmaculada\u201d y \u201camar en plenitud\u201d hay mucha m\u00e1s sinton\u00eda de lo que se podr\u00eda suponer a simple vista. Pidamos al Esp\u00edritu Santo que nos introduzca cada vez m\u00e1s en nuestro carisma, para comprender y anunciar todav\u00eda con mayor hondura la relaci\u00f3n entre el amor aut\u00e9ntico y el esp\u00edritu de Inmaculada.<\/p>\n<\/div><\/div>\n\n\n\n<p>Foto: Hna. M. Nilza P. da Silva<\/p>\n\n\n\n<p><\/p>\n","protected":false},"excerpt":{"rendered":"<p>\u00bfQui\u00e9n conoce hoy en d\u00eda el profundo significado de la solemnidad de la Inmaculada Concepci\u00f3n de Mar\u00eda? Hay una llave importante en ella.<\/p>\n","protected":false},"author":3,"featured_media":67044,"comment_status":"closed","ping_status":"closed","sticky":false,"template":"","format":"standard","meta":{"footnotes":""},"categories":[917],"tags":[],"class_list":["post-67051","post","type-post","status-publish","format-standard","has-post-thumbnail","hentry","category-espiritualidad-es"],"yoast_head":"<!-- This site is optimized with the Yoast SEO Premium plugin v27.4 (Yoast SEO v27.5) - https:\/\/yoast.com\/product\/yoast-seo-premium-wordpress\/ -->\n<title>\u201cEsp\u00edritu de Inmaculada\u201d \u2013 Amar en plenitud - Schoenstatt<\/title>\n<meta name=\"description\" content=\"\u00bfQui\u00e9n conoce hoy en d\u00eda el profundo significado de la solemnidad de la Inmaculada Concepci\u00f3n de Mar\u00eda? Hay una llave importante en ella.\" \/>\n<meta name=\"robots\" content=\"index, follow, max-snippet:-1, max-image-preview:large, max-video-preview:-1\" \/>\n<link rel=\"canonical\" href=\"https:\/\/schoenstatt.com\/es\/espiritu-de-inmaculada-amar-en-plenitud\/\" \/>\n<meta property=\"og:locale\" content=\"es_ES\" \/>\n<meta property=\"og:type\" content=\"article\" \/>\n<meta property=\"og:title\" content=\"\u201cEsp\u00edritu de Inmaculada\u201d \u2013 Amar en plenitud\" \/>\n<meta property=\"og:description\" content=\"\u00bfQui\u00e9n conoce hoy en d\u00eda el profundo significado de la solemnidad de la Inmaculada Concepci\u00f3n de Mar\u00eda? Hay una llave importante en ella.\" \/>\n<meta property=\"og:url\" content=\"https:\/\/schoenstatt.com\/es\/espiritu-de-inmaculada-amar-en-plenitud\/\" \/>\n<meta property=\"og:site_name\" content=\"Schoenstatt\" \/>\n<meta property=\"article:published_time\" content=\"2025-12-08T12:41:22+00:00\" \/>\n<meta property=\"article:modified_time\" content=\"2025-12-08T12:48:11+00:00\" \/>\n<meta property=\"og:image\" content=\"https:\/\/schoenstatt.com\/wp-content\/uploads\/2025\/12\/imaculada-3.webp\" \/>\n\t<meta property=\"og:image:width\" content=\"2048\" \/>\n\t<meta property=\"og:image:height\" content=\"1536\" \/>\n\t<meta property=\"og:image:type\" content=\"image\/jpeg\" \/>\n<meta name=\"author\" content=\"Karen Bueno\" \/>\n<meta name=\"twitter:card\" content=\"summary_large_image\" \/>\n<meta name=\"twitter:label1\" content=\"Escrito por\" \/>\n\t<meta name=\"twitter:data1\" content=\"Karen Bueno\" \/>\n\t<meta name=\"twitter:label2\" content=\"Tiempo de lectura\" \/>\n\t<meta name=\"twitter:data2\" content=\"5 minutos\" \/>\n<script type=\"application\/ld+json\" class=\"yoast-schema-graph\">{\"@context\":\"https:\\\/\\\/schema.org\",\"@graph\":[{\"@type\":\"Article\",\"@id\":\"https:\\\/\\\/schoenstatt.com\\\/es\\\/espiritu-de-inmaculada-amar-en-plenitud\\\/#article\",\"isPartOf\":{\"@id\":\"https:\\\/\\\/schoenstatt.com\\\/es\\\/espiritu-de-inmaculada-amar-en-plenitud\\\/\"},\"author\":{\"name\":\"Karen Bueno\",\"@id\":\"https:\\\/\\\/schoenstatt.com\\\/es\\\/#\\\/schema\\\/person\\\/5158877ad4acae98b34daaeef2a1ce6e\"},\"headline\":\"\u201cEsp\u00edritu de Inmaculada\u201d \u2013 Amar en plenitud\",\"datePublished\":\"2025-12-08T12:41:22+00:00\",\"dateModified\":\"2025-12-08T12:48:11+00:00\",\"mainEntityOfPage\":{\"@id\":\"https:\\\/\\\/schoenstatt.com\\\/es\\\/espiritu-de-inmaculada-amar-en-plenitud\\\/\"},\"wordCount\":835,\"publisher\":{\"@id\":\"https:\\\/\\\/schoenstatt.com\\\/es\\\/#organization\"},\"image\":{\"@id\":\"https:\\\/\\\/schoenstatt.com\\\/es\\\/espiritu-de-inmaculada-amar-en-plenitud\\\/#primaryimage\"},\"thumbnailUrl\":\"https:\\\/\\\/schoenstatt.com\\\/wp-content\\\/uploads\\\/2025\\\/12\\\/imaculada-3.webp\",\"articleSection\":[\"Espiritualidad\"],\"inLanguage\":\"es\"},{\"@type\":\"WebPage\",\"@id\":\"https:\\\/\\\/schoenstatt.com\\\/es\\\/espiritu-de-inmaculada-amar-en-plenitud\\\/\",\"url\":\"https:\\\/\\\/schoenstatt.com\\\/es\\\/espiritu-de-inmaculada-amar-en-plenitud\\\/\",\"name\":\"\u201cEsp\u00edritu de Inmaculada\u201d \u2013 Amar en plenitud - Schoenstatt\",\"isPartOf\":{\"@id\":\"https:\\\/\\\/schoenstatt.com\\\/es\\\/#website\"},\"primaryImageOfPage\":{\"@id\":\"https:\\\/\\\/schoenstatt.com\\\/es\\\/espiritu-de-inmaculada-amar-en-plenitud\\\/#primaryimage\"},\"image\":{\"@id\":\"https:\\\/\\\/schoenstatt.com\\\/es\\\/espiritu-de-inmaculada-amar-en-plenitud\\\/#primaryimage\"},\"thumbnailUrl\":\"https:\\\/\\\/schoenstatt.com\\\/wp-content\\\/uploads\\\/2025\\\/12\\\/imaculada-3.webp\",\"datePublished\":\"2025-12-08T12:41:22+00:00\",\"dateModified\":\"2025-12-08T12:48:11+00:00\",\"description\":\"\u00bfQui\u00e9n conoce hoy en d\u00eda el profundo significado de la solemnidad de la Inmaculada Concepci\u00f3n de Mar\u00eda? Hay una llave importante en ella.\",\"breadcrumb\":{\"@id\":\"https:\\\/\\\/schoenstatt.com\\\/es\\\/espiritu-de-inmaculada-amar-en-plenitud\\\/#breadcrumb\"},\"inLanguage\":\"es\",\"potentialAction\":[{\"@type\":\"ReadAction\",\"target\":[\"https:\\\/\\\/schoenstatt.com\\\/es\\\/espiritu-de-inmaculada-amar-en-plenitud\\\/\"]}]},{\"@type\":\"ImageObject\",\"inLanguage\":\"es\",\"@id\":\"https:\\\/\\\/schoenstatt.com\\\/es\\\/espiritu-de-inmaculada-amar-en-plenitud\\\/#primaryimage\",\"url\":\"https:\\\/\\\/schoenstatt.com\\\/wp-content\\\/uploads\\\/2025\\\/12\\\/imaculada-3.webp\",\"contentUrl\":\"https:\\\/\\\/schoenstatt.com\\\/wp-content\\\/uploads\\\/2025\\\/12\\\/imaculada-3.webp\",\"width\":2048,\"height\":1536},{\"@type\":\"BreadcrumbList\",\"@id\":\"https:\\\/\\\/schoenstatt.com\\\/es\\\/espiritu-de-inmaculada-amar-en-plenitud\\\/#breadcrumb\",\"itemListElement\":[{\"@type\":\"ListItem\",\"position\":1,\"name\":\"Portada\",\"item\":\"https:\\\/\\\/schoenstatt.com\\\/es\\\/home\\\/\"},{\"@type\":\"ListItem\",\"position\":2,\"name\":\"\u201cEsp\u00edritu de Inmaculada\u201d \u2013 Amar en plenitud\"}]},{\"@type\":\"WebSite\",\"@id\":\"https:\\\/\\\/schoenstatt.com\\\/es\\\/#website\",\"url\":\"https:\\\/\\\/schoenstatt.com\\\/es\\\/\",\"name\":\"Schoenstatt\",\"description\":\"Apostolic Movement\",\"publisher\":{\"@id\":\"https:\\\/\\\/schoenstatt.com\\\/es\\\/#organization\"},\"potentialAction\":[{\"@type\":\"SearchAction\",\"target\":{\"@type\":\"EntryPoint\",\"urlTemplate\":\"https:\\\/\\\/schoenstatt.com\\\/es\\\/?s={search_term_string}\"},\"query-input\":{\"@type\":\"PropertyValueSpecification\",\"valueRequired\":true,\"valueName\":\"search_term_string\"}}],\"inLanguage\":\"es\"},{\"@type\":\"Organization\",\"@id\":\"https:\\\/\\\/schoenstatt.com\\\/es\\\/#organization\",\"name\":\"Schoenstatt\",\"url\":\"https:\\\/\\\/schoenstatt.com\\\/es\\\/\",\"logo\":{\"@type\":\"ImageObject\",\"inLanguage\":\"es\",\"@id\":\"https:\\\/\\\/schoenstatt.com\\\/es\\\/#\\\/schema\\\/logo\\\/image\\\/\",\"url\":\"https:\\\/\\\/schoenstatt.com\\\/wp-content\\\/uploads\\\/2025\\\/04\\\/logo-schoenstatt-white-696x696-1.png\",\"contentUrl\":\"https:\\\/\\\/schoenstatt.com\\\/wp-content\\\/uploads\\\/2025\\\/04\\\/logo-schoenstatt-white-696x696-1.png\",\"width\":696,\"height\":694,\"caption\":\"Schoenstatt\"},\"image\":{\"@id\":\"https:\\\/\\\/schoenstatt.com\\\/es\\\/#\\\/schema\\\/logo\\\/image\\\/\"}},{\"@type\":\"Person\",\"@id\":\"https:\\\/\\\/schoenstatt.com\\\/es\\\/#\\\/schema\\\/person\\\/5158877ad4acae98b34daaeef2a1ce6e\",\"name\":\"Karen Bueno\",\"image\":{\"@type\":\"ImageObject\",\"inLanguage\":\"es\",\"@id\":\"https:\\\/\\\/secure.gravatar.com\\\/avatar\\\/f9f4b823873154269d2b2130f195f6d41037dd0d7fc5f3cacb5c846bae70d66b?s=96&d=mm&r=g\",\"url\":\"https:\\\/\\\/secure.gravatar.com\\\/avatar\\\/f9f4b823873154269d2b2130f195f6d41037dd0d7fc5f3cacb5c846bae70d66b?s=96&d=mm&r=g\",\"contentUrl\":\"https:\\\/\\\/secure.gravatar.com\\\/avatar\\\/f9f4b823873154269d2b2130f195f6d41037dd0d7fc5f3cacb5c846bae70d66b?s=96&d=mm&r=g\",\"caption\":\"Karen Bueno\"},\"url\":\"https:\\\/\\\/schoenstatt.com\\\/es\\\/author\\\/karen-bueno\\\/\"}]}<\/script>\n<!-- \/ Yoast SEO Premium plugin. -->","yoast_head_json":{"title":"\u201cEsp\u00edritu de Inmaculada\u201d \u2013 Amar en plenitud - Schoenstatt","description":"\u00bfQui\u00e9n conoce hoy en d\u00eda el profundo significado de la solemnidad de la Inmaculada Concepci\u00f3n de Mar\u00eda? Hay una llave importante en ella.","robots":{"index":"index","follow":"follow","max-snippet":"max-snippet:-1","max-image-preview":"max-image-preview:large","max-video-preview":"max-video-preview:-1"},"canonical":"https:\/\/schoenstatt.com\/es\/espiritu-de-inmaculada-amar-en-plenitud\/","og_locale":"es_ES","og_type":"article","og_title":"\u201cEsp\u00edritu de Inmaculada\u201d \u2013 Amar en plenitud","og_description":"\u00bfQui\u00e9n conoce hoy en d\u00eda el profundo significado de la solemnidad de la Inmaculada Concepci\u00f3n de Mar\u00eda? Hay una llave importante en ella.","og_url":"https:\/\/schoenstatt.com\/es\/espiritu-de-inmaculada-amar-en-plenitud\/","og_site_name":"Schoenstatt","article_published_time":"2025-12-08T12:41:22+00:00","article_modified_time":"2025-12-08T12:48:11+00:00","og_image":[{"width":2048,"height":1536,"url":"https:\/\/schoenstatt.com\/wp-content\/uploads\/2025\/12\/imaculada-3.webp","type":"image\/jpeg"}],"author":"Karen Bueno","twitter_card":"summary_large_image","twitter_misc":{"Escrito por":"Karen Bueno","Tiempo de lectura":"5 minutos"},"schema":{"@context":"https:\/\/schema.org","@graph":[{"@type":"Article","@id":"https:\/\/schoenstatt.com\/es\/espiritu-de-inmaculada-amar-en-plenitud\/#article","isPartOf":{"@id":"https:\/\/schoenstatt.com\/es\/espiritu-de-inmaculada-amar-en-plenitud\/"},"author":{"name":"Karen Bueno","@id":"https:\/\/schoenstatt.com\/es\/#\/schema\/person\/5158877ad4acae98b34daaeef2a1ce6e"},"headline":"\u201cEsp\u00edritu de Inmaculada\u201d \u2013 Amar en plenitud","datePublished":"2025-12-08T12:41:22+00:00","dateModified":"2025-12-08T12:48:11+00:00","mainEntityOfPage":{"@id":"https:\/\/schoenstatt.com\/es\/espiritu-de-inmaculada-amar-en-plenitud\/"},"wordCount":835,"publisher":{"@id":"https:\/\/schoenstatt.com\/es\/#organization"},"image":{"@id":"https:\/\/schoenstatt.com\/es\/espiritu-de-inmaculada-amar-en-plenitud\/#primaryimage"},"thumbnailUrl":"https:\/\/schoenstatt.com\/wp-content\/uploads\/2025\/12\/imaculada-3.webp","articleSection":["Espiritualidad"],"inLanguage":"es"},{"@type":"WebPage","@id":"https:\/\/schoenstatt.com\/es\/espiritu-de-inmaculada-amar-en-plenitud\/","url":"https:\/\/schoenstatt.com\/es\/espiritu-de-inmaculada-amar-en-plenitud\/","name":"\u201cEsp\u00edritu de Inmaculada\u201d \u2013 Amar en plenitud - Schoenstatt","isPartOf":{"@id":"https:\/\/schoenstatt.com\/es\/#website"},"primaryImageOfPage":{"@id":"https:\/\/schoenstatt.com\/es\/espiritu-de-inmaculada-amar-en-plenitud\/#primaryimage"},"image":{"@id":"https:\/\/schoenstatt.com\/es\/espiritu-de-inmaculada-amar-en-plenitud\/#primaryimage"},"thumbnailUrl":"https:\/\/schoenstatt.com\/wp-content\/uploads\/2025\/12\/imaculada-3.webp","datePublished":"2025-12-08T12:41:22+00:00","dateModified":"2025-12-08T12:48:11+00:00","description":"\u00bfQui\u00e9n conoce hoy en d\u00eda el profundo significado de la solemnidad de la Inmaculada Concepci\u00f3n de Mar\u00eda? Hay una llave importante en ella.","breadcrumb":{"@id":"https:\/\/schoenstatt.com\/es\/espiritu-de-inmaculada-amar-en-plenitud\/#breadcrumb"},"inLanguage":"es","potentialAction":[{"@type":"ReadAction","target":["https:\/\/schoenstatt.com\/es\/espiritu-de-inmaculada-amar-en-plenitud\/"]}]},{"@type":"ImageObject","inLanguage":"es","@id":"https:\/\/schoenstatt.com\/es\/espiritu-de-inmaculada-amar-en-plenitud\/#primaryimage","url":"https:\/\/schoenstatt.com\/wp-content\/uploads\/2025\/12\/imaculada-3.webp","contentUrl":"https:\/\/schoenstatt.com\/wp-content\/uploads\/2025\/12\/imaculada-3.webp","width":2048,"height":1536},{"@type":"BreadcrumbList","@id":"https:\/\/schoenstatt.com\/es\/espiritu-de-inmaculada-amar-en-plenitud\/#breadcrumb","itemListElement":[{"@type":"ListItem","position":1,"name":"Portada","item":"https:\/\/schoenstatt.com\/es\/home\/"},{"@type":"ListItem","position":2,"name":"\u201cEsp\u00edritu de Inmaculada\u201d \u2013 Amar en plenitud"}]},{"@type":"WebSite","@id":"https:\/\/schoenstatt.com\/es\/#website","url":"https:\/\/schoenstatt.com\/es\/","name":"Schoenstatt","description":"Apostolic Movement","publisher":{"@id":"https:\/\/schoenstatt.com\/es\/#organization"},"potentialAction":[{"@type":"SearchAction","target":{"@type":"EntryPoint","urlTemplate":"https:\/\/schoenstatt.com\/es\/?s={search_term_string}"},"query-input":{"@type":"PropertyValueSpecification","valueRequired":true,"valueName":"search_term_string"}}],"inLanguage":"es"},{"@type":"Organization","@id":"https:\/\/schoenstatt.com\/es\/#organization","name":"Schoenstatt","url":"https:\/\/schoenstatt.com\/es\/","logo":{"@type":"ImageObject","inLanguage":"es","@id":"https:\/\/schoenstatt.com\/es\/#\/schema\/logo\/image\/","url":"https:\/\/schoenstatt.com\/wp-content\/uploads\/2025\/04\/logo-schoenstatt-white-696x696-1.png","contentUrl":"https:\/\/schoenstatt.com\/wp-content\/uploads\/2025\/04\/logo-schoenstatt-white-696x696-1.png","width":696,"height":694,"caption":"Schoenstatt"},"image":{"@id":"https:\/\/schoenstatt.com\/es\/#\/schema\/logo\/image\/"}},{"@type":"Person","@id":"https:\/\/schoenstatt.com\/es\/#\/schema\/person\/5158877ad4acae98b34daaeef2a1ce6e","name":"Karen Bueno","image":{"@type":"ImageObject","inLanguage":"es","@id":"https:\/\/secure.gravatar.com\/avatar\/f9f4b823873154269d2b2130f195f6d41037dd0d7fc5f3cacb5c846bae70d66b?s=96&d=mm&r=g","url":"https:\/\/secure.gravatar.com\/avatar\/f9f4b823873154269d2b2130f195f6d41037dd0d7fc5f3cacb5c846bae70d66b?s=96&d=mm&r=g","contentUrl":"https:\/\/secure.gravatar.com\/avatar\/f9f4b823873154269d2b2130f195f6d41037dd0d7fc5f3cacb5c846bae70d66b?s=96&d=mm&r=g","caption":"Karen Bueno"},"url":"https:\/\/schoenstatt.com\/es\/author\/karen-bueno\/"}]}},"_links":{"self":[{"href":"https:\/\/schoenstatt.com\/es\/wp-json\/wp\/v2\/posts\/67051","targetHints":{"allow":["GET"]}}],"collection":[{"href":"https:\/\/schoenstatt.com\/es\/wp-json\/wp\/v2\/posts"}],"about":[{"href":"https:\/\/schoenstatt.com\/es\/wp-json\/wp\/v2\/types\/post"}],"author":[{"embeddable":true,"href":"https:\/\/schoenstatt.com\/es\/wp-json\/wp\/v2\/users\/3"}],"replies":[{"embeddable":true,"href":"https:\/\/schoenstatt.com\/es\/wp-json\/wp\/v2\/comments?post=67051"}],"version-history":[{"count":2,"href":"https:\/\/schoenstatt.com\/es\/wp-json\/wp\/v2\/posts\/67051\/revisions"}],"predecessor-version":[{"id":67053,"href":"https:\/\/schoenstatt.com\/es\/wp-json\/wp\/v2\/posts\/67051\/revisions\/67053"}],"wp:featuredmedia":[{"embeddable":true,"href":"https:\/\/schoenstatt.com\/es\/wp-json\/wp\/v2\/media\/67044"}],"wp:attachment":[{"href":"https:\/\/schoenstatt.com\/es\/wp-json\/wp\/v2\/media?parent=67051"}],"wp:term":[{"taxonomy":"category","embeddable":true,"href":"https:\/\/schoenstatt.com\/es\/wp-json\/wp\/v2\/categories?post=67051"},{"taxonomy":"post_tag","embeddable":true,"href":"https:\/\/schoenstatt.com\/es\/wp-json\/wp\/v2\/tags?post=67051"}],"curies":[{"name":"wp","href":"https:\/\/api.w.org\/{rel}","templated":true}]}}